{"id":155892,"date":"2023-01-05T07:41:49","date_gmt":"2023-01-05T14:41:49","guid":{"rendered":"https:\/\/www.sonoraenequipo.com.mx\/?p=155892"},"modified":"2023-01-05T13:26:06","modified_gmt":"2023-01-05T20:26:06","slug":"estima-inegi-aumento-del-imoam-de-3-3-en-noviembrede2022","status":"publish","type":"post","link":"https:\/\/www.sonoraenequipo.com.mx\/estima-inegi-aumento-del-imoam-de-3-3-en-noviembrede2022\/","title":{"rendered":"Estima Inegi aumento del IMOAM de 3.3% en noviembre de 2022"},"content":{"rendered":"<p>Estima Inegi aumento del IMOAM de 3.3% en noviembrede2022<\/p>\n<p>Para noviembre de 2022 y con cifras originales, el valor del Indicador Mensual Oportuno de la Actividad Manufacturera (IMOAM) es de 118.0 puntos.<\/p>\n<p>&nbsp;<\/p>\n<p>Para noviembre de 2022, se estima una variaci\u00f3n anual del sector manufacturero de 3.3 por ciento.<\/p>\n<p>&nbsp;<\/p>\n<p>Para noviembre de 2022 y con series sin ajuste estacional, el Indicador Mensual Oportuno de la Actividad Manufacturera (IMOAM) tiene un valor de 118.0 puntos como estimaci\u00f3n anticipada del Indicador Mensual de la Actividad Industrial (IMAI) del sector manufacturero. Este nivel corresponde a una variaci\u00f3n estimada anual de 3.3 por ciento. En la siguiente tabla se presentan los intervalos de confianza de ambas estimaciones.<\/p>\n<p><strong><em><u>Fecha de publicaci\u00f3n\u00a0\u00a0 jueves\u00a0 5 de enero de 2023 con informaci\u00f3n de Inegi(Instituto Nacional de Estad\u00edstica Geograf\u00eda e Inform\u00e1tica)<\/u><\/em><\/strong><\/p>\n","protected":false},"excerpt":{"rendered":"<p>Estima Inegi aumento del IMOAM de 3.3% en noviembrede2022 Para noviembre de 2022 y con&#8230;<\/p>\n","protected":false},"author":1,"featured_media":39171,"comment_status":"open","ping_status":"open","sticky":false,"template":"","format":"standard","meta":{"_monsterinsights_skip_tracking":false,"_monsterinsights_sitenote_active":false,"_monsterinsights_sitenote_note":"","_monsterinsights_sitenote_category":0,"footnotes":""},"categories":[6493],"tags":[8032],"class_list":["post"],"yoast_head":" \n<title>Sonora en Equipo. Estima Inegi aumento del IMOAM de 3.3% en noviembre de 2022 PALABRAS Y N\u00daMEROS<\/title>\n<meta name=\"description\" content=\"Estima Inegi aumento del IMOAM de 3.3% en noviembrede2022 Para noviembre de 2022 y con cifras originales, el valor del Indicador Mensual Oportuno de la En Sonora en Equipo publicamos toda la informaci\u00f3n de Sonora, M\u00e9xico y el Mundo de manera oportuna y busca que la libertad de expresi\u00f3n sea real. Visita nuestro medio informativo publicado desde Hermosillo, Sonora. %\" \/>\n<meta name=\"robots\" content=\"index, follow, max-snippet:-1, max-image-preview:large, max-video-preview:-1\" \/>\n<link rel=\"canonical\" href=\"https:\/\/www.sonoraenequipo.com.mx\/estima-inegi-aumento-del-imoam-de-3-3-en-noviembrede2022\/\" \/>\n<meta property=\"og:locale\" content=\"es_ES\" \/>\n<meta property=\"og:type\" content=\"article\" \/>\n<meta property=\"og:title\" content=\"Sonora en Equipo. Estima Inegi aumento del IMOAM de 3.3% en noviembre de 2022 PALABRAS Y N\u00daMEROS\" \/>\n<meta property=\"og:description\" content=\"Estima Inegi aumento del IMOAM de 3.3% en noviembrede2022 Para noviembre de 2022 y con cifras originales, el valor del Indicador Mensual Oportuno de la En Sonora en Equipo publicamos toda la informaci\u00f3n de Sonora, M\u00e9xico y el Mundo de manera oportuna y busca que la libertad de expresi\u00f3n sea real. Visita nuestro medio informativo publicado desde Hermosillo, Sonora. %\" \/>\n<meta property=\"og:url\" content=\"https:\/\/www.sonoraenequipo.com.mx\/estima-inegi-aumento-del-imoam-de-3-3-en-noviembrede2022\/\" \/>\n<meta property=\"og:site_name\" content=\"Sonora en Equipo.\" \/>\n<meta property=\"article:publisher\" content=\"https:\/\/www.facebook.com\/SonoraEE\/\" \/>\n<meta property=\"article:author\" content=\"https:\/\/www.facebook.com\/SonoraEE\" \/>\n<meta property=\"article:published_time\" content=\"2023-01-05T14:41:49+00:00\" \/>\n<meta property=\"article:modified_time\" content=\"2023-01-05T20:26:06+00:00\" \/>\n<meta property=\"og:image\" content=\"https:\/\/www.sonoraenequipo.com.mx\/storage\/2018\/06\/0n-maquiladoras_opt.jpg\" \/>\n\t<meta property=\"og:image:width\" content=\"752\" \/>\n\t<meta property=\"og:image:height\" content=\"451\" \/>\n\t<meta property=\"og:image:type\" content=\"image\/jpeg\" \/>\n<meta name=\"author\" content=\"enequipo\" \/>\n<meta name=\"twitter:card\" content=\"summary_large_image\" \/>\n<meta name=\"twitter:creator\" content=\"@sonoraenequipo\" \/>\n<meta name=\"twitter:site\" content=\"@sonoraenequipo\" \/>\n<meta name=\"twitter:label1\" content=\"Escrito por\" \/>\n\t<meta name=\"twitter:data1\" content=\"enequipo\" \/>\n\t<meta name=\"twitter:label2\" content=\"Tiempo de lectura\" \/>\n\t<meta name=\"twitter:data2\" content=\"1 minuto\" \/>\n<script type=\"application\/ld+json\" class=\"yoast-schema-graph\">{\"@context\":\"https:\/\/schema.org\",\"@graph\":[{\"@type\":\"Article\",\"@id\":\"https:\/\/www.sonoraenequipo.com.mx\/estima-inegi-aumento-del-imoam-de-3-3-en-noviembrede2022\/#article\",\"isPartOf\":{\"@id\":\"https:\/\/www.sonoraenequipo.com.mx\/estima-inegi-aumento-del-imoam-de-3-3-en-noviembrede2022\/\"},\"author\":{\"name\":\"enequipo\",\"@id\":\"https:\/\/www.sonoraenequipo.com.mx\/#\/schema\/person\/50102df0fb23a8fa9e8effad8fa81386\"},\"headline\":\"Estima Inegi aumento del IMOAM de 3.3% en noviembre de 2022\",\"datePublished\":\"2023-01-05T14:41:49+00:00\",\"dateModified\":\"2023-01-05T20:26:06+00:00\",\"mainEntityOfPage\":{\"@id\":\"https:\/\/www.sonoraenequipo.com.mx\/estima-inegi-aumento-del-imoam-de-3-3-en-noviembrede2022\/\"},\"wordCount\":141,\"commentCount\":0,\"publisher\":{\"@id\":\"https:\/\/www.sonoraenequipo.com.mx\/#organization\"},\"image\":{\"@id\":\"https:\/\/www.sonoraenequipo.com.mx\/estima-inegi-aumento-del-imoam-de-3-3-en-noviembrede2022\/#primaryimage\"},\"thumbnailUrl\":\"https:\/\/www.sonoraenequipo.com.mx\/storage\/2018\/06\/0n-maquiladoras_opt.jpg\",\"keywords\":[\"actividad manufacturera\"],\"articleSection\":[\"PALABRAS Y N\u00daMEROS\"],\"inLanguage\":\"es\",\"potentialAction\":[{\"@type\":\"CommentAction\",\"name\":\"Comment\",\"target\":[\"https:\/\/www.sonoraenequipo.com.mx\/estima-inegi-aumento-del-imoam-de-3-3-en-noviembrede2022\/#respond\"]}]},{\"@type\":\"WebPage\",\"@id\":\"https:\/\/www.sonoraenequipo.com.mx\/estima-inegi-aumento-del-imoam-de-3-3-en-noviembrede2022\/\",\"url\":\"https:\/\/www.sonoraenequipo.com.mx\/estima-inegi-aumento-del-imoam-de-3-3-en-noviembrede2022\/\",\"name\":\"Sonora en Equipo. Estima Inegi aumento del IMOAM de 3.3% en noviembre de 2022 PALABRAS Y N\u00daMEROS\",\"isPartOf\":{\"@id\":\"https:\/\/www.sonoraenequipo.com.mx\/#website\"},\"primaryImageOfPage\":{\"@id\":\"https:\/\/www.sonoraenequipo.com.mx\/estima-inegi-aumento-del-imoam-de-3-3-en-noviembrede2022\/#primaryimage\"},\"image\":{\"@id\":\"https:\/\/www.sonoraenequipo.com.mx\/estima-inegi-aumento-del-imoam-de-3-3-en-noviembrede2022\/#primaryimage\"},\"thumbnailUrl\":\"https:\/\/www.sonoraenequipo.com.mx\/storage\/2018\/06\/0n-maquiladoras_opt.jpg\",\"datePublished\":\"2023-01-05T14:41:49+00:00\",\"dateModified\":\"2023-01-05T20:26:06+00:00\",\"description\":\"Estima Inegi aumento del IMOAM de 3.3% en noviembrede2022 Para noviembre de 2022 y con cifras originales, el valor del Indicador Mensual Oportuno de la En Sonora en Equipo publicamos toda la informaci\u00f3n de Sonora, M\u00e9xico y el Mundo de manera oportuna y busca que la libertad de expresi\u00f3n sea real. Visita nuestro medio informativo publicado desde Hermosillo, Sonora. %\",\"breadcrumb\":{\"@id\":\"https:\/\/www.sonoraenequipo.com.mx\/estima-inegi-aumento-del-imoam-de-3-3-en-noviembrede2022\/#breadcrumb\"},\"inLanguage\":\"es\",\"potentialAction\":[{\"@type\":\"ReadAction\",\"target\":[\"https:\/\/www.sonoraenequipo.com.mx\/estima-inegi-aumento-del-imoam-de-3-3-en-noviembrede2022\/\"]}]},{\"@type\":\"ImageObject\",\"inLanguage\":\"es\",\"@id\":\"https:\/\/www.sonoraenequipo.com.mx\/estima-inegi-aumento-del-imoam-de-3-3-en-noviembrede2022\/#primaryimage\",\"url\":\"https:\/\/www.sonoraenequipo.com.mx\/storage\/2018\/06\/0n-maquiladoras_opt.jpg\",\"contentUrl\":\"https:\/\/www.sonoraenequipo.com.mx\/storage\/2018\/06\/0n-maquiladoras_opt.jpg\",\"width\":752,\"height\":451,\"caption\":\"imagen ilustrativa\"},{\"@type\":\"BreadcrumbList\",\"@id\":\"https:\/\/www.sonoraenequipo.com.mx\/estima-inegi-aumento-del-imoam-de-3-3-en-noviembrede2022\/#breadcrumb\",\"itemListElement\":[{\"@type\":\"ListItem\",\"position\":1,\"name\":\"Portada\",\"item\":\"https:\/\/www.sonoraenequipo.com.mx\/\"},{\"@type\":\"ListItem\",\"position\":2,\"name\":\"Estima Inegi aumento del IMOAM de 3.3% en noviembre de 2022\"}]},{\"@type\":\"WebSite\",\"@id\":\"https:\/\/www.sonoraenequipo.com.mx\/#website\",\"url\":\"https:\/\/www.sonoraenequipo.com.mx\/\",\"name\":\"Sonora en Equipo.\",\"description\":\"Diario en l\u00ednea con Noticias desde Hermosillo, Sonora\",\"publisher\":{\"@id\":\"https:\/\/www.sonoraenequipo.com.mx\/#organization\"},\"potentialAction\":[{\"@type\":\"SearchAction\",\"target\":{\"@type\":\"EntryPoint\",\"urlTemplate\":\"https:\/\/www.sonoraenequipo.com.mx\/?s={search_term_string}\"},\"query-input\":{\"@type\":\"PropertyValueSpecification\",\"valueRequired\":true,\"valueName\":\"search_term_string\"}}],\"inLanguage\":\"es\"},{\"@type\":\"Organization\",\"@id\":\"https:\/\/www.sonoraenequipo.com.mx\/#organization\",\"name\":\"Sonoraenequipo.com.mx\",\"url\":\"https:\/\/www.sonoraenequipo.com.mx\/\",\"logo\":{\"@type\":\"ImageObject\",\"inLanguage\":\"es\",\"@id\":\"https:\/\/www.sonoraenequipo.com.mx\/#\/schema\/logo\/image\/\",\"url\":\"https:\/\/www.sonoraenequipo.com.mx\/storage\/2019\/01\/sonoraenequipo_opt.png\",\"contentUrl\":\"https:\/\/www.sonoraenequipo.com.mx\/storage\/2019\/01\/sonoraenequipo_opt.png\",\"width\":375,\"height\":125,\"caption\":\"Sonoraenequipo.com.mx\"},\"image\":{\"@id\":\"https:\/\/www.sonoraenequipo.com.mx\/#\/schema\/logo\/image\/\"},\"sameAs\":[\"https:\/\/www.facebook.com\/SonoraEE\/\",\"https:\/\/x.com\/sonoraenequipo\",\"https:\/\/www.youtube.com\/channel\/UC338nW-lPEYmJQs4ZABQ1SQ\"]},{\"@type\":\"Person\",\"@id\":\"https:\/\/www.sonoraenequipo.com.mx\/#\/schema\/person\/50102df0fb23a8fa9e8effad8fa81386\",\"name\":\"enequipo\",\"image\":{\"@type\":\"ImageObject\",\"inLanguage\":\"es\",\"@id\":\"https:\/\/www.sonoraenequipo.com.mx\/#\/schema\/person\/image\/\",\"url\":\"https:\/\/secure.gravatar.com\/avatar\/049821681b589dabc0bc20695993ccebb09f5b5d4d790cd9251b97faac7c652b?s=96&d=blank&r=g\",\"contentUrl\":\"https:\/\/secure.gravatar.com\/avatar\/049821681b589dabc0bc20695993ccebb09f5b5d4d790cd9251b97faac7c652b?s=96&d=blank&r=g\",\"caption\":\"enequipo\"},\"sameAs\":[\"https:\/\/www.facebook.com\/SonoraEE\"]}]}<\/script>\n ","yoast_head_json":{"title":"Sonora en Equipo. Estima Inegi aumento del IMOAM de 3.3% en noviembre de 2022 PALABRAS Y N\u00daMEROS","description":"Estima Inegi aumento del IMOAM de 3.3% en noviembrede2022 Para noviembre de 2022 y con cifras originales, el valor del Indicador Mensual Oportuno de la En Sonora en Equipo publicamos toda la informaci\u00f3n de Sonora, M\u00e9xico y el Mundo de manera oportuna y busca que la libertad de expresi\u00f3n sea real. Visita nuestro medio informativo publicado desde Hermosillo, Sonora. %","robots":{"index":"index","follow":"follow","max-snippet":"max-snippet:-1","max-image-preview":"max-image-preview:large","max-video-preview":"max-video-preview:-1"},"canonical":"https:\/\/www.sonoraenequipo.com.mx\/estima-inegi-aumento-del-imoam-de-3-3-en-noviembrede2022\/","og_locale":"es_ES","og_type":"article","og_title":"Sonora en Equipo. Estima Inegi aumento del IMOAM de 3.3% en noviembre de 2022 PALABRAS Y N\u00daMEROS","og_description":"Estima Inegi aumento del IMOAM de 3.3% en noviembrede2022 Para noviembre de 2022 y con cifras originales, el valor del Indicador Mensual Oportuno de la En Sonora en Equipo publicamos toda la informaci\u00f3n de Sonora, M\u00e9xico y el Mundo de manera oportuna y busca que la libertad de expresi\u00f3n sea real. Visita nuestro medio informativo publicado desde Hermosillo, Sonora. %","og_url":"https:\/\/www.sonoraenequipo.com.mx\/estima-inegi-aumento-del-imoam-de-3-3-en-noviembrede2022\/","og_site_name":"Sonora en Equipo.","article_publisher":"https:\/\/www.facebook.com\/SonoraEE\/","article_author":"https:\/\/www.facebook.com\/SonoraEE","article_published_time":"2023-01-05T14:41:49+00:00","article_modified_time":"2023-01-05T20:26:06+00:00","og_image":[{"width":752,"height":451,"url":"https:\/\/www.sonoraenequipo.com.mx\/storage\/2018\/06\/0n-maquiladoras_opt.jpg","type":"image\/jpeg"}],"author":"enequipo","twitter_card":"summary_large_image","twitter_creator":"@sonoraenequipo","twitter_site":"@sonoraenequipo","twitter_misc":{"Escrito por":"enequipo","Tiempo de lectura":"1 minuto"},"schema":{"@context":"https:\/\/schema.org","@graph":[{"@type":"Article","@id":"https:\/\/www.sonoraenequipo.com.mx\/estima-inegi-aumento-del-imoam-de-3-3-en-noviembrede2022\/#article","isPartOf":{"@id":"https:\/\/www.sonoraenequipo.com.mx\/estima-inegi-aumento-del-imoam-de-3-3-en-noviembrede2022\/"},"author":{"name":"enequipo","@id":"https:\/\/www.sonoraenequipo.com.mx\/#\/schema\/person\/50102df0fb23a8fa9e8effad8fa81386"},"headline":"Estima Inegi aumento del IMOAM de 3.3% en noviembre de 2022","datePublished":"2023-01-05T14:41:49+00:00","dateModified":"2023-01-05T20:26:06+00:00","mainEntityOfPage":{"@id":"https:\/\/www.sonoraenequipo.com.mx\/estima-inegi-aumento-del-imoam-de-3-3-en-noviembrede2022\/"},"wordCount":141,"commentCount":0,"publisher":{"@id":"https:\/\/www.sonoraenequipo.com.mx\/#organization"},"image":{"@id":"https:\/\/www.sonoraenequipo.com.mx\/estima-inegi-aumento-del-imoam-de-3-3-en-noviembrede2022\/#primaryimage"},"thumbnailUrl":"https:\/\/www.sonoraenequipo.com.mx\/storage\/2018\/06\/0n-maquiladoras_opt.jpg","keywords":["actividad manufacturera"],"articleSection":["PALABRAS Y N\u00daMEROS"],"inLanguage":"es","potentialAction":[{"@type":"CommentAction","name":"Comment","target":["https:\/\/www.sonoraenequipo.com.mx\/estima-inegi-aumento-del-imoam-de-3-3-en-noviembrede2022\/#respond"]}]},{"@type":"WebPage","@id":"https:\/\/www.sonoraenequipo.com.mx\/estima-inegi-aumento-del-imoam-de-3-3-en-noviembrede2022\/","url":"https:\/\/www.sonoraenequipo.com.mx\/estima-inegi-aumento-del-imoam-de-3-3-en-noviembrede2022\/","name":"Sonora en Equipo. Estima Inegi aumento del IMOAM de 3.3% en noviembre de 2022 PALABRAS Y N\u00daMEROS","isPartOf":{"@id":"https:\/\/www.sonoraenequipo.com.mx\/#website"},"primaryImageOfPage":{"@id":"https:\/\/www.sonoraenequipo.com.mx\/estima-inegi-aumento-del-imoam-de-3-3-en-noviembrede2022\/#primaryimage"},"image":{"@id":"https:\/\/www.sonoraenequipo.com.mx\/estima-inegi-aumento-del-imoam-de-3-3-en-noviembrede2022\/#primaryimage"},"thumbnailUrl":"https:\/\/www.sonoraenequipo.com.mx\/storage\/2018\/06\/0n-maquiladoras_opt.jpg","datePublished":"2023-01-05T14:41:49+00:00","dateModified":"2023-01-05T20:26:06+00:00","description":"Estima Inegi aumento del IMOAM de 3.3% en noviembrede2022 Para noviembre de 2022 y con cifras originales, el valor del Indicador Mensual Oportuno de la En Sonora en Equipo publicamos toda la informaci\u00f3n de Sonora, M\u00e9xico y el Mundo de manera oportuna y busca que la libertad de expresi\u00f3n sea real. Visita nuestro medio informativo publicado desde Hermosillo, Sonora. %","breadcrumb":{"@id":"https:\/\/www.sonoraenequipo.com.mx\/estima-inegi-aumento-del-imoam-de-3-3-en-noviembrede2022\/#breadcrumb"},"inLanguage":"es","potentialAction":[{"@type":"ReadAction","target":["https:\/\/www.sonoraenequipo.com.mx\/estima-inegi-aumento-del-imoam-de-3-3-en-noviembrede2022\/"]}]},{"@type":"ImageObject","inLanguage":"es","@id":"https:\/\/www.sonoraenequipo.com.mx\/estima-inegi-aumento-del-imoam-de-3-3-en-noviembrede2022\/#primaryimage","url":"https:\/\/www.sonoraenequipo.com.mx\/storage\/2018\/06\/0n-maquiladoras_opt.jpg","contentUrl":"https:\/\/www.sonoraenequipo.com.mx\/storage\/2018\/06\/0n-maquiladoras_opt.jpg","width":752,"height":451,"caption":"imagen ilustrativa"},{"@type":"BreadcrumbList","@id":"https:\/\/www.sonoraenequipo.com.mx\/estima-inegi-aumento-del-imoam-de-3-3-en-noviembrede2022\/#breadcrumb","itemListElement":[{"@type":"ListItem","position":1,"name":"Portada","item":"https:\/\/www.sonoraenequipo.com.mx\/"},{"@type":"ListItem","position":2,"name":"Estima Inegi aumento del IMOAM de 3.3% en noviembre de 2022"}]},{"@type":"WebSite","@id":"https:\/\/www.sonoraenequipo.com.mx\/#website","url":"https:\/\/www.sonoraenequipo.com.mx\/","name":"Sonora en Equipo.","description":"Diario en l\u00ednea con Noticias desde Hermosillo, Sonora","publisher":{"@id":"https:\/\/www.sonoraenequipo.com.mx\/#organization"},"potentialAction":[{"@type":"SearchAction","target":{"@type":"EntryPoint","urlTemplate":"https:\/\/www.sonoraenequipo.com.mx\/?s={search_term_string}"},"query-input":{"@type":"PropertyValueSpecification","valueRequired":true,"valueName":"search_term_string"}}],"inLanguage":"es"},{"@type":"Organization","@id":"https:\/\/www.sonoraenequipo.com.mx\/#organization","name":"Sonoraenequipo.com.mx","url":"https:\/\/www.sonoraenequipo.com.mx\/","logo":{"@type":"ImageObject","inLanguage":"es","@id":"https:\/\/www.sonoraenequipo.com.mx\/#\/schema\/logo\/image\/","url":"https:\/\/www.sonoraenequipo.com.mx\/storage\/2019\/01\/sonoraenequipo_opt.png","contentUrl":"https:\/\/www.sonoraenequipo.com.mx\/storage\/2019\/01\/sonoraenequipo_opt.png","width":375,"height":125,"caption":"Sonoraenequipo.com.mx"},"image":{"@id":"https:\/\/www.sonoraenequipo.com.mx\/#\/schema\/logo\/image\/"},"sameAs":["https:\/\/www.facebook.com\/SonoraEE\/","https:\/\/x.com\/sonoraenequipo","https:\/\/www.youtube.com\/channel\/UC338nW-lPEYmJQs4ZABQ1SQ"]},{"@type":"Person","@id":"https:\/\/www.sonoraenequipo.com.mx\/#\/schema\/person\/50102df0fb23a8fa9e8effad8fa81386","name":"enequipo","image":{"@type":"ImageObject","inLanguage":"es","@id":"https:\/\/www.sonoraenequipo.com.mx\/#\/schema\/person\/image\/","url":"https:\/\/secure.gravatar.com\/avatar\/049821681b589dabc0bc20695993ccebb09f5b5d4d790cd9251b97faac7c652b?s=96&d=blank&r=g","contentUrl":"https:\/\/secure.gravatar.com\/avatar\/049821681b589dabc0bc20695993ccebb09f5b5d4d790cd9251b97faac7c652b?s=96&d=blank&r=g","caption":"enequipo"},"sameAs":["https:\/\/www.facebook.com\/SonoraEE"]}]}},"jetpack_featured_media_url":"https:\/\/www.sonoraenequipo.com.mx\/storage\/2018\/06\/0n-maquiladoras_opt.jpg","_links":{"self":[{"href":"https:\/\/www.sonoraenequipo.com.mx\/api\/wp\/v2\/posts\/155892","targetHints":{"allow":["GET"]}}],"collection":[{"href":"https:\/\/www.sonoraenequipo.com.mx\/api\/wp\/v2\/posts"}],"about":[{"href":"https:\/\/www.sonoraenequipo.com.mx\/api\/wp\/v2\/types\/post"}],"author":[{"embeddable":true,"href":"https:\/\/www.sonoraenequipo.com.mx\/api\/wp\/v2\/users\/1"}],"replies":[{"embeddable":true,"href":"https:\/\/www.sonoraenequipo.com.mx\/api\/wp\/v2\/comments?post=155892"}],"version-history":[{"count":2,"href":"https:\/\/www.sonoraenequipo.com.mx\/api\/wp\/v2\/posts\/155892\/revisions"}],"predecessor-version":[{"id":155908,"href":"https:\/\/www.sonoraenequipo.com.mx\/api\/wp\/v2\/posts\/155892\/revisions\/155908"}],"wp:featuredmedia":[{"embeddable":true,"href":"https:\/\/www.sonoraenequipo.com.mx\/api\/wp\/v2\/media\/39171"}],"wp:attachment":[{"href":"https:\/\/www.sonoraenequipo.com.mx\/api\/wp\/v2\/media?parent=155892"}],"wp:term":[{"taxonomy":"category","embeddable":true,"href":"https:\/\/www.sonoraenequipo.com.mx\/api\/wp\/v2\/categories?post=155892"},{"taxonomy":"post_tag","embeddable":true,"href":"https:\/\/www.sonoraenequipo.com.mx\/api\/wp\/v2\/tags?post=155892"}],"curies":[{"name":"wp","href":"https:\/\/api.w.org\/{rel}","templated":true}]}}