{"id":155898,"date":"2023-01-05T13:11:39","date_gmt":"2023-01-05T20:11:39","guid":{"rendered":"https:\/\/www.sonoraenequipo.com.mx\/?p=155898"},"modified":"2023-01-05T13:11:39","modified_gmt":"2023-01-05T20:11:39","slug":"como-se-conserva-el-cuerpo-de-benedicto-xvi-experto-explica-los-detalles","status":"publish","type":"post","link":"https:\/\/www.sonoraenequipo.com.mx\/como-se-conserva-el-cuerpo-de-benedicto-xvi-experto-explica-los-detalles\/","title":{"rendered":"\u00bfC\u00f3mo se conserva el cuerpo de Benedicto XVI? ; Experto explica los detalles"},"content":{"rendered":"<p>El mayor experto en tanatopraxia en Italia explic\u00f3 en qu\u00e9 consiste este proceso que permite la conservaci\u00f3n del cuerpo de Benedicto XVI, expuesto en la Bas\u00edlica de San Pedro para recibir el \u00faltimo adi\u00f3s de los fieles.<\/p>\n<p>&nbsp;<\/p>\n<p>El Papa Em\u00e9rito Benedicto XVI falleci\u00f3 el 31 de diciembre de 2022 por la ma\u00f1ana. El lunes 2 su cuerpo fue trasladado del monasterio Mater Ecclesiae, donde viv\u00eda, a la Bas\u00edlica de San Pedro.<\/p>\n<p>&nbsp;<\/p>\n<p>El Papa Francisco presidir\u00e1 el funeral este jueves 5 de enero en la Plaza de San Pedro, ocasi\u00f3n en la que los fieles podr\u00e1n despedirse de Benedicto XVI.<\/p>\n<p>&nbsp;<\/p>\n<p><strong>\u00bfQu\u00e9 es la tanatopraxia?<\/strong><\/p>\n<p>El cuerpo de Benedicto XVI, como el de otros Papas, ha sido sometido a este proceso que permite conservarlo entre 10 a 15 d\u00edas, evitando su descomposici\u00f3n.<\/p>\n<p>&nbsp;<\/p>\n<p>Andrea Fantozzi, el mayor experto en esta t\u00e9cnica en Italia y que tambi\u00e9n prepar\u00f3 el cuerpo de San Juan Pablo II en 2005, explic\u00f3 en qu\u00e9 consiste el procedimiento.<\/p>\n<p>\u201cEl nuestro es un tratamiento que permite tener un cuidado bastante higi\u00e9nico y no solo garantizar un aspecto m\u00e1s presentable del cuerpo\u201d, indic\u00f3 Fantozzi a la agencia italiana ANSA.<\/p>\n<p>&nbsp;<\/p>\n<p>El experto precis\u00f3 que con esta t\u00e9cnica ya no se inyecta formol en las arterias y venas, sino un producto relativamente novedoso llamado fluytan, que a diferencia del primero no \u201cpresenta caracter\u00edsticas t\u00f3xicas ni cancer\u00edgenas\u201d.<\/p>\n<p>&nbsp;<\/p>\n<p>Adem\u00e1s, y como \u201csuced\u00eda antes con el formol, tampoco es necesario retirar toda la sangre, como se hac\u00eda antes\u201d.<\/p>\n<p>Con nuestro nuevo sistema, totalmente inocuo, logramos conservar mejor el ADN. Por esto la tanatopraxia es ben\u00e9fica para la medicina legal y la polic\u00eda cient\u00edfica\u201d, precis\u00f3 Fantozzi.<\/p>\n<p>&nbsp;<\/p>\n<p>El experto explic\u00f3 que este procedimiento, aplicado a los cuerpos de los Papas fallecidos, \u201ca\u00fan no tiene reconocimiento jur\u00eddico\u201d en Italia y se usa \u201csolo en casos excepcionales. Nosotros trabajamos con extranjeros que fallecen en Italia y que esperan ser repatriados\u201d.<\/p>\n<p><strong><em><u>Fecha de publicaci\u00f3n\u00a0\u00a0 jueves\u00a0 5 de enero de 2023 con informaci\u00f3n de ACI Prensa<\/u><\/em><\/strong><\/p>\n","protected":false},"excerpt":{"rendered":"<p>El mayor experto en tanatopraxia en Italia explic\u00f3 en qu\u00e9 consiste este proceso que permite&#8230;<\/p>\n","protected":false},"author":1,"featured_media":0,"comment_status":"open","ping_status":"open","sticky":false,"template":"","format":"standard","meta":{"_monsterinsights_skip_tracking":false,"_monsterinsights_sitenote_active":false,"_monsterinsights_sitenote_note":"","_monsterinsights_sitenote_category":0,"footnotes":""},"categories":[2216],"tags":[4363,8036],"class_list":["post"],"yoast_head":" \n<title>Sonora en Equipo. \u00bfC\u00f3mo se conserva el cuerpo de Benedicto XVI? ; Experto explica los detalles Ciencia y Tecnolog\u00eda<\/title>\n<meta name=\"description\" content=\"El mayor experto en tanatopraxia en Italia explic\u00f3 en qu\u00e9 consiste este proceso que permite la conservaci\u00f3n del cuerpo de Benedicto XVI, expuesto en la En Sonora en Equipo publicamos toda la informaci\u00f3n de Sonora, M\u00e9xico y el Mundo de manera oportuna y busca que la libertad de expresi\u00f3n sea real. Visita nuestro medio informativo publicado desde Hermosillo, Sonora. %\" \/>\n<meta name=\"robots\" content=\"index, follow, max-snippet:-1, max-image-preview:large, max-video-preview:-1\" \/>\n<link rel=\"canonical\" href=\"https:\/\/www.sonoraenequipo.com.mx\/como-se-conserva-el-cuerpo-de-benedicto-xvi-experto-explica-los-detalles\/\" \/>\n<meta property=\"og:locale\" content=\"es_ES\" \/>\n<meta property=\"og:type\" content=\"article\" \/>\n<meta property=\"og:title\" content=\"Sonora en Equipo. \u00bfC\u00f3mo se conserva el cuerpo de Benedicto XVI? ; Experto explica los detalles Ciencia y Tecnolog\u00eda\" \/>\n<meta property=\"og:description\" content=\"El mayor experto en tanatopraxia en Italia explic\u00f3 en qu\u00e9 consiste este proceso que permite la conservaci\u00f3n del cuerpo de Benedicto XVI, expuesto en la En Sonora en Equipo publicamos toda la informaci\u00f3n de Sonora, M\u00e9xico y el Mundo de manera oportuna y busca que la libertad de expresi\u00f3n sea real. Visita nuestro medio informativo publicado desde Hermosillo, Sonora. %\" \/>\n<meta property=\"og:url\" content=\"https:\/\/www.sonoraenequipo.com.mx\/como-se-conserva-el-cuerpo-de-benedicto-xvi-experto-explica-los-detalles\/\" \/>\n<meta property=\"og:site_name\" content=\"Sonora en Equipo.\" \/>\n<meta property=\"article:publisher\" content=\"https:\/\/www.facebook.com\/SonoraEE\/\" \/>\n<meta property=\"article:author\" content=\"https:\/\/www.facebook.com\/SonoraEE\" \/>\n<meta property=\"article:published_time\" content=\"2023-01-05T20:11:39+00:00\" \/>\n<meta name=\"author\" content=\"enequipo\" \/>\n<meta name=\"twitter:card\" content=\"summary_large_image\" \/>\n<meta name=\"twitter:creator\" content=\"@sonoraenequipo\" \/>\n<meta name=\"twitter:site\" content=\"@sonoraenequipo\" \/>\n<meta name=\"twitter:label1\" content=\"Escrito por\" \/>\n\t<meta name=\"twitter:data1\" content=\"enequipo\" \/>\n\t<meta name=\"twitter:label2\" content=\"Tiempo de lectura\" \/>\n\t<meta name=\"twitter:data2\" content=\"2 minutos\" \/>\n<script type=\"application\/ld+json\" class=\"yoast-schema-graph\">{\"@context\":\"https:\/\/schema.org\",\"@graph\":[{\"@type\":\"Article\",\"@id\":\"https:\/\/www.sonoraenequipo.com.mx\/como-se-conserva-el-cuerpo-de-benedicto-xvi-experto-explica-los-detalles\/#article\",\"isPartOf\":{\"@id\":\"https:\/\/www.sonoraenequipo.com.mx\/como-se-conserva-el-cuerpo-de-benedicto-xvi-experto-explica-los-detalles\/\"},\"author\":{\"name\":\"enequipo\",\"@id\":\"https:\/\/www.sonoraenequipo.com.mx\/#\/schema\/person\/50102df0fb23a8fa9e8effad8fa81386\"},\"headline\":\"\u00bfC\u00f3mo se conserva el cuerpo de Benedicto XVI? ; Experto explica los detalles\",\"datePublished\":\"2023-01-05T20:11:39+00:00\",\"mainEntityOfPage\":{\"@id\":\"https:\/\/www.sonoraenequipo.com.mx\/como-se-conserva-el-cuerpo-de-benedicto-xvi-experto-explica-los-detalles\/\"},\"wordCount\":364,\"commentCount\":0,\"publisher\":{\"@id\":\"https:\/\/www.sonoraenequipo.com.mx\/#organization\"},\"keywords\":[\"Benedicto XVI\",\"tanatopraxia\"],\"articleSection\":[\"Ciencia y Tecnolog\u00eda\"],\"inLanguage\":\"es\",\"potentialAction\":[{\"@type\":\"CommentAction\",\"name\":\"Comment\",\"target\":[\"https:\/\/www.sonoraenequipo.com.mx\/como-se-conserva-el-cuerpo-de-benedicto-xvi-experto-explica-los-detalles\/#respond\"]}]},{\"@type\":\"WebPage\",\"@id\":\"https:\/\/www.sonoraenequipo.com.mx\/como-se-conserva-el-cuerpo-de-benedicto-xvi-experto-explica-los-detalles\/\",\"url\":\"https:\/\/www.sonoraenequipo.com.mx\/como-se-conserva-el-cuerpo-de-benedicto-xvi-experto-explica-los-detalles\/\",\"name\":\"Sonora en Equipo. \u00bfC\u00f3mo se conserva el cuerpo de Benedicto XVI? ; Experto explica los detalles Ciencia y Tecnolog\u00eda\",\"isPartOf\":{\"@id\":\"https:\/\/www.sonoraenequipo.com.mx\/#website\"},\"datePublished\":\"2023-01-05T20:11:39+00:00\",\"description\":\"El mayor experto en tanatopraxia en Italia explic\u00f3 en qu\u00e9 consiste este proceso que permite la conservaci\u00f3n del cuerpo de Benedicto XVI, expuesto en la En Sonora en Equipo publicamos toda la informaci\u00f3n de Sonora, M\u00e9xico y el Mundo de manera oportuna y busca que la libertad de expresi\u00f3n sea real. Visita nuestro medio informativo publicado desde Hermosillo, Sonora. %\",\"breadcrumb\":{\"@id\":\"https:\/\/www.sonoraenequipo.com.mx\/como-se-conserva-el-cuerpo-de-benedicto-xvi-experto-explica-los-detalles\/#breadcrumb\"},\"inLanguage\":\"es\",\"potentialAction\":[{\"@type\":\"ReadAction\",\"target\":[\"https:\/\/www.sonoraenequipo.com.mx\/como-se-conserva-el-cuerpo-de-benedicto-xvi-experto-explica-los-detalles\/\"]}]},{\"@type\":\"BreadcrumbList\",\"@id\":\"https:\/\/www.sonoraenequipo.com.mx\/como-se-conserva-el-cuerpo-de-benedicto-xvi-experto-explica-los-detalles\/#breadcrumb\",\"itemListElement\":[{\"@type\":\"ListItem\",\"position\":1,\"name\":\"Portada\",\"item\":\"https:\/\/www.sonoraenequipo.com.mx\/\"},{\"@type\":\"ListItem\",\"position\":2,\"name\":\"\u00bfC\u00f3mo se conserva el cuerpo de Benedicto XVI? ; Experto explica los detalles\"}]},{\"@type\":\"WebSite\",\"@id\":\"https:\/\/www.sonoraenequipo.com.mx\/#website\",\"url\":\"https:\/\/www.sonoraenequipo.com.mx\/\",\"name\":\"Sonora en Equipo.\",\"description\":\"Diario en l\u00ednea con Noticias desde Hermosillo, Sonora\",\"publisher\":{\"@id\":\"https:\/\/www.sonoraenequipo.com.mx\/#organization\"},\"potentialAction\":[{\"@type\":\"SearchAction\",\"target\":{\"@type\":\"EntryPoint\",\"urlTemplate\":\"https:\/\/www.sonoraenequipo.com.mx\/?s={search_term_string}\"},\"query-input\":{\"@type\":\"PropertyValueSpecification\",\"valueRequired\":true,\"valueName\":\"search_term_string\"}}],\"inLanguage\":\"es\"},{\"@type\":\"Organization\",\"@id\":\"https:\/\/www.sonoraenequipo.com.mx\/#organization\",\"name\":\"Sonoraenequipo.com.mx\",\"url\":\"https:\/\/www.sonoraenequipo.com.mx\/\",\"logo\":{\"@type\":\"ImageObject\",\"inLanguage\":\"es\",\"@id\":\"https:\/\/www.sonoraenequipo.com.mx\/#\/schema\/logo\/image\/\",\"url\":\"https:\/\/www.sonoraenequipo.com.mx\/storage\/2019\/01\/sonoraenequipo_opt.png\",\"contentUrl\":\"https:\/\/www.sonoraenequipo.com.mx\/storage\/2019\/01\/sonoraenequipo_opt.png\",\"width\":375,\"height\":125,\"caption\":\"Sonoraenequipo.com.mx\"},\"image\":{\"@id\":\"https:\/\/www.sonoraenequipo.com.mx\/#\/schema\/logo\/image\/\"},\"sameAs\":[\"https:\/\/www.facebook.com\/SonoraEE\/\",\"https:\/\/x.com\/sonoraenequipo\",\"https:\/\/www.youtube.com\/channel\/UC338nW-lPEYmJQs4ZABQ1SQ\"]},{\"@type\":\"Person\",\"@id\":\"https:\/\/www.sonoraenequipo.com.mx\/#\/schema\/person\/50102df0fb23a8fa9e8effad8fa81386\",\"name\":\"enequipo\",\"image\":{\"@type\":\"ImageObject\",\"inLanguage\":\"es\",\"@id\":\"https:\/\/www.sonoraenequipo.com.mx\/#\/schema\/person\/image\/\",\"url\":\"https:\/\/secure.gravatar.com\/avatar\/049821681b589dabc0bc20695993ccebb09f5b5d4d790cd9251b97faac7c652b?s=96&d=blank&r=g\",\"contentUrl\":\"https:\/\/secure.gravatar.com\/avatar\/049821681b589dabc0bc20695993ccebb09f5b5d4d790cd9251b97faac7c652b?s=96&d=blank&r=g\",\"caption\":\"enequipo\"},\"sameAs\":[\"https:\/\/www.facebook.com\/SonoraEE\"]}]}<\/script>\n ","yoast_head_json":{"title":"Sonora en Equipo. \u00bfC\u00f3mo se conserva el cuerpo de Benedicto XVI? ; Experto explica los detalles Ciencia y Tecnolog\u00eda","description":"El mayor experto en tanatopraxia en Italia explic\u00f3 en qu\u00e9 consiste este proceso que permite la conservaci\u00f3n del cuerpo de Benedicto XVI, expuesto en la En Sonora en Equipo publicamos toda la informaci\u00f3n de Sonora, M\u00e9xico y el Mundo de manera oportuna y busca que la libertad de expresi\u00f3n sea real. Visita nuestro medio informativo publicado desde Hermosillo, Sonora. %","robots":{"index":"index","follow":"follow","max-snippet":"max-snippet:-1","max-image-preview":"max-image-preview:large","max-video-preview":"max-video-preview:-1"},"canonical":"https:\/\/www.sonoraenequipo.com.mx\/como-se-conserva-el-cuerpo-de-benedicto-xvi-experto-explica-los-detalles\/","og_locale":"es_ES","og_type":"article","og_title":"Sonora en Equipo. \u00bfC\u00f3mo se conserva el cuerpo de Benedicto XVI? ; Experto explica los detalles Ciencia y Tecnolog\u00eda","og_description":"El mayor experto en tanatopraxia en Italia explic\u00f3 en qu\u00e9 consiste este proceso que permite la conservaci\u00f3n del cuerpo de Benedicto XVI, expuesto en la En Sonora en Equipo publicamos toda la informaci\u00f3n de Sonora, M\u00e9xico y el Mundo de manera oportuna y busca que la libertad de expresi\u00f3n sea real. Visita nuestro medio informativo publicado desde Hermosillo, Sonora. %","og_url":"https:\/\/www.sonoraenequipo.com.mx\/como-se-conserva-el-cuerpo-de-benedicto-xvi-experto-explica-los-detalles\/","og_site_name":"Sonora en Equipo.","article_publisher":"https:\/\/www.facebook.com\/SonoraEE\/","article_author":"https:\/\/www.facebook.com\/SonoraEE","article_published_time":"2023-01-05T20:11:39+00:00","author":"enequipo","twitter_card":"summary_large_image","twitter_creator":"@sonoraenequipo","twitter_site":"@sonoraenequipo","twitter_misc":{"Escrito por":"enequipo","Tiempo de lectura":"2 minutos"},"schema":{"@context":"https:\/\/schema.org","@graph":[{"@type":"Article","@id":"https:\/\/www.sonoraenequipo.com.mx\/como-se-conserva-el-cuerpo-de-benedicto-xvi-experto-explica-los-detalles\/#article","isPartOf":{"@id":"https:\/\/www.sonoraenequipo.com.mx\/como-se-conserva-el-cuerpo-de-benedicto-xvi-experto-explica-los-detalles\/"},"author":{"name":"enequipo","@id":"https:\/\/www.sonoraenequipo.com.mx\/#\/schema\/person\/50102df0fb23a8fa9e8effad8fa81386"},"headline":"\u00bfC\u00f3mo se conserva el cuerpo de Benedicto XVI? ; Experto explica los detalles","datePublished":"2023-01-05T20:11:39+00:00","mainEntityOfPage":{"@id":"https:\/\/www.sonoraenequipo.com.mx\/como-se-conserva-el-cuerpo-de-benedicto-xvi-experto-explica-los-detalles\/"},"wordCount":364,"commentCount":0,"publisher":{"@id":"https:\/\/www.sonoraenequipo.com.mx\/#organization"},"keywords":["Benedicto XVI","tanatopraxia"],"articleSection":["Ciencia y Tecnolog\u00eda"],"inLanguage":"es","potentialAction":[{"@type":"CommentAction","name":"Comment","target":["https:\/\/www.sonoraenequipo.com.mx\/como-se-conserva-el-cuerpo-de-benedicto-xvi-experto-explica-los-detalles\/#respond"]}]},{"@type":"WebPage","@id":"https:\/\/www.sonoraenequipo.com.mx\/como-se-conserva-el-cuerpo-de-benedicto-xvi-experto-explica-los-detalles\/","url":"https:\/\/www.sonoraenequipo.com.mx\/como-se-conserva-el-cuerpo-de-benedicto-xvi-experto-explica-los-detalles\/","name":"Sonora en Equipo. \u00bfC\u00f3mo se conserva el cuerpo de Benedicto XVI? ; Experto explica los detalles Ciencia y Tecnolog\u00eda","isPartOf":{"@id":"https:\/\/www.sonoraenequipo.com.mx\/#website"},"datePublished":"2023-01-05T20:11:39+00:00","description":"El mayor experto en tanatopraxia en Italia explic\u00f3 en qu\u00e9 consiste este proceso que permite la conservaci\u00f3n del cuerpo de Benedicto XVI, expuesto en la En Sonora en Equipo publicamos toda la informaci\u00f3n de Sonora, M\u00e9xico y el Mundo de manera oportuna y busca que la libertad de expresi\u00f3n sea real. Visita nuestro medio informativo publicado desde Hermosillo, Sonora. %","breadcrumb":{"@id":"https:\/\/www.sonoraenequipo.com.mx\/como-se-conserva-el-cuerpo-de-benedicto-xvi-experto-explica-los-detalles\/#breadcrumb"},"inLanguage":"es","potentialAction":[{"@type":"ReadAction","target":["https:\/\/www.sonoraenequipo.com.mx\/como-se-conserva-el-cuerpo-de-benedicto-xvi-experto-explica-los-detalles\/"]}]},{"@type":"BreadcrumbList","@id":"https:\/\/www.sonoraenequipo.com.mx\/como-se-conserva-el-cuerpo-de-benedicto-xvi-experto-explica-los-detalles\/#breadcrumb","itemListElement":[{"@type":"ListItem","position":1,"name":"Portada","item":"https:\/\/www.sonoraenequipo.com.mx\/"},{"@type":"ListItem","position":2,"name":"\u00bfC\u00f3mo se conserva el cuerpo de Benedicto XVI? ; Experto explica los detalles"}]},{"@type":"WebSite","@id":"https:\/\/www.sonoraenequipo.com.mx\/#website","url":"https:\/\/www.sonoraenequipo.com.mx\/","name":"Sonora en Equipo.","description":"Diario en l\u00ednea con Noticias desde Hermosillo, Sonora","publisher":{"@id":"https:\/\/www.sonoraenequipo.com.mx\/#organization"},"potentialAction":[{"@type":"SearchAction","target":{"@type":"EntryPoint","urlTemplate":"https:\/\/www.sonoraenequipo.com.mx\/?s={search_term_string}"},"query-input":{"@type":"PropertyValueSpecification","valueRequired":true,"valueName":"search_term_string"}}],"inLanguage":"es"},{"@type":"Organization","@id":"https:\/\/www.sonoraenequipo.com.mx\/#organization","name":"Sonoraenequipo.com.mx","url":"https:\/\/www.sonoraenequipo.com.mx\/","logo":{"@type":"ImageObject","inLanguage":"es","@id":"https:\/\/www.sonoraenequipo.com.mx\/#\/schema\/logo\/image\/","url":"https:\/\/www.sonoraenequipo.com.mx\/storage\/2019\/01\/sonoraenequipo_opt.png","contentUrl":"https:\/\/www.sonoraenequipo.com.mx\/storage\/2019\/01\/sonoraenequipo_opt.png","width":375,"height":125,"caption":"Sonoraenequipo.com.mx"},"image":{"@id":"https:\/\/www.sonoraenequipo.com.mx\/#\/schema\/logo\/image\/"},"sameAs":["https:\/\/www.facebook.com\/SonoraEE\/","https:\/\/x.com\/sonoraenequipo","https:\/\/www.youtube.com\/channel\/UC338nW-lPEYmJQs4ZABQ1SQ"]},{"@type":"Person","@id":"https:\/\/www.sonoraenequipo.com.mx\/#\/schema\/person\/50102df0fb23a8fa9e8effad8fa81386","name":"enequipo","image":{"@type":"ImageObject","inLanguage":"es","@id":"https:\/\/www.sonoraenequipo.com.mx\/#\/schema\/person\/image\/","url":"https:\/\/secure.gravatar.com\/avatar\/049821681b589dabc0bc20695993ccebb09f5b5d4d790cd9251b97faac7c652b?s=96&d=blank&r=g","contentUrl":"https:\/\/secure.gravatar.com\/avatar\/049821681b589dabc0bc20695993ccebb09f5b5d4d790cd9251b97faac7c652b?s=96&d=blank&r=g","caption":"enequipo"},"sameAs":["https:\/\/www.facebook.com\/SonoraEE"]}]}},"jetpack_featured_media_url":"","_links":{"self":[{"href":"https:\/\/www.sonoraenequipo.com.mx\/api\/wp\/v2\/posts\/155898","targetHints":{"allow":["GET"]}}],"collection":[{"href":"https:\/\/www.sonoraenequipo.com.mx\/api\/wp\/v2\/posts"}],"about":[{"href":"https:\/\/www.sonoraenequipo.com.mx\/api\/wp\/v2\/types\/post"}],"author":[{"embeddable":true,"href":"https:\/\/www.sonoraenequipo.com.mx\/api\/wp\/v2\/users\/1"}],"replies":[{"embeddable":true,"href":"https:\/\/www.sonoraenequipo.com.mx\/api\/wp\/v2\/comments?post=155898"}],"version-history":[{"count":1,"href":"https:\/\/www.sonoraenequipo.com.mx\/api\/wp\/v2\/posts\/155898\/revisions"}],"predecessor-version":[{"id":155904,"href":"https:\/\/www.sonoraenequipo.com.mx\/api\/wp\/v2\/posts\/155898\/revisions\/155904"}],"wp:attachment":[{"href":"https:\/\/www.sonoraenequipo.com.mx\/api\/wp\/v2\/media?parent=155898"}],"wp:term":[{"taxonomy":"category","embeddable":true,"href":"https:\/\/www.sonoraenequipo.com.mx\/api\/wp\/v2\/categories?post=155898"},{"taxonomy":"post_tag","embeddable":true,"href":"https:\/\/www.sonoraenequipo.com.mx\/api\/wp\/v2\/tags?post=155898"}],"curies":[{"name":"wp","href":"https:\/\/api.w.org\/{rel}","templated":true}]}}