{"id":155901,"date":"2023-01-04T23:15:20","date_gmt":"2023-01-05T06:15:20","guid":{"rendered":"https:\/\/www.sonoraenequipo.com.mx\/?p=155901"},"modified":"2023-01-05T13:21:01","modified_gmt":"2023-01-05T20:21:01","slug":"llega-a-guatemala-el-primer-vuelo-de-deportados-de-2023-el-cual-traia-87-migrantes","status":"publish","type":"post","link":"https:\/\/www.sonoraenequipo.com.mx\/llega-a-guatemala-el-primer-vuelo-de-deportados-de-2023-el-cual-traia-87-migrantes\/","title":{"rendered":"Llega a Guatemala el primer vuelo de deportados de 2023 el cual tra\u00eda 87 migrantes"},"content":{"rendered":"<p><strong>CIUDAD DE GUATEMALA. GUATEMALA. \u2014<\/strong> El primer vuelo con migrantes guatemaltecos deportados por Estados Unidos en 2023 arrib\u00f3 al pa\u00eds este mi\u00e9rcoles 4 de enero, con 87 personas a bordo.<\/p>\n<p>&nbsp;<\/p>\n<p>&nbsp;<\/p>\n<p> <\/p>\n<p>Autoridades de Migraci\u00f3n indicaron que se esperan otros dos vuelos para este d\u00eda y que, durante 2022, fueron\u00a094 mil 216 guatemaltecos los que fueron expulsados por Estados Unidos y M\u00e9xico, lo que representa 48 por ciento m\u00e1s que en 2021, cuando fueron deportados 63 mil 520 personas.<\/p>\n<p>&nbsp;<\/p>\n<p>&nbsp;<\/p>\n<p>Los migrantes que retornaron al pa\u00eds y que no quisieron dar su nombre contaron que mientras estuvieron en los centros de migraci\u00f3n en Estados Unidos, los amarraban y los daban malos tratos.<\/p>\n<p>&nbsp;<\/p>\n<p>La mayor\u00eda de entrevistados se\u00f1alaron que intentar\u00e1n volver a Estados Unidos de manera ilegal.<\/p>\n<p>&nbsp;<\/p>\n<p>Stuard Rodr\u00edguez, director general de Migraci\u00f3n, mencion\u00f3 que la deportaci\u00f3n de estas personas es bajo el t\u00edtulo 42, que es porque no cumplieron con las condiciones sanitarias por temas del covid-19, por lo que fueron expulsados luego de cruzar la frontera de EE. UU.<\/p>\n<p>&nbsp;<\/p>\n<p>Se\u00f1al\u00f3 que en la Fuerza A\u00e9rea Guatemalteca hay 15 instituciones estatales para dar apoyo a los migrantes retornados y as\u00ed ayudarlos en transporte, tr\u00e1mites y en general para que encuentren mejores oportunidades en el pa\u00eds.<\/p>\n<p>&nbsp;<\/p>\n<p>Se\u00f1al\u00f3 que es importante enviar un mensaje a la poblaci\u00f3n guatemalteca de que no vale la pena arriesgar la vida para cruzar la frontera con EE. UU., sobre todo en las condiciones actuales en donde dichas fronteras est\u00e1n cerradas y por eso hay tantas deportaciones.<\/p>\n<p>&nbsp;<\/p>\n<p>Afirm\u00f3 que los departamentos de Guatemala desde donde m\u00e1s personas migran hacia los Estados Unidos es Huehuetenango, Quetzaltenango y San Marcos. En total, en 2022 hubo 94 mil deportados desde EE. UU. y M\u00e9xico.<\/p>\n<h3><\/h3>\n<h3>Cifras de migraci\u00f3n<\/h3>\n<p>&nbsp;<\/p>\n<p>Datos del Instituto Guatemalteco de Migraci\u00f3n registraron que en 2022 fueron 94 mil 216 guatemaltecos los que fueron expulsados a Guatemala desde Estados Unidos y M\u00e9xico.<\/p>\n<p>&nbsp;<\/p>\n<p>&nbsp;<\/p>\n<p>Esta cifra es un 48% m\u00e1s alta que la estad\u00edstica del 2021, cuando fueron deportados 63 mil 520 personas.<\/p>\n<p>&nbsp;<\/p>\n<p>Estados Unidos deport\u00f3 a un total de 40 mil 713 personas en 368 vuelos a\u00e9reos, lo que representa un aumento del 128% en comparaci\u00f3n con 2021, cuando fueron retornados obligatoriamente 17 mil 806 migrantes.<\/p>\n<p>&nbsp;<\/p>\n<p>&nbsp;<\/p>\n<p>Mientras que de M\u00e9xico fueron deportadas 37 mil 963 personas v\u00eda terrestre, mientras que A\u00e9rea 15 mil 547<\/p>\n<p>&nbsp;<\/p>\n<h3>Retornados 2022<\/h3>\n<p>&nbsp;<\/p>\n<p><em><strong>V\u00eda a\u00e9rea desde EE. UU., 40 mil 713<\/strong><\/em><\/p>\n<p><em><strong>V\u00eda a\u00e9rea M\u00e9xico, 15 mil 547<\/strong><\/em><\/p>\n<p><em><strong>Terrestres M\u00e9xico, 37 mil 956<\/strong><\/em><\/p>\n<p><em><strong>Total general: 94 mil 216<\/strong><\/em><\/p>\n<p>&nbsp;<\/p>\n<p>&nbsp;<\/p>\n<p>PUBLICADO EL 04\/ENERO\/2023<\/p>\n","protected":false},"excerpt":{"rendered":"<p>CIUDAD DE GUATEMALA. GUATEMALA. \u2014 El primer vuelo con migrantes guatemaltecos deportados por Estados Unidos&#8230;<\/p>\n","protected":false},"author":1,"featured_media":155903,"comment_status":"open","ping_status":"open","sticky":false,"template":"","format":"standard","meta":{"_monsterinsights_skip_tracking":false,"_monsterinsights_sitenote_active":false,"_monsterinsights_sitenote_note":"","_monsterinsights_sitenote_category":0,"footnotes":""},"categories":[3],"tags":[],"class_list":["post"],"yoast_head":" \n<title>Sonora en Equipo. Llega a Guatemala el primer vuelo de deportados de 2023 el cual tra\u00eda 87 migrantes MUNDO<\/title>\n<meta name=\"description\" content=\"CIUDAD DE GUATEMALA. GUATEMALA. \u2014 El primer vuelo con migrantes guatemaltecos deportados por Estados Unidos en 2023 arrib\u00f3 al pa\u00eds este mi\u00e9rcoles 4 de En Sonora en Equipo publicamos toda la informaci\u00f3n de Sonora, M\u00e9xico y el Mundo de manera oportuna y busca que la libertad de expresi\u00f3n sea real. Visita nuestro medio informativo publicado desde Hermosillo, Sonora. %\" \/>\n<meta name=\"robots\" content=\"index, follow, max-snippet:-1, max-image-preview:large, max-video-preview:-1\" \/>\n<link rel=\"canonical\" href=\"https:\/\/www.sonoraenequipo.com.mx\/llega-a-guatemala-el-primer-vuelo-de-deportados-de-2023-el-cual-traia-87-migrantes\/\" \/>\n<meta property=\"og:locale\" content=\"es_ES\" \/>\n<meta property=\"og:type\" content=\"article\" \/>\n<meta property=\"og:title\" content=\"Sonora en Equipo. Llega a Guatemala el primer vuelo de deportados de 2023 el cual tra\u00eda 87 migrantes MUNDO\" \/>\n<meta property=\"og:description\" content=\"CIUDAD DE GUATEMALA. GUATEMALA. \u2014 El primer vuelo con migrantes guatemaltecos deportados por Estados Unidos en 2023 arrib\u00f3 al pa\u00eds este mi\u00e9rcoles 4 de En Sonora en Equipo publicamos toda la informaci\u00f3n de Sonora, M\u00e9xico y el Mundo de manera oportuna y busca que la libertad de expresi\u00f3n sea real. Visita nuestro medio informativo publicado desde Hermosillo, Sonora. %\" \/>\n<meta property=\"og:url\" content=\"https:\/\/www.sonoraenequipo.com.mx\/llega-a-guatemala-el-primer-vuelo-de-deportados-de-2023-el-cual-traia-87-migrantes\/\" \/>\n<meta property=\"og:site_name\" content=\"Sonora en Equipo.\" \/>\n<meta property=\"article:publisher\" content=\"https:\/\/www.facebook.com\/SonoraEE\/\" \/>\n<meta property=\"article:author\" content=\"https:\/\/www.facebook.com\/SonoraEE\" \/>\n<meta property=\"article:published_time\" content=\"2023-01-05T06:15:20+00:00\" \/>\n<meta property=\"article:modified_time\" content=\"2023-01-05T20:21:01+00:00\" \/>\n<meta property=\"og:image\" content=\"https:\/\/www.sonoraenequipo.com.mx\/storage\/2023\/01\/deportados-llegan-a-guatemala.jpg\" \/>\n\t<meta property=\"og:image:width\" content=\"900\" \/>\n\t<meta property=\"og:image:height\" content=\"515\" \/>\n\t<meta property=\"og:image:type\" content=\"image\/jpeg\" \/>\n<meta name=\"author\" content=\"enequipo\" \/>\n<meta name=\"twitter:card\" content=\"summary_large_image\" \/>\n<meta name=\"twitter:creator\" content=\"@sonoraenequipo\" \/>\n<meta name=\"twitter:site\" content=\"@sonoraenequipo\" \/>\n<meta name=\"twitter:label1\" content=\"Escrito por\" \/>\n\t<meta name=\"twitter:data1\" content=\"enequipo\" \/>\n\t<meta name=\"twitter:label2\" content=\"Tiempo de lectura\" \/>\n\t<meta name=\"twitter:data2\" content=\"2 minutos\" \/>\n<script type=\"application\/ld+json\" class=\"yoast-schema-graph\">{\"@context\":\"https:\/\/schema.org\",\"@graph\":[{\"@type\":\"Article\",\"@id\":\"https:\/\/www.sonoraenequipo.com.mx\/llega-a-guatemala-el-primer-vuelo-de-deportados-de-2023-el-cual-traia-87-migrantes\/#article\",\"isPartOf\":{\"@id\":\"https:\/\/www.sonoraenequipo.com.mx\/llega-a-guatemala-el-primer-vuelo-de-deportados-de-2023-el-cual-traia-87-migrantes\/\"},\"author\":{\"name\":\"enequipo\",\"@id\":\"https:\/\/www.sonoraenequipo.com.mx\/#\/schema\/person\/50102df0fb23a8fa9e8effad8fa81386\"},\"headline\":\"Llega a Guatemala el primer vuelo de deportados de 2023 el cual tra\u00eda 87 migrantes\",\"datePublished\":\"2023-01-05T06:15:20+00:00\",\"dateModified\":\"2023-01-05T20:21:01+00:00\",\"mainEntityOfPage\":{\"@id\":\"https:\/\/www.sonoraenequipo.com.mx\/llega-a-guatemala-el-primer-vuelo-de-deportados-de-2023-el-cual-traia-87-migrantes\/\"},\"wordCount\":442,\"commentCount\":0,\"publisher\":{\"@id\":\"https:\/\/www.sonoraenequipo.com.mx\/#organization\"},\"image\":{\"@id\":\"https:\/\/www.sonoraenequipo.com.mx\/llega-a-guatemala-el-primer-vuelo-de-deportados-de-2023-el-cual-traia-87-migrantes\/#primaryimage\"},\"thumbnailUrl\":\"https:\/\/www.sonoraenequipo.com.mx\/storage\/2023\/01\/deportados-llegan-a-guatemala.jpg\",\"articleSection\":[\"MUNDO\"],\"inLanguage\":\"es\",\"potentialAction\":[{\"@type\":\"CommentAction\",\"name\":\"Comment\",\"target\":[\"https:\/\/www.sonoraenequipo.com.mx\/llega-a-guatemala-el-primer-vuelo-de-deportados-de-2023-el-cual-traia-87-migrantes\/#respond\"]}]},{\"@type\":\"WebPage\",\"@id\":\"https:\/\/www.sonoraenequipo.com.mx\/llega-a-guatemala-el-primer-vuelo-de-deportados-de-2023-el-cual-traia-87-migrantes\/\",\"url\":\"https:\/\/www.sonoraenequipo.com.mx\/llega-a-guatemala-el-primer-vuelo-de-deportados-de-2023-el-cual-traia-87-migrantes\/\",\"name\":\"Sonora en Equipo. Llega a Guatemala el primer vuelo de deportados de 2023 el cual tra\u00eda 87 migrantes MUNDO\",\"isPartOf\":{\"@id\":\"https:\/\/www.sonoraenequipo.com.mx\/#website\"},\"primaryImageOfPage\":{\"@id\":\"https:\/\/www.sonoraenequipo.com.mx\/llega-a-guatemala-el-primer-vuelo-de-deportados-de-2023-el-cual-traia-87-migrantes\/#primaryimage\"},\"image\":{\"@id\":\"https:\/\/www.sonoraenequipo.com.mx\/llega-a-guatemala-el-primer-vuelo-de-deportados-de-2023-el-cual-traia-87-migrantes\/#primaryimage\"},\"thumbnailUrl\":\"https:\/\/www.sonoraenequipo.com.mx\/storage\/2023\/01\/deportados-llegan-a-guatemala.jpg\",\"datePublished\":\"2023-01-05T06:15:20+00:00\",\"dateModified\":\"2023-01-05T20:21:01+00:00\",\"description\":\"CIUDAD DE GUATEMALA. GUATEMALA. \u2014 El primer vuelo con migrantes guatemaltecos deportados por Estados Unidos en 2023 arrib\u00f3 al pa\u00eds este mi\u00e9rcoles 4 de En Sonora en Equipo publicamos toda la informaci\u00f3n de Sonora, M\u00e9xico y el Mundo de manera oportuna y busca que la libertad de expresi\u00f3n sea real. Visita nuestro medio informativo publicado desde Hermosillo, Sonora. %\",\"breadcrumb\":{\"@id\":\"https:\/\/www.sonoraenequipo.com.mx\/llega-a-guatemala-el-primer-vuelo-de-deportados-de-2023-el-cual-traia-87-migrantes\/#breadcrumb\"},\"inLanguage\":\"es\",\"potentialAction\":[{\"@type\":\"ReadAction\",\"target\":[\"https:\/\/www.sonoraenequipo.com.mx\/llega-a-guatemala-el-primer-vuelo-de-deportados-de-2023-el-cual-traia-87-migrantes\/\"]}]},{\"@type\":\"ImageObject\",\"inLanguage\":\"es\",\"@id\":\"https:\/\/www.sonoraenequipo.com.mx\/llega-a-guatemala-el-primer-vuelo-de-deportados-de-2023-el-cual-traia-87-migrantes\/#primaryimage\",\"url\":\"https:\/\/www.sonoraenequipo.com.mx\/storage\/2023\/01\/deportados-llegan-a-guatemala.jpg\",\"contentUrl\":\"https:\/\/www.sonoraenequipo.com.mx\/storage\/2023\/01\/deportados-llegan-a-guatemala.jpg\",\"width\":900,\"height\":515},{\"@type\":\"BreadcrumbList\",\"@id\":\"https:\/\/www.sonoraenequipo.com.mx\/llega-a-guatemala-el-primer-vuelo-de-deportados-de-2023-el-cual-traia-87-migrantes\/#breadcrumb\",\"itemListElement\":[{\"@type\":\"ListItem\",\"position\":1,\"name\":\"Portada\",\"item\":\"https:\/\/www.sonoraenequipo.com.mx\/\"},{\"@type\":\"ListItem\",\"position\":2,\"name\":\"Llega a Guatemala el primer vuelo de deportados de 2023 el cual tra\u00eda 87 migrantes\"}]},{\"@type\":\"WebSite\",\"@id\":\"https:\/\/www.sonoraenequipo.com.mx\/#website\",\"url\":\"https:\/\/www.sonoraenequipo.com.mx\/\",\"name\":\"Sonora en Equipo.\",\"description\":\"Diario en l\u00ednea con Noticias desde Hermosillo, Sonora\",\"publisher\":{\"@id\":\"https:\/\/www.sonoraenequipo.com.mx\/#organization\"},\"potentialAction\":[{\"@type\":\"SearchAction\",\"target\":{\"@type\":\"EntryPoint\",\"urlTemplate\":\"https:\/\/www.sonoraenequipo.com.mx\/?s={search_term_string}\"},\"query-input\":{\"@type\":\"PropertyValueSpecification\",\"valueRequired\":true,\"valueName\":\"search_term_string\"}}],\"inLanguage\":\"es\"},{\"@type\":\"Organization\",\"@id\":\"https:\/\/www.sonoraenequipo.com.mx\/#organization\",\"name\":\"Sonoraenequipo.com.mx\",\"url\":\"https:\/\/www.sonoraenequipo.com.mx\/\",\"logo\":{\"@type\":\"ImageObject\",\"inLanguage\":\"es\",\"@id\":\"https:\/\/www.sonoraenequipo.com.mx\/#\/schema\/logo\/image\/\",\"url\":\"https:\/\/www.sonoraenequipo.com.mx\/storage\/2019\/01\/sonoraenequipo_opt.png\",\"contentUrl\":\"https:\/\/www.sonoraenequipo.com.mx\/storage\/2019\/01\/sonoraenequipo_opt.png\",\"width\":375,\"height\":125,\"caption\":\"Sonoraenequipo.com.mx\"},\"image\":{\"@id\":\"https:\/\/www.sonoraenequipo.com.mx\/#\/schema\/logo\/image\/\"},\"sameAs\":[\"https:\/\/www.facebook.com\/SonoraEE\/\",\"https:\/\/x.com\/sonoraenequipo\",\"https:\/\/www.youtube.com\/channel\/UC338nW-lPEYmJQs4ZABQ1SQ\"]},{\"@type\":\"Person\",\"@id\":\"https:\/\/www.sonoraenequipo.com.mx\/#\/schema\/person\/50102df0fb23a8fa9e8effad8fa81386\",\"name\":\"enequipo\",\"image\":{\"@type\":\"ImageObject\",\"inLanguage\":\"es\",\"@id\":\"https:\/\/www.sonoraenequipo.com.mx\/#\/schema\/person\/image\/\",\"url\":\"https:\/\/secure.gravatar.com\/avatar\/049821681b589dabc0bc20695993ccebb09f5b5d4d790cd9251b97faac7c652b?s=96&d=blank&r=g\",\"contentUrl\":\"https:\/\/secure.gravatar.com\/avatar\/049821681b589dabc0bc20695993ccebb09f5b5d4d790cd9251b97faac7c652b?s=96&d=blank&r=g\",\"caption\":\"enequipo\"},\"sameAs\":[\"https:\/\/www.facebook.com\/SonoraEE\"]}]}<\/script>\n ","yoast_head_json":{"title":"Sonora en Equipo. Llega a Guatemala el primer vuelo de deportados de 2023 el cual tra\u00eda 87 migrantes MUNDO","description":"CIUDAD DE GUATEMALA. GUATEMALA. \u2014 El primer vuelo con migrantes guatemaltecos deportados por Estados Unidos en 2023 arrib\u00f3 al pa\u00eds este mi\u00e9rcoles 4 de En Sonora en Equipo publicamos toda la informaci\u00f3n de Sonora, M\u00e9xico y el Mundo de manera oportuna y busca que la libertad de expresi\u00f3n sea real. Visita nuestro medio informativo publicado desde Hermosillo, Sonora. %","robots":{"index":"index","follow":"follow","max-snippet":"max-snippet:-1","max-image-preview":"max-image-preview:large","max-video-preview":"max-video-preview:-1"},"canonical":"https:\/\/www.sonoraenequipo.com.mx\/llega-a-guatemala-el-primer-vuelo-de-deportados-de-2023-el-cual-traia-87-migrantes\/","og_locale":"es_ES","og_type":"article","og_title":"Sonora en Equipo. Llega a Guatemala el primer vuelo de deportados de 2023 el cual tra\u00eda 87 migrantes MUNDO","og_description":"CIUDAD DE GUATEMALA. GUATEMALA. \u2014 El primer vuelo con migrantes guatemaltecos deportados por Estados Unidos en 2023 arrib\u00f3 al pa\u00eds este mi\u00e9rcoles 4 de En Sonora en Equipo publicamos toda la informaci\u00f3n de Sonora, M\u00e9xico y el Mundo de manera oportuna y busca que la libertad de expresi\u00f3n sea real. Visita nuestro medio informativo publicado desde Hermosillo, Sonora. %","og_url":"https:\/\/www.sonoraenequipo.com.mx\/llega-a-guatemala-el-primer-vuelo-de-deportados-de-2023-el-cual-traia-87-migrantes\/","og_site_name":"Sonora en Equipo.","article_publisher":"https:\/\/www.facebook.com\/SonoraEE\/","article_author":"https:\/\/www.facebook.com\/SonoraEE","article_published_time":"2023-01-05T06:15:20+00:00","article_modified_time":"2023-01-05T20:21:01+00:00","og_image":[{"width":900,"height":515,"url":"https:\/\/www.sonoraenequipo.com.mx\/storage\/2023\/01\/deportados-llegan-a-guatemala.jpg","type":"image\/jpeg"}],"author":"enequipo","twitter_card":"summary_large_image","twitter_creator":"@sonoraenequipo","twitter_site":"@sonoraenequipo","twitter_misc":{"Escrito por":"enequipo","Tiempo de lectura":"2 minutos"},"schema":{"@context":"https:\/\/schema.org","@graph":[{"@type":"Article","@id":"https:\/\/www.sonoraenequipo.com.mx\/llega-a-guatemala-el-primer-vuelo-de-deportados-de-2023-el-cual-traia-87-migrantes\/#article","isPartOf":{"@id":"https:\/\/www.sonoraenequipo.com.mx\/llega-a-guatemala-el-primer-vuelo-de-deportados-de-2023-el-cual-traia-87-migrantes\/"},"author":{"name":"enequipo","@id":"https:\/\/www.sonoraenequipo.com.mx\/#\/schema\/person\/50102df0fb23a8fa9e8effad8fa81386"},"headline":"Llega a Guatemala el primer vuelo de deportados de 2023 el cual tra\u00eda 87 migrantes","datePublished":"2023-01-05T06:15:20+00:00","dateModified":"2023-01-05T20:21:01+00:00","mainEntityOfPage":{"@id":"https:\/\/www.sonoraenequipo.com.mx\/llega-a-guatemala-el-primer-vuelo-de-deportados-de-2023-el-cual-traia-87-migrantes\/"},"wordCount":442,"commentCount":0,"publisher":{"@id":"https:\/\/www.sonoraenequipo.com.mx\/#organization"},"image":{"@id":"https:\/\/www.sonoraenequipo.com.mx\/llega-a-guatemala-el-primer-vuelo-de-deportados-de-2023-el-cual-traia-87-migrantes\/#primaryimage"},"thumbnailUrl":"https:\/\/www.sonoraenequipo.com.mx\/storage\/2023\/01\/deportados-llegan-a-guatemala.jpg","articleSection":["MUNDO"],"inLanguage":"es","potentialAction":[{"@type":"CommentAction","name":"Comment","target":["https:\/\/www.sonoraenequipo.com.mx\/llega-a-guatemala-el-primer-vuelo-de-deportados-de-2023-el-cual-traia-87-migrantes\/#respond"]}]},{"@type":"WebPage","@id":"https:\/\/www.sonoraenequipo.com.mx\/llega-a-guatemala-el-primer-vuelo-de-deportados-de-2023-el-cual-traia-87-migrantes\/","url":"https:\/\/www.sonoraenequipo.com.mx\/llega-a-guatemala-el-primer-vuelo-de-deportados-de-2023-el-cual-traia-87-migrantes\/","name":"Sonora en Equipo. Llega a Guatemala el primer vuelo de deportados de 2023 el cual tra\u00eda 87 migrantes MUNDO","isPartOf":{"@id":"https:\/\/www.sonoraenequipo.com.mx\/#website"},"primaryImageOfPage":{"@id":"https:\/\/www.sonoraenequipo.com.mx\/llega-a-guatemala-el-primer-vuelo-de-deportados-de-2023-el-cual-traia-87-migrantes\/#primaryimage"},"image":{"@id":"https:\/\/www.sonoraenequipo.com.mx\/llega-a-guatemala-el-primer-vuelo-de-deportados-de-2023-el-cual-traia-87-migrantes\/#primaryimage"},"thumbnailUrl":"https:\/\/www.sonoraenequipo.com.mx\/storage\/2023\/01\/deportados-llegan-a-guatemala.jpg","datePublished":"2023-01-05T06:15:20+00:00","dateModified":"2023-01-05T20:21:01+00:00","description":"CIUDAD DE GUATEMALA. GUATEMALA. \u2014 El primer vuelo con migrantes guatemaltecos deportados por Estados Unidos en 2023 arrib\u00f3 al pa\u00eds este mi\u00e9rcoles 4 de En Sonora en Equipo publicamos toda la informaci\u00f3n de Sonora, M\u00e9xico y el Mundo de manera oportuna y busca que la libertad de expresi\u00f3n sea real. Visita nuestro medio informativo publicado desde Hermosillo, Sonora. %","breadcrumb":{"@id":"https:\/\/www.sonoraenequipo.com.mx\/llega-a-guatemala-el-primer-vuelo-de-deportados-de-2023-el-cual-traia-87-migrantes\/#breadcrumb"},"inLanguage":"es","potentialAction":[{"@type":"ReadAction","target":["https:\/\/www.sonoraenequipo.com.mx\/llega-a-guatemala-el-primer-vuelo-de-deportados-de-2023-el-cual-traia-87-migrantes\/"]}]},{"@type":"ImageObject","inLanguage":"es","@id":"https:\/\/www.sonoraenequipo.com.mx\/llega-a-guatemala-el-primer-vuelo-de-deportados-de-2023-el-cual-traia-87-migrantes\/#primaryimage","url":"https:\/\/www.sonoraenequipo.com.mx\/storage\/2023\/01\/deportados-llegan-a-guatemala.jpg","contentUrl":"https:\/\/www.sonoraenequipo.com.mx\/storage\/2023\/01\/deportados-llegan-a-guatemala.jpg","width":900,"height":515},{"@type":"BreadcrumbList","@id":"https:\/\/www.sonoraenequipo.com.mx\/llega-a-guatemala-el-primer-vuelo-de-deportados-de-2023-el-cual-traia-87-migrantes\/#breadcrumb","itemListElement":[{"@type":"ListItem","position":1,"name":"Portada","item":"https:\/\/www.sonoraenequipo.com.mx\/"},{"@type":"ListItem","position":2,"name":"Llega a Guatemala el primer vuelo de deportados de 2023 el cual tra\u00eda 87 migrantes"}]},{"@type":"WebSite","@id":"https:\/\/www.sonoraenequipo.com.mx\/#website","url":"https:\/\/www.sonoraenequipo.com.mx\/","name":"Sonora en Equipo.","description":"Diario en l\u00ednea con Noticias desde Hermosillo, Sonora","publisher":{"@id":"https:\/\/www.sonoraenequipo.com.mx\/#organization"},"potentialAction":[{"@type":"SearchAction","target":{"@type":"EntryPoint","urlTemplate":"https:\/\/www.sonoraenequipo.com.mx\/?s={search_term_string}"},"query-input":{"@type":"PropertyValueSpecification","valueRequired":true,"valueName":"search_term_string"}}],"inLanguage":"es"},{"@type":"Organization","@id":"https:\/\/www.sonoraenequipo.com.mx\/#organization","name":"Sonoraenequipo.com.mx","url":"https:\/\/www.sonoraenequipo.com.mx\/","logo":{"@type":"ImageObject","inLanguage":"es","@id":"https:\/\/www.sonoraenequipo.com.mx\/#\/schema\/logo\/image\/","url":"https:\/\/www.sonoraenequipo.com.mx\/storage\/2019\/01\/sonoraenequipo_opt.png","contentUrl":"https:\/\/www.sonoraenequipo.com.mx\/storage\/2019\/01\/sonoraenequipo_opt.png","width":375,"height":125,"caption":"Sonoraenequipo.com.mx"},"image":{"@id":"https:\/\/www.sonoraenequipo.com.mx\/#\/schema\/logo\/image\/"},"sameAs":["https:\/\/www.facebook.com\/SonoraEE\/","https:\/\/x.com\/sonoraenequipo","https:\/\/www.youtube.com\/channel\/UC338nW-lPEYmJQs4ZABQ1SQ"]},{"@type":"Person","@id":"https:\/\/www.sonoraenequipo.com.mx\/#\/schema\/person\/50102df0fb23a8fa9e8effad8fa81386","name":"enequipo","image":{"@type":"ImageObject","inLanguage":"es","@id":"https:\/\/www.sonoraenequipo.com.mx\/#\/schema\/person\/image\/","url":"https:\/\/secure.gravatar.com\/avatar\/049821681b589dabc0bc20695993ccebb09f5b5d4d790cd9251b97faac7c652b?s=96&d=blank&r=g","contentUrl":"https:\/\/secure.gravatar.com\/avatar\/049821681b589dabc0bc20695993ccebb09f5b5d4d790cd9251b97faac7c652b?s=96&d=blank&r=g","caption":"enequipo"},"sameAs":["https:\/\/www.facebook.com\/SonoraEE"]}]}},"jetpack_featured_media_url":"https:\/\/www.sonoraenequipo.com.mx\/storage\/2023\/01\/deportados-llegan-a-guatemala.jpg","_links":{"self":[{"href":"https:\/\/www.sonoraenequipo.com.mx\/api\/wp\/v2\/posts\/155901","targetHints":{"allow":["GET"]}}],"collection":[{"href":"https:\/\/www.sonoraenequipo.com.mx\/api\/wp\/v2\/posts"}],"about":[{"href":"https:\/\/www.sonoraenequipo.com.mx\/api\/wp\/v2\/types\/post"}],"author":[{"embeddable":true,"href":"https:\/\/www.sonoraenequipo.com.mx\/api\/wp\/v2\/users\/1"}],"replies":[{"embeddable":true,"href":"https:\/\/www.sonoraenequipo.com.mx\/api\/wp\/v2\/comments?post=155901"}],"version-history":[{"count":1,"href":"https:\/\/www.sonoraenequipo.com.mx\/api\/wp\/v2\/posts\/155901\/revisions"}],"predecessor-version":[{"id":155906,"href":"https:\/\/www.sonoraenequipo.com.mx\/api\/wp\/v2\/posts\/155901\/revisions\/155906"}],"wp:featuredmedia":[{"embeddable":true,"href":"https:\/\/www.sonoraenequipo.com.mx\/api\/wp\/v2\/media\/155903"}],"wp:attachment":[{"href":"https:\/\/www.sonoraenequipo.com.mx\/api\/wp\/v2\/media?parent=155901"}],"wp:term":[{"taxonomy":"category","embeddable":true,"href":"https:\/\/www.sonoraenequipo.com.mx\/api\/wp\/v2\/categories?post=155901"},{"taxonomy":"post_tag","embeddable":true,"href":"https:\/\/www.sonoraenequipo.com.mx\/api\/wp\/v2\/tags?post=155901"}],"curies":[{"name":"wp","href":"https:\/\/api.w.org\/{rel}","templated":true}]}}