{"id":155905,"date":"2023-01-05T14:00:24","date_gmt":"2023-01-05T21:00:24","guid":{"rendered":"https:\/\/www.sonoraenequipo.com.mx\/?p=155905"},"modified":"2023-01-05T14:00:24","modified_gmt":"2023-01-05T21:00:24","slug":"pele-recibe-sepultura-en-la-ciudad-a-la-que-dio-fama-mundial","status":"publish","type":"post","link":"https:\/\/www.sonoraenequipo.com.mx\/pele-recibe-sepultura-en-la-ciudad-a-la-que-dio-fama-mundial\/","title":{"rendered":"Pel\u00e9 recibe sepultura en la ciudad a la que dio fama mundial"},"content":{"rendered":"<ul>\n<li>A lo largo de su sobresaliente carrera, Pel\u00e9 llev\u00f3 a Brasil a conquistar las Copas del Mundo de Suecia 1958, Chile 1962 y M\u00e9xico 1970.<\/li>\n<\/ul>\n<p>&nbsp;<\/p>\n<p><strong>SANTOS, BRASIL \u2014<\/strong> \u00a0Brasil dio el \u00faltimo adi\u00f3s a Pel\u00e9, la leyenda que unific\u00f3 en el luto a una naci\u00f3n sumamente dividida.<\/p>\n<p>&nbsp;<\/p>\n<p>Pel\u00e9 fue sepultado el martes en la ciudad a la que convirti\u00f3 durante a\u00f1os en una capital futbol\u00edstica del mundo, lo que marc\u00f3 el final de los funerales del astro cuyo deceso caus\u00f3 pesar entre millones de aficionados dentro y fuera de Brasil.<\/p>\n<p>&nbsp;<\/p>\n<p>El presidente Luiz In\u00e1cio Lula da Silva, quien reci\u00e9n asumi\u00f3 su cargo, rindi\u00f3 homenaje a Pel\u00e9 en Vila Belmiro, el estadio donde jug\u00f3 como local durante la mayor parte de su carrera.<\/p>\n<p>&nbsp;<\/p>\n<p>Pel\u00e9 yace ya en Santos la ciudad en que creci\u00f3 y se volvi\u00f3 famoso. Se ofici\u00f3 una misa en el estadio antes de que un cami\u00f3n de bomberos llevara el f\u00e9retro por las calles por un cami\u00f3n de bomberos hasta un cementerio cercano.<\/p>\n<p>A la llegada del cortejo al cementerio, bandas de m\u00fasica interpretaron la canci\u00f3n oficial del club Santos y un himno cat\u00f3lico. Poco antes, los asistentes corearon temas de samba que le gustaban a Pel\u00e9.<\/p>\n<p>&nbsp;<\/p>\n<p>No asisti\u00f3 al funeral ning\u00fan reconocido futbolista activo o retirado de Brasil.<\/p>\n<p>&nbsp;<\/p>\n<p>\u201c\u00bfD\u00f3nde est\u00e1 Ronaldo Nazario? \u00bfD\u00f3nde est\u00e1 Kak\u00e1? \u00bfD\u00f3nde est\u00e1 Neymar?\u201d, pregunt\u00f3 Claudionor Alves, de 67 a\u00f1os y quien trabaja en una panader\u00eda pr\u00f3xima al estadio. \u201c\u00bfPiensan que ellos ser\u00e1n recordados como Pel\u00e9? Estos tipos no quisieron suspender sus vacaciones. \u00c9se es el problema\u201d.<\/p>\n<p>&nbsp;<\/p>\n<p>Otro de los ausentes fue Jair Bolsonaro, cuya gesti\u00f3n como presidente concluy\u00f3 el 31 de diciembre. Un d\u00eda antes, parti\u00f3 de la capital Brasilia en un vuelo a Florida, eludiendo el deber ceremonial de entregar a Lula la banda presidencial.<\/p>\n<p>&nbsp;<\/p>\n<p>Bolsonaro permanece en un complejo de condominios en las afueras de Orlando, donde se le ha visto charlar con algunos vecinos.<\/p>\n<p><strong><em><u>Fecha de publicaci\u00f3n\u00a0\u00a0 jueves\u00a0 5 de enero de 2023 Fuente VOA<\/u><\/em><\/strong><\/p>\n","protected":false},"excerpt":{"rendered":"<p>A lo largo de su sobresaliente carrera, Pel\u00e9 llev\u00f3 a Brasil a conquistar las Copas&#8230;<\/p>\n","protected":false},"author":1,"featured_media":155917,"comment_status":"open","ping_status":"open","sticky":false,"template":"","format":"standard","meta":{"_monsterinsights_skip_tracking":false,"_monsterinsights_sitenote_active":false,"_monsterinsights_sitenote_note":"","_monsterinsights_sitenote_category":0,"footnotes":""},"categories":[10],"tags":[280,7989,5736,8037],"class_list":["post"],"yoast_head":" \n<title>Sonora en Equipo. Pel\u00e9 recibe sepultura en la ciudad a la que dio fama mundial Deportes<\/title>\n<meta name=\"description\" content=\"A lo largo de su sobresaliente carrera, Pel\u00e9 llev\u00f3 a Brasil a conquistar las Copas del Mundo de Suecia 1958, Chile 1962 y M\u00e9xico 1970. &nbsp; SANTOS, En Sonora en Equipo publicamos toda la informaci\u00f3n de Sonora, M\u00e9xico y el Mundo de manera oportuna y busca que la libertad de expresi\u00f3n sea real. Visita nuestro medio informativo publicado desde Hermosillo, Sonora. %\" \/>\n<meta name=\"robots\" content=\"index, follow, max-snippet:-1, max-image-preview:large, max-video-preview:-1\" \/>\n<link rel=\"canonical\" href=\"https:\/\/www.sonoraenequipo.com.mx\/pele-recibe-sepultura-en-la-ciudad-a-la-que-dio-fama-mundial\/\" \/>\n<meta property=\"og:locale\" content=\"es_ES\" \/>\n<meta property=\"og:type\" content=\"article\" \/>\n<meta property=\"og:title\" content=\"Sonora en Equipo. Pel\u00e9 recibe sepultura en la ciudad a la que dio fama mundial Deportes\" \/>\n<meta property=\"og:description\" content=\"A lo largo de su sobresaliente carrera, Pel\u00e9 llev\u00f3 a Brasil a conquistar las Copas del Mundo de Suecia 1958, Chile 1962 y M\u00e9xico 1970. &nbsp; SANTOS, En Sonora en Equipo publicamos toda la informaci\u00f3n de Sonora, M\u00e9xico y el Mundo de manera oportuna y busca que la libertad de expresi\u00f3n sea real. Visita nuestro medio informativo publicado desde Hermosillo, Sonora. %\" \/>\n<meta property=\"og:url\" content=\"https:\/\/www.sonoraenequipo.com.mx\/pele-recibe-sepultura-en-la-ciudad-a-la-que-dio-fama-mundial\/\" \/>\n<meta property=\"og:site_name\" content=\"Sonora en Equipo.\" \/>\n<meta property=\"article:publisher\" content=\"https:\/\/www.facebook.com\/SonoraEE\/\" \/>\n<meta property=\"article:author\" content=\"https:\/\/www.facebook.com\/SonoraEE\" \/>\n<meta property=\"article:published_time\" content=\"2023-01-05T21:00:24+00:00\" \/>\n<meta property=\"og:image\" content=\"https:\/\/www.sonoraenequipo.com.mx\/storage\/2023\/01\/pele-sepelio.jpg\" \/>\n\t<meta property=\"og:image:width\" content=\"600\" \/>\n\t<meta property=\"og:image:height\" content=\"400\" \/>\n\t<meta property=\"og:image:type\" content=\"image\/jpeg\" \/>\n<meta name=\"author\" content=\"enequipo\" \/>\n<meta name=\"twitter:card\" content=\"summary_large_image\" \/>\n<meta name=\"twitter:creator\" content=\"@sonoraenequipo\" \/>\n<meta name=\"twitter:site\" content=\"@sonoraenequipo\" \/>\n<meta name=\"twitter:label1\" content=\"Escrito por\" \/>\n\t<meta name=\"twitter:data1\" content=\"enequipo\" \/>\n\t<meta name=\"twitter:label2\" content=\"Tiempo de lectura\" \/>\n\t<meta name=\"twitter:data2\" content=\"2 minutos\" \/>\n<script type=\"application\/ld+json\" class=\"yoast-schema-graph\">{\"@context\":\"https:\/\/schema.org\",\"@graph\":[{\"@type\":\"Article\",\"@id\":\"https:\/\/www.sonoraenequipo.com.mx\/pele-recibe-sepultura-en-la-ciudad-a-la-que-dio-fama-mundial\/#article\",\"isPartOf\":{\"@id\":\"https:\/\/www.sonoraenequipo.com.mx\/pele-recibe-sepultura-en-la-ciudad-a-la-que-dio-fama-mundial\/\"},\"author\":{\"name\":\"enequipo\",\"@id\":\"https:\/\/www.sonoraenequipo.com.mx\/#\/schema\/person\/50102df0fb23a8fa9e8effad8fa81386\"},\"headline\":\"Pel\u00e9 recibe sepultura en la ciudad a la que dio fama mundial\",\"datePublished\":\"2023-01-05T21:00:24+00:00\",\"mainEntityOfPage\":{\"@id\":\"https:\/\/www.sonoraenequipo.com.mx\/pele-recibe-sepultura-en-la-ciudad-a-la-que-dio-fama-mundial\/\"},\"wordCount\":362,\"commentCount\":0,\"publisher\":{\"@id\":\"https:\/\/www.sonoraenequipo.com.mx\/#organization\"},\"image\":{\"@id\":\"https:\/\/www.sonoraenequipo.com.mx\/pele-recibe-sepultura-en-la-ciudad-a-la-que-dio-fama-mundial\/#primaryimage\"},\"thumbnailUrl\":\"https:\/\/www.sonoraenequipo.com.mx\/storage\/2023\/01\/pele-sepelio.jpg\",\"keywords\":[\"Brasil\",\"pel\u00e9\",\"santos\",\"sepeli\"],\"articleSection\":[\"Deportes\"],\"inLanguage\":\"es\",\"potentialAction\":[{\"@type\":\"CommentAction\",\"name\":\"Comment\",\"target\":[\"https:\/\/www.sonoraenequipo.com.mx\/pele-recibe-sepultura-en-la-ciudad-a-la-que-dio-fama-mundial\/#respond\"]}]},{\"@type\":\"WebPage\",\"@id\":\"https:\/\/www.sonoraenequipo.com.mx\/pele-recibe-sepultura-en-la-ciudad-a-la-que-dio-fama-mundial\/\",\"url\":\"https:\/\/www.sonoraenequipo.com.mx\/pele-recibe-sepultura-en-la-ciudad-a-la-que-dio-fama-mundial\/\",\"name\":\"Sonora en Equipo. Pel\u00e9 recibe sepultura en la ciudad a la que dio fama mundial Deportes\",\"isPartOf\":{\"@id\":\"https:\/\/www.sonoraenequipo.com.mx\/#website\"},\"primaryImageOfPage\":{\"@id\":\"https:\/\/www.sonoraenequipo.com.mx\/pele-recibe-sepultura-en-la-ciudad-a-la-que-dio-fama-mundial\/#primaryimage\"},\"image\":{\"@id\":\"https:\/\/www.sonoraenequipo.com.mx\/pele-recibe-sepultura-en-la-ciudad-a-la-que-dio-fama-mundial\/#primaryimage\"},\"thumbnailUrl\":\"https:\/\/www.sonoraenequipo.com.mx\/storage\/2023\/01\/pele-sepelio.jpg\",\"datePublished\":\"2023-01-05T21:00:24+00:00\",\"description\":\"A lo largo de su sobresaliente carrera, Pel\u00e9 llev\u00f3 a Brasil a conquistar las Copas del Mundo de Suecia 1958, Chile 1962 y M\u00e9xico 1970. &nbsp; SANTOS, En Sonora en Equipo publicamos toda la informaci\u00f3n de Sonora, M\u00e9xico y el Mundo de manera oportuna y busca que la libertad de expresi\u00f3n sea real. Visita nuestro medio informativo publicado desde Hermosillo, Sonora. %\",\"breadcrumb\":{\"@id\":\"https:\/\/www.sonoraenequipo.com.mx\/pele-recibe-sepultura-en-la-ciudad-a-la-que-dio-fama-mundial\/#breadcrumb\"},\"inLanguage\":\"es\",\"potentialAction\":[{\"@type\":\"ReadAction\",\"target\":[\"https:\/\/www.sonoraenequipo.com.mx\/pele-recibe-sepultura-en-la-ciudad-a-la-que-dio-fama-mundial\/\"]}]},{\"@type\":\"ImageObject\",\"inLanguage\":\"es\",\"@id\":\"https:\/\/www.sonoraenequipo.com.mx\/pele-recibe-sepultura-en-la-ciudad-a-la-que-dio-fama-mundial\/#primaryimage\",\"url\":\"https:\/\/www.sonoraenequipo.com.mx\/storage\/2023\/01\/pele-sepelio.jpg\",\"contentUrl\":\"https:\/\/www.sonoraenequipo.com.mx\/storage\/2023\/01\/pele-sepelio.jpg\",\"width\":600,\"height\":400,\"caption\":\"Cortejo f\u00fanebre de Pel\u00e9,Imagen AP\"},{\"@type\":\"BreadcrumbList\",\"@id\":\"https:\/\/www.sonoraenequipo.com.mx\/pele-recibe-sepultura-en-la-ciudad-a-la-que-dio-fama-mundial\/#breadcrumb\",\"itemListElement\":[{\"@type\":\"ListItem\",\"position\":1,\"name\":\"Portada\",\"item\":\"https:\/\/www.sonoraenequipo.com.mx\/\"},{\"@type\":\"ListItem\",\"position\":2,\"name\":\"Pel\u00e9 recibe sepultura en la ciudad a la que dio fama mundial\"}]},{\"@type\":\"WebSite\",\"@id\":\"https:\/\/www.sonoraenequipo.com.mx\/#website\",\"url\":\"https:\/\/www.sonoraenequipo.com.mx\/\",\"name\":\"Sonora en Equipo.\",\"description\":\"Diario en l\u00ednea con Noticias desde Hermosillo, Sonora\",\"publisher\":{\"@id\":\"https:\/\/www.sonoraenequipo.com.mx\/#organization\"},\"potentialAction\":[{\"@type\":\"SearchAction\",\"target\":{\"@type\":\"EntryPoint\",\"urlTemplate\":\"https:\/\/www.sonoraenequipo.com.mx\/?s={search_term_string}\"},\"query-input\":{\"@type\":\"PropertyValueSpecification\",\"valueRequired\":true,\"valueName\":\"search_term_string\"}}],\"inLanguage\":\"es\"},{\"@type\":\"Organization\",\"@id\":\"https:\/\/www.sonoraenequipo.com.mx\/#organization\",\"name\":\"Sonoraenequipo.com.mx\",\"url\":\"https:\/\/www.sonoraenequipo.com.mx\/\",\"logo\":{\"@type\":\"ImageObject\",\"inLanguage\":\"es\",\"@id\":\"https:\/\/www.sonoraenequipo.com.mx\/#\/schema\/logo\/image\/\",\"url\":\"https:\/\/www.sonoraenequipo.com.mx\/storage\/2019\/01\/sonoraenequipo_opt.png\",\"contentUrl\":\"https:\/\/www.sonoraenequipo.com.mx\/storage\/2019\/01\/sonoraenequipo_opt.png\",\"width\":375,\"height\":125,\"caption\":\"Sonoraenequipo.com.mx\"},\"image\":{\"@id\":\"https:\/\/www.sonoraenequipo.com.mx\/#\/schema\/logo\/image\/\"},\"sameAs\":[\"https:\/\/www.facebook.com\/SonoraEE\/\",\"https:\/\/x.com\/sonoraenequipo\",\"https:\/\/www.youtube.com\/channel\/UC338nW-lPEYmJQs4ZABQ1SQ\"]},{\"@type\":\"Person\",\"@id\":\"https:\/\/www.sonoraenequipo.com.mx\/#\/schema\/person\/50102df0fb23a8fa9e8effad8fa81386\",\"name\":\"enequipo\",\"image\":{\"@type\":\"ImageObject\",\"inLanguage\":\"es\",\"@id\":\"https:\/\/www.sonoraenequipo.com.mx\/#\/schema\/person\/image\/\",\"url\":\"https:\/\/secure.gravatar.com\/avatar\/049821681b589dabc0bc20695993ccebb09f5b5d4d790cd9251b97faac7c652b?s=96&d=blank&r=g\",\"contentUrl\":\"https:\/\/secure.gravatar.com\/avatar\/049821681b589dabc0bc20695993ccebb09f5b5d4d790cd9251b97faac7c652b?s=96&d=blank&r=g\",\"caption\":\"enequipo\"},\"sameAs\":[\"https:\/\/www.facebook.com\/SonoraEE\"]}]}<\/script>\n ","yoast_head_json":{"title":"Sonora en Equipo. Pel\u00e9 recibe sepultura en la ciudad a la que dio fama mundial Deportes","description":"A lo largo de su sobresaliente carrera, Pel\u00e9 llev\u00f3 a Brasil a conquistar las Copas del Mundo de Suecia 1958, Chile 1962 y M\u00e9xico 1970. &nbsp; SANTOS, En Sonora en Equipo publicamos toda la informaci\u00f3n de Sonora, M\u00e9xico y el Mundo de manera oportuna y busca que la libertad de expresi\u00f3n sea real. Visita nuestro medio informativo publicado desde Hermosillo, Sonora. %","robots":{"index":"index","follow":"follow","max-snippet":"max-snippet:-1","max-image-preview":"max-image-preview:large","max-video-preview":"max-video-preview:-1"},"canonical":"https:\/\/www.sonoraenequipo.com.mx\/pele-recibe-sepultura-en-la-ciudad-a-la-que-dio-fama-mundial\/","og_locale":"es_ES","og_type":"article","og_title":"Sonora en Equipo. Pel\u00e9 recibe sepultura en la ciudad a la que dio fama mundial Deportes","og_description":"A lo largo de su sobresaliente carrera, Pel\u00e9 llev\u00f3 a Brasil a conquistar las Copas del Mundo de Suecia 1958, Chile 1962 y M\u00e9xico 1970. &nbsp; SANTOS, En Sonora en Equipo publicamos toda la informaci\u00f3n de Sonora, M\u00e9xico y el Mundo de manera oportuna y busca que la libertad de expresi\u00f3n sea real. Visita nuestro medio informativo publicado desde Hermosillo, Sonora. %","og_url":"https:\/\/www.sonoraenequipo.com.mx\/pele-recibe-sepultura-en-la-ciudad-a-la-que-dio-fama-mundial\/","og_site_name":"Sonora en Equipo.","article_publisher":"https:\/\/www.facebook.com\/SonoraEE\/","article_author":"https:\/\/www.facebook.com\/SonoraEE","article_published_time":"2023-01-05T21:00:24+00:00","og_image":[{"width":600,"height":400,"url":"https:\/\/www.sonoraenequipo.com.mx\/storage\/2023\/01\/pele-sepelio.jpg","type":"image\/jpeg"}],"author":"enequipo","twitter_card":"summary_large_image","twitter_creator":"@sonoraenequipo","twitter_site":"@sonoraenequipo","twitter_misc":{"Escrito por":"enequipo","Tiempo de lectura":"2 minutos"},"schema":{"@context":"https:\/\/schema.org","@graph":[{"@type":"Article","@id":"https:\/\/www.sonoraenequipo.com.mx\/pele-recibe-sepultura-en-la-ciudad-a-la-que-dio-fama-mundial\/#article","isPartOf":{"@id":"https:\/\/www.sonoraenequipo.com.mx\/pele-recibe-sepultura-en-la-ciudad-a-la-que-dio-fama-mundial\/"},"author":{"name":"enequipo","@id":"https:\/\/www.sonoraenequipo.com.mx\/#\/schema\/person\/50102df0fb23a8fa9e8effad8fa81386"},"headline":"Pel\u00e9 recibe sepultura en la ciudad a la que dio fama mundial","datePublished":"2023-01-05T21:00:24+00:00","mainEntityOfPage":{"@id":"https:\/\/www.sonoraenequipo.com.mx\/pele-recibe-sepultura-en-la-ciudad-a-la-que-dio-fama-mundial\/"},"wordCount":362,"commentCount":0,"publisher":{"@id":"https:\/\/www.sonoraenequipo.com.mx\/#organization"},"image":{"@id":"https:\/\/www.sonoraenequipo.com.mx\/pele-recibe-sepultura-en-la-ciudad-a-la-que-dio-fama-mundial\/#primaryimage"},"thumbnailUrl":"https:\/\/www.sonoraenequipo.com.mx\/storage\/2023\/01\/pele-sepelio.jpg","keywords":["Brasil","pel\u00e9","santos","sepeli"],"articleSection":["Deportes"],"inLanguage":"es","potentialAction":[{"@type":"CommentAction","name":"Comment","target":["https:\/\/www.sonoraenequipo.com.mx\/pele-recibe-sepultura-en-la-ciudad-a-la-que-dio-fama-mundial\/#respond"]}]},{"@type":"WebPage","@id":"https:\/\/www.sonoraenequipo.com.mx\/pele-recibe-sepultura-en-la-ciudad-a-la-que-dio-fama-mundial\/","url":"https:\/\/www.sonoraenequipo.com.mx\/pele-recibe-sepultura-en-la-ciudad-a-la-que-dio-fama-mundial\/","name":"Sonora en Equipo. Pel\u00e9 recibe sepultura en la ciudad a la que dio fama mundial Deportes","isPartOf":{"@id":"https:\/\/www.sonoraenequipo.com.mx\/#website"},"primaryImageOfPage":{"@id":"https:\/\/www.sonoraenequipo.com.mx\/pele-recibe-sepultura-en-la-ciudad-a-la-que-dio-fama-mundial\/#primaryimage"},"image":{"@id":"https:\/\/www.sonoraenequipo.com.mx\/pele-recibe-sepultura-en-la-ciudad-a-la-que-dio-fama-mundial\/#primaryimage"},"thumbnailUrl":"https:\/\/www.sonoraenequipo.com.mx\/storage\/2023\/01\/pele-sepelio.jpg","datePublished":"2023-01-05T21:00:24+00:00","description":"A lo largo de su sobresaliente carrera, Pel\u00e9 llev\u00f3 a Brasil a conquistar las Copas del Mundo de Suecia 1958, Chile 1962 y M\u00e9xico 1970. &nbsp; SANTOS, En Sonora en Equipo publicamos toda la informaci\u00f3n de Sonora, M\u00e9xico y el Mundo de manera oportuna y busca que la libertad de expresi\u00f3n sea real. Visita nuestro medio informativo publicado desde Hermosillo, Sonora. %","breadcrumb":{"@id":"https:\/\/www.sonoraenequipo.com.mx\/pele-recibe-sepultura-en-la-ciudad-a-la-que-dio-fama-mundial\/#breadcrumb"},"inLanguage":"es","potentialAction":[{"@type":"ReadAction","target":["https:\/\/www.sonoraenequipo.com.mx\/pele-recibe-sepultura-en-la-ciudad-a-la-que-dio-fama-mundial\/"]}]},{"@type":"ImageObject","inLanguage":"es","@id":"https:\/\/www.sonoraenequipo.com.mx\/pele-recibe-sepultura-en-la-ciudad-a-la-que-dio-fama-mundial\/#primaryimage","url":"https:\/\/www.sonoraenequipo.com.mx\/storage\/2023\/01\/pele-sepelio.jpg","contentUrl":"https:\/\/www.sonoraenequipo.com.mx\/storage\/2023\/01\/pele-sepelio.jpg","width":600,"height":400,"caption":"Cortejo f\u00fanebre de Pel\u00e9,Imagen AP"},{"@type":"BreadcrumbList","@id":"https:\/\/www.sonoraenequipo.com.mx\/pele-recibe-sepultura-en-la-ciudad-a-la-que-dio-fama-mundial\/#breadcrumb","itemListElement":[{"@type":"ListItem","position":1,"name":"Portada","item":"https:\/\/www.sonoraenequipo.com.mx\/"},{"@type":"ListItem","position":2,"name":"Pel\u00e9 recibe sepultura en la ciudad a la que dio fama mundial"}]},{"@type":"WebSite","@id":"https:\/\/www.sonoraenequipo.com.mx\/#website","url":"https:\/\/www.sonoraenequipo.com.mx\/","name":"Sonora en Equipo.","description":"Diario en l\u00ednea con Noticias desde Hermosillo, Sonora","publisher":{"@id":"https:\/\/www.sonoraenequipo.com.mx\/#organization"},"potentialAction":[{"@type":"SearchAction","target":{"@type":"EntryPoint","urlTemplate":"https:\/\/www.sonoraenequipo.com.mx\/?s={search_term_string}"},"query-input":{"@type":"PropertyValueSpecification","valueRequired":true,"valueName":"search_term_string"}}],"inLanguage":"es"},{"@type":"Organization","@id":"https:\/\/www.sonoraenequipo.com.mx\/#organization","name":"Sonoraenequipo.com.mx","url":"https:\/\/www.sonoraenequipo.com.mx\/","logo":{"@type":"ImageObject","inLanguage":"es","@id":"https:\/\/www.sonoraenequipo.com.mx\/#\/schema\/logo\/image\/","url":"https:\/\/www.sonoraenequipo.com.mx\/storage\/2019\/01\/sonoraenequipo_opt.png","contentUrl":"https:\/\/www.sonoraenequipo.com.mx\/storage\/2019\/01\/sonoraenequipo_opt.png","width":375,"height":125,"caption":"Sonoraenequipo.com.mx"},"image":{"@id":"https:\/\/www.sonoraenequipo.com.mx\/#\/schema\/logo\/image\/"},"sameAs":["https:\/\/www.facebook.com\/SonoraEE\/","https:\/\/x.com\/sonoraenequipo","https:\/\/www.youtube.com\/channel\/UC338nW-lPEYmJQs4ZABQ1SQ"]},{"@type":"Person","@id":"https:\/\/www.sonoraenequipo.com.mx\/#\/schema\/person\/50102df0fb23a8fa9e8effad8fa81386","name":"enequipo","image":{"@type":"ImageObject","inLanguage":"es","@id":"https:\/\/www.sonoraenequipo.com.mx\/#\/schema\/person\/image\/","url":"https:\/\/secure.gravatar.com\/avatar\/049821681b589dabc0bc20695993ccebb09f5b5d4d790cd9251b97faac7c652b?s=96&d=blank&r=g","contentUrl":"https:\/\/secure.gravatar.com\/avatar\/049821681b589dabc0bc20695993ccebb09f5b5d4d790cd9251b97faac7c652b?s=96&d=blank&r=g","caption":"enequipo"},"sameAs":["https:\/\/www.facebook.com\/SonoraEE"]}]}},"jetpack_featured_media_url":"https:\/\/www.sonoraenequipo.com.mx\/storage\/2023\/01\/pele-sepelio.jpg","_links":{"self":[{"href":"https:\/\/www.sonoraenequipo.com.mx\/api\/wp\/v2\/posts\/155905","targetHints":{"allow":["GET"]}}],"collection":[{"href":"https:\/\/www.sonoraenequipo.com.mx\/api\/wp\/v2\/posts"}],"about":[{"href":"https:\/\/www.sonoraenequipo.com.mx\/api\/wp\/v2\/types\/post"}],"author":[{"embeddable":true,"href":"https:\/\/www.sonoraenequipo.com.mx\/api\/wp\/v2\/users\/1"}],"replies":[{"embeddable":true,"href":"https:\/\/www.sonoraenequipo.com.mx\/api\/wp\/v2\/comments?post=155905"}],"version-history":[{"count":1,"href":"https:\/\/www.sonoraenequipo.com.mx\/api\/wp\/v2\/posts\/155905\/revisions"}],"predecessor-version":[{"id":155918,"href":"https:\/\/www.sonoraenequipo.com.mx\/api\/wp\/v2\/posts\/155905\/revisions\/155918"}],"wp:featuredmedia":[{"embeddable":true,"href":"https:\/\/www.sonoraenequipo.com.mx\/api\/wp\/v2\/media\/155917"}],"wp:attachment":[{"href":"https:\/\/www.sonoraenequipo.com.mx\/api\/wp\/v2\/media?parent=155905"}],"wp:term":[{"taxonomy":"category","embeddable":true,"href":"https:\/\/www.sonoraenequipo.com.mx\/api\/wp\/v2\/categories?post=155905"},{"taxonomy":"post_tag","embeddable":true,"href":"https:\/\/www.sonoraenequipo.com.mx\/api\/wp\/v2\/tags?post=155905"}],"curies":[{"name":"wp","href":"https:\/\/api.w.org\/{rel}","templated":true}]}}