{"id":156236,"date":"2023-01-10T09:48:27","date_gmt":"2023-01-10T16:48:27","guid":{"rendered":"https:\/\/www.sonoraenequipo.com.mx\/?p=156236"},"modified":"2023-01-10T11:56:31","modified_gmt":"2023-01-10T18:56:31","slug":"el-tiro-deportivo-sonorense-seguira-con-accion-en-torneos-internacionales","status":"publish","type":"post","link":"https:\/\/www.sonoraenequipo.com.mx\/el-tiro-deportivo-sonorense-seguira-con-accion-en-torneos-internacionales\/","title":{"rendered":"El tiro deportivo sonorense seguir\u00e1 con acci\u00f3n en torneos internacionales"},"content":{"rendered":"<p><strong>HERMOSILLO, SONORA. MX. \u2014 <\/strong>Hermosillo, Sonora, 9 de enero del 2023.- El selectivo nacional de tiro deportivo planea la asistencia a tres eventos internacionales de grueso calibre en el presente a\u00f1o y, en al menos uno de ellos, los Juegos Centroamericanos y del Caribe, habr\u00e1 presencia sonorense.<\/p>\n<p>&nbsp;<\/p>\n<p>&nbsp;<\/p>\n<p> <\/p>\n<p>&nbsp;<\/p>\n<p>&nbsp;<\/p>\n<p>Debido a que Andrea Ibarra tiene asegurado el boleto a los JCC en San Salvador, El Salvador, despu\u00e9s de que obtuvo la plaza en junio pasado en el Campeonato Centroamericano y del Caribe efectuado en Guatemala, en donde gan\u00f3 plata en pistola de aire y bronce en la modalidad de fuego.<\/p>\n<p>&nbsp;<\/p>\n<p>&nbsp;<\/p>\n<p>Sobre los pases a los Juego Panamericanos, a celebrarse del 20 de octubre al 5 de noviembre en Santiago de Chile, el entrenador de dicha disciplina en Sonora, Aurelio P\u00e9rez, se\u00f1al\u00f3 que la Federaci\u00f3n Mexicana de Tiro Deportivo realizar\u00e1 dos selectivos, el primero de ellos ser\u00e1 en marzo en Guadalajara, Jalisco.<\/p>\n<p>&nbsp;<\/p>\n<p>&nbsp;<\/p>\n<p>P\u00e9rez Andr\u00e9u coment\u00f3 que originalmente el arranque era en Monterrey, Nuevo Le\u00f3n, a finales de enero, pero la fecha se recorrer\u00e1, pues el campo de tiro deportivo de la capital regia est\u00e1 recibiendo algunas mejoras.<\/p>\n<p>&nbsp;<\/p>\n<p>&nbsp;<\/p>\n<p>Destac\u00f3 que tanto Andrea Ibarra como David Valdez Mouet buscar\u00edan los pasajes a la cita continental, quienes, de igual forma, tambi\u00e9n podr\u00edan acudir a otro evento internacional, el Grand Prix de Barcelona, pactado para efectuarse el mismo mes de marzo.<\/p>\n<p>&nbsp;<\/p>\n<p>&nbsp;<\/p>\n<p>Dentro del plano nacional, el estratega de tiro deportivo en la entidad mencion\u00f3 la celebraci\u00f3n de dos selectivos: el de rifle y el de pistola (marzo), rumbo a los Nacionales Conade (mayo), tomando en cuenta que Guadalajara, Jalisco, ser\u00eda la sede de los tres torneos.<\/p>\n<p>&nbsp;<\/p>\n<p>&nbsp;<\/p>\n<p>PUBLICADO EL 09\/ENERO\/2023 \/Con informaci\u00f3n de GOBSON 0123-054)<\/p>\n","protected":false},"excerpt":{"rendered":"<p>HERMOSILLO, SONORA. MX. \u2014 Hermosillo, Sonora, 9 de enero del 2023.- El selectivo nacional de&#8230;<\/p>\n","protected":false},"author":1,"featured_media":156237,"comment_status":"open","ping_status":"open","sticky":false,"template":"","format":"standard","meta":{"_monsterinsights_skip_tracking":false,"_monsterinsights_sitenote_active":false,"_monsterinsights_sitenote_note":"","_monsterinsights_sitenote_category":0,"footnotes":""},"categories":[10],"tags":[],"class_list":["post"],"yoast_head":" \n<title>Sonora en Equipo. El tiro deportivo sonorense seguir\u00e1 con acci\u00f3n en torneos internacionales Deportes<\/title>\n<meta name=\"description\" content=\"HERMOSILLO, SONORA. MX. \u2014 Hermosillo, Sonora, 9 de enero del 2023.- El selectivo nacional de tiro deportivo planea la asistencia a tres eventos En Sonora en Equipo publicamos toda la informaci\u00f3n de Sonora, M\u00e9xico y el Mundo de manera oportuna y busca que la libertad de expresi\u00f3n sea real. Visita nuestro medio informativo publicado desde Hermosillo, Sonora. %\" \/>\n<meta name=\"robots\" content=\"index, follow, max-snippet:-1, max-image-preview:large, max-video-preview:-1\" \/>\n<link rel=\"canonical\" href=\"https:\/\/www.sonoraenequipo.com.mx\/el-tiro-deportivo-sonorense-seguira-con-accion-en-torneos-internacionales\/\" \/>\n<meta property=\"og:locale\" content=\"es_ES\" \/>\n<meta property=\"og:type\" content=\"article\" \/>\n<meta property=\"og:title\" content=\"Sonora en Equipo. El tiro deportivo sonorense seguir\u00e1 con acci\u00f3n en torneos internacionales Deportes\" \/>\n<meta property=\"og:description\" content=\"HERMOSILLO, SONORA. MX. \u2014 Hermosillo, Sonora, 9 de enero del 2023.- El selectivo nacional de tiro deportivo planea la asistencia a tres eventos En Sonora en Equipo publicamos toda la informaci\u00f3n de Sonora, M\u00e9xico y el Mundo de manera oportuna y busca que la libertad de expresi\u00f3n sea real. Visita nuestro medio informativo publicado desde Hermosillo, Sonora. %\" \/>\n<meta property=\"og:url\" content=\"https:\/\/www.sonoraenequipo.com.mx\/el-tiro-deportivo-sonorense-seguira-con-accion-en-torneos-internacionales\/\" \/>\n<meta property=\"og:site_name\" content=\"Sonora en Equipo.\" \/>\n<meta property=\"article:publisher\" content=\"https:\/\/www.facebook.com\/SonoraEE\/\" \/>\n<meta property=\"article:author\" content=\"https:\/\/www.facebook.com\/SonoraEE\" \/>\n<meta property=\"article:published_time\" content=\"2023-01-10T16:48:27+00:00\" \/>\n<meta property=\"article:modified_time\" content=\"2023-01-10T18:56:31+00:00\" \/>\n<meta property=\"og:image\" content=\"https:\/\/www.sonoraenequipo.com.mx\/storage\/2023\/01\/tiro-deportivo-sonorense.jpg\" \/>\n\t<meta property=\"og:image:width\" content=\"900\" \/>\n\t<meta property=\"og:image:height\" content=\"514\" \/>\n\t<meta property=\"og:image:type\" content=\"image\/jpeg\" \/>\n<meta name=\"author\" content=\"enequipo\" \/>\n<meta name=\"twitter:card\" content=\"summary_large_image\" \/>\n<meta name=\"twitter:creator\" content=\"@sonoraenequipo\" \/>\n<meta name=\"twitter:site\" content=\"@sonoraenequipo\" \/>\n<meta name=\"twitter:label1\" content=\"Escrito por\" \/>\n\t<meta name=\"twitter:data1\" content=\"enequipo\" \/>\n\t<meta name=\"twitter:label2\" content=\"Tiempo de lectura\" \/>\n\t<meta name=\"twitter:data2\" content=\"2 minutos\" \/>\n<script type=\"application\/ld+json\" class=\"yoast-schema-graph\">{\"@context\":\"https:\/\/schema.org\",\"@graph\":[{\"@type\":\"Article\",\"@id\":\"https:\/\/www.sonoraenequipo.com.mx\/el-tiro-deportivo-sonorense-seguira-con-accion-en-torneos-internacionales\/#article\",\"isPartOf\":{\"@id\":\"https:\/\/www.sonoraenequipo.com.mx\/el-tiro-deportivo-sonorense-seguira-con-accion-en-torneos-internacionales\/\"},\"author\":{\"name\":\"enequipo\",\"@id\":\"https:\/\/www.sonoraenequipo.com.mx\/#\/schema\/person\/50102df0fb23a8fa9e8effad8fa81386\"},\"headline\":\"El tiro deportivo sonorense seguir\u00e1 con acci\u00f3n en torneos internacionales\",\"datePublished\":\"2023-01-10T16:48:27+00:00\",\"dateModified\":\"2023-01-10T18:56:31+00:00\",\"mainEntityOfPage\":{\"@id\":\"https:\/\/www.sonoraenequipo.com.mx\/el-tiro-deportivo-sonorense-seguira-con-accion-en-torneos-internacionales\/\"},\"wordCount\":312,\"commentCount\":0,\"publisher\":{\"@id\":\"https:\/\/www.sonoraenequipo.com.mx\/#organization\"},\"image\":{\"@id\":\"https:\/\/www.sonoraenequipo.com.mx\/el-tiro-deportivo-sonorense-seguira-con-accion-en-torneos-internacionales\/#primaryimage\"},\"thumbnailUrl\":\"https:\/\/www.sonoraenequipo.com.mx\/storage\/2023\/01\/tiro-deportivo-sonorense.jpg\",\"articleSection\":[\"Deportes\"],\"inLanguage\":\"es\",\"potentialAction\":[{\"@type\":\"CommentAction\",\"name\":\"Comment\",\"target\":[\"https:\/\/www.sonoraenequipo.com.mx\/el-tiro-deportivo-sonorense-seguira-con-accion-en-torneos-internacionales\/#respond\"]}]},{\"@type\":\"WebPage\",\"@id\":\"https:\/\/www.sonoraenequipo.com.mx\/el-tiro-deportivo-sonorense-seguira-con-accion-en-torneos-internacionales\/\",\"url\":\"https:\/\/www.sonoraenequipo.com.mx\/el-tiro-deportivo-sonorense-seguira-con-accion-en-torneos-internacionales\/\",\"name\":\"Sonora en Equipo. El tiro deportivo sonorense seguir\u00e1 con acci\u00f3n en torneos internacionales Deportes\",\"isPartOf\":{\"@id\":\"https:\/\/www.sonoraenequipo.com.mx\/#website\"},\"primaryImageOfPage\":{\"@id\":\"https:\/\/www.sonoraenequipo.com.mx\/el-tiro-deportivo-sonorense-seguira-con-accion-en-torneos-internacionales\/#primaryimage\"},\"image\":{\"@id\":\"https:\/\/www.sonoraenequipo.com.mx\/el-tiro-deportivo-sonorense-seguira-con-accion-en-torneos-internacionales\/#primaryimage\"},\"thumbnailUrl\":\"https:\/\/www.sonoraenequipo.com.mx\/storage\/2023\/01\/tiro-deportivo-sonorense.jpg\",\"datePublished\":\"2023-01-10T16:48:27+00:00\",\"dateModified\":\"2023-01-10T18:56:31+00:00\",\"description\":\"HERMOSILLO, SONORA. MX. \u2014 Hermosillo, Sonora, 9 de enero del 2023.- El selectivo nacional de tiro deportivo planea la asistencia a tres eventos En Sonora en Equipo publicamos toda la informaci\u00f3n de Sonora, M\u00e9xico y el Mundo de manera oportuna y busca que la libertad de expresi\u00f3n sea real. Visita nuestro medio informativo publicado desde Hermosillo, Sonora. %\",\"breadcrumb\":{\"@id\":\"https:\/\/www.sonoraenequipo.com.mx\/el-tiro-deportivo-sonorense-seguira-con-accion-en-torneos-internacionales\/#breadcrumb\"},\"inLanguage\":\"es\",\"potentialAction\":[{\"@type\":\"ReadAction\",\"target\":[\"https:\/\/www.sonoraenequipo.com.mx\/el-tiro-deportivo-sonorense-seguira-con-accion-en-torneos-internacionales\/\"]}]},{\"@type\":\"ImageObject\",\"inLanguage\":\"es\",\"@id\":\"https:\/\/www.sonoraenequipo.com.mx\/el-tiro-deportivo-sonorense-seguira-con-accion-en-torneos-internacionales\/#primaryimage\",\"url\":\"https:\/\/www.sonoraenequipo.com.mx\/storage\/2023\/01\/tiro-deportivo-sonorense.jpg\",\"contentUrl\":\"https:\/\/www.sonoraenequipo.com.mx\/storage\/2023\/01\/tiro-deportivo-sonorense.jpg\",\"width\":900,\"height\":514},{\"@type\":\"BreadcrumbList\",\"@id\":\"https:\/\/www.sonoraenequipo.com.mx\/el-tiro-deportivo-sonorense-seguira-con-accion-en-torneos-internacionales\/#breadcrumb\",\"itemListElement\":[{\"@type\":\"ListItem\",\"position\":1,\"name\":\"Portada\",\"item\":\"https:\/\/www.sonoraenequipo.com.mx\/\"},{\"@type\":\"ListItem\",\"position\":2,\"name\":\"El tiro deportivo sonorense seguir\u00e1 con acci\u00f3n en torneos internacionales\"}]},{\"@type\":\"WebSite\",\"@id\":\"https:\/\/www.sonoraenequipo.com.mx\/#website\",\"url\":\"https:\/\/www.sonoraenequipo.com.mx\/\",\"name\":\"Sonora en Equipo.\",\"description\":\"Diario en l\u00ednea con Noticias desde Hermosillo, Sonora\",\"publisher\":{\"@id\":\"https:\/\/www.sonoraenequipo.com.mx\/#organization\"},\"potentialAction\":[{\"@type\":\"SearchAction\",\"target\":{\"@type\":\"EntryPoint\",\"urlTemplate\":\"https:\/\/www.sonoraenequipo.com.mx\/?s={search_term_string}\"},\"query-input\":{\"@type\":\"PropertyValueSpecification\",\"valueRequired\":true,\"valueName\":\"search_term_string\"}}],\"inLanguage\":\"es\"},{\"@type\":\"Organization\",\"@id\":\"https:\/\/www.sonoraenequipo.com.mx\/#organization\",\"name\":\"Sonoraenequipo.com.mx\",\"url\":\"https:\/\/www.sonoraenequipo.com.mx\/\",\"logo\":{\"@type\":\"ImageObject\",\"inLanguage\":\"es\",\"@id\":\"https:\/\/www.sonoraenequipo.com.mx\/#\/schema\/logo\/image\/\",\"url\":\"https:\/\/www.sonoraenequipo.com.mx\/storage\/2019\/01\/sonoraenequipo_opt.png\",\"contentUrl\":\"https:\/\/www.sonoraenequipo.com.mx\/storage\/2019\/01\/sonoraenequipo_opt.png\",\"width\":375,\"height\":125,\"caption\":\"Sonoraenequipo.com.mx\"},\"image\":{\"@id\":\"https:\/\/www.sonoraenequipo.com.mx\/#\/schema\/logo\/image\/\"},\"sameAs\":[\"https:\/\/www.facebook.com\/SonoraEE\/\",\"https:\/\/x.com\/sonoraenequipo\",\"https:\/\/www.youtube.com\/channel\/UC338nW-lPEYmJQs4ZABQ1SQ\"]},{\"@type\":\"Person\",\"@id\":\"https:\/\/www.sonoraenequipo.com.mx\/#\/schema\/person\/50102df0fb23a8fa9e8effad8fa81386\",\"name\":\"enequipo\",\"image\":{\"@type\":\"ImageObject\",\"inLanguage\":\"es\",\"@id\":\"https:\/\/www.sonoraenequipo.com.mx\/#\/schema\/person\/image\/\",\"url\":\"https:\/\/secure.gravatar.com\/avatar\/049821681b589dabc0bc20695993ccebb09f5b5d4d790cd9251b97faac7c652b?s=96&d=blank&r=g\",\"contentUrl\":\"https:\/\/secure.gravatar.com\/avatar\/049821681b589dabc0bc20695993ccebb09f5b5d4d790cd9251b97faac7c652b?s=96&d=blank&r=g\",\"caption\":\"enequipo\"},\"sameAs\":[\"https:\/\/www.facebook.com\/SonoraEE\"]}]}<\/script>\n ","yoast_head_json":{"title":"Sonora en Equipo. El tiro deportivo sonorense seguir\u00e1 con acci\u00f3n en torneos internacionales Deportes","description":"HERMOSILLO, SONORA. MX. \u2014 Hermosillo, Sonora, 9 de enero del 2023.- El selectivo nacional de tiro deportivo planea la asistencia a tres eventos En Sonora en Equipo publicamos toda la informaci\u00f3n de Sonora, M\u00e9xico y el Mundo de manera oportuna y busca que la libertad de expresi\u00f3n sea real. Visita nuestro medio informativo publicado desde Hermosillo, Sonora. %","robots":{"index":"index","follow":"follow","max-snippet":"max-snippet:-1","max-image-preview":"max-image-preview:large","max-video-preview":"max-video-preview:-1"},"canonical":"https:\/\/www.sonoraenequipo.com.mx\/el-tiro-deportivo-sonorense-seguira-con-accion-en-torneos-internacionales\/","og_locale":"es_ES","og_type":"article","og_title":"Sonora en Equipo. El tiro deportivo sonorense seguir\u00e1 con acci\u00f3n en torneos internacionales Deportes","og_description":"HERMOSILLO, SONORA. MX. \u2014 Hermosillo, Sonora, 9 de enero del 2023.- El selectivo nacional de tiro deportivo planea la asistencia a tres eventos En Sonora en Equipo publicamos toda la informaci\u00f3n de Sonora, M\u00e9xico y el Mundo de manera oportuna y busca que la libertad de expresi\u00f3n sea real. Visita nuestro medio informativo publicado desde Hermosillo, Sonora. %","og_url":"https:\/\/www.sonoraenequipo.com.mx\/el-tiro-deportivo-sonorense-seguira-con-accion-en-torneos-internacionales\/","og_site_name":"Sonora en Equipo.","article_publisher":"https:\/\/www.facebook.com\/SonoraEE\/","article_author":"https:\/\/www.facebook.com\/SonoraEE","article_published_time":"2023-01-10T16:48:27+00:00","article_modified_time":"2023-01-10T18:56:31+00:00","og_image":[{"width":900,"height":514,"url":"https:\/\/www.sonoraenequipo.com.mx\/storage\/2023\/01\/tiro-deportivo-sonorense.jpg","type":"image\/jpeg"}],"author":"enequipo","twitter_card":"summary_large_image","twitter_creator":"@sonoraenequipo","twitter_site":"@sonoraenequipo","twitter_misc":{"Escrito por":"enequipo","Tiempo de lectura":"2 minutos"},"schema":{"@context":"https:\/\/schema.org","@graph":[{"@type":"Article","@id":"https:\/\/www.sonoraenequipo.com.mx\/el-tiro-deportivo-sonorense-seguira-con-accion-en-torneos-internacionales\/#article","isPartOf":{"@id":"https:\/\/www.sonoraenequipo.com.mx\/el-tiro-deportivo-sonorense-seguira-con-accion-en-torneos-internacionales\/"},"author":{"name":"enequipo","@id":"https:\/\/www.sonoraenequipo.com.mx\/#\/schema\/person\/50102df0fb23a8fa9e8effad8fa81386"},"headline":"El tiro deportivo sonorense seguir\u00e1 con acci\u00f3n en torneos internacionales","datePublished":"2023-01-10T16:48:27+00:00","dateModified":"2023-01-10T18:56:31+00:00","mainEntityOfPage":{"@id":"https:\/\/www.sonoraenequipo.com.mx\/el-tiro-deportivo-sonorense-seguira-con-accion-en-torneos-internacionales\/"},"wordCount":312,"commentCount":0,"publisher":{"@id":"https:\/\/www.sonoraenequipo.com.mx\/#organization"},"image":{"@id":"https:\/\/www.sonoraenequipo.com.mx\/el-tiro-deportivo-sonorense-seguira-con-accion-en-torneos-internacionales\/#primaryimage"},"thumbnailUrl":"https:\/\/www.sonoraenequipo.com.mx\/storage\/2023\/01\/tiro-deportivo-sonorense.jpg","articleSection":["Deportes"],"inLanguage":"es","potentialAction":[{"@type":"CommentAction","name":"Comment","target":["https:\/\/www.sonoraenequipo.com.mx\/el-tiro-deportivo-sonorense-seguira-con-accion-en-torneos-internacionales\/#respond"]}]},{"@type":"WebPage","@id":"https:\/\/www.sonoraenequipo.com.mx\/el-tiro-deportivo-sonorense-seguira-con-accion-en-torneos-internacionales\/","url":"https:\/\/www.sonoraenequipo.com.mx\/el-tiro-deportivo-sonorense-seguira-con-accion-en-torneos-internacionales\/","name":"Sonora en Equipo. El tiro deportivo sonorense seguir\u00e1 con acci\u00f3n en torneos internacionales Deportes","isPartOf":{"@id":"https:\/\/www.sonoraenequipo.com.mx\/#website"},"primaryImageOfPage":{"@id":"https:\/\/www.sonoraenequipo.com.mx\/el-tiro-deportivo-sonorense-seguira-con-accion-en-torneos-internacionales\/#primaryimage"},"image":{"@id":"https:\/\/www.sonoraenequipo.com.mx\/el-tiro-deportivo-sonorense-seguira-con-accion-en-torneos-internacionales\/#primaryimage"},"thumbnailUrl":"https:\/\/www.sonoraenequipo.com.mx\/storage\/2023\/01\/tiro-deportivo-sonorense.jpg","datePublished":"2023-01-10T16:48:27+00:00","dateModified":"2023-01-10T18:56:31+00:00","description":"HERMOSILLO, SONORA. MX. \u2014 Hermosillo, Sonora, 9 de enero del 2023.- El selectivo nacional de tiro deportivo planea la asistencia a tres eventos En Sonora en Equipo publicamos toda la informaci\u00f3n de Sonora, M\u00e9xico y el Mundo de manera oportuna y busca que la libertad de expresi\u00f3n sea real. Visita nuestro medio informativo publicado desde Hermosillo, Sonora. %","breadcrumb":{"@id":"https:\/\/www.sonoraenequipo.com.mx\/el-tiro-deportivo-sonorense-seguira-con-accion-en-torneos-internacionales\/#breadcrumb"},"inLanguage":"es","potentialAction":[{"@type":"ReadAction","target":["https:\/\/www.sonoraenequipo.com.mx\/el-tiro-deportivo-sonorense-seguira-con-accion-en-torneos-internacionales\/"]}]},{"@type":"ImageObject","inLanguage":"es","@id":"https:\/\/www.sonoraenequipo.com.mx\/el-tiro-deportivo-sonorense-seguira-con-accion-en-torneos-internacionales\/#primaryimage","url":"https:\/\/www.sonoraenequipo.com.mx\/storage\/2023\/01\/tiro-deportivo-sonorense.jpg","contentUrl":"https:\/\/www.sonoraenequipo.com.mx\/storage\/2023\/01\/tiro-deportivo-sonorense.jpg","width":900,"height":514},{"@type":"BreadcrumbList","@id":"https:\/\/www.sonoraenequipo.com.mx\/el-tiro-deportivo-sonorense-seguira-con-accion-en-torneos-internacionales\/#breadcrumb","itemListElement":[{"@type":"ListItem","position":1,"name":"Portada","item":"https:\/\/www.sonoraenequipo.com.mx\/"},{"@type":"ListItem","position":2,"name":"El tiro deportivo sonorense seguir\u00e1 con acci\u00f3n en torneos internacionales"}]},{"@type":"WebSite","@id":"https:\/\/www.sonoraenequipo.com.mx\/#website","url":"https:\/\/www.sonoraenequipo.com.mx\/","name":"Sonora en Equipo.","description":"Diario en l\u00ednea con Noticias desde Hermosillo, Sonora","publisher":{"@id":"https:\/\/www.sonoraenequipo.com.mx\/#organization"},"potentialAction":[{"@type":"SearchAction","target":{"@type":"EntryPoint","urlTemplate":"https:\/\/www.sonoraenequipo.com.mx\/?s={search_term_string}"},"query-input":{"@type":"PropertyValueSpecification","valueRequired":true,"valueName":"search_term_string"}}],"inLanguage":"es"},{"@type":"Organization","@id":"https:\/\/www.sonoraenequipo.com.mx\/#organization","name":"Sonoraenequipo.com.mx","url":"https:\/\/www.sonoraenequipo.com.mx\/","logo":{"@type":"ImageObject","inLanguage":"es","@id":"https:\/\/www.sonoraenequipo.com.mx\/#\/schema\/logo\/image\/","url":"https:\/\/www.sonoraenequipo.com.mx\/storage\/2019\/01\/sonoraenequipo_opt.png","contentUrl":"https:\/\/www.sonoraenequipo.com.mx\/storage\/2019\/01\/sonoraenequipo_opt.png","width":375,"height":125,"caption":"Sonoraenequipo.com.mx"},"image":{"@id":"https:\/\/www.sonoraenequipo.com.mx\/#\/schema\/logo\/image\/"},"sameAs":["https:\/\/www.facebook.com\/SonoraEE\/","https:\/\/x.com\/sonoraenequipo","https:\/\/www.youtube.com\/channel\/UC338nW-lPEYmJQs4ZABQ1SQ"]},{"@type":"Person","@id":"https:\/\/www.sonoraenequipo.com.mx\/#\/schema\/person\/50102df0fb23a8fa9e8effad8fa81386","name":"enequipo","image":{"@type":"ImageObject","inLanguage":"es","@id":"https:\/\/www.sonoraenequipo.com.mx\/#\/schema\/person\/image\/","url":"https:\/\/secure.gravatar.com\/avatar\/049821681b589dabc0bc20695993ccebb09f5b5d4d790cd9251b97faac7c652b?s=96&d=blank&r=g","contentUrl":"https:\/\/secure.gravatar.com\/avatar\/049821681b589dabc0bc20695993ccebb09f5b5d4d790cd9251b97faac7c652b?s=96&d=blank&r=g","caption":"enequipo"},"sameAs":["https:\/\/www.facebook.com\/SonoraEE"]}]}},"jetpack_featured_media_url":"https:\/\/www.sonoraenequipo.com.mx\/storage\/2023\/01\/tiro-deportivo-sonorense.jpg","_links":{"self":[{"href":"https:\/\/www.sonoraenequipo.com.mx\/api\/wp\/v2\/posts\/156236","targetHints":{"allow":["GET"]}}],"collection":[{"href":"https:\/\/www.sonoraenequipo.com.mx\/api\/wp\/v2\/posts"}],"about":[{"href":"https:\/\/www.sonoraenequipo.com.mx\/api\/wp\/v2\/types\/post"}],"author":[{"embeddable":true,"href":"https:\/\/www.sonoraenequipo.com.mx\/api\/wp\/v2\/users\/1"}],"replies":[{"embeddable":true,"href":"https:\/\/www.sonoraenequipo.com.mx\/api\/wp\/v2\/comments?post=156236"}],"version-history":[{"count":1,"href":"https:\/\/www.sonoraenequipo.com.mx\/api\/wp\/v2\/posts\/156236\/revisions"}],"predecessor-version":[{"id":156238,"href":"https:\/\/www.sonoraenequipo.com.mx\/api\/wp\/v2\/posts\/156236\/revisions\/156238"}],"wp:featuredmedia":[{"embeddable":true,"href":"https:\/\/www.sonoraenequipo.com.mx\/api\/wp\/v2\/media\/156237"}],"wp:attachment":[{"href":"https:\/\/www.sonoraenequipo.com.mx\/api\/wp\/v2\/media?parent=156236"}],"wp:term":[{"taxonomy":"category","embeddable":true,"href":"https:\/\/www.sonoraenequipo.com.mx\/api\/wp\/v2\/categories?post=156236"},{"taxonomy":"post_tag","embeddable":true,"href":"https:\/\/www.sonoraenequipo.com.mx\/api\/wp\/v2\/tags?post=156236"}],"curies":[{"name":"wp","href":"https:\/\/api.w.org\/{rel}","templated":true}]}}