{"id":156245,"date":"2023-01-10T08:44:05","date_gmt":"2023-01-10T15:44:05","guid":{"rendered":"https:\/\/www.sonoraenequipo.com.mx\/?p=156245"},"modified":"2023-01-10T12:59:39","modified_gmt":"2023-01-10T19:59:39","slug":"sonora-sera-sede-de-asamblea-nacional-del-consejo-mexicano-de-educacion-aeroespacial","status":"publish","type":"post","link":"https:\/\/www.sonoraenequipo.com.mx\/sonora-sera-sede-de-asamblea-nacional-del-consejo-mexicano-de-educacion-aeroespacial\/","title":{"rendered":"Sonora ser\u00e1 sede de asamblea nacional del Consejo Mexicano de Educaci\u00f3n Aeroespacial"},"content":{"rendered":"<p><strong>HERMOSILLO, SONORA. MX. \u2014\u00a0<\/strong> La Universidad Tecnol\u00f3gica de Hermosillo (UTH) ser\u00e1 sede de la primera asamblea nacional 2023 del Consejo Mexicano de Educaci\u00f3n Aeroespacial (Comea) que se llevar\u00e1 a cabo el pr\u00f3ximo mes de marzo, anunci\u00f3 Abel Leyva Castellanos.<\/p>\n<p>&nbsp;<\/p>\n<p> <\/p>\n<p>&nbsp;<\/p>\n<p>El rector de la UTH destac\u00f3 que, durante el evento, la instituci\u00f3n recibir\u00e1 a rectores de las universidades tecnol\u00f3gicas y polit\u00e9cnicas del pa\u00eds que ofrecen el programa educativo de Manufactura Aeron\u00e1utica, \u00e1rea Maquinados de Precisi\u00f3n.<\/p>\n<p>&nbsp;<\/p>\n<p>Subray\u00f3 que los asistentes participar\u00e1n en actividades para revisar y actualizar, en su caso, los planes de estudios tanto del nivel de T\u00e9cnico Superior Universitario (TSU) como el de ingenier\u00eda.<\/p>\n<p>&nbsp;<\/p>\n<p>&nbsp;<\/p>\n<p><strong><em>\u201cEstos acontecimientos son relevantes para la entidad, al ser Sonora el segundo estado de la Rep\u00fablica con mayor cantidad de industrias dedicadas al giro de la manufactura aeron\u00e1utica\u201d,<\/em><\/strong> abund\u00f3.<\/p>\n<p>&nbsp;<\/p>\n<p>&nbsp;<\/p>\n<p>Tambi\u00e9n se\u00f1al\u00f3 que la agenda de la asamblea nacional del Comea permitir\u00e1 dar un impulso significativo al tema de semiconductores, que actualmente se desarrolla en la UTH para la apertura de un nuevo programa educativo.<\/p>\n<p>&nbsp;<\/p>\n<p>&nbsp;<\/p>\n<p>Asimismo, dijo, es una gran oportunidad para difundir diversas investigaciones en curso realizadas por docentes de Mecatr\u00f3nica y Manufactura Aeron\u00e1utica, sobre Materiales compuestos, Sistemas embebidos y de control, entre otros t\u00f3picos.<\/p>\n<p>&nbsp;<\/p>\n<p>&nbsp;<\/p>\n<p>Isabel Villa Medina, secretaria de Vinculaci\u00f3n de la UTH, detall\u00f3 que asistir\u00e1n representantes de instituciones educativas y empresas de Quer\u00e9taro, Chihuahua y Baja California, entre otros estados adscritos al Comea.<\/p>\n<p>&nbsp;<\/p>\n<p>&nbsp;<\/p>\n<p>La UTH pertenece a dicho organismo desde 2018, con la finalidad de mantener a la vanguardia la carrera de Manufactura Aeron\u00e1utica que ofrece a sus estudiantes.<\/p>\n<p>&nbsp;<\/p>\n<p>&nbsp;<\/p>\n<p>El Consejo Mexicano de Educaci\u00f3n Aeroespacial es una organizaci\u00f3n que se distingue por agrupar y fortalecer a las instituciones educativas que se dedican a la ense\u00f1anza y la investigaci\u00f3n aeroespacial en M\u00e9xico, apoyando con ello a la formaci\u00f3n del capital humano del sector industrial aeroespacial mexicano.<\/p>\n<p>&nbsp;<\/p>\n<p>Villa Medina puntualiz\u00f3 que los egresados de la carrera de Manufactura Aeron\u00e1utica de la UTH incursionan exitosamente en la creciente industria nacional e internacional.<\/p>\n<p>&nbsp;<\/p>\n<p>&nbsp;<\/p>\n<p>PUBLICADO EL 09\/ENERO\/2023 \/Con informaci\u00f3n de GOBSON 0123-050)<\/p>\n","protected":false},"excerpt":{"rendered":"<p>HERMOSILLO, SONORA. MX. \u2014\u00a0 La Universidad Tecnol\u00f3gica de Hermosillo (UTH) ser\u00e1 sede de la primera&#8230;<\/p>\n","protected":false},"author":1,"featured_media":0,"comment_status":"open","ping_status":"open","sticky":false,"template":"","format":"standard","meta":{"_monsterinsights_skip_tracking":false,"_monsterinsights_sitenote_active":false,"_monsterinsights_sitenote_note":"","_monsterinsights_sitenote_category":0,"footnotes":""},"categories":[22],"tags":[],"class_list":["post"],"yoast_head":" \n<title>Sonora en Equipo. Sonora ser\u00e1 sede de asamblea nacional del Consejo Mexicano de Educaci\u00f3n Aeroespacial Sonora<\/title>\n<meta name=\"description\" content=\"HERMOSILLO, SONORA. MX. \u2014\u00a0 La Universidad Tecnol\u00f3gica de Hermosillo (UTH) ser\u00e1 sede de la primera asamblea nacional 2023 del Consejo Mexicano de Educaci\u00f3n En Sonora en Equipo publicamos toda la informaci\u00f3n de Sonora, M\u00e9xico y el Mundo de manera oportuna y busca que la libertad de expresi\u00f3n sea real. Visita nuestro medio informativo publicado desde Hermosillo, Sonora. %\" \/>\n<meta name=\"robots\" content=\"index, follow, max-snippet:-1, max-image-preview:large, max-video-preview:-1\" \/>\n<link rel=\"canonical\" href=\"https:\/\/www.sonoraenequipo.com.mx\/sonora-sera-sede-de-asamblea-nacional-del-consejo-mexicano-de-educacion-aeroespacial\/\" \/>\n<meta property=\"og:locale\" content=\"es_ES\" \/>\n<meta property=\"og:type\" content=\"article\" \/>\n<meta property=\"og:title\" content=\"Sonora en Equipo. Sonora ser\u00e1 sede de asamblea nacional del Consejo Mexicano de Educaci\u00f3n Aeroespacial Sonora\" \/>\n<meta property=\"og:description\" content=\"HERMOSILLO, SONORA. MX. \u2014\u00a0 La Universidad Tecnol\u00f3gica de Hermosillo (UTH) ser\u00e1 sede de la primera asamblea nacional 2023 del Consejo Mexicano de Educaci\u00f3n En Sonora en Equipo publicamos toda la informaci\u00f3n de Sonora, M\u00e9xico y el Mundo de manera oportuna y busca que la libertad de expresi\u00f3n sea real. Visita nuestro medio informativo publicado desde Hermosillo, Sonora. %\" \/>\n<meta property=\"og:url\" content=\"https:\/\/www.sonoraenequipo.com.mx\/sonora-sera-sede-de-asamblea-nacional-del-consejo-mexicano-de-educacion-aeroespacial\/\" \/>\n<meta property=\"og:site_name\" content=\"Sonora en Equipo.\" \/>\n<meta property=\"article:publisher\" content=\"https:\/\/www.facebook.com\/SonoraEE\/\" \/>\n<meta property=\"article:author\" content=\"https:\/\/www.facebook.com\/SonoraEE\" \/>\n<meta property=\"article:published_time\" content=\"2023-01-10T15:44:05+00:00\" \/>\n<meta property=\"article:modified_time\" content=\"2023-01-10T19:59:39+00:00\" \/>\n<meta name=\"author\" content=\"enequipo\" \/>\n<meta name=\"twitter:card\" content=\"summary_large_image\" \/>\n<meta name=\"twitter:creator\" content=\"@sonoraenequipo\" \/>\n<meta name=\"twitter:site\" content=\"@sonoraenequipo\" \/>\n<meta name=\"twitter:label1\" content=\"Escrito por\" \/>\n\t<meta name=\"twitter:data1\" content=\"enequipo\" \/>\n\t<meta name=\"twitter:label2\" content=\"Tiempo de lectura\" \/>\n\t<meta name=\"twitter:data2\" content=\"2 minutos\" \/>\n<script type=\"application\/ld+json\" class=\"yoast-schema-graph\">{\"@context\":\"https:\/\/schema.org\",\"@graph\":[{\"@type\":\"Article\",\"@id\":\"https:\/\/www.sonoraenequipo.com.mx\/sonora-sera-sede-de-asamblea-nacional-del-consejo-mexicano-de-educacion-aeroespacial\/#article\",\"isPartOf\":{\"@id\":\"https:\/\/www.sonoraenequipo.com.mx\/sonora-sera-sede-de-asamblea-nacional-del-consejo-mexicano-de-educacion-aeroespacial\/\"},\"author\":{\"name\":\"enequipo\",\"@id\":\"https:\/\/www.sonoraenequipo.com.mx\/#\/schema\/person\/50102df0fb23a8fa9e8effad8fa81386\"},\"headline\":\"Sonora ser\u00e1 sede de asamblea nacional del Consejo Mexicano de Educaci\u00f3n Aeroespacial\",\"datePublished\":\"2023-01-10T15:44:05+00:00\",\"dateModified\":\"2023-01-10T19:59:39+00:00\",\"mainEntityOfPage\":{\"@id\":\"https:\/\/www.sonoraenequipo.com.mx\/sonora-sera-sede-de-asamblea-nacional-del-consejo-mexicano-de-educacion-aeroespacial\/\"},\"wordCount\":392,\"commentCount\":0,\"publisher\":{\"@id\":\"https:\/\/www.sonoraenequipo.com.mx\/#organization\"},\"articleSection\":[\"Sonora\"],\"inLanguage\":\"es\",\"potentialAction\":[{\"@type\":\"CommentAction\",\"name\":\"Comment\",\"target\":[\"https:\/\/www.sonoraenequipo.com.mx\/sonora-sera-sede-de-asamblea-nacional-del-consejo-mexicano-de-educacion-aeroespacial\/#respond\"]}]},{\"@type\":\"WebPage\",\"@id\":\"https:\/\/www.sonoraenequipo.com.mx\/sonora-sera-sede-de-asamblea-nacional-del-consejo-mexicano-de-educacion-aeroespacial\/\",\"url\":\"https:\/\/www.sonoraenequipo.com.mx\/sonora-sera-sede-de-asamblea-nacional-del-consejo-mexicano-de-educacion-aeroespacial\/\",\"name\":\"Sonora en Equipo. Sonora ser\u00e1 sede de asamblea nacional del Consejo Mexicano de Educaci\u00f3n Aeroespacial Sonora\",\"isPartOf\":{\"@id\":\"https:\/\/www.sonoraenequipo.com.mx\/#website\"},\"datePublished\":\"2023-01-10T15:44:05+00:00\",\"dateModified\":\"2023-01-10T19:59:39+00:00\",\"description\":\"HERMOSILLO, SONORA. MX. \u2014\u00a0 La Universidad Tecnol\u00f3gica de Hermosillo (UTH) ser\u00e1 sede de la primera asamblea nacional 2023 del Consejo Mexicano de Educaci\u00f3n En Sonora en Equipo publicamos toda la informaci\u00f3n de Sonora, M\u00e9xico y el Mundo de manera oportuna y busca que la libertad de expresi\u00f3n sea real. Visita nuestro medio informativo publicado desde Hermosillo, Sonora. %\",\"breadcrumb\":{\"@id\":\"https:\/\/www.sonoraenequipo.com.mx\/sonora-sera-sede-de-asamblea-nacional-del-consejo-mexicano-de-educacion-aeroespacial\/#breadcrumb\"},\"inLanguage\":\"es\",\"potentialAction\":[{\"@type\":\"ReadAction\",\"target\":[\"https:\/\/www.sonoraenequipo.com.mx\/sonora-sera-sede-de-asamblea-nacional-del-consejo-mexicano-de-educacion-aeroespacial\/\"]}]},{\"@type\":\"BreadcrumbList\",\"@id\":\"https:\/\/www.sonoraenequipo.com.mx\/sonora-sera-sede-de-asamblea-nacional-del-consejo-mexicano-de-educacion-aeroespacial\/#breadcrumb\",\"itemListElement\":[{\"@type\":\"ListItem\",\"position\":1,\"name\":\"Portada\",\"item\":\"https:\/\/www.sonoraenequipo.com.mx\/\"},{\"@type\":\"ListItem\",\"position\":2,\"name\":\"Sonora ser\u00e1 sede de asamblea nacional del Consejo Mexicano de Educaci\u00f3n Aeroespacial\"}]},{\"@type\":\"WebSite\",\"@id\":\"https:\/\/www.sonoraenequipo.com.mx\/#website\",\"url\":\"https:\/\/www.sonoraenequipo.com.mx\/\",\"name\":\"Sonora en Equipo.\",\"description\":\"Diario en l\u00ednea con Noticias desde Hermosillo, Sonora\",\"publisher\":{\"@id\":\"https:\/\/www.sonoraenequipo.com.mx\/#organization\"},\"potentialAction\":[{\"@type\":\"SearchAction\",\"target\":{\"@type\":\"EntryPoint\",\"urlTemplate\":\"https:\/\/www.sonoraenequipo.com.mx\/?s={search_term_string}\"},\"query-input\":{\"@type\":\"PropertyValueSpecification\",\"valueRequired\":true,\"valueName\":\"search_term_string\"}}],\"inLanguage\":\"es\"},{\"@type\":\"Organization\",\"@id\":\"https:\/\/www.sonoraenequipo.com.mx\/#organization\",\"name\":\"Sonoraenequipo.com.mx\",\"url\":\"https:\/\/www.sonoraenequipo.com.mx\/\",\"logo\":{\"@type\":\"ImageObject\",\"inLanguage\":\"es\",\"@id\":\"https:\/\/www.sonoraenequipo.com.mx\/#\/schema\/logo\/image\/\",\"url\":\"https:\/\/www.sonoraenequipo.com.mx\/storage\/2019\/01\/sonoraenequipo_opt.png\",\"contentUrl\":\"https:\/\/www.sonoraenequipo.com.mx\/storage\/2019\/01\/sonoraenequipo_opt.png\",\"width\":375,\"height\":125,\"caption\":\"Sonoraenequipo.com.mx\"},\"image\":{\"@id\":\"https:\/\/www.sonoraenequipo.com.mx\/#\/schema\/logo\/image\/\"},\"sameAs\":[\"https:\/\/www.facebook.com\/SonoraEE\/\",\"https:\/\/x.com\/sonoraenequipo\",\"https:\/\/www.youtube.com\/channel\/UC338nW-lPEYmJQs4ZABQ1SQ\"]},{\"@type\":\"Person\",\"@id\":\"https:\/\/www.sonoraenequipo.com.mx\/#\/schema\/person\/50102df0fb23a8fa9e8effad8fa81386\",\"name\":\"enequipo\",\"image\":{\"@type\":\"ImageObject\",\"inLanguage\":\"es\",\"@id\":\"https:\/\/www.sonoraenequipo.com.mx\/#\/schema\/person\/image\/\",\"url\":\"https:\/\/secure.gravatar.com\/avatar\/049821681b589dabc0bc20695993ccebb09f5b5d4d790cd9251b97faac7c652b?s=96&d=blank&r=g\",\"contentUrl\":\"https:\/\/secure.gravatar.com\/avatar\/049821681b589dabc0bc20695993ccebb09f5b5d4d790cd9251b97faac7c652b?s=96&d=blank&r=g\",\"caption\":\"enequipo\"},\"sameAs\":[\"https:\/\/www.facebook.com\/SonoraEE\"]}]}<\/script>\n ","yoast_head_json":{"title":"Sonora en Equipo. Sonora ser\u00e1 sede de asamblea nacional del Consejo Mexicano de Educaci\u00f3n Aeroespacial Sonora","description":"HERMOSILLO, SONORA. MX. \u2014\u00a0 La Universidad Tecnol\u00f3gica de Hermosillo (UTH) ser\u00e1 sede de la primera asamblea nacional 2023 del Consejo Mexicano de Educaci\u00f3n En Sonora en Equipo publicamos toda la informaci\u00f3n de Sonora, M\u00e9xico y el Mundo de manera oportuna y busca que la libertad de expresi\u00f3n sea real. Visita nuestro medio informativo publicado desde Hermosillo, Sonora. %","robots":{"index":"index","follow":"follow","max-snippet":"max-snippet:-1","max-image-preview":"max-image-preview:large","max-video-preview":"max-video-preview:-1"},"canonical":"https:\/\/www.sonoraenequipo.com.mx\/sonora-sera-sede-de-asamblea-nacional-del-consejo-mexicano-de-educacion-aeroespacial\/","og_locale":"es_ES","og_type":"article","og_title":"Sonora en Equipo. Sonora ser\u00e1 sede de asamblea nacional del Consejo Mexicano de Educaci\u00f3n Aeroespacial Sonora","og_description":"HERMOSILLO, SONORA. MX. \u2014\u00a0 La Universidad Tecnol\u00f3gica de Hermosillo (UTH) ser\u00e1 sede de la primera asamblea nacional 2023 del Consejo Mexicano de Educaci\u00f3n En Sonora en Equipo publicamos toda la informaci\u00f3n de Sonora, M\u00e9xico y el Mundo de manera oportuna y busca que la libertad de expresi\u00f3n sea real. Visita nuestro medio informativo publicado desde Hermosillo, Sonora. %","og_url":"https:\/\/www.sonoraenequipo.com.mx\/sonora-sera-sede-de-asamblea-nacional-del-consejo-mexicano-de-educacion-aeroespacial\/","og_site_name":"Sonora en Equipo.","article_publisher":"https:\/\/www.facebook.com\/SonoraEE\/","article_author":"https:\/\/www.facebook.com\/SonoraEE","article_published_time":"2023-01-10T15:44:05+00:00","article_modified_time":"2023-01-10T19:59:39+00:00","author":"enequipo","twitter_card":"summary_large_image","twitter_creator":"@sonoraenequipo","twitter_site":"@sonoraenequipo","twitter_misc":{"Escrito por":"enequipo","Tiempo de lectura":"2 minutos"},"schema":{"@context":"https:\/\/schema.org","@graph":[{"@type":"Article","@id":"https:\/\/www.sonoraenequipo.com.mx\/sonora-sera-sede-de-asamblea-nacional-del-consejo-mexicano-de-educacion-aeroespacial\/#article","isPartOf":{"@id":"https:\/\/www.sonoraenequipo.com.mx\/sonora-sera-sede-de-asamblea-nacional-del-consejo-mexicano-de-educacion-aeroespacial\/"},"author":{"name":"enequipo","@id":"https:\/\/www.sonoraenequipo.com.mx\/#\/schema\/person\/50102df0fb23a8fa9e8effad8fa81386"},"headline":"Sonora ser\u00e1 sede de asamblea nacional del Consejo Mexicano de Educaci\u00f3n Aeroespacial","datePublished":"2023-01-10T15:44:05+00:00","dateModified":"2023-01-10T19:59:39+00:00","mainEntityOfPage":{"@id":"https:\/\/www.sonoraenequipo.com.mx\/sonora-sera-sede-de-asamblea-nacional-del-consejo-mexicano-de-educacion-aeroespacial\/"},"wordCount":392,"commentCount":0,"publisher":{"@id":"https:\/\/www.sonoraenequipo.com.mx\/#organization"},"articleSection":["Sonora"],"inLanguage":"es","potentialAction":[{"@type":"CommentAction","name":"Comment","target":["https:\/\/www.sonoraenequipo.com.mx\/sonora-sera-sede-de-asamblea-nacional-del-consejo-mexicano-de-educacion-aeroespacial\/#respond"]}]},{"@type":"WebPage","@id":"https:\/\/www.sonoraenequipo.com.mx\/sonora-sera-sede-de-asamblea-nacional-del-consejo-mexicano-de-educacion-aeroespacial\/","url":"https:\/\/www.sonoraenequipo.com.mx\/sonora-sera-sede-de-asamblea-nacional-del-consejo-mexicano-de-educacion-aeroespacial\/","name":"Sonora en Equipo. Sonora ser\u00e1 sede de asamblea nacional del Consejo Mexicano de Educaci\u00f3n Aeroespacial Sonora","isPartOf":{"@id":"https:\/\/www.sonoraenequipo.com.mx\/#website"},"datePublished":"2023-01-10T15:44:05+00:00","dateModified":"2023-01-10T19:59:39+00:00","description":"HERMOSILLO, SONORA. MX. \u2014\u00a0 La Universidad Tecnol\u00f3gica de Hermosillo (UTH) ser\u00e1 sede de la primera asamblea nacional 2023 del Consejo Mexicano de Educaci\u00f3n En Sonora en Equipo publicamos toda la informaci\u00f3n de Sonora, M\u00e9xico y el Mundo de manera oportuna y busca que la libertad de expresi\u00f3n sea real. Visita nuestro medio informativo publicado desde Hermosillo, Sonora. %","breadcrumb":{"@id":"https:\/\/www.sonoraenequipo.com.mx\/sonora-sera-sede-de-asamblea-nacional-del-consejo-mexicano-de-educacion-aeroespacial\/#breadcrumb"},"inLanguage":"es","potentialAction":[{"@type":"ReadAction","target":["https:\/\/www.sonoraenequipo.com.mx\/sonora-sera-sede-de-asamblea-nacional-del-consejo-mexicano-de-educacion-aeroespacial\/"]}]},{"@type":"BreadcrumbList","@id":"https:\/\/www.sonoraenequipo.com.mx\/sonora-sera-sede-de-asamblea-nacional-del-consejo-mexicano-de-educacion-aeroespacial\/#breadcrumb","itemListElement":[{"@type":"ListItem","position":1,"name":"Portada","item":"https:\/\/www.sonoraenequipo.com.mx\/"},{"@type":"ListItem","position":2,"name":"Sonora ser\u00e1 sede de asamblea nacional del Consejo Mexicano de Educaci\u00f3n Aeroespacial"}]},{"@type":"WebSite","@id":"https:\/\/www.sonoraenequipo.com.mx\/#website","url":"https:\/\/www.sonoraenequipo.com.mx\/","name":"Sonora en Equipo.","description":"Diario en l\u00ednea con Noticias desde Hermosillo, Sonora","publisher":{"@id":"https:\/\/www.sonoraenequipo.com.mx\/#organization"},"potentialAction":[{"@type":"SearchAction","target":{"@type":"EntryPoint","urlTemplate":"https:\/\/www.sonoraenequipo.com.mx\/?s={search_term_string}"},"query-input":{"@type":"PropertyValueSpecification","valueRequired":true,"valueName":"search_term_string"}}],"inLanguage":"es"},{"@type":"Organization","@id":"https:\/\/www.sonoraenequipo.com.mx\/#organization","name":"Sonoraenequipo.com.mx","url":"https:\/\/www.sonoraenequipo.com.mx\/","logo":{"@type":"ImageObject","inLanguage":"es","@id":"https:\/\/www.sonoraenequipo.com.mx\/#\/schema\/logo\/image\/","url":"https:\/\/www.sonoraenequipo.com.mx\/storage\/2019\/01\/sonoraenequipo_opt.png","contentUrl":"https:\/\/www.sonoraenequipo.com.mx\/storage\/2019\/01\/sonoraenequipo_opt.png","width":375,"height":125,"caption":"Sonoraenequipo.com.mx"},"image":{"@id":"https:\/\/www.sonoraenequipo.com.mx\/#\/schema\/logo\/image\/"},"sameAs":["https:\/\/www.facebook.com\/SonoraEE\/","https:\/\/x.com\/sonoraenequipo","https:\/\/www.youtube.com\/channel\/UC338nW-lPEYmJQs4ZABQ1SQ"]},{"@type":"Person","@id":"https:\/\/www.sonoraenequipo.com.mx\/#\/schema\/person\/50102df0fb23a8fa9e8effad8fa81386","name":"enequipo","image":{"@type":"ImageObject","inLanguage":"es","@id":"https:\/\/www.sonoraenequipo.com.mx\/#\/schema\/person\/image\/","url":"https:\/\/secure.gravatar.com\/avatar\/049821681b589dabc0bc20695993ccebb09f5b5d4d790cd9251b97faac7c652b?s=96&d=blank&r=g","contentUrl":"https:\/\/secure.gravatar.com\/avatar\/049821681b589dabc0bc20695993ccebb09f5b5d4d790cd9251b97faac7c652b?s=96&d=blank&r=g","caption":"enequipo"},"sameAs":["https:\/\/www.facebook.com\/SonoraEE"]}]}},"jetpack_featured_media_url":"","_links":{"self":[{"href":"https:\/\/www.sonoraenequipo.com.mx\/api\/wp\/v2\/posts\/156245","targetHints":{"allow":["GET"]}}],"collection":[{"href":"https:\/\/www.sonoraenequipo.com.mx\/api\/wp\/v2\/posts"}],"about":[{"href":"https:\/\/www.sonoraenequipo.com.mx\/api\/wp\/v2\/types\/post"}],"author":[{"embeddable":true,"href":"https:\/\/www.sonoraenequipo.com.mx\/api\/wp\/v2\/users\/1"}],"replies":[{"embeddable":true,"href":"https:\/\/www.sonoraenequipo.com.mx\/api\/wp\/v2\/comments?post=156245"}],"version-history":[{"count":1,"href":"https:\/\/www.sonoraenequipo.com.mx\/api\/wp\/v2\/posts\/156245\/revisions"}],"predecessor-version":[{"id":156248,"href":"https:\/\/www.sonoraenequipo.com.mx\/api\/wp\/v2\/posts\/156245\/revisions\/156248"}],"wp:attachment":[{"href":"https:\/\/www.sonoraenequipo.com.mx\/api\/wp\/v2\/media?parent=156245"}],"wp:term":[{"taxonomy":"category","embeddable":true,"href":"https:\/\/www.sonoraenequipo.com.mx\/api\/wp\/v2\/categories?post=156245"},{"taxonomy":"post_tag","embeddable":true,"href":"https:\/\/www.sonoraenequipo.com.mx\/api\/wp\/v2\/tags?post=156245"}],"curies":[{"name":"wp","href":"https:\/\/api.w.org\/{rel}","templated":true}]}}