{"id":156249,"date":"2023-01-10T10:00:53","date_gmt":"2023-01-10T17:00:53","guid":{"rendered":"https:\/\/www.sonoraenequipo.com.mx\/?p=156249"},"modified":"2023-01-10T13:14:09","modified_gmt":"2023-01-10T20:14:09","slug":"destaca-policia-procesal-de-sonora-por-su-desempeno-integro","status":"publish","type":"post","link":"https:\/\/www.sonoraenequipo.com.mx\/destaca-policia-procesal-de-sonora-por-su-desempeno-integro\/","title":{"rendered":"Destaca Polic\u00eda Procesal de Sonora por su desempe\u00f1o \u00edntegro"},"content":{"rendered":"<p><strong>HERMOSILLO, SONORA. MX. \u2014 <\/strong>La Polic\u00eda Procesal de Sonora cuenta con la totalidad de sus elementos certificados con ex\u00e1menes de control de confianza, cero denuncias y sin observaciones, al brindar seguridad en salas de audiencia y traslados de imputados, inform\u00f3 Mariela Vivas Ponce.<\/p>\n<p>&nbsp;<\/p>\n<p> <\/p>\n<p>&nbsp;<\/p>\n<p>&nbsp;<\/p>\n<p>La coordinadora estatal de Servicios Previos al Juicio y Supervisi\u00f3n de Libertad Condicionada, explic\u00f3 que la corporaci\u00f3n, desde su creaci\u00f3n en 2015, se rige por estrictos protocolos de actuaci\u00f3n y respeto a los derechos humanos de las personas a las que brindan atenci\u00f3n, lo que ha permitido mantener un desempe\u00f1o \u00edntegro.<\/p>\n<p>&nbsp;<\/p>\n<p>&nbsp;<\/p>\n<p>Indic\u00f3 que, las y los oficiales ejecutan labores de resguardo de salas de audiencia y traslados de imputados, los cuales se encuentran en un proceso penal. Su labor fundamental consiste en salvaguardar la seguridad e integridad del personal de juzgados, instancias de resguardo, as\u00ed como de los mismos acusados.<\/p>\n<p>&nbsp;<\/p>\n<p>&nbsp;<\/p>\n<p><strong><em>\u201cNo han tenido denuncias por alg\u00fan tipo de acto desp\u00f3tico, corrupci\u00f3n, incidente en sus funciones o violaci\u00f3n a derechos humanos\u201d,<\/em> <\/strong>reconoci\u00f3 Vivas Ponce.<\/p>\n<p>&nbsp;<\/p>\n<p>&nbsp;<\/p>\n<p>La Polic\u00eda Procesal, manifest\u00f3, cuenta con un estado de fuerza de m\u00e1s de 75 elementos distribuidos en Hermosillo, Huatabampo, Navojoa, Obreg\u00f3n, Guaymas, Magdalena, SLRC, Caborca, Puerto Pe\u00f1asco, Agua Prieta y Nogales.<\/p>\n<p>&nbsp;<\/p>\n<p>&nbsp;<\/p>\n<p>La coordinadora manifest\u00f3 que el inter\u00e9s de Mar\u00eda Dolores del R\u00edo, secretaria de Seguridad P\u00fablica, es promover la actualizaci\u00f3n del personal a su cargo, por ello, constantemente participan en capacitaciones especializadas en derechos humanos, sistema de justicia y actuaci\u00f3n apegada al marco jur\u00eddico de la ley.<\/p>\n<p>&nbsp;<\/p>\n<p>&nbsp;<\/p>\n<p>Cabe destacar que los integrantes de la corporaci\u00f3n cuentan su Certificado \u00danico Policial (CUP) y, en su mayor\u00eda, con estudios profesionales.<\/p>\n<p>&nbsp;<\/p>\n<p>&nbsp;<\/p>\n<p><strong><em>\u201cSu funci\u00f3n es vital y de gran importancia para el orden y la justicia, al igual que el de la Polic\u00eda Estatal Penitenciaria y la Polic\u00eda Estatal de Seguridad P\u00fablica, quienes d\u00eda a d\u00eda desempe\u00f1an su labor con firmeza, responsabilidad y profesionalismo\u201d<\/em><\/strong>, puntualiz\u00f3.<\/p>\n<p>&nbsp;<\/p>\n<p>&nbsp;<\/p>\n<p>PUBLICADO EL 09\/ENERO\/2023 \/Con informaci\u00f3n de GOBSON 0123-049)<\/p>\n","protected":false},"excerpt":{"rendered":"<p>HERMOSILLO, SONORA. MX. \u2014 La Polic\u00eda Procesal de Sonora cuenta con la totalidad de sus&#8230;<\/p>\n","protected":false},"author":1,"featured_media":156252,"comment_status":"open","ping_status":"open","sticky":false,"template":"","format":"standard","meta":{"_monsterinsights_skip_tracking":false,"_monsterinsights_sitenote_active":false,"_monsterinsights_sitenote_note":"","_monsterinsights_sitenote_category":0,"footnotes":""},"categories":[3144],"tags":[],"class_list":["post"],"yoast_head":" \n<title>Sonora en Equipo. Destaca Polic\u00eda Procesal de Sonora por su desempe\u00f1o \u00edntegro Polic\u00edaca<\/title>\n<meta name=\"description\" content=\"HERMOSILLO, SONORA. MX. \u2014 La Polic\u00eda Procesal de Sonora cuenta con la totalidad de sus elementos certificados con ex\u00e1menes de control de confianza, cero En Sonora en Equipo publicamos toda la informaci\u00f3n de Sonora, M\u00e9xico y el Mundo de manera oportuna y busca que la libertad de expresi\u00f3n sea real. Visita nuestro medio informativo publicado desde Hermosillo, Sonora. %\" \/>\n<meta name=\"robots\" content=\"index, follow, max-snippet:-1, max-image-preview:large, max-video-preview:-1\" \/>\n<link rel=\"canonical\" href=\"https:\/\/www.sonoraenequipo.com.mx\/destaca-policia-procesal-de-sonora-por-su-desempeno-integro\/\" \/>\n<meta property=\"og:locale\" content=\"es_ES\" \/>\n<meta property=\"og:type\" content=\"article\" \/>\n<meta property=\"og:title\" content=\"Sonora en Equipo. Destaca Polic\u00eda Procesal de Sonora por su desempe\u00f1o \u00edntegro Polic\u00edaca\" \/>\n<meta property=\"og:description\" content=\"HERMOSILLO, SONORA. MX. \u2014 La Polic\u00eda Procesal de Sonora cuenta con la totalidad de sus elementos certificados con ex\u00e1menes de control de confianza, cero En Sonora en Equipo publicamos toda la informaci\u00f3n de Sonora, M\u00e9xico y el Mundo de manera oportuna y busca que la libertad de expresi\u00f3n sea real. Visita nuestro medio informativo publicado desde Hermosillo, Sonora. %\" \/>\n<meta property=\"og:url\" content=\"https:\/\/www.sonoraenequipo.com.mx\/destaca-policia-procesal-de-sonora-por-su-desempeno-integro\/\" \/>\n<meta property=\"og:site_name\" content=\"Sonora en Equipo.\" \/>\n<meta property=\"article:publisher\" content=\"https:\/\/www.facebook.com\/SonoraEE\/\" \/>\n<meta property=\"article:author\" content=\"https:\/\/www.facebook.com\/SonoraEE\" \/>\n<meta property=\"article:published_time\" content=\"2023-01-10T17:00:53+00:00\" \/>\n<meta property=\"article:modified_time\" content=\"2023-01-10T20:14:09+00:00\" \/>\n<meta property=\"og:image\" content=\"https:\/\/www.sonoraenequipo.com.mx\/storage\/2023\/01\/0123049d.jpg\" \/>\n\t<meta property=\"og:image:width\" content=\"720\" \/>\n\t<meta property=\"og:image:height\" content=\"432\" \/>\n\t<meta property=\"og:image:type\" content=\"image\/jpeg\" \/>\n<meta name=\"author\" content=\"enequipo\" \/>\n<meta name=\"twitter:card\" content=\"summary_large_image\" \/>\n<meta name=\"twitter:creator\" content=\"@sonoraenequipo\" \/>\n<meta name=\"twitter:site\" content=\"@sonoraenequipo\" \/>\n<meta name=\"twitter:label1\" content=\"Escrito por\" \/>\n\t<meta name=\"twitter:data1\" content=\"enequipo\" \/>\n\t<meta name=\"twitter:label2\" content=\"Tiempo de lectura\" \/>\n\t<meta name=\"twitter:data2\" content=\"2 minutos\" \/>\n<script type=\"application\/ld+json\" class=\"yoast-schema-graph\">{\"@context\":\"https:\/\/schema.org\",\"@graph\":[{\"@type\":\"Article\",\"@id\":\"https:\/\/www.sonoraenequipo.com.mx\/destaca-policia-procesal-de-sonora-por-su-desempeno-integro\/#article\",\"isPartOf\":{\"@id\":\"https:\/\/www.sonoraenequipo.com.mx\/destaca-policia-procesal-de-sonora-por-su-desempeno-integro\/\"},\"author\":{\"name\":\"enequipo\",\"@id\":\"https:\/\/www.sonoraenequipo.com.mx\/#\/schema\/person\/50102df0fb23a8fa9e8effad8fa81386\"},\"headline\":\"Destaca Polic\u00eda Procesal de Sonora por su desempe\u00f1o \u00edntegro\",\"datePublished\":\"2023-01-10T17:00:53+00:00\",\"dateModified\":\"2023-01-10T20:14:09+00:00\",\"mainEntityOfPage\":{\"@id\":\"https:\/\/www.sonoraenequipo.com.mx\/destaca-policia-procesal-de-sonora-por-su-desempeno-integro\/\"},\"wordCount\":373,\"commentCount\":0,\"publisher\":{\"@id\":\"https:\/\/www.sonoraenequipo.com.mx\/#organization\"},\"image\":{\"@id\":\"https:\/\/www.sonoraenequipo.com.mx\/destaca-policia-procesal-de-sonora-por-su-desempeno-integro\/#primaryimage\"},\"thumbnailUrl\":\"https:\/\/www.sonoraenequipo.com.mx\/storage\/2023\/01\/0123049d.jpg\",\"articleSection\":[\"Polic\u00edaca\"],\"inLanguage\":\"es\",\"potentialAction\":[{\"@type\":\"CommentAction\",\"name\":\"Comment\",\"target\":[\"https:\/\/www.sonoraenequipo.com.mx\/destaca-policia-procesal-de-sonora-por-su-desempeno-integro\/#respond\"]}]},{\"@type\":\"WebPage\",\"@id\":\"https:\/\/www.sonoraenequipo.com.mx\/destaca-policia-procesal-de-sonora-por-su-desempeno-integro\/\",\"url\":\"https:\/\/www.sonoraenequipo.com.mx\/destaca-policia-procesal-de-sonora-por-su-desempeno-integro\/\",\"name\":\"Sonora en Equipo. Destaca Polic\u00eda Procesal de Sonora por su desempe\u00f1o \u00edntegro Polic\u00edaca\",\"isPartOf\":{\"@id\":\"https:\/\/www.sonoraenequipo.com.mx\/#website\"},\"primaryImageOfPage\":{\"@id\":\"https:\/\/www.sonoraenequipo.com.mx\/destaca-policia-procesal-de-sonora-por-su-desempeno-integro\/#primaryimage\"},\"image\":{\"@id\":\"https:\/\/www.sonoraenequipo.com.mx\/destaca-policia-procesal-de-sonora-por-su-desempeno-integro\/#primaryimage\"},\"thumbnailUrl\":\"https:\/\/www.sonoraenequipo.com.mx\/storage\/2023\/01\/0123049d.jpg\",\"datePublished\":\"2023-01-10T17:00:53+00:00\",\"dateModified\":\"2023-01-10T20:14:09+00:00\",\"description\":\"HERMOSILLO, SONORA. MX. \u2014 La Polic\u00eda Procesal de Sonora cuenta con la totalidad de sus elementos certificados con ex\u00e1menes de control de confianza, cero En Sonora en Equipo publicamos toda la informaci\u00f3n de Sonora, M\u00e9xico y el Mundo de manera oportuna y busca que la libertad de expresi\u00f3n sea real. Visita nuestro medio informativo publicado desde Hermosillo, Sonora. %\",\"breadcrumb\":{\"@id\":\"https:\/\/www.sonoraenequipo.com.mx\/destaca-policia-procesal-de-sonora-por-su-desempeno-integro\/#breadcrumb\"},\"inLanguage\":\"es\",\"potentialAction\":[{\"@type\":\"ReadAction\",\"target\":[\"https:\/\/www.sonoraenequipo.com.mx\/destaca-policia-procesal-de-sonora-por-su-desempeno-integro\/\"]}]},{\"@type\":\"ImageObject\",\"inLanguage\":\"es\",\"@id\":\"https:\/\/www.sonoraenequipo.com.mx\/destaca-policia-procesal-de-sonora-por-su-desempeno-integro\/#primaryimage\",\"url\":\"https:\/\/www.sonoraenequipo.com.mx\/storage\/2023\/01\/0123049d.jpg\",\"contentUrl\":\"https:\/\/www.sonoraenequipo.com.mx\/storage\/2023\/01\/0123049d.jpg\",\"width\":720,\"height\":432},{\"@type\":\"BreadcrumbList\",\"@id\":\"https:\/\/www.sonoraenequipo.com.mx\/destaca-policia-procesal-de-sonora-por-su-desempeno-integro\/#breadcrumb\",\"itemListElement\":[{\"@type\":\"ListItem\",\"position\":1,\"name\":\"Portada\",\"item\":\"https:\/\/www.sonoraenequipo.com.mx\/\"},{\"@type\":\"ListItem\",\"position\":2,\"name\":\"Destaca Polic\u00eda Procesal de Sonora por su desempe\u00f1o \u00edntegro\"}]},{\"@type\":\"WebSite\",\"@id\":\"https:\/\/www.sonoraenequipo.com.mx\/#website\",\"url\":\"https:\/\/www.sonoraenequipo.com.mx\/\",\"name\":\"Sonora en Equipo.\",\"description\":\"Diario en l\u00ednea con Noticias desde Hermosillo, Sonora\",\"publisher\":{\"@id\":\"https:\/\/www.sonoraenequipo.com.mx\/#organization\"},\"potentialAction\":[{\"@type\":\"SearchAction\",\"target\":{\"@type\":\"EntryPoint\",\"urlTemplate\":\"https:\/\/www.sonoraenequipo.com.mx\/?s={search_term_string}\"},\"query-input\":{\"@type\":\"PropertyValueSpecification\",\"valueRequired\":true,\"valueName\":\"search_term_string\"}}],\"inLanguage\":\"es\"},{\"@type\":\"Organization\",\"@id\":\"https:\/\/www.sonoraenequipo.com.mx\/#organization\",\"name\":\"Sonoraenequipo.com.mx\",\"url\":\"https:\/\/www.sonoraenequipo.com.mx\/\",\"logo\":{\"@type\":\"ImageObject\",\"inLanguage\":\"es\",\"@id\":\"https:\/\/www.sonoraenequipo.com.mx\/#\/schema\/logo\/image\/\",\"url\":\"https:\/\/www.sonoraenequipo.com.mx\/storage\/2019\/01\/sonoraenequipo_opt.png\",\"contentUrl\":\"https:\/\/www.sonoraenequipo.com.mx\/storage\/2019\/01\/sonoraenequipo_opt.png\",\"width\":375,\"height\":125,\"caption\":\"Sonoraenequipo.com.mx\"},\"image\":{\"@id\":\"https:\/\/www.sonoraenequipo.com.mx\/#\/schema\/logo\/image\/\"},\"sameAs\":[\"https:\/\/www.facebook.com\/SonoraEE\/\",\"https:\/\/x.com\/sonoraenequipo\",\"https:\/\/www.youtube.com\/channel\/UC338nW-lPEYmJQs4ZABQ1SQ\"]},{\"@type\":\"Person\",\"@id\":\"https:\/\/www.sonoraenequipo.com.mx\/#\/schema\/person\/50102df0fb23a8fa9e8effad8fa81386\",\"name\":\"enequipo\",\"image\":{\"@type\":\"ImageObject\",\"inLanguage\":\"es\",\"@id\":\"https:\/\/www.sonoraenequipo.com.mx\/#\/schema\/person\/image\/\",\"url\":\"https:\/\/secure.gravatar.com\/avatar\/049821681b589dabc0bc20695993ccebb09f5b5d4d790cd9251b97faac7c652b?s=96&d=blank&r=g\",\"contentUrl\":\"https:\/\/secure.gravatar.com\/avatar\/049821681b589dabc0bc20695993ccebb09f5b5d4d790cd9251b97faac7c652b?s=96&d=blank&r=g\",\"caption\":\"enequipo\"},\"sameAs\":[\"https:\/\/www.facebook.com\/SonoraEE\"]}]}<\/script>\n ","yoast_head_json":{"title":"Sonora en Equipo. Destaca Polic\u00eda Procesal de Sonora por su desempe\u00f1o \u00edntegro Polic\u00edaca","description":"HERMOSILLO, SONORA. MX. \u2014 La Polic\u00eda Procesal de Sonora cuenta con la totalidad de sus elementos certificados con ex\u00e1menes de control de confianza, cero En Sonora en Equipo publicamos toda la informaci\u00f3n de Sonora, M\u00e9xico y el Mundo de manera oportuna y busca que la libertad de expresi\u00f3n sea real. Visita nuestro medio informativo publicado desde Hermosillo, Sonora. %","robots":{"index":"index","follow":"follow","max-snippet":"max-snippet:-1","max-image-preview":"max-image-preview:large","max-video-preview":"max-video-preview:-1"},"canonical":"https:\/\/www.sonoraenequipo.com.mx\/destaca-policia-procesal-de-sonora-por-su-desempeno-integro\/","og_locale":"es_ES","og_type":"article","og_title":"Sonora en Equipo. Destaca Polic\u00eda Procesal de Sonora por su desempe\u00f1o \u00edntegro Polic\u00edaca","og_description":"HERMOSILLO, SONORA. MX. \u2014 La Polic\u00eda Procesal de Sonora cuenta con la totalidad de sus elementos certificados con ex\u00e1menes de control de confianza, cero En Sonora en Equipo publicamos toda la informaci\u00f3n de Sonora, M\u00e9xico y el Mundo de manera oportuna y busca que la libertad de expresi\u00f3n sea real. Visita nuestro medio informativo publicado desde Hermosillo, Sonora. %","og_url":"https:\/\/www.sonoraenequipo.com.mx\/destaca-policia-procesal-de-sonora-por-su-desempeno-integro\/","og_site_name":"Sonora en Equipo.","article_publisher":"https:\/\/www.facebook.com\/SonoraEE\/","article_author":"https:\/\/www.facebook.com\/SonoraEE","article_published_time":"2023-01-10T17:00:53+00:00","article_modified_time":"2023-01-10T20:14:09+00:00","og_image":[{"width":720,"height":432,"url":"https:\/\/www.sonoraenequipo.com.mx\/storage\/2023\/01\/0123049d.jpg","type":"image\/jpeg"}],"author":"enequipo","twitter_card":"summary_large_image","twitter_creator":"@sonoraenequipo","twitter_site":"@sonoraenequipo","twitter_misc":{"Escrito por":"enequipo","Tiempo de lectura":"2 minutos"},"schema":{"@context":"https:\/\/schema.org","@graph":[{"@type":"Article","@id":"https:\/\/www.sonoraenequipo.com.mx\/destaca-policia-procesal-de-sonora-por-su-desempeno-integro\/#article","isPartOf":{"@id":"https:\/\/www.sonoraenequipo.com.mx\/destaca-policia-procesal-de-sonora-por-su-desempeno-integro\/"},"author":{"name":"enequipo","@id":"https:\/\/www.sonoraenequipo.com.mx\/#\/schema\/person\/50102df0fb23a8fa9e8effad8fa81386"},"headline":"Destaca Polic\u00eda Procesal de Sonora por su desempe\u00f1o \u00edntegro","datePublished":"2023-01-10T17:00:53+00:00","dateModified":"2023-01-10T20:14:09+00:00","mainEntityOfPage":{"@id":"https:\/\/www.sonoraenequipo.com.mx\/destaca-policia-procesal-de-sonora-por-su-desempeno-integro\/"},"wordCount":373,"commentCount":0,"publisher":{"@id":"https:\/\/www.sonoraenequipo.com.mx\/#organization"},"image":{"@id":"https:\/\/www.sonoraenequipo.com.mx\/destaca-policia-procesal-de-sonora-por-su-desempeno-integro\/#primaryimage"},"thumbnailUrl":"https:\/\/www.sonoraenequipo.com.mx\/storage\/2023\/01\/0123049d.jpg","articleSection":["Polic\u00edaca"],"inLanguage":"es","potentialAction":[{"@type":"CommentAction","name":"Comment","target":["https:\/\/www.sonoraenequipo.com.mx\/destaca-policia-procesal-de-sonora-por-su-desempeno-integro\/#respond"]}]},{"@type":"WebPage","@id":"https:\/\/www.sonoraenequipo.com.mx\/destaca-policia-procesal-de-sonora-por-su-desempeno-integro\/","url":"https:\/\/www.sonoraenequipo.com.mx\/destaca-policia-procesal-de-sonora-por-su-desempeno-integro\/","name":"Sonora en Equipo. Destaca Polic\u00eda Procesal de Sonora por su desempe\u00f1o \u00edntegro Polic\u00edaca","isPartOf":{"@id":"https:\/\/www.sonoraenequipo.com.mx\/#website"},"primaryImageOfPage":{"@id":"https:\/\/www.sonoraenequipo.com.mx\/destaca-policia-procesal-de-sonora-por-su-desempeno-integro\/#primaryimage"},"image":{"@id":"https:\/\/www.sonoraenequipo.com.mx\/destaca-policia-procesal-de-sonora-por-su-desempeno-integro\/#primaryimage"},"thumbnailUrl":"https:\/\/www.sonoraenequipo.com.mx\/storage\/2023\/01\/0123049d.jpg","datePublished":"2023-01-10T17:00:53+00:00","dateModified":"2023-01-10T20:14:09+00:00","description":"HERMOSILLO, SONORA. MX. \u2014 La Polic\u00eda Procesal de Sonora cuenta con la totalidad de sus elementos certificados con ex\u00e1menes de control de confianza, cero En Sonora en Equipo publicamos toda la informaci\u00f3n de Sonora, M\u00e9xico y el Mundo de manera oportuna y busca que la libertad de expresi\u00f3n sea real. Visita nuestro medio informativo publicado desde Hermosillo, Sonora. %","breadcrumb":{"@id":"https:\/\/www.sonoraenequipo.com.mx\/destaca-policia-procesal-de-sonora-por-su-desempeno-integro\/#breadcrumb"},"inLanguage":"es","potentialAction":[{"@type":"ReadAction","target":["https:\/\/www.sonoraenequipo.com.mx\/destaca-policia-procesal-de-sonora-por-su-desempeno-integro\/"]}]},{"@type":"ImageObject","inLanguage":"es","@id":"https:\/\/www.sonoraenequipo.com.mx\/destaca-policia-procesal-de-sonora-por-su-desempeno-integro\/#primaryimage","url":"https:\/\/www.sonoraenequipo.com.mx\/storage\/2023\/01\/0123049d.jpg","contentUrl":"https:\/\/www.sonoraenequipo.com.mx\/storage\/2023\/01\/0123049d.jpg","width":720,"height":432},{"@type":"BreadcrumbList","@id":"https:\/\/www.sonoraenequipo.com.mx\/destaca-policia-procesal-de-sonora-por-su-desempeno-integro\/#breadcrumb","itemListElement":[{"@type":"ListItem","position":1,"name":"Portada","item":"https:\/\/www.sonoraenequipo.com.mx\/"},{"@type":"ListItem","position":2,"name":"Destaca Polic\u00eda Procesal de Sonora por su desempe\u00f1o \u00edntegro"}]},{"@type":"WebSite","@id":"https:\/\/www.sonoraenequipo.com.mx\/#website","url":"https:\/\/www.sonoraenequipo.com.mx\/","name":"Sonora en Equipo.","description":"Diario en l\u00ednea con Noticias desde Hermosillo, Sonora","publisher":{"@id":"https:\/\/www.sonoraenequipo.com.mx\/#organization"},"potentialAction":[{"@type":"SearchAction","target":{"@type":"EntryPoint","urlTemplate":"https:\/\/www.sonoraenequipo.com.mx\/?s={search_term_string}"},"query-input":{"@type":"PropertyValueSpecification","valueRequired":true,"valueName":"search_term_string"}}],"inLanguage":"es"},{"@type":"Organization","@id":"https:\/\/www.sonoraenequipo.com.mx\/#organization","name":"Sonoraenequipo.com.mx","url":"https:\/\/www.sonoraenequipo.com.mx\/","logo":{"@type":"ImageObject","inLanguage":"es","@id":"https:\/\/www.sonoraenequipo.com.mx\/#\/schema\/logo\/image\/","url":"https:\/\/www.sonoraenequipo.com.mx\/storage\/2019\/01\/sonoraenequipo_opt.png","contentUrl":"https:\/\/www.sonoraenequipo.com.mx\/storage\/2019\/01\/sonoraenequipo_opt.png","width":375,"height":125,"caption":"Sonoraenequipo.com.mx"},"image":{"@id":"https:\/\/www.sonoraenequipo.com.mx\/#\/schema\/logo\/image\/"},"sameAs":["https:\/\/www.facebook.com\/SonoraEE\/","https:\/\/x.com\/sonoraenequipo","https:\/\/www.youtube.com\/channel\/UC338nW-lPEYmJQs4ZABQ1SQ"]},{"@type":"Person","@id":"https:\/\/www.sonoraenequipo.com.mx\/#\/schema\/person\/50102df0fb23a8fa9e8effad8fa81386","name":"enequipo","image":{"@type":"ImageObject","inLanguage":"es","@id":"https:\/\/www.sonoraenequipo.com.mx\/#\/schema\/person\/image\/","url":"https:\/\/secure.gravatar.com\/avatar\/049821681b589dabc0bc20695993ccebb09f5b5d4d790cd9251b97faac7c652b?s=96&d=blank&r=g","contentUrl":"https:\/\/secure.gravatar.com\/avatar\/049821681b589dabc0bc20695993ccebb09f5b5d4d790cd9251b97faac7c652b?s=96&d=blank&r=g","caption":"enequipo"},"sameAs":["https:\/\/www.facebook.com\/SonoraEE"]}]}},"jetpack_featured_media_url":"https:\/\/www.sonoraenequipo.com.mx\/storage\/2023\/01\/0123049d.jpg","_links":{"self":[{"href":"https:\/\/www.sonoraenequipo.com.mx\/api\/wp\/v2\/posts\/156249","targetHints":{"allow":["GET"]}}],"collection":[{"href":"https:\/\/www.sonoraenequipo.com.mx\/api\/wp\/v2\/posts"}],"about":[{"href":"https:\/\/www.sonoraenequipo.com.mx\/api\/wp\/v2\/types\/post"}],"author":[{"embeddable":true,"href":"https:\/\/www.sonoraenequipo.com.mx\/api\/wp\/v2\/users\/1"}],"replies":[{"embeddable":true,"href":"https:\/\/www.sonoraenequipo.com.mx\/api\/wp\/v2\/comments?post=156249"}],"version-history":[{"count":1,"href":"https:\/\/www.sonoraenequipo.com.mx\/api\/wp\/v2\/posts\/156249\/revisions"}],"predecessor-version":[{"id":156253,"href":"https:\/\/www.sonoraenequipo.com.mx\/api\/wp\/v2\/posts\/156249\/revisions\/156253"}],"wp:featuredmedia":[{"embeddable":true,"href":"https:\/\/www.sonoraenequipo.com.mx\/api\/wp\/v2\/media\/156252"}],"wp:attachment":[{"href":"https:\/\/www.sonoraenequipo.com.mx\/api\/wp\/v2\/media?parent=156249"}],"wp:term":[{"taxonomy":"category","embeddable":true,"href":"https:\/\/www.sonoraenequipo.com.mx\/api\/wp\/v2\/categories?post=156249"},{"taxonomy":"post_tag","embeddable":true,"href":"https:\/\/www.sonoraenequipo.com.mx\/api\/wp\/v2\/tags?post=156249"}],"curies":[{"name":"wp","href":"https:\/\/api.w.org\/{rel}","templated":true}]}}