{"id":156994,"date":"2023-01-19T12:46:26","date_gmt":"2023-01-19T19:46:26","guid":{"rendered":"https:\/\/www.sonoraenequipo.com.mx\/?p=156994"},"modified":"2023-01-19T12:46:26","modified_gmt":"2023-01-19T19:46:26","slug":"ciudad-obregon-sigue-siendo-de-las-ciudades-mas-inseguras-del-pais","status":"publish","type":"post","link":"https:\/\/www.sonoraenequipo.com.mx\/ciudad-obregon-sigue-siendo-de-las-ciudades-mas-inseguras-del-pais\/","title":{"rendered":"Ciudad Obreg\u00f3n sigue siendo de las ciudades m\u00e1s inseguras del pa\u00eds"},"content":{"rendered":"<p>\u25baSeg\u00fan la ENSU a diciembre\u00a0 de 2022 casi 9 de cada 10 cajemenses se sienten inseguros<\/p>\n<p>&nbsp;<\/p>\n<p><strong>CIUIDAD DE M\u00c9XICO,MX.<\/strong><strong>\u2500\u2500<\/strong> A nivel nacional, en diciembre de 2022, 64.2 % de la poblaci\u00f3n de 18 a\u00f1os y m\u00e1s consider\u00f3 inseguro vivir en su ciudad.<\/p>\n<p>&nbsp;<\/p>\n<p><img loading=\"lazy\" decoding=\"async\" class=\"size-medium  x-right\" src=\"https:\/\/www.sonoraenequipo.com.mx\/storage\/2023\/01\/inseguridadcds-205x365.jpg\" alt=\"\" width=\"205\" height=\"365\" \/>Durante diciembre de 2022, 69.9 % de las mujeres y 57.4 % de los hombres consideraron que es inseguro vivir en su ciudad.<\/p>\n<p>&nbsp;<\/p>\n<p>&nbsp;<\/p>\n<p>Del 28 de noviembre al 15 de diciembre de 2022 se levant\u00f3 la Encuesta Nacional de Seguridad P\u00fablica Urbana (ENSU) correspondiente al cuarto trimestre de 2022. Su objetivo general es realizar estimaciones en torno a la percepci\u00f3n de la gente sobre la seguridad p\u00fablica en su ciudad. La encuesta tiene representatividad nacional y se enfoca en el \u00e1mbito urbano. Adem\u00e1s, genera informaci\u00f3n para la toma de decisiones de pol\u00edtica p\u00fablica en materia de seguridad.<\/p>\n<p>&nbsp;<\/p>\n<p>Para proporcionar una medici\u00f3n peri\u00f3dica, amplia, integral y oportuna de seguridad p\u00fablica en el pa\u00eds, la ENSU cuenta con una periodicidad trimestral. La cobertura conceptual abarca la sensaci\u00f3n de inseguridad, las expectativas sobre la tendencia del delito, la atestiguaci\u00f3n de conductas delictivas o antisociales, el cambio de rutinas por temor a ser v\u00edctima del delito, la percepci\u00f3n del desempe\u00f1o de las autoridades de seguridad p\u00fablica, los conflictos y conductas antisociales, el desempe\u00f1o gubernamental, la frecuencia de movilidad, los hogares v\u00edctima o con alg\u00fan integrante v\u00edctima de robo y\/ o extorsi\u00f3n, v\u00edctimas de corrupci\u00f3n y las v\u00edctimas de acoso o violencia sexual.<\/p>\n<p>PRINCIPALES RESULTADOS<\/p>\n<p>Sensaci\u00f3n de inseguridad por temor al delito (percepci\u00f3n)<\/p>\n<p>En diciembre de 2022, 64.2 % de la poblaci\u00f3n de 18 a\u00f1os y m\u00e1s, residente en 75 ciudades de inter\u00e9s, consider\u00f3 que es inseguro vivir en su ciudad. Lo anterior no representa un cambio estad\u00edsticamente significativo con relaci\u00f3n al porcentaje registrado en septiembre de 2022, que fue de 64.4 por ciento. No obstante, representa un cambio estad\u00edsticamente significativo con respecto a diciembre de 2021, que fue 65.8 por ciento.<\/p>\n<p>En esta edici\u00f3n, 19 ciudades y demarcaciones tuvieron cambios estad\u00edsticamente significativos frente a septiembre de 2022: 13 presentaron reducciones y seis, incrementos.<\/p>\n<p>&nbsp;<\/p>\n<p>En diciembre de 2022, 69.9 % de las mujeres y 57.4 % de los hombres consideraron que vivir en su ciudad es inseguro.<\/p>\n<p><strong><em><u>Fecha de publicaci\u00f3n\u00a0 jueves 19 de enero de 2023 con informaci\u00f3n de Inegi<\/u><\/em><\/strong><\/p>\n","protected":false},"excerpt":{"rendered":"<p>\u25baSeg\u00fan la ENSU a diciembre\u00a0 de 2022 casi 9 de cada 10 cajemenses se sienten&#8230;<\/p>\n","protected":false},"author":1,"featured_media":125350,"comment_status":"open","ping_status":"open","sticky":false,"template":"","format":"standard","meta":{"_monsterinsights_skip_tracking":false,"_monsterinsights_sitenote_active":false,"_monsterinsights_sitenote_note":"","_monsterinsights_sitenote_category":0,"footnotes":""},"categories":[6493],"tags":[299,15],"class_list":["post"],"yoast_head":" \n<title>Sonora en Equipo. Ciudad Obreg\u00f3n sigue siendo de las ciudades m\u00e1s inseguras del pa\u00eds PALABRAS Y N\u00daMEROS<\/title>\n<meta name=\"description\" content=\"\u25baSeg\u00fan la ENSU a diciembre\u00a0 de 2022 casi 9 de cada 10 cajemenses se sienten inseguros &nbsp; CIUIDAD DE M\u00c9XICO,MX.\u2500\u2500 A nivel nacional, en diciembre de En Sonora en Equipo publicamos toda la informaci\u00f3n de Sonora, M\u00e9xico y el Mundo de manera oportuna y busca que la libertad de expresi\u00f3n sea real. Visita nuestro medio informativo publicado desde Hermosillo, Sonora. %\" \/>\n<meta name=\"robots\" content=\"index, follow, max-snippet:-1, max-image-preview:large, max-video-preview:-1\" \/>\n<link rel=\"canonical\" href=\"https:\/\/www.sonoraenequipo.com.mx\/ciudad-obregon-sigue-siendo-de-las-ciudades-mas-inseguras-del-pais\/\" \/>\n<meta property=\"og:locale\" content=\"es_ES\" \/>\n<meta property=\"og:type\" content=\"article\" \/>\n<meta property=\"og:title\" content=\"Sonora en Equipo. Ciudad Obreg\u00f3n sigue siendo de las ciudades m\u00e1s inseguras del pa\u00eds PALABRAS Y N\u00daMEROS\" \/>\n<meta property=\"og:description\" content=\"\u25baSeg\u00fan la ENSU a diciembre\u00a0 de 2022 casi 9 de cada 10 cajemenses se sienten inseguros &nbsp; CIUIDAD DE M\u00c9XICO,MX.\u2500\u2500 A nivel nacional, en diciembre de En Sonora en Equipo publicamos toda la informaci\u00f3n de Sonora, M\u00e9xico y el Mundo de manera oportuna y busca que la libertad de expresi\u00f3n sea real. Visita nuestro medio informativo publicado desde Hermosillo, Sonora. %\" \/>\n<meta property=\"og:url\" content=\"https:\/\/www.sonoraenequipo.com.mx\/ciudad-obregon-sigue-siendo-de-las-ciudades-mas-inseguras-del-pais\/\" \/>\n<meta property=\"og:site_name\" content=\"Sonora en Equipo.\" \/>\n<meta property=\"article:publisher\" content=\"https:\/\/www.facebook.com\/SonoraEE\/\" \/>\n<meta property=\"article:author\" content=\"https:\/\/www.facebook.com\/SonoraEE\" \/>\n<meta property=\"article:published_time\" content=\"2023-01-19T19:46:26+00:00\" \/>\n<meta property=\"og:image\" content=\"https:\/\/www.sonoraenequipo.com.mx\/storage\/2021\/10\/inseguridad.jpg\" \/>\n\t<meta property=\"og:image:width\" content=\"700\" \/>\n\t<meta property=\"og:image:height\" content=\"400\" \/>\n\t<meta property=\"og:image:type\" content=\"image\/jpeg\" \/>\n<meta name=\"author\" content=\"enequipo\" \/>\n<meta name=\"twitter:card\" content=\"summary_large_image\" \/>\n<meta name=\"twitter:creator\" content=\"@sonoraenequipo\" \/>\n<meta name=\"twitter:site\" content=\"@sonoraenequipo\" \/>\n<meta name=\"twitter:label1\" content=\"Escrito por\" \/>\n\t<meta name=\"twitter:data1\" content=\"enequipo\" \/>\n\t<meta name=\"twitter:label2\" content=\"Tiempo de lectura\" \/>\n\t<meta name=\"twitter:data2\" content=\"2 minutos\" \/>\n<script type=\"application\/ld+json\" class=\"yoast-schema-graph\">{\"@context\":\"https:\/\/schema.org\",\"@graph\":[{\"@type\":\"Article\",\"@id\":\"https:\/\/www.sonoraenequipo.com.mx\/ciudad-obregon-sigue-siendo-de-las-ciudades-mas-inseguras-del-pais\/#article\",\"isPartOf\":{\"@id\":\"https:\/\/www.sonoraenequipo.com.mx\/ciudad-obregon-sigue-siendo-de-las-ciudades-mas-inseguras-del-pais\/\"},\"author\":{\"name\":\"enequipo\",\"@id\":\"https:\/\/www.sonoraenequipo.com.mx\/#\/schema\/person\/50102df0fb23a8fa9e8effad8fa81386\"},\"headline\":\"Ciudad Obreg\u00f3n sigue siendo de las ciudades m\u00e1s inseguras del pa\u00eds\",\"datePublished\":\"2023-01-19T19:46:26+00:00\",\"mainEntityOfPage\":{\"@id\":\"https:\/\/www.sonoraenequipo.com.mx\/ciudad-obregon-sigue-siendo-de-las-ciudades-mas-inseguras-del-pais\/\"},\"wordCount\":406,\"commentCount\":0,\"publisher\":{\"@id\":\"https:\/\/www.sonoraenequipo.com.mx\/#organization\"},\"image\":{\"@id\":\"https:\/\/www.sonoraenequipo.com.mx\/ciudad-obregon-sigue-siendo-de-las-ciudades-mas-inseguras-del-pais\/#primaryimage\"},\"thumbnailUrl\":\"https:\/\/www.sonoraenequipo.com.mx\/storage\/2021\/10\/inseguridad.jpg\",\"keywords\":[\"inseguridad\",\"Sonora\"],\"articleSection\":[\"PALABRAS Y N\u00daMEROS\"],\"inLanguage\":\"es\",\"potentialAction\":[{\"@type\":\"CommentAction\",\"name\":\"Comment\",\"target\":[\"https:\/\/www.sonoraenequipo.com.mx\/ciudad-obregon-sigue-siendo-de-las-ciudades-mas-inseguras-del-pais\/#respond\"]}]},{\"@type\":\"WebPage\",\"@id\":\"https:\/\/www.sonoraenequipo.com.mx\/ciudad-obregon-sigue-siendo-de-las-ciudades-mas-inseguras-del-pais\/\",\"url\":\"https:\/\/www.sonoraenequipo.com.mx\/ciudad-obregon-sigue-siendo-de-las-ciudades-mas-inseguras-del-pais\/\",\"name\":\"Sonora en Equipo. Ciudad Obreg\u00f3n sigue siendo de las ciudades m\u00e1s inseguras del pa\u00eds PALABRAS Y N\u00daMEROS\",\"isPartOf\":{\"@id\":\"https:\/\/www.sonoraenequipo.com.mx\/#website\"},\"primaryImageOfPage\":{\"@id\":\"https:\/\/www.sonoraenequipo.com.mx\/ciudad-obregon-sigue-siendo-de-las-ciudades-mas-inseguras-del-pais\/#primaryimage\"},\"image\":{\"@id\":\"https:\/\/www.sonoraenequipo.com.mx\/ciudad-obregon-sigue-siendo-de-las-ciudades-mas-inseguras-del-pais\/#primaryimage\"},\"thumbnailUrl\":\"https:\/\/www.sonoraenequipo.com.mx\/storage\/2021\/10\/inseguridad.jpg\",\"datePublished\":\"2023-01-19T19:46:26+00:00\",\"description\":\"\u25baSeg\u00fan la ENSU a diciembre\u00a0 de 2022 casi 9 de cada 10 cajemenses se sienten inseguros &nbsp; CIUIDAD DE M\u00c9XICO,MX.\u2500\u2500 A nivel nacional, en diciembre de En Sonora en Equipo publicamos toda la informaci\u00f3n de Sonora, M\u00e9xico y el Mundo de manera oportuna y busca que la libertad de expresi\u00f3n sea real. Visita nuestro medio informativo publicado desde Hermosillo, Sonora. %\",\"breadcrumb\":{\"@id\":\"https:\/\/www.sonoraenequipo.com.mx\/ciudad-obregon-sigue-siendo-de-las-ciudades-mas-inseguras-del-pais\/#breadcrumb\"},\"inLanguage\":\"es\",\"potentialAction\":[{\"@type\":\"ReadAction\",\"target\":[\"https:\/\/www.sonoraenequipo.com.mx\/ciudad-obregon-sigue-siendo-de-las-ciudades-mas-inseguras-del-pais\/\"]}]},{\"@type\":\"ImageObject\",\"inLanguage\":\"es\",\"@id\":\"https:\/\/www.sonoraenequipo.com.mx\/ciudad-obregon-sigue-siendo-de-las-ciudades-mas-inseguras-del-pais\/#primaryimage\",\"url\":\"https:\/\/www.sonoraenequipo.com.mx\/storage\/2021\/10\/inseguridad.jpg\",\"contentUrl\":\"https:\/\/www.sonoraenequipo.com.mx\/storage\/2021\/10\/inseguridad.jpg\",\"width\":700,\"height\":400},{\"@type\":\"BreadcrumbList\",\"@id\":\"https:\/\/www.sonoraenequipo.com.mx\/ciudad-obregon-sigue-siendo-de-las-ciudades-mas-inseguras-del-pais\/#breadcrumb\",\"itemListElement\":[{\"@type\":\"ListItem\",\"position\":1,\"name\":\"Portada\",\"item\":\"https:\/\/www.sonoraenequipo.com.mx\/\"},{\"@type\":\"ListItem\",\"position\":2,\"name\":\"Ciudad Obreg\u00f3n sigue siendo de las ciudades m\u00e1s inseguras del pa\u00eds\"}]},{\"@type\":\"WebSite\",\"@id\":\"https:\/\/www.sonoraenequipo.com.mx\/#website\",\"url\":\"https:\/\/www.sonoraenequipo.com.mx\/\",\"name\":\"Sonora en Equipo.\",\"description\":\"Diario en l\u00ednea con Noticias desde Hermosillo, Sonora\",\"publisher\":{\"@id\":\"https:\/\/www.sonoraenequipo.com.mx\/#organization\"},\"potentialAction\":[{\"@type\":\"SearchAction\",\"target\":{\"@type\":\"EntryPoint\",\"urlTemplate\":\"https:\/\/www.sonoraenequipo.com.mx\/?s={search_term_string}\"},\"query-input\":{\"@type\":\"PropertyValueSpecification\",\"valueRequired\":true,\"valueName\":\"search_term_string\"}}],\"inLanguage\":\"es\"},{\"@type\":\"Organization\",\"@id\":\"https:\/\/www.sonoraenequipo.com.mx\/#organization\",\"name\":\"Sonoraenequipo.com.mx\",\"url\":\"https:\/\/www.sonoraenequipo.com.mx\/\",\"logo\":{\"@type\":\"ImageObject\",\"inLanguage\":\"es\",\"@id\":\"https:\/\/www.sonoraenequipo.com.mx\/#\/schema\/logo\/image\/\",\"url\":\"https:\/\/www.sonoraenequipo.com.mx\/storage\/2019\/01\/sonoraenequipo_opt.png\",\"contentUrl\":\"https:\/\/www.sonoraenequipo.com.mx\/storage\/2019\/01\/sonoraenequipo_opt.png\",\"width\":375,\"height\":125,\"caption\":\"Sonoraenequipo.com.mx\"},\"image\":{\"@id\":\"https:\/\/www.sonoraenequipo.com.mx\/#\/schema\/logo\/image\/\"},\"sameAs\":[\"https:\/\/www.facebook.com\/SonoraEE\/\",\"https:\/\/x.com\/sonoraenequipo\",\"https:\/\/www.youtube.com\/channel\/UC338nW-lPEYmJQs4ZABQ1SQ\"]},{\"@type\":\"Person\",\"@id\":\"https:\/\/www.sonoraenequipo.com.mx\/#\/schema\/person\/50102df0fb23a8fa9e8effad8fa81386\",\"name\":\"enequipo\",\"image\":{\"@type\":\"ImageObject\",\"inLanguage\":\"es\",\"@id\":\"https:\/\/www.sonoraenequipo.com.mx\/#\/schema\/person\/image\/\",\"url\":\"https:\/\/secure.gravatar.com\/avatar\/049821681b589dabc0bc20695993ccebb09f5b5d4d790cd9251b97faac7c652b?s=96&d=blank&r=g\",\"contentUrl\":\"https:\/\/secure.gravatar.com\/avatar\/049821681b589dabc0bc20695993ccebb09f5b5d4d790cd9251b97faac7c652b?s=96&d=blank&r=g\",\"caption\":\"enequipo\"},\"sameAs\":[\"https:\/\/www.facebook.com\/SonoraEE\"]}]}<\/script>\n ","yoast_head_json":{"title":"Sonora en Equipo. Ciudad Obreg\u00f3n sigue siendo de las ciudades m\u00e1s inseguras del pa\u00eds PALABRAS Y N\u00daMEROS","description":"\u25baSeg\u00fan la ENSU a diciembre\u00a0 de 2022 casi 9 de cada 10 cajemenses se sienten inseguros &nbsp; CIUIDAD DE M\u00c9XICO,MX.\u2500\u2500 A nivel nacional, en diciembre de En Sonora en Equipo publicamos toda la informaci\u00f3n de Sonora, M\u00e9xico y el Mundo de manera oportuna y busca que la libertad de expresi\u00f3n sea real. Visita nuestro medio informativo publicado desde Hermosillo, Sonora. %","robots":{"index":"index","follow":"follow","max-snippet":"max-snippet:-1","max-image-preview":"max-image-preview:large","max-video-preview":"max-video-preview:-1"},"canonical":"https:\/\/www.sonoraenequipo.com.mx\/ciudad-obregon-sigue-siendo-de-las-ciudades-mas-inseguras-del-pais\/","og_locale":"es_ES","og_type":"article","og_title":"Sonora en Equipo. Ciudad Obreg\u00f3n sigue siendo de las ciudades m\u00e1s inseguras del pa\u00eds PALABRAS Y N\u00daMEROS","og_description":"\u25baSeg\u00fan la ENSU a diciembre\u00a0 de 2022 casi 9 de cada 10 cajemenses se sienten inseguros &nbsp; CIUIDAD DE M\u00c9XICO,MX.\u2500\u2500 A nivel nacional, en diciembre de En Sonora en Equipo publicamos toda la informaci\u00f3n de Sonora, M\u00e9xico y el Mundo de manera oportuna y busca que la libertad de expresi\u00f3n sea real. Visita nuestro medio informativo publicado desde Hermosillo, Sonora. %","og_url":"https:\/\/www.sonoraenequipo.com.mx\/ciudad-obregon-sigue-siendo-de-las-ciudades-mas-inseguras-del-pais\/","og_site_name":"Sonora en Equipo.","article_publisher":"https:\/\/www.facebook.com\/SonoraEE\/","article_author":"https:\/\/www.facebook.com\/SonoraEE","article_published_time":"2023-01-19T19:46:26+00:00","og_image":[{"width":700,"height":400,"url":"https:\/\/www.sonoraenequipo.com.mx\/storage\/2021\/10\/inseguridad.jpg","type":"image\/jpeg"}],"author":"enequipo","twitter_card":"summary_large_image","twitter_creator":"@sonoraenequipo","twitter_site":"@sonoraenequipo","twitter_misc":{"Escrito por":"enequipo","Tiempo de lectura":"2 minutos"},"schema":{"@context":"https:\/\/schema.org","@graph":[{"@type":"Article","@id":"https:\/\/www.sonoraenequipo.com.mx\/ciudad-obregon-sigue-siendo-de-las-ciudades-mas-inseguras-del-pais\/#article","isPartOf":{"@id":"https:\/\/www.sonoraenequipo.com.mx\/ciudad-obregon-sigue-siendo-de-las-ciudades-mas-inseguras-del-pais\/"},"author":{"name":"enequipo","@id":"https:\/\/www.sonoraenequipo.com.mx\/#\/schema\/person\/50102df0fb23a8fa9e8effad8fa81386"},"headline":"Ciudad Obreg\u00f3n sigue siendo de las ciudades m\u00e1s inseguras del pa\u00eds","datePublished":"2023-01-19T19:46:26+00:00","mainEntityOfPage":{"@id":"https:\/\/www.sonoraenequipo.com.mx\/ciudad-obregon-sigue-siendo-de-las-ciudades-mas-inseguras-del-pais\/"},"wordCount":406,"commentCount":0,"publisher":{"@id":"https:\/\/www.sonoraenequipo.com.mx\/#organization"},"image":{"@id":"https:\/\/www.sonoraenequipo.com.mx\/ciudad-obregon-sigue-siendo-de-las-ciudades-mas-inseguras-del-pais\/#primaryimage"},"thumbnailUrl":"https:\/\/www.sonoraenequipo.com.mx\/storage\/2021\/10\/inseguridad.jpg","keywords":["inseguridad","Sonora"],"articleSection":["PALABRAS Y N\u00daMEROS"],"inLanguage":"es","potentialAction":[{"@type":"CommentAction","name":"Comment","target":["https:\/\/www.sonoraenequipo.com.mx\/ciudad-obregon-sigue-siendo-de-las-ciudades-mas-inseguras-del-pais\/#respond"]}]},{"@type":"WebPage","@id":"https:\/\/www.sonoraenequipo.com.mx\/ciudad-obregon-sigue-siendo-de-las-ciudades-mas-inseguras-del-pais\/","url":"https:\/\/www.sonoraenequipo.com.mx\/ciudad-obregon-sigue-siendo-de-las-ciudades-mas-inseguras-del-pais\/","name":"Sonora en Equipo. Ciudad Obreg\u00f3n sigue siendo de las ciudades m\u00e1s inseguras del pa\u00eds PALABRAS Y N\u00daMEROS","isPartOf":{"@id":"https:\/\/www.sonoraenequipo.com.mx\/#website"},"primaryImageOfPage":{"@id":"https:\/\/www.sonoraenequipo.com.mx\/ciudad-obregon-sigue-siendo-de-las-ciudades-mas-inseguras-del-pais\/#primaryimage"},"image":{"@id":"https:\/\/www.sonoraenequipo.com.mx\/ciudad-obregon-sigue-siendo-de-las-ciudades-mas-inseguras-del-pais\/#primaryimage"},"thumbnailUrl":"https:\/\/www.sonoraenequipo.com.mx\/storage\/2021\/10\/inseguridad.jpg","datePublished":"2023-01-19T19:46:26+00:00","description":"\u25baSeg\u00fan la ENSU a diciembre\u00a0 de 2022 casi 9 de cada 10 cajemenses se sienten inseguros &nbsp; CIUIDAD DE M\u00c9XICO,MX.\u2500\u2500 A nivel nacional, en diciembre de En Sonora en Equipo publicamos toda la informaci\u00f3n de Sonora, M\u00e9xico y el Mundo de manera oportuna y busca que la libertad de expresi\u00f3n sea real. Visita nuestro medio informativo publicado desde Hermosillo, Sonora. %","breadcrumb":{"@id":"https:\/\/www.sonoraenequipo.com.mx\/ciudad-obregon-sigue-siendo-de-las-ciudades-mas-inseguras-del-pais\/#breadcrumb"},"inLanguage":"es","potentialAction":[{"@type":"ReadAction","target":["https:\/\/www.sonoraenequipo.com.mx\/ciudad-obregon-sigue-siendo-de-las-ciudades-mas-inseguras-del-pais\/"]}]},{"@type":"ImageObject","inLanguage":"es","@id":"https:\/\/www.sonoraenequipo.com.mx\/ciudad-obregon-sigue-siendo-de-las-ciudades-mas-inseguras-del-pais\/#primaryimage","url":"https:\/\/www.sonoraenequipo.com.mx\/storage\/2021\/10\/inseguridad.jpg","contentUrl":"https:\/\/www.sonoraenequipo.com.mx\/storage\/2021\/10\/inseguridad.jpg","width":700,"height":400},{"@type":"BreadcrumbList","@id":"https:\/\/www.sonoraenequipo.com.mx\/ciudad-obregon-sigue-siendo-de-las-ciudades-mas-inseguras-del-pais\/#breadcrumb","itemListElement":[{"@type":"ListItem","position":1,"name":"Portada","item":"https:\/\/www.sonoraenequipo.com.mx\/"},{"@type":"ListItem","position":2,"name":"Ciudad Obreg\u00f3n sigue siendo de las ciudades m\u00e1s inseguras del pa\u00eds"}]},{"@type":"WebSite","@id":"https:\/\/www.sonoraenequipo.com.mx\/#website","url":"https:\/\/www.sonoraenequipo.com.mx\/","name":"Sonora en Equipo.","description":"Diario en l\u00ednea con Noticias desde Hermosillo, Sonora","publisher":{"@id":"https:\/\/www.sonoraenequipo.com.mx\/#organization"},"potentialAction":[{"@type":"SearchAction","target":{"@type":"EntryPoint","urlTemplate":"https:\/\/www.sonoraenequipo.com.mx\/?s={search_term_string}"},"query-input":{"@type":"PropertyValueSpecification","valueRequired":true,"valueName":"search_term_string"}}],"inLanguage":"es"},{"@type":"Organization","@id":"https:\/\/www.sonoraenequipo.com.mx\/#organization","name":"Sonoraenequipo.com.mx","url":"https:\/\/www.sonoraenequipo.com.mx\/","logo":{"@type":"ImageObject","inLanguage":"es","@id":"https:\/\/www.sonoraenequipo.com.mx\/#\/schema\/logo\/image\/","url":"https:\/\/www.sonoraenequipo.com.mx\/storage\/2019\/01\/sonoraenequipo_opt.png","contentUrl":"https:\/\/www.sonoraenequipo.com.mx\/storage\/2019\/01\/sonoraenequipo_opt.png","width":375,"height":125,"caption":"Sonoraenequipo.com.mx"},"image":{"@id":"https:\/\/www.sonoraenequipo.com.mx\/#\/schema\/logo\/image\/"},"sameAs":["https:\/\/www.facebook.com\/SonoraEE\/","https:\/\/x.com\/sonoraenequipo","https:\/\/www.youtube.com\/channel\/UC338nW-lPEYmJQs4ZABQ1SQ"]},{"@type":"Person","@id":"https:\/\/www.sonoraenequipo.com.mx\/#\/schema\/person\/50102df0fb23a8fa9e8effad8fa81386","name":"enequipo","image":{"@type":"ImageObject","inLanguage":"es","@id":"https:\/\/www.sonoraenequipo.com.mx\/#\/schema\/person\/image\/","url":"https:\/\/secure.gravatar.com\/avatar\/049821681b589dabc0bc20695993ccebb09f5b5d4d790cd9251b97faac7c652b?s=96&d=blank&r=g","contentUrl":"https:\/\/secure.gravatar.com\/avatar\/049821681b589dabc0bc20695993ccebb09f5b5d4d790cd9251b97faac7c652b?s=96&d=blank&r=g","caption":"enequipo"},"sameAs":["https:\/\/www.facebook.com\/SonoraEE"]}]}},"jetpack_featured_media_url":"https:\/\/www.sonoraenequipo.com.mx\/storage\/2021\/10\/inseguridad.jpg","_links":{"self":[{"href":"https:\/\/www.sonoraenequipo.com.mx\/api\/wp\/v2\/posts\/156994","targetHints":{"allow":["GET"]}}],"collection":[{"href":"https:\/\/www.sonoraenequipo.com.mx\/api\/wp\/v2\/posts"}],"about":[{"href":"https:\/\/www.sonoraenequipo.com.mx\/api\/wp\/v2\/types\/post"}],"author":[{"embeddable":true,"href":"https:\/\/www.sonoraenequipo.com.mx\/api\/wp\/v2\/users\/1"}],"replies":[{"embeddable":true,"href":"https:\/\/www.sonoraenequipo.com.mx\/api\/wp\/v2\/comments?post=156994"}],"version-history":[{"count":1,"href":"https:\/\/www.sonoraenequipo.com.mx\/api\/wp\/v2\/posts\/156994\/revisions"}],"predecessor-version":[{"id":156996,"href":"https:\/\/www.sonoraenequipo.com.mx\/api\/wp\/v2\/posts\/156994\/revisions\/156996"}],"wp:featuredmedia":[{"embeddable":true,"href":"https:\/\/www.sonoraenequipo.com.mx\/api\/wp\/v2\/media\/125350"}],"wp:attachment":[{"href":"https:\/\/www.sonoraenequipo.com.mx\/api\/wp\/v2\/media?parent=156994"}],"wp:term":[{"taxonomy":"category","embeddable":true,"href":"https:\/\/www.sonoraenequipo.com.mx\/api\/wp\/v2\/categories?post=156994"},{"taxonomy":"post_tag","embeddable":true,"href":"https:\/\/www.sonoraenequipo.com.mx\/api\/wp\/v2\/tags?post=156994"}],"curies":[{"name":"wp","href":"https:\/\/api.w.org\/{rel}","templated":true}]}}