{"id":157042,"date":"2023-01-19T09:15:51","date_gmt":"2023-01-19T16:15:51","guid":{"rendered":"https:\/\/www.sonoraenequipo.com.mx\/?p=157042"},"modified":"2023-01-19T21:42:34","modified_gmt":"2023-01-20T04:42:34","slug":"amlo-celebra-80-aniversario-del-imss","status":"publish","type":"post","link":"https:\/\/www.sonoraenequipo.com.mx\/amlo-celebra-80-aniversario-del-imss\/","title":{"rendered":"AMLO celebra 80 aniversario del IMSS"},"content":{"rendered":"<p><strong>CIUDAD DE M\u00c9XICO. MX. \u2014<\/strong> El presidente de M\u00e9xico, Andr\u00e9s Manuel L\u00f3pez Obrador, celebr\u00f3 la conmemoraci\u00f3n de los 80 a\u00f1os de la creaci\u00f3n del Instituto Mexicano del Seguro Social (IMSS), sistema que describi\u00f3 como una instituci\u00f3n fundamental que da servicio al pueblo de M\u00e9xico.<\/p>\n<p>&nbsp;<\/p>\n<p> <\/p>\n<p>&nbsp;<\/p>\n<p>En el Sal\u00f3n Tesorer\u00eda de Palacio Nacional, el mandatario dijo que actualmente el IMSS vive una \u00abmuy buena \u00e9poca\u00bb y est\u00e1 cumpliendo su funci\u00f3n b\u00e1sica, solidaria y fraterna de dar atenci\u00f3n m\u00e9dica gratuita y universal para los mexicanos.<\/p>\n<p>&nbsp;<\/p>\n<p><em><strong>\u00abEs una conmemoraci\u00f3n important\u00edsima. Son 80 a\u00f1os de la constituci\u00f3n del IMSS, es una instituci\u00f3n fundamental del estado mexicano para beneficio del pueblo, de los trabajadores, es una instituci\u00f3n cuya caracter\u00edstica principal es que forma parte de un acuerdo, es una instituci\u00f3n tripartita donde participan trabajadores, participan los empresarios y el gobierno\u00bb.<\/strong><\/em><\/p>\n<p>&nbsp;<\/p>\n<h3><strong>Garantiza abasto de medicinas para el a\u00f1o 2023 y 2024<\/strong><\/h3>\n<p>&nbsp;<\/p>\n<p>Andr\u00e9s Manuel L\u00f3pez Obrador destac\u00f3 que est\u00e1 garantizado el abasto de medicinas para este a\u00f1o y el 2024, adem\u00e1s, reconoci\u00f3 que el desaf\u00edo vigente es cubrir el d\u00e9ficit de m\u00e9dicos, principalmente especialistas, que tiene el sistema de salud p\u00fablica.<\/p>\n<p>&nbsp;<\/p>\n<p><em><strong>\u00abVamos avanzando, superando obst\u00e1culos, ya resolvimos el problema del abasto de medicamentos, ya puedo informar que tenemos medicamentos adquiridos para este a\u00f1o y para 2024 que era un problema complejo (&#8230;) Estamos equipando hospitales como nunca se hab\u00eda hecho, y estamos resolviendo un asunto complejo que tiene que ver con la falta de m\u00e9dicos en nuestro pa\u00eds\u00bb.<\/strong><\/em><\/p>\n<p>&nbsp;<\/p>\n<h3>Reconoce desempe\u00f1o del director del IMSS<\/h3>\n<p>&nbsp;<\/p>\n<p>&nbsp;<\/p>\n<p>La labor que ha desempe\u00f1ado el director del IMSS, Zo\u00e9 Robledo, es de un \u00abprofesional del servicio p\u00fablico, una persona dedicada al trabajo, un hombre honesto\u00bb, describi\u00f3 el mandatario al tiempo que agradeci\u00f3 a los trabajadores del instituto por su entrega.<\/p>\n<p>&nbsp;<\/p>\n<p><em><strong>\u00abFueron h\u00e9roes, hero\u00ednas, enfermeras, m\u00e9dicos, trabajadores del seguro social que ayudaron a salvar vidas, que pusieron en riesgo sus vidas para salvar las vidas de otros de los dem\u00e1s, de los semejantes, de nuestros semejantes. De modo que me da much\u00edsimo gusto el que estemos hoy conmemorando estos 80 a\u00f1os de una instituci\u00f3n surgida del movimiento revolucionario\u00bb.<\/strong><\/em><\/p>\n<p>&nbsp;<\/p>\n<p>&nbsp;<\/p>\n<p>Por su parte, Zo\u00e9 Robledo, asegur\u00f3 que el Seguro Social est\u00e1 acudiendo al llamado de contribuir con los prop\u00f3sitos transformadores de la llamada<strong><em> &#8216;cuarta transformaci\u00f3n&#8217;.<\/em><\/strong><\/p>\n<p>&nbsp;<\/p>\n<p><em><strong>\u00abSu mejor etapa est\u00e1 en el porvenir que viva el IMSS, 80 y muchos a\u00f1os m\u00e1s\u00bb.<\/strong><\/em><\/p>\n<p>&nbsp;<\/p>\n<p>El presidente de la Confederaci\u00f3n de C\u00e1maras Nacionales de Comercio, Servicios y Turismo y representante patronal en el Consejo del IMSS, Jos\u00e9 H\u00e9ctor Tejada Shaar, dijo que gracias a este instituto 4.5 millones de empresas tiene la seguridad y la certeza de que ser\u00e1n bien atendidos por los empleados si es que tienen alg\u00fan problema de salud, pero tambi\u00e9n tienen garantizadas sus prestaciones.<\/p>\n<p>&nbsp;<\/p>\n<p>&nbsp;<\/p>\n<p>Los servicios ofrecidos por el seguro social significan un incentivo enorme para sumarse a la formalidad porque adem\u00e1s de servicio m\u00e9dico tiene tambi\u00e9n guarder\u00edas, instalaciones deportivas y teatros, por ejemplo.<\/p>\n<p>&nbsp;<\/p>\n<h3>Desaf\u00edos a infrentar en IMSS<\/h3>\n<p>&nbsp;<\/p>\n<p>Jos\u00e9 H\u00e9ctor Tejada Shaar reconoci\u00f3 que el IMSS tiene desaf\u00edos que enfrentar como lo obsoleto de las instalciones.<\/p>\n<p>&nbsp;<\/p>\n<p><em><strong>\u00abDesaf\u00edos la infraestructura que data en muchos casos de los a\u00f1os 70 est\u00e1 rebasada en algunos lugares, sabemos de estas preocupaciones y estamos sentando las bases para que en pocos a\u00f1os m\u00e1s unidades, m\u00e1s camas, muchos m\u00e1s m\u00e9dicos, enfermeras y especialistas de la salud\u00bb.<\/strong><\/em><\/p>\n<p>&nbsp;<\/p>\n<p>&nbsp;<\/p>\n<p>PUBLICADO EL 19\/ENERO\/2023<\/p>\n","protected":false},"excerpt":{"rendered":"<p>CIUDAD DE M\u00c9XICO. MX. \u2014 El presidente de M\u00e9xico, Andr\u00e9s Manuel L\u00f3pez Obrador, celebr\u00f3 la&#8230;<\/p>\n","protected":false},"author":1,"featured_media":157017,"comment_status":"open","ping_status":"open","sticky":false,"template":"","format":"standard","meta":{"_monsterinsights_skip_tracking":false,"_monsterinsights_sitenote_active":false,"_monsterinsights_sitenote_note":"","_monsterinsights_sitenote_category":0,"footnotes":""},"categories":[5],"tags":[],"class_list":["post"],"yoast_head":" \n<title>Sonora en Equipo. AMLO celebra 80 aniversario del IMSS Rep\u00fablica<\/title>\n<meta name=\"description\" content=\"CIUDAD DE M\u00c9XICO. MX. \u2014 El presidente de M\u00e9xico, Andr\u00e9s Manuel L\u00f3pez Obrador, celebr\u00f3 la conmemoraci\u00f3n de los 80 a\u00f1os de la creaci\u00f3n del Instituto En Sonora en Equipo publicamos toda la informaci\u00f3n de Sonora, M\u00e9xico y el Mundo de manera oportuna y busca que la libertad de expresi\u00f3n sea real. Visita nuestro medio informativo publicado desde Hermosillo, Sonora. %\" \/>\n<meta name=\"robots\" content=\"index, follow, max-snippet:-1, max-image-preview:large, max-video-preview:-1\" \/>\n<link rel=\"canonical\" href=\"https:\/\/www.sonoraenequipo.com.mx\/amlo-celebra-80-aniversario-del-imss\/\" \/>\n<meta property=\"og:locale\" content=\"es_ES\" \/>\n<meta property=\"og:type\" content=\"article\" \/>\n<meta property=\"og:title\" content=\"Sonora en Equipo. AMLO celebra 80 aniversario del IMSS Rep\u00fablica\" \/>\n<meta property=\"og:description\" content=\"CIUDAD DE M\u00c9XICO. MX. \u2014 El presidente de M\u00e9xico, Andr\u00e9s Manuel L\u00f3pez Obrador, celebr\u00f3 la conmemoraci\u00f3n de los 80 a\u00f1os de la creaci\u00f3n del Instituto En Sonora en Equipo publicamos toda la informaci\u00f3n de Sonora, M\u00e9xico y el Mundo de manera oportuna y busca que la libertad de expresi\u00f3n sea real. Visita nuestro medio informativo publicado desde Hermosillo, Sonora. %\" \/>\n<meta property=\"og:url\" content=\"https:\/\/www.sonoraenequipo.com.mx\/amlo-celebra-80-aniversario-del-imss\/\" \/>\n<meta property=\"og:site_name\" content=\"Sonora en Equipo.\" \/>\n<meta property=\"article:publisher\" content=\"https:\/\/www.facebook.com\/SonoraEE\/\" \/>\n<meta property=\"article:author\" content=\"https:\/\/www.facebook.com\/SonoraEE\" \/>\n<meta property=\"article:published_time\" content=\"2023-01-19T16:15:51+00:00\" \/>\n<meta property=\"article:modified_time\" content=\"2023-01-20T04:42:34+00:00\" \/>\n<meta property=\"og:image\" content=\"https:\/\/www.sonoraenequipo.com.mx\/storage\/2023\/01\/andres-manuel-lopez-obrador-celebra.jpg\" \/>\n\t<meta property=\"og:image:width\" content=\"900\" \/>\n\t<meta property=\"og:image:height\" content=\"560\" \/>\n\t<meta property=\"og:image:type\" content=\"image\/jpeg\" \/>\n<meta name=\"author\" content=\"enequipo\" \/>\n<meta name=\"twitter:card\" content=\"summary_large_image\" \/>\n<meta name=\"twitter:creator\" content=\"@sonoraenequipo\" \/>\n<meta name=\"twitter:site\" content=\"@sonoraenequipo\" \/>\n<meta name=\"twitter:label1\" content=\"Escrito por\" \/>\n\t<meta name=\"twitter:data1\" content=\"enequipo\" \/>\n\t<meta name=\"twitter:label2\" content=\"Tiempo de lectura\" \/>\n\t<meta name=\"twitter:data2\" content=\"3 minutos\" \/>\n<script type=\"application\/ld+json\" class=\"yoast-schema-graph\">{\"@context\":\"https:\/\/schema.org\",\"@graph\":[{\"@type\":\"Article\",\"@id\":\"https:\/\/www.sonoraenequipo.com.mx\/amlo-celebra-80-aniversario-del-imss\/#article\",\"isPartOf\":{\"@id\":\"https:\/\/www.sonoraenequipo.com.mx\/amlo-celebra-80-aniversario-del-imss\/\"},\"author\":{\"name\":\"enequipo\",\"@id\":\"https:\/\/www.sonoraenequipo.com.mx\/#\/schema\/person\/50102df0fb23a8fa9e8effad8fa81386\"},\"headline\":\"AMLO celebra 80 aniversario del IMSS\",\"datePublished\":\"2023-01-19T16:15:51+00:00\",\"dateModified\":\"2023-01-20T04:42:34+00:00\",\"mainEntityOfPage\":{\"@id\":\"https:\/\/www.sonoraenequipo.com.mx\/amlo-celebra-80-aniversario-del-imss\/\"},\"wordCount\":633,\"commentCount\":0,\"publisher\":{\"@id\":\"https:\/\/www.sonoraenequipo.com.mx\/#organization\"},\"image\":{\"@id\":\"https:\/\/www.sonoraenequipo.com.mx\/amlo-celebra-80-aniversario-del-imss\/#primaryimage\"},\"thumbnailUrl\":\"https:\/\/www.sonoraenequipo.com.mx\/storage\/2023\/01\/andres-manuel-lopez-obrador-celebra.jpg\",\"articleSection\":[\"Rep\u00fablica\"],\"inLanguage\":\"es\",\"potentialAction\":[{\"@type\":\"CommentAction\",\"name\":\"Comment\",\"target\":[\"https:\/\/www.sonoraenequipo.com.mx\/amlo-celebra-80-aniversario-del-imss\/#respond\"]}]},{\"@type\":\"WebPage\",\"@id\":\"https:\/\/www.sonoraenequipo.com.mx\/amlo-celebra-80-aniversario-del-imss\/\",\"url\":\"https:\/\/www.sonoraenequipo.com.mx\/amlo-celebra-80-aniversario-del-imss\/\",\"name\":\"Sonora en Equipo. AMLO celebra 80 aniversario del IMSS Rep\u00fablica\",\"isPartOf\":{\"@id\":\"https:\/\/www.sonoraenequipo.com.mx\/#website\"},\"primaryImageOfPage\":{\"@id\":\"https:\/\/www.sonoraenequipo.com.mx\/amlo-celebra-80-aniversario-del-imss\/#primaryimage\"},\"image\":{\"@id\":\"https:\/\/www.sonoraenequipo.com.mx\/amlo-celebra-80-aniversario-del-imss\/#primaryimage\"},\"thumbnailUrl\":\"https:\/\/www.sonoraenequipo.com.mx\/storage\/2023\/01\/andres-manuel-lopez-obrador-celebra.jpg\",\"datePublished\":\"2023-01-19T16:15:51+00:00\",\"dateModified\":\"2023-01-20T04:42:34+00:00\",\"description\":\"CIUDAD DE M\u00c9XICO. MX. \u2014 El presidente de M\u00e9xico, Andr\u00e9s Manuel L\u00f3pez Obrador, celebr\u00f3 la conmemoraci\u00f3n de los 80 a\u00f1os de la creaci\u00f3n del Instituto En Sonora en Equipo publicamos toda la informaci\u00f3n de Sonora, M\u00e9xico y el Mundo de manera oportuna y busca que la libertad de expresi\u00f3n sea real. Visita nuestro medio informativo publicado desde Hermosillo, Sonora. %\",\"breadcrumb\":{\"@id\":\"https:\/\/www.sonoraenequipo.com.mx\/amlo-celebra-80-aniversario-del-imss\/#breadcrumb\"},\"inLanguage\":\"es\",\"potentialAction\":[{\"@type\":\"ReadAction\",\"target\":[\"https:\/\/www.sonoraenequipo.com.mx\/amlo-celebra-80-aniversario-del-imss\/\"]}]},{\"@type\":\"ImageObject\",\"inLanguage\":\"es\",\"@id\":\"https:\/\/www.sonoraenequipo.com.mx\/amlo-celebra-80-aniversario-del-imss\/#primaryimage\",\"url\":\"https:\/\/www.sonoraenequipo.com.mx\/storage\/2023\/01\/andres-manuel-lopez-obrador-celebra.jpg\",\"contentUrl\":\"https:\/\/www.sonoraenequipo.com.mx\/storage\/2023\/01\/andres-manuel-lopez-obrador-celebra.jpg\",\"width\":900,\"height\":560},{\"@type\":\"BreadcrumbList\",\"@id\":\"https:\/\/www.sonoraenequipo.com.mx\/amlo-celebra-80-aniversario-del-imss\/#breadcrumb\",\"itemListElement\":[{\"@type\":\"ListItem\",\"position\":1,\"name\":\"Portada\",\"item\":\"https:\/\/www.sonoraenequipo.com.mx\/\"},{\"@type\":\"ListItem\",\"position\":2,\"name\":\"AMLO celebra 80 aniversario del IMSS\"}]},{\"@type\":\"WebSite\",\"@id\":\"https:\/\/www.sonoraenequipo.com.mx\/#website\",\"url\":\"https:\/\/www.sonoraenequipo.com.mx\/\",\"name\":\"Sonora en Equipo.\",\"description\":\"Diario en l\u00ednea con Noticias desde Hermosillo, Sonora\",\"publisher\":{\"@id\":\"https:\/\/www.sonoraenequipo.com.mx\/#organization\"},\"potentialAction\":[{\"@type\":\"SearchAction\",\"target\":{\"@type\":\"EntryPoint\",\"urlTemplate\":\"https:\/\/www.sonoraenequipo.com.mx\/?s={search_term_string}\"},\"query-input\":{\"@type\":\"PropertyValueSpecification\",\"valueRequired\":true,\"valueName\":\"search_term_string\"}}],\"inLanguage\":\"es\"},{\"@type\":\"Organization\",\"@id\":\"https:\/\/www.sonoraenequipo.com.mx\/#organization\",\"name\":\"Sonoraenequipo.com.mx\",\"url\":\"https:\/\/www.sonoraenequipo.com.mx\/\",\"logo\":{\"@type\":\"ImageObject\",\"inLanguage\":\"es\",\"@id\":\"https:\/\/www.sonoraenequipo.com.mx\/#\/schema\/logo\/image\/\",\"url\":\"https:\/\/www.sonoraenequipo.com.mx\/storage\/2019\/01\/sonoraenequipo_opt.png\",\"contentUrl\":\"https:\/\/www.sonoraenequipo.com.mx\/storage\/2019\/01\/sonoraenequipo_opt.png\",\"width\":375,\"height\":125,\"caption\":\"Sonoraenequipo.com.mx\"},\"image\":{\"@id\":\"https:\/\/www.sonoraenequipo.com.mx\/#\/schema\/logo\/image\/\"},\"sameAs\":[\"https:\/\/www.facebook.com\/SonoraEE\/\",\"https:\/\/x.com\/sonoraenequipo\",\"https:\/\/www.youtube.com\/channel\/UC338nW-lPEYmJQs4ZABQ1SQ\"]},{\"@type\":\"Person\",\"@id\":\"https:\/\/www.sonoraenequipo.com.mx\/#\/schema\/person\/50102df0fb23a8fa9e8effad8fa81386\",\"name\":\"enequipo\",\"image\":{\"@type\":\"ImageObject\",\"inLanguage\":\"es\",\"@id\":\"https:\/\/www.sonoraenequipo.com.mx\/#\/schema\/person\/image\/\",\"url\":\"https:\/\/secure.gravatar.com\/avatar\/049821681b589dabc0bc20695993ccebb09f5b5d4d790cd9251b97faac7c652b?s=96&d=blank&r=g\",\"contentUrl\":\"https:\/\/secure.gravatar.com\/avatar\/049821681b589dabc0bc20695993ccebb09f5b5d4d790cd9251b97faac7c652b?s=96&d=blank&r=g\",\"caption\":\"enequipo\"},\"sameAs\":[\"https:\/\/www.facebook.com\/SonoraEE\"]}]}<\/script>\n ","yoast_head_json":{"title":"Sonora en Equipo. AMLO celebra 80 aniversario del IMSS Rep\u00fablica","description":"CIUDAD DE M\u00c9XICO. MX. \u2014 El presidente de M\u00e9xico, Andr\u00e9s Manuel L\u00f3pez Obrador, celebr\u00f3 la conmemoraci\u00f3n de los 80 a\u00f1os de la creaci\u00f3n del Instituto En Sonora en Equipo publicamos toda la informaci\u00f3n de Sonora, M\u00e9xico y el Mundo de manera oportuna y busca que la libertad de expresi\u00f3n sea real. Visita nuestro medio informativo publicado desde Hermosillo, Sonora. %","robots":{"index":"index","follow":"follow","max-snippet":"max-snippet:-1","max-image-preview":"max-image-preview:large","max-video-preview":"max-video-preview:-1"},"canonical":"https:\/\/www.sonoraenequipo.com.mx\/amlo-celebra-80-aniversario-del-imss\/","og_locale":"es_ES","og_type":"article","og_title":"Sonora en Equipo. AMLO celebra 80 aniversario del IMSS Rep\u00fablica","og_description":"CIUDAD DE M\u00c9XICO. MX. \u2014 El presidente de M\u00e9xico, Andr\u00e9s Manuel L\u00f3pez Obrador, celebr\u00f3 la conmemoraci\u00f3n de los 80 a\u00f1os de la creaci\u00f3n del Instituto En Sonora en Equipo publicamos toda la informaci\u00f3n de Sonora, M\u00e9xico y el Mundo de manera oportuna y busca que la libertad de expresi\u00f3n sea real. Visita nuestro medio informativo publicado desde Hermosillo, Sonora. %","og_url":"https:\/\/www.sonoraenequipo.com.mx\/amlo-celebra-80-aniversario-del-imss\/","og_site_name":"Sonora en Equipo.","article_publisher":"https:\/\/www.facebook.com\/SonoraEE\/","article_author":"https:\/\/www.facebook.com\/SonoraEE","article_published_time":"2023-01-19T16:15:51+00:00","article_modified_time":"2023-01-20T04:42:34+00:00","og_image":[{"width":900,"height":560,"url":"https:\/\/www.sonoraenequipo.com.mx\/storage\/2023\/01\/andres-manuel-lopez-obrador-celebra.jpg","type":"image\/jpeg"}],"author":"enequipo","twitter_card":"summary_large_image","twitter_creator":"@sonoraenequipo","twitter_site":"@sonoraenequipo","twitter_misc":{"Escrito por":"enequipo","Tiempo de lectura":"3 minutos"},"schema":{"@context":"https:\/\/schema.org","@graph":[{"@type":"Article","@id":"https:\/\/www.sonoraenequipo.com.mx\/amlo-celebra-80-aniversario-del-imss\/#article","isPartOf":{"@id":"https:\/\/www.sonoraenequipo.com.mx\/amlo-celebra-80-aniversario-del-imss\/"},"author":{"name":"enequipo","@id":"https:\/\/www.sonoraenequipo.com.mx\/#\/schema\/person\/50102df0fb23a8fa9e8effad8fa81386"},"headline":"AMLO celebra 80 aniversario del IMSS","datePublished":"2023-01-19T16:15:51+00:00","dateModified":"2023-01-20T04:42:34+00:00","mainEntityOfPage":{"@id":"https:\/\/www.sonoraenequipo.com.mx\/amlo-celebra-80-aniversario-del-imss\/"},"wordCount":633,"commentCount":0,"publisher":{"@id":"https:\/\/www.sonoraenequipo.com.mx\/#organization"},"image":{"@id":"https:\/\/www.sonoraenequipo.com.mx\/amlo-celebra-80-aniversario-del-imss\/#primaryimage"},"thumbnailUrl":"https:\/\/www.sonoraenequipo.com.mx\/storage\/2023\/01\/andres-manuel-lopez-obrador-celebra.jpg","articleSection":["Rep\u00fablica"],"inLanguage":"es","potentialAction":[{"@type":"CommentAction","name":"Comment","target":["https:\/\/www.sonoraenequipo.com.mx\/amlo-celebra-80-aniversario-del-imss\/#respond"]}]},{"@type":"WebPage","@id":"https:\/\/www.sonoraenequipo.com.mx\/amlo-celebra-80-aniversario-del-imss\/","url":"https:\/\/www.sonoraenequipo.com.mx\/amlo-celebra-80-aniversario-del-imss\/","name":"Sonora en Equipo. AMLO celebra 80 aniversario del IMSS Rep\u00fablica","isPartOf":{"@id":"https:\/\/www.sonoraenequipo.com.mx\/#website"},"primaryImageOfPage":{"@id":"https:\/\/www.sonoraenequipo.com.mx\/amlo-celebra-80-aniversario-del-imss\/#primaryimage"},"image":{"@id":"https:\/\/www.sonoraenequipo.com.mx\/amlo-celebra-80-aniversario-del-imss\/#primaryimage"},"thumbnailUrl":"https:\/\/www.sonoraenequipo.com.mx\/storage\/2023\/01\/andres-manuel-lopez-obrador-celebra.jpg","datePublished":"2023-01-19T16:15:51+00:00","dateModified":"2023-01-20T04:42:34+00:00","description":"CIUDAD DE M\u00c9XICO. MX. \u2014 El presidente de M\u00e9xico, Andr\u00e9s Manuel L\u00f3pez Obrador, celebr\u00f3 la conmemoraci\u00f3n de los 80 a\u00f1os de la creaci\u00f3n del Instituto En Sonora en Equipo publicamos toda la informaci\u00f3n de Sonora, M\u00e9xico y el Mundo de manera oportuna y busca que la libertad de expresi\u00f3n sea real. Visita nuestro medio informativo publicado desde Hermosillo, Sonora. %","breadcrumb":{"@id":"https:\/\/www.sonoraenequipo.com.mx\/amlo-celebra-80-aniversario-del-imss\/#breadcrumb"},"inLanguage":"es","potentialAction":[{"@type":"ReadAction","target":["https:\/\/www.sonoraenequipo.com.mx\/amlo-celebra-80-aniversario-del-imss\/"]}]},{"@type":"ImageObject","inLanguage":"es","@id":"https:\/\/www.sonoraenequipo.com.mx\/amlo-celebra-80-aniversario-del-imss\/#primaryimage","url":"https:\/\/www.sonoraenequipo.com.mx\/storage\/2023\/01\/andres-manuel-lopez-obrador-celebra.jpg","contentUrl":"https:\/\/www.sonoraenequipo.com.mx\/storage\/2023\/01\/andres-manuel-lopez-obrador-celebra.jpg","width":900,"height":560},{"@type":"BreadcrumbList","@id":"https:\/\/www.sonoraenequipo.com.mx\/amlo-celebra-80-aniversario-del-imss\/#breadcrumb","itemListElement":[{"@type":"ListItem","position":1,"name":"Portada","item":"https:\/\/www.sonoraenequipo.com.mx\/"},{"@type":"ListItem","position":2,"name":"AMLO celebra 80 aniversario del IMSS"}]},{"@type":"WebSite","@id":"https:\/\/www.sonoraenequipo.com.mx\/#website","url":"https:\/\/www.sonoraenequipo.com.mx\/","name":"Sonora en Equipo.","description":"Diario en l\u00ednea con Noticias desde Hermosillo, Sonora","publisher":{"@id":"https:\/\/www.sonoraenequipo.com.mx\/#organization"},"potentialAction":[{"@type":"SearchAction","target":{"@type":"EntryPoint","urlTemplate":"https:\/\/www.sonoraenequipo.com.mx\/?s={search_term_string}"},"query-input":{"@type":"PropertyValueSpecification","valueRequired":true,"valueName":"search_term_string"}}],"inLanguage":"es"},{"@type":"Organization","@id":"https:\/\/www.sonoraenequipo.com.mx\/#organization","name":"Sonoraenequipo.com.mx","url":"https:\/\/www.sonoraenequipo.com.mx\/","logo":{"@type":"ImageObject","inLanguage":"es","@id":"https:\/\/www.sonoraenequipo.com.mx\/#\/schema\/logo\/image\/","url":"https:\/\/www.sonoraenequipo.com.mx\/storage\/2019\/01\/sonoraenequipo_opt.png","contentUrl":"https:\/\/www.sonoraenequipo.com.mx\/storage\/2019\/01\/sonoraenequipo_opt.png","width":375,"height":125,"caption":"Sonoraenequipo.com.mx"},"image":{"@id":"https:\/\/www.sonoraenequipo.com.mx\/#\/schema\/logo\/image\/"},"sameAs":["https:\/\/www.facebook.com\/SonoraEE\/","https:\/\/x.com\/sonoraenequipo","https:\/\/www.youtube.com\/channel\/UC338nW-lPEYmJQs4ZABQ1SQ"]},{"@type":"Person","@id":"https:\/\/www.sonoraenequipo.com.mx\/#\/schema\/person\/50102df0fb23a8fa9e8effad8fa81386","name":"enequipo","image":{"@type":"ImageObject","inLanguage":"es","@id":"https:\/\/www.sonoraenequipo.com.mx\/#\/schema\/person\/image\/","url":"https:\/\/secure.gravatar.com\/avatar\/049821681b589dabc0bc20695993ccebb09f5b5d4d790cd9251b97faac7c652b?s=96&d=blank&r=g","contentUrl":"https:\/\/secure.gravatar.com\/avatar\/049821681b589dabc0bc20695993ccebb09f5b5d4d790cd9251b97faac7c652b?s=96&d=blank&r=g","caption":"enequipo"},"sameAs":["https:\/\/www.facebook.com\/SonoraEE"]}]}},"jetpack_featured_media_url":"https:\/\/www.sonoraenequipo.com.mx\/storage\/2023\/01\/andres-manuel-lopez-obrador-celebra.jpg","_links":{"self":[{"href":"https:\/\/www.sonoraenequipo.com.mx\/api\/wp\/v2\/posts\/157042","targetHints":{"allow":["GET"]}}],"collection":[{"href":"https:\/\/www.sonoraenequipo.com.mx\/api\/wp\/v2\/posts"}],"about":[{"href":"https:\/\/www.sonoraenequipo.com.mx\/api\/wp\/v2\/types\/post"}],"author":[{"embeddable":true,"href":"https:\/\/www.sonoraenequipo.com.mx\/api\/wp\/v2\/users\/1"}],"replies":[{"embeddable":true,"href":"https:\/\/www.sonoraenequipo.com.mx\/api\/wp\/v2\/comments?post=157042"}],"version-history":[{"count":2,"href":"https:\/\/www.sonoraenequipo.com.mx\/api\/wp\/v2\/posts\/157042\/revisions"}],"predecessor-version":[{"id":157044,"href":"https:\/\/www.sonoraenequipo.com.mx\/api\/wp\/v2\/posts\/157042\/revisions\/157044"}],"wp:featuredmedia":[{"embeddable":true,"href":"https:\/\/www.sonoraenequipo.com.mx\/api\/wp\/v2\/media\/157017"}],"wp:attachment":[{"href":"https:\/\/www.sonoraenequipo.com.mx\/api\/wp\/v2\/media?parent=157042"}],"wp:term":[{"taxonomy":"category","embeddable":true,"href":"https:\/\/www.sonoraenequipo.com.mx\/api\/wp\/v2\/categories?post=157042"},{"taxonomy":"post_tag","embeddable":true,"href":"https:\/\/www.sonoraenequipo.com.mx\/api\/wp\/v2\/tags?post=157042"}],"curies":[{"name":"wp","href":"https:\/\/api.w.org\/{rel}","templated":true}]}}