{"id":1571,"date":"2015-12-17T16:32:03","date_gmt":"2015-12-17T16:32:03","guid":{"rendered":"http:\/\/www.sonoraenequipo.com.mx\/?p=1571"},"modified":"2015-12-18T16:34:31","modified_gmt":"2015-12-18T16:34:31","slug":"ponen-en-marcha-programa-escuelas-al-cien-para-dignificar-911-planteles","status":"publish","type":"post","link":"https:\/\/www.sonoraenequipo.com.mx\/ponen-en-marcha-programa-escuelas-al-cien-para-dignificar-911-planteles\/","title":{"rendered":"Ponen en marcha programa \u201cEscuelas al cien\u201d para dignificar 911 planteles"},"content":{"rendered":"<p>17122015.HERMOSILLO, SONORA.MX.MANUEL MILLANES.\u2014 La gobernadora Claudia Pavlovich Arellano puso en marcha el programa \u201cEscuelas al cien\u201d que tiene como principal objetivo mejorar las condiciones de infraestructura de 911 escuelas de nivel b\u00e1sico, medio superior y superior en sus primeros tres a\u00f1os de gobierno, para lo cual se invertir\u00e1n mil 276.3 millones de pesos. <\/p>\n<p>Esta es una inversi\u00f3n federal por instrucciones del presidente Enrique Pe\u00f1a Nieto para favorecer las condiciones educativas de todos los estudiantes de la entidad, principalmente ni\u00f1os y adolescentes de primaria y secundaria, pues es en estops niveles donde se remodelar\u00e1n la mayor\u00eda de los planteles, 841 de los 911 proyectados, destac\u00f3 el secretario de Educaci\u00f3n y Cultura, Ernesto de Lucas Hopkins.<\/p>\n<p>La gobernadora Pavlovich Arellano dijo a los ni\u00f1os de la escuela primaria \u00c1lvaro Rembao Figueroa de la colonia el Mirador de Hermosillo, que su inter\u00e9s es que todas las escuelas sean remodeladas y sobretodo se conviertan en un lugar bonito para estudiar, con espacios dignos donde su aprovechamiento escolar sea aun m\u00e1s notable y as\u00ed vayan cumpliendo sus sue\u00f1os hasta convertirse en profesionistas.<\/p>\n<p>Durante el 2016 se invertir\u00e1n poco mas de 576 millones de pesos y se beneficiar\u00e1n 497 planteles de educaci\u00f3n b\u00e1sica 13 de media superior y 10 de nivel superior, el 2017 la inversi\u00f3n ser\u00e1 de casi 327 millones de pesos en 172 planteles de primaria y secundaria, 12 preparatorias y 15 universidades y 2018 la inversi\u00f3n ser\u00e1 de 140 millones 488 mil pesos beneficiando con ello a 103 planteles de educaci\u00f3n b\u00e1sica y 3 de nivel superior que en total representan en recursos los mil 276. 3 millones de pesos y 911 planteles beneficiados.<\/p>\n<p>Ah\u00ed la Gobernadora aprovech\u00f3 para desear una feliz Navidad a los ni\u00f1os as\u00ed como un pr\u00f3spero a\u00f1o 2016 tambi\u00e9n a sus padres que estuvieron presentes en el evento.<\/p>\n","protected":false},"excerpt":{"rendered":"<p>17122015.HERMOSILLO, SONORA.MX.MANUEL MILLANES.\u2014 La gobernadora Claudia Pavlovich Arellano puso en marcha el programa \u201cEscuelas al&#8230;<\/p>\n","protected":false},"author":1,"featured_media":0,"comment_status":"open","ping_status":"open","sticky":false,"template":"","format":"standard","meta":{"_monsterinsights_skip_tracking":false,"_monsterinsights_sitenote_active":false,"_monsterinsights_sitenote_note":"","_monsterinsights_sitenote_category":0,"footnotes":""},"categories":[13,22],"tags":[],"class_list":["post"],"yoast_head":" \n<title>Sonora en Equipo. Ponen en marcha programa \u201cEscuelas al cien\u201d para dignificar 911 planteles<\/title>\n<meta name=\"description\" content=\"17122015.HERMOSILLO, SONORA.MX.MANUEL MILLANES.\u2014 La gobernadora Claudia Pavlovich Arellano puso en marcha el programa \u201cEscuelas al cien\u201d que tiene como En Sonora en Equipo publicamos toda la informaci\u00f3n de Sonora, M\u00e9xico y el Mundo de manera oportuna y busca que la libertad de expresi\u00f3n sea real. Visita nuestro medio informativo publicado desde Hermosillo, Sonora. %\" \/>\n<meta name=\"robots\" content=\"index, follow, max-snippet:-1, max-image-preview:large, max-video-preview:-1\" \/>\n<link rel=\"canonical\" href=\"https:\/\/www.sonoraenequipo.com.mx\/ponen-en-marcha-programa-escuelas-al-cien-para-dignificar-911-planteles\/\" \/>\n<meta property=\"og:locale\" content=\"es_ES\" \/>\n<meta property=\"og:type\" content=\"article\" \/>\n<meta property=\"og:title\" content=\"Sonora en Equipo. Ponen en marcha programa \u201cEscuelas al cien\u201d para dignificar 911 planteles\" \/>\n<meta property=\"og:description\" content=\"17122015.HERMOSILLO, SONORA.MX.MANUEL MILLANES.\u2014 La gobernadora Claudia Pavlovich Arellano puso en marcha el programa \u201cEscuelas al cien\u201d que tiene como En Sonora en Equipo publicamos toda la informaci\u00f3n de Sonora, M\u00e9xico y el Mundo de manera oportuna y busca que la libertad de expresi\u00f3n sea real. Visita nuestro medio informativo publicado desde Hermosillo, Sonora. %\" \/>\n<meta property=\"og:url\" content=\"https:\/\/www.sonoraenequipo.com.mx\/ponen-en-marcha-programa-escuelas-al-cien-para-dignificar-911-planteles\/\" \/>\n<meta property=\"og:site_name\" content=\"Sonora en Equipo.\" \/>\n<meta property=\"article:publisher\" content=\"https:\/\/www.facebook.com\/SonoraEE\/\" \/>\n<meta property=\"article:author\" content=\"https:\/\/www.facebook.com\/SonoraEE\" \/>\n<meta property=\"article:published_time\" content=\"2015-12-17T16:32:03+00:00\" \/>\n<meta property=\"article:modified_time\" content=\"2015-12-18T16:34:31+00:00\" \/>\n<meta name=\"author\" content=\"enequipo\" \/>\n<meta name=\"twitter:card\" content=\"summary_large_image\" \/>\n<meta name=\"twitter:creator\" content=\"@sonoraenequipo\" \/>\n<meta name=\"twitter:site\" content=\"@sonoraenequipo\" \/>\n<meta name=\"twitter:label1\" content=\"Escrito por\" \/>\n\t<meta name=\"twitter:data1\" content=\"enequipo\" \/>\n\t<meta name=\"twitter:label2\" content=\"Tiempo de lectura\" \/>\n\t<meta name=\"twitter:data2\" content=\"2 minutos\" \/>\n<script type=\"application\/ld+json\" class=\"yoast-schema-graph\">{\"@context\":\"https:\/\/schema.org\",\"@graph\":[{\"@type\":\"Article\",\"@id\":\"https:\/\/www.sonoraenequipo.com.mx\/ponen-en-marcha-programa-escuelas-al-cien-para-dignificar-911-planteles\/#article\",\"isPartOf\":{\"@id\":\"https:\/\/www.sonoraenequipo.com.mx\/ponen-en-marcha-programa-escuelas-al-cien-para-dignificar-911-planteles\/\"},\"author\":{\"name\":\"enequipo\",\"@id\":\"https:\/\/www.sonoraenequipo.com.mx\/#\/schema\/person\/50102df0fb23a8fa9e8effad8fa81386\"},\"headline\":\"Ponen en marcha programa \u201cEscuelas al cien\u201d para dignificar 911 planteles\",\"datePublished\":\"2015-12-17T16:32:03+00:00\",\"dateModified\":\"2015-12-18T16:34:31+00:00\",\"mainEntityOfPage\":{\"@id\":\"https:\/\/www.sonoraenequipo.com.mx\/ponen-en-marcha-programa-escuelas-al-cien-para-dignificar-911-planteles\/\"},\"wordCount\":313,\"commentCount\":0,\"publisher\":{\"@id\":\"https:\/\/www.sonoraenequipo.com.mx\/#organization\"},\"articleSection\":[\"Destacadas\",\"Sonora\"],\"inLanguage\":\"es\",\"potentialAction\":[{\"@type\":\"CommentAction\",\"name\":\"Comment\",\"target\":[\"https:\/\/www.sonoraenequipo.com.mx\/ponen-en-marcha-programa-escuelas-al-cien-para-dignificar-911-planteles\/#respond\"]}]},{\"@type\":\"WebPage\",\"@id\":\"https:\/\/www.sonoraenequipo.com.mx\/ponen-en-marcha-programa-escuelas-al-cien-para-dignificar-911-planteles\/\",\"url\":\"https:\/\/www.sonoraenequipo.com.mx\/ponen-en-marcha-programa-escuelas-al-cien-para-dignificar-911-planteles\/\",\"name\":\"Sonora en Equipo. Ponen en marcha programa \u201cEscuelas al cien\u201d para dignificar 911 planteles\",\"isPartOf\":{\"@id\":\"https:\/\/www.sonoraenequipo.com.mx\/#website\"},\"datePublished\":\"2015-12-17T16:32:03+00:00\",\"dateModified\":\"2015-12-18T16:34:31+00:00\",\"description\":\"17122015.HERMOSILLO, SONORA.MX.MANUEL MILLANES.\u2014 La gobernadora Claudia Pavlovich Arellano puso en marcha el programa \u201cEscuelas al cien\u201d que tiene como En Sonora en Equipo publicamos toda la informaci\u00f3n de Sonora, M\u00e9xico y el Mundo de manera oportuna y busca que la libertad de expresi\u00f3n sea real. Visita nuestro medio informativo publicado desde Hermosillo, Sonora. %\",\"breadcrumb\":{\"@id\":\"https:\/\/www.sonoraenequipo.com.mx\/ponen-en-marcha-programa-escuelas-al-cien-para-dignificar-911-planteles\/#breadcrumb\"},\"inLanguage\":\"es\",\"potentialAction\":[{\"@type\":\"ReadAction\",\"target\":[\"https:\/\/www.sonoraenequipo.com.mx\/ponen-en-marcha-programa-escuelas-al-cien-para-dignificar-911-planteles\/\"]}]},{\"@type\":\"BreadcrumbList\",\"@id\":\"https:\/\/www.sonoraenequipo.com.mx\/ponen-en-marcha-programa-escuelas-al-cien-para-dignificar-911-planteles\/#breadcrumb\",\"itemListElement\":[{\"@type\":\"ListItem\",\"position\":1,\"name\":\"Portada\",\"item\":\"https:\/\/www.sonoraenequipo.com.mx\/\"},{\"@type\":\"ListItem\",\"position\":2,\"name\":\"Ponen en marcha programa \u201cEscuelas al cien\u201d para dignificar 911 planteles\"}]},{\"@type\":\"WebSite\",\"@id\":\"https:\/\/www.sonoraenequipo.com.mx\/#website\",\"url\":\"https:\/\/www.sonoraenequipo.com.mx\/\",\"name\":\"Sonora en Equipo.\",\"description\":\"Diario en l\u00ednea con Noticias desde Hermosillo, Sonora\",\"publisher\":{\"@id\":\"https:\/\/www.sonoraenequipo.com.mx\/#organization\"},\"potentialAction\":[{\"@type\":\"SearchAction\",\"target\":{\"@type\":\"EntryPoint\",\"urlTemplate\":\"https:\/\/www.sonoraenequipo.com.mx\/?s={search_term_string}\"},\"query-input\":{\"@type\":\"PropertyValueSpecification\",\"valueRequired\":true,\"valueName\":\"search_term_string\"}}],\"inLanguage\":\"es\"},{\"@type\":\"Organization\",\"@id\":\"https:\/\/www.sonoraenequipo.com.mx\/#organization\",\"name\":\"Sonoraenequipo.com.mx\",\"url\":\"https:\/\/www.sonoraenequipo.com.mx\/\",\"logo\":{\"@type\":\"ImageObject\",\"inLanguage\":\"es\",\"@id\":\"https:\/\/www.sonoraenequipo.com.mx\/#\/schema\/logo\/image\/\",\"url\":\"https:\/\/www.sonoraenequipo.com.mx\/storage\/2019\/01\/sonoraenequipo_opt.png\",\"contentUrl\":\"https:\/\/www.sonoraenequipo.com.mx\/storage\/2019\/01\/sonoraenequipo_opt.png\",\"width\":375,\"height\":125,\"caption\":\"Sonoraenequipo.com.mx\"},\"image\":{\"@id\":\"https:\/\/www.sonoraenequipo.com.mx\/#\/schema\/logo\/image\/\"},\"sameAs\":[\"https:\/\/www.facebook.com\/SonoraEE\/\",\"https:\/\/x.com\/sonoraenequipo\",\"https:\/\/www.youtube.com\/channel\/UC338nW-lPEYmJQs4ZABQ1SQ\"]},{\"@type\":\"Person\",\"@id\":\"https:\/\/www.sonoraenequipo.com.mx\/#\/schema\/person\/50102df0fb23a8fa9e8effad8fa81386\",\"name\":\"enequipo\",\"image\":{\"@type\":\"ImageObject\",\"inLanguage\":\"es\",\"@id\":\"https:\/\/www.sonoraenequipo.com.mx\/#\/schema\/person\/image\/\",\"url\":\"https:\/\/secure.gravatar.com\/avatar\/049821681b589dabc0bc20695993ccebb09f5b5d4d790cd9251b97faac7c652b?s=96&d=blank&r=g\",\"contentUrl\":\"https:\/\/secure.gravatar.com\/avatar\/049821681b589dabc0bc20695993ccebb09f5b5d4d790cd9251b97faac7c652b?s=96&d=blank&r=g\",\"caption\":\"enequipo\"},\"sameAs\":[\"https:\/\/www.facebook.com\/SonoraEE\"]}]}<\/script>\n ","yoast_head_json":{"title":"Sonora en Equipo. Ponen en marcha programa \u201cEscuelas al cien\u201d para dignificar 911 planteles","description":"17122015.HERMOSILLO, SONORA.MX.MANUEL MILLANES.\u2014 La gobernadora Claudia Pavlovich Arellano puso en marcha el programa \u201cEscuelas al cien\u201d que tiene como En Sonora en Equipo publicamos toda la informaci\u00f3n de Sonora, M\u00e9xico y el Mundo de manera oportuna y busca que la libertad de expresi\u00f3n sea real. Visita nuestro medio informativo publicado desde Hermosillo, Sonora. %","robots":{"index":"index","follow":"follow","max-snippet":"max-snippet:-1","max-image-preview":"max-image-preview:large","max-video-preview":"max-video-preview:-1"},"canonical":"https:\/\/www.sonoraenequipo.com.mx\/ponen-en-marcha-programa-escuelas-al-cien-para-dignificar-911-planteles\/","og_locale":"es_ES","og_type":"article","og_title":"Sonora en Equipo. Ponen en marcha programa \u201cEscuelas al cien\u201d para dignificar 911 planteles","og_description":"17122015.HERMOSILLO, SONORA.MX.MANUEL MILLANES.\u2014 La gobernadora Claudia Pavlovich Arellano puso en marcha el programa \u201cEscuelas al cien\u201d que tiene como En Sonora en Equipo publicamos toda la informaci\u00f3n de Sonora, M\u00e9xico y el Mundo de manera oportuna y busca que la libertad de expresi\u00f3n sea real. Visita nuestro medio informativo publicado desde Hermosillo, Sonora. %","og_url":"https:\/\/www.sonoraenequipo.com.mx\/ponen-en-marcha-programa-escuelas-al-cien-para-dignificar-911-planteles\/","og_site_name":"Sonora en Equipo.","article_publisher":"https:\/\/www.facebook.com\/SonoraEE\/","article_author":"https:\/\/www.facebook.com\/SonoraEE","article_published_time":"2015-12-17T16:32:03+00:00","article_modified_time":"2015-12-18T16:34:31+00:00","author":"enequipo","twitter_card":"summary_large_image","twitter_creator":"@sonoraenequipo","twitter_site":"@sonoraenequipo","twitter_misc":{"Escrito por":"enequipo","Tiempo de lectura":"2 minutos"},"schema":{"@context":"https:\/\/schema.org","@graph":[{"@type":"Article","@id":"https:\/\/www.sonoraenequipo.com.mx\/ponen-en-marcha-programa-escuelas-al-cien-para-dignificar-911-planteles\/#article","isPartOf":{"@id":"https:\/\/www.sonoraenequipo.com.mx\/ponen-en-marcha-programa-escuelas-al-cien-para-dignificar-911-planteles\/"},"author":{"name":"enequipo","@id":"https:\/\/www.sonoraenequipo.com.mx\/#\/schema\/person\/50102df0fb23a8fa9e8effad8fa81386"},"headline":"Ponen en marcha programa \u201cEscuelas al cien\u201d para dignificar 911 planteles","datePublished":"2015-12-17T16:32:03+00:00","dateModified":"2015-12-18T16:34:31+00:00","mainEntityOfPage":{"@id":"https:\/\/www.sonoraenequipo.com.mx\/ponen-en-marcha-programa-escuelas-al-cien-para-dignificar-911-planteles\/"},"wordCount":313,"commentCount":0,"publisher":{"@id":"https:\/\/www.sonoraenequipo.com.mx\/#organization"},"articleSection":["Destacadas","Sonora"],"inLanguage":"es","potentialAction":[{"@type":"CommentAction","name":"Comment","target":["https:\/\/www.sonoraenequipo.com.mx\/ponen-en-marcha-programa-escuelas-al-cien-para-dignificar-911-planteles\/#respond"]}]},{"@type":"WebPage","@id":"https:\/\/www.sonoraenequipo.com.mx\/ponen-en-marcha-programa-escuelas-al-cien-para-dignificar-911-planteles\/","url":"https:\/\/www.sonoraenequipo.com.mx\/ponen-en-marcha-programa-escuelas-al-cien-para-dignificar-911-planteles\/","name":"Sonora en Equipo. Ponen en marcha programa \u201cEscuelas al cien\u201d para dignificar 911 planteles","isPartOf":{"@id":"https:\/\/www.sonoraenequipo.com.mx\/#website"},"datePublished":"2015-12-17T16:32:03+00:00","dateModified":"2015-12-18T16:34:31+00:00","description":"17122015.HERMOSILLO, SONORA.MX.MANUEL MILLANES.\u2014 La gobernadora Claudia Pavlovich Arellano puso en marcha el programa \u201cEscuelas al cien\u201d que tiene como En Sonora en Equipo publicamos toda la informaci\u00f3n de Sonora, M\u00e9xico y el Mundo de manera oportuna y busca que la libertad de expresi\u00f3n sea real. Visita nuestro medio informativo publicado desde Hermosillo, Sonora. %","breadcrumb":{"@id":"https:\/\/www.sonoraenequipo.com.mx\/ponen-en-marcha-programa-escuelas-al-cien-para-dignificar-911-planteles\/#breadcrumb"},"inLanguage":"es","potentialAction":[{"@type":"ReadAction","target":["https:\/\/www.sonoraenequipo.com.mx\/ponen-en-marcha-programa-escuelas-al-cien-para-dignificar-911-planteles\/"]}]},{"@type":"BreadcrumbList","@id":"https:\/\/www.sonoraenequipo.com.mx\/ponen-en-marcha-programa-escuelas-al-cien-para-dignificar-911-planteles\/#breadcrumb","itemListElement":[{"@type":"ListItem","position":1,"name":"Portada","item":"https:\/\/www.sonoraenequipo.com.mx\/"},{"@type":"ListItem","position":2,"name":"Ponen en marcha programa \u201cEscuelas al cien\u201d para dignificar 911 planteles"}]},{"@type":"WebSite","@id":"https:\/\/www.sonoraenequipo.com.mx\/#website","url":"https:\/\/www.sonoraenequipo.com.mx\/","name":"Sonora en Equipo.","description":"Diario en l\u00ednea con Noticias desde Hermosillo, Sonora","publisher":{"@id":"https:\/\/www.sonoraenequipo.com.mx\/#organization"},"potentialAction":[{"@type":"SearchAction","target":{"@type":"EntryPoint","urlTemplate":"https:\/\/www.sonoraenequipo.com.mx\/?s={search_term_string}"},"query-input":{"@type":"PropertyValueSpecification","valueRequired":true,"valueName":"search_term_string"}}],"inLanguage":"es"},{"@type":"Organization","@id":"https:\/\/www.sonoraenequipo.com.mx\/#organization","name":"Sonoraenequipo.com.mx","url":"https:\/\/www.sonoraenequipo.com.mx\/","logo":{"@type":"ImageObject","inLanguage":"es","@id":"https:\/\/www.sonoraenequipo.com.mx\/#\/schema\/logo\/image\/","url":"https:\/\/www.sonoraenequipo.com.mx\/storage\/2019\/01\/sonoraenequipo_opt.png","contentUrl":"https:\/\/www.sonoraenequipo.com.mx\/storage\/2019\/01\/sonoraenequipo_opt.png","width":375,"height":125,"caption":"Sonoraenequipo.com.mx"},"image":{"@id":"https:\/\/www.sonoraenequipo.com.mx\/#\/schema\/logo\/image\/"},"sameAs":["https:\/\/www.facebook.com\/SonoraEE\/","https:\/\/x.com\/sonoraenequipo","https:\/\/www.youtube.com\/channel\/UC338nW-lPEYmJQs4ZABQ1SQ"]},{"@type":"Person","@id":"https:\/\/www.sonoraenequipo.com.mx\/#\/schema\/person\/50102df0fb23a8fa9e8effad8fa81386","name":"enequipo","image":{"@type":"ImageObject","inLanguage":"es","@id":"https:\/\/www.sonoraenequipo.com.mx\/#\/schema\/person\/image\/","url":"https:\/\/secure.gravatar.com\/avatar\/049821681b589dabc0bc20695993ccebb09f5b5d4d790cd9251b97faac7c652b?s=96&d=blank&r=g","contentUrl":"https:\/\/secure.gravatar.com\/avatar\/049821681b589dabc0bc20695993ccebb09f5b5d4d790cd9251b97faac7c652b?s=96&d=blank&r=g","caption":"enequipo"},"sameAs":["https:\/\/www.facebook.com\/SonoraEE"]}]}},"jetpack_featured_media_url":"","_links":{"self":[{"href":"https:\/\/www.sonoraenequipo.com.mx\/api\/wp\/v2\/posts\/1571","targetHints":{"allow":["GET"]}}],"collection":[{"href":"https:\/\/www.sonoraenequipo.com.mx\/api\/wp\/v2\/posts"}],"about":[{"href":"https:\/\/www.sonoraenequipo.com.mx\/api\/wp\/v2\/types\/post"}],"author":[{"embeddable":true,"href":"https:\/\/www.sonoraenequipo.com.mx\/api\/wp\/v2\/users\/1"}],"replies":[{"embeddable":true,"href":"https:\/\/www.sonoraenequipo.com.mx\/api\/wp\/v2\/comments?post=1571"}],"version-history":[{"count":0,"href":"https:\/\/www.sonoraenequipo.com.mx\/api\/wp\/v2\/posts\/1571\/revisions"}],"wp:attachment":[{"href":"https:\/\/www.sonoraenequipo.com.mx\/api\/wp\/v2\/media?parent=1571"}],"wp:term":[{"taxonomy":"category","embeddable":true,"href":"https:\/\/www.sonoraenequipo.com.mx\/api\/wp\/v2\/categories?post=1571"},{"taxonomy":"post_tag","embeddable":true,"href":"https:\/\/www.sonoraenequipo.com.mx\/api\/wp\/v2\/tags?post=1571"}],"curies":[{"name":"wp","href":"https:\/\/api.w.org\/{rel}","templated":true}]}}