{"id":157491,"date":"2023-01-25T07:12:51","date_gmt":"2023-01-25T14:12:51","guid":{"rendered":"https:\/\/www.sonoraenequipo.com.mx\/?p=157491"},"modified":"2023-01-25T10:47:01","modified_gmt":"2023-01-25T17:47:01","slug":"dos-mexicanos-figuran-entre-los-siete-muertos-en-tiroteo-en-granja-de-california","status":"publish","type":"post","link":"https:\/\/www.sonoraenequipo.com.mx\/dos-mexicanos-figuran-entre-los-siete-muertos-en-tiroteo-en-granja-de-california\/","title":{"rendered":"Dos mexicanos figuran entre los siete muertos en tiroteo en granja de California"},"content":{"rendered":"<p><strong>ESTADOS UNIDOS.<\/strong> \u2014 El consulado de M\u00e9xico en San Francisco (California) inform\u00f3 este martes que dos de las siete personas muertas el lunes en las inmediaciones de una granja de Half Moon Bay son de origen mexicano.<\/p>\n<p>&nbsp;<\/p>\n<p> <\/p>\n<p>&nbsp;<\/p>\n<p>Remedios G\u00f3mez Arnau, c\u00f3nsul general de M\u00e9xico en San Francisco, confirm\u00f3 que al menos tres de las v\u00edctimas del tiroteo que se dio la tarde del lunes son mexicanas, dos de las cuales fallecieron y una m\u00e1s result\u00f3 gravemente herida.<\/p>\n<p>&nbsp;<\/p>\n<p>&nbsp;<\/p>\n<p>Las autoridades del condado de San Mateo identificaron a Zhao Chunli, de 67 a\u00f1os, como el hombre que dispar\u00f3 contra los trabajadores.<\/p>\n<p>&nbsp;<\/p>\n<p>&nbsp;<\/p>\n<p>Zhao fue conductor de montacargas durante cinco o seis a\u00f1os en la granja donde ocurri\u00f3 el tiroteo, explicaron hoy las autoridades en una rueda de prensa. Tambi\u00e9n viv\u00eda en la finca, lo cual es bastante com\u00fan entre los trabajadores.<\/p>\n<p>&nbsp;<\/p>\n<blockquote class=\"twitter-tweet\" data-width=\"550\" data-dnt=\"true\">\n<p lang=\"es\" dir=\"ltr\">Consulado confirma que dos mexicanos est\u00e1n entre los fallecidos del tiroteo masivo en Half Moon Bay, California. <a href=\"https:\/\/t.co\/0kJExgQasu\">https:\/\/t.co\/0kJExgQasu<\/a><\/p>\n<p>&mdash; Univision Noticias (@UniNoticias) <a href=\"https:\/\/twitter.com\/UniNoticias\/status\/1618060334534639617?ref_src=twsrc%5Etfw\">January 25, 2023<\/a><\/p><\/blockquote>\n<p><script async src=\"https:\/\/platform.twitter.com\/widgets.js\" charset=\"utf-8\"><\/script><\/p>\n<p>PUBLICADO EL 25\/ENERO\/2023<\/p>\n","protected":false},"excerpt":{"rendered":"<p>ESTADOS UNIDOS. \u2014 El consulado de M\u00e9xico en San Francisco (California) inform\u00f3 este martes que&#8230;<\/p>\n","protected":false},"author":1,"featured_media":157492,"comment_status":"open","ping_status":"open","sticky":false,"template":"","format":"standard","meta":{"_monsterinsights_skip_tracking":false,"_monsterinsights_sitenote_active":false,"_monsterinsights_sitenote_note":"","_monsterinsights_sitenote_category":0,"footnotes":""},"categories":[3],"tags":[],"class_list":["post"],"yoast_head":" \n<title>Sonora en Equipo. Dos mexicanos figuran entre los siete muertos en tiroteo en granja de California MUNDO<\/title>\n<meta name=\"description\" content=\"ESTADOS UNIDOS. \u2014 El consulado de M\u00e9xico en San Francisco (California) inform\u00f3 este martes que dos de las siete personas muertas el lunes en las En Sonora en Equipo publicamos toda la informaci\u00f3n de Sonora, M\u00e9xico y el Mundo de manera oportuna y busca que la libertad de expresi\u00f3n sea real. Visita nuestro medio informativo publicado desde Hermosillo, Sonora. %\" \/>\n<meta name=\"robots\" content=\"index, follow, max-snippet:-1, max-image-preview:large, max-video-preview:-1\" \/>\n<link rel=\"canonical\" href=\"https:\/\/www.sonoraenequipo.com.mx\/dos-mexicanos-figuran-entre-los-siete-muertos-en-tiroteo-en-granja-de-california\/\" \/>\n<meta property=\"og:locale\" content=\"es_ES\" \/>\n<meta property=\"og:type\" content=\"article\" \/>\n<meta property=\"og:title\" content=\"Sonora en Equipo. Dos mexicanos figuran entre los siete muertos en tiroteo en granja de California MUNDO\" \/>\n<meta property=\"og:description\" content=\"ESTADOS UNIDOS. \u2014 El consulado de M\u00e9xico en San Francisco (California) inform\u00f3 este martes que dos de las siete personas muertas el lunes en las En Sonora en Equipo publicamos toda la informaci\u00f3n de Sonora, M\u00e9xico y el Mundo de manera oportuna y busca que la libertad de expresi\u00f3n sea real. Visita nuestro medio informativo publicado desde Hermosillo, Sonora. %\" \/>\n<meta property=\"og:url\" content=\"https:\/\/www.sonoraenequipo.com.mx\/dos-mexicanos-figuran-entre-los-siete-muertos-en-tiroteo-en-granja-de-california\/\" \/>\n<meta property=\"og:site_name\" content=\"Sonora en Equipo.\" \/>\n<meta property=\"article:publisher\" content=\"https:\/\/www.facebook.com\/SonoraEE\/\" \/>\n<meta property=\"article:author\" content=\"https:\/\/www.facebook.com\/SonoraEE\" \/>\n<meta property=\"article:published_time\" content=\"2023-01-25T14:12:51+00:00\" \/>\n<meta property=\"article:modified_time\" content=\"2023-01-25T17:47:01+00:00\" \/>\n<meta property=\"og:image\" content=\"https:\/\/www.sonoraenequipo.com.mx\/storage\/2023\/01\/Al-menos-cuatro-muertos-en-dos-tiroteo-1.jpg\" \/>\n\t<meta property=\"og:image:width\" content=\"900\" \/>\n\t<meta property=\"og:image:height\" content=\"506\" \/>\n\t<meta property=\"og:image:type\" content=\"image\/jpeg\" \/>\n<meta name=\"author\" content=\"enequipo\" \/>\n<meta name=\"twitter:card\" content=\"summary_large_image\" \/>\n<meta name=\"twitter:creator\" content=\"@sonoraenequipo\" \/>\n<meta name=\"twitter:site\" content=\"@sonoraenequipo\" \/>\n<meta name=\"twitter:label1\" content=\"Escrito por\" \/>\n\t<meta name=\"twitter:data1\" content=\"enequipo\" \/>\n\t<meta name=\"twitter:label2\" content=\"Tiempo de lectura\" \/>\n\t<meta name=\"twitter:data2\" content=\"1 minuto\" \/>\n<script type=\"application\/ld+json\" class=\"yoast-schema-graph\">{\"@context\":\"https:\/\/schema.org\",\"@graph\":[{\"@type\":\"Article\",\"@id\":\"https:\/\/www.sonoraenequipo.com.mx\/dos-mexicanos-figuran-entre-los-siete-muertos-en-tiroteo-en-granja-de-california\/#article\",\"isPartOf\":{\"@id\":\"https:\/\/www.sonoraenequipo.com.mx\/dos-mexicanos-figuran-entre-los-siete-muertos-en-tiroteo-en-granja-de-california\/\"},\"author\":{\"name\":\"enequipo\",\"@id\":\"https:\/\/www.sonoraenequipo.com.mx\/#\/schema\/person\/50102df0fb23a8fa9e8effad8fa81386\"},\"headline\":\"Dos mexicanos figuran entre los siete muertos en tiroteo en granja de California\",\"datePublished\":\"2023-01-25T14:12:51+00:00\",\"dateModified\":\"2023-01-25T17:47:01+00:00\",\"mainEntityOfPage\":{\"@id\":\"https:\/\/www.sonoraenequipo.com.mx\/dos-mexicanos-figuran-entre-los-siete-muertos-en-tiroteo-en-granja-de-california\/\"},\"wordCount\":175,\"commentCount\":0,\"publisher\":{\"@id\":\"https:\/\/www.sonoraenequipo.com.mx\/#organization\"},\"image\":{\"@id\":\"https:\/\/www.sonoraenequipo.com.mx\/dos-mexicanos-figuran-entre-los-siete-muertos-en-tiroteo-en-granja-de-california\/#primaryimage\"},\"thumbnailUrl\":\"https:\/\/www.sonoraenequipo.com.mx\/storage\/2023\/01\/Al-menos-cuatro-muertos-en-dos-tiroteo-1.jpg\",\"articleSection\":[\"MUNDO\"],\"inLanguage\":\"es\",\"potentialAction\":[{\"@type\":\"CommentAction\",\"name\":\"Comment\",\"target\":[\"https:\/\/www.sonoraenequipo.com.mx\/dos-mexicanos-figuran-entre-los-siete-muertos-en-tiroteo-en-granja-de-california\/#respond\"]}]},{\"@type\":\"WebPage\",\"@id\":\"https:\/\/www.sonoraenequipo.com.mx\/dos-mexicanos-figuran-entre-los-siete-muertos-en-tiroteo-en-granja-de-california\/\",\"url\":\"https:\/\/www.sonoraenequipo.com.mx\/dos-mexicanos-figuran-entre-los-siete-muertos-en-tiroteo-en-granja-de-california\/\",\"name\":\"Sonora en Equipo. Dos mexicanos figuran entre los siete muertos en tiroteo en granja de California MUNDO\",\"isPartOf\":{\"@id\":\"https:\/\/www.sonoraenequipo.com.mx\/#website\"},\"primaryImageOfPage\":{\"@id\":\"https:\/\/www.sonoraenequipo.com.mx\/dos-mexicanos-figuran-entre-los-siete-muertos-en-tiroteo-en-granja-de-california\/#primaryimage\"},\"image\":{\"@id\":\"https:\/\/www.sonoraenequipo.com.mx\/dos-mexicanos-figuran-entre-los-siete-muertos-en-tiroteo-en-granja-de-california\/#primaryimage\"},\"thumbnailUrl\":\"https:\/\/www.sonoraenequipo.com.mx\/storage\/2023\/01\/Al-menos-cuatro-muertos-en-dos-tiroteo-1.jpg\",\"datePublished\":\"2023-01-25T14:12:51+00:00\",\"dateModified\":\"2023-01-25T17:47:01+00:00\",\"description\":\"ESTADOS UNIDOS. \u2014 El consulado de M\u00e9xico en San Francisco (California) inform\u00f3 este martes que dos de las siete personas muertas el lunes en las En Sonora en Equipo publicamos toda la informaci\u00f3n de Sonora, M\u00e9xico y el Mundo de manera oportuna y busca que la libertad de expresi\u00f3n sea real. Visita nuestro medio informativo publicado desde Hermosillo, Sonora. %\",\"breadcrumb\":{\"@id\":\"https:\/\/www.sonoraenequipo.com.mx\/dos-mexicanos-figuran-entre-los-siete-muertos-en-tiroteo-en-granja-de-california\/#breadcrumb\"},\"inLanguage\":\"es\",\"potentialAction\":[{\"@type\":\"ReadAction\",\"target\":[\"https:\/\/www.sonoraenequipo.com.mx\/dos-mexicanos-figuran-entre-los-siete-muertos-en-tiroteo-en-granja-de-california\/\"]}]},{\"@type\":\"ImageObject\",\"inLanguage\":\"es\",\"@id\":\"https:\/\/www.sonoraenequipo.com.mx\/dos-mexicanos-figuran-entre-los-siete-muertos-en-tiroteo-en-granja-de-california\/#primaryimage\",\"url\":\"https:\/\/www.sonoraenequipo.com.mx\/storage\/2023\/01\/Al-menos-cuatro-muertos-en-dos-tiroteo-1.jpg\",\"contentUrl\":\"https:\/\/www.sonoraenequipo.com.mx\/storage\/2023\/01\/Al-menos-cuatro-muertos-en-dos-tiroteo-1.jpg\",\"width\":900,\"height\":506},{\"@type\":\"BreadcrumbList\",\"@id\":\"https:\/\/www.sonoraenequipo.com.mx\/dos-mexicanos-figuran-entre-los-siete-muertos-en-tiroteo-en-granja-de-california\/#breadcrumb\",\"itemListElement\":[{\"@type\":\"ListItem\",\"position\":1,\"name\":\"Portada\",\"item\":\"https:\/\/www.sonoraenequipo.com.mx\/\"},{\"@type\":\"ListItem\",\"position\":2,\"name\":\"Dos mexicanos figuran entre los siete muertos en tiroteo en granja de California\"}]},{\"@type\":\"WebSite\",\"@id\":\"https:\/\/www.sonoraenequipo.com.mx\/#website\",\"url\":\"https:\/\/www.sonoraenequipo.com.mx\/\",\"name\":\"Sonora en Equipo.\",\"description\":\"Diario en l\u00ednea con Noticias desde Hermosillo, Sonora\",\"publisher\":{\"@id\":\"https:\/\/www.sonoraenequipo.com.mx\/#organization\"},\"potentialAction\":[{\"@type\":\"SearchAction\",\"target\":{\"@type\":\"EntryPoint\",\"urlTemplate\":\"https:\/\/www.sonoraenequipo.com.mx\/?s={search_term_string}\"},\"query-input\":{\"@type\":\"PropertyValueSpecification\",\"valueRequired\":true,\"valueName\":\"search_term_string\"}}],\"inLanguage\":\"es\"},{\"@type\":\"Organization\",\"@id\":\"https:\/\/www.sonoraenequipo.com.mx\/#organization\",\"name\":\"Sonoraenequipo.com.mx\",\"url\":\"https:\/\/www.sonoraenequipo.com.mx\/\",\"logo\":{\"@type\":\"ImageObject\",\"inLanguage\":\"es\",\"@id\":\"https:\/\/www.sonoraenequipo.com.mx\/#\/schema\/logo\/image\/\",\"url\":\"https:\/\/www.sonoraenequipo.com.mx\/storage\/2019\/01\/sonoraenequipo_opt.png\",\"contentUrl\":\"https:\/\/www.sonoraenequipo.com.mx\/storage\/2019\/01\/sonoraenequipo_opt.png\",\"width\":375,\"height\":125,\"caption\":\"Sonoraenequipo.com.mx\"},\"image\":{\"@id\":\"https:\/\/www.sonoraenequipo.com.mx\/#\/schema\/logo\/image\/\"},\"sameAs\":[\"https:\/\/www.facebook.com\/SonoraEE\/\",\"https:\/\/x.com\/sonoraenequipo\",\"https:\/\/www.youtube.com\/channel\/UC338nW-lPEYmJQs4ZABQ1SQ\"]},{\"@type\":\"Person\",\"@id\":\"https:\/\/www.sonoraenequipo.com.mx\/#\/schema\/person\/50102df0fb23a8fa9e8effad8fa81386\",\"name\":\"enequipo\",\"image\":{\"@type\":\"ImageObject\",\"inLanguage\":\"es\",\"@id\":\"https:\/\/www.sonoraenequipo.com.mx\/#\/schema\/person\/image\/\",\"url\":\"https:\/\/secure.gravatar.com\/avatar\/049821681b589dabc0bc20695993ccebb09f5b5d4d790cd9251b97faac7c652b?s=96&d=blank&r=g\",\"contentUrl\":\"https:\/\/secure.gravatar.com\/avatar\/049821681b589dabc0bc20695993ccebb09f5b5d4d790cd9251b97faac7c652b?s=96&d=blank&r=g\",\"caption\":\"enequipo\"},\"sameAs\":[\"https:\/\/www.facebook.com\/SonoraEE\"]}]}<\/script>\n ","yoast_head_json":{"title":"Sonora en Equipo. Dos mexicanos figuran entre los siete muertos en tiroteo en granja de California MUNDO","description":"ESTADOS UNIDOS. \u2014 El consulado de M\u00e9xico en San Francisco (California) inform\u00f3 este martes que dos de las siete personas muertas el lunes en las En Sonora en Equipo publicamos toda la informaci\u00f3n de Sonora, M\u00e9xico y el Mundo de manera oportuna y busca que la libertad de expresi\u00f3n sea real. Visita nuestro medio informativo publicado desde Hermosillo, Sonora. %","robots":{"index":"index","follow":"follow","max-snippet":"max-snippet:-1","max-image-preview":"max-image-preview:large","max-video-preview":"max-video-preview:-1"},"canonical":"https:\/\/www.sonoraenequipo.com.mx\/dos-mexicanos-figuran-entre-los-siete-muertos-en-tiroteo-en-granja-de-california\/","og_locale":"es_ES","og_type":"article","og_title":"Sonora en Equipo. Dos mexicanos figuran entre los siete muertos en tiroteo en granja de California MUNDO","og_description":"ESTADOS UNIDOS. \u2014 El consulado de M\u00e9xico en San Francisco (California) inform\u00f3 este martes que dos de las siete personas muertas el lunes en las En Sonora en Equipo publicamos toda la informaci\u00f3n de Sonora, M\u00e9xico y el Mundo de manera oportuna y busca que la libertad de expresi\u00f3n sea real. Visita nuestro medio informativo publicado desde Hermosillo, Sonora. %","og_url":"https:\/\/www.sonoraenequipo.com.mx\/dos-mexicanos-figuran-entre-los-siete-muertos-en-tiroteo-en-granja-de-california\/","og_site_name":"Sonora en Equipo.","article_publisher":"https:\/\/www.facebook.com\/SonoraEE\/","article_author":"https:\/\/www.facebook.com\/SonoraEE","article_published_time":"2023-01-25T14:12:51+00:00","article_modified_time":"2023-01-25T17:47:01+00:00","og_image":[{"width":900,"height":506,"url":"https:\/\/www.sonoraenequipo.com.mx\/storage\/2023\/01\/Al-menos-cuatro-muertos-en-dos-tiroteo-1.jpg","type":"image\/jpeg"}],"author":"enequipo","twitter_card":"summary_large_image","twitter_creator":"@sonoraenequipo","twitter_site":"@sonoraenequipo","twitter_misc":{"Escrito por":"enequipo","Tiempo de lectura":"1 minuto"},"schema":{"@context":"https:\/\/schema.org","@graph":[{"@type":"Article","@id":"https:\/\/www.sonoraenequipo.com.mx\/dos-mexicanos-figuran-entre-los-siete-muertos-en-tiroteo-en-granja-de-california\/#article","isPartOf":{"@id":"https:\/\/www.sonoraenequipo.com.mx\/dos-mexicanos-figuran-entre-los-siete-muertos-en-tiroteo-en-granja-de-california\/"},"author":{"name":"enequipo","@id":"https:\/\/www.sonoraenequipo.com.mx\/#\/schema\/person\/50102df0fb23a8fa9e8effad8fa81386"},"headline":"Dos mexicanos figuran entre los siete muertos en tiroteo en granja de California","datePublished":"2023-01-25T14:12:51+00:00","dateModified":"2023-01-25T17:47:01+00:00","mainEntityOfPage":{"@id":"https:\/\/www.sonoraenequipo.com.mx\/dos-mexicanos-figuran-entre-los-siete-muertos-en-tiroteo-en-granja-de-california\/"},"wordCount":175,"commentCount":0,"publisher":{"@id":"https:\/\/www.sonoraenequipo.com.mx\/#organization"},"image":{"@id":"https:\/\/www.sonoraenequipo.com.mx\/dos-mexicanos-figuran-entre-los-siete-muertos-en-tiroteo-en-granja-de-california\/#primaryimage"},"thumbnailUrl":"https:\/\/www.sonoraenequipo.com.mx\/storage\/2023\/01\/Al-menos-cuatro-muertos-en-dos-tiroteo-1.jpg","articleSection":["MUNDO"],"inLanguage":"es","potentialAction":[{"@type":"CommentAction","name":"Comment","target":["https:\/\/www.sonoraenequipo.com.mx\/dos-mexicanos-figuran-entre-los-siete-muertos-en-tiroteo-en-granja-de-california\/#respond"]}]},{"@type":"WebPage","@id":"https:\/\/www.sonoraenequipo.com.mx\/dos-mexicanos-figuran-entre-los-siete-muertos-en-tiroteo-en-granja-de-california\/","url":"https:\/\/www.sonoraenequipo.com.mx\/dos-mexicanos-figuran-entre-los-siete-muertos-en-tiroteo-en-granja-de-california\/","name":"Sonora en Equipo. Dos mexicanos figuran entre los siete muertos en tiroteo en granja de California MUNDO","isPartOf":{"@id":"https:\/\/www.sonoraenequipo.com.mx\/#website"},"primaryImageOfPage":{"@id":"https:\/\/www.sonoraenequipo.com.mx\/dos-mexicanos-figuran-entre-los-siete-muertos-en-tiroteo-en-granja-de-california\/#primaryimage"},"image":{"@id":"https:\/\/www.sonoraenequipo.com.mx\/dos-mexicanos-figuran-entre-los-siete-muertos-en-tiroteo-en-granja-de-california\/#primaryimage"},"thumbnailUrl":"https:\/\/www.sonoraenequipo.com.mx\/storage\/2023\/01\/Al-menos-cuatro-muertos-en-dos-tiroteo-1.jpg","datePublished":"2023-01-25T14:12:51+00:00","dateModified":"2023-01-25T17:47:01+00:00","description":"ESTADOS UNIDOS. \u2014 El consulado de M\u00e9xico en San Francisco (California) inform\u00f3 este martes que dos de las siete personas muertas el lunes en las En Sonora en Equipo publicamos toda la informaci\u00f3n de Sonora, M\u00e9xico y el Mundo de manera oportuna y busca que la libertad de expresi\u00f3n sea real. Visita nuestro medio informativo publicado desde Hermosillo, Sonora. %","breadcrumb":{"@id":"https:\/\/www.sonoraenequipo.com.mx\/dos-mexicanos-figuran-entre-los-siete-muertos-en-tiroteo-en-granja-de-california\/#breadcrumb"},"inLanguage":"es","potentialAction":[{"@type":"ReadAction","target":["https:\/\/www.sonoraenequipo.com.mx\/dos-mexicanos-figuran-entre-los-siete-muertos-en-tiroteo-en-granja-de-california\/"]}]},{"@type":"ImageObject","inLanguage":"es","@id":"https:\/\/www.sonoraenequipo.com.mx\/dos-mexicanos-figuran-entre-los-siete-muertos-en-tiroteo-en-granja-de-california\/#primaryimage","url":"https:\/\/www.sonoraenequipo.com.mx\/storage\/2023\/01\/Al-menos-cuatro-muertos-en-dos-tiroteo-1.jpg","contentUrl":"https:\/\/www.sonoraenequipo.com.mx\/storage\/2023\/01\/Al-menos-cuatro-muertos-en-dos-tiroteo-1.jpg","width":900,"height":506},{"@type":"BreadcrumbList","@id":"https:\/\/www.sonoraenequipo.com.mx\/dos-mexicanos-figuran-entre-los-siete-muertos-en-tiroteo-en-granja-de-california\/#breadcrumb","itemListElement":[{"@type":"ListItem","position":1,"name":"Portada","item":"https:\/\/www.sonoraenequipo.com.mx\/"},{"@type":"ListItem","position":2,"name":"Dos mexicanos figuran entre los siete muertos en tiroteo en granja de California"}]},{"@type":"WebSite","@id":"https:\/\/www.sonoraenequipo.com.mx\/#website","url":"https:\/\/www.sonoraenequipo.com.mx\/","name":"Sonora en Equipo.","description":"Diario en l\u00ednea con Noticias desde Hermosillo, Sonora","publisher":{"@id":"https:\/\/www.sonoraenequipo.com.mx\/#organization"},"potentialAction":[{"@type":"SearchAction","target":{"@type":"EntryPoint","urlTemplate":"https:\/\/www.sonoraenequipo.com.mx\/?s={search_term_string}"},"query-input":{"@type":"PropertyValueSpecification","valueRequired":true,"valueName":"search_term_string"}}],"inLanguage":"es"},{"@type":"Organization","@id":"https:\/\/www.sonoraenequipo.com.mx\/#organization","name":"Sonoraenequipo.com.mx","url":"https:\/\/www.sonoraenequipo.com.mx\/","logo":{"@type":"ImageObject","inLanguage":"es","@id":"https:\/\/www.sonoraenequipo.com.mx\/#\/schema\/logo\/image\/","url":"https:\/\/www.sonoraenequipo.com.mx\/storage\/2019\/01\/sonoraenequipo_opt.png","contentUrl":"https:\/\/www.sonoraenequipo.com.mx\/storage\/2019\/01\/sonoraenequipo_opt.png","width":375,"height":125,"caption":"Sonoraenequipo.com.mx"},"image":{"@id":"https:\/\/www.sonoraenequipo.com.mx\/#\/schema\/logo\/image\/"},"sameAs":["https:\/\/www.facebook.com\/SonoraEE\/","https:\/\/x.com\/sonoraenequipo","https:\/\/www.youtube.com\/channel\/UC338nW-lPEYmJQs4ZABQ1SQ"]},{"@type":"Person","@id":"https:\/\/www.sonoraenequipo.com.mx\/#\/schema\/person\/50102df0fb23a8fa9e8effad8fa81386","name":"enequipo","image":{"@type":"ImageObject","inLanguage":"es","@id":"https:\/\/www.sonoraenequipo.com.mx\/#\/schema\/person\/image\/","url":"https:\/\/secure.gravatar.com\/avatar\/049821681b589dabc0bc20695993ccebb09f5b5d4d790cd9251b97faac7c652b?s=96&d=blank&r=g","contentUrl":"https:\/\/secure.gravatar.com\/avatar\/049821681b589dabc0bc20695993ccebb09f5b5d4d790cd9251b97faac7c652b?s=96&d=blank&r=g","caption":"enequipo"},"sameAs":["https:\/\/www.facebook.com\/SonoraEE"]}]}},"jetpack_featured_media_url":"https:\/\/www.sonoraenequipo.com.mx\/storage\/2023\/01\/Al-menos-cuatro-muertos-en-dos-tiroteo-1.jpg","_links":{"self":[{"href":"https:\/\/www.sonoraenequipo.com.mx\/api\/wp\/v2\/posts\/157491","targetHints":{"allow":["GET"]}}],"collection":[{"href":"https:\/\/www.sonoraenequipo.com.mx\/api\/wp\/v2\/posts"}],"about":[{"href":"https:\/\/www.sonoraenequipo.com.mx\/api\/wp\/v2\/types\/post"}],"author":[{"embeddable":true,"href":"https:\/\/www.sonoraenequipo.com.mx\/api\/wp\/v2\/users\/1"}],"replies":[{"embeddable":true,"href":"https:\/\/www.sonoraenequipo.com.mx\/api\/wp\/v2\/comments?post=157491"}],"version-history":[{"count":2,"href":"https:\/\/www.sonoraenequipo.com.mx\/api\/wp\/v2\/posts\/157491\/revisions"}],"predecessor-version":[{"id":157494,"href":"https:\/\/www.sonoraenequipo.com.mx\/api\/wp\/v2\/posts\/157491\/revisions\/157494"}],"wp:featuredmedia":[{"embeddable":true,"href":"https:\/\/www.sonoraenequipo.com.mx\/api\/wp\/v2\/media\/157492"}],"wp:attachment":[{"href":"https:\/\/www.sonoraenequipo.com.mx\/api\/wp\/v2\/media?parent=157491"}],"wp:term":[{"taxonomy":"category","embeddable":true,"href":"https:\/\/www.sonoraenequipo.com.mx\/api\/wp\/v2\/categories?post=157491"},{"taxonomy":"post_tag","embeddable":true,"href":"https:\/\/www.sonoraenequipo.com.mx\/api\/wp\/v2\/tags?post=157491"}],"curies":[{"name":"wp","href":"https:\/\/api.w.org\/{rel}","templated":true}]}}