{"id":157513,"date":"2023-01-25T13:38:57","date_gmt":"2023-01-25T20:38:57","guid":{"rendered":"https:\/\/www.sonoraenequipo.com.mx\/?p=157513"},"modified":"2023-01-25T13:44:26","modified_gmt":"2023-01-25T20:44:26","slug":"rumbo-al-superbowl-lvii","status":"publish","type":"post","link":"https:\/\/www.sonoraenequipo.com.mx\/rumbo-al-superbowl-lvii\/","title":{"rendered":"Rumbo al superbowl LVII"},"content":{"rendered":"<figure id=\"attachment_157515\" aria-describedby=\"caption-attachment-157515\" style=\"width: 548px\" class=\"wp-caption x-center\"><img loading=\"lazy\" decoding=\"async\" class=\" size-medium\" src=\"https:\/\/www.sonoraenequipo.com.mx\/storage\/2023\/01\/nacional-548x365.jpg\" alt=\"\" width=\"548\" height=\"365\" \/><figcaption id=\"caption-attachment-157515\" class=\"wp-caption-text\">la final de la Nacional enfrenta a Jimmy Garopolo contra Jalen Hurts<\/figcaption><\/figure>\n<p><strong>HERMOSILLO, SONORA,MX.<\/strong><strong>\u2500\u2500<\/strong> La final de la Conferencia Nacional enfrentar\u00e1 a los que sin duda, han sido los dos mejores equipos de la NFC a lo largo de la temporada 2022. Primero los Eagles llegan como los mejor sembrados en su sector y con la gran versi\u00f3n que su estrella, Jalen Hurts, ha tenido a lo largo del a\u00f1o, parten como ligeros favoritos ante unos 49ers que vinieron de menos a m\u00e1s en la temporada y con el triunfo del pasado domingo ante Dallas, suman 12 victorias de manera consecutiva, adem\u00e1s de contar con la mejor defensa de la liga podr\u00eda darles una ligera ventaja ante unos Eagles que si bien se han visto muy poderosos todo el a\u00f1o, nunca han enfrentado a una defensa de esta categor\u00eda.<\/p>\n<p>Los Eagles vienen de derrotar claramente a los Giants en su juego de ronda divisional, dejando en claro que todas las dudas en torno a la salud de Jalen Hurts y la posible inexperiencia de del head coach del equipo, Nick Sirianni, quedaron atr\u00e1s pues este equipo es de verdad.<\/p>\n<p>&nbsp;<\/p>\n<p>San Francisco por su parte viene de jugar las dos rondas previas a la final de conferencia, pasando por encima primero de los Seahawks de manera clara y despu\u00e9s de una batalla defensiva ante Dallas, en donde justamente la unidad encargada de evitar las anotaciones brill\u00f3 con luz propia al arrebatarle dos intercepciones a los de la estrella solitaria y con ello, regresar al campeonato de la NFC por tercera vez en los \u00faltimos cuatro a\u00f1os.<\/p>\n<p>&nbsp;<\/p>\n<p>Parece que el peso del resultado pasar\u00e1 por ver qu\u00e9 ofensiva puede rendir mejor ante las complicadas defensivas y si nos vamos a comparar los nombres que tienen cada uno en su ataque, no cabe duda que los 49ers tienen las de ganar, pues con un arsenal como el de George Kittle, Brandon Aiyuk, Deebo Samuel y Christian McCaffrey, los puntos del lado de San Francisco podr\u00edan llegar a racimos, sin embargo la inexperiencia, que hasta ahora no ha demostrado Brock Purdy, podr\u00eda llegar justo en el partido m\u00e1s importante.<\/p>\n<p>No se ha empezado a jugar y ya se tiene una gran incertidumbre. \u00bfC\u00f3mo estar\u00e1 Patrick Mahomes? El quarterback de Kansas City Chiefs se lesion\u00f3 en la victoria contra Jacksonville Jaguars y, a pesar que ya se conoce la gravedad de la lesi\u00f3n, public\u00f3 un enigm\u00e1tico mensaje en Twitter de cara al Juego de Campeonato de la Conferencia Americana de los NFL Playoffs 2023.<\/p>\n<figure id=\"attachment_157514\" aria-describedby=\"caption-attachment-157514\" style=\"width: 548px\" class=\"wp-caption x-center\"><img loading=\"lazy\" decoding=\"async\" class=\"size-medium \" src=\"https:\/\/www.sonoraenequipo.com.mx\/storage\/2023\/01\/americana-548x365.jpg\" alt=\"\" width=\"548\" height=\"365\" \/><figcaption id=\"caption-attachment-157514\" class=\"wp-caption-text\">La final de la americana enfrenta a Patrick Mahomes y Joe Burrows<\/figcaption><\/figure>\n<p>\u00bfJuega contra Cincinnati Bengals y Joe Burrow? A penas se concret\u00f3 la clasificaci\u00f3n de los Chiefs, las palabras de Mahomes fueron fuertes y claras: \u201cNo saldr\u00e9 de un partido de Playoffs a menos que me eliminen (\u2026) estar\u00e9 bien para jugar\u201d. Hay novedades sobre la lesi\u00f3n de Patrick.<\/p>\n<p>&nbsp;<\/p>\n<p>Andy Reid, entrenador en jefe de Kansas City Chiefs, fue el encargado de entregar las primeras novedades sobre el esguince alto en el tobillo derecho que sufri\u00f3 Patrick Mahomes. Aunque ir\u00e1n d\u00eda a d\u00eda de cara al duelo contra los Bengals, las novedades son buenas para la afici\u00f3n de los Jefes.<\/p>\n<p>No se ha empezado a jugar y ya se tiene una gran incertidumbre. \u00bfC\u00f3mo estar\u00e1 Patrick Mahomes? El quarterback de Kansas City Chiefs se lesion\u00f3 en la victoria contra Jacksonville Jaguars y, a pesar que ya se conoce la gravedad de la lesi\u00f3n, public\u00f3 un enigm\u00e1tico mensaje en Twitter de cara al Juego de Campeonato de la Conferencia Americana de los NFL Playoffs 2023.<\/p>\n<p>&nbsp;<\/p>\n<p>\u00bfJuega contra Cincinnati Bengals y Joe Burrow? A penas se concret\u00f3 la clasificaci\u00f3n de los Chiefs, las palabras de Mahomes fueron fuertes y claras: \u201cNo saldr\u00e9 de un partido de Playoffs a menos que me eliminen (\u2026) estar\u00e9 bien para jugar\u201d. Hay novedades sobre la lesi\u00f3n de Patrick.<\/p>\n<p>&nbsp;<\/p>\n<p>Andy Reid, entrenador en jefe de Kansas City Chiefs, fue el encargado de entregar las primeras novedades sobre el esguince alto en el tobillo derecho que sufri\u00f3 Patrick Mahomes. Aunque ir\u00e1n d\u00eda a d\u00eda de cara al duelo contra los Bengals, las novedades son buenas para la afici\u00f3n de los Jefes.<\/p>\n<p>Ambos juegos este domingo 29 de enero.<\/p>\n<p>&nbsp;<\/p>\n<p><strong><em><u>Fecha de publicaci\u00f3n\u00a0 mi\u00e9rcoles 25\u00a0 de enero de 2023 con informaci\u00f3n de Esto y Bola Vip<\/u><\/em><\/strong><\/p>\n","protected":false},"excerpt":{"rendered":"<p>HERMOSILLO, SONORA,MX.\u2500\u2500 La final de la Conferencia Nacional enfrentar\u00e1 a los que sin duda, han&#8230;<\/p>\n","protected":false},"author":1,"featured_media":157516,"comment_status":"open","ping_status":"open","sticky":false,"template":"","format":"standard","meta":{"_monsterinsights_skip_tracking":false,"_monsterinsights_sitenote_active":false,"_monsterinsights_sitenote_note":"","_monsterinsights_sitenote_category":0,"footnotes":""},"categories":[10],"tags":[8114],"class_list":["post"],"yoast_head":" \n<title>Sonora en Equipo. Rumbo al superbowl LVII Deportes<\/title>\n<meta name=\"description\" content=\"HERMOSILLO, SONORA,MX.\u2500\u2500 La final de la Conferencia Nacional enfrentar\u00e1 a los que sin duda, han sido los dos mejores equipos de la NFC a lo largo de la En Sonora en Equipo publicamos toda la informaci\u00f3n de Sonora, M\u00e9xico y el Mundo de manera oportuna y busca que la libertad de expresi\u00f3n sea real. Visita nuestro medio informativo publicado desde Hermosillo, Sonora. %\" \/>\n<meta name=\"robots\" content=\"index, follow, max-snippet:-1, max-image-preview:large, max-video-preview:-1\" \/>\n<link rel=\"canonical\" href=\"https:\/\/www.sonoraenequipo.com.mx\/rumbo-al-superbowl-lvii\/\" \/>\n<meta property=\"og:locale\" content=\"es_ES\" \/>\n<meta property=\"og:type\" content=\"article\" \/>\n<meta property=\"og:title\" content=\"Sonora en Equipo. Rumbo al superbowl LVII Deportes\" \/>\n<meta property=\"og:description\" content=\"HERMOSILLO, SONORA,MX.\u2500\u2500 La final de la Conferencia Nacional enfrentar\u00e1 a los que sin duda, han sido los dos mejores equipos de la NFC a lo largo de la En Sonora en Equipo publicamos toda la informaci\u00f3n de Sonora, M\u00e9xico y el Mundo de manera oportuna y busca que la libertad de expresi\u00f3n sea real. Visita nuestro medio informativo publicado desde Hermosillo, Sonora. %\" \/>\n<meta property=\"og:url\" content=\"https:\/\/www.sonoraenequipo.com.mx\/rumbo-al-superbowl-lvii\/\" \/>\n<meta property=\"og:site_name\" content=\"Sonora en Equipo.\" \/>\n<meta property=\"article:publisher\" content=\"https:\/\/www.facebook.com\/SonoraEE\/\" \/>\n<meta property=\"article:author\" content=\"https:\/\/www.facebook.com\/SonoraEE\" \/>\n<meta property=\"article:published_time\" content=\"2023-01-25T20:38:57+00:00\" \/>\n<meta property=\"article:modified_time\" content=\"2023-01-25T20:44:26+00:00\" \/>\n<meta property=\"og:image\" content=\"https:\/\/www.sonoraenequipo.com.mx\/storage\/2023\/01\/super-bowl.jpg\" \/>\n\t<meta property=\"og:image:width\" content=\"600\" \/>\n\t<meta property=\"og:image:height\" content=\"400\" \/>\n\t<meta property=\"og:image:type\" content=\"image\/jpeg\" \/>\n<meta name=\"author\" content=\"enequipo\" \/>\n<meta name=\"twitter:card\" content=\"summary_large_image\" \/>\n<meta name=\"twitter:creator\" content=\"@sonoraenequipo\" \/>\n<meta name=\"twitter:site\" content=\"@sonoraenequipo\" \/>\n<meta name=\"twitter:label1\" content=\"Escrito por\" \/>\n\t<meta name=\"twitter:data1\" content=\"enequipo\" \/>\n\t<meta name=\"twitter:label2\" content=\"Tiempo de lectura\" \/>\n\t<meta name=\"twitter:data2\" content=\"4 minutos\" \/>\n<script type=\"application\/ld+json\" class=\"yoast-schema-graph\">{\"@context\":\"https:\/\/schema.org\",\"@graph\":[{\"@type\":\"Article\",\"@id\":\"https:\/\/www.sonoraenequipo.com.mx\/rumbo-al-superbowl-lvii\/#article\",\"isPartOf\":{\"@id\":\"https:\/\/www.sonoraenequipo.com.mx\/rumbo-al-superbowl-lvii\/\"},\"author\":{\"name\":\"enequipo\",\"@id\":\"https:\/\/www.sonoraenequipo.com.mx\/#\/schema\/person\/50102df0fb23a8fa9e8effad8fa81386\"},\"headline\":\"Rumbo al superbowl LVII\",\"datePublished\":\"2023-01-25T20:38:57+00:00\",\"dateModified\":\"2023-01-25T20:44:26+00:00\",\"mainEntityOfPage\":{\"@id\":\"https:\/\/www.sonoraenequipo.com.mx\/rumbo-al-superbowl-lvii\/\"},\"wordCount\":766,\"commentCount\":0,\"publisher\":{\"@id\":\"https:\/\/www.sonoraenequipo.com.mx\/#organization\"},\"image\":{\"@id\":\"https:\/\/www.sonoraenequipo.com.mx\/rumbo-al-superbowl-lvii\/#primaryimage\"},\"thumbnailUrl\":\"https:\/\/www.sonoraenequipo.com.mx\/storage\/2023\/01\/super-bowl.jpg\",\"keywords\":[\"superbowlLVII\"],\"articleSection\":[\"Deportes\"],\"inLanguage\":\"es\",\"potentialAction\":[{\"@type\":\"CommentAction\",\"name\":\"Comment\",\"target\":[\"https:\/\/www.sonoraenequipo.com.mx\/rumbo-al-superbowl-lvii\/#respond\"]}]},{\"@type\":\"WebPage\",\"@id\":\"https:\/\/www.sonoraenequipo.com.mx\/rumbo-al-superbowl-lvii\/\",\"url\":\"https:\/\/www.sonoraenequipo.com.mx\/rumbo-al-superbowl-lvii\/\",\"name\":\"Sonora en Equipo. Rumbo al superbowl LVII Deportes\",\"isPartOf\":{\"@id\":\"https:\/\/www.sonoraenequipo.com.mx\/#website\"},\"primaryImageOfPage\":{\"@id\":\"https:\/\/www.sonoraenequipo.com.mx\/rumbo-al-superbowl-lvii\/#primaryimage\"},\"image\":{\"@id\":\"https:\/\/www.sonoraenequipo.com.mx\/rumbo-al-superbowl-lvii\/#primaryimage\"},\"thumbnailUrl\":\"https:\/\/www.sonoraenequipo.com.mx\/storage\/2023\/01\/super-bowl.jpg\",\"datePublished\":\"2023-01-25T20:38:57+00:00\",\"dateModified\":\"2023-01-25T20:44:26+00:00\",\"description\":\"HERMOSILLO, SONORA,MX.\u2500\u2500 La final de la Conferencia Nacional enfrentar\u00e1 a los que sin duda, han sido los dos mejores equipos de la NFC a lo largo de la En Sonora en Equipo publicamos toda la informaci\u00f3n de Sonora, M\u00e9xico y el Mundo de manera oportuna y busca que la libertad de expresi\u00f3n sea real. Visita nuestro medio informativo publicado desde Hermosillo, Sonora. %\",\"breadcrumb\":{\"@id\":\"https:\/\/www.sonoraenequipo.com.mx\/rumbo-al-superbowl-lvii\/#breadcrumb\"},\"inLanguage\":\"es\",\"potentialAction\":[{\"@type\":\"ReadAction\",\"target\":[\"https:\/\/www.sonoraenequipo.com.mx\/rumbo-al-superbowl-lvii\/\"]}]},{\"@type\":\"ImageObject\",\"inLanguage\":\"es\",\"@id\":\"https:\/\/www.sonoraenequipo.com.mx\/rumbo-al-superbowl-lvii\/#primaryimage\",\"url\":\"https:\/\/www.sonoraenequipo.com.mx\/storage\/2023\/01\/super-bowl.jpg\",\"contentUrl\":\"https:\/\/www.sonoraenequipo.com.mx\/storage\/2023\/01\/super-bowl.jpg\",\"width\":600,\"height\":400},{\"@type\":\"BreadcrumbList\",\"@id\":\"https:\/\/www.sonoraenequipo.com.mx\/rumbo-al-superbowl-lvii\/#breadcrumb\",\"itemListElement\":[{\"@type\":\"ListItem\",\"position\":1,\"name\":\"Portada\",\"item\":\"https:\/\/www.sonoraenequipo.com.mx\/\"},{\"@type\":\"ListItem\",\"position\":2,\"name\":\"Rumbo al superbowl LVII\"}]},{\"@type\":\"WebSite\",\"@id\":\"https:\/\/www.sonoraenequipo.com.mx\/#website\",\"url\":\"https:\/\/www.sonoraenequipo.com.mx\/\",\"name\":\"Sonora en Equipo.\",\"description\":\"Diario en l\u00ednea con Noticias desde Hermosillo, Sonora\",\"publisher\":{\"@id\":\"https:\/\/www.sonoraenequipo.com.mx\/#organization\"},\"potentialAction\":[{\"@type\":\"SearchAction\",\"target\":{\"@type\":\"EntryPoint\",\"urlTemplate\":\"https:\/\/www.sonoraenequipo.com.mx\/?s={search_term_string}\"},\"query-input\":{\"@type\":\"PropertyValueSpecification\",\"valueRequired\":true,\"valueName\":\"search_term_string\"}}],\"inLanguage\":\"es\"},{\"@type\":\"Organization\",\"@id\":\"https:\/\/www.sonoraenequipo.com.mx\/#organization\",\"name\":\"Sonoraenequipo.com.mx\",\"url\":\"https:\/\/www.sonoraenequipo.com.mx\/\",\"logo\":{\"@type\":\"ImageObject\",\"inLanguage\":\"es\",\"@id\":\"https:\/\/www.sonoraenequipo.com.mx\/#\/schema\/logo\/image\/\",\"url\":\"https:\/\/www.sonoraenequipo.com.mx\/storage\/2019\/01\/sonoraenequipo_opt.png\",\"contentUrl\":\"https:\/\/www.sonoraenequipo.com.mx\/storage\/2019\/01\/sonoraenequipo_opt.png\",\"width\":375,\"height\":125,\"caption\":\"Sonoraenequipo.com.mx\"},\"image\":{\"@id\":\"https:\/\/www.sonoraenequipo.com.mx\/#\/schema\/logo\/image\/\"},\"sameAs\":[\"https:\/\/www.facebook.com\/SonoraEE\/\",\"https:\/\/x.com\/sonoraenequipo\",\"https:\/\/www.youtube.com\/channel\/UC338nW-lPEYmJQs4ZABQ1SQ\"]},{\"@type\":\"Person\",\"@id\":\"https:\/\/www.sonoraenequipo.com.mx\/#\/schema\/person\/50102df0fb23a8fa9e8effad8fa81386\",\"name\":\"enequipo\",\"image\":{\"@type\":\"ImageObject\",\"inLanguage\":\"es\",\"@id\":\"https:\/\/www.sonoraenequipo.com.mx\/#\/schema\/person\/image\/\",\"url\":\"https:\/\/secure.gravatar.com\/avatar\/049821681b589dabc0bc20695993ccebb09f5b5d4d790cd9251b97faac7c652b?s=96&d=blank&r=g\",\"contentUrl\":\"https:\/\/secure.gravatar.com\/avatar\/049821681b589dabc0bc20695993ccebb09f5b5d4d790cd9251b97faac7c652b?s=96&d=blank&r=g\",\"caption\":\"enequipo\"},\"sameAs\":[\"https:\/\/www.facebook.com\/SonoraEE\"]}]}<\/script>\n ","yoast_head_json":{"title":"Sonora en Equipo. Rumbo al superbowl LVII Deportes","description":"HERMOSILLO, SONORA,MX.\u2500\u2500 La final de la Conferencia Nacional enfrentar\u00e1 a los que sin duda, han sido los dos mejores equipos de la NFC a lo largo de la En Sonora en Equipo publicamos toda la informaci\u00f3n de Sonora, M\u00e9xico y el Mundo de manera oportuna y busca que la libertad de expresi\u00f3n sea real. Visita nuestro medio informativo publicado desde Hermosillo, Sonora. %","robots":{"index":"index","follow":"follow","max-snippet":"max-snippet:-1","max-image-preview":"max-image-preview:large","max-video-preview":"max-video-preview:-1"},"canonical":"https:\/\/www.sonoraenequipo.com.mx\/rumbo-al-superbowl-lvii\/","og_locale":"es_ES","og_type":"article","og_title":"Sonora en Equipo. Rumbo al superbowl LVII Deportes","og_description":"HERMOSILLO, SONORA,MX.\u2500\u2500 La final de la Conferencia Nacional enfrentar\u00e1 a los que sin duda, han sido los dos mejores equipos de la NFC a lo largo de la En Sonora en Equipo publicamos toda la informaci\u00f3n de Sonora, M\u00e9xico y el Mundo de manera oportuna y busca que la libertad de expresi\u00f3n sea real. Visita nuestro medio informativo publicado desde Hermosillo, Sonora. %","og_url":"https:\/\/www.sonoraenequipo.com.mx\/rumbo-al-superbowl-lvii\/","og_site_name":"Sonora en Equipo.","article_publisher":"https:\/\/www.facebook.com\/SonoraEE\/","article_author":"https:\/\/www.facebook.com\/SonoraEE","article_published_time":"2023-01-25T20:38:57+00:00","article_modified_time":"2023-01-25T20:44:26+00:00","og_image":[{"width":600,"height":400,"url":"https:\/\/www.sonoraenequipo.com.mx\/storage\/2023\/01\/super-bowl.jpg","type":"image\/jpeg"}],"author":"enequipo","twitter_card":"summary_large_image","twitter_creator":"@sonoraenequipo","twitter_site":"@sonoraenequipo","twitter_misc":{"Escrito por":"enequipo","Tiempo de lectura":"4 minutos"},"schema":{"@context":"https:\/\/schema.org","@graph":[{"@type":"Article","@id":"https:\/\/www.sonoraenequipo.com.mx\/rumbo-al-superbowl-lvii\/#article","isPartOf":{"@id":"https:\/\/www.sonoraenequipo.com.mx\/rumbo-al-superbowl-lvii\/"},"author":{"name":"enequipo","@id":"https:\/\/www.sonoraenequipo.com.mx\/#\/schema\/person\/50102df0fb23a8fa9e8effad8fa81386"},"headline":"Rumbo al superbowl LVII","datePublished":"2023-01-25T20:38:57+00:00","dateModified":"2023-01-25T20:44:26+00:00","mainEntityOfPage":{"@id":"https:\/\/www.sonoraenequipo.com.mx\/rumbo-al-superbowl-lvii\/"},"wordCount":766,"commentCount":0,"publisher":{"@id":"https:\/\/www.sonoraenequipo.com.mx\/#organization"},"image":{"@id":"https:\/\/www.sonoraenequipo.com.mx\/rumbo-al-superbowl-lvii\/#primaryimage"},"thumbnailUrl":"https:\/\/www.sonoraenequipo.com.mx\/storage\/2023\/01\/super-bowl.jpg","keywords":["superbowlLVII"],"articleSection":["Deportes"],"inLanguage":"es","potentialAction":[{"@type":"CommentAction","name":"Comment","target":["https:\/\/www.sonoraenequipo.com.mx\/rumbo-al-superbowl-lvii\/#respond"]}]},{"@type":"WebPage","@id":"https:\/\/www.sonoraenequipo.com.mx\/rumbo-al-superbowl-lvii\/","url":"https:\/\/www.sonoraenequipo.com.mx\/rumbo-al-superbowl-lvii\/","name":"Sonora en Equipo. Rumbo al superbowl LVII Deportes","isPartOf":{"@id":"https:\/\/www.sonoraenequipo.com.mx\/#website"},"primaryImageOfPage":{"@id":"https:\/\/www.sonoraenequipo.com.mx\/rumbo-al-superbowl-lvii\/#primaryimage"},"image":{"@id":"https:\/\/www.sonoraenequipo.com.mx\/rumbo-al-superbowl-lvii\/#primaryimage"},"thumbnailUrl":"https:\/\/www.sonoraenequipo.com.mx\/storage\/2023\/01\/super-bowl.jpg","datePublished":"2023-01-25T20:38:57+00:00","dateModified":"2023-01-25T20:44:26+00:00","description":"HERMOSILLO, SONORA,MX.\u2500\u2500 La final de la Conferencia Nacional enfrentar\u00e1 a los que sin duda, han sido los dos mejores equipos de la NFC a lo largo de la En Sonora en Equipo publicamos toda la informaci\u00f3n de Sonora, M\u00e9xico y el Mundo de manera oportuna y busca que la libertad de expresi\u00f3n sea real. Visita nuestro medio informativo publicado desde Hermosillo, Sonora. %","breadcrumb":{"@id":"https:\/\/www.sonoraenequipo.com.mx\/rumbo-al-superbowl-lvii\/#breadcrumb"},"inLanguage":"es","potentialAction":[{"@type":"ReadAction","target":["https:\/\/www.sonoraenequipo.com.mx\/rumbo-al-superbowl-lvii\/"]}]},{"@type":"ImageObject","inLanguage":"es","@id":"https:\/\/www.sonoraenequipo.com.mx\/rumbo-al-superbowl-lvii\/#primaryimage","url":"https:\/\/www.sonoraenequipo.com.mx\/storage\/2023\/01\/super-bowl.jpg","contentUrl":"https:\/\/www.sonoraenequipo.com.mx\/storage\/2023\/01\/super-bowl.jpg","width":600,"height":400},{"@type":"BreadcrumbList","@id":"https:\/\/www.sonoraenequipo.com.mx\/rumbo-al-superbowl-lvii\/#breadcrumb","itemListElement":[{"@type":"ListItem","position":1,"name":"Portada","item":"https:\/\/www.sonoraenequipo.com.mx\/"},{"@type":"ListItem","position":2,"name":"Rumbo al superbowl LVII"}]},{"@type":"WebSite","@id":"https:\/\/www.sonoraenequipo.com.mx\/#website","url":"https:\/\/www.sonoraenequipo.com.mx\/","name":"Sonora en Equipo.","description":"Diario en l\u00ednea con Noticias desde Hermosillo, Sonora","publisher":{"@id":"https:\/\/www.sonoraenequipo.com.mx\/#organization"},"potentialAction":[{"@type":"SearchAction","target":{"@type":"EntryPoint","urlTemplate":"https:\/\/www.sonoraenequipo.com.mx\/?s={search_term_string}"},"query-input":{"@type":"PropertyValueSpecification","valueRequired":true,"valueName":"search_term_string"}}],"inLanguage":"es"},{"@type":"Organization","@id":"https:\/\/www.sonoraenequipo.com.mx\/#organization","name":"Sonoraenequipo.com.mx","url":"https:\/\/www.sonoraenequipo.com.mx\/","logo":{"@type":"ImageObject","inLanguage":"es","@id":"https:\/\/www.sonoraenequipo.com.mx\/#\/schema\/logo\/image\/","url":"https:\/\/www.sonoraenequipo.com.mx\/storage\/2019\/01\/sonoraenequipo_opt.png","contentUrl":"https:\/\/www.sonoraenequipo.com.mx\/storage\/2019\/01\/sonoraenequipo_opt.png","width":375,"height":125,"caption":"Sonoraenequipo.com.mx"},"image":{"@id":"https:\/\/www.sonoraenequipo.com.mx\/#\/schema\/logo\/image\/"},"sameAs":["https:\/\/www.facebook.com\/SonoraEE\/","https:\/\/x.com\/sonoraenequipo","https:\/\/www.youtube.com\/channel\/UC338nW-lPEYmJQs4ZABQ1SQ"]},{"@type":"Person","@id":"https:\/\/www.sonoraenequipo.com.mx\/#\/schema\/person\/50102df0fb23a8fa9e8effad8fa81386","name":"enequipo","image":{"@type":"ImageObject","inLanguage":"es","@id":"https:\/\/www.sonoraenequipo.com.mx\/#\/schema\/person\/image\/","url":"https:\/\/secure.gravatar.com\/avatar\/049821681b589dabc0bc20695993ccebb09f5b5d4d790cd9251b97faac7c652b?s=96&d=blank&r=g","contentUrl":"https:\/\/secure.gravatar.com\/avatar\/049821681b589dabc0bc20695993ccebb09f5b5d4d790cd9251b97faac7c652b?s=96&d=blank&r=g","caption":"enequipo"},"sameAs":["https:\/\/www.facebook.com\/SonoraEE"]}]}},"jetpack_featured_media_url":"https:\/\/www.sonoraenequipo.com.mx\/storage\/2023\/01\/super-bowl.jpg","_links":{"self":[{"href":"https:\/\/www.sonoraenequipo.com.mx\/api\/wp\/v2\/posts\/157513","targetHints":{"allow":["GET"]}}],"collection":[{"href":"https:\/\/www.sonoraenequipo.com.mx\/api\/wp\/v2\/posts"}],"about":[{"href":"https:\/\/www.sonoraenequipo.com.mx\/api\/wp\/v2\/types\/post"}],"author":[{"embeddable":true,"href":"https:\/\/www.sonoraenequipo.com.mx\/api\/wp\/v2\/users\/1"}],"replies":[{"embeddable":true,"href":"https:\/\/www.sonoraenequipo.com.mx\/api\/wp\/v2\/comments?post=157513"}],"version-history":[{"count":1,"href":"https:\/\/www.sonoraenequipo.com.mx\/api\/wp\/v2\/posts\/157513\/revisions"}],"predecessor-version":[{"id":157517,"href":"https:\/\/www.sonoraenequipo.com.mx\/api\/wp\/v2\/posts\/157513\/revisions\/157517"}],"wp:featuredmedia":[{"embeddable":true,"href":"https:\/\/www.sonoraenequipo.com.mx\/api\/wp\/v2\/media\/157516"}],"wp:attachment":[{"href":"https:\/\/www.sonoraenequipo.com.mx\/api\/wp\/v2\/media?parent=157513"}],"wp:term":[{"taxonomy":"category","embeddable":true,"href":"https:\/\/www.sonoraenequipo.com.mx\/api\/wp\/v2\/categories?post=157513"},{"taxonomy":"post_tag","embeddable":true,"href":"https:\/\/www.sonoraenequipo.com.mx\/api\/wp\/v2\/tags?post=157513"}],"curies":[{"name":"wp","href":"https:\/\/api.w.org\/{rel}","templated":true}]}}