{"id":157533,"date":"2023-01-25T10:30:40","date_gmt":"2023-01-25T17:30:40","guid":{"rendered":"https:\/\/www.sonoraenequipo.com.mx\/?p=157533"},"modified":"2023-01-25T21:36:30","modified_gmt":"2023-01-26T04:36:30","slug":"85-aniversario-de-expropiacion-petrolera-se-conmemorara-con-fiesta-en-el-zocalo-por-rescate-de-pemex-anuncia-presidente","status":"publish","type":"post","link":"https:\/\/www.sonoraenequipo.com.mx\/85-aniversario-de-expropiacion-petrolera-se-conmemorara-con-fiesta-en-el-zocalo-por-rescate-de-pemex-anuncia-presidente\/","title":{"rendered":"85 Aniversario de Expropiaci\u00f3n Petrolera se conmemorar\u00e1 con fiesta en el Z\u00f3calo por rescate de Pemex, anuncia presidente"},"content":{"rendered":"<p><strong>CIUDAD DE M\u00c9XICO. MX. \u2014<\/strong> El presidente Andr\u00e9s Manuel L\u00f3pez Obrador anunci\u00f3 que el 85 aniversario de la Expropiaci\u00f3n Petrolera se conmemorar\u00e1 en el Z\u00f3calo de la Ciudad de M\u00e9xico con una magna celebraci\u00f3n por el rescate y fortalecimiento a Petr\u00f3leos Mexicanos (Pemex) que impulsa el Gobierno de M\u00e9xico.<\/p>\n<p>&nbsp;<\/p>\n<p>&nbsp;<\/p>\n<p> <\/p>\n<p><em><strong>\u201cSe est\u00e1 rescatando a Pemex con los trabajadores, con los t\u00e9cnicos y s\u00ed amerita conmemorar el d\u00eda 18 de marzo. (\u2026) Ser\u00e1 un acto grande, grande, est\u00e1n invitados todos. Tenemos que defender nuestra soberan\u00eda, defender el petr\u00f3leo, defender la industria el\u00e9ctrica\u201d,<\/strong><\/em> subray\u00f3.<\/p>\n<p>&nbsp;<\/p>\n<p>En conferencia de prensa matutina el mandatario indic\u00f3 que el festejo ser\u00e1 amenizado por diversos artistas.<\/p>\n<p>&nbsp;<\/p>\n<p><em><strong>\u201cVamos a invitar a nuestros cantantes, los que le gustan a la gente, al pueblo. Va a ser fiesta, porque rescatamos a Pemex y la Comisi\u00f3n Federal de Electricidad. (\u2026) Para nosotros s\u00ed es muy importante el 18 de marzo\u201d<\/strong><\/em>, apunt\u00f3.<\/p>\n<p>&nbsp;<\/p>\n<p>Record\u00f3 que la decisi\u00f3n del general L\u00e1zaro C\u00e1rdenas de nacionalizar la industria petrolera en 1938 marc\u00f3 la historia del pa\u00eds.<\/p>\n<p>&nbsp;<\/p>\n<p><strong><em>\u201cSi no fuese por eso, imag\u00ednense si se hubiese seguido con la misma pol\u00edtica de privatizaci\u00f3n del petr\u00f3leo, estar\u00edamos \u2013lo dije hace unos d\u00edas\u2013 importando petr\u00f3leo crudo, porque todo el periodo neoliberal fue de ca\u00edda, de decrecimiento de la producci\u00f3n, de declinaci\u00f3n de los campos petroleros que los agotaron e imper\u00f3 en Pemex la corrupci\u00f3n\u201d,<\/em><\/strong> refiri\u00f3.<\/p>\n<p>&nbsp;<\/p>\n<p>El Gobierno de la Cuarta Transformaci\u00f3n trabaja en la recuperaci\u00f3n del sector energ\u00e9tico y la defensa de la soberan\u00eda, lo que al mismo tiempo permite controlar el fen\u00f3meno externo inflacionario en beneficio de la econom\u00eda popular.<\/p>\n<p>&nbsp;<\/p>\n<p><em><strong>\u201cTenemos como meta que, antes de que termine el gobierno, vamos a ser autosuficientes, ya no vamos a comprar gasolina ni di\u00e9sel en el extranjero, porque ya sabemos que si producimos aqu\u00ed los combustibles podemos mantener precios bajos y eso ayuda a todos, al consumidor, al industrial, al comerciante, nos ayuda a todo el pueblo\u201d<\/strong><\/em>, afirm\u00f3.<\/p>\n<p>&nbsp;<\/p>\n<p>&nbsp;<\/p>\n<p>Se\u00f1al\u00f3 que la rehabilitaci\u00f3n de las seis refiner\u00edas del pa\u00eds, as\u00ed como la construcci\u00f3n de dos plantas coquizadoras en Tula, Hidalgo y en Salina Cruz, Oaxaca, son proyectos prioritarios que se realizan con presupuesto p\u00fablico y no representan deuda adicional.<\/p>\n<p>&nbsp;<\/p>\n<p>&nbsp;<\/p>\n<p>Este a\u00f1o operar\u00e1 en su m\u00e1xima capacidad la refiner\u00eda Olmeca en Para\u00edso, Tabasco; alcanzar\u00e1 una producci\u00f3n de 340 mil barriles diarios de crudo.<\/p>\n<p>&nbsp;<\/p>\n<p>&nbsp;<\/p>\n<p>PUBLICADO EL 25\/ENERO\/2023<\/p>\n","protected":false},"excerpt":{"rendered":"<p>CIUDAD DE M\u00c9XICO. MX. \u2014 El presidente Andr\u00e9s Manuel L\u00f3pez Obrador anunci\u00f3 que el 85&#8230;<\/p>\n","protected":false},"author":1,"featured_media":157534,"comment_status":"open","ping_status":"open","sticky":false,"template":"","format":"standard","meta":{"_monsterinsights_skip_tracking":false,"_monsterinsights_sitenote_active":false,"_monsterinsights_sitenote_note":"","_monsterinsights_sitenote_category":0,"footnotes":""},"categories":[5],"tags":[],"class_list":["post"],"yoast_head":" \n<title>Sonora en Equipo. 85 Aniversario de Expropiaci\u00f3n Petrolera se conmemorar\u00e1 con fiesta en el Z\u00f3calo por rescate de Pemex, anuncia presidente Rep\u00fablica<\/title>\n<meta name=\"description\" content=\"CIUDAD DE M\u00c9XICO. MX. \u2014 El presidente Andr\u00e9s Manuel L\u00f3pez Obrador anunci\u00f3 que el 85 aniversario de la Expropiaci\u00f3n Petrolera se conmemorar\u00e1 en el Z\u00f3calo En Sonora en Equipo publicamos toda la informaci\u00f3n de Sonora, M\u00e9xico y el Mundo de manera oportuna y busca que la libertad de expresi\u00f3n sea real. Visita nuestro medio informativo publicado desde Hermosillo, Sonora. %\" \/>\n<meta name=\"robots\" content=\"index, follow, max-snippet:-1, max-image-preview:large, max-video-preview:-1\" \/>\n<link rel=\"canonical\" href=\"https:\/\/www.sonoraenequipo.com.mx\/85-aniversario-de-expropiacion-petrolera-se-conmemorara-con-fiesta-en-el-zocalo-por-rescate-de-pemex-anuncia-presidente\/\" \/>\n<meta property=\"og:locale\" content=\"es_ES\" \/>\n<meta property=\"og:type\" content=\"article\" \/>\n<meta property=\"og:title\" content=\"Sonora en Equipo. 85 Aniversario de Expropiaci\u00f3n Petrolera se conmemorar\u00e1 con fiesta en el Z\u00f3calo por rescate de Pemex, anuncia presidente Rep\u00fablica\" \/>\n<meta property=\"og:description\" content=\"CIUDAD DE M\u00c9XICO. MX. \u2014 El presidente Andr\u00e9s Manuel L\u00f3pez Obrador anunci\u00f3 que el 85 aniversario de la Expropiaci\u00f3n Petrolera se conmemorar\u00e1 en el Z\u00f3calo En Sonora en Equipo publicamos toda la informaci\u00f3n de Sonora, M\u00e9xico y el Mundo de manera oportuna y busca que la libertad de expresi\u00f3n sea real. Visita nuestro medio informativo publicado desde Hermosillo, Sonora. %\" \/>\n<meta property=\"og:url\" content=\"https:\/\/www.sonoraenequipo.com.mx\/85-aniversario-de-expropiacion-petrolera-se-conmemorara-con-fiesta-en-el-zocalo-por-rescate-de-pemex-anuncia-presidente\/\" \/>\n<meta property=\"og:site_name\" content=\"Sonora en Equipo.\" \/>\n<meta property=\"article:publisher\" content=\"https:\/\/www.facebook.com\/SonoraEE\/\" \/>\n<meta property=\"article:author\" content=\"https:\/\/www.facebook.com\/SonoraEE\" \/>\n<meta property=\"article:published_time\" content=\"2023-01-25T17:30:40+00:00\" \/>\n<meta property=\"article:modified_time\" content=\"2023-01-26T04:36:30+00:00\" \/>\n<meta property=\"og:image\" content=\"https:\/\/www.sonoraenequipo.com.mx\/storage\/2023\/01\/2023-01-25-Conferencia-de-prensa-amlo.jpg\" \/>\n\t<meta property=\"og:image:width\" content=\"900\" \/>\n\t<meta property=\"og:image:height\" content=\"514\" \/>\n\t<meta property=\"og:image:type\" content=\"image\/jpeg\" \/>\n<meta name=\"author\" content=\"enequipo\" \/>\n<meta name=\"twitter:card\" content=\"summary_large_image\" \/>\n<meta name=\"twitter:creator\" content=\"@sonoraenequipo\" \/>\n<meta name=\"twitter:site\" content=\"@sonoraenequipo\" \/>\n<meta name=\"twitter:label1\" content=\"Escrito por\" \/>\n\t<meta name=\"twitter:data1\" content=\"enequipo\" \/>\n\t<meta name=\"twitter:label2\" content=\"Tiempo de lectura\" \/>\n\t<meta name=\"twitter:data2\" content=\"2 minutos\" \/>\n<script type=\"application\/ld+json\" class=\"yoast-schema-graph\">{\"@context\":\"https:\/\/schema.org\",\"@graph\":[{\"@type\":\"Article\",\"@id\":\"https:\/\/www.sonoraenequipo.com.mx\/85-aniversario-de-expropiacion-petrolera-se-conmemorara-con-fiesta-en-el-zocalo-por-rescate-de-pemex-anuncia-presidente\/#article\",\"isPartOf\":{\"@id\":\"https:\/\/www.sonoraenequipo.com.mx\/85-aniversario-de-expropiacion-petrolera-se-conmemorara-con-fiesta-en-el-zocalo-por-rescate-de-pemex-anuncia-presidente\/\"},\"author\":{\"name\":\"enequipo\",\"@id\":\"https:\/\/www.sonoraenequipo.com.mx\/#\/schema\/person\/50102df0fb23a8fa9e8effad8fa81386\"},\"headline\":\"85 Aniversario de Expropiaci\u00f3n Petrolera se conmemorar\u00e1 con fiesta en el Z\u00f3calo por rescate de Pemex, anuncia presidente\",\"datePublished\":\"2023-01-25T17:30:40+00:00\",\"dateModified\":\"2023-01-26T04:36:30+00:00\",\"mainEntityOfPage\":{\"@id\":\"https:\/\/www.sonoraenequipo.com.mx\/85-aniversario-de-expropiacion-petrolera-se-conmemorara-con-fiesta-en-el-zocalo-por-rescate-de-pemex-anuncia-presidente\/\"},\"wordCount\":456,\"commentCount\":0,\"publisher\":{\"@id\":\"https:\/\/www.sonoraenequipo.com.mx\/#organization\"},\"image\":{\"@id\":\"https:\/\/www.sonoraenequipo.com.mx\/85-aniversario-de-expropiacion-petrolera-se-conmemorara-con-fiesta-en-el-zocalo-por-rescate-de-pemex-anuncia-presidente\/#primaryimage\"},\"thumbnailUrl\":\"https:\/\/www.sonoraenequipo.com.mx\/storage\/2023\/01\/2023-01-25-Conferencia-de-prensa-amlo.jpg\",\"articleSection\":[\"Rep\u00fablica\"],\"inLanguage\":\"es\",\"potentialAction\":[{\"@type\":\"CommentAction\",\"name\":\"Comment\",\"target\":[\"https:\/\/www.sonoraenequipo.com.mx\/85-aniversario-de-expropiacion-petrolera-se-conmemorara-con-fiesta-en-el-zocalo-por-rescate-de-pemex-anuncia-presidente\/#respond\"]}]},{\"@type\":\"WebPage\",\"@id\":\"https:\/\/www.sonoraenequipo.com.mx\/85-aniversario-de-expropiacion-petrolera-se-conmemorara-con-fiesta-en-el-zocalo-por-rescate-de-pemex-anuncia-presidente\/\",\"url\":\"https:\/\/www.sonoraenequipo.com.mx\/85-aniversario-de-expropiacion-petrolera-se-conmemorara-con-fiesta-en-el-zocalo-por-rescate-de-pemex-anuncia-presidente\/\",\"name\":\"Sonora en Equipo. 85 Aniversario de Expropiaci\u00f3n Petrolera se conmemorar\u00e1 con fiesta en el Z\u00f3calo por rescate de Pemex, anuncia presidente Rep\u00fablica\",\"isPartOf\":{\"@id\":\"https:\/\/www.sonoraenequipo.com.mx\/#website\"},\"primaryImageOfPage\":{\"@id\":\"https:\/\/www.sonoraenequipo.com.mx\/85-aniversario-de-expropiacion-petrolera-se-conmemorara-con-fiesta-en-el-zocalo-por-rescate-de-pemex-anuncia-presidente\/#primaryimage\"},\"image\":{\"@id\":\"https:\/\/www.sonoraenequipo.com.mx\/85-aniversario-de-expropiacion-petrolera-se-conmemorara-con-fiesta-en-el-zocalo-por-rescate-de-pemex-anuncia-presidente\/#primaryimage\"},\"thumbnailUrl\":\"https:\/\/www.sonoraenequipo.com.mx\/storage\/2023\/01\/2023-01-25-Conferencia-de-prensa-amlo.jpg\",\"datePublished\":\"2023-01-25T17:30:40+00:00\",\"dateModified\":\"2023-01-26T04:36:30+00:00\",\"description\":\"CIUDAD DE M\u00c9XICO. MX. \u2014 El presidente Andr\u00e9s Manuel L\u00f3pez Obrador anunci\u00f3 que el 85 aniversario de la Expropiaci\u00f3n Petrolera se conmemorar\u00e1 en el Z\u00f3calo En Sonora en Equipo publicamos toda la informaci\u00f3n de Sonora, M\u00e9xico y el Mundo de manera oportuna y busca que la libertad de expresi\u00f3n sea real. Visita nuestro medio informativo publicado desde Hermosillo, Sonora. %\",\"breadcrumb\":{\"@id\":\"https:\/\/www.sonoraenequipo.com.mx\/85-aniversario-de-expropiacion-petrolera-se-conmemorara-con-fiesta-en-el-zocalo-por-rescate-de-pemex-anuncia-presidente\/#breadcrumb\"},\"inLanguage\":\"es\",\"potentialAction\":[{\"@type\":\"ReadAction\",\"target\":[\"https:\/\/www.sonoraenequipo.com.mx\/85-aniversario-de-expropiacion-petrolera-se-conmemorara-con-fiesta-en-el-zocalo-por-rescate-de-pemex-anuncia-presidente\/\"]}]},{\"@type\":\"ImageObject\",\"inLanguage\":\"es\",\"@id\":\"https:\/\/www.sonoraenequipo.com.mx\/85-aniversario-de-expropiacion-petrolera-se-conmemorara-con-fiesta-en-el-zocalo-por-rescate-de-pemex-anuncia-presidente\/#primaryimage\",\"url\":\"https:\/\/www.sonoraenequipo.com.mx\/storage\/2023\/01\/2023-01-25-Conferencia-de-prensa-amlo.jpg\",\"contentUrl\":\"https:\/\/www.sonoraenequipo.com.mx\/storage\/2023\/01\/2023-01-25-Conferencia-de-prensa-amlo.jpg\",\"width\":900,\"height\":514},{\"@type\":\"BreadcrumbList\",\"@id\":\"https:\/\/www.sonoraenequipo.com.mx\/85-aniversario-de-expropiacion-petrolera-se-conmemorara-con-fiesta-en-el-zocalo-por-rescate-de-pemex-anuncia-presidente\/#breadcrumb\",\"itemListElement\":[{\"@type\":\"ListItem\",\"position\":1,\"name\":\"Portada\",\"item\":\"https:\/\/www.sonoraenequipo.com.mx\/\"},{\"@type\":\"ListItem\",\"position\":2,\"name\":\"85 Aniversario de Expropiaci\u00f3n Petrolera se conmemorar\u00e1 con fiesta en el Z\u00f3calo por rescate de Pemex, anuncia presidente\"}]},{\"@type\":\"WebSite\",\"@id\":\"https:\/\/www.sonoraenequipo.com.mx\/#website\",\"url\":\"https:\/\/www.sonoraenequipo.com.mx\/\",\"name\":\"Sonora en Equipo.\",\"description\":\"Diario en l\u00ednea con Noticias desde Hermosillo, Sonora\",\"publisher\":{\"@id\":\"https:\/\/www.sonoraenequipo.com.mx\/#organization\"},\"potentialAction\":[{\"@type\":\"SearchAction\",\"target\":{\"@type\":\"EntryPoint\",\"urlTemplate\":\"https:\/\/www.sonoraenequipo.com.mx\/?s={search_term_string}\"},\"query-input\":{\"@type\":\"PropertyValueSpecification\",\"valueRequired\":true,\"valueName\":\"search_term_string\"}}],\"inLanguage\":\"es\"},{\"@type\":\"Organization\",\"@id\":\"https:\/\/www.sonoraenequipo.com.mx\/#organization\",\"name\":\"Sonoraenequipo.com.mx\",\"url\":\"https:\/\/www.sonoraenequipo.com.mx\/\",\"logo\":{\"@type\":\"ImageObject\",\"inLanguage\":\"es\",\"@id\":\"https:\/\/www.sonoraenequipo.com.mx\/#\/schema\/logo\/image\/\",\"url\":\"https:\/\/www.sonoraenequipo.com.mx\/storage\/2019\/01\/sonoraenequipo_opt.png\",\"contentUrl\":\"https:\/\/www.sonoraenequipo.com.mx\/storage\/2019\/01\/sonoraenequipo_opt.png\",\"width\":375,\"height\":125,\"caption\":\"Sonoraenequipo.com.mx\"},\"image\":{\"@id\":\"https:\/\/www.sonoraenequipo.com.mx\/#\/schema\/logo\/image\/\"},\"sameAs\":[\"https:\/\/www.facebook.com\/SonoraEE\/\",\"https:\/\/x.com\/sonoraenequipo\",\"https:\/\/www.youtube.com\/channel\/UC338nW-lPEYmJQs4ZABQ1SQ\"]},{\"@type\":\"Person\",\"@id\":\"https:\/\/www.sonoraenequipo.com.mx\/#\/schema\/person\/50102df0fb23a8fa9e8effad8fa81386\",\"name\":\"enequipo\",\"image\":{\"@type\":\"ImageObject\",\"inLanguage\":\"es\",\"@id\":\"https:\/\/www.sonoraenequipo.com.mx\/#\/schema\/person\/image\/\",\"url\":\"https:\/\/secure.gravatar.com\/avatar\/049821681b589dabc0bc20695993ccebb09f5b5d4d790cd9251b97faac7c652b?s=96&d=blank&r=g\",\"contentUrl\":\"https:\/\/secure.gravatar.com\/avatar\/049821681b589dabc0bc20695993ccebb09f5b5d4d790cd9251b97faac7c652b?s=96&d=blank&r=g\",\"caption\":\"enequipo\"},\"sameAs\":[\"https:\/\/www.facebook.com\/SonoraEE\"]}]}<\/script>\n ","yoast_head_json":{"title":"Sonora en Equipo. 85 Aniversario de Expropiaci\u00f3n Petrolera se conmemorar\u00e1 con fiesta en el Z\u00f3calo por rescate de Pemex, anuncia presidente Rep\u00fablica","description":"CIUDAD DE M\u00c9XICO. MX. \u2014 El presidente Andr\u00e9s Manuel L\u00f3pez Obrador anunci\u00f3 que el 85 aniversario de la Expropiaci\u00f3n Petrolera se conmemorar\u00e1 en el Z\u00f3calo En Sonora en Equipo publicamos toda la informaci\u00f3n de Sonora, M\u00e9xico y el Mundo de manera oportuna y busca que la libertad de expresi\u00f3n sea real. Visita nuestro medio informativo publicado desde Hermosillo, Sonora. %","robots":{"index":"index","follow":"follow","max-snippet":"max-snippet:-1","max-image-preview":"max-image-preview:large","max-video-preview":"max-video-preview:-1"},"canonical":"https:\/\/www.sonoraenequipo.com.mx\/85-aniversario-de-expropiacion-petrolera-se-conmemorara-con-fiesta-en-el-zocalo-por-rescate-de-pemex-anuncia-presidente\/","og_locale":"es_ES","og_type":"article","og_title":"Sonora en Equipo. 85 Aniversario de Expropiaci\u00f3n Petrolera se conmemorar\u00e1 con fiesta en el Z\u00f3calo por rescate de Pemex, anuncia presidente Rep\u00fablica","og_description":"CIUDAD DE M\u00c9XICO. MX. \u2014 El presidente Andr\u00e9s Manuel L\u00f3pez Obrador anunci\u00f3 que el 85 aniversario de la Expropiaci\u00f3n Petrolera se conmemorar\u00e1 en el Z\u00f3calo En Sonora en Equipo publicamos toda la informaci\u00f3n de Sonora, M\u00e9xico y el Mundo de manera oportuna y busca que la libertad de expresi\u00f3n sea real. Visita nuestro medio informativo publicado desde Hermosillo, Sonora. %","og_url":"https:\/\/www.sonoraenequipo.com.mx\/85-aniversario-de-expropiacion-petrolera-se-conmemorara-con-fiesta-en-el-zocalo-por-rescate-de-pemex-anuncia-presidente\/","og_site_name":"Sonora en Equipo.","article_publisher":"https:\/\/www.facebook.com\/SonoraEE\/","article_author":"https:\/\/www.facebook.com\/SonoraEE","article_published_time":"2023-01-25T17:30:40+00:00","article_modified_time":"2023-01-26T04:36:30+00:00","og_image":[{"width":900,"height":514,"url":"https:\/\/www.sonoraenequipo.com.mx\/storage\/2023\/01\/2023-01-25-Conferencia-de-prensa-amlo.jpg","type":"image\/jpeg"}],"author":"enequipo","twitter_card":"summary_large_image","twitter_creator":"@sonoraenequipo","twitter_site":"@sonoraenequipo","twitter_misc":{"Escrito por":"enequipo","Tiempo de lectura":"2 minutos"},"schema":{"@context":"https:\/\/schema.org","@graph":[{"@type":"Article","@id":"https:\/\/www.sonoraenequipo.com.mx\/85-aniversario-de-expropiacion-petrolera-se-conmemorara-con-fiesta-en-el-zocalo-por-rescate-de-pemex-anuncia-presidente\/#article","isPartOf":{"@id":"https:\/\/www.sonoraenequipo.com.mx\/85-aniversario-de-expropiacion-petrolera-se-conmemorara-con-fiesta-en-el-zocalo-por-rescate-de-pemex-anuncia-presidente\/"},"author":{"name":"enequipo","@id":"https:\/\/www.sonoraenequipo.com.mx\/#\/schema\/person\/50102df0fb23a8fa9e8effad8fa81386"},"headline":"85 Aniversario de Expropiaci\u00f3n Petrolera se conmemorar\u00e1 con fiesta en el Z\u00f3calo por rescate de Pemex, anuncia presidente","datePublished":"2023-01-25T17:30:40+00:00","dateModified":"2023-01-26T04:36:30+00:00","mainEntityOfPage":{"@id":"https:\/\/www.sonoraenequipo.com.mx\/85-aniversario-de-expropiacion-petrolera-se-conmemorara-con-fiesta-en-el-zocalo-por-rescate-de-pemex-anuncia-presidente\/"},"wordCount":456,"commentCount":0,"publisher":{"@id":"https:\/\/www.sonoraenequipo.com.mx\/#organization"},"image":{"@id":"https:\/\/www.sonoraenequipo.com.mx\/85-aniversario-de-expropiacion-petrolera-se-conmemorara-con-fiesta-en-el-zocalo-por-rescate-de-pemex-anuncia-presidente\/#primaryimage"},"thumbnailUrl":"https:\/\/www.sonoraenequipo.com.mx\/storage\/2023\/01\/2023-01-25-Conferencia-de-prensa-amlo.jpg","articleSection":["Rep\u00fablica"],"inLanguage":"es","potentialAction":[{"@type":"CommentAction","name":"Comment","target":["https:\/\/www.sonoraenequipo.com.mx\/85-aniversario-de-expropiacion-petrolera-se-conmemorara-con-fiesta-en-el-zocalo-por-rescate-de-pemex-anuncia-presidente\/#respond"]}]},{"@type":"WebPage","@id":"https:\/\/www.sonoraenequipo.com.mx\/85-aniversario-de-expropiacion-petrolera-se-conmemorara-con-fiesta-en-el-zocalo-por-rescate-de-pemex-anuncia-presidente\/","url":"https:\/\/www.sonoraenequipo.com.mx\/85-aniversario-de-expropiacion-petrolera-se-conmemorara-con-fiesta-en-el-zocalo-por-rescate-de-pemex-anuncia-presidente\/","name":"Sonora en Equipo. 85 Aniversario de Expropiaci\u00f3n Petrolera se conmemorar\u00e1 con fiesta en el Z\u00f3calo por rescate de Pemex, anuncia presidente Rep\u00fablica","isPartOf":{"@id":"https:\/\/www.sonoraenequipo.com.mx\/#website"},"primaryImageOfPage":{"@id":"https:\/\/www.sonoraenequipo.com.mx\/85-aniversario-de-expropiacion-petrolera-se-conmemorara-con-fiesta-en-el-zocalo-por-rescate-de-pemex-anuncia-presidente\/#primaryimage"},"image":{"@id":"https:\/\/www.sonoraenequipo.com.mx\/85-aniversario-de-expropiacion-petrolera-se-conmemorara-con-fiesta-en-el-zocalo-por-rescate-de-pemex-anuncia-presidente\/#primaryimage"},"thumbnailUrl":"https:\/\/www.sonoraenequipo.com.mx\/storage\/2023\/01\/2023-01-25-Conferencia-de-prensa-amlo.jpg","datePublished":"2023-01-25T17:30:40+00:00","dateModified":"2023-01-26T04:36:30+00:00","description":"CIUDAD DE M\u00c9XICO. MX. \u2014 El presidente Andr\u00e9s Manuel L\u00f3pez Obrador anunci\u00f3 que el 85 aniversario de la Expropiaci\u00f3n Petrolera se conmemorar\u00e1 en el Z\u00f3calo En Sonora en Equipo publicamos toda la informaci\u00f3n de Sonora, M\u00e9xico y el Mundo de manera oportuna y busca que la libertad de expresi\u00f3n sea real. Visita nuestro medio informativo publicado desde Hermosillo, Sonora. %","breadcrumb":{"@id":"https:\/\/www.sonoraenequipo.com.mx\/85-aniversario-de-expropiacion-petrolera-se-conmemorara-con-fiesta-en-el-zocalo-por-rescate-de-pemex-anuncia-presidente\/#breadcrumb"},"inLanguage":"es","potentialAction":[{"@type":"ReadAction","target":["https:\/\/www.sonoraenequipo.com.mx\/85-aniversario-de-expropiacion-petrolera-se-conmemorara-con-fiesta-en-el-zocalo-por-rescate-de-pemex-anuncia-presidente\/"]}]},{"@type":"ImageObject","inLanguage":"es","@id":"https:\/\/www.sonoraenequipo.com.mx\/85-aniversario-de-expropiacion-petrolera-se-conmemorara-con-fiesta-en-el-zocalo-por-rescate-de-pemex-anuncia-presidente\/#primaryimage","url":"https:\/\/www.sonoraenequipo.com.mx\/storage\/2023\/01\/2023-01-25-Conferencia-de-prensa-amlo.jpg","contentUrl":"https:\/\/www.sonoraenequipo.com.mx\/storage\/2023\/01\/2023-01-25-Conferencia-de-prensa-amlo.jpg","width":900,"height":514},{"@type":"BreadcrumbList","@id":"https:\/\/www.sonoraenequipo.com.mx\/85-aniversario-de-expropiacion-petrolera-se-conmemorara-con-fiesta-en-el-zocalo-por-rescate-de-pemex-anuncia-presidente\/#breadcrumb","itemListElement":[{"@type":"ListItem","position":1,"name":"Portada","item":"https:\/\/www.sonoraenequipo.com.mx\/"},{"@type":"ListItem","position":2,"name":"85 Aniversario de Expropiaci\u00f3n Petrolera se conmemorar\u00e1 con fiesta en el Z\u00f3calo por rescate de Pemex, anuncia presidente"}]},{"@type":"WebSite","@id":"https:\/\/www.sonoraenequipo.com.mx\/#website","url":"https:\/\/www.sonoraenequipo.com.mx\/","name":"Sonora en Equipo.","description":"Diario en l\u00ednea con Noticias desde Hermosillo, Sonora","publisher":{"@id":"https:\/\/www.sonoraenequipo.com.mx\/#organization"},"potentialAction":[{"@type":"SearchAction","target":{"@type":"EntryPoint","urlTemplate":"https:\/\/www.sonoraenequipo.com.mx\/?s={search_term_string}"},"query-input":{"@type":"PropertyValueSpecification","valueRequired":true,"valueName":"search_term_string"}}],"inLanguage":"es"},{"@type":"Organization","@id":"https:\/\/www.sonoraenequipo.com.mx\/#organization","name":"Sonoraenequipo.com.mx","url":"https:\/\/www.sonoraenequipo.com.mx\/","logo":{"@type":"ImageObject","inLanguage":"es","@id":"https:\/\/www.sonoraenequipo.com.mx\/#\/schema\/logo\/image\/","url":"https:\/\/www.sonoraenequipo.com.mx\/storage\/2019\/01\/sonoraenequipo_opt.png","contentUrl":"https:\/\/www.sonoraenequipo.com.mx\/storage\/2019\/01\/sonoraenequipo_opt.png","width":375,"height":125,"caption":"Sonoraenequipo.com.mx"},"image":{"@id":"https:\/\/www.sonoraenequipo.com.mx\/#\/schema\/logo\/image\/"},"sameAs":["https:\/\/www.facebook.com\/SonoraEE\/","https:\/\/x.com\/sonoraenequipo","https:\/\/www.youtube.com\/channel\/UC338nW-lPEYmJQs4ZABQ1SQ"]},{"@type":"Person","@id":"https:\/\/www.sonoraenequipo.com.mx\/#\/schema\/person\/50102df0fb23a8fa9e8effad8fa81386","name":"enequipo","image":{"@type":"ImageObject","inLanguage":"es","@id":"https:\/\/www.sonoraenequipo.com.mx\/#\/schema\/person\/image\/","url":"https:\/\/secure.gravatar.com\/avatar\/049821681b589dabc0bc20695993ccebb09f5b5d4d790cd9251b97faac7c652b?s=96&d=blank&r=g","contentUrl":"https:\/\/secure.gravatar.com\/avatar\/049821681b589dabc0bc20695993ccebb09f5b5d4d790cd9251b97faac7c652b?s=96&d=blank&r=g","caption":"enequipo"},"sameAs":["https:\/\/www.facebook.com\/SonoraEE"]}]}},"jetpack_featured_media_url":"https:\/\/www.sonoraenequipo.com.mx\/storage\/2023\/01\/2023-01-25-Conferencia-de-prensa-amlo.jpg","_links":{"self":[{"href":"https:\/\/www.sonoraenequipo.com.mx\/api\/wp\/v2\/posts\/157533","targetHints":{"allow":["GET"]}}],"collection":[{"href":"https:\/\/www.sonoraenequipo.com.mx\/api\/wp\/v2\/posts"}],"about":[{"href":"https:\/\/www.sonoraenequipo.com.mx\/api\/wp\/v2\/types\/post"}],"author":[{"embeddable":true,"href":"https:\/\/www.sonoraenequipo.com.mx\/api\/wp\/v2\/users\/1"}],"replies":[{"embeddable":true,"href":"https:\/\/www.sonoraenequipo.com.mx\/api\/wp\/v2\/comments?post=157533"}],"version-history":[{"count":1,"href":"https:\/\/www.sonoraenequipo.com.mx\/api\/wp\/v2\/posts\/157533\/revisions"}],"predecessor-version":[{"id":157535,"href":"https:\/\/www.sonoraenequipo.com.mx\/api\/wp\/v2\/posts\/157533\/revisions\/157535"}],"wp:featuredmedia":[{"embeddable":true,"href":"https:\/\/www.sonoraenequipo.com.mx\/api\/wp\/v2\/media\/157534"}],"wp:attachment":[{"href":"https:\/\/www.sonoraenequipo.com.mx\/api\/wp\/v2\/media?parent=157533"}],"wp:term":[{"taxonomy":"category","embeddable":true,"href":"https:\/\/www.sonoraenequipo.com.mx\/api\/wp\/v2\/categories?post=157533"},{"taxonomy":"post_tag","embeddable":true,"href":"https:\/\/www.sonoraenequipo.com.mx\/api\/wp\/v2\/tags?post=157533"}],"curies":[{"name":"wp","href":"https:\/\/api.w.org\/{rel}","templated":true}]}}