{"id":157684,"date":"2023-01-27T14:44:01","date_gmt":"2023-01-27T21:44:01","guid":{"rendered":"https:\/\/www.sonoraenequipo.com.mx\/?p=157684"},"modified":"2023-01-27T18:25:54","modified_gmt":"2023-01-28T01:25:54","slug":"congreso-realiza-foro-en-materia-de-educacion-inclusiva-e-indigena","status":"publish","type":"post","link":"https:\/\/www.sonoraenequipo.com.mx\/congreso-realiza-foro-en-materia-de-educacion-inclusiva-e-indigena\/","title":{"rendered":"Congreso realiza foro en materia de educaci\u00f3n inclusiva e ind\u00edgena"},"content":{"rendered":"<p><strong>HERMOSILLO, SONORA,MX.<\/strong><strong>\u2500\u2500<\/strong> Para conocer la opini\u00f3n y recibir propuestas con el prop\u00f3sito de reformar la Ley de Educaci\u00f3n y la Ley para la Inclusi\u00f3n y Desarrollo de las Personas con Discapacidad o en Situaci\u00f3n de Discapacidad, ambas de Sonora, el Congreso del Estado a trav\u00e9s de la Comisi\u00f3n de Cultura realiz\u00f3 la tarde noche de ayer un foro de consulta en materia de educaci\u00f3n inclusiva e ind\u00edgena.<\/p>\n<p>&nbsp;<\/p>\n<p>&nbsp;<\/p>\n<p>&nbsp;<\/p>\n<p>La diputada Beatriz Cota Ponce, presidenta de la citada Comisi\u00f3n, record\u00f3 que una vez aprobada la Ley General de Educaci\u00f3n en el pasado 2019 y, en ese sentido, agreg\u00f3, diversas organizaciones de grupos \u00e9tnicos y los grupos de personas con discapacidad promovieron acciones de inconstitucionalidad respecto a la ley al referir que no han sido consultados.<\/p>\n<p>&nbsp;<\/p>\n<p>&nbsp;<\/p>\n<p>&nbsp;<\/p>\n<p>\u201cEn es este primer acercamiento esperamos contar con la participaci\u00f3n de todas y todos quienes d\u00eda con d\u00eda est\u00e1n inmersos en el tema de educaci\u00f3n inclusiva e ind\u00edgena, para lo cual, adem\u00e1s de la consulta directa que tambi\u00e9n se realizar\u00e1 en otras localidades se podr\u00e1n enviar sus colaboraciones mediante un v\u00ednculo que se ubica en el portal del Congreso del Estado\u201d, puntualiz\u00f3.<\/p>\n<p>&nbsp;<\/p>\n<p>&nbsp;<\/p>\n<p>&nbsp;<\/p>\n<p>Queremos, dijo, brindar la m\u00e1s amplia cobertura y escuchar las voces amplias cumpliendo con las fases que marca la Suprema Corte de Justicia de la Naci\u00f3n, para de esa manera convocar de nuevo para hacer un consenso con las personas con discapacidad y los grupos ind\u00edgenas, sobre el tema que en an\u00e1lisis.<\/p>\n<p>&nbsp;<\/p>\n<p>&nbsp;<\/p>\n<p>&nbsp;<\/p>\n<p>Durante la participaci\u00f3n de padres de familia, representantes de organizaciones de la sociedad civil de personas con discapacidad y en situaci\u00f3n de discapacidad, autoridades del sector educativo, representantes sindicales, estudiantes, docentes, representantes de la Asociaci\u00f3n de Interpretes de Lengua de Se\u00f1as Mexicana, autoridades municipales de Nacozari de Garc\u00eda y Hermosillo, as\u00ed como personas interesadas en el tema hablaron sobre las necesidades para esos sectores vulnerables.<\/p>\n<p>&nbsp;<\/p>\n<p>&nbsp;<\/p>\n<p>&nbsp;<\/p>\n<p>Destacaron la importancia de contar con mayor presupuesto para planes, proyectos, programas y pol\u00edticas p\u00fablicas de atenci\u00f3n y detecci\u00f3n temprana de condiciones de salud, como el espectro autista, entre otros; mayor n\u00famero de becas a todos los niveles de educaci\u00f3n; fortalecer los grupos de apoyo; establecer en la norma legal la figura del maestro sombra en todos los niveles de educaci\u00f3n.<\/p>\n<p>&nbsp;<\/p>\n<p>&nbsp;<\/p>\n<p>&nbsp;<\/p>\n<p>Capacitaci\u00f3n constante a docentes; la integraci\u00f3n de un comit\u00e9 t\u00e9cnico entre el Congreso y las asociaciones civiles y universidades; eliminar barreras laborales; transformar las aulas mediante m\u00e9todos inclusivos; accesibilidad en los ex\u00e1menes de ingreso de las instituciones de nivel superior; materiales did\u00e1cticos especializados; acceso a la salud en las escuelas; mejoras en la infraestructura para personas con discapacidad.<\/p>\n<p>&nbsp;<\/p>\n<p>&nbsp;<\/p>\n<p>&nbsp;<\/p>\n<p>Tambi\u00e9n, personal capacitado en instituciones p\u00fablicas y privadas; establecer estrategias para la no discriminaci\u00f3n; programas de ense\u00f1anza biling\u00fce; establecer el parlamento para las personas con discapacidad; el reconocimiento de la figura del interprete en la ley; promoci\u00f3n del autoempleo para personas con discapacidad; establecer convenios entre instituciones de educaci\u00f3n superior y las empresas; el respeto a los derechos ling\u00fc\u00edsticos para estudiantes ind\u00edgenas.<\/p>\n<p>&nbsp;<\/p>\n<p>&nbsp;<\/p>\n<p>&nbsp;<\/p>\n<p>Adem\u00e1s, la utilizaci\u00f3n de las herramientas tecnol\u00f3gicas para capacitaci\u00f3n y orientaci\u00f3n para conocer las discapacidades implementadas por las mismas personas con discapacidad; programas de concientizaci\u00f3n; el fortalecimiento de las unidades de psic\u00f3logos; fortalecimiento a la educaci\u00f3n inicial; entre otras propuestas que se presentaron por escrito.<\/p>\n<p>&nbsp;<\/p>\n<p>&nbsp;<\/p>\n<p>&nbsp;<\/p>\n<p>La legisladora record\u00f3 que cada una de las propuestas, comentarios y opiniones nutrir\u00e1n la iniciativa que realizar\u00e1 en conjunto con los integrantes de la comisi\u00f3n dictaminadora a efecto de legislar en materia de educaci\u00f3n inclusiva e ind\u00edgena.<\/p>\n<p>&nbsp;<\/p>\n<p>&nbsp;<\/p>\n<p>&nbsp;<\/p>\n<p>Las propuestas adem\u00e1s del micrositio en el portal del Congreso del Estado tambi\u00e9n se reciben en la Oficial\u00eda de Partes, que se ubica en Tehuantepec y Allende, Colonia Las Palmas, Hermosillo, Sonora, c\u00f3digo postal 83270, mismas que se pide ser\u00e1n dirigidas a la Comisi\u00f3n de Educaci\u00f3n y Cultura, o a trav\u00e9s del correo electr\u00f3nico: <a href=\"mailto:Beatriz.cota@congresoson.gob.mx\">Beatriz.cota@congresoson.gob.mx<\/a>.<\/p>\n<p><strong><em><u>Fecha de publicaci\u00f3n\u00a0 viernes 27\u00a0 de enero de 2023 con informaci\u00f3n de boletines<\/u><\/em><\/strong><\/p>\n<p>&nbsp;<\/p>\n<p>&nbsp;<\/p>\n","protected":false},"excerpt":{"rendered":"<p>HERMOSILLO, SONORA,MX.\u2500\u2500 Para conocer la opini\u00f3n y recibir propuestas con el prop\u00f3sito de reformar la&#8230;<\/p>\n","protected":false},"author":1,"featured_media":157685,"comment_status":"open","ping_status":"open","sticky":false,"template":"","format":"standard","meta":{"_monsterinsights_skip_tracking":false,"_monsterinsights_sitenote_active":false,"_monsterinsights_sitenote_note":"","_monsterinsights_sitenote_category":0,"footnotes":""},"categories":[3281],"tags":[1248,8127,15],"class_list":["post"],"yoast_head":" \n<title>Sonora en Equipo. Congreso realiza foro en materia de educaci\u00f3n inclusiva e ind\u00edgena Congreso<\/title>\n<meta name=\"description\" content=\"HERMOSILLO, SONORA,MX.\u2500\u2500 Para conocer la opini\u00f3n y recibir propuestas con el prop\u00f3sito de reformar la Ley de Educaci\u00f3n y la Ley para la Inclusi\u00f3n y En Sonora en Equipo publicamos toda la informaci\u00f3n de Sonora, M\u00e9xico y el Mundo de manera oportuna y busca que la libertad de expresi\u00f3n sea real. Visita nuestro medio informativo publicado desde Hermosillo, Sonora. %\" \/>\n<meta name=\"robots\" content=\"index, follow, max-snippet:-1, max-image-preview:large, max-video-preview:-1\" \/>\n<link rel=\"canonical\" href=\"https:\/\/www.sonoraenequipo.com.mx\/congreso-realiza-foro-en-materia-de-educacion-inclusiva-e-indigena\/\" \/>\n<meta property=\"og:locale\" content=\"es_ES\" \/>\n<meta property=\"og:type\" content=\"article\" \/>\n<meta property=\"og:title\" content=\"Sonora en Equipo. Congreso realiza foro en materia de educaci\u00f3n inclusiva e ind\u00edgena Congreso\" \/>\n<meta property=\"og:description\" content=\"HERMOSILLO, SONORA,MX.\u2500\u2500 Para conocer la opini\u00f3n y recibir propuestas con el prop\u00f3sito de reformar la Ley de Educaci\u00f3n y la Ley para la Inclusi\u00f3n y En Sonora en Equipo publicamos toda la informaci\u00f3n de Sonora, M\u00e9xico y el Mundo de manera oportuna y busca que la libertad de expresi\u00f3n sea real. Visita nuestro medio informativo publicado desde Hermosillo, Sonora. %\" \/>\n<meta property=\"og:url\" content=\"https:\/\/www.sonoraenequipo.com.mx\/congreso-realiza-foro-en-materia-de-educacion-inclusiva-e-indigena\/\" \/>\n<meta property=\"og:site_name\" content=\"Sonora en Equipo.\" \/>\n<meta property=\"article:publisher\" content=\"https:\/\/www.facebook.com\/SonoraEE\/\" \/>\n<meta property=\"article:author\" content=\"https:\/\/www.facebook.com\/SonoraEE\" \/>\n<meta property=\"article:published_time\" content=\"2023-01-27T21:44:01+00:00\" \/>\n<meta property=\"article:modified_time\" content=\"2023-01-28T01:25:54+00:00\" \/>\n<meta property=\"og:image\" content=\"https:\/\/www.sonoraenequipo.com.mx\/storage\/2023\/01\/foro-indigena-congreso.jpg\" \/>\n\t<meta property=\"og:image:width\" content=\"600\" \/>\n\t<meta property=\"og:image:height\" content=\"400\" \/>\n\t<meta property=\"og:image:type\" content=\"image\/jpeg\" \/>\n<meta name=\"author\" content=\"enequipo\" \/>\n<meta name=\"twitter:card\" content=\"summary_large_image\" \/>\n<meta name=\"twitter:creator\" content=\"@sonoraenequipo\" \/>\n<meta name=\"twitter:site\" content=\"@sonoraenequipo\" \/>\n<meta name=\"twitter:label1\" content=\"Escrito por\" \/>\n\t<meta name=\"twitter:data1\" content=\"enequipo\" \/>\n\t<meta name=\"twitter:label2\" content=\"Tiempo de lectura\" \/>\n\t<meta name=\"twitter:data2\" content=\"4 minutos\" \/>\n<script type=\"application\/ld+json\" class=\"yoast-schema-graph\">{\"@context\":\"https:\/\/schema.org\",\"@graph\":[{\"@type\":\"Article\",\"@id\":\"https:\/\/www.sonoraenequipo.com.mx\/congreso-realiza-foro-en-materia-de-educacion-inclusiva-e-indigena\/#article\",\"isPartOf\":{\"@id\":\"https:\/\/www.sonoraenequipo.com.mx\/congreso-realiza-foro-en-materia-de-educacion-inclusiva-e-indigena\/\"},\"author\":{\"name\":\"enequipo\",\"@id\":\"https:\/\/www.sonoraenequipo.com.mx\/#\/schema\/person\/50102df0fb23a8fa9e8effad8fa81386\"},\"headline\":\"Congreso realiza foro en materia de educaci\u00f3n inclusiva e ind\u00edgena\",\"datePublished\":\"2023-01-27T21:44:01+00:00\",\"dateModified\":\"2023-01-28T01:25:54+00:00\",\"mainEntityOfPage\":{\"@id\":\"https:\/\/www.sonoraenequipo.com.mx\/congreso-realiza-foro-en-materia-de-educacion-inclusiva-e-indigena\/\"},\"wordCount\":753,\"commentCount\":0,\"publisher\":{\"@id\":\"https:\/\/www.sonoraenequipo.com.mx\/#organization\"},\"image\":{\"@id\":\"https:\/\/www.sonoraenequipo.com.mx\/congreso-realiza-foro-en-materia-de-educacion-inclusiva-e-indigena\/#primaryimage\"},\"thumbnailUrl\":\"https:\/\/www.sonoraenequipo.com.mx\/storage\/2023\/01\/foro-indigena-congreso.jpg\",\"keywords\":[\"CONGRESO\",\"foro ind\u00edgena\",\"Sonora\"],\"articleSection\":[\"Congreso\"],\"inLanguage\":\"es\",\"potentialAction\":[{\"@type\":\"CommentAction\",\"name\":\"Comment\",\"target\":[\"https:\/\/www.sonoraenequipo.com.mx\/congreso-realiza-foro-en-materia-de-educacion-inclusiva-e-indigena\/#respond\"]}]},{\"@type\":\"WebPage\",\"@id\":\"https:\/\/www.sonoraenequipo.com.mx\/congreso-realiza-foro-en-materia-de-educacion-inclusiva-e-indigena\/\",\"url\":\"https:\/\/www.sonoraenequipo.com.mx\/congreso-realiza-foro-en-materia-de-educacion-inclusiva-e-indigena\/\",\"name\":\"Sonora en Equipo. Congreso realiza foro en materia de educaci\u00f3n inclusiva e ind\u00edgena Congreso\",\"isPartOf\":{\"@id\":\"https:\/\/www.sonoraenequipo.com.mx\/#website\"},\"primaryImageOfPage\":{\"@id\":\"https:\/\/www.sonoraenequipo.com.mx\/congreso-realiza-foro-en-materia-de-educacion-inclusiva-e-indigena\/#primaryimage\"},\"image\":{\"@id\":\"https:\/\/www.sonoraenequipo.com.mx\/congreso-realiza-foro-en-materia-de-educacion-inclusiva-e-indigena\/#primaryimage\"},\"thumbnailUrl\":\"https:\/\/www.sonoraenequipo.com.mx\/storage\/2023\/01\/foro-indigena-congreso.jpg\",\"datePublished\":\"2023-01-27T21:44:01+00:00\",\"dateModified\":\"2023-01-28T01:25:54+00:00\",\"description\":\"HERMOSILLO, SONORA,MX.\u2500\u2500 Para conocer la opini\u00f3n y recibir propuestas con el prop\u00f3sito de reformar la Ley de Educaci\u00f3n y la Ley para la Inclusi\u00f3n y En Sonora en Equipo publicamos toda la informaci\u00f3n de Sonora, M\u00e9xico y el Mundo de manera oportuna y busca que la libertad de expresi\u00f3n sea real. Visita nuestro medio informativo publicado desde Hermosillo, Sonora. %\",\"breadcrumb\":{\"@id\":\"https:\/\/www.sonoraenequipo.com.mx\/congreso-realiza-foro-en-materia-de-educacion-inclusiva-e-indigena\/#breadcrumb\"},\"inLanguage\":\"es\",\"potentialAction\":[{\"@type\":\"ReadAction\",\"target\":[\"https:\/\/www.sonoraenequipo.com.mx\/congreso-realiza-foro-en-materia-de-educacion-inclusiva-e-indigena\/\"]}]},{\"@type\":\"ImageObject\",\"inLanguage\":\"es\",\"@id\":\"https:\/\/www.sonoraenequipo.com.mx\/congreso-realiza-foro-en-materia-de-educacion-inclusiva-e-indigena\/#primaryimage\",\"url\":\"https:\/\/www.sonoraenequipo.com.mx\/storage\/2023\/01\/foro-indigena-congreso.jpg\",\"contentUrl\":\"https:\/\/www.sonoraenequipo.com.mx\/storage\/2023\/01\/foro-indigena-congreso.jpg\",\"width\":600,\"height\":400},{\"@type\":\"BreadcrumbList\",\"@id\":\"https:\/\/www.sonoraenequipo.com.mx\/congreso-realiza-foro-en-materia-de-educacion-inclusiva-e-indigena\/#breadcrumb\",\"itemListElement\":[{\"@type\":\"ListItem\",\"position\":1,\"name\":\"Portada\",\"item\":\"https:\/\/www.sonoraenequipo.com.mx\/\"},{\"@type\":\"ListItem\",\"position\":2,\"name\":\"Congreso realiza foro en materia de educaci\u00f3n inclusiva e ind\u00edgena\"}]},{\"@type\":\"WebSite\",\"@id\":\"https:\/\/www.sonoraenequipo.com.mx\/#website\",\"url\":\"https:\/\/www.sonoraenequipo.com.mx\/\",\"name\":\"Sonora en Equipo.\",\"description\":\"Diario en l\u00ednea con Noticias desde Hermosillo, Sonora\",\"publisher\":{\"@id\":\"https:\/\/www.sonoraenequipo.com.mx\/#organization\"},\"potentialAction\":[{\"@type\":\"SearchAction\",\"target\":{\"@type\":\"EntryPoint\",\"urlTemplate\":\"https:\/\/www.sonoraenequipo.com.mx\/?s={search_term_string}\"},\"query-input\":{\"@type\":\"PropertyValueSpecification\",\"valueRequired\":true,\"valueName\":\"search_term_string\"}}],\"inLanguage\":\"es\"},{\"@type\":\"Organization\",\"@id\":\"https:\/\/www.sonoraenequipo.com.mx\/#organization\",\"name\":\"Sonoraenequipo.com.mx\",\"url\":\"https:\/\/www.sonoraenequipo.com.mx\/\",\"logo\":{\"@type\":\"ImageObject\",\"inLanguage\":\"es\",\"@id\":\"https:\/\/www.sonoraenequipo.com.mx\/#\/schema\/logo\/image\/\",\"url\":\"https:\/\/www.sonoraenequipo.com.mx\/storage\/2019\/01\/sonoraenequipo_opt.png\",\"contentUrl\":\"https:\/\/www.sonoraenequipo.com.mx\/storage\/2019\/01\/sonoraenequipo_opt.png\",\"width\":375,\"height\":125,\"caption\":\"Sonoraenequipo.com.mx\"},\"image\":{\"@id\":\"https:\/\/www.sonoraenequipo.com.mx\/#\/schema\/logo\/image\/\"},\"sameAs\":[\"https:\/\/www.facebook.com\/SonoraEE\/\",\"https:\/\/x.com\/sonoraenequipo\",\"https:\/\/www.youtube.com\/channel\/UC338nW-lPEYmJQs4ZABQ1SQ\"]},{\"@type\":\"Person\",\"@id\":\"https:\/\/www.sonoraenequipo.com.mx\/#\/schema\/person\/50102df0fb23a8fa9e8effad8fa81386\",\"name\":\"enequipo\",\"image\":{\"@type\":\"ImageObject\",\"inLanguage\":\"es\",\"@id\":\"https:\/\/www.sonoraenequipo.com.mx\/#\/schema\/person\/image\/\",\"url\":\"https:\/\/secure.gravatar.com\/avatar\/049821681b589dabc0bc20695993ccebb09f5b5d4d790cd9251b97faac7c652b?s=96&d=blank&r=g\",\"contentUrl\":\"https:\/\/secure.gravatar.com\/avatar\/049821681b589dabc0bc20695993ccebb09f5b5d4d790cd9251b97faac7c652b?s=96&d=blank&r=g\",\"caption\":\"enequipo\"},\"sameAs\":[\"https:\/\/www.facebook.com\/SonoraEE\"]}]}<\/script>\n ","yoast_head_json":{"title":"Sonora en Equipo. Congreso realiza foro en materia de educaci\u00f3n inclusiva e ind\u00edgena Congreso","description":"HERMOSILLO, SONORA,MX.\u2500\u2500 Para conocer la opini\u00f3n y recibir propuestas con el prop\u00f3sito de reformar la Ley de Educaci\u00f3n y la Ley para la Inclusi\u00f3n y En Sonora en Equipo publicamos toda la informaci\u00f3n de Sonora, M\u00e9xico y el Mundo de manera oportuna y busca que la libertad de expresi\u00f3n sea real. Visita nuestro medio informativo publicado desde Hermosillo, Sonora. %","robots":{"index":"index","follow":"follow","max-snippet":"max-snippet:-1","max-image-preview":"max-image-preview:large","max-video-preview":"max-video-preview:-1"},"canonical":"https:\/\/www.sonoraenequipo.com.mx\/congreso-realiza-foro-en-materia-de-educacion-inclusiva-e-indigena\/","og_locale":"es_ES","og_type":"article","og_title":"Sonora en Equipo. Congreso realiza foro en materia de educaci\u00f3n inclusiva e ind\u00edgena Congreso","og_description":"HERMOSILLO, SONORA,MX.\u2500\u2500 Para conocer la opini\u00f3n y recibir propuestas con el prop\u00f3sito de reformar la Ley de Educaci\u00f3n y la Ley para la Inclusi\u00f3n y En Sonora en Equipo publicamos toda la informaci\u00f3n de Sonora, M\u00e9xico y el Mundo de manera oportuna y busca que la libertad de expresi\u00f3n sea real. Visita nuestro medio informativo publicado desde Hermosillo, Sonora. %","og_url":"https:\/\/www.sonoraenequipo.com.mx\/congreso-realiza-foro-en-materia-de-educacion-inclusiva-e-indigena\/","og_site_name":"Sonora en Equipo.","article_publisher":"https:\/\/www.facebook.com\/SonoraEE\/","article_author":"https:\/\/www.facebook.com\/SonoraEE","article_published_time":"2023-01-27T21:44:01+00:00","article_modified_time":"2023-01-28T01:25:54+00:00","og_image":[{"width":600,"height":400,"url":"https:\/\/www.sonoraenequipo.com.mx\/storage\/2023\/01\/foro-indigena-congreso.jpg","type":"image\/jpeg"}],"author":"enequipo","twitter_card":"summary_large_image","twitter_creator":"@sonoraenequipo","twitter_site":"@sonoraenequipo","twitter_misc":{"Escrito por":"enequipo","Tiempo de lectura":"4 minutos"},"schema":{"@context":"https:\/\/schema.org","@graph":[{"@type":"Article","@id":"https:\/\/www.sonoraenequipo.com.mx\/congreso-realiza-foro-en-materia-de-educacion-inclusiva-e-indigena\/#article","isPartOf":{"@id":"https:\/\/www.sonoraenequipo.com.mx\/congreso-realiza-foro-en-materia-de-educacion-inclusiva-e-indigena\/"},"author":{"name":"enequipo","@id":"https:\/\/www.sonoraenequipo.com.mx\/#\/schema\/person\/50102df0fb23a8fa9e8effad8fa81386"},"headline":"Congreso realiza foro en materia de educaci\u00f3n inclusiva e ind\u00edgena","datePublished":"2023-01-27T21:44:01+00:00","dateModified":"2023-01-28T01:25:54+00:00","mainEntityOfPage":{"@id":"https:\/\/www.sonoraenequipo.com.mx\/congreso-realiza-foro-en-materia-de-educacion-inclusiva-e-indigena\/"},"wordCount":753,"commentCount":0,"publisher":{"@id":"https:\/\/www.sonoraenequipo.com.mx\/#organization"},"image":{"@id":"https:\/\/www.sonoraenequipo.com.mx\/congreso-realiza-foro-en-materia-de-educacion-inclusiva-e-indigena\/#primaryimage"},"thumbnailUrl":"https:\/\/www.sonoraenequipo.com.mx\/storage\/2023\/01\/foro-indigena-congreso.jpg","keywords":["CONGRESO","foro ind\u00edgena","Sonora"],"articleSection":["Congreso"],"inLanguage":"es","potentialAction":[{"@type":"CommentAction","name":"Comment","target":["https:\/\/www.sonoraenequipo.com.mx\/congreso-realiza-foro-en-materia-de-educacion-inclusiva-e-indigena\/#respond"]}]},{"@type":"WebPage","@id":"https:\/\/www.sonoraenequipo.com.mx\/congreso-realiza-foro-en-materia-de-educacion-inclusiva-e-indigena\/","url":"https:\/\/www.sonoraenequipo.com.mx\/congreso-realiza-foro-en-materia-de-educacion-inclusiva-e-indigena\/","name":"Sonora en Equipo. Congreso realiza foro en materia de educaci\u00f3n inclusiva e ind\u00edgena Congreso","isPartOf":{"@id":"https:\/\/www.sonoraenequipo.com.mx\/#website"},"primaryImageOfPage":{"@id":"https:\/\/www.sonoraenequipo.com.mx\/congreso-realiza-foro-en-materia-de-educacion-inclusiva-e-indigena\/#primaryimage"},"image":{"@id":"https:\/\/www.sonoraenequipo.com.mx\/congreso-realiza-foro-en-materia-de-educacion-inclusiva-e-indigena\/#primaryimage"},"thumbnailUrl":"https:\/\/www.sonoraenequipo.com.mx\/storage\/2023\/01\/foro-indigena-congreso.jpg","datePublished":"2023-01-27T21:44:01+00:00","dateModified":"2023-01-28T01:25:54+00:00","description":"HERMOSILLO, SONORA,MX.\u2500\u2500 Para conocer la opini\u00f3n y recibir propuestas con el prop\u00f3sito de reformar la Ley de Educaci\u00f3n y la Ley para la Inclusi\u00f3n y En Sonora en Equipo publicamos toda la informaci\u00f3n de Sonora, M\u00e9xico y el Mundo de manera oportuna y busca que la libertad de expresi\u00f3n sea real. Visita nuestro medio informativo publicado desde Hermosillo, Sonora. %","breadcrumb":{"@id":"https:\/\/www.sonoraenequipo.com.mx\/congreso-realiza-foro-en-materia-de-educacion-inclusiva-e-indigena\/#breadcrumb"},"inLanguage":"es","potentialAction":[{"@type":"ReadAction","target":["https:\/\/www.sonoraenequipo.com.mx\/congreso-realiza-foro-en-materia-de-educacion-inclusiva-e-indigena\/"]}]},{"@type":"ImageObject","inLanguage":"es","@id":"https:\/\/www.sonoraenequipo.com.mx\/congreso-realiza-foro-en-materia-de-educacion-inclusiva-e-indigena\/#primaryimage","url":"https:\/\/www.sonoraenequipo.com.mx\/storage\/2023\/01\/foro-indigena-congreso.jpg","contentUrl":"https:\/\/www.sonoraenequipo.com.mx\/storage\/2023\/01\/foro-indigena-congreso.jpg","width":600,"height":400},{"@type":"BreadcrumbList","@id":"https:\/\/www.sonoraenequipo.com.mx\/congreso-realiza-foro-en-materia-de-educacion-inclusiva-e-indigena\/#breadcrumb","itemListElement":[{"@type":"ListItem","position":1,"name":"Portada","item":"https:\/\/www.sonoraenequipo.com.mx\/"},{"@type":"ListItem","position":2,"name":"Congreso realiza foro en materia de educaci\u00f3n inclusiva e ind\u00edgena"}]},{"@type":"WebSite","@id":"https:\/\/www.sonoraenequipo.com.mx\/#website","url":"https:\/\/www.sonoraenequipo.com.mx\/","name":"Sonora en Equipo.","description":"Diario en l\u00ednea con Noticias desde Hermosillo, Sonora","publisher":{"@id":"https:\/\/www.sonoraenequipo.com.mx\/#organization"},"potentialAction":[{"@type":"SearchAction","target":{"@type":"EntryPoint","urlTemplate":"https:\/\/www.sonoraenequipo.com.mx\/?s={search_term_string}"},"query-input":{"@type":"PropertyValueSpecification","valueRequired":true,"valueName":"search_term_string"}}],"inLanguage":"es"},{"@type":"Organization","@id":"https:\/\/www.sonoraenequipo.com.mx\/#organization","name":"Sonoraenequipo.com.mx","url":"https:\/\/www.sonoraenequipo.com.mx\/","logo":{"@type":"ImageObject","inLanguage":"es","@id":"https:\/\/www.sonoraenequipo.com.mx\/#\/schema\/logo\/image\/","url":"https:\/\/www.sonoraenequipo.com.mx\/storage\/2019\/01\/sonoraenequipo_opt.png","contentUrl":"https:\/\/www.sonoraenequipo.com.mx\/storage\/2019\/01\/sonoraenequipo_opt.png","width":375,"height":125,"caption":"Sonoraenequipo.com.mx"},"image":{"@id":"https:\/\/www.sonoraenequipo.com.mx\/#\/schema\/logo\/image\/"},"sameAs":["https:\/\/www.facebook.com\/SonoraEE\/","https:\/\/x.com\/sonoraenequipo","https:\/\/www.youtube.com\/channel\/UC338nW-lPEYmJQs4ZABQ1SQ"]},{"@type":"Person","@id":"https:\/\/www.sonoraenequipo.com.mx\/#\/schema\/person\/50102df0fb23a8fa9e8effad8fa81386","name":"enequipo","image":{"@type":"ImageObject","inLanguage":"es","@id":"https:\/\/www.sonoraenequipo.com.mx\/#\/schema\/person\/image\/","url":"https:\/\/secure.gravatar.com\/avatar\/049821681b589dabc0bc20695993ccebb09f5b5d4d790cd9251b97faac7c652b?s=96&d=blank&r=g","contentUrl":"https:\/\/secure.gravatar.com\/avatar\/049821681b589dabc0bc20695993ccebb09f5b5d4d790cd9251b97faac7c652b?s=96&d=blank&r=g","caption":"enequipo"},"sameAs":["https:\/\/www.facebook.com\/SonoraEE"]}]}},"jetpack_featured_media_url":"https:\/\/www.sonoraenequipo.com.mx\/storage\/2023\/01\/foro-indigena-congreso.jpg","_links":{"self":[{"href":"https:\/\/www.sonoraenequipo.com.mx\/api\/wp\/v2\/posts\/157684","targetHints":{"allow":["GET"]}}],"collection":[{"href":"https:\/\/www.sonoraenequipo.com.mx\/api\/wp\/v2\/posts"}],"about":[{"href":"https:\/\/www.sonoraenequipo.com.mx\/api\/wp\/v2\/types\/post"}],"author":[{"embeddable":true,"href":"https:\/\/www.sonoraenequipo.com.mx\/api\/wp\/v2\/users\/1"}],"replies":[{"embeddable":true,"href":"https:\/\/www.sonoraenequipo.com.mx\/api\/wp\/v2\/comments?post=157684"}],"version-history":[{"count":1,"href":"https:\/\/www.sonoraenequipo.com.mx\/api\/wp\/v2\/posts\/157684\/revisions"}],"predecessor-version":[{"id":157686,"href":"https:\/\/www.sonoraenequipo.com.mx\/api\/wp\/v2\/posts\/157684\/revisions\/157686"}],"wp:featuredmedia":[{"embeddable":true,"href":"https:\/\/www.sonoraenequipo.com.mx\/api\/wp\/v2\/media\/157685"}],"wp:attachment":[{"href":"https:\/\/www.sonoraenequipo.com.mx\/api\/wp\/v2\/media?parent=157684"}],"wp:term":[{"taxonomy":"category","embeddable":true,"href":"https:\/\/www.sonoraenequipo.com.mx\/api\/wp\/v2\/categories?post=157684"},{"taxonomy":"post_tag","embeddable":true,"href":"https:\/\/www.sonoraenequipo.com.mx\/api\/wp\/v2\/tags?post=157684"}],"curies":[{"name":"wp","href":"https:\/\/api.w.org\/{rel}","templated":true}]}}