{"id":157690,"date":"2023-01-27T15:59:40","date_gmt":"2023-01-27T22:59:40","guid":{"rendered":"https:\/\/www.sonoraenequipo.com.mx\/?p=157690"},"modified":"2023-01-27T15:59:40","modified_gmt":"2023-01-27T22:59:40","slug":"preescolares-en-hermosillo-recibiran-uniforme-deportivo-el-proximo-lunes-sec","status":"publish","type":"post","link":"https:\/\/www.sonoraenequipo.com.mx\/preescolares-en-hermosillo-recibiran-uniforme-deportivo-el-proximo-lunes-sec\/","title":{"rendered":"Preescolares \u00a0en Hermosillo recibir\u00e1n uniforme deportivo el pr\u00f3ximo lunes: SEC"},"content":{"rendered":"<p>\u25baTambi\u00e9n se convocar\u00e1 a estudiantes de secundaria en Etchojoa, Huatabampo y Benito Ju\u00e1rez<\/p>\n<p>&nbsp;<\/p>\n<p>&nbsp;<\/p>\n<p><strong>HERMOSILLO, SONORA,MX.<\/strong><strong>\u2500\u2500<\/strong> Del lunes 30 de enero al domingo 19 de febrero, se entregar\u00e1n los paquetes de uniforme escolar deportivo, por orden alfab\u00e9tico, \u00fanicamente al alumnado de preescolar en Hermosillo, mientras que en Etchojoa, Huatabampo y Benito Ju\u00e1rez se distribuir\u00e1 \u00fanicamente a estudiantes de secundaria del lunes 30 de enero al domingo 5 de febrero, anunci\u00f3 Samuel Espinosa Guill\u00e9n.<\/p>\n<p>&nbsp;<\/p>\n<p>&nbsp;<\/p>\n<p>&nbsp;<\/p>\n<p>El subsecretario de Planeaci\u00f3n y Administraci\u00f3n de la Secretar\u00eda de Educaci\u00f3n y Cultura (SEC) indic\u00f3 que este domingo 29 de enero concluir\u00e1 la distribuci\u00f3n de dicho apoyo en Navojoa, que actualmente se entrega al alumnado de todos los niveles.<\/p>\n<p>&nbsp;<\/p>\n<p>&nbsp;<\/p>\n<p>&nbsp;<\/p>\n<p>Enfatiz\u00f3 que, con base a la programaci\u00f3n acordada con la C\u00e1mara Nacional de Comercio, Servicios y Turismo (Canaco Servytur) en Hermosillo, se determin\u00f3 avanzar de dicha manera en las localidades mencionadas.<\/p>\n<p>&nbsp;<\/p>\n<p>&nbsp;<\/p>\n<p>&nbsp;<\/p>\n<p>Detall\u00f3 que en Hermosillo, padres y madres de familia, as\u00ed como tutores, podr\u00e1n acudir a las 12 sedes ya establecidas, donde ser\u00e1n atendidos adecuadamente por los comerciantes organizados y servidores p\u00fablicos de la SEC que colaboran en acciones de atenci\u00f3n de incidencias e informaci\u00f3n.<\/p>\n<p>&nbsp;<\/p>\n<p>&nbsp;<\/p>\n<p>&nbsp;<\/p>\n<p>El funcionario estatal subray\u00f3 que las fechas y per\u00edodos de distribuci\u00f3n para primaria en Hermosillo, as\u00ed como para el resto de los municipios de Sonora, se dar\u00e1n a conocer oportunamente en el portal www.sec.gob.mx\/uniformes y en las redes sociales oficiales de la dependencia.<\/p>\n<p>&nbsp;<\/p>\n<p>&nbsp;<\/p>\n<p>&nbsp;<\/p>\n<p>Asimismo, reiter\u00f3 llamado a la ciudadan\u00eda a respetar las medidas implementadas por la dependencia en coordinaci\u00f3n con Canaco Servytur, para brindar un mejor servicio, m\u00e1s sensible y de calidad a los beneficiarios.<\/p>\n<p>&nbsp;<\/p>\n<p>&nbsp;<\/p>\n<p>&nbsp;<\/p>\n<p>Manifest\u00f3 que desde el inicio del proceso se han realizado mejoras al mismo, como la implementaci\u00f3n de un cronograma de atenci\u00f3n por orden alfab\u00e9tico, para que la distribuci\u00f3n avance con fluidez y no sea necesario hacer largas filas o llegar a las sedes antes de que abran al p\u00fablico.<\/p>\n<p>&nbsp;<\/p>\n<p>&nbsp;<\/p>\n<p>&nbsp;<\/p>\n<p>Espinosa Guill\u00e9n precis\u00f3 que, en Hermosillo, m\u00e1s del 73 porciento del alumnado ha recibido el apoyo mientras que en la entidad el n\u00famero de beneficiarios supera los 134 mil ni\u00f1as, ni\u00f1os y adolescentes.<\/p>\n<p><strong><em><u>Fecha de publicaci\u00f3n\u00a0 viernes 27\u00a0 de enero de 2023 con informaci\u00f3n de boletines<\/u><\/em><\/strong><\/p>\n<p>&nbsp;<\/p>\n","protected":false},"excerpt":{"rendered":"<p>\u25baTambi\u00e9n se convocar\u00e1 a estudiantes de secundaria en Etchojoa, Huatabampo y Benito Ju\u00e1rez &nbsp; &nbsp;&#8230;<\/p>\n","protected":false},"author":1,"featured_media":156713,"comment_status":"open","ping_status":"open","sticky":false,"template":"","format":"standard","meta":{"_monsterinsights_skip_tracking":false,"_monsterinsights_sitenote_active":false,"_monsterinsights_sitenote_note":"","_monsterinsights_sitenote_category":0,"footnotes":""},"categories":[22],"tags":[],"class_list":["post"],"yoast_head":" \n<title>Sonora en Equipo. Preescolares \u00a0en Hermosillo recibir\u00e1n uniforme deportivo el pr\u00f3ximo lunes: SEC Sonora<\/title>\n<meta name=\"description\" content=\"\u25baTambi\u00e9n se convocar\u00e1 a estudiantes de secundaria en Etchojoa, Huatabampo y Benito Ju\u00e1rez &nbsp; &nbsp; HERMOSILLO, SONORA,MX.\u2500\u2500 Del lunes 30 de enero al En Sonora en Equipo publicamos toda la informaci\u00f3n de Sonora, M\u00e9xico y el Mundo de manera oportuna y busca que la libertad de expresi\u00f3n sea real. Visita nuestro medio informativo publicado desde Hermosillo, Sonora. %\" \/>\n<meta name=\"robots\" content=\"index, follow, max-snippet:-1, max-image-preview:large, max-video-preview:-1\" \/>\n<link rel=\"canonical\" href=\"https:\/\/www.sonoraenequipo.com.mx\/preescolares-en-hermosillo-recibiran-uniforme-deportivo-el-proximo-lunes-sec\/\" \/>\n<meta property=\"og:locale\" content=\"es_ES\" \/>\n<meta property=\"og:type\" content=\"article\" \/>\n<meta property=\"og:title\" content=\"Sonora en Equipo. Preescolares \u00a0en Hermosillo recibir\u00e1n uniforme deportivo el pr\u00f3ximo lunes: SEC Sonora\" \/>\n<meta property=\"og:description\" content=\"\u25baTambi\u00e9n se convocar\u00e1 a estudiantes de secundaria en Etchojoa, Huatabampo y Benito Ju\u00e1rez &nbsp; &nbsp; HERMOSILLO, SONORA,MX.\u2500\u2500 Del lunes 30 de enero al En Sonora en Equipo publicamos toda la informaci\u00f3n de Sonora, M\u00e9xico y el Mundo de manera oportuna y busca que la libertad de expresi\u00f3n sea real. Visita nuestro medio informativo publicado desde Hermosillo, Sonora. %\" \/>\n<meta property=\"og:url\" content=\"https:\/\/www.sonoraenequipo.com.mx\/preescolares-en-hermosillo-recibiran-uniforme-deportivo-el-proximo-lunes-sec\/\" \/>\n<meta property=\"og:site_name\" content=\"Sonora en Equipo.\" \/>\n<meta property=\"article:publisher\" content=\"https:\/\/www.facebook.com\/SonoraEE\/\" \/>\n<meta property=\"article:author\" content=\"https:\/\/www.facebook.com\/SonoraEE\" \/>\n<meta property=\"article:published_time\" content=\"2023-01-27T22:59:40+00:00\" \/>\n<meta property=\"og:image\" content=\"https:\/\/www.sonoraenequipo.com.mx\/storage\/2023\/01\/entrega-de-uniformes-en-sonora.jpg\" \/>\n\t<meta property=\"og:image:width\" content=\"900\" \/>\n\t<meta property=\"og:image:height\" content=\"540\" \/>\n\t<meta property=\"og:image:type\" content=\"image\/jpeg\" \/>\n<meta name=\"author\" content=\"enequipo\" \/>\n<meta name=\"twitter:card\" content=\"summary_large_image\" \/>\n<meta name=\"twitter:creator\" content=\"@sonoraenequipo\" \/>\n<meta name=\"twitter:site\" content=\"@sonoraenequipo\" \/>\n<meta name=\"twitter:label1\" content=\"Escrito por\" \/>\n\t<meta name=\"twitter:data1\" content=\"enequipo\" \/>\n\t<meta name=\"twitter:label2\" content=\"Tiempo de lectura\" \/>\n\t<meta name=\"twitter:data2\" content=\"2 minutos\" \/>\n<script type=\"application\/ld+json\" class=\"yoast-schema-graph\">{\"@context\":\"https:\/\/schema.org\",\"@graph\":[{\"@type\":\"Article\",\"@id\":\"https:\/\/www.sonoraenequipo.com.mx\/preescolares-en-hermosillo-recibiran-uniforme-deportivo-el-proximo-lunes-sec\/#article\",\"isPartOf\":{\"@id\":\"https:\/\/www.sonoraenequipo.com.mx\/preescolares-en-hermosillo-recibiran-uniforme-deportivo-el-proximo-lunes-sec\/\"},\"author\":{\"name\":\"enequipo\",\"@id\":\"https:\/\/www.sonoraenequipo.com.mx\/#\/schema\/person\/50102df0fb23a8fa9e8effad8fa81386\"},\"headline\":\"Preescolares \u00a0en Hermosillo recibir\u00e1n uniforme deportivo el pr\u00f3ximo lunes: SEC\",\"datePublished\":\"2023-01-27T22:59:40+00:00\",\"mainEntityOfPage\":{\"@id\":\"https:\/\/www.sonoraenequipo.com.mx\/preescolares-en-hermosillo-recibiran-uniforme-deportivo-el-proximo-lunes-sec\/\"},\"wordCount\":423,\"commentCount\":0,\"publisher\":{\"@id\":\"https:\/\/www.sonoraenequipo.com.mx\/#organization\"},\"image\":{\"@id\":\"https:\/\/www.sonoraenequipo.com.mx\/preescolares-en-hermosillo-recibiran-uniforme-deportivo-el-proximo-lunes-sec\/#primaryimage\"},\"thumbnailUrl\":\"https:\/\/www.sonoraenequipo.com.mx\/storage\/2023\/01\/entrega-de-uniformes-en-sonora.jpg\",\"articleSection\":[\"Sonora\"],\"inLanguage\":\"es\",\"potentialAction\":[{\"@type\":\"CommentAction\",\"name\":\"Comment\",\"target\":[\"https:\/\/www.sonoraenequipo.com.mx\/preescolares-en-hermosillo-recibiran-uniforme-deportivo-el-proximo-lunes-sec\/#respond\"]}]},{\"@type\":\"WebPage\",\"@id\":\"https:\/\/www.sonoraenequipo.com.mx\/preescolares-en-hermosillo-recibiran-uniforme-deportivo-el-proximo-lunes-sec\/\",\"url\":\"https:\/\/www.sonoraenequipo.com.mx\/preescolares-en-hermosillo-recibiran-uniforme-deportivo-el-proximo-lunes-sec\/\",\"name\":\"Sonora en Equipo. Preescolares \u00a0en Hermosillo recibir\u00e1n uniforme deportivo el pr\u00f3ximo lunes: SEC Sonora\",\"isPartOf\":{\"@id\":\"https:\/\/www.sonoraenequipo.com.mx\/#website\"},\"primaryImageOfPage\":{\"@id\":\"https:\/\/www.sonoraenequipo.com.mx\/preescolares-en-hermosillo-recibiran-uniforme-deportivo-el-proximo-lunes-sec\/#primaryimage\"},\"image\":{\"@id\":\"https:\/\/www.sonoraenequipo.com.mx\/preescolares-en-hermosillo-recibiran-uniforme-deportivo-el-proximo-lunes-sec\/#primaryimage\"},\"thumbnailUrl\":\"https:\/\/www.sonoraenequipo.com.mx\/storage\/2023\/01\/entrega-de-uniformes-en-sonora.jpg\",\"datePublished\":\"2023-01-27T22:59:40+00:00\",\"description\":\"\u25baTambi\u00e9n se convocar\u00e1 a estudiantes de secundaria en Etchojoa, Huatabampo y Benito Ju\u00e1rez &nbsp; &nbsp; HERMOSILLO, SONORA,MX.\u2500\u2500 Del lunes 30 de enero al En Sonora en Equipo publicamos toda la informaci\u00f3n de Sonora, M\u00e9xico y el Mundo de manera oportuna y busca que la libertad de expresi\u00f3n sea real. Visita nuestro medio informativo publicado desde Hermosillo, Sonora. %\",\"breadcrumb\":{\"@id\":\"https:\/\/www.sonoraenequipo.com.mx\/preescolares-en-hermosillo-recibiran-uniforme-deportivo-el-proximo-lunes-sec\/#breadcrumb\"},\"inLanguage\":\"es\",\"potentialAction\":[{\"@type\":\"ReadAction\",\"target\":[\"https:\/\/www.sonoraenequipo.com.mx\/preescolares-en-hermosillo-recibiran-uniforme-deportivo-el-proximo-lunes-sec\/\"]}]},{\"@type\":\"ImageObject\",\"inLanguage\":\"es\",\"@id\":\"https:\/\/www.sonoraenequipo.com.mx\/preescolares-en-hermosillo-recibiran-uniforme-deportivo-el-proximo-lunes-sec\/#primaryimage\",\"url\":\"https:\/\/www.sonoraenequipo.com.mx\/storage\/2023\/01\/entrega-de-uniformes-en-sonora.jpg\",\"contentUrl\":\"https:\/\/www.sonoraenequipo.com.mx\/storage\/2023\/01\/entrega-de-uniformes-en-sonora.jpg\",\"width\":900,\"height\":540},{\"@type\":\"BreadcrumbList\",\"@id\":\"https:\/\/www.sonoraenequipo.com.mx\/preescolares-en-hermosillo-recibiran-uniforme-deportivo-el-proximo-lunes-sec\/#breadcrumb\",\"itemListElement\":[{\"@type\":\"ListItem\",\"position\":1,\"name\":\"Portada\",\"item\":\"https:\/\/www.sonoraenequipo.com.mx\/\"},{\"@type\":\"ListItem\",\"position\":2,\"name\":\"Preescolares \u00a0en Hermosillo recibir\u00e1n uniforme deportivo el pr\u00f3ximo lunes: SEC\"}]},{\"@type\":\"WebSite\",\"@id\":\"https:\/\/www.sonoraenequipo.com.mx\/#website\",\"url\":\"https:\/\/www.sonoraenequipo.com.mx\/\",\"name\":\"Sonora en Equipo.\",\"description\":\"Diario en l\u00ednea con Noticias desde Hermosillo, Sonora\",\"publisher\":{\"@id\":\"https:\/\/www.sonoraenequipo.com.mx\/#organization\"},\"potentialAction\":[{\"@type\":\"SearchAction\",\"target\":{\"@type\":\"EntryPoint\",\"urlTemplate\":\"https:\/\/www.sonoraenequipo.com.mx\/?s={search_term_string}\"},\"query-input\":{\"@type\":\"PropertyValueSpecification\",\"valueRequired\":true,\"valueName\":\"search_term_string\"}}],\"inLanguage\":\"es\"},{\"@type\":\"Organization\",\"@id\":\"https:\/\/www.sonoraenequipo.com.mx\/#organization\",\"name\":\"Sonoraenequipo.com.mx\",\"url\":\"https:\/\/www.sonoraenequipo.com.mx\/\",\"logo\":{\"@type\":\"ImageObject\",\"inLanguage\":\"es\",\"@id\":\"https:\/\/www.sonoraenequipo.com.mx\/#\/schema\/logo\/image\/\",\"url\":\"https:\/\/www.sonoraenequipo.com.mx\/storage\/2019\/01\/sonoraenequipo_opt.png\",\"contentUrl\":\"https:\/\/www.sonoraenequipo.com.mx\/storage\/2019\/01\/sonoraenequipo_opt.png\",\"width\":375,\"height\":125,\"caption\":\"Sonoraenequipo.com.mx\"},\"image\":{\"@id\":\"https:\/\/www.sonoraenequipo.com.mx\/#\/schema\/logo\/image\/\"},\"sameAs\":[\"https:\/\/www.facebook.com\/SonoraEE\/\",\"https:\/\/x.com\/sonoraenequipo\",\"https:\/\/www.youtube.com\/channel\/UC338nW-lPEYmJQs4ZABQ1SQ\"]},{\"@type\":\"Person\",\"@id\":\"https:\/\/www.sonoraenequipo.com.mx\/#\/schema\/person\/50102df0fb23a8fa9e8effad8fa81386\",\"name\":\"enequipo\",\"image\":{\"@type\":\"ImageObject\",\"inLanguage\":\"es\",\"@id\":\"https:\/\/www.sonoraenequipo.com.mx\/#\/schema\/person\/image\/\",\"url\":\"https:\/\/secure.gravatar.com\/avatar\/049821681b589dabc0bc20695993ccebb09f5b5d4d790cd9251b97faac7c652b?s=96&d=blank&r=g\",\"contentUrl\":\"https:\/\/secure.gravatar.com\/avatar\/049821681b589dabc0bc20695993ccebb09f5b5d4d790cd9251b97faac7c652b?s=96&d=blank&r=g\",\"caption\":\"enequipo\"},\"sameAs\":[\"https:\/\/www.facebook.com\/SonoraEE\"]}]}<\/script>\n ","yoast_head_json":{"title":"Sonora en Equipo. Preescolares \u00a0en Hermosillo recibir\u00e1n uniforme deportivo el pr\u00f3ximo lunes: SEC Sonora","description":"\u25baTambi\u00e9n se convocar\u00e1 a estudiantes de secundaria en Etchojoa, Huatabampo y Benito Ju\u00e1rez &nbsp; &nbsp; HERMOSILLO, SONORA,MX.\u2500\u2500 Del lunes 30 de enero al En Sonora en Equipo publicamos toda la informaci\u00f3n de Sonora, M\u00e9xico y el Mundo de manera oportuna y busca que la libertad de expresi\u00f3n sea real. Visita nuestro medio informativo publicado desde Hermosillo, Sonora. %","robots":{"index":"index","follow":"follow","max-snippet":"max-snippet:-1","max-image-preview":"max-image-preview:large","max-video-preview":"max-video-preview:-1"},"canonical":"https:\/\/www.sonoraenequipo.com.mx\/preescolares-en-hermosillo-recibiran-uniforme-deportivo-el-proximo-lunes-sec\/","og_locale":"es_ES","og_type":"article","og_title":"Sonora en Equipo. Preescolares \u00a0en Hermosillo recibir\u00e1n uniforme deportivo el pr\u00f3ximo lunes: SEC Sonora","og_description":"\u25baTambi\u00e9n se convocar\u00e1 a estudiantes de secundaria en Etchojoa, Huatabampo y Benito Ju\u00e1rez &nbsp; &nbsp; HERMOSILLO, SONORA,MX.\u2500\u2500 Del lunes 30 de enero al En Sonora en Equipo publicamos toda la informaci\u00f3n de Sonora, M\u00e9xico y el Mundo de manera oportuna y busca que la libertad de expresi\u00f3n sea real. Visita nuestro medio informativo publicado desde Hermosillo, Sonora. %","og_url":"https:\/\/www.sonoraenequipo.com.mx\/preescolares-en-hermosillo-recibiran-uniforme-deportivo-el-proximo-lunes-sec\/","og_site_name":"Sonora en Equipo.","article_publisher":"https:\/\/www.facebook.com\/SonoraEE\/","article_author":"https:\/\/www.facebook.com\/SonoraEE","article_published_time":"2023-01-27T22:59:40+00:00","og_image":[{"width":900,"height":540,"url":"https:\/\/www.sonoraenequipo.com.mx\/storage\/2023\/01\/entrega-de-uniformes-en-sonora.jpg","type":"image\/jpeg"}],"author":"enequipo","twitter_card":"summary_large_image","twitter_creator":"@sonoraenequipo","twitter_site":"@sonoraenequipo","twitter_misc":{"Escrito por":"enequipo","Tiempo de lectura":"2 minutos"},"schema":{"@context":"https:\/\/schema.org","@graph":[{"@type":"Article","@id":"https:\/\/www.sonoraenequipo.com.mx\/preescolares-en-hermosillo-recibiran-uniforme-deportivo-el-proximo-lunes-sec\/#article","isPartOf":{"@id":"https:\/\/www.sonoraenequipo.com.mx\/preescolares-en-hermosillo-recibiran-uniforme-deportivo-el-proximo-lunes-sec\/"},"author":{"name":"enequipo","@id":"https:\/\/www.sonoraenequipo.com.mx\/#\/schema\/person\/50102df0fb23a8fa9e8effad8fa81386"},"headline":"Preescolares \u00a0en Hermosillo recibir\u00e1n uniforme deportivo el pr\u00f3ximo lunes: SEC","datePublished":"2023-01-27T22:59:40+00:00","mainEntityOfPage":{"@id":"https:\/\/www.sonoraenequipo.com.mx\/preescolares-en-hermosillo-recibiran-uniforme-deportivo-el-proximo-lunes-sec\/"},"wordCount":423,"commentCount":0,"publisher":{"@id":"https:\/\/www.sonoraenequipo.com.mx\/#organization"},"image":{"@id":"https:\/\/www.sonoraenequipo.com.mx\/preescolares-en-hermosillo-recibiran-uniforme-deportivo-el-proximo-lunes-sec\/#primaryimage"},"thumbnailUrl":"https:\/\/www.sonoraenequipo.com.mx\/storage\/2023\/01\/entrega-de-uniformes-en-sonora.jpg","articleSection":["Sonora"],"inLanguage":"es","potentialAction":[{"@type":"CommentAction","name":"Comment","target":["https:\/\/www.sonoraenequipo.com.mx\/preescolares-en-hermosillo-recibiran-uniforme-deportivo-el-proximo-lunes-sec\/#respond"]}]},{"@type":"WebPage","@id":"https:\/\/www.sonoraenequipo.com.mx\/preescolares-en-hermosillo-recibiran-uniforme-deportivo-el-proximo-lunes-sec\/","url":"https:\/\/www.sonoraenequipo.com.mx\/preescolares-en-hermosillo-recibiran-uniforme-deportivo-el-proximo-lunes-sec\/","name":"Sonora en Equipo. Preescolares \u00a0en Hermosillo recibir\u00e1n uniforme deportivo el pr\u00f3ximo lunes: SEC Sonora","isPartOf":{"@id":"https:\/\/www.sonoraenequipo.com.mx\/#website"},"primaryImageOfPage":{"@id":"https:\/\/www.sonoraenequipo.com.mx\/preescolares-en-hermosillo-recibiran-uniforme-deportivo-el-proximo-lunes-sec\/#primaryimage"},"image":{"@id":"https:\/\/www.sonoraenequipo.com.mx\/preescolares-en-hermosillo-recibiran-uniforme-deportivo-el-proximo-lunes-sec\/#primaryimage"},"thumbnailUrl":"https:\/\/www.sonoraenequipo.com.mx\/storage\/2023\/01\/entrega-de-uniformes-en-sonora.jpg","datePublished":"2023-01-27T22:59:40+00:00","description":"\u25baTambi\u00e9n se convocar\u00e1 a estudiantes de secundaria en Etchojoa, Huatabampo y Benito Ju\u00e1rez &nbsp; &nbsp; HERMOSILLO, SONORA,MX.\u2500\u2500 Del lunes 30 de enero al En Sonora en Equipo publicamos toda la informaci\u00f3n de Sonora, M\u00e9xico y el Mundo de manera oportuna y busca que la libertad de expresi\u00f3n sea real. Visita nuestro medio informativo publicado desde Hermosillo, Sonora. %","breadcrumb":{"@id":"https:\/\/www.sonoraenequipo.com.mx\/preescolares-en-hermosillo-recibiran-uniforme-deportivo-el-proximo-lunes-sec\/#breadcrumb"},"inLanguage":"es","potentialAction":[{"@type":"ReadAction","target":["https:\/\/www.sonoraenequipo.com.mx\/preescolares-en-hermosillo-recibiran-uniforme-deportivo-el-proximo-lunes-sec\/"]}]},{"@type":"ImageObject","inLanguage":"es","@id":"https:\/\/www.sonoraenequipo.com.mx\/preescolares-en-hermosillo-recibiran-uniforme-deportivo-el-proximo-lunes-sec\/#primaryimage","url":"https:\/\/www.sonoraenequipo.com.mx\/storage\/2023\/01\/entrega-de-uniformes-en-sonora.jpg","contentUrl":"https:\/\/www.sonoraenequipo.com.mx\/storage\/2023\/01\/entrega-de-uniformes-en-sonora.jpg","width":900,"height":540},{"@type":"BreadcrumbList","@id":"https:\/\/www.sonoraenequipo.com.mx\/preescolares-en-hermosillo-recibiran-uniforme-deportivo-el-proximo-lunes-sec\/#breadcrumb","itemListElement":[{"@type":"ListItem","position":1,"name":"Portada","item":"https:\/\/www.sonoraenequipo.com.mx\/"},{"@type":"ListItem","position":2,"name":"Preescolares \u00a0en Hermosillo recibir\u00e1n uniforme deportivo el pr\u00f3ximo lunes: SEC"}]},{"@type":"WebSite","@id":"https:\/\/www.sonoraenequipo.com.mx\/#website","url":"https:\/\/www.sonoraenequipo.com.mx\/","name":"Sonora en Equipo.","description":"Diario en l\u00ednea con Noticias desde Hermosillo, Sonora","publisher":{"@id":"https:\/\/www.sonoraenequipo.com.mx\/#organization"},"potentialAction":[{"@type":"SearchAction","target":{"@type":"EntryPoint","urlTemplate":"https:\/\/www.sonoraenequipo.com.mx\/?s={search_term_string}"},"query-input":{"@type":"PropertyValueSpecification","valueRequired":true,"valueName":"search_term_string"}}],"inLanguage":"es"},{"@type":"Organization","@id":"https:\/\/www.sonoraenequipo.com.mx\/#organization","name":"Sonoraenequipo.com.mx","url":"https:\/\/www.sonoraenequipo.com.mx\/","logo":{"@type":"ImageObject","inLanguage":"es","@id":"https:\/\/www.sonoraenequipo.com.mx\/#\/schema\/logo\/image\/","url":"https:\/\/www.sonoraenequipo.com.mx\/storage\/2019\/01\/sonoraenequipo_opt.png","contentUrl":"https:\/\/www.sonoraenequipo.com.mx\/storage\/2019\/01\/sonoraenequipo_opt.png","width":375,"height":125,"caption":"Sonoraenequipo.com.mx"},"image":{"@id":"https:\/\/www.sonoraenequipo.com.mx\/#\/schema\/logo\/image\/"},"sameAs":["https:\/\/www.facebook.com\/SonoraEE\/","https:\/\/x.com\/sonoraenequipo","https:\/\/www.youtube.com\/channel\/UC338nW-lPEYmJQs4ZABQ1SQ"]},{"@type":"Person","@id":"https:\/\/www.sonoraenequipo.com.mx\/#\/schema\/person\/50102df0fb23a8fa9e8effad8fa81386","name":"enequipo","image":{"@type":"ImageObject","inLanguage":"es","@id":"https:\/\/www.sonoraenequipo.com.mx\/#\/schema\/person\/image\/","url":"https:\/\/secure.gravatar.com\/avatar\/049821681b589dabc0bc20695993ccebb09f5b5d4d790cd9251b97faac7c652b?s=96&d=blank&r=g","contentUrl":"https:\/\/secure.gravatar.com\/avatar\/049821681b589dabc0bc20695993ccebb09f5b5d4d790cd9251b97faac7c652b?s=96&d=blank&r=g","caption":"enequipo"},"sameAs":["https:\/\/www.facebook.com\/SonoraEE"]}]}},"jetpack_featured_media_url":"https:\/\/www.sonoraenequipo.com.mx\/storage\/2023\/01\/entrega-de-uniformes-en-sonora.jpg","_links":{"self":[{"href":"https:\/\/www.sonoraenequipo.com.mx\/api\/wp\/v2\/posts\/157690","targetHints":{"allow":["GET"]}}],"collection":[{"href":"https:\/\/www.sonoraenequipo.com.mx\/api\/wp\/v2\/posts"}],"about":[{"href":"https:\/\/www.sonoraenequipo.com.mx\/api\/wp\/v2\/types\/post"}],"author":[{"embeddable":true,"href":"https:\/\/www.sonoraenequipo.com.mx\/api\/wp\/v2\/users\/1"}],"replies":[{"embeddable":true,"href":"https:\/\/www.sonoraenequipo.com.mx\/api\/wp\/v2\/comments?post=157690"}],"version-history":[{"count":1,"href":"https:\/\/www.sonoraenequipo.com.mx\/api\/wp\/v2\/posts\/157690\/revisions"}],"predecessor-version":[{"id":157691,"href":"https:\/\/www.sonoraenequipo.com.mx\/api\/wp\/v2\/posts\/157690\/revisions\/157691"}],"wp:featuredmedia":[{"embeddable":true,"href":"https:\/\/www.sonoraenequipo.com.mx\/api\/wp\/v2\/media\/156713"}],"wp:attachment":[{"href":"https:\/\/www.sonoraenequipo.com.mx\/api\/wp\/v2\/media?parent=157690"}],"wp:term":[{"taxonomy":"category","embeddable":true,"href":"https:\/\/www.sonoraenequipo.com.mx\/api\/wp\/v2\/categories?post=157690"},{"taxonomy":"post_tag","embeddable":true,"href":"https:\/\/www.sonoraenequipo.com.mx\/api\/wp\/v2\/tags?post=157690"}],"curies":[{"name":"wp","href":"https:\/\/api.w.org\/{rel}","templated":true}]}}