{"id":157692,"date":"2023-01-27T16:12:53","date_gmt":"2023-01-27T23:12:53","guid":{"rendered":"https:\/\/www.sonoraenequipo.com.mx\/?p=157692"},"modified":"2023-01-27T16:12:53","modified_gmt":"2023-01-27T23:12:53","slug":"recupera-pesp-vehiculo-robado-y-arma-de-fuego-en-guaymas","status":"publish","type":"post","link":"https:\/\/www.sonoraenequipo.com.mx\/recupera-pesp-vehiculo-robado-y-arma-de-fuego-en-guaymas\/","title":{"rendered":"Recupera PESP veh\u00edculo robado y arma de fuego en Guaymas"},"content":{"rendered":"<p><strong>GUAYMAS, SONORA,MX.<\/strong><strong>\u2500\u2500<\/strong> Durante operativos de vigilancia en la regi\u00f3n de Guaymas, la Polic\u00eda Estatal de Seguridad P\u00fablica (PESP) realiz\u00f3 el aseguramiento de un veh\u00edculo robado, arma de fuego y cartuchos.<\/p>\n<p>&nbsp;<\/p>\n<p>En patrullajes para la atenci\u00f3n de denuncias ciudadanas, la noche del mi\u00e9rcoles 25 de enero, sobre la calle Albatros, en la colonia Las Quintas, oficiales de la PESP localizaron un veh\u00edculo Dodge Durango, modelo 2017, con reporte de robo en Tucson, Arizona, desde el 9 de noviembre de 2022.<\/p>\n<p>&nbsp;<\/p>\n<p>Durante la inspecci\u00f3n correspondiente, dentro del veh\u00edculo los polic\u00edas estatales encontraron un arma de fuego calibre .223, tambi\u00e9n tres cargadores y 108 cartuchos.<\/p>\n<p>&nbsp;<\/p>\n<p>Con las medidas de seguridad procedieron al aseguramiento de la materia, misma que fue puesta a disposici\u00f3n del Ministerio P\u00fablico para los tr\u00e1mites legales correspondientes.<\/p>\n<p>&nbsp;<\/p>\n<p>En Guaymas se mantiene la presencia de la Polic\u00eda Estatal, en coordinaci\u00f3n con los tres niveles de gobierno, para atender los reportes a trav\u00e9s de la l\u00ednea de emergencia 9-1-1 y 089 de denuncia an\u00f3nima.<\/p>\n<p><strong><em><u>Fecha de publicaci\u00f3n\u00a0 viernes 27\u00a0 de enero de 2023 con informaci\u00f3n de boletines<\/u><\/em><\/strong><\/p>\n","protected":false},"excerpt":{"rendered":"<p>GUAYMAS, SONORA,MX.\u2500\u2500 Durante operativos de vigilancia en la regi\u00f3n de Guaymas, la Polic\u00eda Estatal de&#8230;<\/p>\n","protected":false},"author":1,"featured_media":157693,"comment_status":"open","ping_status":"open","sticky":false,"template":"","format":"standard","meta":{"_monsterinsights_skip_tracking":false,"_monsterinsights_sitenote_active":false,"_monsterinsights_sitenote_note":"","_monsterinsights_sitenote_category":0,"footnotes":""},"categories":[3144],"tags":[621,299],"class_list":["post"],"yoast_head":" \n<title>Sonora en Equipo. Recupera PESP veh\u00edculo robado y arma de fuego en Guaymas Polic\u00edaca<\/title>\n<meta name=\"description\" content=\"GUAYMAS, SONORA,MX.\u2500\u2500 Durante operativos de vigilancia en la regi\u00f3n de Guaymas, la Polic\u00eda Estatal de Seguridad P\u00fablica (PESP) realiz\u00f3 el aseguramiento de En Sonora en Equipo publicamos toda la informaci\u00f3n de Sonora, M\u00e9xico y el Mundo de manera oportuna y busca que la libertad de expresi\u00f3n sea real. Visita nuestro medio informativo publicado desde Hermosillo, Sonora. %\" \/>\n<meta name=\"robots\" content=\"index, follow, max-snippet:-1, max-image-preview:large, max-video-preview:-1\" \/>\n<link rel=\"canonical\" href=\"https:\/\/www.sonoraenequipo.com.mx\/recupera-pesp-vehiculo-robado-y-arma-de-fuego-en-guaymas\/\" \/>\n<meta property=\"og:locale\" content=\"es_ES\" \/>\n<meta property=\"og:type\" content=\"article\" \/>\n<meta property=\"og:title\" content=\"Sonora en Equipo. Recupera PESP veh\u00edculo robado y arma de fuego en Guaymas Polic\u00edaca\" \/>\n<meta property=\"og:description\" content=\"GUAYMAS, SONORA,MX.\u2500\u2500 Durante operativos de vigilancia en la regi\u00f3n de Guaymas, la Polic\u00eda Estatal de Seguridad P\u00fablica (PESP) realiz\u00f3 el aseguramiento de En Sonora en Equipo publicamos toda la informaci\u00f3n de Sonora, M\u00e9xico y el Mundo de manera oportuna y busca que la libertad de expresi\u00f3n sea real. Visita nuestro medio informativo publicado desde Hermosillo, Sonora. %\" \/>\n<meta property=\"og:url\" content=\"https:\/\/www.sonoraenequipo.com.mx\/recupera-pesp-vehiculo-robado-y-arma-de-fuego-en-guaymas\/\" \/>\n<meta property=\"og:site_name\" content=\"Sonora en Equipo.\" \/>\n<meta property=\"article:publisher\" content=\"https:\/\/www.facebook.com\/SonoraEE\/\" \/>\n<meta property=\"article:author\" content=\"https:\/\/www.facebook.com\/SonoraEE\" \/>\n<meta property=\"article:published_time\" content=\"2023-01-27T23:12:53+00:00\" \/>\n<meta property=\"og:image\" content=\"https:\/\/www.sonoraenequipo.com.mx\/storage\/2023\/01\/vehiculo-arma.jpg\" \/>\n\t<meta property=\"og:image:width\" content=\"600\" \/>\n\t<meta property=\"og:image:height\" content=\"400\" \/>\n\t<meta property=\"og:image:type\" content=\"image\/jpeg\" \/>\n<meta name=\"author\" content=\"enequipo\" \/>\n<meta name=\"twitter:card\" content=\"summary_large_image\" \/>\n<meta name=\"twitter:creator\" content=\"@sonoraenequipo\" \/>\n<meta name=\"twitter:site\" content=\"@sonoraenequipo\" \/>\n<meta name=\"twitter:label1\" content=\"Escrito por\" \/>\n\t<meta name=\"twitter:data1\" content=\"enequipo\" \/>\n\t<meta name=\"twitter:label2\" content=\"Tiempo de lectura\" \/>\n\t<meta name=\"twitter:data2\" content=\"1 minuto\" \/>\n<script type=\"application\/ld+json\" class=\"yoast-schema-graph\">{\"@context\":\"https:\/\/schema.org\",\"@graph\":[{\"@type\":\"Article\",\"@id\":\"https:\/\/www.sonoraenequipo.com.mx\/recupera-pesp-vehiculo-robado-y-arma-de-fuego-en-guaymas\/#article\",\"isPartOf\":{\"@id\":\"https:\/\/www.sonoraenequipo.com.mx\/recupera-pesp-vehiculo-robado-y-arma-de-fuego-en-guaymas\/\"},\"author\":{\"name\":\"enequipo\",\"@id\":\"https:\/\/www.sonoraenequipo.com.mx\/#\/schema\/person\/50102df0fb23a8fa9e8effad8fa81386\"},\"headline\":\"Recupera PESP veh\u00edculo robado y arma de fuego en Guaymas\",\"datePublished\":\"2023-01-27T23:12:53+00:00\",\"mainEntityOfPage\":{\"@id\":\"https:\/\/www.sonoraenequipo.com.mx\/recupera-pesp-vehiculo-robado-y-arma-de-fuego-en-guaymas\/\"},\"wordCount\":204,\"commentCount\":0,\"publisher\":{\"@id\":\"https:\/\/www.sonoraenequipo.com.mx\/#organization\"},\"image\":{\"@id\":\"https:\/\/www.sonoraenequipo.com.mx\/recupera-pesp-vehiculo-robado-y-arma-de-fuego-en-guaymas\/#primaryimage\"},\"thumbnailUrl\":\"https:\/\/www.sonoraenequipo.com.mx\/storage\/2023\/01\/vehiculo-arma.jpg\",\"keywords\":[\"Guaymas\",\"inseguridad\"],\"articleSection\":[\"Polic\u00edaca\"],\"inLanguage\":\"es\",\"potentialAction\":[{\"@type\":\"CommentAction\",\"name\":\"Comment\",\"target\":[\"https:\/\/www.sonoraenequipo.com.mx\/recupera-pesp-vehiculo-robado-y-arma-de-fuego-en-guaymas\/#respond\"]}]},{\"@type\":\"WebPage\",\"@id\":\"https:\/\/www.sonoraenequipo.com.mx\/recupera-pesp-vehiculo-robado-y-arma-de-fuego-en-guaymas\/\",\"url\":\"https:\/\/www.sonoraenequipo.com.mx\/recupera-pesp-vehiculo-robado-y-arma-de-fuego-en-guaymas\/\",\"name\":\"Sonora en Equipo. Recupera PESP veh\u00edculo robado y arma de fuego en Guaymas Polic\u00edaca\",\"isPartOf\":{\"@id\":\"https:\/\/www.sonoraenequipo.com.mx\/#website\"},\"primaryImageOfPage\":{\"@id\":\"https:\/\/www.sonoraenequipo.com.mx\/recupera-pesp-vehiculo-robado-y-arma-de-fuego-en-guaymas\/#primaryimage\"},\"image\":{\"@id\":\"https:\/\/www.sonoraenequipo.com.mx\/recupera-pesp-vehiculo-robado-y-arma-de-fuego-en-guaymas\/#primaryimage\"},\"thumbnailUrl\":\"https:\/\/www.sonoraenequipo.com.mx\/storage\/2023\/01\/vehiculo-arma.jpg\",\"datePublished\":\"2023-01-27T23:12:53+00:00\",\"description\":\"GUAYMAS, SONORA,MX.\u2500\u2500 Durante operativos de vigilancia en la regi\u00f3n de Guaymas, la Polic\u00eda Estatal de Seguridad P\u00fablica (PESP) realiz\u00f3 el aseguramiento de En Sonora en Equipo publicamos toda la informaci\u00f3n de Sonora, M\u00e9xico y el Mundo de manera oportuna y busca que la libertad de expresi\u00f3n sea real. Visita nuestro medio informativo publicado desde Hermosillo, Sonora. %\",\"breadcrumb\":{\"@id\":\"https:\/\/www.sonoraenequipo.com.mx\/recupera-pesp-vehiculo-robado-y-arma-de-fuego-en-guaymas\/#breadcrumb\"},\"inLanguage\":\"es\",\"potentialAction\":[{\"@type\":\"ReadAction\",\"target\":[\"https:\/\/www.sonoraenequipo.com.mx\/recupera-pesp-vehiculo-robado-y-arma-de-fuego-en-guaymas\/\"]}]},{\"@type\":\"ImageObject\",\"inLanguage\":\"es\",\"@id\":\"https:\/\/www.sonoraenequipo.com.mx\/recupera-pesp-vehiculo-robado-y-arma-de-fuego-en-guaymas\/#primaryimage\",\"url\":\"https:\/\/www.sonoraenequipo.com.mx\/storage\/2023\/01\/vehiculo-arma.jpg\",\"contentUrl\":\"https:\/\/www.sonoraenequipo.com.mx\/storage\/2023\/01\/vehiculo-arma.jpg\",\"width\":600,\"height\":400},{\"@type\":\"BreadcrumbList\",\"@id\":\"https:\/\/www.sonoraenequipo.com.mx\/recupera-pesp-vehiculo-robado-y-arma-de-fuego-en-guaymas\/#breadcrumb\",\"itemListElement\":[{\"@type\":\"ListItem\",\"position\":1,\"name\":\"Portada\",\"item\":\"https:\/\/www.sonoraenequipo.com.mx\/\"},{\"@type\":\"ListItem\",\"position\":2,\"name\":\"Recupera PESP veh\u00edculo robado y arma de fuego en Guaymas\"}]},{\"@type\":\"WebSite\",\"@id\":\"https:\/\/www.sonoraenequipo.com.mx\/#website\",\"url\":\"https:\/\/www.sonoraenequipo.com.mx\/\",\"name\":\"Sonora en Equipo.\",\"description\":\"Diario en l\u00ednea con Noticias desde Hermosillo, Sonora\",\"publisher\":{\"@id\":\"https:\/\/www.sonoraenequipo.com.mx\/#organization\"},\"potentialAction\":[{\"@type\":\"SearchAction\",\"target\":{\"@type\":\"EntryPoint\",\"urlTemplate\":\"https:\/\/www.sonoraenequipo.com.mx\/?s={search_term_string}\"},\"query-input\":{\"@type\":\"PropertyValueSpecification\",\"valueRequired\":true,\"valueName\":\"search_term_string\"}}],\"inLanguage\":\"es\"},{\"@type\":\"Organization\",\"@id\":\"https:\/\/www.sonoraenequipo.com.mx\/#organization\",\"name\":\"Sonoraenequipo.com.mx\",\"url\":\"https:\/\/www.sonoraenequipo.com.mx\/\",\"logo\":{\"@type\":\"ImageObject\",\"inLanguage\":\"es\",\"@id\":\"https:\/\/www.sonoraenequipo.com.mx\/#\/schema\/logo\/image\/\",\"url\":\"https:\/\/www.sonoraenequipo.com.mx\/storage\/2019\/01\/sonoraenequipo_opt.png\",\"contentUrl\":\"https:\/\/www.sonoraenequipo.com.mx\/storage\/2019\/01\/sonoraenequipo_opt.png\",\"width\":375,\"height\":125,\"caption\":\"Sonoraenequipo.com.mx\"},\"image\":{\"@id\":\"https:\/\/www.sonoraenequipo.com.mx\/#\/schema\/logo\/image\/\"},\"sameAs\":[\"https:\/\/www.facebook.com\/SonoraEE\/\",\"https:\/\/x.com\/sonoraenequipo\",\"https:\/\/www.youtube.com\/channel\/UC338nW-lPEYmJQs4ZABQ1SQ\"]},{\"@type\":\"Person\",\"@id\":\"https:\/\/www.sonoraenequipo.com.mx\/#\/schema\/person\/50102df0fb23a8fa9e8effad8fa81386\",\"name\":\"enequipo\",\"image\":{\"@type\":\"ImageObject\",\"inLanguage\":\"es\",\"@id\":\"https:\/\/www.sonoraenequipo.com.mx\/#\/schema\/person\/image\/\",\"url\":\"https:\/\/secure.gravatar.com\/avatar\/049821681b589dabc0bc20695993ccebb09f5b5d4d790cd9251b97faac7c652b?s=96&d=blank&r=g\",\"contentUrl\":\"https:\/\/secure.gravatar.com\/avatar\/049821681b589dabc0bc20695993ccebb09f5b5d4d790cd9251b97faac7c652b?s=96&d=blank&r=g\",\"caption\":\"enequipo\"},\"sameAs\":[\"https:\/\/www.facebook.com\/SonoraEE\"]}]}<\/script>\n ","yoast_head_json":{"title":"Sonora en Equipo. Recupera PESP veh\u00edculo robado y arma de fuego en Guaymas Polic\u00edaca","description":"GUAYMAS, SONORA,MX.\u2500\u2500 Durante operativos de vigilancia en la regi\u00f3n de Guaymas, la Polic\u00eda Estatal de Seguridad P\u00fablica (PESP) realiz\u00f3 el aseguramiento de En Sonora en Equipo publicamos toda la informaci\u00f3n de Sonora, M\u00e9xico y el Mundo de manera oportuna y busca que la libertad de expresi\u00f3n sea real. Visita nuestro medio informativo publicado desde Hermosillo, Sonora. %","robots":{"index":"index","follow":"follow","max-snippet":"max-snippet:-1","max-image-preview":"max-image-preview:large","max-video-preview":"max-video-preview:-1"},"canonical":"https:\/\/www.sonoraenequipo.com.mx\/recupera-pesp-vehiculo-robado-y-arma-de-fuego-en-guaymas\/","og_locale":"es_ES","og_type":"article","og_title":"Sonora en Equipo. Recupera PESP veh\u00edculo robado y arma de fuego en Guaymas Polic\u00edaca","og_description":"GUAYMAS, SONORA,MX.\u2500\u2500 Durante operativos de vigilancia en la regi\u00f3n de Guaymas, la Polic\u00eda Estatal de Seguridad P\u00fablica (PESP) realiz\u00f3 el aseguramiento de En Sonora en Equipo publicamos toda la informaci\u00f3n de Sonora, M\u00e9xico y el Mundo de manera oportuna y busca que la libertad de expresi\u00f3n sea real. Visita nuestro medio informativo publicado desde Hermosillo, Sonora. %","og_url":"https:\/\/www.sonoraenequipo.com.mx\/recupera-pesp-vehiculo-robado-y-arma-de-fuego-en-guaymas\/","og_site_name":"Sonora en Equipo.","article_publisher":"https:\/\/www.facebook.com\/SonoraEE\/","article_author":"https:\/\/www.facebook.com\/SonoraEE","article_published_time":"2023-01-27T23:12:53+00:00","og_image":[{"width":600,"height":400,"url":"https:\/\/www.sonoraenequipo.com.mx\/storage\/2023\/01\/vehiculo-arma.jpg","type":"image\/jpeg"}],"author":"enequipo","twitter_card":"summary_large_image","twitter_creator":"@sonoraenequipo","twitter_site":"@sonoraenequipo","twitter_misc":{"Escrito por":"enequipo","Tiempo de lectura":"1 minuto"},"schema":{"@context":"https:\/\/schema.org","@graph":[{"@type":"Article","@id":"https:\/\/www.sonoraenequipo.com.mx\/recupera-pesp-vehiculo-robado-y-arma-de-fuego-en-guaymas\/#article","isPartOf":{"@id":"https:\/\/www.sonoraenequipo.com.mx\/recupera-pesp-vehiculo-robado-y-arma-de-fuego-en-guaymas\/"},"author":{"name":"enequipo","@id":"https:\/\/www.sonoraenequipo.com.mx\/#\/schema\/person\/50102df0fb23a8fa9e8effad8fa81386"},"headline":"Recupera PESP veh\u00edculo robado y arma de fuego en Guaymas","datePublished":"2023-01-27T23:12:53+00:00","mainEntityOfPage":{"@id":"https:\/\/www.sonoraenequipo.com.mx\/recupera-pesp-vehiculo-robado-y-arma-de-fuego-en-guaymas\/"},"wordCount":204,"commentCount":0,"publisher":{"@id":"https:\/\/www.sonoraenequipo.com.mx\/#organization"},"image":{"@id":"https:\/\/www.sonoraenequipo.com.mx\/recupera-pesp-vehiculo-robado-y-arma-de-fuego-en-guaymas\/#primaryimage"},"thumbnailUrl":"https:\/\/www.sonoraenequipo.com.mx\/storage\/2023\/01\/vehiculo-arma.jpg","keywords":["Guaymas","inseguridad"],"articleSection":["Polic\u00edaca"],"inLanguage":"es","potentialAction":[{"@type":"CommentAction","name":"Comment","target":["https:\/\/www.sonoraenequipo.com.mx\/recupera-pesp-vehiculo-robado-y-arma-de-fuego-en-guaymas\/#respond"]}]},{"@type":"WebPage","@id":"https:\/\/www.sonoraenequipo.com.mx\/recupera-pesp-vehiculo-robado-y-arma-de-fuego-en-guaymas\/","url":"https:\/\/www.sonoraenequipo.com.mx\/recupera-pesp-vehiculo-robado-y-arma-de-fuego-en-guaymas\/","name":"Sonora en Equipo. Recupera PESP veh\u00edculo robado y arma de fuego en Guaymas Polic\u00edaca","isPartOf":{"@id":"https:\/\/www.sonoraenequipo.com.mx\/#website"},"primaryImageOfPage":{"@id":"https:\/\/www.sonoraenequipo.com.mx\/recupera-pesp-vehiculo-robado-y-arma-de-fuego-en-guaymas\/#primaryimage"},"image":{"@id":"https:\/\/www.sonoraenequipo.com.mx\/recupera-pesp-vehiculo-robado-y-arma-de-fuego-en-guaymas\/#primaryimage"},"thumbnailUrl":"https:\/\/www.sonoraenequipo.com.mx\/storage\/2023\/01\/vehiculo-arma.jpg","datePublished":"2023-01-27T23:12:53+00:00","description":"GUAYMAS, SONORA,MX.\u2500\u2500 Durante operativos de vigilancia en la regi\u00f3n de Guaymas, la Polic\u00eda Estatal de Seguridad P\u00fablica (PESP) realiz\u00f3 el aseguramiento de En Sonora en Equipo publicamos toda la informaci\u00f3n de Sonora, M\u00e9xico y el Mundo de manera oportuna y busca que la libertad de expresi\u00f3n sea real. Visita nuestro medio informativo publicado desde Hermosillo, Sonora. %","breadcrumb":{"@id":"https:\/\/www.sonoraenequipo.com.mx\/recupera-pesp-vehiculo-robado-y-arma-de-fuego-en-guaymas\/#breadcrumb"},"inLanguage":"es","potentialAction":[{"@type":"ReadAction","target":["https:\/\/www.sonoraenequipo.com.mx\/recupera-pesp-vehiculo-robado-y-arma-de-fuego-en-guaymas\/"]}]},{"@type":"ImageObject","inLanguage":"es","@id":"https:\/\/www.sonoraenequipo.com.mx\/recupera-pesp-vehiculo-robado-y-arma-de-fuego-en-guaymas\/#primaryimage","url":"https:\/\/www.sonoraenequipo.com.mx\/storage\/2023\/01\/vehiculo-arma.jpg","contentUrl":"https:\/\/www.sonoraenequipo.com.mx\/storage\/2023\/01\/vehiculo-arma.jpg","width":600,"height":400},{"@type":"BreadcrumbList","@id":"https:\/\/www.sonoraenequipo.com.mx\/recupera-pesp-vehiculo-robado-y-arma-de-fuego-en-guaymas\/#breadcrumb","itemListElement":[{"@type":"ListItem","position":1,"name":"Portada","item":"https:\/\/www.sonoraenequipo.com.mx\/"},{"@type":"ListItem","position":2,"name":"Recupera PESP veh\u00edculo robado y arma de fuego en Guaymas"}]},{"@type":"WebSite","@id":"https:\/\/www.sonoraenequipo.com.mx\/#website","url":"https:\/\/www.sonoraenequipo.com.mx\/","name":"Sonora en Equipo.","description":"Diario en l\u00ednea con Noticias desde Hermosillo, Sonora","publisher":{"@id":"https:\/\/www.sonoraenequipo.com.mx\/#organization"},"potentialAction":[{"@type":"SearchAction","target":{"@type":"EntryPoint","urlTemplate":"https:\/\/www.sonoraenequipo.com.mx\/?s={search_term_string}"},"query-input":{"@type":"PropertyValueSpecification","valueRequired":true,"valueName":"search_term_string"}}],"inLanguage":"es"},{"@type":"Organization","@id":"https:\/\/www.sonoraenequipo.com.mx\/#organization","name":"Sonoraenequipo.com.mx","url":"https:\/\/www.sonoraenequipo.com.mx\/","logo":{"@type":"ImageObject","inLanguage":"es","@id":"https:\/\/www.sonoraenequipo.com.mx\/#\/schema\/logo\/image\/","url":"https:\/\/www.sonoraenequipo.com.mx\/storage\/2019\/01\/sonoraenequipo_opt.png","contentUrl":"https:\/\/www.sonoraenequipo.com.mx\/storage\/2019\/01\/sonoraenequipo_opt.png","width":375,"height":125,"caption":"Sonoraenequipo.com.mx"},"image":{"@id":"https:\/\/www.sonoraenequipo.com.mx\/#\/schema\/logo\/image\/"},"sameAs":["https:\/\/www.facebook.com\/SonoraEE\/","https:\/\/x.com\/sonoraenequipo","https:\/\/www.youtube.com\/channel\/UC338nW-lPEYmJQs4ZABQ1SQ"]},{"@type":"Person","@id":"https:\/\/www.sonoraenequipo.com.mx\/#\/schema\/person\/50102df0fb23a8fa9e8effad8fa81386","name":"enequipo","image":{"@type":"ImageObject","inLanguage":"es","@id":"https:\/\/www.sonoraenequipo.com.mx\/#\/schema\/person\/image\/","url":"https:\/\/secure.gravatar.com\/avatar\/049821681b589dabc0bc20695993ccebb09f5b5d4d790cd9251b97faac7c652b?s=96&d=blank&r=g","contentUrl":"https:\/\/secure.gravatar.com\/avatar\/049821681b589dabc0bc20695993ccebb09f5b5d4d790cd9251b97faac7c652b?s=96&d=blank&r=g","caption":"enequipo"},"sameAs":["https:\/\/www.facebook.com\/SonoraEE"]}]}},"jetpack_featured_media_url":"https:\/\/www.sonoraenequipo.com.mx\/storage\/2023\/01\/vehiculo-arma.jpg","_links":{"self":[{"href":"https:\/\/www.sonoraenequipo.com.mx\/api\/wp\/v2\/posts\/157692","targetHints":{"allow":["GET"]}}],"collection":[{"href":"https:\/\/www.sonoraenequipo.com.mx\/api\/wp\/v2\/posts"}],"about":[{"href":"https:\/\/www.sonoraenequipo.com.mx\/api\/wp\/v2\/types\/post"}],"author":[{"embeddable":true,"href":"https:\/\/www.sonoraenequipo.com.mx\/api\/wp\/v2\/users\/1"}],"replies":[{"embeddable":true,"href":"https:\/\/www.sonoraenequipo.com.mx\/api\/wp\/v2\/comments?post=157692"}],"version-history":[{"count":1,"href":"https:\/\/www.sonoraenequipo.com.mx\/api\/wp\/v2\/posts\/157692\/revisions"}],"predecessor-version":[{"id":157694,"href":"https:\/\/www.sonoraenequipo.com.mx\/api\/wp\/v2\/posts\/157692\/revisions\/157694"}],"wp:featuredmedia":[{"embeddable":true,"href":"https:\/\/www.sonoraenequipo.com.mx\/api\/wp\/v2\/media\/157693"}],"wp:attachment":[{"href":"https:\/\/www.sonoraenequipo.com.mx\/api\/wp\/v2\/media?parent=157692"}],"wp:term":[{"taxonomy":"category","embeddable":true,"href":"https:\/\/www.sonoraenequipo.com.mx\/api\/wp\/v2\/categories?post=157692"},{"taxonomy":"post_tag","embeddable":true,"href":"https:\/\/www.sonoraenequipo.com.mx\/api\/wp\/v2\/tags?post=157692"}],"curies":[{"name":"wp","href":"https:\/\/api.w.org\/{rel}","templated":true}]}}