{"id":157700,"date":"2023-01-27T17:09:40","date_gmt":"2023-01-28T00:09:40","guid":{"rendered":"https:\/\/www.sonoraenequipo.com.mx\/?p=157700"},"modified":"2023-01-27T18:24:40","modified_gmt":"2023-01-28T01:24:40","slug":"lista-completa-de-nominados-al-oscar","status":"publish","type":"post","link":"https:\/\/www.sonoraenequipo.com.mx\/lista-completa-de-nominados-al-oscar\/","title":{"rendered":"Lista completa de nominados al Oscar"},"content":{"rendered":"<p><strong>HERMOSILLO, SONORA,MX.<\/strong><strong>\u2500\u2500<\/strong><\/p>\n<p>La XCV (95) edici\u00f3n de los premios Oscar \u00a0ser\u00e1 el 12 de marzo en el Dolby Theatre en Hollywood, California, EE.UU.<\/p>\n<p>&nbsp;<\/p>\n<p><strong>Mejor pel\u00edcula<\/strong><\/p>\n<p>Sin novedad en el frente<\/p>\n<p>&nbsp;<\/p>\n<p>Avatar: el sentido del agua<\/p>\n<p>&nbsp;<\/p>\n<p>Los esp\u00edritus de la isla<\/p>\n<p>&nbsp;<\/p>\n<p>Elvis<\/p>\n<p>&nbsp;<\/p>\n<p>Todo en todas partes al mismo tiempo<\/p>\n<p>&nbsp;<\/p>\n<p>Los Fabelman<\/p>\n<p>&nbsp;<\/p>\n<p>T\u00e1r<\/p>\n<p>&nbsp;<\/p>\n<p>Top Gun: Maverick<\/p>\n<p>&nbsp;<\/p>\n<p>Triangle of Sadness<\/p>\n<p>&nbsp;<\/p>\n<p>Ellas hablan<\/p>\n<p><strong>Mejor director<\/strong><\/p>\n<p>Martin McDonagh, Los esp\u00edritus de la isla<\/p>\n<p>&nbsp;<\/p>\n<p>Daniel Kwan y Daniel Scheinert, Todo en todas partes al mismo tiempo<\/p>\n<p>&nbsp;<\/p>\n<p>Steven Spielberg, Los Fabelman<\/p>\n<p>&nbsp;<\/p>\n<p>Todd Field, T\u00e1r<\/p>\n<p>&nbsp;<\/p>\n<p>Ruben Ostlund, Triangle of Sadness<\/p>\n<p>&nbsp;<\/p>\n<p><strong>Mejor actriz<\/strong><\/p>\n<p>Cate Blanchett, T\u00e1r<\/p>\n<p>&nbsp;<\/p>\n<p>Ana de Armas, Blonde<\/p>\n<p>&nbsp;<\/p>\n<p>Andrea Riseborough, To Leslie<\/p>\n<p>&nbsp;<\/p>\n<p>Michelle Williams, Los Fabelman<\/p>\n<p>&nbsp;<\/p>\n<p>Michelle Yeoh, Todo en todas partes al mismo tiempo<\/p>\n<p>&nbsp;<\/p>\n<p><strong>Mejor actor<\/strong><\/p>\n<p>Austin Butler, Elvis<\/p>\n<p>&nbsp;<\/p>\n<p>Colin Farrell, Los esp\u00edritus de la isla<\/p>\n<p>&nbsp;<\/p>\n<p>Brendan Fraser, La ballena<\/p>\n<p>&nbsp;<\/p>\n<p>Paul Mescal, Aftersun<\/p>\n<p>Bill Nighy, Living<\/p>\n<p>&nbsp;<\/p>\n<p><strong>Mejor actriz de reparto<\/strong><\/p>\n<p>Angela Bassett, Black Panther: Wakanda por siempre<\/p>\n<p>&nbsp;<\/p>\n<p>Hong Chau, La ballena<\/p>\n<p>&nbsp;<\/p>\n<p>Kerry Condon, Los esp\u00edritus de la isla<\/p>\n<p>&nbsp;<\/p>\n<p>Jamie Lee Curtis, Todo en todas partes al mismo tiempo<\/p>\n<p>&nbsp;<\/p>\n<p>Stephanie Hsu, Todo en todas partes al mismo tiempo<\/p>\n<p>&nbsp;<\/p>\n<p><strong>Mejor actor de reparto<\/strong><\/p>\n<p>Brendan Gleeson, Los esp\u00edritus de la isla<\/p>\n<p>&nbsp;<\/p>\n<p>Brian Tyree Henry, Causeway<\/p>\n<p>&nbsp;<\/p>\n<p>Judd Hirsch, Los Fabelman<\/p>\n<p>&nbsp;<\/p>\n<p>Barry Keoghan, Los esp\u00edritus de la isla<\/p>\n<p>&nbsp;<\/p>\n<p>Ke Huy Quan, Todo en todas partes al mismo tiempo<\/p>\n<p>&nbsp;<\/p>\n<p><strong>Fotograf\u00eda<\/strong><\/p>\n<p>Sin novedad en el frente<\/p>\n<p>&nbsp;<\/p>\n<p>Bardo, falsa cr\u00f3nica de unas cuantas verdades<\/p>\n<p>&nbsp;<\/p>\n<p>Elvis<\/p>\n<p>&nbsp;<\/p>\n<p>El imperio de la luz<\/p>\n<p>&nbsp;<\/p>\n<p>T\u00e1r<\/p>\n<p><strong>Largometraje internacional<\/strong><\/p>\n<p>Sin novedad en el frente, Alemania<\/p>\n<p>&nbsp;<\/p>\n<p>Argentina, 1985, Argentina<\/p>\n<p>&nbsp;<\/p>\n<p>Close, B\u00e9lgica<\/p>\n<p>&nbsp;<\/p>\n<p>EO, Polonia<\/p>\n<p>&nbsp;<\/p>\n<p>The Quiet Girl, Irlanda<\/p>\n<p>Dise\u00f1o de producci\u00f3n<\/p>\n<p>Sin novedad en el frente<\/p>\n<p>&nbsp;<\/p>\n<p>Avatar: el sentido del agua<\/p>\n<p>&nbsp;<\/p>\n<p>Babylon<\/p>\n<p>&nbsp;<\/p>\n<p>Elvis<\/p>\n<p>&nbsp;<\/p>\n<p>Los Fabelman<\/p>\n<p>&nbsp;<\/p>\n<p><strong>Edici\u00f3n<\/strong><\/p>\n<p>Los esp\u00edritus de la isla<\/p>\n<p>&nbsp;<\/p>\n<p>Elvis<\/p>\n<p>&nbsp;<\/p>\n<p>Todo en todas partes al mismo tiempo<\/p>\n<p>&nbsp;<\/p>\n<p>T\u00e1r<\/p>\n<p>&nbsp;<\/p>\n<p>Top Gun: Maverick<\/p>\n<p>&nbsp;<\/p>\n<p><strong>Pel\u00edcula de animaci\u00f3n<\/strong><\/p>\n<p>Pinocho de Guillermo del Toro<\/p>\n<p>&nbsp;<\/p>\n<p>Marcel the Shell With Shoes On<\/p>\n<p>&nbsp;<\/p>\n<p>El gato con botas: el \u00faltimo deseo<\/p>\n<p>&nbsp;<\/p>\n<p>El monstruo marino<\/p>\n<p>&nbsp;<\/p>\n<p>Red<\/p>\n<p>&nbsp;<\/p>\n<p><strong>Documental<\/strong><\/p>\n<p>All That Breathes<\/p>\n<p>&nbsp;<\/p>\n<p>All the Beauty and the Bloodshed<\/p>\n<p>&nbsp;<\/p>\n<p>Fire of Love<\/p>\n<p>&nbsp;<\/p>\n<p>A House Made of Splinters<\/p>\n<p>&nbsp;<\/p>\n<p>Navalny<\/p>\n<p>Cortometraje documental<\/p>\n<p>The Elephant Whisperers<\/p>\n<p>&nbsp;<\/p>\n<p>Haulout<\/p>\n<p>&nbsp;<\/p>\n<p>How Do You Measure a Year?<\/p>\n<p>&nbsp;<\/p>\n<p>El efecto Martha Mitchell<\/p>\n<p>&nbsp;<\/p>\n<p>Stranger at the Gate<\/p>\n<p>&nbsp;<\/p>\n<p><strong>Efectos visuales<\/strong><\/p>\n<p>Sin novedad en el frente<\/p>\n<p>&nbsp;<\/p>\n<p>Avatar: el sentido del agua<\/p>\n<p>&nbsp;<\/p>\n<p>The Batman<\/p>\n<p>&nbsp;<\/p>\n<p>Black Panther: Wakanda por siempre<\/p>\n<p>&nbsp;<\/p>\n<p>Top Gun: Maverick<\/p>\n<p>&nbsp;<\/p>\n<p>Applause\u201d (Tell it like a woman)<\/p>\n<p>&nbsp;<\/p>\n<p>\u201cHold My Hand\u201d (Top Gun: Maverick)<\/p>\n<p>&nbsp;<\/p>\n<p>\u201cLift Me Up\u201d (Black Panther: Wakanda por siempre)<\/p>\n<p>&nbsp;<\/p>\n<p>\u201cNaatu Naatu\u201d (\u201cRRR\u201d)<\/p>\n<p>&nbsp;<\/p>\n<p>\u201cThis Is a Life\u201d (Todo en todas partes al mismo tiempo)<\/p>\n<p>&nbsp;<\/p>\n<p><strong>Sonido<\/strong><\/p>\n<p>Sin novedad en el frente<\/p>\n<p>&nbsp;<\/p>\n<p>Avatar: el sentido del agua<\/p>\n<p>&nbsp;<\/p>\n<p>The Batman<\/p>\n<p>&nbsp;<\/p>\n<p>Elvis<\/p>\n<p>Top Gun: Maverick<\/p>\n<p>Maquillaje y peinado<\/p>\n<p>Sin novedad en el frente<\/p>\n<p>&nbsp;<\/p>\n<p>The Batman<\/p>\n<p>&nbsp;<\/p>\n<p>Black Panther: Wakanda por siempre<\/p>\n<p>&nbsp;<\/p>\n<p>Elvis<\/p>\n<p>&nbsp;<\/p>\n<p>La ballena<\/p>\n<p>&nbsp;<\/p>\n<p>Dise\u00f1o de vestuario<\/p>\n<p>Babylon<\/p>\n<p>&nbsp;<\/p>\n<p>Black Panther: Wakanda por siempre<\/p>\n<p>&nbsp;<\/p>\n<p>Elvis<\/p>\n<p>&nbsp;<\/p>\n<p>Todo en todas partes al mismo tiempo<\/p>\n<p>&nbsp;<\/p>\n<p>El viaje a Par\u00eds de la se\u00f1ora Harris<\/p>\n<p>&nbsp;<\/p>\n<p><strong>Banda sonora original<\/strong><\/p>\n<p>Sin novedad en el frente<\/p>\n<p>&nbsp;<\/p>\n<p>Babylon<\/p>\n<p>&nbsp;<\/p>\n<p>Los esp\u00edritus de la isla<\/p>\n<p>&nbsp;<\/p>\n<p>Todo en todas partes al mismo tiempo<\/p>\n<p>&nbsp;<\/p>\n<p>Los Fabelman<\/p>\n<p>&nbsp;<\/p>\n<p><strong>Guion original<\/strong><\/p>\n<p>Los esp\u00edritus de la isla<\/p>\n<p>&nbsp;<\/p>\n<p>Todo en todas partes al mismo tiempo<\/p>\n<p>&nbsp;<\/p>\n<p>Los Fabelman<\/p>\n<p>&nbsp;<\/p>\n<p>T\u00e1r<\/p>\n<p>&nbsp;<\/p>\n<p>Triangle of Sadness<\/p>\n<p>&nbsp;<\/p>\n<p>Cortometraje animado<\/p>\n<p>El ni\u00f1o, el topo, el zorro y el caballo<\/p>\n<p>&nbsp;<\/p>\n<p>The Flying Sailor<\/p>\n<p>&nbsp;<\/p>\n<p>Ice Merchants<\/p>\n<p>&nbsp;<\/p>\n<p>My Year of Dicks<\/p>\n<p>&nbsp;<\/p>\n<p>An Ostrich Told Me the World Is Fake and I Think I Believe It<\/p>\n<p>&nbsp;<\/p>\n<p><strong>Cortometraje de acci\u00f3n<\/strong><\/p>\n<p>An Irish Goodbye<\/p>\n<p>&nbsp;<\/p>\n<p>Ivalu<\/p>\n<p>&nbsp;<\/p>\n<p>Le pupille<\/p>\n<p>&nbsp;<\/p>\n<p>Night Ride<\/p>\n<p>&nbsp;<\/p>\n<p>The Red Suitcase<\/p>\n<p>&nbsp;<\/p>\n<p><strong>Guion adaptado<\/strong><\/p>\n<p>Sin novedad en el frente<\/p>\n<p>&nbsp;<\/p>\n<p>Glass Onion: un misterio de Knives Out<\/p>\n<p>&nbsp;<\/p>\n<p>Living<\/p>\n<p>&nbsp;<\/p>\n<p>Top Gun: Maverick<\/p>\n<p>&nbsp;<\/p>\n<p>Ellas hablan<\/p>\n<p><strong><em><u>Fecha de publicaci\u00f3n\u00a0 viernes 27\u00a0 de enero de 2023<\/u><\/em><\/strong><\/p>\n<p>&nbsp;<\/p>\n<p>&nbsp;<\/p>\n<p>&nbsp;<\/p>\n","protected":false},"excerpt":{"rendered":"<p>HERMOSILLO, SONORA,MX.\u2500\u2500 La XCV (95) edici\u00f3n de los premios Oscar \u00a0ser\u00e1 el 12 de marzo&#8230;<\/p>\n","protected":false},"author":1,"featured_media":115006,"comment_status":"open","ping_status":"open","sticky":false,"template":"","format":"standard","meta":{"_monsterinsights_skip_tracking":false,"_monsterinsights_sitenote_active":false,"_monsterinsights_sitenote_note":"","_monsterinsights_sitenote_category":0,"footnotes":""},"categories":[2987],"tags":[6949,6220],"class_list":["post"],"yoast_head":" \n<title>Sonora en Equipo. Lista completa de nominados al Oscar<\/title>\n<meta name=\"description\" content=\"HERMOSILLO, SONORA,MX.\u2500\u2500 La XCV (95) edici\u00f3n de los premios Oscar \u00a0ser\u00e1 el 12 de marzo en el Dolby Theatre en Hollywood, California, EE.UU. &nbsp; Mejor En Sonora en Equipo publicamos toda la informaci\u00f3n de Sonora, M\u00e9xico y el Mundo de manera oportuna y busca que la libertad de expresi\u00f3n sea real. Visita nuestro medio informativo publicado desde Hermosillo, Sonora. %\" \/>\n<meta name=\"robots\" content=\"index, follow, max-snippet:-1, max-image-preview:large, max-video-preview:-1\" \/>\n<link rel=\"canonical\" href=\"https:\/\/www.sonoraenequipo.com.mx\/lista-completa-de-nominados-al-oscar\/\" \/>\n<meta property=\"og:locale\" content=\"es_ES\" \/>\n<meta property=\"og:type\" content=\"article\" \/>\n<meta property=\"og:title\" content=\"Sonora en Equipo. Lista completa de nominados al Oscar\" \/>\n<meta property=\"og:description\" content=\"HERMOSILLO, SONORA,MX.\u2500\u2500 La XCV (95) edici\u00f3n de los premios Oscar \u00a0ser\u00e1 el 12 de marzo en el Dolby Theatre en Hollywood, California, EE.UU. &nbsp; Mejor En Sonora en Equipo publicamos toda la informaci\u00f3n de Sonora, M\u00e9xico y el Mundo de manera oportuna y busca que la libertad de expresi\u00f3n sea real. Visita nuestro medio informativo publicado desde Hermosillo, Sonora. %\" \/>\n<meta property=\"og:url\" content=\"https:\/\/www.sonoraenequipo.com.mx\/lista-completa-de-nominados-al-oscar\/\" \/>\n<meta property=\"og:site_name\" content=\"Sonora en Equipo.\" \/>\n<meta property=\"article:publisher\" content=\"https:\/\/www.facebook.com\/SonoraEE\/\" \/>\n<meta property=\"article:author\" content=\"https:\/\/www.facebook.com\/SonoraEE\" \/>\n<meta property=\"article:published_time\" content=\"2023-01-28T00:09:40+00:00\" \/>\n<meta property=\"article:modified_time\" content=\"2023-01-28T01:24:40+00:00\" \/>\n<meta property=\"og:image\" content=\"https:\/\/www.sonoraenequipo.com.mx\/storage\/2021\/05\/oscar-2022_opt.jpg\" \/>\n\t<meta property=\"og:image:width\" content=\"700\" \/>\n\t<meta property=\"og:image:height\" content=\"400\" \/>\n\t<meta property=\"og:image:type\" content=\"image\/jpeg\" \/>\n<meta name=\"author\" content=\"enequipo\" \/>\n<meta name=\"twitter:card\" content=\"summary_large_image\" \/>\n<meta name=\"twitter:creator\" content=\"@sonoraenequipo\" \/>\n<meta name=\"twitter:site\" content=\"@sonoraenequipo\" \/>\n<meta name=\"twitter:label1\" content=\"Escrito por\" \/>\n\t<meta name=\"twitter:data1\" content=\"enequipo\" \/>\n\t<meta name=\"twitter:label2\" content=\"Tiempo de lectura\" \/>\n\t<meta name=\"twitter:data2\" content=\"4 minutos\" \/>\n<script type=\"application\/ld+json\" class=\"yoast-schema-graph\">{\"@context\":\"https:\/\/schema.org\",\"@graph\":[{\"@type\":\"Article\",\"@id\":\"https:\/\/www.sonoraenequipo.com.mx\/lista-completa-de-nominados-al-oscar\/#article\",\"isPartOf\":{\"@id\":\"https:\/\/www.sonoraenequipo.com.mx\/lista-completa-de-nominados-al-oscar\/\"},\"author\":{\"name\":\"enequipo\",\"@id\":\"https:\/\/www.sonoraenequipo.com.mx\/#\/schema\/person\/50102df0fb23a8fa9e8effad8fa81386\"},\"headline\":\"Lista completa de nominados al Oscar\",\"datePublished\":\"2023-01-28T00:09:40+00:00\",\"dateModified\":\"2023-01-28T01:24:40+00:00\",\"mainEntityOfPage\":{\"@id\":\"https:\/\/www.sonoraenequipo.com.mx\/lista-completa-de-nominados-al-oscar\/\"},\"wordCount\":741,\"commentCount\":0,\"publisher\":{\"@id\":\"https:\/\/www.sonoraenequipo.com.mx\/#organization\"},\"image\":{\"@id\":\"https:\/\/www.sonoraenequipo.com.mx\/lista-completa-de-nominados-al-oscar\/#primaryimage\"},\"thumbnailUrl\":\"https:\/\/www.sonoraenequipo.com.mx\/storage\/2021\/05\/oscar-2022_opt.jpg\",\"keywords\":[\"oscar\",\"premios\"],\"articleSection\":[\"Showbiz\"],\"inLanguage\":\"es\",\"potentialAction\":[{\"@type\":\"CommentAction\",\"name\":\"Comment\",\"target\":[\"https:\/\/www.sonoraenequipo.com.mx\/lista-completa-de-nominados-al-oscar\/#respond\"]}]},{\"@type\":\"WebPage\",\"@id\":\"https:\/\/www.sonoraenequipo.com.mx\/lista-completa-de-nominados-al-oscar\/\",\"url\":\"https:\/\/www.sonoraenequipo.com.mx\/lista-completa-de-nominados-al-oscar\/\",\"name\":\"Sonora en Equipo. Lista completa de nominados al Oscar\",\"isPartOf\":{\"@id\":\"https:\/\/www.sonoraenequipo.com.mx\/#website\"},\"primaryImageOfPage\":{\"@id\":\"https:\/\/www.sonoraenequipo.com.mx\/lista-completa-de-nominados-al-oscar\/#primaryimage\"},\"image\":{\"@id\":\"https:\/\/www.sonoraenequipo.com.mx\/lista-completa-de-nominados-al-oscar\/#primaryimage\"},\"thumbnailUrl\":\"https:\/\/www.sonoraenequipo.com.mx\/storage\/2021\/05\/oscar-2022_opt.jpg\",\"datePublished\":\"2023-01-28T00:09:40+00:00\",\"dateModified\":\"2023-01-28T01:24:40+00:00\",\"description\":\"HERMOSILLO, SONORA,MX.\u2500\u2500 La XCV (95) edici\u00f3n de los premios Oscar \u00a0ser\u00e1 el 12 de marzo en el Dolby Theatre en Hollywood, California, EE.UU. &nbsp; Mejor En Sonora en Equipo publicamos toda la informaci\u00f3n de Sonora, M\u00e9xico y el Mundo de manera oportuna y busca que la libertad de expresi\u00f3n sea real. Visita nuestro medio informativo publicado desde Hermosillo, Sonora. %\",\"breadcrumb\":{\"@id\":\"https:\/\/www.sonoraenequipo.com.mx\/lista-completa-de-nominados-al-oscar\/#breadcrumb\"},\"inLanguage\":\"es\",\"potentialAction\":[{\"@type\":\"ReadAction\",\"target\":[\"https:\/\/www.sonoraenequipo.com.mx\/lista-completa-de-nominados-al-oscar\/\"]}]},{\"@type\":\"ImageObject\",\"inLanguage\":\"es\",\"@id\":\"https:\/\/www.sonoraenequipo.com.mx\/lista-completa-de-nominados-al-oscar\/#primaryimage\",\"url\":\"https:\/\/www.sonoraenequipo.com.mx\/storage\/2021\/05\/oscar-2022_opt.jpg\",\"contentUrl\":\"https:\/\/www.sonoraenequipo.com.mx\/storage\/2021\/05\/oscar-2022_opt.jpg\",\"width\":700,\"height\":400},{\"@type\":\"BreadcrumbList\",\"@id\":\"https:\/\/www.sonoraenequipo.com.mx\/lista-completa-de-nominados-al-oscar\/#breadcrumb\",\"itemListElement\":[{\"@type\":\"ListItem\",\"position\":1,\"name\":\"Portada\",\"item\":\"https:\/\/www.sonoraenequipo.com.mx\/\"},{\"@type\":\"ListItem\",\"position\":2,\"name\":\"Lista completa de nominados al Oscar\"}]},{\"@type\":\"WebSite\",\"@id\":\"https:\/\/www.sonoraenequipo.com.mx\/#website\",\"url\":\"https:\/\/www.sonoraenequipo.com.mx\/\",\"name\":\"Sonora en Equipo.\",\"description\":\"Diario en l\u00ednea con Noticias desde Hermosillo, Sonora\",\"publisher\":{\"@id\":\"https:\/\/www.sonoraenequipo.com.mx\/#organization\"},\"potentialAction\":[{\"@type\":\"SearchAction\",\"target\":{\"@type\":\"EntryPoint\",\"urlTemplate\":\"https:\/\/www.sonoraenequipo.com.mx\/?s={search_term_string}\"},\"query-input\":{\"@type\":\"PropertyValueSpecification\",\"valueRequired\":true,\"valueName\":\"search_term_string\"}}],\"inLanguage\":\"es\"},{\"@type\":\"Organization\",\"@id\":\"https:\/\/www.sonoraenequipo.com.mx\/#organization\",\"name\":\"Sonoraenequipo.com.mx\",\"url\":\"https:\/\/www.sonoraenequipo.com.mx\/\",\"logo\":{\"@type\":\"ImageObject\",\"inLanguage\":\"es\",\"@id\":\"https:\/\/www.sonoraenequipo.com.mx\/#\/schema\/logo\/image\/\",\"url\":\"https:\/\/www.sonoraenequipo.com.mx\/storage\/2019\/01\/sonoraenequipo_opt.png\",\"contentUrl\":\"https:\/\/www.sonoraenequipo.com.mx\/storage\/2019\/01\/sonoraenequipo_opt.png\",\"width\":375,\"height\":125,\"caption\":\"Sonoraenequipo.com.mx\"},\"image\":{\"@id\":\"https:\/\/www.sonoraenequipo.com.mx\/#\/schema\/logo\/image\/\"},\"sameAs\":[\"https:\/\/www.facebook.com\/SonoraEE\/\",\"https:\/\/x.com\/sonoraenequipo\",\"https:\/\/www.youtube.com\/channel\/UC338nW-lPEYmJQs4ZABQ1SQ\"]},{\"@type\":\"Person\",\"@id\":\"https:\/\/www.sonoraenequipo.com.mx\/#\/schema\/person\/50102df0fb23a8fa9e8effad8fa81386\",\"name\":\"enequipo\",\"image\":{\"@type\":\"ImageObject\",\"inLanguage\":\"es\",\"@id\":\"https:\/\/www.sonoraenequipo.com.mx\/#\/schema\/person\/image\/\",\"url\":\"https:\/\/secure.gravatar.com\/avatar\/049821681b589dabc0bc20695993ccebb09f5b5d4d790cd9251b97faac7c652b?s=96&d=blank&r=g\",\"contentUrl\":\"https:\/\/secure.gravatar.com\/avatar\/049821681b589dabc0bc20695993ccebb09f5b5d4d790cd9251b97faac7c652b?s=96&d=blank&r=g\",\"caption\":\"enequipo\"},\"sameAs\":[\"https:\/\/www.facebook.com\/SonoraEE\"]}]}<\/script>\n ","yoast_head_json":{"title":"Sonora en Equipo. Lista completa de nominados al Oscar","description":"HERMOSILLO, SONORA,MX.\u2500\u2500 La XCV (95) edici\u00f3n de los premios Oscar \u00a0ser\u00e1 el 12 de marzo en el Dolby Theatre en Hollywood, California, EE.UU. &nbsp; Mejor En Sonora en Equipo publicamos toda la informaci\u00f3n de Sonora, M\u00e9xico y el Mundo de manera oportuna y busca que la libertad de expresi\u00f3n sea real. Visita nuestro medio informativo publicado desde Hermosillo, Sonora. %","robots":{"index":"index","follow":"follow","max-snippet":"max-snippet:-1","max-image-preview":"max-image-preview:large","max-video-preview":"max-video-preview:-1"},"canonical":"https:\/\/www.sonoraenequipo.com.mx\/lista-completa-de-nominados-al-oscar\/","og_locale":"es_ES","og_type":"article","og_title":"Sonora en Equipo. Lista completa de nominados al Oscar","og_description":"HERMOSILLO, SONORA,MX.\u2500\u2500 La XCV (95) edici\u00f3n de los premios Oscar \u00a0ser\u00e1 el 12 de marzo en el Dolby Theatre en Hollywood, California, EE.UU. &nbsp; Mejor En Sonora en Equipo publicamos toda la informaci\u00f3n de Sonora, M\u00e9xico y el Mundo de manera oportuna y busca que la libertad de expresi\u00f3n sea real. Visita nuestro medio informativo publicado desde Hermosillo, Sonora. %","og_url":"https:\/\/www.sonoraenequipo.com.mx\/lista-completa-de-nominados-al-oscar\/","og_site_name":"Sonora en Equipo.","article_publisher":"https:\/\/www.facebook.com\/SonoraEE\/","article_author":"https:\/\/www.facebook.com\/SonoraEE","article_published_time":"2023-01-28T00:09:40+00:00","article_modified_time":"2023-01-28T01:24:40+00:00","og_image":[{"width":700,"height":400,"url":"https:\/\/www.sonoraenequipo.com.mx\/storage\/2021\/05\/oscar-2022_opt.jpg","type":"image\/jpeg"}],"author":"enequipo","twitter_card":"summary_large_image","twitter_creator":"@sonoraenequipo","twitter_site":"@sonoraenequipo","twitter_misc":{"Escrito por":"enequipo","Tiempo de lectura":"4 minutos"},"schema":{"@context":"https:\/\/schema.org","@graph":[{"@type":"Article","@id":"https:\/\/www.sonoraenequipo.com.mx\/lista-completa-de-nominados-al-oscar\/#article","isPartOf":{"@id":"https:\/\/www.sonoraenequipo.com.mx\/lista-completa-de-nominados-al-oscar\/"},"author":{"name":"enequipo","@id":"https:\/\/www.sonoraenequipo.com.mx\/#\/schema\/person\/50102df0fb23a8fa9e8effad8fa81386"},"headline":"Lista completa de nominados al Oscar","datePublished":"2023-01-28T00:09:40+00:00","dateModified":"2023-01-28T01:24:40+00:00","mainEntityOfPage":{"@id":"https:\/\/www.sonoraenequipo.com.mx\/lista-completa-de-nominados-al-oscar\/"},"wordCount":741,"commentCount":0,"publisher":{"@id":"https:\/\/www.sonoraenequipo.com.mx\/#organization"},"image":{"@id":"https:\/\/www.sonoraenequipo.com.mx\/lista-completa-de-nominados-al-oscar\/#primaryimage"},"thumbnailUrl":"https:\/\/www.sonoraenequipo.com.mx\/storage\/2021\/05\/oscar-2022_opt.jpg","keywords":["oscar","premios"],"articleSection":["Showbiz"],"inLanguage":"es","potentialAction":[{"@type":"CommentAction","name":"Comment","target":["https:\/\/www.sonoraenequipo.com.mx\/lista-completa-de-nominados-al-oscar\/#respond"]}]},{"@type":"WebPage","@id":"https:\/\/www.sonoraenequipo.com.mx\/lista-completa-de-nominados-al-oscar\/","url":"https:\/\/www.sonoraenequipo.com.mx\/lista-completa-de-nominados-al-oscar\/","name":"Sonora en Equipo. Lista completa de nominados al Oscar","isPartOf":{"@id":"https:\/\/www.sonoraenequipo.com.mx\/#website"},"primaryImageOfPage":{"@id":"https:\/\/www.sonoraenequipo.com.mx\/lista-completa-de-nominados-al-oscar\/#primaryimage"},"image":{"@id":"https:\/\/www.sonoraenequipo.com.mx\/lista-completa-de-nominados-al-oscar\/#primaryimage"},"thumbnailUrl":"https:\/\/www.sonoraenequipo.com.mx\/storage\/2021\/05\/oscar-2022_opt.jpg","datePublished":"2023-01-28T00:09:40+00:00","dateModified":"2023-01-28T01:24:40+00:00","description":"HERMOSILLO, SONORA,MX.\u2500\u2500 La XCV (95) edici\u00f3n de los premios Oscar \u00a0ser\u00e1 el 12 de marzo en el Dolby Theatre en Hollywood, California, EE.UU. &nbsp; Mejor En Sonora en Equipo publicamos toda la informaci\u00f3n de Sonora, M\u00e9xico y el Mundo de manera oportuna y busca que la libertad de expresi\u00f3n sea real. Visita nuestro medio informativo publicado desde Hermosillo, Sonora. %","breadcrumb":{"@id":"https:\/\/www.sonoraenequipo.com.mx\/lista-completa-de-nominados-al-oscar\/#breadcrumb"},"inLanguage":"es","potentialAction":[{"@type":"ReadAction","target":["https:\/\/www.sonoraenequipo.com.mx\/lista-completa-de-nominados-al-oscar\/"]}]},{"@type":"ImageObject","inLanguage":"es","@id":"https:\/\/www.sonoraenequipo.com.mx\/lista-completa-de-nominados-al-oscar\/#primaryimage","url":"https:\/\/www.sonoraenequipo.com.mx\/storage\/2021\/05\/oscar-2022_opt.jpg","contentUrl":"https:\/\/www.sonoraenequipo.com.mx\/storage\/2021\/05\/oscar-2022_opt.jpg","width":700,"height":400},{"@type":"BreadcrumbList","@id":"https:\/\/www.sonoraenequipo.com.mx\/lista-completa-de-nominados-al-oscar\/#breadcrumb","itemListElement":[{"@type":"ListItem","position":1,"name":"Portada","item":"https:\/\/www.sonoraenequipo.com.mx\/"},{"@type":"ListItem","position":2,"name":"Lista completa de nominados al Oscar"}]},{"@type":"WebSite","@id":"https:\/\/www.sonoraenequipo.com.mx\/#website","url":"https:\/\/www.sonoraenequipo.com.mx\/","name":"Sonora en Equipo.","description":"Diario en l\u00ednea con Noticias desde Hermosillo, Sonora","publisher":{"@id":"https:\/\/www.sonoraenequipo.com.mx\/#organization"},"potentialAction":[{"@type":"SearchAction","target":{"@type":"EntryPoint","urlTemplate":"https:\/\/www.sonoraenequipo.com.mx\/?s={search_term_string}"},"query-input":{"@type":"PropertyValueSpecification","valueRequired":true,"valueName":"search_term_string"}}],"inLanguage":"es"},{"@type":"Organization","@id":"https:\/\/www.sonoraenequipo.com.mx\/#organization","name":"Sonoraenequipo.com.mx","url":"https:\/\/www.sonoraenequipo.com.mx\/","logo":{"@type":"ImageObject","inLanguage":"es","@id":"https:\/\/www.sonoraenequipo.com.mx\/#\/schema\/logo\/image\/","url":"https:\/\/www.sonoraenequipo.com.mx\/storage\/2019\/01\/sonoraenequipo_opt.png","contentUrl":"https:\/\/www.sonoraenequipo.com.mx\/storage\/2019\/01\/sonoraenequipo_opt.png","width":375,"height":125,"caption":"Sonoraenequipo.com.mx"},"image":{"@id":"https:\/\/www.sonoraenequipo.com.mx\/#\/schema\/logo\/image\/"},"sameAs":["https:\/\/www.facebook.com\/SonoraEE\/","https:\/\/x.com\/sonoraenequipo","https:\/\/www.youtube.com\/channel\/UC338nW-lPEYmJQs4ZABQ1SQ"]},{"@type":"Person","@id":"https:\/\/www.sonoraenequipo.com.mx\/#\/schema\/person\/50102df0fb23a8fa9e8effad8fa81386","name":"enequipo","image":{"@type":"ImageObject","inLanguage":"es","@id":"https:\/\/www.sonoraenequipo.com.mx\/#\/schema\/person\/image\/","url":"https:\/\/secure.gravatar.com\/avatar\/049821681b589dabc0bc20695993ccebb09f5b5d4d790cd9251b97faac7c652b?s=96&d=blank&r=g","contentUrl":"https:\/\/secure.gravatar.com\/avatar\/049821681b589dabc0bc20695993ccebb09f5b5d4d790cd9251b97faac7c652b?s=96&d=blank&r=g","caption":"enequipo"},"sameAs":["https:\/\/www.facebook.com\/SonoraEE"]}]}},"jetpack_featured_media_url":"https:\/\/www.sonoraenequipo.com.mx\/storage\/2021\/05\/oscar-2022_opt.jpg","_links":{"self":[{"href":"https:\/\/www.sonoraenequipo.com.mx\/api\/wp\/v2\/posts\/157700","targetHints":{"allow":["GET"]}}],"collection":[{"href":"https:\/\/www.sonoraenequipo.com.mx\/api\/wp\/v2\/posts"}],"about":[{"href":"https:\/\/www.sonoraenequipo.com.mx\/api\/wp\/v2\/types\/post"}],"author":[{"embeddable":true,"href":"https:\/\/www.sonoraenequipo.com.mx\/api\/wp\/v2\/users\/1"}],"replies":[{"embeddable":true,"href":"https:\/\/www.sonoraenequipo.com.mx\/api\/wp\/v2\/comments?post=157700"}],"version-history":[{"count":1,"href":"https:\/\/www.sonoraenequipo.com.mx\/api\/wp\/v2\/posts\/157700\/revisions"}],"predecessor-version":[{"id":157701,"href":"https:\/\/www.sonoraenequipo.com.mx\/api\/wp\/v2\/posts\/157700\/revisions\/157701"}],"wp:featuredmedia":[{"embeddable":true,"href":"https:\/\/www.sonoraenequipo.com.mx\/api\/wp\/v2\/media\/115006"}],"wp:attachment":[{"href":"https:\/\/www.sonoraenequipo.com.mx\/api\/wp\/v2\/media?parent=157700"}],"wp:term":[{"taxonomy":"category","embeddable":true,"href":"https:\/\/www.sonoraenequipo.com.mx\/api\/wp\/v2\/categories?post=157700"},{"taxonomy":"post_tag","embeddable":true,"href":"https:\/\/www.sonoraenequipo.com.mx\/api\/wp\/v2\/tags?post=157700"}],"curies":[{"name":"wp","href":"https:\/\/api.w.org\/{rel}","templated":true}]}}