{"id":157714,"date":"2023-01-27T19:15:35","date_gmt":"2023-01-28T02:15:35","guid":{"rendered":"https:\/\/www.sonoraenequipo.com.mx\/?p=157714"},"modified":"2023-01-27T20:54:18","modified_gmt":"2023-01-28T03:54:18","slug":"avanza-al-70-por-ciento-la-rehabilitacion-de-la-calle-reforma","status":"publish","type":"post","link":"https:\/\/www.sonoraenequipo.com.mx\/avanza-al-70-por-ciento-la-rehabilitacion-de-la-calle-reforma\/","title":{"rendered":"Avanza al 70 por ciento la rehabilitaci\u00f3n de la calle Reforma"},"content":{"rendered":"<p><strong>HERMOSILLO, SONORA. MX. \u2014<\/strong> Los trabajos de rehabilitaci\u00f3n de la calle Reforma llevan 70 por ciento de avance, se ha desarrollado del Luis Encinas a la avenida Quintana Roo, hasta donde est\u00e1 abierto el tr\u00e1nsito; contin\u00faa el colado de concreto en los cruceros con Veracruz y Nayarit y se est\u00e1 a tiempo para terminar durante los primeros d\u00edas de marzo.<\/p>\n<p>&nbsp;<\/p>\n<p> <\/p>\n<p>&nbsp;<\/p>\n<p>El director de Infraestructura de la Coordinaci\u00f3n de Infraestructura, Desarrollo Urbano y Ecolog\u00eda (CIDUE), Gerardo Togawa Espinoza explic\u00f3 que dichos cruceros ser\u00e1n colados en su lado norte y se pretende terminar su rehabilitaci\u00f3n para la primera semana de febrero, cuando se liberar\u00e1 el tr\u00e1nsito desde Luis Encinas hasta Jos\u00e9 S. Healy.<\/p>\n<p>&nbsp;<\/p>\n<p>Togawa Espinoza coment\u00f3 que la pr\u00f3xima semana se va a tirar carpeta asf\u00e1ltica desde la avenida Campeche para abrir el tr\u00e1nsito hasta ese punto; tambi\u00e9n que contin\u00faan con el cambio de infraestructura de agua y drenaje de la Jos\u00e9 Carmelo hasta la Eduardo Lever, por lo que una vez finalizada esta etapa, quedar\u00e1n las \u00faltimas tres cuadras para llegar a la avenida Mendoza, durante la segunda quincena de febrero.<\/p>\n<p>&nbsp;<\/p>\n<p><strong><em>\u201cDe igual manera retomaremos la rehabilitaci\u00f3n de los cruceros del par vial de la Jos\u00e9 Carmelo y Healy, en esta \u00faltima etapa como estrategia para agilizar el flujo vehicular, en acuerdo con el Departamento de Tr\u00e1nsito Municipal\u201d<\/em><\/strong>, manifest\u00f3.<\/p>\n<p>&nbsp;<\/p>\n<p>El funcionario record\u00f3 que la obra est\u00e1 contratada con el recurso producto de la regularizaci\u00f3n de veh\u00edculos extranjeros en su primera ministraci\u00f3n, es un contrato que tiene un costo de 24.7 millones de pesos para la rehabilitaci\u00f3n de la Reforma desde el bulevar Luis Encinas hasta la avenida Mendoza.<\/p>\n<p>&nbsp;<\/p>\n<p>&nbsp;<\/p>\n<p>Agreg\u00f3 que se trabaja con la primer ministraci\u00f3n de dichos recursos federales que fue de 33 millones de pesos, de un total de m\u00e1s de 92 millones que se han recaudado por ese rubro.<\/p>\n<p>&nbsp;<\/p>\n<p>&nbsp;<\/p>\n<p>PUBLICADO EL 27\/ENERO\/2023 \/Con informaci\u00f3n de GOB HMO 57\/2023<\/p>\n","protected":false},"excerpt":{"rendered":"<p>HERMOSILLO, SONORA. MX. \u2014 Los trabajos de rehabilitaci\u00f3n de la calle Reforma llevan 70 por&#8230;<\/p>\n","protected":false},"author":1,"featured_media":157716,"comment_status":"open","ping_status":"open","sticky":false,"template":"","format":"standard","meta":{"_monsterinsights_skip_tracking":false,"_monsterinsights_sitenote_active":false,"_monsterinsights_sitenote_note":"","_monsterinsights_sitenote_category":0,"footnotes":""},"categories":[22],"tags":[],"class_list":["post"],"yoast_head":" \n<title>Sonora en Equipo. Avanza al 70 por ciento la rehabilitaci\u00f3n de la calle Reforma Sonora<\/title>\n<meta name=\"description\" content=\"HERMOSILLO, SONORA. MX. \u2014 Los trabajos de rehabilitaci\u00f3n de la calle Reforma llevan 70 por ciento de avance, se ha desarrollado del Luis Encinas a la En Sonora en Equipo publicamos toda la informaci\u00f3n de Sonora, M\u00e9xico y el Mundo de manera oportuna y busca que la libertad de expresi\u00f3n sea real. Visita nuestro medio informativo publicado desde Hermosillo, Sonora. %\" \/>\n<meta name=\"robots\" content=\"index, follow, max-snippet:-1, max-image-preview:large, max-video-preview:-1\" \/>\n<link rel=\"canonical\" href=\"https:\/\/www.sonoraenequipo.com.mx\/avanza-al-70-por-ciento-la-rehabilitacion-de-la-calle-reforma\/\" \/>\n<meta property=\"og:locale\" content=\"es_ES\" \/>\n<meta property=\"og:type\" content=\"article\" \/>\n<meta property=\"og:title\" content=\"Sonora en Equipo. Avanza al 70 por ciento la rehabilitaci\u00f3n de la calle Reforma Sonora\" \/>\n<meta property=\"og:description\" content=\"HERMOSILLO, SONORA. MX. \u2014 Los trabajos de rehabilitaci\u00f3n de la calle Reforma llevan 70 por ciento de avance, se ha desarrollado del Luis Encinas a la En Sonora en Equipo publicamos toda la informaci\u00f3n de Sonora, M\u00e9xico y el Mundo de manera oportuna y busca que la libertad de expresi\u00f3n sea real. Visita nuestro medio informativo publicado desde Hermosillo, Sonora. %\" \/>\n<meta property=\"og:url\" content=\"https:\/\/www.sonoraenequipo.com.mx\/avanza-al-70-por-ciento-la-rehabilitacion-de-la-calle-reforma\/\" \/>\n<meta property=\"og:site_name\" content=\"Sonora en Equipo.\" \/>\n<meta property=\"article:publisher\" content=\"https:\/\/www.facebook.com\/SonoraEE\/\" \/>\n<meta property=\"article:author\" content=\"https:\/\/www.facebook.com\/SonoraEE\" \/>\n<meta property=\"article:published_time\" content=\"2023-01-28T02:15:35+00:00\" \/>\n<meta property=\"article:modified_time\" content=\"2023-01-28T03:54:18+00:00\" \/>\n<meta property=\"og:image\" content=\"https:\/\/www.sonoraenequipo.com.mx\/storage\/2023\/01\/Avanza-al-70-por-ciento-la-rehabilitacion-de-la-calle-Reforma-3.jpg\" \/>\n\t<meta property=\"og:image:width\" content=\"900\" \/>\n\t<meta property=\"og:image:height\" content=\"540\" \/>\n\t<meta property=\"og:image:type\" content=\"image\/jpeg\" \/>\n<meta name=\"author\" content=\"enequipo\" \/>\n<meta name=\"twitter:card\" content=\"summary_large_image\" \/>\n<meta name=\"twitter:creator\" content=\"@sonoraenequipo\" \/>\n<meta name=\"twitter:site\" content=\"@sonoraenequipo\" \/>\n<meta name=\"twitter:label1\" content=\"Escrito por\" \/>\n\t<meta name=\"twitter:data1\" content=\"enequipo\" \/>\n\t<meta name=\"twitter:label2\" content=\"Tiempo de lectura\" \/>\n\t<meta name=\"twitter:data2\" content=\"2 minutos\" \/>\n<script type=\"application\/ld+json\" class=\"yoast-schema-graph\">{\"@context\":\"https:\/\/schema.org\",\"@graph\":[{\"@type\":\"Article\",\"@id\":\"https:\/\/www.sonoraenequipo.com.mx\/avanza-al-70-por-ciento-la-rehabilitacion-de-la-calle-reforma\/#article\",\"isPartOf\":{\"@id\":\"https:\/\/www.sonoraenequipo.com.mx\/avanza-al-70-por-ciento-la-rehabilitacion-de-la-calle-reforma\/\"},\"author\":{\"name\":\"enequipo\",\"@id\":\"https:\/\/www.sonoraenequipo.com.mx\/#\/schema\/person\/50102df0fb23a8fa9e8effad8fa81386\"},\"headline\":\"Avanza al 70 por ciento la rehabilitaci\u00f3n de la calle Reforma\",\"datePublished\":\"2023-01-28T02:15:35+00:00\",\"dateModified\":\"2023-01-28T03:54:18+00:00\",\"mainEntityOfPage\":{\"@id\":\"https:\/\/www.sonoraenequipo.com.mx\/avanza-al-70-por-ciento-la-rehabilitacion-de-la-calle-reforma\/\"},\"wordCount\":348,\"commentCount\":0,\"publisher\":{\"@id\":\"https:\/\/www.sonoraenequipo.com.mx\/#organization\"},\"image\":{\"@id\":\"https:\/\/www.sonoraenequipo.com.mx\/avanza-al-70-por-ciento-la-rehabilitacion-de-la-calle-reforma\/#primaryimage\"},\"thumbnailUrl\":\"https:\/\/www.sonoraenequipo.com.mx\/storage\/2023\/01\/Avanza-al-70-por-ciento-la-rehabilitacion-de-la-calle-Reforma-3.jpg\",\"articleSection\":[\"Sonora\"],\"inLanguage\":\"es\",\"potentialAction\":[{\"@type\":\"CommentAction\",\"name\":\"Comment\",\"target\":[\"https:\/\/www.sonoraenequipo.com.mx\/avanza-al-70-por-ciento-la-rehabilitacion-de-la-calle-reforma\/#respond\"]}]},{\"@type\":\"WebPage\",\"@id\":\"https:\/\/www.sonoraenequipo.com.mx\/avanza-al-70-por-ciento-la-rehabilitacion-de-la-calle-reforma\/\",\"url\":\"https:\/\/www.sonoraenequipo.com.mx\/avanza-al-70-por-ciento-la-rehabilitacion-de-la-calle-reforma\/\",\"name\":\"Sonora en Equipo. Avanza al 70 por ciento la rehabilitaci\u00f3n de la calle Reforma Sonora\",\"isPartOf\":{\"@id\":\"https:\/\/www.sonoraenequipo.com.mx\/#website\"},\"primaryImageOfPage\":{\"@id\":\"https:\/\/www.sonoraenequipo.com.mx\/avanza-al-70-por-ciento-la-rehabilitacion-de-la-calle-reforma\/#primaryimage\"},\"image\":{\"@id\":\"https:\/\/www.sonoraenequipo.com.mx\/avanza-al-70-por-ciento-la-rehabilitacion-de-la-calle-reforma\/#primaryimage\"},\"thumbnailUrl\":\"https:\/\/www.sonoraenequipo.com.mx\/storage\/2023\/01\/Avanza-al-70-por-ciento-la-rehabilitacion-de-la-calle-Reforma-3.jpg\",\"datePublished\":\"2023-01-28T02:15:35+00:00\",\"dateModified\":\"2023-01-28T03:54:18+00:00\",\"description\":\"HERMOSILLO, SONORA. MX. \u2014 Los trabajos de rehabilitaci\u00f3n de la calle Reforma llevan 70 por ciento de avance, se ha desarrollado del Luis Encinas a la En Sonora en Equipo publicamos toda la informaci\u00f3n de Sonora, M\u00e9xico y el Mundo de manera oportuna y busca que la libertad de expresi\u00f3n sea real. Visita nuestro medio informativo publicado desde Hermosillo, Sonora. %\",\"breadcrumb\":{\"@id\":\"https:\/\/www.sonoraenequipo.com.mx\/avanza-al-70-por-ciento-la-rehabilitacion-de-la-calle-reforma\/#breadcrumb\"},\"inLanguage\":\"es\",\"potentialAction\":[{\"@type\":\"ReadAction\",\"target\":[\"https:\/\/www.sonoraenequipo.com.mx\/avanza-al-70-por-ciento-la-rehabilitacion-de-la-calle-reforma\/\"]}]},{\"@type\":\"ImageObject\",\"inLanguage\":\"es\",\"@id\":\"https:\/\/www.sonoraenequipo.com.mx\/avanza-al-70-por-ciento-la-rehabilitacion-de-la-calle-reforma\/#primaryimage\",\"url\":\"https:\/\/www.sonoraenequipo.com.mx\/storage\/2023\/01\/Avanza-al-70-por-ciento-la-rehabilitacion-de-la-calle-Reforma-3.jpg\",\"contentUrl\":\"https:\/\/www.sonoraenequipo.com.mx\/storage\/2023\/01\/Avanza-al-70-por-ciento-la-rehabilitacion-de-la-calle-Reforma-3.jpg\",\"width\":900,\"height\":540},{\"@type\":\"BreadcrumbList\",\"@id\":\"https:\/\/www.sonoraenequipo.com.mx\/avanza-al-70-por-ciento-la-rehabilitacion-de-la-calle-reforma\/#breadcrumb\",\"itemListElement\":[{\"@type\":\"ListItem\",\"position\":1,\"name\":\"Portada\",\"item\":\"https:\/\/www.sonoraenequipo.com.mx\/\"},{\"@type\":\"ListItem\",\"position\":2,\"name\":\"Avanza al 70 por ciento la rehabilitaci\u00f3n de la calle Reforma\"}]},{\"@type\":\"WebSite\",\"@id\":\"https:\/\/www.sonoraenequipo.com.mx\/#website\",\"url\":\"https:\/\/www.sonoraenequipo.com.mx\/\",\"name\":\"Sonora en Equipo.\",\"description\":\"Diario en l\u00ednea con Noticias desde Hermosillo, Sonora\",\"publisher\":{\"@id\":\"https:\/\/www.sonoraenequipo.com.mx\/#organization\"},\"potentialAction\":[{\"@type\":\"SearchAction\",\"target\":{\"@type\":\"EntryPoint\",\"urlTemplate\":\"https:\/\/www.sonoraenequipo.com.mx\/?s={search_term_string}\"},\"query-input\":{\"@type\":\"PropertyValueSpecification\",\"valueRequired\":true,\"valueName\":\"search_term_string\"}}],\"inLanguage\":\"es\"},{\"@type\":\"Organization\",\"@id\":\"https:\/\/www.sonoraenequipo.com.mx\/#organization\",\"name\":\"Sonoraenequipo.com.mx\",\"url\":\"https:\/\/www.sonoraenequipo.com.mx\/\",\"logo\":{\"@type\":\"ImageObject\",\"inLanguage\":\"es\",\"@id\":\"https:\/\/www.sonoraenequipo.com.mx\/#\/schema\/logo\/image\/\",\"url\":\"https:\/\/www.sonoraenequipo.com.mx\/storage\/2019\/01\/sonoraenequipo_opt.png\",\"contentUrl\":\"https:\/\/www.sonoraenequipo.com.mx\/storage\/2019\/01\/sonoraenequipo_opt.png\",\"width\":375,\"height\":125,\"caption\":\"Sonoraenequipo.com.mx\"},\"image\":{\"@id\":\"https:\/\/www.sonoraenequipo.com.mx\/#\/schema\/logo\/image\/\"},\"sameAs\":[\"https:\/\/www.facebook.com\/SonoraEE\/\",\"https:\/\/x.com\/sonoraenequipo\",\"https:\/\/www.youtube.com\/channel\/UC338nW-lPEYmJQs4ZABQ1SQ\"]},{\"@type\":\"Person\",\"@id\":\"https:\/\/www.sonoraenequipo.com.mx\/#\/schema\/person\/50102df0fb23a8fa9e8effad8fa81386\",\"name\":\"enequipo\",\"image\":{\"@type\":\"ImageObject\",\"inLanguage\":\"es\",\"@id\":\"https:\/\/www.sonoraenequipo.com.mx\/#\/schema\/person\/image\/\",\"url\":\"https:\/\/secure.gravatar.com\/avatar\/049821681b589dabc0bc20695993ccebb09f5b5d4d790cd9251b97faac7c652b?s=96&d=blank&r=g\",\"contentUrl\":\"https:\/\/secure.gravatar.com\/avatar\/049821681b589dabc0bc20695993ccebb09f5b5d4d790cd9251b97faac7c652b?s=96&d=blank&r=g\",\"caption\":\"enequipo\"},\"sameAs\":[\"https:\/\/www.facebook.com\/SonoraEE\"]}]}<\/script>\n ","yoast_head_json":{"title":"Sonora en Equipo. Avanza al 70 por ciento la rehabilitaci\u00f3n de la calle Reforma Sonora","description":"HERMOSILLO, SONORA. MX. \u2014 Los trabajos de rehabilitaci\u00f3n de la calle Reforma llevan 70 por ciento de avance, se ha desarrollado del Luis Encinas a la En Sonora en Equipo publicamos toda la informaci\u00f3n de Sonora, M\u00e9xico y el Mundo de manera oportuna y busca que la libertad de expresi\u00f3n sea real. Visita nuestro medio informativo publicado desde Hermosillo, Sonora. %","robots":{"index":"index","follow":"follow","max-snippet":"max-snippet:-1","max-image-preview":"max-image-preview:large","max-video-preview":"max-video-preview:-1"},"canonical":"https:\/\/www.sonoraenequipo.com.mx\/avanza-al-70-por-ciento-la-rehabilitacion-de-la-calle-reforma\/","og_locale":"es_ES","og_type":"article","og_title":"Sonora en Equipo. Avanza al 70 por ciento la rehabilitaci\u00f3n de la calle Reforma Sonora","og_description":"HERMOSILLO, SONORA. MX. \u2014 Los trabajos de rehabilitaci\u00f3n de la calle Reforma llevan 70 por ciento de avance, se ha desarrollado del Luis Encinas a la En Sonora en Equipo publicamos toda la informaci\u00f3n de Sonora, M\u00e9xico y el Mundo de manera oportuna y busca que la libertad de expresi\u00f3n sea real. Visita nuestro medio informativo publicado desde Hermosillo, Sonora. %","og_url":"https:\/\/www.sonoraenequipo.com.mx\/avanza-al-70-por-ciento-la-rehabilitacion-de-la-calle-reforma\/","og_site_name":"Sonora en Equipo.","article_publisher":"https:\/\/www.facebook.com\/SonoraEE\/","article_author":"https:\/\/www.facebook.com\/SonoraEE","article_published_time":"2023-01-28T02:15:35+00:00","article_modified_time":"2023-01-28T03:54:18+00:00","og_image":[{"width":900,"height":540,"url":"https:\/\/www.sonoraenequipo.com.mx\/storage\/2023\/01\/Avanza-al-70-por-ciento-la-rehabilitacion-de-la-calle-Reforma-3.jpg","type":"image\/jpeg"}],"author":"enequipo","twitter_card":"summary_large_image","twitter_creator":"@sonoraenequipo","twitter_site":"@sonoraenequipo","twitter_misc":{"Escrito por":"enequipo","Tiempo de lectura":"2 minutos"},"schema":{"@context":"https:\/\/schema.org","@graph":[{"@type":"Article","@id":"https:\/\/www.sonoraenequipo.com.mx\/avanza-al-70-por-ciento-la-rehabilitacion-de-la-calle-reforma\/#article","isPartOf":{"@id":"https:\/\/www.sonoraenequipo.com.mx\/avanza-al-70-por-ciento-la-rehabilitacion-de-la-calle-reforma\/"},"author":{"name":"enequipo","@id":"https:\/\/www.sonoraenequipo.com.mx\/#\/schema\/person\/50102df0fb23a8fa9e8effad8fa81386"},"headline":"Avanza al 70 por ciento la rehabilitaci\u00f3n de la calle Reforma","datePublished":"2023-01-28T02:15:35+00:00","dateModified":"2023-01-28T03:54:18+00:00","mainEntityOfPage":{"@id":"https:\/\/www.sonoraenequipo.com.mx\/avanza-al-70-por-ciento-la-rehabilitacion-de-la-calle-reforma\/"},"wordCount":348,"commentCount":0,"publisher":{"@id":"https:\/\/www.sonoraenequipo.com.mx\/#organization"},"image":{"@id":"https:\/\/www.sonoraenequipo.com.mx\/avanza-al-70-por-ciento-la-rehabilitacion-de-la-calle-reforma\/#primaryimage"},"thumbnailUrl":"https:\/\/www.sonoraenequipo.com.mx\/storage\/2023\/01\/Avanza-al-70-por-ciento-la-rehabilitacion-de-la-calle-Reforma-3.jpg","articleSection":["Sonora"],"inLanguage":"es","potentialAction":[{"@type":"CommentAction","name":"Comment","target":["https:\/\/www.sonoraenequipo.com.mx\/avanza-al-70-por-ciento-la-rehabilitacion-de-la-calle-reforma\/#respond"]}]},{"@type":"WebPage","@id":"https:\/\/www.sonoraenequipo.com.mx\/avanza-al-70-por-ciento-la-rehabilitacion-de-la-calle-reforma\/","url":"https:\/\/www.sonoraenequipo.com.mx\/avanza-al-70-por-ciento-la-rehabilitacion-de-la-calle-reforma\/","name":"Sonora en Equipo. Avanza al 70 por ciento la rehabilitaci\u00f3n de la calle Reforma Sonora","isPartOf":{"@id":"https:\/\/www.sonoraenequipo.com.mx\/#website"},"primaryImageOfPage":{"@id":"https:\/\/www.sonoraenequipo.com.mx\/avanza-al-70-por-ciento-la-rehabilitacion-de-la-calle-reforma\/#primaryimage"},"image":{"@id":"https:\/\/www.sonoraenequipo.com.mx\/avanza-al-70-por-ciento-la-rehabilitacion-de-la-calle-reforma\/#primaryimage"},"thumbnailUrl":"https:\/\/www.sonoraenequipo.com.mx\/storage\/2023\/01\/Avanza-al-70-por-ciento-la-rehabilitacion-de-la-calle-Reforma-3.jpg","datePublished":"2023-01-28T02:15:35+00:00","dateModified":"2023-01-28T03:54:18+00:00","description":"HERMOSILLO, SONORA. MX. \u2014 Los trabajos de rehabilitaci\u00f3n de la calle Reforma llevan 70 por ciento de avance, se ha desarrollado del Luis Encinas a la En Sonora en Equipo publicamos toda la informaci\u00f3n de Sonora, M\u00e9xico y el Mundo de manera oportuna y busca que la libertad de expresi\u00f3n sea real. Visita nuestro medio informativo publicado desde Hermosillo, Sonora. %","breadcrumb":{"@id":"https:\/\/www.sonoraenequipo.com.mx\/avanza-al-70-por-ciento-la-rehabilitacion-de-la-calle-reforma\/#breadcrumb"},"inLanguage":"es","potentialAction":[{"@type":"ReadAction","target":["https:\/\/www.sonoraenequipo.com.mx\/avanza-al-70-por-ciento-la-rehabilitacion-de-la-calle-reforma\/"]}]},{"@type":"ImageObject","inLanguage":"es","@id":"https:\/\/www.sonoraenequipo.com.mx\/avanza-al-70-por-ciento-la-rehabilitacion-de-la-calle-reforma\/#primaryimage","url":"https:\/\/www.sonoraenequipo.com.mx\/storage\/2023\/01\/Avanza-al-70-por-ciento-la-rehabilitacion-de-la-calle-Reforma-3.jpg","contentUrl":"https:\/\/www.sonoraenequipo.com.mx\/storage\/2023\/01\/Avanza-al-70-por-ciento-la-rehabilitacion-de-la-calle-Reforma-3.jpg","width":900,"height":540},{"@type":"BreadcrumbList","@id":"https:\/\/www.sonoraenequipo.com.mx\/avanza-al-70-por-ciento-la-rehabilitacion-de-la-calle-reforma\/#breadcrumb","itemListElement":[{"@type":"ListItem","position":1,"name":"Portada","item":"https:\/\/www.sonoraenequipo.com.mx\/"},{"@type":"ListItem","position":2,"name":"Avanza al 70 por ciento la rehabilitaci\u00f3n de la calle Reforma"}]},{"@type":"WebSite","@id":"https:\/\/www.sonoraenequipo.com.mx\/#website","url":"https:\/\/www.sonoraenequipo.com.mx\/","name":"Sonora en Equipo.","description":"Diario en l\u00ednea con Noticias desde Hermosillo, Sonora","publisher":{"@id":"https:\/\/www.sonoraenequipo.com.mx\/#organization"},"potentialAction":[{"@type":"SearchAction","target":{"@type":"EntryPoint","urlTemplate":"https:\/\/www.sonoraenequipo.com.mx\/?s={search_term_string}"},"query-input":{"@type":"PropertyValueSpecification","valueRequired":true,"valueName":"search_term_string"}}],"inLanguage":"es"},{"@type":"Organization","@id":"https:\/\/www.sonoraenequipo.com.mx\/#organization","name":"Sonoraenequipo.com.mx","url":"https:\/\/www.sonoraenequipo.com.mx\/","logo":{"@type":"ImageObject","inLanguage":"es","@id":"https:\/\/www.sonoraenequipo.com.mx\/#\/schema\/logo\/image\/","url":"https:\/\/www.sonoraenequipo.com.mx\/storage\/2019\/01\/sonoraenequipo_opt.png","contentUrl":"https:\/\/www.sonoraenequipo.com.mx\/storage\/2019\/01\/sonoraenequipo_opt.png","width":375,"height":125,"caption":"Sonoraenequipo.com.mx"},"image":{"@id":"https:\/\/www.sonoraenequipo.com.mx\/#\/schema\/logo\/image\/"},"sameAs":["https:\/\/www.facebook.com\/SonoraEE\/","https:\/\/x.com\/sonoraenequipo","https:\/\/www.youtube.com\/channel\/UC338nW-lPEYmJQs4ZABQ1SQ"]},{"@type":"Person","@id":"https:\/\/www.sonoraenequipo.com.mx\/#\/schema\/person\/50102df0fb23a8fa9e8effad8fa81386","name":"enequipo","image":{"@type":"ImageObject","inLanguage":"es","@id":"https:\/\/www.sonoraenequipo.com.mx\/#\/schema\/person\/image\/","url":"https:\/\/secure.gravatar.com\/avatar\/049821681b589dabc0bc20695993ccebb09f5b5d4d790cd9251b97faac7c652b?s=96&d=blank&r=g","contentUrl":"https:\/\/secure.gravatar.com\/avatar\/049821681b589dabc0bc20695993ccebb09f5b5d4d790cd9251b97faac7c652b?s=96&d=blank&r=g","caption":"enequipo"},"sameAs":["https:\/\/www.facebook.com\/SonoraEE"]}]}},"jetpack_featured_media_url":"https:\/\/www.sonoraenequipo.com.mx\/storage\/2023\/01\/Avanza-al-70-por-ciento-la-rehabilitacion-de-la-calle-Reforma-3.jpg","_links":{"self":[{"href":"https:\/\/www.sonoraenequipo.com.mx\/api\/wp\/v2\/posts\/157714","targetHints":{"allow":["GET"]}}],"collection":[{"href":"https:\/\/www.sonoraenequipo.com.mx\/api\/wp\/v2\/posts"}],"about":[{"href":"https:\/\/www.sonoraenequipo.com.mx\/api\/wp\/v2\/types\/post"}],"author":[{"embeddable":true,"href":"https:\/\/www.sonoraenequipo.com.mx\/api\/wp\/v2\/users\/1"}],"replies":[{"embeddable":true,"href":"https:\/\/www.sonoraenequipo.com.mx\/api\/wp\/v2\/comments?post=157714"}],"version-history":[{"count":1,"href":"https:\/\/www.sonoraenequipo.com.mx\/api\/wp\/v2\/posts\/157714\/revisions"}],"predecessor-version":[{"id":157717,"href":"https:\/\/www.sonoraenequipo.com.mx\/api\/wp\/v2\/posts\/157714\/revisions\/157717"}],"wp:featuredmedia":[{"embeddable":true,"href":"https:\/\/www.sonoraenequipo.com.mx\/api\/wp\/v2\/media\/157716"}],"wp:attachment":[{"href":"https:\/\/www.sonoraenequipo.com.mx\/api\/wp\/v2\/media?parent=157714"}],"wp:term":[{"taxonomy":"category","embeddable":true,"href":"https:\/\/www.sonoraenequipo.com.mx\/api\/wp\/v2\/categories?post=157714"},{"taxonomy":"post_tag","embeddable":true,"href":"https:\/\/www.sonoraenequipo.com.mx\/api\/wp\/v2\/tags?post=157714"}],"curies":[{"name":"wp","href":"https:\/\/api.w.org\/{rel}","templated":true}]}}