{"id":157963,"date":"2023-02-01T10:48:18","date_gmt":"2023-02-01T17:48:18","guid":{"rendered":"https:\/\/www.sonoraenequipo.com.mx\/?p=157963"},"modified":"2023-02-01T10:48:18","modified_gmt":"2023-02-01T17:48:18","slug":"entrega-sedesson-parque-rehabilitado-en-la-localidad-de-zamora","status":"publish","type":"post","link":"https:\/\/www.sonoraenequipo.com.mx\/entrega-sedesson-parque-rehabilitado-en-la-localidad-de-zamora\/","title":{"rendered":"Entrega Sedesson parque rehabilitado en la localidad de Zamora"},"content":{"rendered":"<p>Entrega Sedesson parque rehabilitado en la localidad de Zamora<\/p>\n<p><strong>HERMOSILLO, SONORA,MX.<\/strong><strong>\u2500\u2500<\/strong> Como parte del programa Barrio Vivo, la Secretar\u00eda de Desarrollo Social entreg\u00f3 la rehabilitaci\u00f3n del Parque Zamora, en el municipio de Hermosillo, con una inversi\u00f3n total de 482 mil 921 pesos.<\/p>\n<p>&nbsp;<\/p>\n<p>&nbsp;<\/p>\n<p>&nbsp;<\/p>\n<p>La secretaria Wendy Brice\u00f1o Zuloaga, en compa\u00f1\u00eda de Crist\u00f3bal Mart\u00ednez, director de Bosque Urbano Sonora A.C., explic\u00f3 que Barrio Vivo tiene el objetivo de realizar acciones para la disminuci\u00f3n del rezago social en relaci\u00f3n a servicios b\u00e1sicos y espacios p\u00fablicos dignos, con el fin de aminorar brechas de desigualdad en distintos sectores de una comunidad.<\/p>\n<p>&nbsp;<\/p>\n<p>&nbsp;<\/p>\n<p>&nbsp;<\/p>\n<p>Explic\u00f3 que los trabajos de rehabilitaci\u00f3n del parque consistieron en limpieza general del \u00e1rea y poda de \u00e1rboles, construcci\u00f3n de un kiosco, aplicaci\u00f3n de pintura esmalte, colocaci\u00f3n de piso de concreto, sustituci\u00f3n de resbaladero, dos m\u00f3dulos de columpios, dos pasa manos, dos sube y bajas, rehabilitaci\u00f3n de cancha de usos m\u00faltiples, dos botes de basura, as\u00ed como cuatro postes met\u00e1licos y cuatro luminarias solares para alumbrado.<\/p>\n<p>&nbsp;<\/p>\n<p>&nbsp;<\/p>\n<p>&nbsp;<\/p>\n<p>En el evento tambi\u00e9n estuvo presente la Direcci\u00f3n de Protecci\u00f3n y Bienestar Animal y la Fundaci\u00f3n Pata de Perro, A.C., cuyo personal ofreci\u00f3 servicios veterinarios gratuitos a propietarios de mascotas mascotas.<\/p>\n<p>&nbsp;<\/p>\n<p>&nbsp;<\/p>\n<p>&nbsp;<\/p>\n<p>As\u00ed mismo, la Comisi\u00f3n de Ecolog\u00eda y Desarrollo Sustentable del Estado de Sonora (Cedes) realiz\u00f3 la donaci\u00f3n de 300 plantas, entre ellas laurel, palo blanco palma y chiltep\u00edn; mientras que el artista Jaime Florentino ofreci\u00f3 un show de t\u00edteres en el que ni\u00f1os, j\u00f3venes y adultos pasaron una tarde recreativa y de sana convivencia.<\/p>\n<p><strong><em><u>Fecha de publicaci\u00f3n\u00a0 mi\u00e9rcoles 1 de febrero de 2023 con informaci\u00f3n de boletines<\/u><\/em><\/strong><\/p>\n<p>&nbsp;<\/p>\n","protected":false},"excerpt":{"rendered":"<p>Entrega Sedesson parque rehabilitado en la localidad de Zamora HERMOSILLO, SONORA,MX.\u2500\u2500 Como parte del programa&#8230;<\/p>\n","protected":false},"author":1,"featured_media":157966,"comment_status":"open","ping_status":"open","sticky":false,"template":"","format":"standard","meta":{"_monsterinsights_skip_tracking":false,"_monsterinsights_sitenote_active":false,"_monsterinsights_sitenote_note":"","_monsterinsights_sitenote_category":0,"footnotes":""},"categories":[4],"tags":[4821,2124],"class_list":["post"],"yoast_head":" \n<title>Sonora en Equipo. Entrega Sedesson parque rehabilitado en la localidad de Zamora Municipios<\/title>\n<meta name=\"description\" content=\"Entrega Sedesson parque rehabilitado en la localidad de Zamora HERMOSILLO, SONORA,MX.\u2500\u2500 Como parte del programa Barrio Vivo, la Secretar\u00eda de Desarrollo En Sonora en Equipo publicamos toda la informaci\u00f3n de Sonora, M\u00e9xico y el Mundo de manera oportuna y busca que la libertad de expresi\u00f3n sea real. Visita nuestro medio informativo publicado desde Hermosillo, Sonora. %\" \/>\n<meta name=\"robots\" content=\"index, follow, max-snippet:-1, max-image-preview:large, max-video-preview:-1\" \/>\n<link rel=\"canonical\" href=\"https:\/\/www.sonoraenequipo.com.mx\/entrega-sedesson-parque-rehabilitado-en-la-localidad-de-zamora\/\" \/>\n<meta property=\"og:locale\" content=\"es_ES\" \/>\n<meta property=\"og:type\" content=\"article\" \/>\n<meta property=\"og:title\" content=\"Sonora en Equipo. Entrega Sedesson parque rehabilitado en la localidad de Zamora Municipios\" \/>\n<meta property=\"og:description\" content=\"Entrega Sedesson parque rehabilitado en la localidad de Zamora HERMOSILLO, SONORA,MX.\u2500\u2500 Como parte del programa Barrio Vivo, la Secretar\u00eda de Desarrollo En Sonora en Equipo publicamos toda la informaci\u00f3n de Sonora, M\u00e9xico y el Mundo de manera oportuna y busca que la libertad de expresi\u00f3n sea real. Visita nuestro medio informativo publicado desde Hermosillo, Sonora. %\" \/>\n<meta property=\"og:url\" content=\"https:\/\/www.sonoraenequipo.com.mx\/entrega-sedesson-parque-rehabilitado-en-la-localidad-de-zamora\/\" \/>\n<meta property=\"og:site_name\" content=\"Sonora en Equipo.\" \/>\n<meta property=\"article:publisher\" content=\"https:\/\/www.facebook.com\/SonoraEE\/\" \/>\n<meta property=\"article:author\" content=\"https:\/\/www.facebook.com\/SonoraEE\" \/>\n<meta property=\"article:published_time\" content=\"2023-02-01T17:48:18+00:00\" \/>\n<meta property=\"og:image\" content=\"https:\/\/www.sonoraenequipo.com.mx\/storage\/2023\/02\/sedesson-parque.jpg\" \/>\n\t<meta property=\"og:image:width\" content=\"600\" \/>\n\t<meta property=\"og:image:height\" content=\"406\" \/>\n\t<meta property=\"og:image:type\" content=\"image\/jpeg\" \/>\n<meta name=\"author\" content=\"enequipo\" \/>\n<meta name=\"twitter:card\" content=\"summary_large_image\" \/>\n<meta name=\"twitter:creator\" content=\"@sonoraenequipo\" \/>\n<meta name=\"twitter:site\" content=\"@sonoraenequipo\" \/>\n<meta name=\"twitter:label1\" content=\"Escrito por\" \/>\n\t<meta name=\"twitter:data1\" content=\"enequipo\" \/>\n\t<meta name=\"twitter:label2\" content=\"Tiempo de lectura\" \/>\n\t<meta name=\"twitter:data2\" content=\"2 minutos\" \/>\n<script type=\"application\/ld+json\" class=\"yoast-schema-graph\">{\"@context\":\"https:\/\/schema.org\",\"@graph\":[{\"@type\":\"Article\",\"@id\":\"https:\/\/www.sonoraenequipo.com.mx\/entrega-sedesson-parque-rehabilitado-en-la-localidad-de-zamora\/#article\",\"isPartOf\":{\"@id\":\"https:\/\/www.sonoraenequipo.com.mx\/entrega-sedesson-parque-rehabilitado-en-la-localidad-de-zamora\/\"},\"author\":{\"name\":\"enequipo\",\"@id\":\"https:\/\/www.sonoraenequipo.com.mx\/#\/schema\/person\/50102df0fb23a8fa9e8effad8fa81386\"},\"headline\":\"Entrega Sedesson parque rehabilitado en la localidad de Zamora\",\"datePublished\":\"2023-02-01T17:48:18+00:00\",\"mainEntityOfPage\":{\"@id\":\"https:\/\/www.sonoraenequipo.com.mx\/entrega-sedesson-parque-rehabilitado-en-la-localidad-de-zamora\/\"},\"wordCount\":315,\"commentCount\":0,\"publisher\":{\"@id\":\"https:\/\/www.sonoraenequipo.com.mx\/#organization\"},\"image\":{\"@id\":\"https:\/\/www.sonoraenequipo.com.mx\/entrega-sedesson-parque-rehabilitado-en-la-localidad-de-zamora\/#primaryimage\"},\"thumbnailUrl\":\"https:\/\/www.sonoraenequipo.com.mx\/storage\/2023\/02\/sedesson-parque.jpg\",\"keywords\":[\"parques\",\"Sedesson\"],\"articleSection\":[\"Municipios\"],\"inLanguage\":\"es\",\"potentialAction\":[{\"@type\":\"CommentAction\",\"name\":\"Comment\",\"target\":[\"https:\/\/www.sonoraenequipo.com.mx\/entrega-sedesson-parque-rehabilitado-en-la-localidad-de-zamora\/#respond\"]}]},{\"@type\":\"WebPage\",\"@id\":\"https:\/\/www.sonoraenequipo.com.mx\/entrega-sedesson-parque-rehabilitado-en-la-localidad-de-zamora\/\",\"url\":\"https:\/\/www.sonoraenequipo.com.mx\/entrega-sedesson-parque-rehabilitado-en-la-localidad-de-zamora\/\",\"name\":\"Sonora en Equipo. Entrega Sedesson parque rehabilitado en la localidad de Zamora Municipios\",\"isPartOf\":{\"@id\":\"https:\/\/www.sonoraenequipo.com.mx\/#website\"},\"primaryImageOfPage\":{\"@id\":\"https:\/\/www.sonoraenequipo.com.mx\/entrega-sedesson-parque-rehabilitado-en-la-localidad-de-zamora\/#primaryimage\"},\"image\":{\"@id\":\"https:\/\/www.sonoraenequipo.com.mx\/entrega-sedesson-parque-rehabilitado-en-la-localidad-de-zamora\/#primaryimage\"},\"thumbnailUrl\":\"https:\/\/www.sonoraenequipo.com.mx\/storage\/2023\/02\/sedesson-parque.jpg\",\"datePublished\":\"2023-02-01T17:48:18+00:00\",\"description\":\"Entrega Sedesson parque rehabilitado en la localidad de Zamora HERMOSILLO, SONORA,MX.\u2500\u2500 Como parte del programa Barrio Vivo, la Secretar\u00eda de Desarrollo En Sonora en Equipo publicamos toda la informaci\u00f3n de Sonora, M\u00e9xico y el Mundo de manera oportuna y busca que la libertad de expresi\u00f3n sea real. Visita nuestro medio informativo publicado desde Hermosillo, Sonora. %\",\"breadcrumb\":{\"@id\":\"https:\/\/www.sonoraenequipo.com.mx\/entrega-sedesson-parque-rehabilitado-en-la-localidad-de-zamora\/#breadcrumb\"},\"inLanguage\":\"es\",\"potentialAction\":[{\"@type\":\"ReadAction\",\"target\":[\"https:\/\/www.sonoraenequipo.com.mx\/entrega-sedesson-parque-rehabilitado-en-la-localidad-de-zamora\/\"]}]},{\"@type\":\"ImageObject\",\"inLanguage\":\"es\",\"@id\":\"https:\/\/www.sonoraenequipo.com.mx\/entrega-sedesson-parque-rehabilitado-en-la-localidad-de-zamora\/#primaryimage\",\"url\":\"https:\/\/www.sonoraenequipo.com.mx\/storage\/2023\/02\/sedesson-parque.jpg\",\"contentUrl\":\"https:\/\/www.sonoraenequipo.com.mx\/storage\/2023\/02\/sedesson-parque.jpg\",\"width\":600,\"height\":406},{\"@type\":\"BreadcrumbList\",\"@id\":\"https:\/\/www.sonoraenequipo.com.mx\/entrega-sedesson-parque-rehabilitado-en-la-localidad-de-zamora\/#breadcrumb\",\"itemListElement\":[{\"@type\":\"ListItem\",\"position\":1,\"name\":\"Portada\",\"item\":\"https:\/\/www.sonoraenequipo.com.mx\/\"},{\"@type\":\"ListItem\",\"position\":2,\"name\":\"Entrega Sedesson parque rehabilitado en la localidad de Zamora\"}]},{\"@type\":\"WebSite\",\"@id\":\"https:\/\/www.sonoraenequipo.com.mx\/#website\",\"url\":\"https:\/\/www.sonoraenequipo.com.mx\/\",\"name\":\"Sonora en Equipo.\",\"description\":\"Diario en l\u00ednea con Noticias desde Hermosillo, Sonora\",\"publisher\":{\"@id\":\"https:\/\/www.sonoraenequipo.com.mx\/#organization\"},\"potentialAction\":[{\"@type\":\"SearchAction\",\"target\":{\"@type\":\"EntryPoint\",\"urlTemplate\":\"https:\/\/www.sonoraenequipo.com.mx\/?s={search_term_string}\"},\"query-input\":{\"@type\":\"PropertyValueSpecification\",\"valueRequired\":true,\"valueName\":\"search_term_string\"}}],\"inLanguage\":\"es\"},{\"@type\":\"Organization\",\"@id\":\"https:\/\/www.sonoraenequipo.com.mx\/#organization\",\"name\":\"Sonoraenequipo.com.mx\",\"url\":\"https:\/\/www.sonoraenequipo.com.mx\/\",\"logo\":{\"@type\":\"ImageObject\",\"inLanguage\":\"es\",\"@id\":\"https:\/\/www.sonoraenequipo.com.mx\/#\/schema\/logo\/image\/\",\"url\":\"https:\/\/www.sonoraenequipo.com.mx\/storage\/2019\/01\/sonoraenequipo_opt.png\",\"contentUrl\":\"https:\/\/www.sonoraenequipo.com.mx\/storage\/2019\/01\/sonoraenequipo_opt.png\",\"width\":375,\"height\":125,\"caption\":\"Sonoraenequipo.com.mx\"},\"image\":{\"@id\":\"https:\/\/www.sonoraenequipo.com.mx\/#\/schema\/logo\/image\/\"},\"sameAs\":[\"https:\/\/www.facebook.com\/SonoraEE\/\",\"https:\/\/x.com\/sonoraenequipo\",\"https:\/\/www.youtube.com\/channel\/UC338nW-lPEYmJQs4ZABQ1SQ\"]},{\"@type\":\"Person\",\"@id\":\"https:\/\/www.sonoraenequipo.com.mx\/#\/schema\/person\/50102df0fb23a8fa9e8effad8fa81386\",\"name\":\"enequipo\",\"image\":{\"@type\":\"ImageObject\",\"inLanguage\":\"es\",\"@id\":\"https:\/\/www.sonoraenequipo.com.mx\/#\/schema\/person\/image\/\",\"url\":\"https:\/\/secure.gravatar.com\/avatar\/049821681b589dabc0bc20695993ccebb09f5b5d4d790cd9251b97faac7c652b?s=96&d=blank&r=g\",\"contentUrl\":\"https:\/\/secure.gravatar.com\/avatar\/049821681b589dabc0bc20695993ccebb09f5b5d4d790cd9251b97faac7c652b?s=96&d=blank&r=g\",\"caption\":\"enequipo\"},\"sameAs\":[\"https:\/\/www.facebook.com\/SonoraEE\"]}]}<\/script>\n ","yoast_head_json":{"title":"Sonora en Equipo. Entrega Sedesson parque rehabilitado en la localidad de Zamora Municipios","description":"Entrega Sedesson parque rehabilitado en la localidad de Zamora HERMOSILLO, SONORA,MX.\u2500\u2500 Como parte del programa Barrio Vivo, la Secretar\u00eda de Desarrollo En Sonora en Equipo publicamos toda la informaci\u00f3n de Sonora, M\u00e9xico y el Mundo de manera oportuna y busca que la libertad de expresi\u00f3n sea real. Visita nuestro medio informativo publicado desde Hermosillo, Sonora. %","robots":{"index":"index","follow":"follow","max-snippet":"max-snippet:-1","max-image-preview":"max-image-preview:large","max-video-preview":"max-video-preview:-1"},"canonical":"https:\/\/www.sonoraenequipo.com.mx\/entrega-sedesson-parque-rehabilitado-en-la-localidad-de-zamora\/","og_locale":"es_ES","og_type":"article","og_title":"Sonora en Equipo. Entrega Sedesson parque rehabilitado en la localidad de Zamora Municipios","og_description":"Entrega Sedesson parque rehabilitado en la localidad de Zamora HERMOSILLO, SONORA,MX.\u2500\u2500 Como parte del programa Barrio Vivo, la Secretar\u00eda de Desarrollo En Sonora en Equipo publicamos toda la informaci\u00f3n de Sonora, M\u00e9xico y el Mundo de manera oportuna y busca que la libertad de expresi\u00f3n sea real. Visita nuestro medio informativo publicado desde Hermosillo, Sonora. %","og_url":"https:\/\/www.sonoraenequipo.com.mx\/entrega-sedesson-parque-rehabilitado-en-la-localidad-de-zamora\/","og_site_name":"Sonora en Equipo.","article_publisher":"https:\/\/www.facebook.com\/SonoraEE\/","article_author":"https:\/\/www.facebook.com\/SonoraEE","article_published_time":"2023-02-01T17:48:18+00:00","og_image":[{"width":600,"height":406,"url":"https:\/\/www.sonoraenequipo.com.mx\/storage\/2023\/02\/sedesson-parque.jpg","type":"image\/jpeg"}],"author":"enequipo","twitter_card":"summary_large_image","twitter_creator":"@sonoraenequipo","twitter_site":"@sonoraenequipo","twitter_misc":{"Escrito por":"enequipo","Tiempo de lectura":"2 minutos"},"schema":{"@context":"https:\/\/schema.org","@graph":[{"@type":"Article","@id":"https:\/\/www.sonoraenequipo.com.mx\/entrega-sedesson-parque-rehabilitado-en-la-localidad-de-zamora\/#article","isPartOf":{"@id":"https:\/\/www.sonoraenequipo.com.mx\/entrega-sedesson-parque-rehabilitado-en-la-localidad-de-zamora\/"},"author":{"name":"enequipo","@id":"https:\/\/www.sonoraenequipo.com.mx\/#\/schema\/person\/50102df0fb23a8fa9e8effad8fa81386"},"headline":"Entrega Sedesson parque rehabilitado en la localidad de Zamora","datePublished":"2023-02-01T17:48:18+00:00","mainEntityOfPage":{"@id":"https:\/\/www.sonoraenequipo.com.mx\/entrega-sedesson-parque-rehabilitado-en-la-localidad-de-zamora\/"},"wordCount":315,"commentCount":0,"publisher":{"@id":"https:\/\/www.sonoraenequipo.com.mx\/#organization"},"image":{"@id":"https:\/\/www.sonoraenequipo.com.mx\/entrega-sedesson-parque-rehabilitado-en-la-localidad-de-zamora\/#primaryimage"},"thumbnailUrl":"https:\/\/www.sonoraenequipo.com.mx\/storage\/2023\/02\/sedesson-parque.jpg","keywords":["parques","Sedesson"],"articleSection":["Municipios"],"inLanguage":"es","potentialAction":[{"@type":"CommentAction","name":"Comment","target":["https:\/\/www.sonoraenequipo.com.mx\/entrega-sedesson-parque-rehabilitado-en-la-localidad-de-zamora\/#respond"]}]},{"@type":"WebPage","@id":"https:\/\/www.sonoraenequipo.com.mx\/entrega-sedesson-parque-rehabilitado-en-la-localidad-de-zamora\/","url":"https:\/\/www.sonoraenequipo.com.mx\/entrega-sedesson-parque-rehabilitado-en-la-localidad-de-zamora\/","name":"Sonora en Equipo. Entrega Sedesson parque rehabilitado en la localidad de Zamora Municipios","isPartOf":{"@id":"https:\/\/www.sonoraenequipo.com.mx\/#website"},"primaryImageOfPage":{"@id":"https:\/\/www.sonoraenequipo.com.mx\/entrega-sedesson-parque-rehabilitado-en-la-localidad-de-zamora\/#primaryimage"},"image":{"@id":"https:\/\/www.sonoraenequipo.com.mx\/entrega-sedesson-parque-rehabilitado-en-la-localidad-de-zamora\/#primaryimage"},"thumbnailUrl":"https:\/\/www.sonoraenequipo.com.mx\/storage\/2023\/02\/sedesson-parque.jpg","datePublished":"2023-02-01T17:48:18+00:00","description":"Entrega Sedesson parque rehabilitado en la localidad de Zamora HERMOSILLO, SONORA,MX.\u2500\u2500 Como parte del programa Barrio Vivo, la Secretar\u00eda de Desarrollo En Sonora en Equipo publicamos toda la informaci\u00f3n de Sonora, M\u00e9xico y el Mundo de manera oportuna y busca que la libertad de expresi\u00f3n sea real. Visita nuestro medio informativo publicado desde Hermosillo, Sonora. %","breadcrumb":{"@id":"https:\/\/www.sonoraenequipo.com.mx\/entrega-sedesson-parque-rehabilitado-en-la-localidad-de-zamora\/#breadcrumb"},"inLanguage":"es","potentialAction":[{"@type":"ReadAction","target":["https:\/\/www.sonoraenequipo.com.mx\/entrega-sedesson-parque-rehabilitado-en-la-localidad-de-zamora\/"]}]},{"@type":"ImageObject","inLanguage":"es","@id":"https:\/\/www.sonoraenequipo.com.mx\/entrega-sedesson-parque-rehabilitado-en-la-localidad-de-zamora\/#primaryimage","url":"https:\/\/www.sonoraenequipo.com.mx\/storage\/2023\/02\/sedesson-parque.jpg","contentUrl":"https:\/\/www.sonoraenequipo.com.mx\/storage\/2023\/02\/sedesson-parque.jpg","width":600,"height":406},{"@type":"BreadcrumbList","@id":"https:\/\/www.sonoraenequipo.com.mx\/entrega-sedesson-parque-rehabilitado-en-la-localidad-de-zamora\/#breadcrumb","itemListElement":[{"@type":"ListItem","position":1,"name":"Portada","item":"https:\/\/www.sonoraenequipo.com.mx\/"},{"@type":"ListItem","position":2,"name":"Entrega Sedesson parque rehabilitado en la localidad de Zamora"}]},{"@type":"WebSite","@id":"https:\/\/www.sonoraenequipo.com.mx\/#website","url":"https:\/\/www.sonoraenequipo.com.mx\/","name":"Sonora en Equipo.","description":"Diario en l\u00ednea con Noticias desde Hermosillo, Sonora","publisher":{"@id":"https:\/\/www.sonoraenequipo.com.mx\/#organization"},"potentialAction":[{"@type":"SearchAction","target":{"@type":"EntryPoint","urlTemplate":"https:\/\/www.sonoraenequipo.com.mx\/?s={search_term_string}"},"query-input":{"@type":"PropertyValueSpecification","valueRequired":true,"valueName":"search_term_string"}}],"inLanguage":"es"},{"@type":"Organization","@id":"https:\/\/www.sonoraenequipo.com.mx\/#organization","name":"Sonoraenequipo.com.mx","url":"https:\/\/www.sonoraenequipo.com.mx\/","logo":{"@type":"ImageObject","inLanguage":"es","@id":"https:\/\/www.sonoraenequipo.com.mx\/#\/schema\/logo\/image\/","url":"https:\/\/www.sonoraenequipo.com.mx\/storage\/2019\/01\/sonoraenequipo_opt.png","contentUrl":"https:\/\/www.sonoraenequipo.com.mx\/storage\/2019\/01\/sonoraenequipo_opt.png","width":375,"height":125,"caption":"Sonoraenequipo.com.mx"},"image":{"@id":"https:\/\/www.sonoraenequipo.com.mx\/#\/schema\/logo\/image\/"},"sameAs":["https:\/\/www.facebook.com\/SonoraEE\/","https:\/\/x.com\/sonoraenequipo","https:\/\/www.youtube.com\/channel\/UC338nW-lPEYmJQs4ZABQ1SQ"]},{"@type":"Person","@id":"https:\/\/www.sonoraenequipo.com.mx\/#\/schema\/person\/50102df0fb23a8fa9e8effad8fa81386","name":"enequipo","image":{"@type":"ImageObject","inLanguage":"es","@id":"https:\/\/www.sonoraenequipo.com.mx\/#\/schema\/person\/image\/","url":"https:\/\/secure.gravatar.com\/avatar\/049821681b589dabc0bc20695993ccebb09f5b5d4d790cd9251b97faac7c652b?s=96&d=blank&r=g","contentUrl":"https:\/\/secure.gravatar.com\/avatar\/049821681b589dabc0bc20695993ccebb09f5b5d4d790cd9251b97faac7c652b?s=96&d=blank&r=g","caption":"enequipo"},"sameAs":["https:\/\/www.facebook.com\/SonoraEE"]}]}},"jetpack_featured_media_url":"https:\/\/www.sonoraenequipo.com.mx\/storage\/2023\/02\/sedesson-parque.jpg","_links":{"self":[{"href":"https:\/\/www.sonoraenequipo.com.mx\/api\/wp\/v2\/posts\/157963","targetHints":{"allow":["GET"]}}],"collection":[{"href":"https:\/\/www.sonoraenequipo.com.mx\/api\/wp\/v2\/posts"}],"about":[{"href":"https:\/\/www.sonoraenequipo.com.mx\/api\/wp\/v2\/types\/post"}],"author":[{"embeddable":true,"href":"https:\/\/www.sonoraenequipo.com.mx\/api\/wp\/v2\/users\/1"}],"replies":[{"embeddable":true,"href":"https:\/\/www.sonoraenequipo.com.mx\/api\/wp\/v2\/comments?post=157963"}],"version-history":[{"count":1,"href":"https:\/\/www.sonoraenequipo.com.mx\/api\/wp\/v2\/posts\/157963\/revisions"}],"predecessor-version":[{"id":157967,"href":"https:\/\/www.sonoraenequipo.com.mx\/api\/wp\/v2\/posts\/157963\/revisions\/157967"}],"wp:featuredmedia":[{"embeddable":true,"href":"https:\/\/www.sonoraenequipo.com.mx\/api\/wp\/v2\/media\/157966"}],"wp:attachment":[{"href":"https:\/\/www.sonoraenequipo.com.mx\/api\/wp\/v2\/media?parent=157963"}],"wp:term":[{"taxonomy":"category","embeddable":true,"href":"https:\/\/www.sonoraenequipo.com.mx\/api\/wp\/v2\/categories?post=157963"},{"taxonomy":"post_tag","embeddable":true,"href":"https:\/\/www.sonoraenequipo.com.mx\/api\/wp\/v2\/tags?post=157963"}],"curies":[{"name":"wp","href":"https:\/\/api.w.org\/{rel}","templated":true}]}}