{"id":158009,"date":"2023-02-01T09:15:16","date_gmt":"2023-02-01T16:15:16","guid":{"rendered":"https:\/\/www.sonoraenequipo.com.mx\/?p=158009"},"modified":"2023-02-01T18:16:59","modified_gmt":"2023-02-02T01:16:59","slug":"incrementan-vuelos-en-el-aifa-por-traslado-voluntario-de-aerolineas-destaca-presidente","status":"publish","type":"post","link":"https:\/\/www.sonoraenequipo.com.mx\/incrementan-vuelos-en-el-aifa-por-traslado-voluntario-de-aerolineas-destaca-presidente\/","title":{"rendered":"Incrementan vuelos en el AIFA por traslado voluntario de aerol\u00edneas, destaca presidente"},"content":{"rendered":"<p><strong>CIUDAD DE M\u00c9XICO. MX.<\/strong> \u2014 El presidente Andr\u00e9s Manuel L\u00f3pez Obrador inform\u00f3 que los vuelos en el Aeropuerto Internacional Felipe \u00c1ngeles (AIFA) incrementaron gracias al traslado voluntario de aerol\u00edneas. Como resultado de esto disminuir\u00e1 la saturaci\u00f3n en el Aeropuerto Internacional de la Ciudad de M\u00e9xico (AICM).<\/p>\n<p>&nbsp;<\/p>\n<p> <\/p>\n<p>&nbsp;<\/p>\n<p><strong><em>\u201cYa se defini\u00f3 un n\u00famero de vuelos de pasajeros en el Aeropuerto de la Ciudad de M\u00e9xico, porque eran muchas las operaciones, estaba saturado y se est\u00e1 aplicando eso en todas las l\u00edneas y voluntariamente est\u00e1n traslad\u00e1ndose al Aeropuerto Felipe \u00c1ngeles\u201d<\/em><\/strong>, subray\u00f3.<\/p>\n<p>&nbsp;<\/p>\n<p>En conferencia de prensa matutina indic\u00f3 que el AIFA tambi\u00e9n est\u00e1 listo para recibir todos los vuelos de carga tras el acuerdo alcanzado con empresas del rubro.<\/p>\n<p>&nbsp;<\/p>\n<p>\u201c<em><strong>Les dec\u00eda en una ocasi\u00f3n que iba a ser mediante un acuerdo y ya se logr\u00f3. (\u2026) Ellos van a apoyar, estaban pidiendo tiempo, se les concedi\u00f3 \u2013no tanto tiempo\u2013; van a hacer como cuatro meses. (\u2026) Tienen tiempo suficiente y ya est\u00e1n preparadas todas las oficinas de aduanas, almacenes de primera, porque es un aeropuerto de primera\u201d,<\/strong> <\/em>afirm\u00f3.<\/p>\n<p>&nbsp;<\/p>\n<p>&nbsp;<\/p>\n<p>El jefe del Ejecutivo record\u00f3 que en las pr\u00f3ximas semanas asistir\u00e1 al inicio de operaciones de DHL en el AIFA. Se trata de la primera empresa en mudar sus vuelos de carga al nuevo aeropuerto en el Estado de M\u00e9xico.<\/p>\n<p>&nbsp;<\/p>\n<p>&nbsp;<\/p>\n<p><strong><em>\u201cLa tercera semana de febrero va a llegar el primer avi\u00f3n y vienen los directivos. Voy a estar tambi\u00e9n como un reconocimiento a la confianza al pa\u00eds, a la Secretar\u00eda de la Defensa y al gobierno de la Rep\u00fablica\u201d<\/em><\/strong>, refiri\u00f3.<\/p>\n<p>&nbsp;<\/p>\n<p>&nbsp;<\/p>\n<p>El presidente celebr\u00f3 los avances en el AICM a partir de la administraci\u00f3n por parte de la Secretar\u00eda de Marina, que garantiza un mejor funcionamiento y la vigilancia en las instalaciones a fin de brindar un servicio de calidad a las y los usuarios.<\/p>\n<p>&nbsp;<\/p>\n<p>&nbsp;<\/p>\n<p><em><strong>\u201cSi ustedes lo han notado, son pocas las quejas; ahora se reducen los robos, tambi\u00e9n hab\u00eda muchas tardanzas, colas; todo eso se ha ido atendiendo, est\u00e1 mejorando el servicio y va a seguir\u201d<\/strong><\/em>, apunt\u00f3.<\/p>\n<p>&nbsp;<\/p>\n<p>&nbsp;<\/p>\n<p>Refrend\u00f3 que el Gobierno de M\u00e9xico sigue trabajando en recuperar la categor\u00eda 1 de seguridad a\u00e9rea en todo el pa\u00eds.<\/p>\n<p>&nbsp;<\/p>\n<p>PUBLICADO EL 01\/FEBRERO\/2023<\/p>\n","protected":false},"excerpt":{"rendered":"<p>CIUDAD DE M\u00c9XICO. MX. \u2014 El presidente Andr\u00e9s Manuel L\u00f3pez Obrador inform\u00f3 que los vuelos&#8230;<\/p>\n","protected":false},"author":1,"featured_media":158022,"comment_status":"open","ping_status":"open","sticky":false,"template":"","format":"standard","meta":{"_monsterinsights_skip_tracking":false,"_monsterinsights_sitenote_active":false,"_monsterinsights_sitenote_note":"","_monsterinsights_sitenote_category":0,"footnotes":""},"categories":[5],"tags":[],"class_list":["post"],"yoast_head":" \n<title>Sonora en Equipo. Incrementan vuelos en el AIFA por traslado voluntario de aerol\u00edneas, destaca presidente Rep\u00fablica<\/title>\n<meta name=\"description\" content=\"CIUDAD DE M\u00c9XICO. MX. \u2014 El presidente Andr\u00e9s Manuel L\u00f3pez Obrador inform\u00f3 que los vuelos en el Aeropuerto Internacional Felipe \u00c1ngeles (AIFA) En Sonora en Equipo publicamos toda la informaci\u00f3n de Sonora, M\u00e9xico y el Mundo de manera oportuna y busca que la libertad de expresi\u00f3n sea real. Visita nuestro medio informativo publicado desde Hermosillo, Sonora. %\" \/>\n<meta name=\"robots\" content=\"index, follow, max-snippet:-1, max-image-preview:large, max-video-preview:-1\" \/>\n<link rel=\"canonical\" href=\"https:\/\/www.sonoraenequipo.com.mx\/incrementan-vuelos-en-el-aifa-por-traslado-voluntario-de-aerolineas-destaca-presidente\/\" \/>\n<meta property=\"og:locale\" content=\"es_ES\" \/>\n<meta property=\"og:type\" content=\"article\" \/>\n<meta property=\"og:title\" content=\"Sonora en Equipo. Incrementan vuelos en el AIFA por traslado voluntario de aerol\u00edneas, destaca presidente Rep\u00fablica\" \/>\n<meta property=\"og:description\" content=\"CIUDAD DE M\u00c9XICO. MX. \u2014 El presidente Andr\u00e9s Manuel L\u00f3pez Obrador inform\u00f3 que los vuelos en el Aeropuerto Internacional Felipe \u00c1ngeles (AIFA) En Sonora en Equipo publicamos toda la informaci\u00f3n de Sonora, M\u00e9xico y el Mundo de manera oportuna y busca que la libertad de expresi\u00f3n sea real. Visita nuestro medio informativo publicado desde Hermosillo, Sonora. %\" \/>\n<meta property=\"og:url\" content=\"https:\/\/www.sonoraenequipo.com.mx\/incrementan-vuelos-en-el-aifa-por-traslado-voluntario-de-aerolineas-destaca-presidente\/\" \/>\n<meta property=\"og:site_name\" content=\"Sonora en Equipo.\" \/>\n<meta property=\"article:publisher\" content=\"https:\/\/www.facebook.com\/SonoraEE\/\" \/>\n<meta property=\"article:author\" content=\"https:\/\/www.facebook.com\/SonoraEE\" \/>\n<meta property=\"article:published_time\" content=\"2023-02-01T16:15:16+00:00\" \/>\n<meta property=\"article:modified_time\" content=\"2023-02-02T01:16:59+00:00\" \/>\n<meta property=\"og:image\" content=\"https:\/\/www.sonoraenequipo.com.mx\/storage\/2023\/02\/amlo0102.2023-min1.jpg\" \/>\n\t<meta property=\"og:image:width\" content=\"1502\" \/>\n\t<meta property=\"og:image:height\" content=\"1000\" \/>\n\t<meta property=\"og:image:type\" content=\"image\/jpeg\" \/>\n<meta name=\"author\" content=\"enequipo\" \/>\n<meta name=\"twitter:card\" content=\"summary_large_image\" \/>\n<meta name=\"twitter:creator\" content=\"@sonoraenequipo\" \/>\n<meta name=\"twitter:site\" content=\"@sonoraenequipo\" \/>\n<meta name=\"twitter:label1\" content=\"Escrito por\" \/>\n\t<meta name=\"twitter:data1\" content=\"enequipo\" \/>\n\t<meta name=\"twitter:label2\" content=\"Tiempo de lectura\" \/>\n\t<meta name=\"twitter:data2\" content=\"2 minutos\" \/>\n<script type=\"application\/ld+json\" class=\"yoast-schema-graph\">{\"@context\":\"https:\/\/schema.org\",\"@graph\":[{\"@type\":\"Article\",\"@id\":\"https:\/\/www.sonoraenequipo.com.mx\/incrementan-vuelos-en-el-aifa-por-traslado-voluntario-de-aerolineas-destaca-presidente\/#article\",\"isPartOf\":{\"@id\":\"https:\/\/www.sonoraenequipo.com.mx\/incrementan-vuelos-en-el-aifa-por-traslado-voluntario-de-aerolineas-destaca-presidente\/\"},\"author\":{\"name\":\"enequipo\",\"@id\":\"https:\/\/www.sonoraenequipo.com.mx\/#\/schema\/person\/50102df0fb23a8fa9e8effad8fa81386\"},\"headline\":\"Incrementan vuelos en el AIFA por traslado voluntario de aerol\u00edneas, destaca presidente\",\"datePublished\":\"2023-02-01T16:15:16+00:00\",\"dateModified\":\"2023-02-02T01:16:59+00:00\",\"mainEntityOfPage\":{\"@id\":\"https:\/\/www.sonoraenequipo.com.mx\/incrementan-vuelos-en-el-aifa-por-traslado-voluntario-de-aerolineas-destaca-presidente\/\"},\"wordCount\":409,\"commentCount\":0,\"publisher\":{\"@id\":\"https:\/\/www.sonoraenequipo.com.mx\/#organization\"},\"image\":{\"@id\":\"https:\/\/www.sonoraenequipo.com.mx\/incrementan-vuelos-en-el-aifa-por-traslado-voluntario-de-aerolineas-destaca-presidente\/#primaryimage\"},\"thumbnailUrl\":\"https:\/\/www.sonoraenequipo.com.mx\/storage\/2023\/02\/amlo0102.2023-min1.jpg\",\"articleSection\":[\"Rep\u00fablica\"],\"inLanguage\":\"es\",\"potentialAction\":[{\"@type\":\"CommentAction\",\"name\":\"Comment\",\"target\":[\"https:\/\/www.sonoraenequipo.com.mx\/incrementan-vuelos-en-el-aifa-por-traslado-voluntario-de-aerolineas-destaca-presidente\/#respond\"]}]},{\"@type\":\"WebPage\",\"@id\":\"https:\/\/www.sonoraenequipo.com.mx\/incrementan-vuelos-en-el-aifa-por-traslado-voluntario-de-aerolineas-destaca-presidente\/\",\"url\":\"https:\/\/www.sonoraenequipo.com.mx\/incrementan-vuelos-en-el-aifa-por-traslado-voluntario-de-aerolineas-destaca-presidente\/\",\"name\":\"Sonora en Equipo. Incrementan vuelos en el AIFA por traslado voluntario de aerol\u00edneas, destaca presidente Rep\u00fablica\",\"isPartOf\":{\"@id\":\"https:\/\/www.sonoraenequipo.com.mx\/#website\"},\"primaryImageOfPage\":{\"@id\":\"https:\/\/www.sonoraenequipo.com.mx\/incrementan-vuelos-en-el-aifa-por-traslado-voluntario-de-aerolineas-destaca-presidente\/#primaryimage\"},\"image\":{\"@id\":\"https:\/\/www.sonoraenequipo.com.mx\/incrementan-vuelos-en-el-aifa-por-traslado-voluntario-de-aerolineas-destaca-presidente\/#primaryimage\"},\"thumbnailUrl\":\"https:\/\/www.sonoraenequipo.com.mx\/storage\/2023\/02\/amlo0102.2023-min1.jpg\",\"datePublished\":\"2023-02-01T16:15:16+00:00\",\"dateModified\":\"2023-02-02T01:16:59+00:00\",\"description\":\"CIUDAD DE M\u00c9XICO. MX. \u2014 El presidente Andr\u00e9s Manuel L\u00f3pez Obrador inform\u00f3 que los vuelos en el Aeropuerto Internacional Felipe \u00c1ngeles (AIFA) En Sonora en Equipo publicamos toda la informaci\u00f3n de Sonora, M\u00e9xico y el Mundo de manera oportuna y busca que la libertad de expresi\u00f3n sea real. Visita nuestro medio informativo publicado desde Hermosillo, Sonora. %\",\"breadcrumb\":{\"@id\":\"https:\/\/www.sonoraenequipo.com.mx\/incrementan-vuelos-en-el-aifa-por-traslado-voluntario-de-aerolineas-destaca-presidente\/#breadcrumb\"},\"inLanguage\":\"es\",\"potentialAction\":[{\"@type\":\"ReadAction\",\"target\":[\"https:\/\/www.sonoraenequipo.com.mx\/incrementan-vuelos-en-el-aifa-por-traslado-voluntario-de-aerolineas-destaca-presidente\/\"]}]},{\"@type\":\"ImageObject\",\"inLanguage\":\"es\",\"@id\":\"https:\/\/www.sonoraenequipo.com.mx\/incrementan-vuelos-en-el-aifa-por-traslado-voluntario-de-aerolineas-destaca-presidente\/#primaryimage\",\"url\":\"https:\/\/www.sonoraenequipo.com.mx\/storage\/2023\/02\/amlo0102.2023-min1.jpg\",\"contentUrl\":\"https:\/\/www.sonoraenequipo.com.mx\/storage\/2023\/02\/amlo0102.2023-min1.jpg\",\"width\":1502,\"height\":1000},{\"@type\":\"BreadcrumbList\",\"@id\":\"https:\/\/www.sonoraenequipo.com.mx\/incrementan-vuelos-en-el-aifa-por-traslado-voluntario-de-aerolineas-destaca-presidente\/#breadcrumb\",\"itemListElement\":[{\"@type\":\"ListItem\",\"position\":1,\"name\":\"Portada\",\"item\":\"https:\/\/www.sonoraenequipo.com.mx\/\"},{\"@type\":\"ListItem\",\"position\":2,\"name\":\"Incrementan vuelos en el AIFA por traslado voluntario de aerol\u00edneas, destaca presidente\"}]},{\"@type\":\"WebSite\",\"@id\":\"https:\/\/www.sonoraenequipo.com.mx\/#website\",\"url\":\"https:\/\/www.sonoraenequipo.com.mx\/\",\"name\":\"Sonora en Equipo.\",\"description\":\"Diario en l\u00ednea con Noticias desde Hermosillo, Sonora\",\"publisher\":{\"@id\":\"https:\/\/www.sonoraenequipo.com.mx\/#organization\"},\"potentialAction\":[{\"@type\":\"SearchAction\",\"target\":{\"@type\":\"EntryPoint\",\"urlTemplate\":\"https:\/\/www.sonoraenequipo.com.mx\/?s={search_term_string}\"},\"query-input\":{\"@type\":\"PropertyValueSpecification\",\"valueRequired\":true,\"valueName\":\"search_term_string\"}}],\"inLanguage\":\"es\"},{\"@type\":\"Organization\",\"@id\":\"https:\/\/www.sonoraenequipo.com.mx\/#organization\",\"name\":\"Sonoraenequipo.com.mx\",\"url\":\"https:\/\/www.sonoraenequipo.com.mx\/\",\"logo\":{\"@type\":\"ImageObject\",\"inLanguage\":\"es\",\"@id\":\"https:\/\/www.sonoraenequipo.com.mx\/#\/schema\/logo\/image\/\",\"url\":\"https:\/\/www.sonoraenequipo.com.mx\/storage\/2019\/01\/sonoraenequipo_opt.png\",\"contentUrl\":\"https:\/\/www.sonoraenequipo.com.mx\/storage\/2019\/01\/sonoraenequipo_opt.png\",\"width\":375,\"height\":125,\"caption\":\"Sonoraenequipo.com.mx\"},\"image\":{\"@id\":\"https:\/\/www.sonoraenequipo.com.mx\/#\/schema\/logo\/image\/\"},\"sameAs\":[\"https:\/\/www.facebook.com\/SonoraEE\/\",\"https:\/\/x.com\/sonoraenequipo\",\"https:\/\/www.youtube.com\/channel\/UC338nW-lPEYmJQs4ZABQ1SQ\"]},{\"@type\":\"Person\",\"@id\":\"https:\/\/www.sonoraenequipo.com.mx\/#\/schema\/person\/50102df0fb23a8fa9e8effad8fa81386\",\"name\":\"enequipo\",\"image\":{\"@type\":\"ImageObject\",\"inLanguage\":\"es\",\"@id\":\"https:\/\/www.sonoraenequipo.com.mx\/#\/schema\/person\/image\/\",\"url\":\"https:\/\/secure.gravatar.com\/avatar\/049821681b589dabc0bc20695993ccebb09f5b5d4d790cd9251b97faac7c652b?s=96&d=blank&r=g\",\"contentUrl\":\"https:\/\/secure.gravatar.com\/avatar\/049821681b589dabc0bc20695993ccebb09f5b5d4d790cd9251b97faac7c652b?s=96&d=blank&r=g\",\"caption\":\"enequipo\"},\"sameAs\":[\"https:\/\/www.facebook.com\/SonoraEE\"]}]}<\/script>\n ","yoast_head_json":{"title":"Sonora en Equipo. Incrementan vuelos en el AIFA por traslado voluntario de aerol\u00edneas, destaca presidente Rep\u00fablica","description":"CIUDAD DE M\u00c9XICO. MX. \u2014 El presidente Andr\u00e9s Manuel L\u00f3pez Obrador inform\u00f3 que los vuelos en el Aeropuerto Internacional Felipe \u00c1ngeles (AIFA) En Sonora en Equipo publicamos toda la informaci\u00f3n de Sonora, M\u00e9xico y el Mundo de manera oportuna y busca que la libertad de expresi\u00f3n sea real. Visita nuestro medio informativo publicado desde Hermosillo, Sonora. %","robots":{"index":"index","follow":"follow","max-snippet":"max-snippet:-1","max-image-preview":"max-image-preview:large","max-video-preview":"max-video-preview:-1"},"canonical":"https:\/\/www.sonoraenequipo.com.mx\/incrementan-vuelos-en-el-aifa-por-traslado-voluntario-de-aerolineas-destaca-presidente\/","og_locale":"es_ES","og_type":"article","og_title":"Sonora en Equipo. Incrementan vuelos en el AIFA por traslado voluntario de aerol\u00edneas, destaca presidente Rep\u00fablica","og_description":"CIUDAD DE M\u00c9XICO. MX. \u2014 El presidente Andr\u00e9s Manuel L\u00f3pez Obrador inform\u00f3 que los vuelos en el Aeropuerto Internacional Felipe \u00c1ngeles (AIFA) En Sonora en Equipo publicamos toda la informaci\u00f3n de Sonora, M\u00e9xico y el Mundo de manera oportuna y busca que la libertad de expresi\u00f3n sea real. Visita nuestro medio informativo publicado desde Hermosillo, Sonora. %","og_url":"https:\/\/www.sonoraenequipo.com.mx\/incrementan-vuelos-en-el-aifa-por-traslado-voluntario-de-aerolineas-destaca-presidente\/","og_site_name":"Sonora en Equipo.","article_publisher":"https:\/\/www.facebook.com\/SonoraEE\/","article_author":"https:\/\/www.facebook.com\/SonoraEE","article_published_time":"2023-02-01T16:15:16+00:00","article_modified_time":"2023-02-02T01:16:59+00:00","og_image":[{"width":1502,"height":1000,"url":"https:\/\/www.sonoraenequipo.com.mx\/storage\/2023\/02\/amlo0102.2023-min1.jpg","type":"image\/jpeg"}],"author":"enequipo","twitter_card":"summary_large_image","twitter_creator":"@sonoraenequipo","twitter_site":"@sonoraenequipo","twitter_misc":{"Escrito por":"enequipo","Tiempo de lectura":"2 minutos"},"schema":{"@context":"https:\/\/schema.org","@graph":[{"@type":"Article","@id":"https:\/\/www.sonoraenequipo.com.mx\/incrementan-vuelos-en-el-aifa-por-traslado-voluntario-de-aerolineas-destaca-presidente\/#article","isPartOf":{"@id":"https:\/\/www.sonoraenequipo.com.mx\/incrementan-vuelos-en-el-aifa-por-traslado-voluntario-de-aerolineas-destaca-presidente\/"},"author":{"name":"enequipo","@id":"https:\/\/www.sonoraenequipo.com.mx\/#\/schema\/person\/50102df0fb23a8fa9e8effad8fa81386"},"headline":"Incrementan vuelos en el AIFA por traslado voluntario de aerol\u00edneas, destaca presidente","datePublished":"2023-02-01T16:15:16+00:00","dateModified":"2023-02-02T01:16:59+00:00","mainEntityOfPage":{"@id":"https:\/\/www.sonoraenequipo.com.mx\/incrementan-vuelos-en-el-aifa-por-traslado-voluntario-de-aerolineas-destaca-presidente\/"},"wordCount":409,"commentCount":0,"publisher":{"@id":"https:\/\/www.sonoraenequipo.com.mx\/#organization"},"image":{"@id":"https:\/\/www.sonoraenequipo.com.mx\/incrementan-vuelos-en-el-aifa-por-traslado-voluntario-de-aerolineas-destaca-presidente\/#primaryimage"},"thumbnailUrl":"https:\/\/www.sonoraenequipo.com.mx\/storage\/2023\/02\/amlo0102.2023-min1.jpg","articleSection":["Rep\u00fablica"],"inLanguage":"es","potentialAction":[{"@type":"CommentAction","name":"Comment","target":["https:\/\/www.sonoraenequipo.com.mx\/incrementan-vuelos-en-el-aifa-por-traslado-voluntario-de-aerolineas-destaca-presidente\/#respond"]}]},{"@type":"WebPage","@id":"https:\/\/www.sonoraenequipo.com.mx\/incrementan-vuelos-en-el-aifa-por-traslado-voluntario-de-aerolineas-destaca-presidente\/","url":"https:\/\/www.sonoraenequipo.com.mx\/incrementan-vuelos-en-el-aifa-por-traslado-voluntario-de-aerolineas-destaca-presidente\/","name":"Sonora en Equipo. Incrementan vuelos en el AIFA por traslado voluntario de aerol\u00edneas, destaca presidente Rep\u00fablica","isPartOf":{"@id":"https:\/\/www.sonoraenequipo.com.mx\/#website"},"primaryImageOfPage":{"@id":"https:\/\/www.sonoraenequipo.com.mx\/incrementan-vuelos-en-el-aifa-por-traslado-voluntario-de-aerolineas-destaca-presidente\/#primaryimage"},"image":{"@id":"https:\/\/www.sonoraenequipo.com.mx\/incrementan-vuelos-en-el-aifa-por-traslado-voluntario-de-aerolineas-destaca-presidente\/#primaryimage"},"thumbnailUrl":"https:\/\/www.sonoraenequipo.com.mx\/storage\/2023\/02\/amlo0102.2023-min1.jpg","datePublished":"2023-02-01T16:15:16+00:00","dateModified":"2023-02-02T01:16:59+00:00","description":"CIUDAD DE M\u00c9XICO. MX. \u2014 El presidente Andr\u00e9s Manuel L\u00f3pez Obrador inform\u00f3 que los vuelos en el Aeropuerto Internacional Felipe \u00c1ngeles (AIFA) En Sonora en Equipo publicamos toda la informaci\u00f3n de Sonora, M\u00e9xico y el Mundo de manera oportuna y busca que la libertad de expresi\u00f3n sea real. Visita nuestro medio informativo publicado desde Hermosillo, Sonora. %","breadcrumb":{"@id":"https:\/\/www.sonoraenequipo.com.mx\/incrementan-vuelos-en-el-aifa-por-traslado-voluntario-de-aerolineas-destaca-presidente\/#breadcrumb"},"inLanguage":"es","potentialAction":[{"@type":"ReadAction","target":["https:\/\/www.sonoraenequipo.com.mx\/incrementan-vuelos-en-el-aifa-por-traslado-voluntario-de-aerolineas-destaca-presidente\/"]}]},{"@type":"ImageObject","inLanguage":"es","@id":"https:\/\/www.sonoraenequipo.com.mx\/incrementan-vuelos-en-el-aifa-por-traslado-voluntario-de-aerolineas-destaca-presidente\/#primaryimage","url":"https:\/\/www.sonoraenequipo.com.mx\/storage\/2023\/02\/amlo0102.2023-min1.jpg","contentUrl":"https:\/\/www.sonoraenequipo.com.mx\/storage\/2023\/02\/amlo0102.2023-min1.jpg","width":1502,"height":1000},{"@type":"BreadcrumbList","@id":"https:\/\/www.sonoraenequipo.com.mx\/incrementan-vuelos-en-el-aifa-por-traslado-voluntario-de-aerolineas-destaca-presidente\/#breadcrumb","itemListElement":[{"@type":"ListItem","position":1,"name":"Portada","item":"https:\/\/www.sonoraenequipo.com.mx\/"},{"@type":"ListItem","position":2,"name":"Incrementan vuelos en el AIFA por traslado voluntario de aerol\u00edneas, destaca presidente"}]},{"@type":"WebSite","@id":"https:\/\/www.sonoraenequipo.com.mx\/#website","url":"https:\/\/www.sonoraenequipo.com.mx\/","name":"Sonora en Equipo.","description":"Diario en l\u00ednea con Noticias desde Hermosillo, Sonora","publisher":{"@id":"https:\/\/www.sonoraenequipo.com.mx\/#organization"},"potentialAction":[{"@type":"SearchAction","target":{"@type":"EntryPoint","urlTemplate":"https:\/\/www.sonoraenequipo.com.mx\/?s={search_term_string}"},"query-input":{"@type":"PropertyValueSpecification","valueRequired":true,"valueName":"search_term_string"}}],"inLanguage":"es"},{"@type":"Organization","@id":"https:\/\/www.sonoraenequipo.com.mx\/#organization","name":"Sonoraenequipo.com.mx","url":"https:\/\/www.sonoraenequipo.com.mx\/","logo":{"@type":"ImageObject","inLanguage":"es","@id":"https:\/\/www.sonoraenequipo.com.mx\/#\/schema\/logo\/image\/","url":"https:\/\/www.sonoraenequipo.com.mx\/storage\/2019\/01\/sonoraenequipo_opt.png","contentUrl":"https:\/\/www.sonoraenequipo.com.mx\/storage\/2019\/01\/sonoraenequipo_opt.png","width":375,"height":125,"caption":"Sonoraenequipo.com.mx"},"image":{"@id":"https:\/\/www.sonoraenequipo.com.mx\/#\/schema\/logo\/image\/"},"sameAs":["https:\/\/www.facebook.com\/SonoraEE\/","https:\/\/x.com\/sonoraenequipo","https:\/\/www.youtube.com\/channel\/UC338nW-lPEYmJQs4ZABQ1SQ"]},{"@type":"Person","@id":"https:\/\/www.sonoraenequipo.com.mx\/#\/schema\/person\/50102df0fb23a8fa9e8effad8fa81386","name":"enequipo","image":{"@type":"ImageObject","inLanguage":"es","@id":"https:\/\/www.sonoraenequipo.com.mx\/#\/schema\/person\/image\/","url":"https:\/\/secure.gravatar.com\/avatar\/049821681b589dabc0bc20695993ccebb09f5b5d4d790cd9251b97faac7c652b?s=96&d=blank&r=g","contentUrl":"https:\/\/secure.gravatar.com\/avatar\/049821681b589dabc0bc20695993ccebb09f5b5d4d790cd9251b97faac7c652b?s=96&d=blank&r=g","caption":"enequipo"},"sameAs":["https:\/\/www.facebook.com\/SonoraEE"]}]}},"jetpack_featured_media_url":"https:\/\/www.sonoraenequipo.com.mx\/storage\/2023\/02\/amlo0102.2023-min1.jpg","_links":{"self":[{"href":"https:\/\/www.sonoraenequipo.com.mx\/api\/wp\/v2\/posts\/158009","targetHints":{"allow":["GET"]}}],"collection":[{"href":"https:\/\/www.sonoraenequipo.com.mx\/api\/wp\/v2\/posts"}],"about":[{"href":"https:\/\/www.sonoraenequipo.com.mx\/api\/wp\/v2\/types\/post"}],"author":[{"embeddable":true,"href":"https:\/\/www.sonoraenequipo.com.mx\/api\/wp\/v2\/users\/1"}],"replies":[{"embeddable":true,"href":"https:\/\/www.sonoraenequipo.com.mx\/api\/wp\/v2\/comments?post=158009"}],"version-history":[{"count":1,"href":"https:\/\/www.sonoraenequipo.com.mx\/api\/wp\/v2\/posts\/158009\/revisions"}],"predecessor-version":[{"id":158025,"href":"https:\/\/www.sonoraenequipo.com.mx\/api\/wp\/v2\/posts\/158009\/revisions\/158025"}],"wp:featuredmedia":[{"embeddable":true,"href":"https:\/\/www.sonoraenequipo.com.mx\/api\/wp\/v2\/media\/158022"}],"wp:attachment":[{"href":"https:\/\/www.sonoraenequipo.com.mx\/api\/wp\/v2\/media?parent=158009"}],"wp:term":[{"taxonomy":"category","embeddable":true,"href":"https:\/\/www.sonoraenequipo.com.mx\/api\/wp\/v2\/categories?post=158009"},{"taxonomy":"post_tag","embeddable":true,"href":"https:\/\/www.sonoraenequipo.com.mx\/api\/wp\/v2\/tags?post=158009"}],"curies":[{"name":"wp","href":"https:\/\/api.w.org\/{rel}","templated":true}]}}