{"id":158090,"date":"2023-02-02T17:51:25","date_gmt":"2023-02-03T00:51:25","guid":{"rendered":"https:\/\/www.sonoraenequipo.com.mx\/?p=158090"},"modified":"2023-02-02T21:52:33","modified_gmt":"2023-02-03T04:52:33","slug":"detienen-a-tercer-presunto-implicado-en-rapto-y-homicidio-de-medico-de-cajeme","status":"publish","type":"post","link":"https:\/\/www.sonoraenequipo.com.mx\/detienen-a-tercer-presunto-implicado-en-rapto-y-homicidio-de-medico-de-cajeme\/","title":{"rendered":"Detienen a tercer presunto implicado en rapto y homicidio de m\u00e9dico de Cajeme"},"content":{"rendered":"<p>Fue detenido Jes\u00fas Manuel \u201cN.\u201d, de 34 a\u00f1os, en Los Mochis, Sinaloa, como tercer probable implicado en la desaparici\u00f3n forzada del doctor Carlos R\u00edos, ocurrida en #Cajeme, por el que tambi\u00e9n fueron aprehendidos Dania Mildreth \u201cN.\u201d y Mario Alberto \u201cN.\u201d.<\/p>\n<p>&nbsp;<\/p>\n<p>La captura se logr\u00f3 dentro de la Coordinaci\u00f3n de Seguridad de la Regi\u00f3n del Mar de Cort\u00e9s, por elementos de la Unidad Especializada en Combate al Secuestro, de las Fiscal\u00edas de #Sonora y #Sinaloa, por lo que Jes\u00fas Manuel \u201cN.\u201d ser\u00e1 procesado en Sonora.<\/p>\n<p><strong><em><u>Fecha de publicaci\u00f3n jueves 2 de febrero de 2023 con informaci\u00f3n de boletines<\/u><\/em><\/strong><\/p>\n","protected":false},"excerpt":{"rendered":"<p>Fue detenido Jes\u00fas Manuel \u201cN.\u201d, de 34 a\u00f1os, en Los Mochis, Sinaloa, como tercer probable&#8230;<\/p>\n","protected":false},"author":1,"featured_media":158091,"comment_status":"open","ping_status":"open","sticky":false,"template":"","format":"standard","meta":{"_monsterinsights_skip_tracking":false,"_monsterinsights_sitenote_active":false,"_monsterinsights_sitenote_note":"","_monsterinsights_sitenote_category":0,"footnotes":""},"categories":[3144],"tags":[476,8161,3434],"class_list":["post"],"yoast_head":" \n<title>Sonora en Equipo. Detienen a tercer presunto implicado en rapto y homicidio de m\u00e9dico de Cajeme Polic\u00edaca<\/title>\n<meta name=\"description\" content=\"Fue detenido Jes\u00fas Manuel \u201cN.\u201d, de 34 a\u00f1os, en Los Mochis, Sinaloa, como tercer probable implicado en la desaparici\u00f3n forzada del doctor Carlos R\u00edos, En Sonora en Equipo publicamos toda la informaci\u00f3n de Sonora, M\u00e9xico y el Mundo de manera oportuna y busca que la libertad de expresi\u00f3n sea real. Visita nuestro medio informativo publicado desde Hermosillo, Sonora. %\" \/>\n<meta name=\"robots\" content=\"index, follow, max-snippet:-1, max-image-preview:large, max-video-preview:-1\" \/>\n<link rel=\"canonical\" href=\"https:\/\/www.sonoraenequipo.com.mx\/detienen-a-tercer-presunto-implicado-en-rapto-y-homicidio-de-medico-de-cajeme\/\" \/>\n<meta property=\"og:locale\" content=\"es_ES\" \/>\n<meta property=\"og:type\" content=\"article\" \/>\n<meta property=\"og:title\" content=\"Sonora en Equipo. Detienen a tercer presunto implicado en rapto y homicidio de m\u00e9dico de Cajeme Polic\u00edaca\" \/>\n<meta property=\"og:description\" content=\"Fue detenido Jes\u00fas Manuel \u201cN.\u201d, de 34 a\u00f1os, en Los Mochis, Sinaloa, como tercer probable implicado en la desaparici\u00f3n forzada del doctor Carlos R\u00edos, En Sonora en Equipo publicamos toda la informaci\u00f3n de Sonora, M\u00e9xico y el Mundo de manera oportuna y busca que la libertad de expresi\u00f3n sea real. Visita nuestro medio informativo publicado desde Hermosillo, Sonora. %\" \/>\n<meta property=\"og:url\" content=\"https:\/\/www.sonoraenequipo.com.mx\/detienen-a-tercer-presunto-implicado-en-rapto-y-homicidio-de-medico-de-cajeme\/\" \/>\n<meta property=\"og:site_name\" content=\"Sonora en Equipo.\" \/>\n<meta property=\"article:publisher\" content=\"https:\/\/www.facebook.com\/SonoraEE\/\" \/>\n<meta property=\"article:author\" content=\"https:\/\/www.facebook.com\/SonoraEE\" \/>\n<meta property=\"article:published_time\" content=\"2023-02-03T00:51:25+00:00\" \/>\n<meta property=\"article:modified_time\" content=\"2023-02-03T04:52:33+00:00\" \/>\n<meta property=\"og:image\" content=\"https:\/\/www.sonoraenequipo.com.mx\/storage\/2023\/02\/jesus.jpg\" \/>\n\t<meta property=\"og:image:width\" content=\"600\" \/>\n\t<meta property=\"og:image:height\" content=\"400\" \/>\n\t<meta property=\"og:image:type\" content=\"image\/jpeg\" \/>\n<meta name=\"author\" content=\"enequipo\" \/>\n<meta name=\"twitter:card\" content=\"summary_large_image\" \/>\n<meta name=\"twitter:creator\" content=\"@sonoraenequipo\" \/>\n<meta name=\"twitter:site\" content=\"@sonoraenequipo\" \/>\n<meta name=\"twitter:label1\" content=\"Escrito por\" \/>\n\t<meta name=\"twitter:data1\" content=\"enequipo\" \/>\n\t<meta name=\"twitter:label2\" content=\"Tiempo de lectura\" \/>\n\t<meta name=\"twitter:data2\" content=\"1 minuto\" \/>\n<script type=\"application\/ld+json\" class=\"yoast-schema-graph\">{\"@context\":\"https:\/\/schema.org\",\"@graph\":[{\"@type\":\"Article\",\"@id\":\"https:\/\/www.sonoraenequipo.com.mx\/detienen-a-tercer-presunto-implicado-en-rapto-y-homicidio-de-medico-de-cajeme\/#article\",\"isPartOf\":{\"@id\":\"https:\/\/www.sonoraenequipo.com.mx\/detienen-a-tercer-presunto-implicado-en-rapto-y-homicidio-de-medico-de-cajeme\/\"},\"author\":{\"name\":\"enequipo\",\"@id\":\"https:\/\/www.sonoraenequipo.com.mx\/#\/schema\/person\/50102df0fb23a8fa9e8effad8fa81386\"},\"headline\":\"Detienen a tercer presunto implicado en rapto y homicidio de m\u00e9dico de Cajeme\",\"datePublished\":\"2023-02-03T00:51:25+00:00\",\"dateModified\":\"2023-02-03T04:52:33+00:00\",\"mainEntityOfPage\":{\"@id\":\"https:\/\/www.sonoraenequipo.com.mx\/detienen-a-tercer-presunto-implicado-en-rapto-y-homicidio-de-medico-de-cajeme\/\"},\"wordCount\":121,\"commentCount\":0,\"publisher\":{\"@id\":\"https:\/\/www.sonoraenequipo.com.mx\/#organization\"},\"image\":{\"@id\":\"https:\/\/www.sonoraenequipo.com.mx\/detienen-a-tercer-presunto-implicado-en-rapto-y-homicidio-de-medico-de-cajeme\/#primaryimage\"},\"thumbnailUrl\":\"https:\/\/www.sonoraenequipo.com.mx\/storage\/2023\/02\/jesus.jpg\",\"keywords\":[\"Cajeme\",\"muerte medico\",\"secuestro\"],\"articleSection\":[\"Polic\u00edaca\"],\"inLanguage\":\"es\",\"potentialAction\":[{\"@type\":\"CommentAction\",\"name\":\"Comment\",\"target\":[\"https:\/\/www.sonoraenequipo.com.mx\/detienen-a-tercer-presunto-implicado-en-rapto-y-homicidio-de-medico-de-cajeme\/#respond\"]}]},{\"@type\":\"WebPage\",\"@id\":\"https:\/\/www.sonoraenequipo.com.mx\/detienen-a-tercer-presunto-implicado-en-rapto-y-homicidio-de-medico-de-cajeme\/\",\"url\":\"https:\/\/www.sonoraenequipo.com.mx\/detienen-a-tercer-presunto-implicado-en-rapto-y-homicidio-de-medico-de-cajeme\/\",\"name\":\"Sonora en Equipo. Detienen a tercer presunto implicado en rapto y homicidio de m\u00e9dico de Cajeme Polic\u00edaca\",\"isPartOf\":{\"@id\":\"https:\/\/www.sonoraenequipo.com.mx\/#website\"},\"primaryImageOfPage\":{\"@id\":\"https:\/\/www.sonoraenequipo.com.mx\/detienen-a-tercer-presunto-implicado-en-rapto-y-homicidio-de-medico-de-cajeme\/#primaryimage\"},\"image\":{\"@id\":\"https:\/\/www.sonoraenequipo.com.mx\/detienen-a-tercer-presunto-implicado-en-rapto-y-homicidio-de-medico-de-cajeme\/#primaryimage\"},\"thumbnailUrl\":\"https:\/\/www.sonoraenequipo.com.mx\/storage\/2023\/02\/jesus.jpg\",\"datePublished\":\"2023-02-03T00:51:25+00:00\",\"dateModified\":\"2023-02-03T04:52:33+00:00\",\"description\":\"Fue detenido Jes\u00fas Manuel \u201cN.\u201d, de 34 a\u00f1os, en Los Mochis, Sinaloa, como tercer probable implicado en la desaparici\u00f3n forzada del doctor Carlos R\u00edos, En Sonora en Equipo publicamos toda la informaci\u00f3n de Sonora, M\u00e9xico y el Mundo de manera oportuna y busca que la libertad de expresi\u00f3n sea real. Visita nuestro medio informativo publicado desde Hermosillo, Sonora. %\",\"breadcrumb\":{\"@id\":\"https:\/\/www.sonoraenequipo.com.mx\/detienen-a-tercer-presunto-implicado-en-rapto-y-homicidio-de-medico-de-cajeme\/#breadcrumb\"},\"inLanguage\":\"es\",\"potentialAction\":[{\"@type\":\"ReadAction\",\"target\":[\"https:\/\/www.sonoraenequipo.com.mx\/detienen-a-tercer-presunto-implicado-en-rapto-y-homicidio-de-medico-de-cajeme\/\"]}]},{\"@type\":\"ImageObject\",\"inLanguage\":\"es\",\"@id\":\"https:\/\/www.sonoraenequipo.com.mx\/detienen-a-tercer-presunto-implicado-en-rapto-y-homicidio-de-medico-de-cajeme\/#primaryimage\",\"url\":\"https:\/\/www.sonoraenequipo.com.mx\/storage\/2023\/02\/jesus.jpg\",\"contentUrl\":\"https:\/\/www.sonoraenequipo.com.mx\/storage\/2023\/02\/jesus.jpg\",\"width\":600,\"height\":400},{\"@type\":\"BreadcrumbList\",\"@id\":\"https:\/\/www.sonoraenequipo.com.mx\/detienen-a-tercer-presunto-implicado-en-rapto-y-homicidio-de-medico-de-cajeme\/#breadcrumb\",\"itemListElement\":[{\"@type\":\"ListItem\",\"position\":1,\"name\":\"Portada\",\"item\":\"https:\/\/www.sonoraenequipo.com.mx\/\"},{\"@type\":\"ListItem\",\"position\":2,\"name\":\"Detienen a tercer presunto implicado en rapto y homicidio de m\u00e9dico de Cajeme\"}]},{\"@type\":\"WebSite\",\"@id\":\"https:\/\/www.sonoraenequipo.com.mx\/#website\",\"url\":\"https:\/\/www.sonoraenequipo.com.mx\/\",\"name\":\"Sonora en Equipo.\",\"description\":\"Diario en l\u00ednea con Noticias desde Hermosillo, Sonora\",\"publisher\":{\"@id\":\"https:\/\/www.sonoraenequipo.com.mx\/#organization\"},\"potentialAction\":[{\"@type\":\"SearchAction\",\"target\":{\"@type\":\"EntryPoint\",\"urlTemplate\":\"https:\/\/www.sonoraenequipo.com.mx\/?s={search_term_string}\"},\"query-input\":{\"@type\":\"PropertyValueSpecification\",\"valueRequired\":true,\"valueName\":\"search_term_string\"}}],\"inLanguage\":\"es\"},{\"@type\":\"Organization\",\"@id\":\"https:\/\/www.sonoraenequipo.com.mx\/#organization\",\"name\":\"Sonoraenequipo.com.mx\",\"url\":\"https:\/\/www.sonoraenequipo.com.mx\/\",\"logo\":{\"@type\":\"ImageObject\",\"inLanguage\":\"es\",\"@id\":\"https:\/\/www.sonoraenequipo.com.mx\/#\/schema\/logo\/image\/\",\"url\":\"https:\/\/www.sonoraenequipo.com.mx\/storage\/2019\/01\/sonoraenequipo_opt.png\",\"contentUrl\":\"https:\/\/www.sonoraenequipo.com.mx\/storage\/2019\/01\/sonoraenequipo_opt.png\",\"width\":375,\"height\":125,\"caption\":\"Sonoraenequipo.com.mx\"},\"image\":{\"@id\":\"https:\/\/www.sonoraenequipo.com.mx\/#\/schema\/logo\/image\/\"},\"sameAs\":[\"https:\/\/www.facebook.com\/SonoraEE\/\",\"https:\/\/x.com\/sonoraenequipo\",\"https:\/\/www.youtube.com\/channel\/UC338nW-lPEYmJQs4ZABQ1SQ\"]},{\"@type\":\"Person\",\"@id\":\"https:\/\/www.sonoraenequipo.com.mx\/#\/schema\/person\/50102df0fb23a8fa9e8effad8fa81386\",\"name\":\"enequipo\",\"image\":{\"@type\":\"ImageObject\",\"inLanguage\":\"es\",\"@id\":\"https:\/\/www.sonoraenequipo.com.mx\/#\/schema\/person\/image\/\",\"url\":\"https:\/\/secure.gravatar.com\/avatar\/049821681b589dabc0bc20695993ccebb09f5b5d4d790cd9251b97faac7c652b?s=96&d=blank&r=g\",\"contentUrl\":\"https:\/\/secure.gravatar.com\/avatar\/049821681b589dabc0bc20695993ccebb09f5b5d4d790cd9251b97faac7c652b?s=96&d=blank&r=g\",\"caption\":\"enequipo\"},\"sameAs\":[\"https:\/\/www.facebook.com\/SonoraEE\"]}]}<\/script>\n ","yoast_head_json":{"title":"Sonora en Equipo. Detienen a tercer presunto implicado en rapto y homicidio de m\u00e9dico de Cajeme Polic\u00edaca","description":"Fue detenido Jes\u00fas Manuel \u201cN.\u201d, de 34 a\u00f1os, en Los Mochis, Sinaloa, como tercer probable implicado en la desaparici\u00f3n forzada del doctor Carlos R\u00edos, En Sonora en Equipo publicamos toda la informaci\u00f3n de Sonora, M\u00e9xico y el Mundo de manera oportuna y busca que la libertad de expresi\u00f3n sea real. Visita nuestro medio informativo publicado desde Hermosillo, Sonora. %","robots":{"index":"index","follow":"follow","max-snippet":"max-snippet:-1","max-image-preview":"max-image-preview:large","max-video-preview":"max-video-preview:-1"},"canonical":"https:\/\/www.sonoraenequipo.com.mx\/detienen-a-tercer-presunto-implicado-en-rapto-y-homicidio-de-medico-de-cajeme\/","og_locale":"es_ES","og_type":"article","og_title":"Sonora en Equipo. Detienen a tercer presunto implicado en rapto y homicidio de m\u00e9dico de Cajeme Polic\u00edaca","og_description":"Fue detenido Jes\u00fas Manuel \u201cN.\u201d, de 34 a\u00f1os, en Los Mochis, Sinaloa, como tercer probable implicado en la desaparici\u00f3n forzada del doctor Carlos R\u00edos, En Sonora en Equipo publicamos toda la informaci\u00f3n de Sonora, M\u00e9xico y el Mundo de manera oportuna y busca que la libertad de expresi\u00f3n sea real. Visita nuestro medio informativo publicado desde Hermosillo, Sonora. %","og_url":"https:\/\/www.sonoraenequipo.com.mx\/detienen-a-tercer-presunto-implicado-en-rapto-y-homicidio-de-medico-de-cajeme\/","og_site_name":"Sonora en Equipo.","article_publisher":"https:\/\/www.facebook.com\/SonoraEE\/","article_author":"https:\/\/www.facebook.com\/SonoraEE","article_published_time":"2023-02-03T00:51:25+00:00","article_modified_time":"2023-02-03T04:52:33+00:00","og_image":[{"width":600,"height":400,"url":"https:\/\/www.sonoraenequipo.com.mx\/storage\/2023\/02\/jesus.jpg","type":"image\/jpeg"}],"author":"enequipo","twitter_card":"summary_large_image","twitter_creator":"@sonoraenequipo","twitter_site":"@sonoraenequipo","twitter_misc":{"Escrito por":"enequipo","Tiempo de lectura":"1 minuto"},"schema":{"@context":"https:\/\/schema.org","@graph":[{"@type":"Article","@id":"https:\/\/www.sonoraenequipo.com.mx\/detienen-a-tercer-presunto-implicado-en-rapto-y-homicidio-de-medico-de-cajeme\/#article","isPartOf":{"@id":"https:\/\/www.sonoraenequipo.com.mx\/detienen-a-tercer-presunto-implicado-en-rapto-y-homicidio-de-medico-de-cajeme\/"},"author":{"name":"enequipo","@id":"https:\/\/www.sonoraenequipo.com.mx\/#\/schema\/person\/50102df0fb23a8fa9e8effad8fa81386"},"headline":"Detienen a tercer presunto implicado en rapto y homicidio de m\u00e9dico de Cajeme","datePublished":"2023-02-03T00:51:25+00:00","dateModified":"2023-02-03T04:52:33+00:00","mainEntityOfPage":{"@id":"https:\/\/www.sonoraenequipo.com.mx\/detienen-a-tercer-presunto-implicado-en-rapto-y-homicidio-de-medico-de-cajeme\/"},"wordCount":121,"commentCount":0,"publisher":{"@id":"https:\/\/www.sonoraenequipo.com.mx\/#organization"},"image":{"@id":"https:\/\/www.sonoraenequipo.com.mx\/detienen-a-tercer-presunto-implicado-en-rapto-y-homicidio-de-medico-de-cajeme\/#primaryimage"},"thumbnailUrl":"https:\/\/www.sonoraenequipo.com.mx\/storage\/2023\/02\/jesus.jpg","keywords":["Cajeme","muerte medico","secuestro"],"articleSection":["Polic\u00edaca"],"inLanguage":"es","potentialAction":[{"@type":"CommentAction","name":"Comment","target":["https:\/\/www.sonoraenequipo.com.mx\/detienen-a-tercer-presunto-implicado-en-rapto-y-homicidio-de-medico-de-cajeme\/#respond"]}]},{"@type":"WebPage","@id":"https:\/\/www.sonoraenequipo.com.mx\/detienen-a-tercer-presunto-implicado-en-rapto-y-homicidio-de-medico-de-cajeme\/","url":"https:\/\/www.sonoraenequipo.com.mx\/detienen-a-tercer-presunto-implicado-en-rapto-y-homicidio-de-medico-de-cajeme\/","name":"Sonora en Equipo. Detienen a tercer presunto implicado en rapto y homicidio de m\u00e9dico de Cajeme Polic\u00edaca","isPartOf":{"@id":"https:\/\/www.sonoraenequipo.com.mx\/#website"},"primaryImageOfPage":{"@id":"https:\/\/www.sonoraenequipo.com.mx\/detienen-a-tercer-presunto-implicado-en-rapto-y-homicidio-de-medico-de-cajeme\/#primaryimage"},"image":{"@id":"https:\/\/www.sonoraenequipo.com.mx\/detienen-a-tercer-presunto-implicado-en-rapto-y-homicidio-de-medico-de-cajeme\/#primaryimage"},"thumbnailUrl":"https:\/\/www.sonoraenequipo.com.mx\/storage\/2023\/02\/jesus.jpg","datePublished":"2023-02-03T00:51:25+00:00","dateModified":"2023-02-03T04:52:33+00:00","description":"Fue detenido Jes\u00fas Manuel \u201cN.\u201d, de 34 a\u00f1os, en Los Mochis, Sinaloa, como tercer probable implicado en la desaparici\u00f3n forzada del doctor Carlos R\u00edos, En Sonora en Equipo publicamos toda la informaci\u00f3n de Sonora, M\u00e9xico y el Mundo de manera oportuna y busca que la libertad de expresi\u00f3n sea real. Visita nuestro medio informativo publicado desde Hermosillo, Sonora. %","breadcrumb":{"@id":"https:\/\/www.sonoraenequipo.com.mx\/detienen-a-tercer-presunto-implicado-en-rapto-y-homicidio-de-medico-de-cajeme\/#breadcrumb"},"inLanguage":"es","potentialAction":[{"@type":"ReadAction","target":["https:\/\/www.sonoraenequipo.com.mx\/detienen-a-tercer-presunto-implicado-en-rapto-y-homicidio-de-medico-de-cajeme\/"]}]},{"@type":"ImageObject","inLanguage":"es","@id":"https:\/\/www.sonoraenequipo.com.mx\/detienen-a-tercer-presunto-implicado-en-rapto-y-homicidio-de-medico-de-cajeme\/#primaryimage","url":"https:\/\/www.sonoraenequipo.com.mx\/storage\/2023\/02\/jesus.jpg","contentUrl":"https:\/\/www.sonoraenequipo.com.mx\/storage\/2023\/02\/jesus.jpg","width":600,"height":400},{"@type":"BreadcrumbList","@id":"https:\/\/www.sonoraenequipo.com.mx\/detienen-a-tercer-presunto-implicado-en-rapto-y-homicidio-de-medico-de-cajeme\/#breadcrumb","itemListElement":[{"@type":"ListItem","position":1,"name":"Portada","item":"https:\/\/www.sonoraenequipo.com.mx\/"},{"@type":"ListItem","position":2,"name":"Detienen a tercer presunto implicado en rapto y homicidio de m\u00e9dico de Cajeme"}]},{"@type":"WebSite","@id":"https:\/\/www.sonoraenequipo.com.mx\/#website","url":"https:\/\/www.sonoraenequipo.com.mx\/","name":"Sonora en Equipo.","description":"Diario en l\u00ednea con Noticias desde Hermosillo, Sonora","publisher":{"@id":"https:\/\/www.sonoraenequipo.com.mx\/#organization"},"potentialAction":[{"@type":"SearchAction","target":{"@type":"EntryPoint","urlTemplate":"https:\/\/www.sonoraenequipo.com.mx\/?s={search_term_string}"},"query-input":{"@type":"PropertyValueSpecification","valueRequired":true,"valueName":"search_term_string"}}],"inLanguage":"es"},{"@type":"Organization","@id":"https:\/\/www.sonoraenequipo.com.mx\/#organization","name":"Sonoraenequipo.com.mx","url":"https:\/\/www.sonoraenequipo.com.mx\/","logo":{"@type":"ImageObject","inLanguage":"es","@id":"https:\/\/www.sonoraenequipo.com.mx\/#\/schema\/logo\/image\/","url":"https:\/\/www.sonoraenequipo.com.mx\/storage\/2019\/01\/sonoraenequipo_opt.png","contentUrl":"https:\/\/www.sonoraenequipo.com.mx\/storage\/2019\/01\/sonoraenequipo_opt.png","width":375,"height":125,"caption":"Sonoraenequipo.com.mx"},"image":{"@id":"https:\/\/www.sonoraenequipo.com.mx\/#\/schema\/logo\/image\/"},"sameAs":["https:\/\/www.facebook.com\/SonoraEE\/","https:\/\/x.com\/sonoraenequipo","https:\/\/www.youtube.com\/channel\/UC338nW-lPEYmJQs4ZABQ1SQ"]},{"@type":"Person","@id":"https:\/\/www.sonoraenequipo.com.mx\/#\/schema\/person\/50102df0fb23a8fa9e8effad8fa81386","name":"enequipo","image":{"@type":"ImageObject","inLanguage":"es","@id":"https:\/\/www.sonoraenequipo.com.mx\/#\/schema\/person\/image\/","url":"https:\/\/secure.gravatar.com\/avatar\/049821681b589dabc0bc20695993ccebb09f5b5d4d790cd9251b97faac7c652b?s=96&d=blank&r=g","contentUrl":"https:\/\/secure.gravatar.com\/avatar\/049821681b589dabc0bc20695993ccebb09f5b5d4d790cd9251b97faac7c652b?s=96&d=blank&r=g","caption":"enequipo"},"sameAs":["https:\/\/www.facebook.com\/SonoraEE"]}]}},"jetpack_featured_media_url":"https:\/\/www.sonoraenequipo.com.mx\/storage\/2023\/02\/jesus.jpg","_links":{"self":[{"href":"https:\/\/www.sonoraenequipo.com.mx\/api\/wp\/v2\/posts\/158090","targetHints":{"allow":["GET"]}}],"collection":[{"href":"https:\/\/www.sonoraenequipo.com.mx\/api\/wp\/v2\/posts"}],"about":[{"href":"https:\/\/www.sonoraenequipo.com.mx\/api\/wp\/v2\/types\/post"}],"author":[{"embeddable":true,"href":"https:\/\/www.sonoraenequipo.com.mx\/api\/wp\/v2\/users\/1"}],"replies":[{"embeddable":true,"href":"https:\/\/www.sonoraenequipo.com.mx\/api\/wp\/v2\/comments?post=158090"}],"version-history":[{"count":1,"href":"https:\/\/www.sonoraenequipo.com.mx\/api\/wp\/v2\/posts\/158090\/revisions"}],"predecessor-version":[{"id":158092,"href":"https:\/\/www.sonoraenequipo.com.mx\/api\/wp\/v2\/posts\/158090\/revisions\/158092"}],"wp:featuredmedia":[{"embeddable":true,"href":"https:\/\/www.sonoraenequipo.com.mx\/api\/wp\/v2\/media\/158091"}],"wp:attachment":[{"href":"https:\/\/www.sonoraenequipo.com.mx\/api\/wp\/v2\/media?parent=158090"}],"wp:term":[{"taxonomy":"category","embeddable":true,"href":"https:\/\/www.sonoraenequipo.com.mx\/api\/wp\/v2\/categories?post=158090"},{"taxonomy":"post_tag","embeddable":true,"href":"https:\/\/www.sonoraenequipo.com.mx\/api\/wp\/v2\/tags?post=158090"}],"curies":[{"name":"wp","href":"https:\/\/api.w.org\/{rel}","templated":true}]}}