{"id":158100,"date":"2023-02-02T19:38:03","date_gmt":"2023-02-03T02:38:03","guid":{"rendered":"https:\/\/www.sonoraenequipo.com.mx\/?p=158100"},"modified":"2023-02-02T19:38:03","modified_gmt":"2023-02-03T02:38:03","slug":"ha-perdido-pri-sonora-mas-de-62-mil-militantes","status":"publish","type":"post","link":"https:\/\/www.sonoraenequipo.com.mx\/ha-perdido-pri-sonora-mas-de-62-mil-militantes\/","title":{"rendered":"\u00a0 Ha perdido PRI Sonora m\u00e1s de 62 mil militantes"},"content":{"rendered":"<p>\u25baAnuncia campa\u00f1a de reafiliaci\u00f3n\u00a0 y busca incorporar a 30 mil personas al padr\u00f3n<\/p>\n<p>\u25baActualmente cuenta\u00a0 con ocho mil 228 registros de 70 mil que lleg\u00f3 a tener en otro momento<\/p>\n<p>Justifican el impacto al padr\u00f3n en las nuevas reglas de filiaci\u00f3n<\/p>\n<p>&nbsp;<\/p>\n<p><strong>HERMOSILLO, SONORA,MX.<\/strong><strong>\u2500\u2500<\/strong> El PRI de Sonora arranc\u00f3 en la entidad la campa\u00f1a nacional de afiliaci\u00f3n, actualizaci\u00f3n y credencializaci\u00f3n.<\/p>\n<p>&nbsp;<\/p>\n<p>\u201cSe buscan Revolucionarios\u201d, anunci\u00f3 Jos\u00e9 Luis Villalobos, Coordinador Nacional de Afiliaci\u00f3n y Registro Partidario, quien junto al Presidente del PRI en Sonora inici\u00f3 este proceso.<\/p>\n<p>&nbsp;<\/p>\n<p>En Sonora, dijo Villalobos, se busca que durante esta campa\u00f1a se alcance la meta de 30 mil afiliados, contando actualmente con un padr\u00f3n de 8,228 registros que lleg\u00f3 a casi 70 mil en otro momento.<\/p>\n<p>&nbsp;<\/p>\n<p>Record\u00f3 que en a\u00f1o 2019 el Instituto Estatal Electoral orden\u00f3 a los partidos pol\u00edticos nacionales revisar sus padrones en todo el pa\u00eds, donde exigieron un documento que manifestara la voluntad de la militancia, tema que impact\u00f3 en el padr\u00f3n de todos los partidos.<\/p>\n<p>&nbsp;<\/p>\n<p>Dijo que la ruta de trabajo es recuperar el n\u00famero de registro mediante esta campa\u00f1a permanente y resalt\u00f3 que es el PRI el partido pol\u00edtico con el mayor n\u00famero de militantes en el pa\u00eds y lo seguir\u00e1 siendo.<\/p>\n<p>&nbsp;<\/p>\n<p>La campa\u00f1a de afiliaci\u00f3n, explic\u00f3 Villalobos, tiene tres vertientes; afiliaci\u00f3n para nuevos militantes, siendo estos el 45% del padr\u00f3n completamente nuevos en el pa\u00eds, y un 55 % de militantes re afiliados y la credencializaci\u00f3n.<\/p>\n<p>&nbsp;<\/p>\n<p>Para tener un padr\u00f3n real, jur\u00eddicamente confiable y con riesgos m\u00ednimos de sanciones, donde dijo, est\u00e9n quien debe y quiera estar, por ello tendr\u00e1n una gira de inicio por cuatro municipios, Hermosillo, \u00c1lamos, Ciudad Obreg\u00f3n y Guaymas, ya que el partido tiene que ir al encuentro de la militancia, recuperar los votos que se fueron de muchos priistas, enfatiz\u00f3.<\/p>\n<p>&nbsp;<\/p>\n<p>Dijo que, debido al descuido y falta de trabajo en el partido en este tema, existen 5 municipios sin registro de militantes en el partido, pero reconoci\u00f3 que en esta nueva dirigencia est\u00e1 trabajando arduamente en ello.<\/p>\n<p>&nbsp;<\/p>\n<p>Rogelio D\u00edaz Brown, presidente del Comit\u00e9 Directivo estatal del PRI en Sonora dijo que se trabaja de manera puntual en este tema.<\/p>\n<p>&nbsp;<\/p>\n<p>\u201cEstamos retomando el padr\u00f3n, el cual, como otros temas estaban totalmente descuidados\u00bb, enfatiz\u00f3.<\/p>\n<p>&nbsp;<\/p>\n<p>Seguimos, dijo, caminando en la reconstrucci\u00f3n del partido volverlo a colocar como cuando daba buenos resultados.<\/p>\n<p>&nbsp;<\/p>\n<p>Indic\u00f3 que la meta es de 30 mil, pero que hay muchos m\u00e1s, y se trabaja ya en los mecanismos para llegar a ellos.<\/p>\n<p>&nbsp;<\/p>\n<p>Destac\u00f3 el trabajo de las organizaciones respecto a esta tarea, y resalt\u00f3 el caso de Movimiento territorial, el cual ya mostr\u00f3 avance en esta tarea con la entrega de 500 formatos de trabajo de registros.<\/p>\n<p>&nbsp;<\/p>\n<p>\u00abAqu\u00ed estamos construyendo un PRI de unidad, con un partido que genere la confianza y la uni\u00f3n\u00bb, expuso.<\/p>\n<p>&nbsp;<\/p>\n<p>Invit\u00f3 a todo sector, organizaci\u00f3n, corrientes que lleven el apellido PRI, donde exista el compromiso con la sociedad.<\/p>\n<p>&nbsp;<\/p>\n<p>Dijo que este arranque es sin duda parte la reconstrucci\u00f3n del partido, este ejercicio de trabajo ser\u00e1 permanente, \u201cy estamos seguros que muy pronto iremos avanzado este tema en el partido y recuperar el n\u00famero del padr\u00f3n\u201d.<\/p>\n<p>&nbsp;<\/p>\n<p>Iris S\u00e1nchez Chiu, Secretaria General del CDEPRI, reconoci\u00f3 la relevancia del registro, un tema muy importante para los priistas de Sonora, ya que es fundamental fortalecer y hacer crecer el padr\u00f3n de priistas aqu\u00ed en el estado y es el compromiso del partido, dijo.<\/p>\n<p>&nbsp;<\/p>\n<p>\u201cSabemos que somos mucho m\u00e1s de los que estamos actualmente registrados en el padr\u00f3n, es importante que todo priista sonorense cuente con su credencial es un tema de identidad y orgullo partidista\u201d, destac\u00f3.<\/p>\n<p>&nbsp;<\/p>\n<p>&nbsp;<\/p>\n<p>&nbsp;<\/p>\n<p>DATOS:<\/p>\n<p>&nbsp;<\/p>\n<p>&#8211; Militantes afiliados actualmente: 8,228<\/p>\n<p>&nbsp;<\/p>\n<p>&#8211; Meta de afiliaciones en Sonora: 30,000<\/p>\n<p>&nbsp;<\/p>\n<p>&#8211; Municipios con cero afiliaciones: Atil, Bacanora, Benjam\u00edn Hill, Divisaderos y General Plutarco El\u00edas Calles.<\/p>\n<p>&nbsp;<\/p>\n<p>&#8211; Municipios con mayor n\u00famero de afiliados: Hermosillo y Cajeme<\/p>\n<p>&nbsp;<\/p>\n<p>&#8211; Beneficios de contar con credencial de militante actualizada: Descuentos en adquisici\u00f3n de art\u00edculos y servicios en varios comercios del pa\u00eds.<\/p>\n<p><strong><em><u>Fecha de publicaci\u00f3n jueves 2 de febrero de 2023 con informaci\u00f3n de boletines<\/u><\/em><\/strong><\/p>\n<p>&nbsp;<\/p>\n","protected":false},"excerpt":{"rendered":"<p>\u25baAnuncia campa\u00f1a de reafiliaci\u00f3n\u00a0 y busca incorporar a 30 mil personas al padr\u00f3n \u25baActualmente cuenta\u00a0&#8230;<\/p>\n","protected":false},"author":1,"featured_media":158101,"comment_status":"open","ping_status":"open","sticky":false,"template":"","format":"standard","meta":{"_monsterinsights_skip_tracking":false,"_monsterinsights_sitenote_active":false,"_monsterinsights_sitenote_note":"","_monsterinsights_sitenote_category":0,"footnotes":""},"categories":[22],"tags":[105,8162,15],"class_list":["post"],"yoast_head":" \n<title>Sonora en Equipo. \u00a0 Ha perdido PRI Sonora m\u00e1s de 62 mil militantes Sonora<\/title>\n<meta name=\"description\" content=\"\u25baAnuncia campa\u00f1a de reafiliaci\u00f3n\u00a0 y busca incorporar a 30 mil personas al padr\u00f3n \u25baActualmente cuenta\u00a0 con ocho mil 228 registros de 70 mil que lleg\u00f3 a En Sonora en Equipo publicamos toda la informaci\u00f3n de Sonora, M\u00e9xico y el Mundo de manera oportuna y busca que la libertad de expresi\u00f3n sea real. Visita nuestro medio informativo publicado desde Hermosillo, Sonora. %\" \/>\n<meta name=\"robots\" content=\"index, follow, max-snippet:-1, max-image-preview:large, max-video-preview:-1\" \/>\n<link rel=\"canonical\" href=\"https:\/\/www.sonoraenequipo.com.mx\/ha-perdido-pri-sonora-mas-de-62-mil-militantes\/\" \/>\n<meta property=\"og:locale\" content=\"es_ES\" \/>\n<meta property=\"og:type\" content=\"article\" \/>\n<meta property=\"og:title\" content=\"Sonora en Equipo. \u00a0 Ha perdido PRI Sonora m\u00e1s de 62 mil militantes Sonora\" \/>\n<meta property=\"og:description\" content=\"\u25baAnuncia campa\u00f1a de reafiliaci\u00f3n\u00a0 y busca incorporar a 30 mil personas al padr\u00f3n \u25baActualmente cuenta\u00a0 con ocho mil 228 registros de 70 mil que lleg\u00f3 a En Sonora en Equipo publicamos toda la informaci\u00f3n de Sonora, M\u00e9xico y el Mundo de manera oportuna y busca que la libertad de expresi\u00f3n sea real. Visita nuestro medio informativo publicado desde Hermosillo, Sonora. %\" \/>\n<meta property=\"og:url\" content=\"https:\/\/www.sonoraenequipo.com.mx\/ha-perdido-pri-sonora-mas-de-62-mil-militantes\/\" \/>\n<meta property=\"og:site_name\" content=\"Sonora en Equipo.\" \/>\n<meta property=\"article:publisher\" content=\"https:\/\/www.facebook.com\/SonoraEE\/\" \/>\n<meta property=\"article:author\" content=\"https:\/\/www.facebook.com\/SonoraEE\" \/>\n<meta property=\"article:published_time\" content=\"2023-02-03T02:38:03+00:00\" \/>\n<meta property=\"og:image\" content=\"https:\/\/www.sonoraenequipo.com.mx\/storage\/2023\/02\/pri.jpg\" \/>\n\t<meta property=\"og:image:width\" content=\"600\" \/>\n\t<meta property=\"og:image:height\" content=\"399\" \/>\n\t<meta property=\"og:image:type\" content=\"image\/jpeg\" \/>\n<meta name=\"author\" content=\"enequipo\" \/>\n<meta name=\"twitter:card\" content=\"summary_large_image\" \/>\n<meta name=\"twitter:creator\" content=\"@sonoraenequipo\" \/>\n<meta name=\"twitter:site\" content=\"@sonoraenequipo\" \/>\n<meta name=\"twitter:label1\" content=\"Escrito por\" \/>\n\t<meta name=\"twitter:data1\" content=\"enequipo\" \/>\n\t<meta name=\"twitter:label2\" content=\"Tiempo de lectura\" \/>\n\t<meta name=\"twitter:data2\" content=\"4 minutos\" \/>\n<script type=\"application\/ld+json\" class=\"yoast-schema-graph\">{\"@context\":\"https:\/\/schema.org\",\"@graph\":[{\"@type\":\"Article\",\"@id\":\"https:\/\/www.sonoraenequipo.com.mx\/ha-perdido-pri-sonora-mas-de-62-mil-militantes\/#article\",\"isPartOf\":{\"@id\":\"https:\/\/www.sonoraenequipo.com.mx\/ha-perdido-pri-sonora-mas-de-62-mil-militantes\/\"},\"author\":{\"name\":\"enequipo\",\"@id\":\"https:\/\/www.sonoraenequipo.com.mx\/#\/schema\/person\/50102df0fb23a8fa9e8effad8fa81386\"},\"headline\":\"\u00a0 Ha perdido PRI Sonora m\u00e1s de 62 mil militantes\",\"datePublished\":\"2023-02-03T02:38:03+00:00\",\"mainEntityOfPage\":{\"@id\":\"https:\/\/www.sonoraenequipo.com.mx\/ha-perdido-pri-sonora-mas-de-62-mil-militantes\/\"},\"wordCount\":737,\"commentCount\":0,\"publisher\":{\"@id\":\"https:\/\/www.sonoraenequipo.com.mx\/#organization\"},\"image\":{\"@id\":\"https:\/\/www.sonoraenequipo.com.mx\/ha-perdido-pri-sonora-mas-de-62-mil-militantes\/#primaryimage\"},\"thumbnailUrl\":\"https:\/\/www.sonoraenequipo.com.mx\/storage\/2023\/02\/pri.jpg\",\"keywords\":[\"pri\",\"reafiliacion\",\"Sonora\"],\"articleSection\":[\"Sonora\"],\"inLanguage\":\"es\",\"potentialAction\":[{\"@type\":\"CommentAction\",\"name\":\"Comment\",\"target\":[\"https:\/\/www.sonoraenequipo.com.mx\/ha-perdido-pri-sonora-mas-de-62-mil-militantes\/#respond\"]}]},{\"@type\":\"WebPage\",\"@id\":\"https:\/\/www.sonoraenequipo.com.mx\/ha-perdido-pri-sonora-mas-de-62-mil-militantes\/\",\"url\":\"https:\/\/www.sonoraenequipo.com.mx\/ha-perdido-pri-sonora-mas-de-62-mil-militantes\/\",\"name\":\"Sonora en Equipo. \u00a0 Ha perdido PRI Sonora m\u00e1s de 62 mil militantes Sonora\",\"isPartOf\":{\"@id\":\"https:\/\/www.sonoraenequipo.com.mx\/#website\"},\"primaryImageOfPage\":{\"@id\":\"https:\/\/www.sonoraenequipo.com.mx\/ha-perdido-pri-sonora-mas-de-62-mil-militantes\/#primaryimage\"},\"image\":{\"@id\":\"https:\/\/www.sonoraenequipo.com.mx\/ha-perdido-pri-sonora-mas-de-62-mil-militantes\/#primaryimage\"},\"thumbnailUrl\":\"https:\/\/www.sonoraenequipo.com.mx\/storage\/2023\/02\/pri.jpg\",\"datePublished\":\"2023-02-03T02:38:03+00:00\",\"description\":\"\u25baAnuncia campa\u00f1a de reafiliaci\u00f3n\u00a0 y busca incorporar a 30 mil personas al padr\u00f3n \u25baActualmente cuenta\u00a0 con ocho mil 228 registros de 70 mil que lleg\u00f3 a En Sonora en Equipo publicamos toda la informaci\u00f3n de Sonora, M\u00e9xico y el Mundo de manera oportuna y busca que la libertad de expresi\u00f3n sea real. Visita nuestro medio informativo publicado desde Hermosillo, Sonora. %\",\"breadcrumb\":{\"@id\":\"https:\/\/www.sonoraenequipo.com.mx\/ha-perdido-pri-sonora-mas-de-62-mil-militantes\/#breadcrumb\"},\"inLanguage\":\"es\",\"potentialAction\":[{\"@type\":\"ReadAction\",\"target\":[\"https:\/\/www.sonoraenequipo.com.mx\/ha-perdido-pri-sonora-mas-de-62-mil-militantes\/\"]}]},{\"@type\":\"ImageObject\",\"inLanguage\":\"es\",\"@id\":\"https:\/\/www.sonoraenequipo.com.mx\/ha-perdido-pri-sonora-mas-de-62-mil-militantes\/#primaryimage\",\"url\":\"https:\/\/www.sonoraenequipo.com.mx\/storage\/2023\/02\/pri.jpg\",\"contentUrl\":\"https:\/\/www.sonoraenequipo.com.mx\/storage\/2023\/02\/pri.jpg\",\"width\":600,\"height\":399},{\"@type\":\"BreadcrumbList\",\"@id\":\"https:\/\/www.sonoraenequipo.com.mx\/ha-perdido-pri-sonora-mas-de-62-mil-militantes\/#breadcrumb\",\"itemListElement\":[{\"@type\":\"ListItem\",\"position\":1,\"name\":\"Portada\",\"item\":\"https:\/\/www.sonoraenequipo.com.mx\/\"},{\"@type\":\"ListItem\",\"position\":2,\"name\":\"\u00a0 Ha perdido PRI Sonora m\u00e1s de 62 mil militantes\"}]},{\"@type\":\"WebSite\",\"@id\":\"https:\/\/www.sonoraenequipo.com.mx\/#website\",\"url\":\"https:\/\/www.sonoraenequipo.com.mx\/\",\"name\":\"Sonora en Equipo.\",\"description\":\"Diario en l\u00ednea con Noticias desde Hermosillo, Sonora\",\"publisher\":{\"@id\":\"https:\/\/www.sonoraenequipo.com.mx\/#organization\"},\"potentialAction\":[{\"@type\":\"SearchAction\",\"target\":{\"@type\":\"EntryPoint\",\"urlTemplate\":\"https:\/\/www.sonoraenequipo.com.mx\/?s={search_term_string}\"},\"query-input\":{\"@type\":\"PropertyValueSpecification\",\"valueRequired\":true,\"valueName\":\"search_term_string\"}}],\"inLanguage\":\"es\"},{\"@type\":\"Organization\",\"@id\":\"https:\/\/www.sonoraenequipo.com.mx\/#organization\",\"name\":\"Sonoraenequipo.com.mx\",\"url\":\"https:\/\/www.sonoraenequipo.com.mx\/\",\"logo\":{\"@type\":\"ImageObject\",\"inLanguage\":\"es\",\"@id\":\"https:\/\/www.sonoraenequipo.com.mx\/#\/schema\/logo\/image\/\",\"url\":\"https:\/\/www.sonoraenequipo.com.mx\/storage\/2019\/01\/sonoraenequipo_opt.png\",\"contentUrl\":\"https:\/\/www.sonoraenequipo.com.mx\/storage\/2019\/01\/sonoraenequipo_opt.png\",\"width\":375,\"height\":125,\"caption\":\"Sonoraenequipo.com.mx\"},\"image\":{\"@id\":\"https:\/\/www.sonoraenequipo.com.mx\/#\/schema\/logo\/image\/\"},\"sameAs\":[\"https:\/\/www.facebook.com\/SonoraEE\/\",\"https:\/\/x.com\/sonoraenequipo\",\"https:\/\/www.youtube.com\/channel\/UC338nW-lPEYmJQs4ZABQ1SQ\"]},{\"@type\":\"Person\",\"@id\":\"https:\/\/www.sonoraenequipo.com.mx\/#\/schema\/person\/50102df0fb23a8fa9e8effad8fa81386\",\"name\":\"enequipo\",\"image\":{\"@type\":\"ImageObject\",\"inLanguage\":\"es\",\"@id\":\"https:\/\/www.sonoraenequipo.com.mx\/#\/schema\/person\/image\/\",\"url\":\"https:\/\/secure.gravatar.com\/avatar\/049821681b589dabc0bc20695993ccebb09f5b5d4d790cd9251b97faac7c652b?s=96&d=blank&r=g\",\"contentUrl\":\"https:\/\/secure.gravatar.com\/avatar\/049821681b589dabc0bc20695993ccebb09f5b5d4d790cd9251b97faac7c652b?s=96&d=blank&r=g\",\"caption\":\"enequipo\"},\"sameAs\":[\"https:\/\/www.facebook.com\/SonoraEE\"]}]}<\/script>\n ","yoast_head_json":{"title":"Sonora en Equipo. \u00a0 Ha perdido PRI Sonora m\u00e1s de 62 mil militantes Sonora","description":"\u25baAnuncia campa\u00f1a de reafiliaci\u00f3n\u00a0 y busca incorporar a 30 mil personas al padr\u00f3n \u25baActualmente cuenta\u00a0 con ocho mil 228 registros de 70 mil que lleg\u00f3 a En Sonora en Equipo publicamos toda la informaci\u00f3n de Sonora, M\u00e9xico y el Mundo de manera oportuna y busca que la libertad de expresi\u00f3n sea real. Visita nuestro medio informativo publicado desde Hermosillo, Sonora. %","robots":{"index":"index","follow":"follow","max-snippet":"max-snippet:-1","max-image-preview":"max-image-preview:large","max-video-preview":"max-video-preview:-1"},"canonical":"https:\/\/www.sonoraenequipo.com.mx\/ha-perdido-pri-sonora-mas-de-62-mil-militantes\/","og_locale":"es_ES","og_type":"article","og_title":"Sonora en Equipo. \u00a0 Ha perdido PRI Sonora m\u00e1s de 62 mil militantes Sonora","og_description":"\u25baAnuncia campa\u00f1a de reafiliaci\u00f3n\u00a0 y busca incorporar a 30 mil personas al padr\u00f3n \u25baActualmente cuenta\u00a0 con ocho mil 228 registros de 70 mil que lleg\u00f3 a En Sonora en Equipo publicamos toda la informaci\u00f3n de Sonora, M\u00e9xico y el Mundo de manera oportuna y busca que la libertad de expresi\u00f3n sea real. Visita nuestro medio informativo publicado desde Hermosillo, Sonora. %","og_url":"https:\/\/www.sonoraenequipo.com.mx\/ha-perdido-pri-sonora-mas-de-62-mil-militantes\/","og_site_name":"Sonora en Equipo.","article_publisher":"https:\/\/www.facebook.com\/SonoraEE\/","article_author":"https:\/\/www.facebook.com\/SonoraEE","article_published_time":"2023-02-03T02:38:03+00:00","og_image":[{"width":600,"height":399,"url":"https:\/\/www.sonoraenequipo.com.mx\/storage\/2023\/02\/pri.jpg","type":"image\/jpeg"}],"author":"enequipo","twitter_card":"summary_large_image","twitter_creator":"@sonoraenequipo","twitter_site":"@sonoraenequipo","twitter_misc":{"Escrito por":"enequipo","Tiempo de lectura":"4 minutos"},"schema":{"@context":"https:\/\/schema.org","@graph":[{"@type":"Article","@id":"https:\/\/www.sonoraenequipo.com.mx\/ha-perdido-pri-sonora-mas-de-62-mil-militantes\/#article","isPartOf":{"@id":"https:\/\/www.sonoraenequipo.com.mx\/ha-perdido-pri-sonora-mas-de-62-mil-militantes\/"},"author":{"name":"enequipo","@id":"https:\/\/www.sonoraenequipo.com.mx\/#\/schema\/person\/50102df0fb23a8fa9e8effad8fa81386"},"headline":"\u00a0 Ha perdido PRI Sonora m\u00e1s de 62 mil militantes","datePublished":"2023-02-03T02:38:03+00:00","mainEntityOfPage":{"@id":"https:\/\/www.sonoraenequipo.com.mx\/ha-perdido-pri-sonora-mas-de-62-mil-militantes\/"},"wordCount":737,"commentCount":0,"publisher":{"@id":"https:\/\/www.sonoraenequipo.com.mx\/#organization"},"image":{"@id":"https:\/\/www.sonoraenequipo.com.mx\/ha-perdido-pri-sonora-mas-de-62-mil-militantes\/#primaryimage"},"thumbnailUrl":"https:\/\/www.sonoraenequipo.com.mx\/storage\/2023\/02\/pri.jpg","keywords":["pri","reafiliacion","Sonora"],"articleSection":["Sonora"],"inLanguage":"es","potentialAction":[{"@type":"CommentAction","name":"Comment","target":["https:\/\/www.sonoraenequipo.com.mx\/ha-perdido-pri-sonora-mas-de-62-mil-militantes\/#respond"]}]},{"@type":"WebPage","@id":"https:\/\/www.sonoraenequipo.com.mx\/ha-perdido-pri-sonora-mas-de-62-mil-militantes\/","url":"https:\/\/www.sonoraenequipo.com.mx\/ha-perdido-pri-sonora-mas-de-62-mil-militantes\/","name":"Sonora en Equipo. \u00a0 Ha perdido PRI Sonora m\u00e1s de 62 mil militantes Sonora","isPartOf":{"@id":"https:\/\/www.sonoraenequipo.com.mx\/#website"},"primaryImageOfPage":{"@id":"https:\/\/www.sonoraenequipo.com.mx\/ha-perdido-pri-sonora-mas-de-62-mil-militantes\/#primaryimage"},"image":{"@id":"https:\/\/www.sonoraenequipo.com.mx\/ha-perdido-pri-sonora-mas-de-62-mil-militantes\/#primaryimage"},"thumbnailUrl":"https:\/\/www.sonoraenequipo.com.mx\/storage\/2023\/02\/pri.jpg","datePublished":"2023-02-03T02:38:03+00:00","description":"\u25baAnuncia campa\u00f1a de reafiliaci\u00f3n\u00a0 y busca incorporar a 30 mil personas al padr\u00f3n \u25baActualmente cuenta\u00a0 con ocho mil 228 registros de 70 mil que lleg\u00f3 a En Sonora en Equipo publicamos toda la informaci\u00f3n de Sonora, M\u00e9xico y el Mundo de manera oportuna y busca que la libertad de expresi\u00f3n sea real. Visita nuestro medio informativo publicado desde Hermosillo, Sonora. %","breadcrumb":{"@id":"https:\/\/www.sonoraenequipo.com.mx\/ha-perdido-pri-sonora-mas-de-62-mil-militantes\/#breadcrumb"},"inLanguage":"es","potentialAction":[{"@type":"ReadAction","target":["https:\/\/www.sonoraenequipo.com.mx\/ha-perdido-pri-sonora-mas-de-62-mil-militantes\/"]}]},{"@type":"ImageObject","inLanguage":"es","@id":"https:\/\/www.sonoraenequipo.com.mx\/ha-perdido-pri-sonora-mas-de-62-mil-militantes\/#primaryimage","url":"https:\/\/www.sonoraenequipo.com.mx\/storage\/2023\/02\/pri.jpg","contentUrl":"https:\/\/www.sonoraenequipo.com.mx\/storage\/2023\/02\/pri.jpg","width":600,"height":399},{"@type":"BreadcrumbList","@id":"https:\/\/www.sonoraenequipo.com.mx\/ha-perdido-pri-sonora-mas-de-62-mil-militantes\/#breadcrumb","itemListElement":[{"@type":"ListItem","position":1,"name":"Portada","item":"https:\/\/www.sonoraenequipo.com.mx\/"},{"@type":"ListItem","position":2,"name":"\u00a0 Ha perdido PRI Sonora m\u00e1s de 62 mil militantes"}]},{"@type":"WebSite","@id":"https:\/\/www.sonoraenequipo.com.mx\/#website","url":"https:\/\/www.sonoraenequipo.com.mx\/","name":"Sonora en Equipo.","description":"Diario en l\u00ednea con Noticias desde Hermosillo, Sonora","publisher":{"@id":"https:\/\/www.sonoraenequipo.com.mx\/#organization"},"potentialAction":[{"@type":"SearchAction","target":{"@type":"EntryPoint","urlTemplate":"https:\/\/www.sonoraenequipo.com.mx\/?s={search_term_string}"},"query-input":{"@type":"PropertyValueSpecification","valueRequired":true,"valueName":"search_term_string"}}],"inLanguage":"es"},{"@type":"Organization","@id":"https:\/\/www.sonoraenequipo.com.mx\/#organization","name":"Sonoraenequipo.com.mx","url":"https:\/\/www.sonoraenequipo.com.mx\/","logo":{"@type":"ImageObject","inLanguage":"es","@id":"https:\/\/www.sonoraenequipo.com.mx\/#\/schema\/logo\/image\/","url":"https:\/\/www.sonoraenequipo.com.mx\/storage\/2019\/01\/sonoraenequipo_opt.png","contentUrl":"https:\/\/www.sonoraenequipo.com.mx\/storage\/2019\/01\/sonoraenequipo_opt.png","width":375,"height":125,"caption":"Sonoraenequipo.com.mx"},"image":{"@id":"https:\/\/www.sonoraenequipo.com.mx\/#\/schema\/logo\/image\/"},"sameAs":["https:\/\/www.facebook.com\/SonoraEE\/","https:\/\/x.com\/sonoraenequipo","https:\/\/www.youtube.com\/channel\/UC338nW-lPEYmJQs4ZABQ1SQ"]},{"@type":"Person","@id":"https:\/\/www.sonoraenequipo.com.mx\/#\/schema\/person\/50102df0fb23a8fa9e8effad8fa81386","name":"enequipo","image":{"@type":"ImageObject","inLanguage":"es","@id":"https:\/\/www.sonoraenequipo.com.mx\/#\/schema\/person\/image\/","url":"https:\/\/secure.gravatar.com\/avatar\/049821681b589dabc0bc20695993ccebb09f5b5d4d790cd9251b97faac7c652b?s=96&d=blank&r=g","contentUrl":"https:\/\/secure.gravatar.com\/avatar\/049821681b589dabc0bc20695993ccebb09f5b5d4d790cd9251b97faac7c652b?s=96&d=blank&r=g","caption":"enequipo"},"sameAs":["https:\/\/www.facebook.com\/SonoraEE"]}]}},"jetpack_featured_media_url":"https:\/\/www.sonoraenequipo.com.mx\/storage\/2023\/02\/pri.jpg","_links":{"self":[{"href":"https:\/\/www.sonoraenequipo.com.mx\/api\/wp\/v2\/posts\/158100","targetHints":{"allow":["GET"]}}],"collection":[{"href":"https:\/\/www.sonoraenequipo.com.mx\/api\/wp\/v2\/posts"}],"about":[{"href":"https:\/\/www.sonoraenequipo.com.mx\/api\/wp\/v2\/types\/post"}],"author":[{"embeddable":true,"href":"https:\/\/www.sonoraenequipo.com.mx\/api\/wp\/v2\/users\/1"}],"replies":[{"embeddable":true,"href":"https:\/\/www.sonoraenequipo.com.mx\/api\/wp\/v2\/comments?post=158100"}],"version-history":[{"count":1,"href":"https:\/\/www.sonoraenequipo.com.mx\/api\/wp\/v2\/posts\/158100\/revisions"}],"predecessor-version":[{"id":158102,"href":"https:\/\/www.sonoraenequipo.com.mx\/api\/wp\/v2\/posts\/158100\/revisions\/158102"}],"wp:featuredmedia":[{"embeddable":true,"href":"https:\/\/www.sonoraenequipo.com.mx\/api\/wp\/v2\/media\/158101"}],"wp:attachment":[{"href":"https:\/\/www.sonoraenequipo.com.mx\/api\/wp\/v2\/media?parent=158100"}],"wp:term":[{"taxonomy":"category","embeddable":true,"href":"https:\/\/www.sonoraenequipo.com.mx\/api\/wp\/v2\/categories?post=158100"},{"taxonomy":"post_tag","embeddable":true,"href":"https:\/\/www.sonoraenequipo.com.mx\/api\/wp\/v2\/tags?post=158100"}],"curies":[{"name":"wp","href":"https:\/\/api.w.org\/{rel}","templated":true}]}}