{"id":158103,"date":"2023-02-02T19:45:41","date_gmt":"2023-02-03T02:45:41","guid":{"rendered":"https:\/\/www.sonoraenequipo.com.mx\/?p=158103"},"modified":"2023-02-02T19:48:09","modified_gmt":"2023-02-03T02:48:09","slug":"mas-de-32-mil-alumnos-registrados-en-las-primeras-horas-del-proceso-de-preinscripciones-sec","status":"publish","type":"post","link":"https:\/\/www.sonoraenequipo.com.mx\/mas-de-32-mil-alumnos-registrados-en-las-primeras-horas-del-proceso-de-preinscripciones-sec\/","title":{"rendered":"M\u00e1s de 32 mil registradosen inicio de proceso de Preinscripciones: SEC"},"content":{"rendered":"<p><strong>HERMOSILLO, SONORA,MX.<\/strong><strong>\u2500\u2500<\/strong> De forma organizada, sin contratiempos y con apego a la normatividad, inici\u00f3 este mi\u00e9rcoles el proceso de Preinscripciones en L\u00ednea para el ciclo escolar 2023-2024, con el registro de m\u00e1s de 32 mil alumnos que ingresar\u00e1n a preescolar, primero de primaria y primero de secundaria, anunci\u00f3 Aar\u00f3n Grageda Bustamante.<\/p>\n<p>&nbsp;<\/p>\n<p>&nbsp;<\/p>\n<p>&nbsp;<\/p>\n<p>El secretario de Educaci\u00f3n y Cultura invit\u00f3 a padres y madres de familia, as\u00ed como tutores, a cumplir con la responsabilidad de realizar el registro correspondiente en el portal www.yoremia.gob.mx, el cual permanecer\u00e1 activo las 24 horas hasta el 15 de febrero de 2023.<\/p>\n<p>&nbsp;<\/p>\n<p>&nbsp;<\/p>\n<p>&nbsp;<\/p>\n<p>Se\u00f1al\u00f3 que se puede ingresar a la p\u00e1gina web desde cualquier computadora o tel\u00e9fono celular con servicio de internet y s\u00f3lo se necesita la Clave \u00danica de Registro Poblacional (CURP) del menor para completar el registro que no dura m\u00e1s de 10 minutos.<\/p>\n<p>&nbsp;<\/p>\n<p>&nbsp;<\/p>\n<p>&nbsp;<\/p>\n<p>En total, dijo, se espera la preinscripci\u00f3n en l\u00ednea de m\u00e1s de 153 estudiantes en educaci\u00f3n b\u00e1sica y agradeci\u00f3 la colaboraci\u00f3n de directivos y docentes quienes brindan asistencia y orientaci\u00f3n a la comunidad educativa durante este importante proceso.<\/p>\n<p>&nbsp;<\/p>\n<p>&nbsp;<\/p>\n<p>&nbsp;<\/p>\n<p>El titular de la SEC enfatiz\u00f3 que, en caso de dudas, las personas pueden llamar a la L\u00ednea de la Educaci\u00f3n: 662 2 89 76 01 al 05 o enviar mensaje directo a las cuentas oficiales de SEC Sonora en Twitter, Facebook e Instagram, a trav\u00e9s del chat virtual en la p\u00e1gina <a href=\"http:\/\/www.sec.gob.mx\">www.sec.gob.mx<\/a><\/p>\n<p>y por WhatsApp a los n\u00fameros: 6624 22 28 69 y 6624 20 30 94.<\/p>\n<p><strong><em><u>Fecha de publicaci\u00f3n jueves 2 de febrero de 2023 con informaci\u00f3n de boletines<\/u><\/em><\/strong><\/p>\n<p>&nbsp;<\/p>\n","protected":false},"excerpt":{"rendered":"<p>HERMOSILLO, SONORA,MX.\u2500\u2500 De forma organizada, sin contratiempos y con apego a la normatividad, inici\u00f3 este&#8230;<\/p>\n","protected":false},"author":1,"featured_media":158104,"comment_status":"open","ping_status":"open","sticky":false,"template":"","format":"standard","meta":{"_monsterinsights_skip_tracking":false,"_monsterinsights_sitenote_active":false,"_monsterinsights_sitenote_note":"","_monsterinsights_sitenote_category":0,"footnotes":""},"categories":[22],"tags":[5391,483],"class_list":["post"],"yoast_head":" \n<title>Sonora en Equipo. M\u00e1s de 32 mil registradosen inicio de proceso de Preinscripciones: SEC Sonora<\/title>\n<meta name=\"description\" content=\"HERMOSILLO, SONORA,MX.\u2500\u2500 De forma organizada, sin contratiempos y con apego a la normatividad, inici\u00f3 este mi\u00e9rcoles el proceso de Preinscripciones en En Sonora en Equipo publicamos toda la informaci\u00f3n de Sonora, M\u00e9xico y el Mundo de manera oportuna y busca que la libertad de expresi\u00f3n sea real. Visita nuestro medio informativo publicado desde Hermosillo, Sonora. %\" \/>\n<meta name=\"robots\" content=\"index, follow, max-snippet:-1, max-image-preview:large, max-video-preview:-1\" \/>\n<link rel=\"canonical\" href=\"https:\/\/www.sonoraenequipo.com.mx\/mas-de-32-mil-alumnos-registrados-en-las-primeras-horas-del-proceso-de-preinscripciones-sec\/\" \/>\n<meta property=\"og:locale\" content=\"es_ES\" \/>\n<meta property=\"og:type\" content=\"article\" \/>\n<meta property=\"og:title\" content=\"Sonora en Equipo. M\u00e1s de 32 mil registradosen inicio de proceso de Preinscripciones: SEC Sonora\" \/>\n<meta property=\"og:description\" content=\"HERMOSILLO, SONORA,MX.\u2500\u2500 De forma organizada, sin contratiempos y con apego a la normatividad, inici\u00f3 este mi\u00e9rcoles el proceso de Preinscripciones en En Sonora en Equipo publicamos toda la informaci\u00f3n de Sonora, M\u00e9xico y el Mundo de manera oportuna y busca que la libertad de expresi\u00f3n sea real. Visita nuestro medio informativo publicado desde Hermosillo, Sonora. %\" \/>\n<meta property=\"og:url\" content=\"https:\/\/www.sonoraenequipo.com.mx\/mas-de-32-mil-alumnos-registrados-en-las-primeras-horas-del-proceso-de-preinscripciones-sec\/\" \/>\n<meta property=\"og:site_name\" content=\"Sonora en Equipo.\" \/>\n<meta property=\"article:publisher\" content=\"https:\/\/www.facebook.com\/SonoraEE\/\" \/>\n<meta property=\"article:author\" content=\"https:\/\/www.facebook.com\/SonoraEE\" \/>\n<meta property=\"article:published_time\" content=\"2023-02-03T02:45:41+00:00\" \/>\n<meta property=\"article:modified_time\" content=\"2023-02-03T02:48:09+00:00\" \/>\n<meta property=\"og:image\" content=\"https:\/\/www.sonoraenequipo.com.mx\/storage\/2023\/02\/yoremia.jpg\" \/>\n\t<meta property=\"og:image:width\" content=\"600\" \/>\n\t<meta property=\"og:image:height\" content=\"400\" \/>\n\t<meta property=\"og:image:type\" content=\"image\/jpeg\" \/>\n<meta name=\"author\" content=\"enequipo\" \/>\n<meta name=\"twitter:card\" content=\"summary_large_image\" \/>\n<meta name=\"twitter:creator\" content=\"@sonoraenequipo\" \/>\n<meta name=\"twitter:site\" content=\"@sonoraenequipo\" \/>\n<meta name=\"twitter:label1\" content=\"Escrito por\" \/>\n\t<meta name=\"twitter:data1\" content=\"enequipo\" \/>\n\t<meta name=\"twitter:label2\" content=\"Tiempo de lectura\" \/>\n\t<meta name=\"twitter:data2\" content=\"1 minuto\" \/>\n<script type=\"application\/ld+json\" class=\"yoast-schema-graph\">{\"@context\":\"https:\/\/schema.org\",\"@graph\":[{\"@type\":\"Article\",\"@id\":\"https:\/\/www.sonoraenequipo.com.mx\/mas-de-32-mil-alumnos-registrados-en-las-primeras-horas-del-proceso-de-preinscripciones-sec\/#article\",\"isPartOf\":{\"@id\":\"https:\/\/www.sonoraenequipo.com.mx\/mas-de-32-mil-alumnos-registrados-en-las-primeras-horas-del-proceso-de-preinscripciones-sec\/\"},\"author\":{\"name\":\"enequipo\",\"@id\":\"https:\/\/www.sonoraenequipo.com.mx\/#\/schema\/person\/50102df0fb23a8fa9e8effad8fa81386\"},\"headline\":\"M\u00e1s de 32 mil registradosen inicio de proceso de Preinscripciones: SEC\",\"datePublished\":\"2023-02-03T02:45:41+00:00\",\"dateModified\":\"2023-02-03T02:48:09+00:00\",\"mainEntityOfPage\":{\"@id\":\"https:\/\/www.sonoraenequipo.com.mx\/mas-de-32-mil-alumnos-registrados-en-las-primeras-horas-del-proceso-de-preinscripciones-sec\/\"},\"wordCount\":291,\"commentCount\":0,\"publisher\":{\"@id\":\"https:\/\/www.sonoraenequipo.com.mx\/#organization\"},\"image\":{\"@id\":\"https:\/\/www.sonoraenequipo.com.mx\/mas-de-32-mil-alumnos-registrados-en-las-primeras-horas-del-proceso-de-preinscripciones-sec\/#primaryimage\"},\"thumbnailUrl\":\"https:\/\/www.sonoraenequipo.com.mx\/storage\/2023\/02\/yoremia.jpg\",\"keywords\":[\"PREINSCRIPCIONES\",\"SEC\"],\"articleSection\":[\"Sonora\"],\"inLanguage\":\"es\",\"potentialAction\":[{\"@type\":\"CommentAction\",\"name\":\"Comment\",\"target\":[\"https:\/\/www.sonoraenequipo.com.mx\/mas-de-32-mil-alumnos-registrados-en-las-primeras-horas-del-proceso-de-preinscripciones-sec\/#respond\"]}]},{\"@type\":\"WebPage\",\"@id\":\"https:\/\/www.sonoraenequipo.com.mx\/mas-de-32-mil-alumnos-registrados-en-las-primeras-horas-del-proceso-de-preinscripciones-sec\/\",\"url\":\"https:\/\/www.sonoraenequipo.com.mx\/mas-de-32-mil-alumnos-registrados-en-las-primeras-horas-del-proceso-de-preinscripciones-sec\/\",\"name\":\"Sonora en Equipo. M\u00e1s de 32 mil registradosen inicio de proceso de Preinscripciones: SEC Sonora\",\"isPartOf\":{\"@id\":\"https:\/\/www.sonoraenequipo.com.mx\/#website\"},\"primaryImageOfPage\":{\"@id\":\"https:\/\/www.sonoraenequipo.com.mx\/mas-de-32-mil-alumnos-registrados-en-las-primeras-horas-del-proceso-de-preinscripciones-sec\/#primaryimage\"},\"image\":{\"@id\":\"https:\/\/www.sonoraenequipo.com.mx\/mas-de-32-mil-alumnos-registrados-en-las-primeras-horas-del-proceso-de-preinscripciones-sec\/#primaryimage\"},\"thumbnailUrl\":\"https:\/\/www.sonoraenequipo.com.mx\/storage\/2023\/02\/yoremia.jpg\",\"datePublished\":\"2023-02-03T02:45:41+00:00\",\"dateModified\":\"2023-02-03T02:48:09+00:00\",\"description\":\"HERMOSILLO, SONORA,MX.\u2500\u2500 De forma organizada, sin contratiempos y con apego a la normatividad, inici\u00f3 este mi\u00e9rcoles el proceso de Preinscripciones en En Sonora en Equipo publicamos toda la informaci\u00f3n de Sonora, M\u00e9xico y el Mundo de manera oportuna y busca que la libertad de expresi\u00f3n sea real. Visita nuestro medio informativo publicado desde Hermosillo, Sonora. %\",\"breadcrumb\":{\"@id\":\"https:\/\/www.sonoraenequipo.com.mx\/mas-de-32-mil-alumnos-registrados-en-las-primeras-horas-del-proceso-de-preinscripciones-sec\/#breadcrumb\"},\"inLanguage\":\"es\",\"potentialAction\":[{\"@type\":\"ReadAction\",\"target\":[\"https:\/\/www.sonoraenequipo.com.mx\/mas-de-32-mil-alumnos-registrados-en-las-primeras-horas-del-proceso-de-preinscripciones-sec\/\"]}]},{\"@type\":\"ImageObject\",\"inLanguage\":\"es\",\"@id\":\"https:\/\/www.sonoraenequipo.com.mx\/mas-de-32-mil-alumnos-registrados-en-las-primeras-horas-del-proceso-de-preinscripciones-sec\/#primaryimage\",\"url\":\"https:\/\/www.sonoraenequipo.com.mx\/storage\/2023\/02\/yoremia.jpg\",\"contentUrl\":\"https:\/\/www.sonoraenequipo.com.mx\/storage\/2023\/02\/yoremia.jpg\",\"width\":600,\"height\":400},{\"@type\":\"BreadcrumbList\",\"@id\":\"https:\/\/www.sonoraenequipo.com.mx\/mas-de-32-mil-alumnos-registrados-en-las-primeras-horas-del-proceso-de-preinscripciones-sec\/#breadcrumb\",\"itemListElement\":[{\"@type\":\"ListItem\",\"position\":1,\"name\":\"Portada\",\"item\":\"https:\/\/www.sonoraenequipo.com.mx\/\"},{\"@type\":\"ListItem\",\"position\":2,\"name\":\"M\u00e1s de 32 mil registradosen inicio de proceso de Preinscripciones: SEC\"}]},{\"@type\":\"WebSite\",\"@id\":\"https:\/\/www.sonoraenequipo.com.mx\/#website\",\"url\":\"https:\/\/www.sonoraenequipo.com.mx\/\",\"name\":\"Sonora en Equipo.\",\"description\":\"Diario en l\u00ednea con Noticias desde Hermosillo, Sonora\",\"publisher\":{\"@id\":\"https:\/\/www.sonoraenequipo.com.mx\/#organization\"},\"potentialAction\":[{\"@type\":\"SearchAction\",\"target\":{\"@type\":\"EntryPoint\",\"urlTemplate\":\"https:\/\/www.sonoraenequipo.com.mx\/?s={search_term_string}\"},\"query-input\":{\"@type\":\"PropertyValueSpecification\",\"valueRequired\":true,\"valueName\":\"search_term_string\"}}],\"inLanguage\":\"es\"},{\"@type\":\"Organization\",\"@id\":\"https:\/\/www.sonoraenequipo.com.mx\/#organization\",\"name\":\"Sonoraenequipo.com.mx\",\"url\":\"https:\/\/www.sonoraenequipo.com.mx\/\",\"logo\":{\"@type\":\"ImageObject\",\"inLanguage\":\"es\",\"@id\":\"https:\/\/www.sonoraenequipo.com.mx\/#\/schema\/logo\/image\/\",\"url\":\"https:\/\/www.sonoraenequipo.com.mx\/storage\/2019\/01\/sonoraenequipo_opt.png\",\"contentUrl\":\"https:\/\/www.sonoraenequipo.com.mx\/storage\/2019\/01\/sonoraenequipo_opt.png\",\"width\":375,\"height\":125,\"caption\":\"Sonoraenequipo.com.mx\"},\"image\":{\"@id\":\"https:\/\/www.sonoraenequipo.com.mx\/#\/schema\/logo\/image\/\"},\"sameAs\":[\"https:\/\/www.facebook.com\/SonoraEE\/\",\"https:\/\/x.com\/sonoraenequipo\",\"https:\/\/www.youtube.com\/channel\/UC338nW-lPEYmJQs4ZABQ1SQ\"]},{\"@type\":\"Person\",\"@id\":\"https:\/\/www.sonoraenequipo.com.mx\/#\/schema\/person\/50102df0fb23a8fa9e8effad8fa81386\",\"name\":\"enequipo\",\"image\":{\"@type\":\"ImageObject\",\"inLanguage\":\"es\",\"@id\":\"https:\/\/www.sonoraenequipo.com.mx\/#\/schema\/person\/image\/\",\"url\":\"https:\/\/secure.gravatar.com\/avatar\/049821681b589dabc0bc20695993ccebb09f5b5d4d790cd9251b97faac7c652b?s=96&d=blank&r=g\",\"contentUrl\":\"https:\/\/secure.gravatar.com\/avatar\/049821681b589dabc0bc20695993ccebb09f5b5d4d790cd9251b97faac7c652b?s=96&d=blank&r=g\",\"caption\":\"enequipo\"},\"sameAs\":[\"https:\/\/www.facebook.com\/SonoraEE\"]}]}<\/script>\n ","yoast_head_json":{"title":"Sonora en Equipo. M\u00e1s de 32 mil registradosen inicio de proceso de Preinscripciones: SEC Sonora","description":"HERMOSILLO, SONORA,MX.\u2500\u2500 De forma organizada, sin contratiempos y con apego a la normatividad, inici\u00f3 este mi\u00e9rcoles el proceso de Preinscripciones en En Sonora en Equipo publicamos toda la informaci\u00f3n de Sonora, M\u00e9xico y el Mundo de manera oportuna y busca que la libertad de expresi\u00f3n sea real. Visita nuestro medio informativo publicado desde Hermosillo, Sonora. %","robots":{"index":"index","follow":"follow","max-snippet":"max-snippet:-1","max-image-preview":"max-image-preview:large","max-video-preview":"max-video-preview:-1"},"canonical":"https:\/\/www.sonoraenequipo.com.mx\/mas-de-32-mil-alumnos-registrados-en-las-primeras-horas-del-proceso-de-preinscripciones-sec\/","og_locale":"es_ES","og_type":"article","og_title":"Sonora en Equipo. M\u00e1s de 32 mil registradosen inicio de proceso de Preinscripciones: SEC Sonora","og_description":"HERMOSILLO, SONORA,MX.\u2500\u2500 De forma organizada, sin contratiempos y con apego a la normatividad, inici\u00f3 este mi\u00e9rcoles el proceso de Preinscripciones en En Sonora en Equipo publicamos toda la informaci\u00f3n de Sonora, M\u00e9xico y el Mundo de manera oportuna y busca que la libertad de expresi\u00f3n sea real. Visita nuestro medio informativo publicado desde Hermosillo, Sonora. %","og_url":"https:\/\/www.sonoraenequipo.com.mx\/mas-de-32-mil-alumnos-registrados-en-las-primeras-horas-del-proceso-de-preinscripciones-sec\/","og_site_name":"Sonora en Equipo.","article_publisher":"https:\/\/www.facebook.com\/SonoraEE\/","article_author":"https:\/\/www.facebook.com\/SonoraEE","article_published_time":"2023-02-03T02:45:41+00:00","article_modified_time":"2023-02-03T02:48:09+00:00","og_image":[{"width":600,"height":400,"url":"https:\/\/www.sonoraenequipo.com.mx\/storage\/2023\/02\/yoremia.jpg","type":"image\/jpeg"}],"author":"enequipo","twitter_card":"summary_large_image","twitter_creator":"@sonoraenequipo","twitter_site":"@sonoraenequipo","twitter_misc":{"Escrito por":"enequipo","Tiempo de lectura":"1 minuto"},"schema":{"@context":"https:\/\/schema.org","@graph":[{"@type":"Article","@id":"https:\/\/www.sonoraenequipo.com.mx\/mas-de-32-mil-alumnos-registrados-en-las-primeras-horas-del-proceso-de-preinscripciones-sec\/#article","isPartOf":{"@id":"https:\/\/www.sonoraenequipo.com.mx\/mas-de-32-mil-alumnos-registrados-en-las-primeras-horas-del-proceso-de-preinscripciones-sec\/"},"author":{"name":"enequipo","@id":"https:\/\/www.sonoraenequipo.com.mx\/#\/schema\/person\/50102df0fb23a8fa9e8effad8fa81386"},"headline":"M\u00e1s de 32 mil registradosen inicio de proceso de Preinscripciones: SEC","datePublished":"2023-02-03T02:45:41+00:00","dateModified":"2023-02-03T02:48:09+00:00","mainEntityOfPage":{"@id":"https:\/\/www.sonoraenequipo.com.mx\/mas-de-32-mil-alumnos-registrados-en-las-primeras-horas-del-proceso-de-preinscripciones-sec\/"},"wordCount":291,"commentCount":0,"publisher":{"@id":"https:\/\/www.sonoraenequipo.com.mx\/#organization"},"image":{"@id":"https:\/\/www.sonoraenequipo.com.mx\/mas-de-32-mil-alumnos-registrados-en-las-primeras-horas-del-proceso-de-preinscripciones-sec\/#primaryimage"},"thumbnailUrl":"https:\/\/www.sonoraenequipo.com.mx\/storage\/2023\/02\/yoremia.jpg","keywords":["PREINSCRIPCIONES","SEC"],"articleSection":["Sonora"],"inLanguage":"es","potentialAction":[{"@type":"CommentAction","name":"Comment","target":["https:\/\/www.sonoraenequipo.com.mx\/mas-de-32-mil-alumnos-registrados-en-las-primeras-horas-del-proceso-de-preinscripciones-sec\/#respond"]}]},{"@type":"WebPage","@id":"https:\/\/www.sonoraenequipo.com.mx\/mas-de-32-mil-alumnos-registrados-en-las-primeras-horas-del-proceso-de-preinscripciones-sec\/","url":"https:\/\/www.sonoraenequipo.com.mx\/mas-de-32-mil-alumnos-registrados-en-las-primeras-horas-del-proceso-de-preinscripciones-sec\/","name":"Sonora en Equipo. M\u00e1s de 32 mil registradosen inicio de proceso de Preinscripciones: SEC Sonora","isPartOf":{"@id":"https:\/\/www.sonoraenequipo.com.mx\/#website"},"primaryImageOfPage":{"@id":"https:\/\/www.sonoraenequipo.com.mx\/mas-de-32-mil-alumnos-registrados-en-las-primeras-horas-del-proceso-de-preinscripciones-sec\/#primaryimage"},"image":{"@id":"https:\/\/www.sonoraenequipo.com.mx\/mas-de-32-mil-alumnos-registrados-en-las-primeras-horas-del-proceso-de-preinscripciones-sec\/#primaryimage"},"thumbnailUrl":"https:\/\/www.sonoraenequipo.com.mx\/storage\/2023\/02\/yoremia.jpg","datePublished":"2023-02-03T02:45:41+00:00","dateModified":"2023-02-03T02:48:09+00:00","description":"HERMOSILLO, SONORA,MX.\u2500\u2500 De forma organizada, sin contratiempos y con apego a la normatividad, inici\u00f3 este mi\u00e9rcoles el proceso de Preinscripciones en En Sonora en Equipo publicamos toda la informaci\u00f3n de Sonora, M\u00e9xico y el Mundo de manera oportuna y busca que la libertad de expresi\u00f3n sea real. Visita nuestro medio informativo publicado desde Hermosillo, Sonora. %","breadcrumb":{"@id":"https:\/\/www.sonoraenequipo.com.mx\/mas-de-32-mil-alumnos-registrados-en-las-primeras-horas-del-proceso-de-preinscripciones-sec\/#breadcrumb"},"inLanguage":"es","potentialAction":[{"@type":"ReadAction","target":["https:\/\/www.sonoraenequipo.com.mx\/mas-de-32-mil-alumnos-registrados-en-las-primeras-horas-del-proceso-de-preinscripciones-sec\/"]}]},{"@type":"ImageObject","inLanguage":"es","@id":"https:\/\/www.sonoraenequipo.com.mx\/mas-de-32-mil-alumnos-registrados-en-las-primeras-horas-del-proceso-de-preinscripciones-sec\/#primaryimage","url":"https:\/\/www.sonoraenequipo.com.mx\/storage\/2023\/02\/yoremia.jpg","contentUrl":"https:\/\/www.sonoraenequipo.com.mx\/storage\/2023\/02\/yoremia.jpg","width":600,"height":400},{"@type":"BreadcrumbList","@id":"https:\/\/www.sonoraenequipo.com.mx\/mas-de-32-mil-alumnos-registrados-en-las-primeras-horas-del-proceso-de-preinscripciones-sec\/#breadcrumb","itemListElement":[{"@type":"ListItem","position":1,"name":"Portada","item":"https:\/\/www.sonoraenequipo.com.mx\/"},{"@type":"ListItem","position":2,"name":"M\u00e1s de 32 mil registradosen inicio de proceso de Preinscripciones: SEC"}]},{"@type":"WebSite","@id":"https:\/\/www.sonoraenequipo.com.mx\/#website","url":"https:\/\/www.sonoraenequipo.com.mx\/","name":"Sonora en Equipo.","description":"Diario en l\u00ednea con Noticias desde Hermosillo, Sonora","publisher":{"@id":"https:\/\/www.sonoraenequipo.com.mx\/#organization"},"potentialAction":[{"@type":"SearchAction","target":{"@type":"EntryPoint","urlTemplate":"https:\/\/www.sonoraenequipo.com.mx\/?s={search_term_string}"},"query-input":{"@type":"PropertyValueSpecification","valueRequired":true,"valueName":"search_term_string"}}],"inLanguage":"es"},{"@type":"Organization","@id":"https:\/\/www.sonoraenequipo.com.mx\/#organization","name":"Sonoraenequipo.com.mx","url":"https:\/\/www.sonoraenequipo.com.mx\/","logo":{"@type":"ImageObject","inLanguage":"es","@id":"https:\/\/www.sonoraenequipo.com.mx\/#\/schema\/logo\/image\/","url":"https:\/\/www.sonoraenequipo.com.mx\/storage\/2019\/01\/sonoraenequipo_opt.png","contentUrl":"https:\/\/www.sonoraenequipo.com.mx\/storage\/2019\/01\/sonoraenequipo_opt.png","width":375,"height":125,"caption":"Sonoraenequipo.com.mx"},"image":{"@id":"https:\/\/www.sonoraenequipo.com.mx\/#\/schema\/logo\/image\/"},"sameAs":["https:\/\/www.facebook.com\/SonoraEE\/","https:\/\/x.com\/sonoraenequipo","https:\/\/www.youtube.com\/channel\/UC338nW-lPEYmJQs4ZABQ1SQ"]},{"@type":"Person","@id":"https:\/\/www.sonoraenequipo.com.mx\/#\/schema\/person\/50102df0fb23a8fa9e8effad8fa81386","name":"enequipo","image":{"@type":"ImageObject","inLanguage":"es","@id":"https:\/\/www.sonoraenequipo.com.mx\/#\/schema\/person\/image\/","url":"https:\/\/secure.gravatar.com\/avatar\/049821681b589dabc0bc20695993ccebb09f5b5d4d790cd9251b97faac7c652b?s=96&d=blank&r=g","contentUrl":"https:\/\/secure.gravatar.com\/avatar\/049821681b589dabc0bc20695993ccebb09f5b5d4d790cd9251b97faac7c652b?s=96&d=blank&r=g","caption":"enequipo"},"sameAs":["https:\/\/www.facebook.com\/SonoraEE"]}]}},"jetpack_featured_media_url":"https:\/\/www.sonoraenequipo.com.mx\/storage\/2023\/02\/yoremia.jpg","_links":{"self":[{"href":"https:\/\/www.sonoraenequipo.com.mx\/api\/wp\/v2\/posts\/158103","targetHints":{"allow":["GET"]}}],"collection":[{"href":"https:\/\/www.sonoraenequipo.com.mx\/api\/wp\/v2\/posts"}],"about":[{"href":"https:\/\/www.sonoraenequipo.com.mx\/api\/wp\/v2\/types\/post"}],"author":[{"embeddable":true,"href":"https:\/\/www.sonoraenequipo.com.mx\/api\/wp\/v2\/users\/1"}],"replies":[{"embeddable":true,"href":"https:\/\/www.sonoraenequipo.com.mx\/api\/wp\/v2\/comments?post=158103"}],"version-history":[{"count":4,"href":"https:\/\/www.sonoraenequipo.com.mx\/api\/wp\/v2\/posts\/158103\/revisions"}],"predecessor-version":[{"id":158108,"href":"https:\/\/www.sonoraenequipo.com.mx\/api\/wp\/v2\/posts\/158103\/revisions\/158108"}],"wp:featuredmedia":[{"embeddable":true,"href":"https:\/\/www.sonoraenequipo.com.mx\/api\/wp\/v2\/media\/158104"}],"wp:attachment":[{"href":"https:\/\/www.sonoraenequipo.com.mx\/api\/wp\/v2\/media?parent=158103"}],"wp:term":[{"taxonomy":"category","embeddable":true,"href":"https:\/\/www.sonoraenequipo.com.mx\/api\/wp\/v2\/categories?post=158103"},{"taxonomy":"post_tag","embeddable":true,"href":"https:\/\/www.sonoraenequipo.com.mx\/api\/wp\/v2\/tags?post=158103"}],"curies":[{"name":"wp","href":"https:\/\/api.w.org\/{rel}","templated":true}]}}