{"id":158171,"date":"2023-02-03T15:09:47","date_gmt":"2023-02-03T22:09:47","guid":{"rendered":"https:\/\/www.sonoraenequipo.com.mx\/?p=158171"},"modified":"2023-02-03T15:09:47","modified_gmt":"2023-02-03T22:09:47","slug":"capturan-en-sonora-a-profugo-estadounidense-armado-y-con-droga","status":"publish","type":"post","link":"https:\/\/www.sonoraenequipo.com.mx\/capturan-en-sonora-a-profugo-estadounidense-armado-y-con-droga\/","title":{"rendered":"\u00a0Capturan en Sonora a pr\u00f3fugo estadounidense armado y con droga"},"content":{"rendered":"<p>\u25baKevin Daniel \u201cN.\u201d fue asegurado en flagrancia delictiva por agentes AMIC, de la Fiscal\u00eda de Sonora, con un arma calibre 9 mil\u00edmetros abastecida con 8 cartuchos \u00fatiles, una pistola calibre .22 con 7 tiros \u00fatiles y cuatro pastillas del narc\u00f3tico<\/p>\n<p>&nbsp;<\/p>\n<p><strong>PUERTO PE\u00d1ASCO, SONORA,MX.<\/strong><strong>\u2500\u2500<\/strong> En posesi\u00f3n de dos armas de fuego y cuatro pastillas de fentanilo, fue detenido un estadounidense por agentes de la AMIC, de la Fiscal\u00eda General de Justicia del Estado de Sonora (FGJE).<\/p>\n<p>&nbsp;<\/p>\n<p>Kevin Daniel \u201cN.\u201d, de 39 a\u00f1os, pr\u00f3fugo de la justicia de los Estados Unidos, fue asegurado por fuera de una vivienda, en la colonia L\u00f3pez Portillo, el pasado 31 de enero por elementos de la Agencia Ministerial de Investigaci\u00f3n Criminal (AMIC).<\/p>\n<p>&nbsp;<\/p>\n<p>Portaba un arma de fuego calibre 9 mil\u00edmetros abastecida con ocho cartuchos \u00fatiles, en el veh\u00edculo de su propiedad, pick up Dodge Ram, negro, se localiz\u00f3 un rev\u00f3lver calibre .22 abastecido con siete cartuchos \u00fatiles, as\u00ed como cuatro pastillas de fentanilo.<\/p>\n<p>&nbsp;<\/p>\n<p>Por las armas, fue puesto a disposici\u00f3n de la Fiscal\u00eda General de la Rep\u00fablica (FGR) Delegaci\u00f3n Sonora. Kevin Daniel \u201cN.\u201d es requerido por la justicia de los Estados Unidos por delitos de posesi\u00f3n o uso de drogas peligrosas y conducir con licencia vencida.<\/p>\n<p><strong><em><u>Fecha de publicaci\u00f3n viernes 3 de febrero de 2023 con informaci\u00f3n de boletines<\/u><\/em><\/strong><\/p>\n","protected":false},"excerpt":{"rendered":"<p>\u25baKevin Daniel \u201cN.\u201d fue asegurado en flagrancia delictiva por agentes AMIC, de la Fiscal\u00eda de&#8230;<\/p>\n","protected":false},"author":1,"featured_media":158172,"comment_status":"open","ping_status":"open","sticky":false,"template":"","format":"standard","meta":{"_monsterinsights_skip_tracking":false,"_monsterinsights_sitenote_active":false,"_monsterinsights_sitenote_note":"","_monsterinsights_sitenote_category":0,"footnotes":""},"categories":[3144],"tags":[8164],"class_list":["post"],"yoast_head":" \n<title>Sonora en Equipo. \u00a0Capturan en Sonora a pr\u00f3fugo estadounidense armado y con droga Polic\u00edaca<\/title>\n<meta name=\"description\" content=\"\u25baKevin Daniel \u201cN.\u201d fue asegurado en flagrancia delictiva por agentes AMIC, de la Fiscal\u00eda de Sonora, con un arma calibre 9 mil\u00edmetros abastecida con 8 En Sonora en Equipo publicamos toda la informaci\u00f3n de Sonora, M\u00e9xico y el Mundo de manera oportuna y busca que la libertad de expresi\u00f3n sea real. Visita nuestro medio informativo publicado desde Hermosillo, Sonora. %\" \/>\n<meta name=\"robots\" content=\"index, follow, max-snippet:-1, max-image-preview:large, max-video-preview:-1\" \/>\n<link rel=\"canonical\" href=\"https:\/\/www.sonoraenequipo.com.mx\/capturan-en-sonora-a-profugo-estadounidense-armado-y-con-droga\/\" \/>\n<meta property=\"og:locale\" content=\"es_ES\" \/>\n<meta property=\"og:type\" content=\"article\" \/>\n<meta property=\"og:title\" content=\"Sonora en Equipo. \u00a0Capturan en Sonora a pr\u00f3fugo estadounidense armado y con droga Polic\u00edaca\" \/>\n<meta property=\"og:description\" content=\"\u25baKevin Daniel \u201cN.\u201d fue asegurado en flagrancia delictiva por agentes AMIC, de la Fiscal\u00eda de Sonora, con un arma calibre 9 mil\u00edmetros abastecida con 8 En Sonora en Equipo publicamos toda la informaci\u00f3n de Sonora, M\u00e9xico y el Mundo de manera oportuna y busca que la libertad de expresi\u00f3n sea real. Visita nuestro medio informativo publicado desde Hermosillo, Sonora. %\" \/>\n<meta property=\"og:url\" content=\"https:\/\/www.sonoraenequipo.com.mx\/capturan-en-sonora-a-profugo-estadounidense-armado-y-con-droga\/\" \/>\n<meta property=\"og:site_name\" content=\"Sonora en Equipo.\" \/>\n<meta property=\"article:publisher\" content=\"https:\/\/www.facebook.com\/SonoraEE\/\" \/>\n<meta property=\"article:author\" content=\"https:\/\/www.facebook.com\/SonoraEE\" \/>\n<meta property=\"article:published_time\" content=\"2023-02-03T22:09:47+00:00\" \/>\n<meta property=\"og:image\" content=\"https:\/\/www.sonoraenequipo.com.mx\/storage\/2023\/02\/KEVIN.jpg\" \/>\n\t<meta property=\"og:image:width\" content=\"600\" \/>\n\t<meta property=\"og:image:height\" content=\"400\" \/>\n\t<meta property=\"og:image:type\" content=\"image\/jpeg\" \/>\n<meta name=\"author\" content=\"enequipo\" \/>\n<meta name=\"twitter:card\" content=\"summary_large_image\" \/>\n<meta name=\"twitter:creator\" content=\"@sonoraenequipo\" \/>\n<meta name=\"twitter:site\" content=\"@sonoraenequipo\" \/>\n<meta name=\"twitter:label1\" content=\"Escrito por\" \/>\n\t<meta name=\"twitter:data1\" content=\"enequipo\" \/>\n\t<meta name=\"twitter:label2\" content=\"Tiempo de lectura\" \/>\n\t<meta name=\"twitter:data2\" content=\"1 minuto\" \/>\n<script type=\"application\/ld+json\" class=\"yoast-schema-graph\">{\"@context\":\"https:\/\/schema.org\",\"@graph\":[{\"@type\":\"Article\",\"@id\":\"https:\/\/www.sonoraenequipo.com.mx\/capturan-en-sonora-a-profugo-estadounidense-armado-y-con-droga\/#article\",\"isPartOf\":{\"@id\":\"https:\/\/www.sonoraenequipo.com.mx\/capturan-en-sonora-a-profugo-estadounidense-armado-y-con-droga\/\"},\"author\":{\"name\":\"enequipo\",\"@id\":\"https:\/\/www.sonoraenequipo.com.mx\/#\/schema\/person\/50102df0fb23a8fa9e8effad8fa81386\"},\"headline\":\"\u00a0Capturan en Sonora a pr\u00f3fugo estadounidense armado y con droga\",\"datePublished\":\"2023-02-03T22:09:47+00:00\",\"mainEntityOfPage\":{\"@id\":\"https:\/\/www.sonoraenequipo.com.mx\/capturan-en-sonora-a-profugo-estadounidense-armado-y-con-droga\/\"},\"wordCount\":239,\"commentCount\":0,\"publisher\":{\"@id\":\"https:\/\/www.sonoraenequipo.com.mx\/#organization\"},\"image\":{\"@id\":\"https:\/\/www.sonoraenequipo.com.mx\/capturan-en-sonora-a-profugo-estadounidense-armado-y-con-droga\/#primaryimage\"},\"thumbnailUrl\":\"https:\/\/www.sonoraenequipo.com.mx\/storage\/2023\/02\/KEVIN.jpg\",\"keywords\":[\"profugo estadounidense\"],\"articleSection\":[\"Polic\u00edaca\"],\"inLanguage\":\"es\",\"potentialAction\":[{\"@type\":\"CommentAction\",\"name\":\"Comment\",\"target\":[\"https:\/\/www.sonoraenequipo.com.mx\/capturan-en-sonora-a-profugo-estadounidense-armado-y-con-droga\/#respond\"]}]},{\"@type\":\"WebPage\",\"@id\":\"https:\/\/www.sonoraenequipo.com.mx\/capturan-en-sonora-a-profugo-estadounidense-armado-y-con-droga\/\",\"url\":\"https:\/\/www.sonoraenequipo.com.mx\/capturan-en-sonora-a-profugo-estadounidense-armado-y-con-droga\/\",\"name\":\"Sonora en Equipo. \u00a0Capturan en Sonora a pr\u00f3fugo estadounidense armado y con droga Polic\u00edaca\",\"isPartOf\":{\"@id\":\"https:\/\/www.sonoraenequipo.com.mx\/#website\"},\"primaryImageOfPage\":{\"@id\":\"https:\/\/www.sonoraenequipo.com.mx\/capturan-en-sonora-a-profugo-estadounidense-armado-y-con-droga\/#primaryimage\"},\"image\":{\"@id\":\"https:\/\/www.sonoraenequipo.com.mx\/capturan-en-sonora-a-profugo-estadounidense-armado-y-con-droga\/#primaryimage\"},\"thumbnailUrl\":\"https:\/\/www.sonoraenequipo.com.mx\/storage\/2023\/02\/KEVIN.jpg\",\"datePublished\":\"2023-02-03T22:09:47+00:00\",\"description\":\"\u25baKevin Daniel \u201cN.\u201d fue asegurado en flagrancia delictiva por agentes AMIC, de la Fiscal\u00eda de Sonora, con un arma calibre 9 mil\u00edmetros abastecida con 8 En Sonora en Equipo publicamos toda la informaci\u00f3n de Sonora, M\u00e9xico y el Mundo de manera oportuna y busca que la libertad de expresi\u00f3n sea real. Visita nuestro medio informativo publicado desde Hermosillo, Sonora. %\",\"breadcrumb\":{\"@id\":\"https:\/\/www.sonoraenequipo.com.mx\/capturan-en-sonora-a-profugo-estadounidense-armado-y-con-droga\/#breadcrumb\"},\"inLanguage\":\"es\",\"potentialAction\":[{\"@type\":\"ReadAction\",\"target\":[\"https:\/\/www.sonoraenequipo.com.mx\/capturan-en-sonora-a-profugo-estadounidense-armado-y-con-droga\/\"]}]},{\"@type\":\"ImageObject\",\"inLanguage\":\"es\",\"@id\":\"https:\/\/www.sonoraenequipo.com.mx\/capturan-en-sonora-a-profugo-estadounidense-armado-y-con-droga\/#primaryimage\",\"url\":\"https:\/\/www.sonoraenequipo.com.mx\/storage\/2023\/02\/KEVIN.jpg\",\"contentUrl\":\"https:\/\/www.sonoraenequipo.com.mx\/storage\/2023\/02\/KEVIN.jpg\",\"width\":600,\"height\":400},{\"@type\":\"BreadcrumbList\",\"@id\":\"https:\/\/www.sonoraenequipo.com.mx\/capturan-en-sonora-a-profugo-estadounidense-armado-y-con-droga\/#breadcrumb\",\"itemListElement\":[{\"@type\":\"ListItem\",\"position\":1,\"name\":\"Portada\",\"item\":\"https:\/\/www.sonoraenequipo.com.mx\/\"},{\"@type\":\"ListItem\",\"position\":2,\"name\":\"\u00a0Capturan en Sonora a pr\u00f3fugo estadounidense armado y con droga\"}]},{\"@type\":\"WebSite\",\"@id\":\"https:\/\/www.sonoraenequipo.com.mx\/#website\",\"url\":\"https:\/\/www.sonoraenequipo.com.mx\/\",\"name\":\"Sonora en Equipo.\",\"description\":\"Diario en l\u00ednea con Noticias desde Hermosillo, Sonora\",\"publisher\":{\"@id\":\"https:\/\/www.sonoraenequipo.com.mx\/#organization\"},\"potentialAction\":[{\"@type\":\"SearchAction\",\"target\":{\"@type\":\"EntryPoint\",\"urlTemplate\":\"https:\/\/www.sonoraenequipo.com.mx\/?s={search_term_string}\"},\"query-input\":{\"@type\":\"PropertyValueSpecification\",\"valueRequired\":true,\"valueName\":\"search_term_string\"}}],\"inLanguage\":\"es\"},{\"@type\":\"Organization\",\"@id\":\"https:\/\/www.sonoraenequipo.com.mx\/#organization\",\"name\":\"Sonoraenequipo.com.mx\",\"url\":\"https:\/\/www.sonoraenequipo.com.mx\/\",\"logo\":{\"@type\":\"ImageObject\",\"inLanguage\":\"es\",\"@id\":\"https:\/\/www.sonoraenequipo.com.mx\/#\/schema\/logo\/image\/\",\"url\":\"https:\/\/www.sonoraenequipo.com.mx\/storage\/2019\/01\/sonoraenequipo_opt.png\",\"contentUrl\":\"https:\/\/www.sonoraenequipo.com.mx\/storage\/2019\/01\/sonoraenequipo_opt.png\",\"width\":375,\"height\":125,\"caption\":\"Sonoraenequipo.com.mx\"},\"image\":{\"@id\":\"https:\/\/www.sonoraenequipo.com.mx\/#\/schema\/logo\/image\/\"},\"sameAs\":[\"https:\/\/www.facebook.com\/SonoraEE\/\",\"https:\/\/x.com\/sonoraenequipo\",\"https:\/\/www.youtube.com\/channel\/UC338nW-lPEYmJQs4ZABQ1SQ\"]},{\"@type\":\"Person\",\"@id\":\"https:\/\/www.sonoraenequipo.com.mx\/#\/schema\/person\/50102df0fb23a8fa9e8effad8fa81386\",\"name\":\"enequipo\",\"image\":{\"@type\":\"ImageObject\",\"inLanguage\":\"es\",\"@id\":\"https:\/\/www.sonoraenequipo.com.mx\/#\/schema\/person\/image\/\",\"url\":\"https:\/\/secure.gravatar.com\/avatar\/049821681b589dabc0bc20695993ccebb09f5b5d4d790cd9251b97faac7c652b?s=96&d=blank&r=g\",\"contentUrl\":\"https:\/\/secure.gravatar.com\/avatar\/049821681b589dabc0bc20695993ccebb09f5b5d4d790cd9251b97faac7c652b?s=96&d=blank&r=g\",\"caption\":\"enequipo\"},\"sameAs\":[\"https:\/\/www.facebook.com\/SonoraEE\"]}]}<\/script>\n ","yoast_head_json":{"title":"Sonora en Equipo. \u00a0Capturan en Sonora a pr\u00f3fugo estadounidense armado y con droga Polic\u00edaca","description":"\u25baKevin Daniel \u201cN.\u201d fue asegurado en flagrancia delictiva por agentes AMIC, de la Fiscal\u00eda de Sonora, con un arma calibre 9 mil\u00edmetros abastecida con 8 En Sonora en Equipo publicamos toda la informaci\u00f3n de Sonora, M\u00e9xico y el Mundo de manera oportuna y busca que la libertad de expresi\u00f3n sea real. Visita nuestro medio informativo publicado desde Hermosillo, Sonora. %","robots":{"index":"index","follow":"follow","max-snippet":"max-snippet:-1","max-image-preview":"max-image-preview:large","max-video-preview":"max-video-preview:-1"},"canonical":"https:\/\/www.sonoraenequipo.com.mx\/capturan-en-sonora-a-profugo-estadounidense-armado-y-con-droga\/","og_locale":"es_ES","og_type":"article","og_title":"Sonora en Equipo. \u00a0Capturan en Sonora a pr\u00f3fugo estadounidense armado y con droga Polic\u00edaca","og_description":"\u25baKevin Daniel \u201cN.\u201d fue asegurado en flagrancia delictiva por agentes AMIC, de la Fiscal\u00eda de Sonora, con un arma calibre 9 mil\u00edmetros abastecida con 8 En Sonora en Equipo publicamos toda la informaci\u00f3n de Sonora, M\u00e9xico y el Mundo de manera oportuna y busca que la libertad de expresi\u00f3n sea real. Visita nuestro medio informativo publicado desde Hermosillo, Sonora. %","og_url":"https:\/\/www.sonoraenequipo.com.mx\/capturan-en-sonora-a-profugo-estadounidense-armado-y-con-droga\/","og_site_name":"Sonora en Equipo.","article_publisher":"https:\/\/www.facebook.com\/SonoraEE\/","article_author":"https:\/\/www.facebook.com\/SonoraEE","article_published_time":"2023-02-03T22:09:47+00:00","og_image":[{"width":600,"height":400,"url":"https:\/\/www.sonoraenequipo.com.mx\/storage\/2023\/02\/KEVIN.jpg","type":"image\/jpeg"}],"author":"enequipo","twitter_card":"summary_large_image","twitter_creator":"@sonoraenequipo","twitter_site":"@sonoraenequipo","twitter_misc":{"Escrito por":"enequipo","Tiempo de lectura":"1 minuto"},"schema":{"@context":"https:\/\/schema.org","@graph":[{"@type":"Article","@id":"https:\/\/www.sonoraenequipo.com.mx\/capturan-en-sonora-a-profugo-estadounidense-armado-y-con-droga\/#article","isPartOf":{"@id":"https:\/\/www.sonoraenequipo.com.mx\/capturan-en-sonora-a-profugo-estadounidense-armado-y-con-droga\/"},"author":{"name":"enequipo","@id":"https:\/\/www.sonoraenequipo.com.mx\/#\/schema\/person\/50102df0fb23a8fa9e8effad8fa81386"},"headline":"\u00a0Capturan en Sonora a pr\u00f3fugo estadounidense armado y con droga","datePublished":"2023-02-03T22:09:47+00:00","mainEntityOfPage":{"@id":"https:\/\/www.sonoraenequipo.com.mx\/capturan-en-sonora-a-profugo-estadounidense-armado-y-con-droga\/"},"wordCount":239,"commentCount":0,"publisher":{"@id":"https:\/\/www.sonoraenequipo.com.mx\/#organization"},"image":{"@id":"https:\/\/www.sonoraenequipo.com.mx\/capturan-en-sonora-a-profugo-estadounidense-armado-y-con-droga\/#primaryimage"},"thumbnailUrl":"https:\/\/www.sonoraenequipo.com.mx\/storage\/2023\/02\/KEVIN.jpg","keywords":["profugo estadounidense"],"articleSection":["Polic\u00edaca"],"inLanguage":"es","potentialAction":[{"@type":"CommentAction","name":"Comment","target":["https:\/\/www.sonoraenequipo.com.mx\/capturan-en-sonora-a-profugo-estadounidense-armado-y-con-droga\/#respond"]}]},{"@type":"WebPage","@id":"https:\/\/www.sonoraenequipo.com.mx\/capturan-en-sonora-a-profugo-estadounidense-armado-y-con-droga\/","url":"https:\/\/www.sonoraenequipo.com.mx\/capturan-en-sonora-a-profugo-estadounidense-armado-y-con-droga\/","name":"Sonora en Equipo. \u00a0Capturan en Sonora a pr\u00f3fugo estadounidense armado y con droga Polic\u00edaca","isPartOf":{"@id":"https:\/\/www.sonoraenequipo.com.mx\/#website"},"primaryImageOfPage":{"@id":"https:\/\/www.sonoraenequipo.com.mx\/capturan-en-sonora-a-profugo-estadounidense-armado-y-con-droga\/#primaryimage"},"image":{"@id":"https:\/\/www.sonoraenequipo.com.mx\/capturan-en-sonora-a-profugo-estadounidense-armado-y-con-droga\/#primaryimage"},"thumbnailUrl":"https:\/\/www.sonoraenequipo.com.mx\/storage\/2023\/02\/KEVIN.jpg","datePublished":"2023-02-03T22:09:47+00:00","description":"\u25baKevin Daniel \u201cN.\u201d fue asegurado en flagrancia delictiva por agentes AMIC, de la Fiscal\u00eda de Sonora, con un arma calibre 9 mil\u00edmetros abastecida con 8 En Sonora en Equipo publicamos toda la informaci\u00f3n de Sonora, M\u00e9xico y el Mundo de manera oportuna y busca que la libertad de expresi\u00f3n sea real. Visita nuestro medio informativo publicado desde Hermosillo, Sonora. %","breadcrumb":{"@id":"https:\/\/www.sonoraenequipo.com.mx\/capturan-en-sonora-a-profugo-estadounidense-armado-y-con-droga\/#breadcrumb"},"inLanguage":"es","potentialAction":[{"@type":"ReadAction","target":["https:\/\/www.sonoraenequipo.com.mx\/capturan-en-sonora-a-profugo-estadounidense-armado-y-con-droga\/"]}]},{"@type":"ImageObject","inLanguage":"es","@id":"https:\/\/www.sonoraenequipo.com.mx\/capturan-en-sonora-a-profugo-estadounidense-armado-y-con-droga\/#primaryimage","url":"https:\/\/www.sonoraenequipo.com.mx\/storage\/2023\/02\/KEVIN.jpg","contentUrl":"https:\/\/www.sonoraenequipo.com.mx\/storage\/2023\/02\/KEVIN.jpg","width":600,"height":400},{"@type":"BreadcrumbList","@id":"https:\/\/www.sonoraenequipo.com.mx\/capturan-en-sonora-a-profugo-estadounidense-armado-y-con-droga\/#breadcrumb","itemListElement":[{"@type":"ListItem","position":1,"name":"Portada","item":"https:\/\/www.sonoraenequipo.com.mx\/"},{"@type":"ListItem","position":2,"name":"\u00a0Capturan en Sonora a pr\u00f3fugo estadounidense armado y con droga"}]},{"@type":"WebSite","@id":"https:\/\/www.sonoraenequipo.com.mx\/#website","url":"https:\/\/www.sonoraenequipo.com.mx\/","name":"Sonora en Equipo.","description":"Diario en l\u00ednea con Noticias desde Hermosillo, Sonora","publisher":{"@id":"https:\/\/www.sonoraenequipo.com.mx\/#organization"},"potentialAction":[{"@type":"SearchAction","target":{"@type":"EntryPoint","urlTemplate":"https:\/\/www.sonoraenequipo.com.mx\/?s={search_term_string}"},"query-input":{"@type":"PropertyValueSpecification","valueRequired":true,"valueName":"search_term_string"}}],"inLanguage":"es"},{"@type":"Organization","@id":"https:\/\/www.sonoraenequipo.com.mx\/#organization","name":"Sonoraenequipo.com.mx","url":"https:\/\/www.sonoraenequipo.com.mx\/","logo":{"@type":"ImageObject","inLanguage":"es","@id":"https:\/\/www.sonoraenequipo.com.mx\/#\/schema\/logo\/image\/","url":"https:\/\/www.sonoraenequipo.com.mx\/storage\/2019\/01\/sonoraenequipo_opt.png","contentUrl":"https:\/\/www.sonoraenequipo.com.mx\/storage\/2019\/01\/sonoraenequipo_opt.png","width":375,"height":125,"caption":"Sonoraenequipo.com.mx"},"image":{"@id":"https:\/\/www.sonoraenequipo.com.mx\/#\/schema\/logo\/image\/"},"sameAs":["https:\/\/www.facebook.com\/SonoraEE\/","https:\/\/x.com\/sonoraenequipo","https:\/\/www.youtube.com\/channel\/UC338nW-lPEYmJQs4ZABQ1SQ"]},{"@type":"Person","@id":"https:\/\/www.sonoraenequipo.com.mx\/#\/schema\/person\/50102df0fb23a8fa9e8effad8fa81386","name":"enequipo","image":{"@type":"ImageObject","inLanguage":"es","@id":"https:\/\/www.sonoraenequipo.com.mx\/#\/schema\/person\/image\/","url":"https:\/\/secure.gravatar.com\/avatar\/049821681b589dabc0bc20695993ccebb09f5b5d4d790cd9251b97faac7c652b?s=96&d=blank&r=g","contentUrl":"https:\/\/secure.gravatar.com\/avatar\/049821681b589dabc0bc20695993ccebb09f5b5d4d790cd9251b97faac7c652b?s=96&d=blank&r=g","caption":"enequipo"},"sameAs":["https:\/\/www.facebook.com\/SonoraEE"]}]}},"jetpack_featured_media_url":"https:\/\/www.sonoraenequipo.com.mx\/storage\/2023\/02\/KEVIN.jpg","_links":{"self":[{"href":"https:\/\/www.sonoraenequipo.com.mx\/api\/wp\/v2\/posts\/158171","targetHints":{"allow":["GET"]}}],"collection":[{"href":"https:\/\/www.sonoraenequipo.com.mx\/api\/wp\/v2\/posts"}],"about":[{"href":"https:\/\/www.sonoraenequipo.com.mx\/api\/wp\/v2\/types\/post"}],"author":[{"embeddable":true,"href":"https:\/\/www.sonoraenequipo.com.mx\/api\/wp\/v2\/users\/1"}],"replies":[{"embeddable":true,"href":"https:\/\/www.sonoraenequipo.com.mx\/api\/wp\/v2\/comments?post=158171"}],"version-history":[{"count":1,"href":"https:\/\/www.sonoraenequipo.com.mx\/api\/wp\/v2\/posts\/158171\/revisions"}],"predecessor-version":[{"id":158173,"href":"https:\/\/www.sonoraenequipo.com.mx\/api\/wp\/v2\/posts\/158171\/revisions\/158173"}],"wp:featuredmedia":[{"embeddable":true,"href":"https:\/\/www.sonoraenequipo.com.mx\/api\/wp\/v2\/media\/158172"}],"wp:attachment":[{"href":"https:\/\/www.sonoraenequipo.com.mx\/api\/wp\/v2\/media?parent=158171"}],"wp:term":[{"taxonomy":"category","embeddable":true,"href":"https:\/\/www.sonoraenequipo.com.mx\/api\/wp\/v2\/categories?post=158171"},{"taxonomy":"post_tag","embeddable":true,"href":"https:\/\/www.sonoraenequipo.com.mx\/api\/wp\/v2\/tags?post=158171"}],"curies":[{"name":"wp","href":"https:\/\/api.w.org\/{rel}","templated":true}]}}