{"id":158198,"date":"2023-02-03T13:44:38","date_gmt":"2023-02-03T20:44:38","guid":{"rendered":"https:\/\/www.sonoraenequipo.com.mx\/?p=158198"},"modified":"2023-02-03T22:02:23","modified_gmt":"2023-02-04T05:02:23","slug":"hermosillo-resalta-ayuntamiento-tradicion-de-fiestas-de-la-candelaria-en-villa-de-seris","status":"publish","type":"post","link":"https:\/\/www.sonoraenequipo.com.mx\/hermosillo-resalta-ayuntamiento-tradicion-de-fiestas-de-la-candelaria-en-villa-de-seris\/","title":{"rendered":"HERMOSILLO. Resalta ayuntamiento tradici\u00f3n de Fiestas de la Candelaria en Villa de Seris"},"content":{"rendered":"<p><strong>HERMOSILLO, SONORA. MX. \u2014<\/strong> La colonia Villa de Seris fue escenario de m\u00fasica, gastronom\u00eda y juegos que alegraron la Fiesta Patronal de la Virgen de la Candelaria en la Plaza Zaragoza.<\/p>\n<p>&nbsp;<\/p>\n<p> <\/p>\n<p>&nbsp;<\/p>\n<p>El Presidente Municipal se mostr\u00f3 entusiasmado de participar en la fiesta tradicional de los hermosillenses.<\/p>\n<p>&nbsp;<\/p>\n<p>Ah\u00ed convivi\u00f3 con familias que llegaron desde distintas partes de la ciudad para degustar los tamales, famosos por sus sabor y textura.<\/p>\n<p>&nbsp;<\/p>\n<p>Acompa\u00f1ado por el Secretario de Ayuntamiento, Florencio D\u00edaz Armenta, To\u00f1o Astiazar\u00e1n recorri\u00f3 la tarde de este jueves la Plaza en la que se instalaron comerciantes ofreciendo platillos regionales y salud\u00f3 a familias que acudieron a la misa solemne del Santuario de Nuestra Se\u00f1ora de Candelaria, celebrada por el Arzobispo de Hermosillo, Ruy Rend\u00f3n Leal.<\/p>\n<p>&nbsp;<\/p>\n<p>Ah\u00ed, To\u00f1o Astiazar\u00e1n subray\u00f3 que Hermosillo es historia, cultura, tradiciones y buena comida.<\/p>\n<p>&nbsp;<\/p>\n<p><img loading=\"lazy\" decoding=\"async\" class=\"size-medium  x-right\" src=\"https:\/\/www.sonoraenequipo.com.mx\/storage\/2023\/02\/Fiestas-de-la-Candelaria-en-Villa-de-Seris-min-min-548x365.jpeg\" alt=\"\" width=\"548\" height=\"365\" \/>En medio de degustaci\u00f3n de tamales, postres t\u00edpicos de la regi\u00f3n, caf\u00e9 y chocolate, la comunidad de diversas colonias tuvo de nuevo la oportunidad de convivir sanamente y fortalecer las tradiciones de la ciudad en la emblem\u00e1tica Plaza.<\/p>\n<p>&nbsp;<\/p>\n<p>Las variadas actividades que conforman la celebraci\u00f3n como la presentaci\u00f3n de agrupaciones musicales, gastronom\u00eda y juegos continuar\u00e1n hasta el domingo 5 de febrero con lo que ayudar\u00e1 a fortalecer la econom\u00eda de los comerciantes locales.<\/p>\n<p>&nbsp;<\/p>\n<p>Asistieron tambi\u00e9n la regidora Sheila Cirett Carbajal; Zaira Fern\u00e1ndez, titular de Sindicatura Municipal; Luz Delia Mart\u00ednez L\u00f3pez y Carmelita L\u00f3pez; ayudantes en la organizaci\u00f3n del evento.<\/p>\n<p>&nbsp;<\/p>\n<p>&nbsp;<\/p>\n<p>PUBLICADO EL 03\/FEBRERO\/2023 \/ Con informaci\u00f3n de GOB HMO 73\/2023)<\/p>\n","protected":false},"excerpt":{"rendered":"<p>HERMOSILLO, SONORA. MX. \u2014 La colonia Villa de Seris fue escenario de m\u00fasica, gastronom\u00eda y&#8230;<\/p>\n","protected":false},"author":1,"featured_media":158202,"comment_status":"open","ping_status":"open","sticky":false,"template":"","format":"standard","meta":{"_monsterinsights_skip_tracking":false,"_monsterinsights_sitenote_active":false,"_monsterinsights_sitenote_note":"","_monsterinsights_sitenote_category":0,"footnotes":""},"categories":[4],"tags":[],"class_list":["post"],"yoast_head":" \n<title>Sonora en Equipo. HERMOSILLO. Resalta ayuntamiento tradici\u00f3n de Fiestas de la Candelaria en Villa de Seris Municipios<\/title>\n<meta name=\"description\" content=\"HERMOSILLO, SONORA. MX. \u2014 La colonia Villa de Seris fue escenario de m\u00fasica, gastronom\u00eda y juegos que alegraron la Fiesta Patronal de la Virgen de la En Sonora en Equipo publicamos toda la informaci\u00f3n de Sonora, M\u00e9xico y el Mundo de manera oportuna y busca que la libertad de expresi\u00f3n sea real. Visita nuestro medio informativo publicado desde Hermosillo, Sonora. %\" \/>\n<meta name=\"robots\" content=\"index, follow, max-snippet:-1, max-image-preview:large, max-video-preview:-1\" \/>\n<link rel=\"canonical\" href=\"https:\/\/www.sonoraenequipo.com.mx\/hermosillo-resalta-ayuntamiento-tradicion-de-fiestas-de-la-candelaria-en-villa-de-seris\/\" \/>\n<meta property=\"og:locale\" content=\"es_ES\" \/>\n<meta property=\"og:type\" content=\"article\" \/>\n<meta property=\"og:title\" content=\"Sonora en Equipo. HERMOSILLO. Resalta ayuntamiento tradici\u00f3n de Fiestas de la Candelaria en Villa de Seris Municipios\" \/>\n<meta property=\"og:description\" content=\"HERMOSILLO, SONORA. MX. \u2014 La colonia Villa de Seris fue escenario de m\u00fasica, gastronom\u00eda y juegos que alegraron la Fiesta Patronal de la Virgen de la En Sonora en Equipo publicamos toda la informaci\u00f3n de Sonora, M\u00e9xico y el Mundo de manera oportuna y busca que la libertad de expresi\u00f3n sea real. Visita nuestro medio informativo publicado desde Hermosillo, Sonora. %\" \/>\n<meta property=\"og:url\" content=\"https:\/\/www.sonoraenequipo.com.mx\/hermosillo-resalta-ayuntamiento-tradicion-de-fiestas-de-la-candelaria-en-villa-de-seris\/\" \/>\n<meta property=\"og:site_name\" content=\"Sonora en Equipo.\" \/>\n<meta property=\"article:publisher\" content=\"https:\/\/www.facebook.com\/SonoraEE\/\" \/>\n<meta property=\"article:author\" content=\"https:\/\/www.facebook.com\/SonoraEE\" \/>\n<meta property=\"article:published_time\" content=\"2023-02-03T20:44:38+00:00\" \/>\n<meta property=\"article:modified_time\" content=\"2023-02-04T05:02:23+00:00\" \/>\n<meta property=\"og:image\" content=\"https:\/\/www.sonoraenequipo.com.mx\/storage\/2023\/02\/Fiestas-de-la-Candelaria-en-Villa-de-Seris-1-min-min.jpeg\" \/>\n\t<meta property=\"og:image:width\" content=\"900\" \/>\n\t<meta property=\"og:image:height\" content=\"599\" \/>\n\t<meta property=\"og:image:type\" content=\"image\/jpeg\" \/>\n<meta name=\"author\" content=\"enequipo\" \/>\n<meta name=\"twitter:card\" content=\"summary_large_image\" \/>\n<meta name=\"twitter:creator\" content=\"@sonoraenequipo\" \/>\n<meta name=\"twitter:site\" content=\"@sonoraenequipo\" \/>\n<meta name=\"twitter:label1\" content=\"Escrito por\" \/>\n\t<meta name=\"twitter:data1\" content=\"enequipo\" \/>\n\t<meta name=\"twitter:label2\" content=\"Tiempo de lectura\" \/>\n\t<meta name=\"twitter:data2\" content=\"1 minuto\" \/>\n<script type=\"application\/ld+json\" class=\"yoast-schema-graph\">{\"@context\":\"https:\/\/schema.org\",\"@graph\":[{\"@type\":\"Article\",\"@id\":\"https:\/\/www.sonoraenequipo.com.mx\/hermosillo-resalta-ayuntamiento-tradicion-de-fiestas-de-la-candelaria-en-villa-de-seris\/#article\",\"isPartOf\":{\"@id\":\"https:\/\/www.sonoraenequipo.com.mx\/hermosillo-resalta-ayuntamiento-tradicion-de-fiestas-de-la-candelaria-en-villa-de-seris\/\"},\"author\":{\"name\":\"enequipo\",\"@id\":\"https:\/\/www.sonoraenequipo.com.mx\/#\/schema\/person\/50102df0fb23a8fa9e8effad8fa81386\"},\"headline\":\"HERMOSILLO. Resalta ayuntamiento tradici\u00f3n de Fiestas de la Candelaria en Villa de Seris\",\"datePublished\":\"2023-02-03T20:44:38+00:00\",\"dateModified\":\"2023-02-04T05:02:23+00:00\",\"mainEntityOfPage\":{\"@id\":\"https:\/\/www.sonoraenequipo.com.mx\/hermosillo-resalta-ayuntamiento-tradicion-de-fiestas-de-la-candelaria-en-villa-de-seris\/\"},\"wordCount\":290,\"commentCount\":0,\"publisher\":{\"@id\":\"https:\/\/www.sonoraenequipo.com.mx\/#organization\"},\"image\":{\"@id\":\"https:\/\/www.sonoraenequipo.com.mx\/hermosillo-resalta-ayuntamiento-tradicion-de-fiestas-de-la-candelaria-en-villa-de-seris\/#primaryimage\"},\"thumbnailUrl\":\"https:\/\/www.sonoraenequipo.com.mx\/storage\/2023\/02\/Fiestas-de-la-Candelaria-en-Villa-de-Seris-1-min-min.jpeg\",\"articleSection\":[\"Municipios\"],\"inLanguage\":\"es\",\"potentialAction\":[{\"@type\":\"CommentAction\",\"name\":\"Comment\",\"target\":[\"https:\/\/www.sonoraenequipo.com.mx\/hermosillo-resalta-ayuntamiento-tradicion-de-fiestas-de-la-candelaria-en-villa-de-seris\/#respond\"]}]},{\"@type\":\"WebPage\",\"@id\":\"https:\/\/www.sonoraenequipo.com.mx\/hermosillo-resalta-ayuntamiento-tradicion-de-fiestas-de-la-candelaria-en-villa-de-seris\/\",\"url\":\"https:\/\/www.sonoraenequipo.com.mx\/hermosillo-resalta-ayuntamiento-tradicion-de-fiestas-de-la-candelaria-en-villa-de-seris\/\",\"name\":\"Sonora en Equipo. HERMOSILLO. Resalta ayuntamiento tradici\u00f3n de Fiestas de la Candelaria en Villa de Seris Municipios\",\"isPartOf\":{\"@id\":\"https:\/\/www.sonoraenequipo.com.mx\/#website\"},\"primaryImageOfPage\":{\"@id\":\"https:\/\/www.sonoraenequipo.com.mx\/hermosillo-resalta-ayuntamiento-tradicion-de-fiestas-de-la-candelaria-en-villa-de-seris\/#primaryimage\"},\"image\":{\"@id\":\"https:\/\/www.sonoraenequipo.com.mx\/hermosillo-resalta-ayuntamiento-tradicion-de-fiestas-de-la-candelaria-en-villa-de-seris\/#primaryimage\"},\"thumbnailUrl\":\"https:\/\/www.sonoraenequipo.com.mx\/storage\/2023\/02\/Fiestas-de-la-Candelaria-en-Villa-de-Seris-1-min-min.jpeg\",\"datePublished\":\"2023-02-03T20:44:38+00:00\",\"dateModified\":\"2023-02-04T05:02:23+00:00\",\"description\":\"HERMOSILLO, SONORA. MX. \u2014 La colonia Villa de Seris fue escenario de m\u00fasica, gastronom\u00eda y juegos que alegraron la Fiesta Patronal de la Virgen de la En Sonora en Equipo publicamos toda la informaci\u00f3n de Sonora, M\u00e9xico y el Mundo de manera oportuna y busca que la libertad de expresi\u00f3n sea real. Visita nuestro medio informativo publicado desde Hermosillo, Sonora. %\",\"breadcrumb\":{\"@id\":\"https:\/\/www.sonoraenequipo.com.mx\/hermosillo-resalta-ayuntamiento-tradicion-de-fiestas-de-la-candelaria-en-villa-de-seris\/#breadcrumb\"},\"inLanguage\":\"es\",\"potentialAction\":[{\"@type\":\"ReadAction\",\"target\":[\"https:\/\/www.sonoraenequipo.com.mx\/hermosillo-resalta-ayuntamiento-tradicion-de-fiestas-de-la-candelaria-en-villa-de-seris\/\"]}]},{\"@type\":\"ImageObject\",\"inLanguage\":\"es\",\"@id\":\"https:\/\/www.sonoraenequipo.com.mx\/hermosillo-resalta-ayuntamiento-tradicion-de-fiestas-de-la-candelaria-en-villa-de-seris\/#primaryimage\",\"url\":\"https:\/\/www.sonoraenequipo.com.mx\/storage\/2023\/02\/Fiestas-de-la-Candelaria-en-Villa-de-Seris-1-min-min.jpeg\",\"contentUrl\":\"https:\/\/www.sonoraenequipo.com.mx\/storage\/2023\/02\/Fiestas-de-la-Candelaria-en-Villa-de-Seris-1-min-min.jpeg\",\"width\":900,\"height\":599},{\"@type\":\"BreadcrumbList\",\"@id\":\"https:\/\/www.sonoraenequipo.com.mx\/hermosillo-resalta-ayuntamiento-tradicion-de-fiestas-de-la-candelaria-en-villa-de-seris\/#breadcrumb\",\"itemListElement\":[{\"@type\":\"ListItem\",\"position\":1,\"name\":\"Portada\",\"item\":\"https:\/\/www.sonoraenequipo.com.mx\/\"},{\"@type\":\"ListItem\",\"position\":2,\"name\":\"HERMOSILLO. Resalta ayuntamiento tradici\u00f3n de Fiestas de la Candelaria en Villa de Seris\"}]},{\"@type\":\"WebSite\",\"@id\":\"https:\/\/www.sonoraenequipo.com.mx\/#website\",\"url\":\"https:\/\/www.sonoraenequipo.com.mx\/\",\"name\":\"Sonora en Equipo.\",\"description\":\"Diario en l\u00ednea con Noticias desde Hermosillo, Sonora\",\"publisher\":{\"@id\":\"https:\/\/www.sonoraenequipo.com.mx\/#organization\"},\"potentialAction\":[{\"@type\":\"SearchAction\",\"target\":{\"@type\":\"EntryPoint\",\"urlTemplate\":\"https:\/\/www.sonoraenequipo.com.mx\/?s={search_term_string}\"},\"query-input\":{\"@type\":\"PropertyValueSpecification\",\"valueRequired\":true,\"valueName\":\"search_term_string\"}}],\"inLanguage\":\"es\"},{\"@type\":\"Organization\",\"@id\":\"https:\/\/www.sonoraenequipo.com.mx\/#organization\",\"name\":\"Sonoraenequipo.com.mx\",\"url\":\"https:\/\/www.sonoraenequipo.com.mx\/\",\"logo\":{\"@type\":\"ImageObject\",\"inLanguage\":\"es\",\"@id\":\"https:\/\/www.sonoraenequipo.com.mx\/#\/schema\/logo\/image\/\",\"url\":\"https:\/\/www.sonoraenequipo.com.mx\/storage\/2019\/01\/sonoraenequipo_opt.png\",\"contentUrl\":\"https:\/\/www.sonoraenequipo.com.mx\/storage\/2019\/01\/sonoraenequipo_opt.png\",\"width\":375,\"height\":125,\"caption\":\"Sonoraenequipo.com.mx\"},\"image\":{\"@id\":\"https:\/\/www.sonoraenequipo.com.mx\/#\/schema\/logo\/image\/\"},\"sameAs\":[\"https:\/\/www.facebook.com\/SonoraEE\/\",\"https:\/\/x.com\/sonoraenequipo\",\"https:\/\/www.youtube.com\/channel\/UC338nW-lPEYmJQs4ZABQ1SQ\"]},{\"@type\":\"Person\",\"@id\":\"https:\/\/www.sonoraenequipo.com.mx\/#\/schema\/person\/50102df0fb23a8fa9e8effad8fa81386\",\"name\":\"enequipo\",\"image\":{\"@type\":\"ImageObject\",\"inLanguage\":\"es\",\"@id\":\"https:\/\/www.sonoraenequipo.com.mx\/#\/schema\/person\/image\/\",\"url\":\"https:\/\/secure.gravatar.com\/avatar\/049821681b589dabc0bc20695993ccebb09f5b5d4d790cd9251b97faac7c652b?s=96&d=blank&r=g\",\"contentUrl\":\"https:\/\/secure.gravatar.com\/avatar\/049821681b589dabc0bc20695993ccebb09f5b5d4d790cd9251b97faac7c652b?s=96&d=blank&r=g\",\"caption\":\"enequipo\"},\"sameAs\":[\"https:\/\/www.facebook.com\/SonoraEE\"]}]}<\/script>\n ","yoast_head_json":{"title":"Sonora en Equipo. HERMOSILLO. Resalta ayuntamiento tradici\u00f3n de Fiestas de la Candelaria en Villa de Seris Municipios","description":"HERMOSILLO, SONORA. MX. \u2014 La colonia Villa de Seris fue escenario de m\u00fasica, gastronom\u00eda y juegos que alegraron la Fiesta Patronal de la Virgen de la En Sonora en Equipo publicamos toda la informaci\u00f3n de Sonora, M\u00e9xico y el Mundo de manera oportuna y busca que la libertad de expresi\u00f3n sea real. Visita nuestro medio informativo publicado desde Hermosillo, Sonora. %","robots":{"index":"index","follow":"follow","max-snippet":"max-snippet:-1","max-image-preview":"max-image-preview:large","max-video-preview":"max-video-preview:-1"},"canonical":"https:\/\/www.sonoraenequipo.com.mx\/hermosillo-resalta-ayuntamiento-tradicion-de-fiestas-de-la-candelaria-en-villa-de-seris\/","og_locale":"es_ES","og_type":"article","og_title":"Sonora en Equipo. HERMOSILLO. Resalta ayuntamiento tradici\u00f3n de Fiestas de la Candelaria en Villa de Seris Municipios","og_description":"HERMOSILLO, SONORA. MX. \u2014 La colonia Villa de Seris fue escenario de m\u00fasica, gastronom\u00eda y juegos que alegraron la Fiesta Patronal de la Virgen de la En Sonora en Equipo publicamos toda la informaci\u00f3n de Sonora, M\u00e9xico y el Mundo de manera oportuna y busca que la libertad de expresi\u00f3n sea real. Visita nuestro medio informativo publicado desde Hermosillo, Sonora. %","og_url":"https:\/\/www.sonoraenequipo.com.mx\/hermosillo-resalta-ayuntamiento-tradicion-de-fiestas-de-la-candelaria-en-villa-de-seris\/","og_site_name":"Sonora en Equipo.","article_publisher":"https:\/\/www.facebook.com\/SonoraEE\/","article_author":"https:\/\/www.facebook.com\/SonoraEE","article_published_time":"2023-02-03T20:44:38+00:00","article_modified_time":"2023-02-04T05:02:23+00:00","og_image":[{"width":900,"height":599,"url":"https:\/\/www.sonoraenequipo.com.mx\/storage\/2023\/02\/Fiestas-de-la-Candelaria-en-Villa-de-Seris-1-min-min.jpeg","type":"image\/jpeg"}],"author":"enequipo","twitter_card":"summary_large_image","twitter_creator":"@sonoraenequipo","twitter_site":"@sonoraenequipo","twitter_misc":{"Escrito por":"enequipo","Tiempo de lectura":"1 minuto"},"schema":{"@context":"https:\/\/schema.org","@graph":[{"@type":"Article","@id":"https:\/\/www.sonoraenequipo.com.mx\/hermosillo-resalta-ayuntamiento-tradicion-de-fiestas-de-la-candelaria-en-villa-de-seris\/#article","isPartOf":{"@id":"https:\/\/www.sonoraenequipo.com.mx\/hermosillo-resalta-ayuntamiento-tradicion-de-fiestas-de-la-candelaria-en-villa-de-seris\/"},"author":{"name":"enequipo","@id":"https:\/\/www.sonoraenequipo.com.mx\/#\/schema\/person\/50102df0fb23a8fa9e8effad8fa81386"},"headline":"HERMOSILLO. Resalta ayuntamiento tradici\u00f3n de Fiestas de la Candelaria en Villa de Seris","datePublished":"2023-02-03T20:44:38+00:00","dateModified":"2023-02-04T05:02:23+00:00","mainEntityOfPage":{"@id":"https:\/\/www.sonoraenequipo.com.mx\/hermosillo-resalta-ayuntamiento-tradicion-de-fiestas-de-la-candelaria-en-villa-de-seris\/"},"wordCount":290,"commentCount":0,"publisher":{"@id":"https:\/\/www.sonoraenequipo.com.mx\/#organization"},"image":{"@id":"https:\/\/www.sonoraenequipo.com.mx\/hermosillo-resalta-ayuntamiento-tradicion-de-fiestas-de-la-candelaria-en-villa-de-seris\/#primaryimage"},"thumbnailUrl":"https:\/\/www.sonoraenequipo.com.mx\/storage\/2023\/02\/Fiestas-de-la-Candelaria-en-Villa-de-Seris-1-min-min.jpeg","articleSection":["Municipios"],"inLanguage":"es","potentialAction":[{"@type":"CommentAction","name":"Comment","target":["https:\/\/www.sonoraenequipo.com.mx\/hermosillo-resalta-ayuntamiento-tradicion-de-fiestas-de-la-candelaria-en-villa-de-seris\/#respond"]}]},{"@type":"WebPage","@id":"https:\/\/www.sonoraenequipo.com.mx\/hermosillo-resalta-ayuntamiento-tradicion-de-fiestas-de-la-candelaria-en-villa-de-seris\/","url":"https:\/\/www.sonoraenequipo.com.mx\/hermosillo-resalta-ayuntamiento-tradicion-de-fiestas-de-la-candelaria-en-villa-de-seris\/","name":"Sonora en Equipo. HERMOSILLO. Resalta ayuntamiento tradici\u00f3n de Fiestas de la Candelaria en Villa de Seris Municipios","isPartOf":{"@id":"https:\/\/www.sonoraenequipo.com.mx\/#website"},"primaryImageOfPage":{"@id":"https:\/\/www.sonoraenequipo.com.mx\/hermosillo-resalta-ayuntamiento-tradicion-de-fiestas-de-la-candelaria-en-villa-de-seris\/#primaryimage"},"image":{"@id":"https:\/\/www.sonoraenequipo.com.mx\/hermosillo-resalta-ayuntamiento-tradicion-de-fiestas-de-la-candelaria-en-villa-de-seris\/#primaryimage"},"thumbnailUrl":"https:\/\/www.sonoraenequipo.com.mx\/storage\/2023\/02\/Fiestas-de-la-Candelaria-en-Villa-de-Seris-1-min-min.jpeg","datePublished":"2023-02-03T20:44:38+00:00","dateModified":"2023-02-04T05:02:23+00:00","description":"HERMOSILLO, SONORA. MX. \u2014 La colonia Villa de Seris fue escenario de m\u00fasica, gastronom\u00eda y juegos que alegraron la Fiesta Patronal de la Virgen de la En Sonora en Equipo publicamos toda la informaci\u00f3n de Sonora, M\u00e9xico y el Mundo de manera oportuna y busca que la libertad de expresi\u00f3n sea real. Visita nuestro medio informativo publicado desde Hermosillo, Sonora. %","breadcrumb":{"@id":"https:\/\/www.sonoraenequipo.com.mx\/hermosillo-resalta-ayuntamiento-tradicion-de-fiestas-de-la-candelaria-en-villa-de-seris\/#breadcrumb"},"inLanguage":"es","potentialAction":[{"@type":"ReadAction","target":["https:\/\/www.sonoraenequipo.com.mx\/hermosillo-resalta-ayuntamiento-tradicion-de-fiestas-de-la-candelaria-en-villa-de-seris\/"]}]},{"@type":"ImageObject","inLanguage":"es","@id":"https:\/\/www.sonoraenequipo.com.mx\/hermosillo-resalta-ayuntamiento-tradicion-de-fiestas-de-la-candelaria-en-villa-de-seris\/#primaryimage","url":"https:\/\/www.sonoraenequipo.com.mx\/storage\/2023\/02\/Fiestas-de-la-Candelaria-en-Villa-de-Seris-1-min-min.jpeg","contentUrl":"https:\/\/www.sonoraenequipo.com.mx\/storage\/2023\/02\/Fiestas-de-la-Candelaria-en-Villa-de-Seris-1-min-min.jpeg","width":900,"height":599},{"@type":"BreadcrumbList","@id":"https:\/\/www.sonoraenequipo.com.mx\/hermosillo-resalta-ayuntamiento-tradicion-de-fiestas-de-la-candelaria-en-villa-de-seris\/#breadcrumb","itemListElement":[{"@type":"ListItem","position":1,"name":"Portada","item":"https:\/\/www.sonoraenequipo.com.mx\/"},{"@type":"ListItem","position":2,"name":"HERMOSILLO. Resalta ayuntamiento tradici\u00f3n de Fiestas de la Candelaria en Villa de Seris"}]},{"@type":"WebSite","@id":"https:\/\/www.sonoraenequipo.com.mx\/#website","url":"https:\/\/www.sonoraenequipo.com.mx\/","name":"Sonora en Equipo.","description":"Diario en l\u00ednea con Noticias desde Hermosillo, Sonora","publisher":{"@id":"https:\/\/www.sonoraenequipo.com.mx\/#organization"},"potentialAction":[{"@type":"SearchAction","target":{"@type":"EntryPoint","urlTemplate":"https:\/\/www.sonoraenequipo.com.mx\/?s={search_term_string}"},"query-input":{"@type":"PropertyValueSpecification","valueRequired":true,"valueName":"search_term_string"}}],"inLanguage":"es"},{"@type":"Organization","@id":"https:\/\/www.sonoraenequipo.com.mx\/#organization","name":"Sonoraenequipo.com.mx","url":"https:\/\/www.sonoraenequipo.com.mx\/","logo":{"@type":"ImageObject","inLanguage":"es","@id":"https:\/\/www.sonoraenequipo.com.mx\/#\/schema\/logo\/image\/","url":"https:\/\/www.sonoraenequipo.com.mx\/storage\/2019\/01\/sonoraenequipo_opt.png","contentUrl":"https:\/\/www.sonoraenequipo.com.mx\/storage\/2019\/01\/sonoraenequipo_opt.png","width":375,"height":125,"caption":"Sonoraenequipo.com.mx"},"image":{"@id":"https:\/\/www.sonoraenequipo.com.mx\/#\/schema\/logo\/image\/"},"sameAs":["https:\/\/www.facebook.com\/SonoraEE\/","https:\/\/x.com\/sonoraenequipo","https:\/\/www.youtube.com\/channel\/UC338nW-lPEYmJQs4ZABQ1SQ"]},{"@type":"Person","@id":"https:\/\/www.sonoraenequipo.com.mx\/#\/schema\/person\/50102df0fb23a8fa9e8effad8fa81386","name":"enequipo","image":{"@type":"ImageObject","inLanguage":"es","@id":"https:\/\/www.sonoraenequipo.com.mx\/#\/schema\/person\/image\/","url":"https:\/\/secure.gravatar.com\/avatar\/049821681b589dabc0bc20695993ccebb09f5b5d4d790cd9251b97faac7c652b?s=96&d=blank&r=g","contentUrl":"https:\/\/secure.gravatar.com\/avatar\/049821681b589dabc0bc20695993ccebb09f5b5d4d790cd9251b97faac7c652b?s=96&d=blank&r=g","caption":"enequipo"},"sameAs":["https:\/\/www.facebook.com\/SonoraEE"]}]}},"jetpack_featured_media_url":"https:\/\/www.sonoraenequipo.com.mx\/storage\/2023\/02\/Fiestas-de-la-Candelaria-en-Villa-de-Seris-1-min-min.jpeg","_links":{"self":[{"href":"https:\/\/www.sonoraenequipo.com.mx\/api\/wp\/v2\/posts\/158198","targetHints":{"allow":["GET"]}}],"collection":[{"href":"https:\/\/www.sonoraenequipo.com.mx\/api\/wp\/v2\/posts"}],"about":[{"href":"https:\/\/www.sonoraenequipo.com.mx\/api\/wp\/v2\/types\/post"}],"author":[{"embeddable":true,"href":"https:\/\/www.sonoraenequipo.com.mx\/api\/wp\/v2\/users\/1"}],"replies":[{"embeddable":true,"href":"https:\/\/www.sonoraenequipo.com.mx\/api\/wp\/v2\/comments?post=158198"}],"version-history":[{"count":1,"href":"https:\/\/www.sonoraenequipo.com.mx\/api\/wp\/v2\/posts\/158198\/revisions"}],"predecessor-version":[{"id":158203,"href":"https:\/\/www.sonoraenequipo.com.mx\/api\/wp\/v2\/posts\/158198\/revisions\/158203"}],"wp:featuredmedia":[{"embeddable":true,"href":"https:\/\/www.sonoraenequipo.com.mx\/api\/wp\/v2\/media\/158202"}],"wp:attachment":[{"href":"https:\/\/www.sonoraenequipo.com.mx\/api\/wp\/v2\/media?parent=158198"}],"wp:term":[{"taxonomy":"category","embeddable":true,"href":"https:\/\/www.sonoraenequipo.com.mx\/api\/wp\/v2\/categories?post=158198"},{"taxonomy":"post_tag","embeddable":true,"href":"https:\/\/www.sonoraenequipo.com.mx\/api\/wp\/v2\/tags?post=158198"}],"curies":[{"name":"wp","href":"https:\/\/api.w.org\/{rel}","templated":true}]}}