{"id":158643,"date":"2023-02-09T11:49:56","date_gmt":"2023-02-09T18:49:56","guid":{"rendered":"https:\/\/www.sonoraenequipo.com.mx\/?p=158643"},"modified":"2023-02-09T11:49:56","modified_gmt":"2023-02-09T18:49:56","slug":"zelenskyy-pide-ingreso-de-ucrania-en-la-union-europea","status":"publish","type":"post","link":"https:\/\/www.sonoraenequipo.com.mx\/zelenskyy-pide-ingreso-de-ucrania-en-la-union-europea\/","title":{"rendered":"Zelenskyy pide ingreso de Ucrania en la Uni\u00f3n Europea"},"content":{"rendered":"<p><strong>BRUSELAS B\u00c9LGICA. \u2014 \u00a0<\/strong>El presidente Volodymyr Zelenskyy dijo el jueves que \u201cuna Ucrania que est\u00e1 ganando\u201d deber\u00eda convertirse en miembro de la Uni\u00f3n Europea, y argument\u00f3 que el bloque no estar\u00e1 completo si su pa\u00eds no es parte integral de la UE.<\/p>\n<p>&nbsp;<\/p>\n<p>Zelenskky hizo estos comentarios en un discurso ante el Parlamento Europeo en un viaje poco usual fuera de Ucrania, a casi un a\u00f1o de comenzar la invasi\u00f3n de Rusia.<\/p>\n<p>&nbsp;<\/p>\n<p>La visita a Bruselas coincidi\u00f3 una intensificaci\u00f3n de los ataques rusos en el este de Ucrania y en medio de se\u00f1ales de que Mosc\u00fa puso en marcha una nueva ofensiva antes del aniversario de la guerra el 24 de febrero.<\/p>\n<p>&nbsp;<\/p>\n<p>Zelenskky, quien tambi\u00e9n visit\u00f3 el Reino Unido y Francia en una fugaz gira europea que comenz\u00f3 el mi\u00e9rcoles, regres\u00f3 a casa con muchas expresiones de buena voluntad y compromisos de m\u00e1s ayuda militar.<\/p>\n<p>&nbsp;<\/p>\n<p>Lleg\u00f3 al Parlamento Europeo entre aplausos entusiastas, v\u00edtores y gritos de los legisladores. En su discurso plenario insisti\u00f3 en que la lucha de Ucrania contra Rusia es una lucha por la libertad de toda Europa.<\/p>\n<p>&nbsp;<\/p>\n<p>\u201cUna Ucrania que est\u00e1 ganando ser\u00e1 miembro de la Uni\u00f3n Europea\u201d, dijo Zelenskyy entre aplausos. Agreg\u00f3 que Rusia quiere destruir el estilo de vida europeo, pero \u201cno lo permitiremos\u201d.<\/p>\n<p><strong><em><u>Fecha de publicaci\u00f3n jueves 9 de febrero de 2023 VOA<\/u><\/em><\/strong><\/p>\n","protected":false},"excerpt":{"rendered":"<p>BRUSELAS B\u00c9LGICA. \u2014 \u00a0El presidente Volodymyr Zelenskyy dijo el jueves que \u201cuna Ucrania que est\u00e1&#8230;<\/p>\n","protected":false},"author":1,"featured_media":158644,"comment_status":"open","ping_status":"open","sticky":false,"template":"","format":"standard","meta":{"_monsterinsights_skip_tracking":false,"_monsterinsights_sitenote_active":false,"_monsterinsights_sitenote_note":"","_monsterinsights_sitenote_category":0,"footnotes":""},"categories":[1],"tags":[6843],"class_list":["post"],"yoast_head":" \n<title>Sonora en Equipo. Zelenskyy pide ingreso de Ucrania en la Uni\u00f3n Europea<\/title>\n<meta name=\"description\" content=\"BRUSELAS B\u00c9LGICA. \u2014 \u00a0El presidente Volodymyr Zelenskyy dijo el jueves que \u201cuna Ucrania que est\u00e1 ganando\u201d deber\u00eda convertirse en miembro de la Uni\u00f3n En Sonora en Equipo publicamos toda la informaci\u00f3n de Sonora, M\u00e9xico y el Mundo de manera oportuna y busca que la libertad de expresi\u00f3n sea real. Visita nuestro medio informativo publicado desde Hermosillo, Sonora. %\" \/>\n<meta name=\"robots\" content=\"index, follow, max-snippet:-1, max-image-preview:large, max-video-preview:-1\" \/>\n<link rel=\"canonical\" href=\"https:\/\/www.sonoraenequipo.com.mx\/zelenskyy-pide-ingreso-de-ucrania-en-la-union-europea\/\" \/>\n<meta property=\"og:locale\" content=\"es_ES\" \/>\n<meta property=\"og:type\" content=\"article\" \/>\n<meta property=\"og:title\" content=\"Sonora en Equipo. Zelenskyy pide ingreso de Ucrania en la Uni\u00f3n Europea\" \/>\n<meta property=\"og:description\" content=\"BRUSELAS B\u00c9LGICA. \u2014 \u00a0El presidente Volodymyr Zelenskyy dijo el jueves que \u201cuna Ucrania que est\u00e1 ganando\u201d deber\u00eda convertirse en miembro de la Uni\u00f3n En Sonora en Equipo publicamos toda la informaci\u00f3n de Sonora, M\u00e9xico y el Mundo de manera oportuna y busca que la libertad de expresi\u00f3n sea real. Visita nuestro medio informativo publicado desde Hermosillo, Sonora. %\" \/>\n<meta property=\"og:url\" content=\"https:\/\/www.sonoraenequipo.com.mx\/zelenskyy-pide-ingreso-de-ucrania-en-la-union-europea\/\" \/>\n<meta property=\"og:site_name\" content=\"Sonora en Equipo.\" \/>\n<meta property=\"article:publisher\" content=\"https:\/\/www.facebook.com\/SonoraEE\/\" \/>\n<meta property=\"article:author\" content=\"https:\/\/www.facebook.com\/SonoraEE\" \/>\n<meta property=\"article:published_time\" content=\"2023-02-09T18:49:56+00:00\" \/>\n<meta property=\"og:image\" content=\"https:\/\/www.sonoraenequipo.com.mx\/storage\/2023\/02\/zelenskyy.jpg\" \/>\n\t<meta property=\"og:image:width\" content=\"600\" \/>\n\t<meta property=\"og:image:height\" content=\"400\" \/>\n\t<meta property=\"og:image:type\" content=\"image\/jpeg\" \/>\n<meta name=\"author\" content=\"enequipo\" \/>\n<meta name=\"twitter:card\" content=\"summary_large_image\" \/>\n<meta name=\"twitter:creator\" content=\"@sonoraenequipo\" \/>\n<meta name=\"twitter:site\" content=\"@sonoraenequipo\" \/>\n<meta name=\"twitter:label1\" content=\"Escrito por\" \/>\n\t<meta name=\"twitter:data1\" content=\"enequipo\" \/>\n\t<meta name=\"twitter:label2\" content=\"Tiempo de lectura\" \/>\n\t<meta name=\"twitter:data2\" content=\"1 minuto\" \/>\n<script type=\"application\/ld+json\" class=\"yoast-schema-graph\">{\"@context\":\"https:\/\/schema.org\",\"@graph\":[{\"@type\":\"Article\",\"@id\":\"https:\/\/www.sonoraenequipo.com.mx\/zelenskyy-pide-ingreso-de-ucrania-en-la-union-europea\/#article\",\"isPartOf\":{\"@id\":\"https:\/\/www.sonoraenequipo.com.mx\/zelenskyy-pide-ingreso-de-ucrania-en-la-union-europea\/\"},\"author\":{\"name\":\"enequipo\",\"@id\":\"https:\/\/www.sonoraenequipo.com.mx\/#\/schema\/person\/50102df0fb23a8fa9e8effad8fa81386\"},\"headline\":\"Zelenskyy pide ingreso de Ucrania en la Uni\u00f3n Europea\",\"datePublished\":\"2023-02-09T18:49:56+00:00\",\"mainEntityOfPage\":{\"@id\":\"https:\/\/www.sonoraenequipo.com.mx\/zelenskyy-pide-ingreso-de-ucrania-en-la-union-europea\/\"},\"wordCount\":243,\"commentCount\":0,\"publisher\":{\"@id\":\"https:\/\/www.sonoraenequipo.com.mx\/#organization\"},\"image\":{\"@id\":\"https:\/\/www.sonoraenequipo.com.mx\/zelenskyy-pide-ingreso-de-ucrania-en-la-union-europea\/#primaryimage\"},\"thumbnailUrl\":\"https:\/\/www.sonoraenequipo.com.mx\/storage\/2023\/02\/zelenskyy.jpg\",\"keywords\":[\"guerra rusia ucrania\"],\"articleSection\":[\"Sin categorizar\"],\"inLanguage\":\"es\",\"potentialAction\":[{\"@type\":\"CommentAction\",\"name\":\"Comment\",\"target\":[\"https:\/\/www.sonoraenequipo.com.mx\/zelenskyy-pide-ingreso-de-ucrania-en-la-union-europea\/#respond\"]}]},{\"@type\":\"WebPage\",\"@id\":\"https:\/\/www.sonoraenequipo.com.mx\/zelenskyy-pide-ingreso-de-ucrania-en-la-union-europea\/\",\"url\":\"https:\/\/www.sonoraenequipo.com.mx\/zelenskyy-pide-ingreso-de-ucrania-en-la-union-europea\/\",\"name\":\"Sonora en Equipo. Zelenskyy pide ingreso de Ucrania en la Uni\u00f3n Europea\",\"isPartOf\":{\"@id\":\"https:\/\/www.sonoraenequipo.com.mx\/#website\"},\"primaryImageOfPage\":{\"@id\":\"https:\/\/www.sonoraenequipo.com.mx\/zelenskyy-pide-ingreso-de-ucrania-en-la-union-europea\/#primaryimage\"},\"image\":{\"@id\":\"https:\/\/www.sonoraenequipo.com.mx\/zelenskyy-pide-ingreso-de-ucrania-en-la-union-europea\/#primaryimage\"},\"thumbnailUrl\":\"https:\/\/www.sonoraenequipo.com.mx\/storage\/2023\/02\/zelenskyy.jpg\",\"datePublished\":\"2023-02-09T18:49:56+00:00\",\"description\":\"BRUSELAS B\u00c9LGICA. \u2014 \u00a0El presidente Volodymyr Zelenskyy dijo el jueves que \u201cuna Ucrania que est\u00e1 ganando\u201d deber\u00eda convertirse en miembro de la Uni\u00f3n En Sonora en Equipo publicamos toda la informaci\u00f3n de Sonora, M\u00e9xico y el Mundo de manera oportuna y busca que la libertad de expresi\u00f3n sea real. Visita nuestro medio informativo publicado desde Hermosillo, Sonora. %\",\"breadcrumb\":{\"@id\":\"https:\/\/www.sonoraenequipo.com.mx\/zelenskyy-pide-ingreso-de-ucrania-en-la-union-europea\/#breadcrumb\"},\"inLanguage\":\"es\",\"potentialAction\":[{\"@type\":\"ReadAction\",\"target\":[\"https:\/\/www.sonoraenequipo.com.mx\/zelenskyy-pide-ingreso-de-ucrania-en-la-union-europea\/\"]}]},{\"@type\":\"ImageObject\",\"inLanguage\":\"es\",\"@id\":\"https:\/\/www.sonoraenequipo.com.mx\/zelenskyy-pide-ingreso-de-ucrania-en-la-union-europea\/#primaryimage\",\"url\":\"https:\/\/www.sonoraenequipo.com.mx\/storage\/2023\/02\/zelenskyy.jpg\",\"contentUrl\":\"https:\/\/www.sonoraenequipo.com.mx\/storage\/2023\/02\/zelenskyy.jpg\",\"width\":600,\"height\":400,\"caption\":\"Zelenskyy en el parlamento europeo donde fue recibido con v\u00edtores y aplausos.Imagen Reuters, Archivo\"},{\"@type\":\"BreadcrumbList\",\"@id\":\"https:\/\/www.sonoraenequipo.com.mx\/zelenskyy-pide-ingreso-de-ucrania-en-la-union-europea\/#breadcrumb\",\"itemListElement\":[{\"@type\":\"ListItem\",\"position\":1,\"name\":\"Portada\",\"item\":\"https:\/\/www.sonoraenequipo.com.mx\/\"},{\"@type\":\"ListItem\",\"position\":2,\"name\":\"Zelenskyy pide ingreso de Ucrania en la Uni\u00f3n Europea\"}]},{\"@type\":\"WebSite\",\"@id\":\"https:\/\/www.sonoraenequipo.com.mx\/#website\",\"url\":\"https:\/\/www.sonoraenequipo.com.mx\/\",\"name\":\"Sonora en Equipo.\",\"description\":\"Diario en l\u00ednea con Noticias desde Hermosillo, Sonora\",\"publisher\":{\"@id\":\"https:\/\/www.sonoraenequipo.com.mx\/#organization\"},\"potentialAction\":[{\"@type\":\"SearchAction\",\"target\":{\"@type\":\"EntryPoint\",\"urlTemplate\":\"https:\/\/www.sonoraenequipo.com.mx\/?s={search_term_string}\"},\"query-input\":{\"@type\":\"PropertyValueSpecification\",\"valueRequired\":true,\"valueName\":\"search_term_string\"}}],\"inLanguage\":\"es\"},{\"@type\":\"Organization\",\"@id\":\"https:\/\/www.sonoraenequipo.com.mx\/#organization\",\"name\":\"Sonoraenequipo.com.mx\",\"url\":\"https:\/\/www.sonoraenequipo.com.mx\/\",\"logo\":{\"@type\":\"ImageObject\",\"inLanguage\":\"es\",\"@id\":\"https:\/\/www.sonoraenequipo.com.mx\/#\/schema\/logo\/image\/\",\"url\":\"https:\/\/www.sonoraenequipo.com.mx\/storage\/2019\/01\/sonoraenequipo_opt.png\",\"contentUrl\":\"https:\/\/www.sonoraenequipo.com.mx\/storage\/2019\/01\/sonoraenequipo_opt.png\",\"width\":375,\"height\":125,\"caption\":\"Sonoraenequipo.com.mx\"},\"image\":{\"@id\":\"https:\/\/www.sonoraenequipo.com.mx\/#\/schema\/logo\/image\/\"},\"sameAs\":[\"https:\/\/www.facebook.com\/SonoraEE\/\",\"https:\/\/x.com\/sonoraenequipo\",\"https:\/\/www.youtube.com\/channel\/UC338nW-lPEYmJQs4ZABQ1SQ\"]},{\"@type\":\"Person\",\"@id\":\"https:\/\/www.sonoraenequipo.com.mx\/#\/schema\/person\/50102df0fb23a8fa9e8effad8fa81386\",\"name\":\"enequipo\",\"image\":{\"@type\":\"ImageObject\",\"inLanguage\":\"es\",\"@id\":\"https:\/\/www.sonoraenequipo.com.mx\/#\/schema\/person\/image\/\",\"url\":\"https:\/\/secure.gravatar.com\/avatar\/049821681b589dabc0bc20695993ccebb09f5b5d4d790cd9251b97faac7c652b?s=96&d=blank&r=g\",\"contentUrl\":\"https:\/\/secure.gravatar.com\/avatar\/049821681b589dabc0bc20695993ccebb09f5b5d4d790cd9251b97faac7c652b?s=96&d=blank&r=g\",\"caption\":\"enequipo\"},\"sameAs\":[\"https:\/\/www.facebook.com\/SonoraEE\"]}]}<\/script>\n ","yoast_head_json":{"title":"Sonora en Equipo. Zelenskyy pide ingreso de Ucrania en la Uni\u00f3n Europea","description":"BRUSELAS B\u00c9LGICA. \u2014 \u00a0El presidente Volodymyr Zelenskyy dijo el jueves que \u201cuna Ucrania que est\u00e1 ganando\u201d deber\u00eda convertirse en miembro de la Uni\u00f3n En Sonora en Equipo publicamos toda la informaci\u00f3n de Sonora, M\u00e9xico y el Mundo de manera oportuna y busca que la libertad de expresi\u00f3n sea real. Visita nuestro medio informativo publicado desde Hermosillo, Sonora. %","robots":{"index":"index","follow":"follow","max-snippet":"max-snippet:-1","max-image-preview":"max-image-preview:large","max-video-preview":"max-video-preview:-1"},"canonical":"https:\/\/www.sonoraenequipo.com.mx\/zelenskyy-pide-ingreso-de-ucrania-en-la-union-europea\/","og_locale":"es_ES","og_type":"article","og_title":"Sonora en Equipo. Zelenskyy pide ingreso de Ucrania en la Uni\u00f3n Europea","og_description":"BRUSELAS B\u00c9LGICA. \u2014 \u00a0El presidente Volodymyr Zelenskyy dijo el jueves que \u201cuna Ucrania que est\u00e1 ganando\u201d deber\u00eda convertirse en miembro de la Uni\u00f3n En Sonora en Equipo publicamos toda la informaci\u00f3n de Sonora, M\u00e9xico y el Mundo de manera oportuna y busca que la libertad de expresi\u00f3n sea real. Visita nuestro medio informativo publicado desde Hermosillo, Sonora. %","og_url":"https:\/\/www.sonoraenequipo.com.mx\/zelenskyy-pide-ingreso-de-ucrania-en-la-union-europea\/","og_site_name":"Sonora en Equipo.","article_publisher":"https:\/\/www.facebook.com\/SonoraEE\/","article_author":"https:\/\/www.facebook.com\/SonoraEE","article_published_time":"2023-02-09T18:49:56+00:00","og_image":[{"width":600,"height":400,"url":"https:\/\/www.sonoraenequipo.com.mx\/storage\/2023\/02\/zelenskyy.jpg","type":"image\/jpeg"}],"author":"enequipo","twitter_card":"summary_large_image","twitter_creator":"@sonoraenequipo","twitter_site":"@sonoraenequipo","twitter_misc":{"Escrito por":"enequipo","Tiempo de lectura":"1 minuto"},"schema":{"@context":"https:\/\/schema.org","@graph":[{"@type":"Article","@id":"https:\/\/www.sonoraenequipo.com.mx\/zelenskyy-pide-ingreso-de-ucrania-en-la-union-europea\/#article","isPartOf":{"@id":"https:\/\/www.sonoraenequipo.com.mx\/zelenskyy-pide-ingreso-de-ucrania-en-la-union-europea\/"},"author":{"name":"enequipo","@id":"https:\/\/www.sonoraenequipo.com.mx\/#\/schema\/person\/50102df0fb23a8fa9e8effad8fa81386"},"headline":"Zelenskyy pide ingreso de Ucrania en la Uni\u00f3n Europea","datePublished":"2023-02-09T18:49:56+00:00","mainEntityOfPage":{"@id":"https:\/\/www.sonoraenequipo.com.mx\/zelenskyy-pide-ingreso-de-ucrania-en-la-union-europea\/"},"wordCount":243,"commentCount":0,"publisher":{"@id":"https:\/\/www.sonoraenequipo.com.mx\/#organization"},"image":{"@id":"https:\/\/www.sonoraenequipo.com.mx\/zelenskyy-pide-ingreso-de-ucrania-en-la-union-europea\/#primaryimage"},"thumbnailUrl":"https:\/\/www.sonoraenequipo.com.mx\/storage\/2023\/02\/zelenskyy.jpg","keywords":["guerra rusia ucrania"],"articleSection":["Sin categorizar"],"inLanguage":"es","potentialAction":[{"@type":"CommentAction","name":"Comment","target":["https:\/\/www.sonoraenequipo.com.mx\/zelenskyy-pide-ingreso-de-ucrania-en-la-union-europea\/#respond"]}]},{"@type":"WebPage","@id":"https:\/\/www.sonoraenequipo.com.mx\/zelenskyy-pide-ingreso-de-ucrania-en-la-union-europea\/","url":"https:\/\/www.sonoraenequipo.com.mx\/zelenskyy-pide-ingreso-de-ucrania-en-la-union-europea\/","name":"Sonora en Equipo. Zelenskyy pide ingreso de Ucrania en la Uni\u00f3n Europea","isPartOf":{"@id":"https:\/\/www.sonoraenequipo.com.mx\/#website"},"primaryImageOfPage":{"@id":"https:\/\/www.sonoraenequipo.com.mx\/zelenskyy-pide-ingreso-de-ucrania-en-la-union-europea\/#primaryimage"},"image":{"@id":"https:\/\/www.sonoraenequipo.com.mx\/zelenskyy-pide-ingreso-de-ucrania-en-la-union-europea\/#primaryimage"},"thumbnailUrl":"https:\/\/www.sonoraenequipo.com.mx\/storage\/2023\/02\/zelenskyy.jpg","datePublished":"2023-02-09T18:49:56+00:00","description":"BRUSELAS B\u00c9LGICA. \u2014 \u00a0El presidente Volodymyr Zelenskyy dijo el jueves que \u201cuna Ucrania que est\u00e1 ganando\u201d deber\u00eda convertirse en miembro de la Uni\u00f3n En Sonora en Equipo publicamos toda la informaci\u00f3n de Sonora, M\u00e9xico y el Mundo de manera oportuna y busca que la libertad de expresi\u00f3n sea real. Visita nuestro medio informativo publicado desde Hermosillo, Sonora. %","breadcrumb":{"@id":"https:\/\/www.sonoraenequipo.com.mx\/zelenskyy-pide-ingreso-de-ucrania-en-la-union-europea\/#breadcrumb"},"inLanguage":"es","potentialAction":[{"@type":"ReadAction","target":["https:\/\/www.sonoraenequipo.com.mx\/zelenskyy-pide-ingreso-de-ucrania-en-la-union-europea\/"]}]},{"@type":"ImageObject","inLanguage":"es","@id":"https:\/\/www.sonoraenequipo.com.mx\/zelenskyy-pide-ingreso-de-ucrania-en-la-union-europea\/#primaryimage","url":"https:\/\/www.sonoraenequipo.com.mx\/storage\/2023\/02\/zelenskyy.jpg","contentUrl":"https:\/\/www.sonoraenequipo.com.mx\/storage\/2023\/02\/zelenskyy.jpg","width":600,"height":400,"caption":"Zelenskyy en el parlamento europeo donde fue recibido con v\u00edtores y aplausos.Imagen Reuters, Archivo"},{"@type":"BreadcrumbList","@id":"https:\/\/www.sonoraenequipo.com.mx\/zelenskyy-pide-ingreso-de-ucrania-en-la-union-europea\/#breadcrumb","itemListElement":[{"@type":"ListItem","position":1,"name":"Portada","item":"https:\/\/www.sonoraenequipo.com.mx\/"},{"@type":"ListItem","position":2,"name":"Zelenskyy pide ingreso de Ucrania en la Uni\u00f3n Europea"}]},{"@type":"WebSite","@id":"https:\/\/www.sonoraenequipo.com.mx\/#website","url":"https:\/\/www.sonoraenequipo.com.mx\/","name":"Sonora en Equipo.","description":"Diario en l\u00ednea con Noticias desde Hermosillo, Sonora","publisher":{"@id":"https:\/\/www.sonoraenequipo.com.mx\/#organization"},"potentialAction":[{"@type":"SearchAction","target":{"@type":"EntryPoint","urlTemplate":"https:\/\/www.sonoraenequipo.com.mx\/?s={search_term_string}"},"query-input":{"@type":"PropertyValueSpecification","valueRequired":true,"valueName":"search_term_string"}}],"inLanguage":"es"},{"@type":"Organization","@id":"https:\/\/www.sonoraenequipo.com.mx\/#organization","name":"Sonoraenequipo.com.mx","url":"https:\/\/www.sonoraenequipo.com.mx\/","logo":{"@type":"ImageObject","inLanguage":"es","@id":"https:\/\/www.sonoraenequipo.com.mx\/#\/schema\/logo\/image\/","url":"https:\/\/www.sonoraenequipo.com.mx\/storage\/2019\/01\/sonoraenequipo_opt.png","contentUrl":"https:\/\/www.sonoraenequipo.com.mx\/storage\/2019\/01\/sonoraenequipo_opt.png","width":375,"height":125,"caption":"Sonoraenequipo.com.mx"},"image":{"@id":"https:\/\/www.sonoraenequipo.com.mx\/#\/schema\/logo\/image\/"},"sameAs":["https:\/\/www.facebook.com\/SonoraEE\/","https:\/\/x.com\/sonoraenequipo","https:\/\/www.youtube.com\/channel\/UC338nW-lPEYmJQs4ZABQ1SQ"]},{"@type":"Person","@id":"https:\/\/www.sonoraenequipo.com.mx\/#\/schema\/person\/50102df0fb23a8fa9e8effad8fa81386","name":"enequipo","image":{"@type":"ImageObject","inLanguage":"es","@id":"https:\/\/www.sonoraenequipo.com.mx\/#\/schema\/person\/image\/","url":"https:\/\/secure.gravatar.com\/avatar\/049821681b589dabc0bc20695993ccebb09f5b5d4d790cd9251b97faac7c652b?s=96&d=blank&r=g","contentUrl":"https:\/\/secure.gravatar.com\/avatar\/049821681b589dabc0bc20695993ccebb09f5b5d4d790cd9251b97faac7c652b?s=96&d=blank&r=g","caption":"enequipo"},"sameAs":["https:\/\/www.facebook.com\/SonoraEE"]}]}},"jetpack_featured_media_url":"https:\/\/www.sonoraenequipo.com.mx\/storage\/2023\/02\/zelenskyy.jpg","_links":{"self":[{"href":"https:\/\/www.sonoraenequipo.com.mx\/api\/wp\/v2\/posts\/158643","targetHints":{"allow":["GET"]}}],"collection":[{"href":"https:\/\/www.sonoraenequipo.com.mx\/api\/wp\/v2\/posts"}],"about":[{"href":"https:\/\/www.sonoraenequipo.com.mx\/api\/wp\/v2\/types\/post"}],"author":[{"embeddable":true,"href":"https:\/\/www.sonoraenequipo.com.mx\/api\/wp\/v2\/users\/1"}],"replies":[{"embeddable":true,"href":"https:\/\/www.sonoraenequipo.com.mx\/api\/wp\/v2\/comments?post=158643"}],"version-history":[{"count":1,"href":"https:\/\/www.sonoraenequipo.com.mx\/api\/wp\/v2\/posts\/158643\/revisions"}],"predecessor-version":[{"id":158645,"href":"https:\/\/www.sonoraenequipo.com.mx\/api\/wp\/v2\/posts\/158643\/revisions\/158645"}],"wp:featuredmedia":[{"embeddable":true,"href":"https:\/\/www.sonoraenequipo.com.mx\/api\/wp\/v2\/media\/158644"}],"wp:attachment":[{"href":"https:\/\/www.sonoraenequipo.com.mx\/api\/wp\/v2\/media?parent=158643"}],"wp:term":[{"taxonomy":"category","embeddable":true,"href":"https:\/\/www.sonoraenequipo.com.mx\/api\/wp\/v2\/categories?post=158643"},{"taxonomy":"post_tag","embeddable":true,"href":"https:\/\/www.sonoraenequipo.com.mx\/api\/wp\/v2\/tags?post=158643"}],"curies":[{"name":"wp","href":"https:\/\/api.w.org\/{rel}","templated":true}]}}