{"id":158696,"date":"2023-02-09T09:30:39","date_gmt":"2023-02-09T16:30:39","guid":{"rendered":"https:\/\/www.sonoraenequipo.com.mx\/?p=158696"},"modified":"2023-02-09T20:32:21","modified_gmt":"2023-02-10T03:32:21","slug":"marta-julia-lorenzana-se-declarara-culpable-de-narcotrafico-en-ee-uu","status":"publish","type":"post","link":"https:\/\/www.sonoraenequipo.com.mx\/marta-julia-lorenzana-se-declarara-culpable-de-narcotrafico-en-ee-uu\/","title":{"rendered":"Marta Julia Lorenzana se declarar\u00e1 culpable de narcotr\u00e1fico en EE. UU."},"content":{"rendered":"<p><strong>ESTADOS UNIDOS. \u2014<\/strong> Hasta su captura a pedido de Estados Unidos, el 30 de abril de 2021, Marta Julia Lorenzana Cord\u00f3n (de 46 a\u00f1os) no hab\u00eda sido vinculada p\u00fablicamente a hechos espec\u00edficos de violencia o narcotr\u00e1fico en el expediente del proceso contra sus hermanos Eli\u00fa y Waldemar y su padre Waldemar Lorenzana Lima.<\/p>\n<p>&nbsp;<\/p>\n<p> <\/p>\n<p>Para el d\u00eda de su extradici\u00f3n, el 10 de diciembre de 2021, hab\u00eda sido \u00fanicamente identificada como miembro de una red de negocios de sus hermanos y padre vinculada al mexicano Cartel de Sinaloa, por el Departamento del Tesoro de los EE. UU. en 2012 (adem\u00e1s de que en 2014 se cas\u00f3 con el narcotraficante Jairo Orellana, tambi\u00e9n extraditado). Desde que lleg\u00f3 a una c\u00e1rcel estadounidense, la procesada se declar\u00f3 no culpable. Eso cambi\u00f3 el 2 de febrero pasado, cuando su defensa envi\u00f3 un memorial (documento n\u00famero 40 del expediente) a la corte manifestando la intenci\u00f3n de la procesada de cambiar su declaraci\u00f3n a \u201cculpable de los cargos\u201d, que confirmar\u00e1 en persona en una audiencia programada para el 7 de marzo pr\u00f3ximo.<\/p>\n<p>&nbsp;<\/p>\n<p>Declararse culpable le evita a Lorenzana Cord\u00f3n ir a juicio con un jurado (una docena de ciudadanos elegidos al azar que deciden si la persona procesada es culpable o no, con base en la informaci\u00f3n que proporcionan la fiscal\u00eda y la defensa). Sin embargo, estar\u00e1 a merced de la sentencia que la jueza Colleen Kollar-Kotelly le dicte. Es la misma jueza que conden\u00f3 a cadena perpetua a sus hermanos Eli\u00fa y Waldemar Lorenzana Cord\u00f3n en 2019, quienes se hab\u00edan declarado no culpables, y que conden\u00f3 a 23 a\u00f1os de c\u00e1rcel al padre, quien se declar\u00f3 culpable pocos meses despu\u00e9s extraditado, y falleci\u00f3 en febrero de 2021 cuando hab\u00eda cumplido diez a\u00f1os de la condena.<\/p>\n<p>&nbsp;<\/p>\n<p>En el sistema judicial estadounidense, la admisi\u00f3n de culpabilidad implica la colaboraci\u00f3n de la persona procesada con la fiscal\u00eda, para proporcionar informaci\u00f3n que le permita capturar a otros c\u00f3mplices, a cambio de una posible reducci\u00f3n en la condena de c\u00e1rcel. Seg\u00fan las autoridades estadounidenses, todav\u00eda hay \u201csupuestos miembros\u201d de la organizaci\u00f3n Lorenzana que permanecen pr\u00f3fugos. No los identifican por nombre. Sin embargo, un hermano de la procesada, Ovaldino Lorenzana Cord\u00f3n, identificado tambi\u00e9n en 2012 como miembro de la organizaci\u00f3n Lorenzana de narcotr\u00e1fico, permanece en libertad. Ninguna autoridad guatemalteca ha se\u00f1alado que tiene orden de captura.<\/p>\n<p>&nbsp;<\/p>\n<h3>\nLa acusaci\u00f3n<\/h3>\n<p>&nbsp;<\/p>\n<p>Un documento fechado el 13 de diciembre de 2021, dos d\u00edas despu\u00e9s de la extradici\u00f3n de Marta Julia Lorenzana Cord\u00f3n (y su hermano Haroldo, capturado en 2019), revelaba que le segu\u00edan la pista desde al menos 2008. Entre ese a\u00f1o y 2019, las autoridades la consideraban responsable de \u201ccoordinar la log\u00edstica de recibir, distribuir y almacenar cargamentos de coca\u00edna enviados desde Sudam\u00e9rica a Guatemala\u201d, para su eventual importaci\u00f3n a Estados Unidos, adem\u00e1s de haber \u201cdemostrado la habilidad de facilitar transacciones con grandes sumas de dinero en efectivo\u201d.<\/p>\n<p>&nbsp;<\/p>\n<p>Seg\u00fan las autoridades estadounidenses, ella manej\u00f3 las operaciones de trasiego mientras su padre y tres de sus hermanos (Eli\u00fa, Waldemar y Haroldo) fueron capturados en 2011, 2013 y 2019. Marta Julia fue capturada dos a\u00f1os despu\u00e9s en Zacapa. Mientras esperaba su traslado a la capital a bordo de una patrulla de la Polic\u00eda Nacional Civil (PNC), su hermano Ovaldino fue fotografiado a la par del veh\u00edculo, en libertad. D\u00edas despu\u00e9s, una fuente de la PNC dir\u00eda que s\u00f3lo llevaban la orden de captura para ella.<\/p>\n<p>&nbsp;<\/p>\n<p>El documento de diciembre pasado, del expediente en EE. UU., informaba que la organizaci\u00f3n de los Lorenzana usaba violencia para mantener su poder sobre otros grupos de narcotr\u00e1fico, y que la fiscal\u00eda que llevaba el caso tambi\u00e9n \u201cten\u00eda evidencia que personalmente implicaba a la procesada en actos de violencia, incluyendo asesinato\u201d. Aquello era una lista de argumentos para pedir a la corte de Kollar-Kotelly, en el Distrito de Columbia, que Marta Julia Lorenzana Cord\u00f3n guardara prisi\u00f3n mientras iniciaba su juicio porque le esperaba una pena m\u00ednima de 10 a\u00f1os de c\u00e1rcel y una m\u00e1xima de al menos 30 a\u00f1os, y tendr\u00eda suficientes motivos para huir. La solicitud fue firmada por el fiscal Arthur Wyatt, jefe de la Divisi\u00f3n Criminal de la Secci\u00f3n de Narc\u00f3ticos y Drogas Peligrosas en el Departamento de Justicia.<\/p>\n<p>&nbsp;<\/p>\n<p>\u201cLa evidencia en el juicio (dec\u00eda el fiscal, antes que Lorenzana Cord\u00f3n se declarara culpable) incluir\u00e1 el testimonio de testigos cooperantes que se comunicaban directamente con la procesada para coordinar actividades relacionadas con el narcotr\u00e1fico, y detalles contables de los cargamentos (movimientos de droga y dinero)\u201d, indica el documento firmado por Wyatt. Se refer\u00eda a un registro escrito del cual estaban encargados los testigos cooperantes que describen el papel de la procesada en la organizaci\u00f3n de narcotr\u00e1fico, as\u00ed como a comunicaciones interceptadas de mensajes de texto.<\/p>\n<p>&nbsp;<\/p>\n<p>Despu\u00e9s que la jueza Kollar-Kotelly escuche a Marta Julia Lorenzana Cord\u00f3n declararse culpable el 7 de marzo, fijar\u00e1 otra fecha para dictarle una sentencia de c\u00e1rcel con base en la recomendaci\u00f3n de la fiscal\u00eda. Marta Julia Lorenzana se declarar\u00e1 culpable de narcotr\u00e1fico en EE. UU.<\/p>\n<p>&nbsp;<\/p>\n<h3>\nLa captura y extradici\u00f3n<\/h3>\n<p>La acusaci\u00f3n contra Marta Julia Lorenzana Cord\u00f3n data del 23 de julio de 2020 por cargos relacionados con el narcotr\u00e1fico, y se sustent\u00f3 en una investigaci\u00f3n de la Agencia Antidrogas de EE. UU. (DEA, por sus siglas en ingl\u00e9s). La investigaci\u00f3n determin\u00f3, como en el caso de los dem\u00e1s hermanos Lorenzana Cord\u00f3n, que la coca\u00edna era almacenada en sus propiedades.<\/p>\n<p>&nbsp;<\/p>\n<p>Las autoridades estadounidenses la describ\u00edan como una \u201csupuesta integrante de una influyente organizaci\u00f3n del narcotr\u00e1fico de gran escala en Guatemala\u201d que envi\u00f3 m\u00faltiples toneladas de coca\u00edna hacia los Estado Unidos, y a la que segu\u00edan la pista desde 1996. Adem\u00e1s, se\u00f1alaban que para garantizar su \u201c\u00e9xito y dominio\u201d en el trasiego de drogas, la organizaci\u00f3n de narcotr\u00e1fico de los Lorenzana \u201cdepend\u00eda de actos de corrupci\u00f3n gubernamental y violencia\u201d.<\/p>\n<p>&nbsp;<\/p>\n<p>&nbsp;<\/p>\n<p>El Departamento de Justicia de los EE. UU. solicit\u00f3 a Guatemala la captura y extradici\u00f3n de Marta Julia Lorenzana Cord\u00f3n el 3 de febrero de 2021. La orden de captura fue emitida luego de seis d\u00edas, seg\u00fan el expediente. La PNC la captur\u00f3 casi tres meses despu\u00e9s en Zacapa.<\/p>\n<p>&nbsp;<\/p>\n<p>&nbsp;<\/p>\n<p>La procesada en un principio era defendida por Robert Feitel, que en 2019 represent\u00f3 al expresidenciable Mario Estrada, capturado ese a\u00f1o por narcotr\u00e1fico en Miami, y condenado en una corte de Nueva York por ese delito. Feitel tambi\u00e9n represent\u00f3 a Jos\u00e9 \u201cChe\u201d Manuel L\u00f3pez, a quien EE. UU. identific\u00f3 como un prominente narcotraficante de Chiquimula, detenido en 2017, procesado en Miami, y excarcelado cuatro a\u00f1os despu\u00e9s.<\/p>\n<p>&nbsp;<\/p>\n<p>Para 2022, Lorenzana Cord\u00f3n prescindi\u00f3 de Feitel, y ahora la representan dos abogados de la defensa p\u00fablica, Jos\u00e9 German y Kathryn D\u2019Adamo Guevara, cuyo historial no incluye la defensa de acusados por narcotr\u00e1fico.<\/p>\n<p>&nbsp;<\/p>\n<p>&nbsp;<\/p>\n<p>PUBLICADO EL 09\/FEBRERO\/2023\/Julie L\u00f3pez\/Prensa Libre)<\/p>\n","protected":false},"excerpt":{"rendered":"<p>ESTADOS UNIDOS. \u2014 Hasta su captura a pedido de Estados Unidos, el 30 de abril&#8230;<\/p>\n","protected":false},"author":1,"featured_media":158697,"comment_status":"open","ping_status":"open","sticky":false,"template":"","format":"standard","meta":{"_monsterinsights_skip_tracking":false,"_monsterinsights_sitenote_active":false,"_monsterinsights_sitenote_note":"","_monsterinsights_sitenote_category":0,"footnotes":""},"categories":[3],"tags":[],"class_list":["post"],"yoast_head":" \n<title>Sonora en Equipo. Marta Julia Lorenzana se declarar\u00e1 culpable de narcotr\u00e1fico en EE. UU. MUNDO<\/title>\n<meta name=\"description\" content=\"ESTADOS UNIDOS. \u2014 Hasta su captura a pedido de Estados Unidos, el 30 de abril de 2021, Marta Julia Lorenzana Cord\u00f3n (de 46 a\u00f1os) no hab\u00eda sido vinculada En Sonora en Equipo publicamos toda la informaci\u00f3n de Sonora, M\u00e9xico y el Mundo de manera oportuna y busca que la libertad de expresi\u00f3n sea real. Visita nuestro medio informativo publicado desde Hermosillo, Sonora. %\" \/>\n<meta name=\"robots\" content=\"index, follow, max-snippet:-1, max-image-preview:large, max-video-preview:-1\" \/>\n<link rel=\"canonical\" href=\"https:\/\/www.sonoraenequipo.com.mx\/marta-julia-lorenzana-se-declarara-culpable-de-narcotrafico-en-ee-uu\/\" \/>\n<meta property=\"og:locale\" content=\"es_ES\" \/>\n<meta property=\"og:type\" content=\"article\" \/>\n<meta property=\"og:title\" content=\"Sonora en Equipo. Marta Julia Lorenzana se declarar\u00e1 culpable de narcotr\u00e1fico en EE. UU. MUNDO\" \/>\n<meta property=\"og:description\" content=\"ESTADOS UNIDOS. \u2014 Hasta su captura a pedido de Estados Unidos, el 30 de abril de 2021, Marta Julia Lorenzana Cord\u00f3n (de 46 a\u00f1os) no hab\u00eda sido vinculada En Sonora en Equipo publicamos toda la informaci\u00f3n de Sonora, M\u00e9xico y el Mundo de manera oportuna y busca que la libertad de expresi\u00f3n sea real. Visita nuestro medio informativo publicado desde Hermosillo, Sonora. %\" \/>\n<meta property=\"og:url\" content=\"https:\/\/www.sonoraenequipo.com.mx\/marta-julia-lorenzana-se-declarara-culpable-de-narcotrafico-en-ee-uu\/\" \/>\n<meta property=\"og:site_name\" content=\"Sonora en Equipo.\" \/>\n<meta property=\"article:publisher\" content=\"https:\/\/www.facebook.com\/SonoraEE\/\" \/>\n<meta property=\"article:author\" content=\"https:\/\/www.facebook.com\/SonoraEE\" \/>\n<meta property=\"article:published_time\" content=\"2023-02-09T16:30:39+00:00\" \/>\n<meta property=\"article:modified_time\" content=\"2023-02-10T03:32:21+00:00\" \/>\n<meta property=\"og:image\" content=\"https:\/\/www.sonoraenequipo.com.mx\/storage\/2023\/02\/marta-julia-lorenzana2-min.jpg\" \/>\n\t<meta property=\"og:image:width\" content=\"900\" \/>\n\t<meta property=\"og:image:height\" content=\"508\" \/>\n\t<meta property=\"og:image:type\" content=\"image\/jpeg\" \/>\n<meta name=\"author\" content=\"enequipo\" \/>\n<meta name=\"twitter:card\" content=\"summary_large_image\" \/>\n<meta name=\"twitter:creator\" content=\"@sonoraenequipo\" \/>\n<meta name=\"twitter:site\" content=\"@sonoraenequipo\" \/>\n<meta name=\"twitter:label1\" content=\"Escrito por\" \/>\n\t<meta name=\"twitter:data1\" content=\"enequipo\" \/>\n\t<meta name=\"twitter:label2\" content=\"Tiempo de lectura\" \/>\n\t<meta name=\"twitter:data2\" content=\"6 minutos\" \/>\n<script type=\"application\/ld+json\" class=\"yoast-schema-graph\">{\"@context\":\"https:\/\/schema.org\",\"@graph\":[{\"@type\":\"Article\",\"@id\":\"https:\/\/www.sonoraenequipo.com.mx\/marta-julia-lorenzana-se-declarara-culpable-de-narcotrafico-en-ee-uu\/#article\",\"isPartOf\":{\"@id\":\"https:\/\/www.sonoraenequipo.com.mx\/marta-julia-lorenzana-se-declarara-culpable-de-narcotrafico-en-ee-uu\/\"},\"author\":{\"name\":\"enequipo\",\"@id\":\"https:\/\/www.sonoraenequipo.com.mx\/#\/schema\/person\/50102df0fb23a8fa9e8effad8fa81386\"},\"headline\":\"Marta Julia Lorenzana se declarar\u00e1 culpable de narcotr\u00e1fico en EE. UU.\",\"datePublished\":\"2023-02-09T16:30:39+00:00\",\"dateModified\":\"2023-02-10T03:32:21+00:00\",\"mainEntityOfPage\":{\"@id\":\"https:\/\/www.sonoraenequipo.com.mx\/marta-julia-lorenzana-se-declarara-culpable-de-narcotrafico-en-ee-uu\/\"},\"wordCount\":1233,\"commentCount\":0,\"publisher\":{\"@id\":\"https:\/\/www.sonoraenequipo.com.mx\/#organization\"},\"image\":{\"@id\":\"https:\/\/www.sonoraenequipo.com.mx\/marta-julia-lorenzana-se-declarara-culpable-de-narcotrafico-en-ee-uu\/#primaryimage\"},\"thumbnailUrl\":\"https:\/\/www.sonoraenequipo.com.mx\/storage\/2023\/02\/marta-julia-lorenzana2-min.jpg\",\"articleSection\":[\"MUNDO\"],\"inLanguage\":\"es\",\"potentialAction\":[{\"@type\":\"CommentAction\",\"name\":\"Comment\",\"target\":[\"https:\/\/www.sonoraenequipo.com.mx\/marta-julia-lorenzana-se-declarara-culpable-de-narcotrafico-en-ee-uu\/#respond\"]}]},{\"@type\":\"WebPage\",\"@id\":\"https:\/\/www.sonoraenequipo.com.mx\/marta-julia-lorenzana-se-declarara-culpable-de-narcotrafico-en-ee-uu\/\",\"url\":\"https:\/\/www.sonoraenequipo.com.mx\/marta-julia-lorenzana-se-declarara-culpable-de-narcotrafico-en-ee-uu\/\",\"name\":\"Sonora en Equipo. Marta Julia Lorenzana se declarar\u00e1 culpable de narcotr\u00e1fico en EE. UU. MUNDO\",\"isPartOf\":{\"@id\":\"https:\/\/www.sonoraenequipo.com.mx\/#website\"},\"primaryImageOfPage\":{\"@id\":\"https:\/\/www.sonoraenequipo.com.mx\/marta-julia-lorenzana-se-declarara-culpable-de-narcotrafico-en-ee-uu\/#primaryimage\"},\"image\":{\"@id\":\"https:\/\/www.sonoraenequipo.com.mx\/marta-julia-lorenzana-se-declarara-culpable-de-narcotrafico-en-ee-uu\/#primaryimage\"},\"thumbnailUrl\":\"https:\/\/www.sonoraenequipo.com.mx\/storage\/2023\/02\/marta-julia-lorenzana2-min.jpg\",\"datePublished\":\"2023-02-09T16:30:39+00:00\",\"dateModified\":\"2023-02-10T03:32:21+00:00\",\"description\":\"ESTADOS UNIDOS. \u2014 Hasta su captura a pedido de Estados Unidos, el 30 de abril de 2021, Marta Julia Lorenzana Cord\u00f3n (de 46 a\u00f1os) no hab\u00eda sido vinculada En Sonora en Equipo publicamos toda la informaci\u00f3n de Sonora, M\u00e9xico y el Mundo de manera oportuna y busca que la libertad de expresi\u00f3n sea real. Visita nuestro medio informativo publicado desde Hermosillo, Sonora. %\",\"breadcrumb\":{\"@id\":\"https:\/\/www.sonoraenequipo.com.mx\/marta-julia-lorenzana-se-declarara-culpable-de-narcotrafico-en-ee-uu\/#breadcrumb\"},\"inLanguage\":\"es\",\"potentialAction\":[{\"@type\":\"ReadAction\",\"target\":[\"https:\/\/www.sonoraenequipo.com.mx\/marta-julia-lorenzana-se-declarara-culpable-de-narcotrafico-en-ee-uu\/\"]}]},{\"@type\":\"ImageObject\",\"inLanguage\":\"es\",\"@id\":\"https:\/\/www.sonoraenequipo.com.mx\/marta-julia-lorenzana-se-declarara-culpable-de-narcotrafico-en-ee-uu\/#primaryimage\",\"url\":\"https:\/\/www.sonoraenequipo.com.mx\/storage\/2023\/02\/marta-julia-lorenzana2-min.jpg\",\"contentUrl\":\"https:\/\/www.sonoraenequipo.com.mx\/storage\/2023\/02\/marta-julia-lorenzana2-min.jpg\",\"width\":900,\"height\":508},{\"@type\":\"BreadcrumbList\",\"@id\":\"https:\/\/www.sonoraenequipo.com.mx\/marta-julia-lorenzana-se-declarara-culpable-de-narcotrafico-en-ee-uu\/#breadcrumb\",\"itemListElement\":[{\"@type\":\"ListItem\",\"position\":1,\"name\":\"Portada\",\"item\":\"https:\/\/www.sonoraenequipo.com.mx\/\"},{\"@type\":\"ListItem\",\"position\":2,\"name\":\"Marta Julia Lorenzana se declarar\u00e1 culpable de narcotr\u00e1fico en EE. UU.\"}]},{\"@type\":\"WebSite\",\"@id\":\"https:\/\/www.sonoraenequipo.com.mx\/#website\",\"url\":\"https:\/\/www.sonoraenequipo.com.mx\/\",\"name\":\"Sonora en Equipo.\",\"description\":\"Diario en l\u00ednea con Noticias desde Hermosillo, Sonora\",\"publisher\":{\"@id\":\"https:\/\/www.sonoraenequipo.com.mx\/#organization\"},\"potentialAction\":[{\"@type\":\"SearchAction\",\"target\":{\"@type\":\"EntryPoint\",\"urlTemplate\":\"https:\/\/www.sonoraenequipo.com.mx\/?s={search_term_string}\"},\"query-input\":{\"@type\":\"PropertyValueSpecification\",\"valueRequired\":true,\"valueName\":\"search_term_string\"}}],\"inLanguage\":\"es\"},{\"@type\":\"Organization\",\"@id\":\"https:\/\/www.sonoraenequipo.com.mx\/#organization\",\"name\":\"Sonoraenequipo.com.mx\",\"url\":\"https:\/\/www.sonoraenequipo.com.mx\/\",\"logo\":{\"@type\":\"ImageObject\",\"inLanguage\":\"es\",\"@id\":\"https:\/\/www.sonoraenequipo.com.mx\/#\/schema\/logo\/image\/\",\"url\":\"https:\/\/www.sonoraenequipo.com.mx\/storage\/2019\/01\/sonoraenequipo_opt.png\",\"contentUrl\":\"https:\/\/www.sonoraenequipo.com.mx\/storage\/2019\/01\/sonoraenequipo_opt.png\",\"width\":375,\"height\":125,\"caption\":\"Sonoraenequipo.com.mx\"},\"image\":{\"@id\":\"https:\/\/www.sonoraenequipo.com.mx\/#\/schema\/logo\/image\/\"},\"sameAs\":[\"https:\/\/www.facebook.com\/SonoraEE\/\",\"https:\/\/x.com\/sonoraenequipo\",\"https:\/\/www.youtube.com\/channel\/UC338nW-lPEYmJQs4ZABQ1SQ\"]},{\"@type\":\"Person\",\"@id\":\"https:\/\/www.sonoraenequipo.com.mx\/#\/schema\/person\/50102df0fb23a8fa9e8effad8fa81386\",\"name\":\"enequipo\",\"image\":{\"@type\":\"ImageObject\",\"inLanguage\":\"es\",\"@id\":\"https:\/\/www.sonoraenequipo.com.mx\/#\/schema\/person\/image\/\",\"url\":\"https:\/\/secure.gravatar.com\/avatar\/049821681b589dabc0bc20695993ccebb09f5b5d4d790cd9251b97faac7c652b?s=96&d=blank&r=g\",\"contentUrl\":\"https:\/\/secure.gravatar.com\/avatar\/049821681b589dabc0bc20695993ccebb09f5b5d4d790cd9251b97faac7c652b?s=96&d=blank&r=g\",\"caption\":\"enequipo\"},\"sameAs\":[\"https:\/\/www.facebook.com\/SonoraEE\"]}]}<\/script>\n ","yoast_head_json":{"title":"Sonora en Equipo. Marta Julia Lorenzana se declarar\u00e1 culpable de narcotr\u00e1fico en EE. UU. MUNDO","description":"ESTADOS UNIDOS. \u2014 Hasta su captura a pedido de Estados Unidos, el 30 de abril de 2021, Marta Julia Lorenzana Cord\u00f3n (de 46 a\u00f1os) no hab\u00eda sido vinculada En Sonora en Equipo publicamos toda la informaci\u00f3n de Sonora, M\u00e9xico y el Mundo de manera oportuna y busca que la libertad de expresi\u00f3n sea real. Visita nuestro medio informativo publicado desde Hermosillo, Sonora. %","robots":{"index":"index","follow":"follow","max-snippet":"max-snippet:-1","max-image-preview":"max-image-preview:large","max-video-preview":"max-video-preview:-1"},"canonical":"https:\/\/www.sonoraenequipo.com.mx\/marta-julia-lorenzana-se-declarara-culpable-de-narcotrafico-en-ee-uu\/","og_locale":"es_ES","og_type":"article","og_title":"Sonora en Equipo. Marta Julia Lorenzana se declarar\u00e1 culpable de narcotr\u00e1fico en EE. UU. MUNDO","og_description":"ESTADOS UNIDOS. \u2014 Hasta su captura a pedido de Estados Unidos, el 30 de abril de 2021, Marta Julia Lorenzana Cord\u00f3n (de 46 a\u00f1os) no hab\u00eda sido vinculada En Sonora en Equipo publicamos toda la informaci\u00f3n de Sonora, M\u00e9xico y el Mundo de manera oportuna y busca que la libertad de expresi\u00f3n sea real. Visita nuestro medio informativo publicado desde Hermosillo, Sonora. %","og_url":"https:\/\/www.sonoraenequipo.com.mx\/marta-julia-lorenzana-se-declarara-culpable-de-narcotrafico-en-ee-uu\/","og_site_name":"Sonora en Equipo.","article_publisher":"https:\/\/www.facebook.com\/SonoraEE\/","article_author":"https:\/\/www.facebook.com\/SonoraEE","article_published_time":"2023-02-09T16:30:39+00:00","article_modified_time":"2023-02-10T03:32:21+00:00","og_image":[{"width":900,"height":508,"url":"https:\/\/www.sonoraenequipo.com.mx\/storage\/2023\/02\/marta-julia-lorenzana2-min.jpg","type":"image\/jpeg"}],"author":"enequipo","twitter_card":"summary_large_image","twitter_creator":"@sonoraenequipo","twitter_site":"@sonoraenequipo","twitter_misc":{"Escrito por":"enequipo","Tiempo de lectura":"6 minutos"},"schema":{"@context":"https:\/\/schema.org","@graph":[{"@type":"Article","@id":"https:\/\/www.sonoraenequipo.com.mx\/marta-julia-lorenzana-se-declarara-culpable-de-narcotrafico-en-ee-uu\/#article","isPartOf":{"@id":"https:\/\/www.sonoraenequipo.com.mx\/marta-julia-lorenzana-se-declarara-culpable-de-narcotrafico-en-ee-uu\/"},"author":{"name":"enequipo","@id":"https:\/\/www.sonoraenequipo.com.mx\/#\/schema\/person\/50102df0fb23a8fa9e8effad8fa81386"},"headline":"Marta Julia Lorenzana se declarar\u00e1 culpable de narcotr\u00e1fico en EE. UU.","datePublished":"2023-02-09T16:30:39+00:00","dateModified":"2023-02-10T03:32:21+00:00","mainEntityOfPage":{"@id":"https:\/\/www.sonoraenequipo.com.mx\/marta-julia-lorenzana-se-declarara-culpable-de-narcotrafico-en-ee-uu\/"},"wordCount":1233,"commentCount":0,"publisher":{"@id":"https:\/\/www.sonoraenequipo.com.mx\/#organization"},"image":{"@id":"https:\/\/www.sonoraenequipo.com.mx\/marta-julia-lorenzana-se-declarara-culpable-de-narcotrafico-en-ee-uu\/#primaryimage"},"thumbnailUrl":"https:\/\/www.sonoraenequipo.com.mx\/storage\/2023\/02\/marta-julia-lorenzana2-min.jpg","articleSection":["MUNDO"],"inLanguage":"es","potentialAction":[{"@type":"CommentAction","name":"Comment","target":["https:\/\/www.sonoraenequipo.com.mx\/marta-julia-lorenzana-se-declarara-culpable-de-narcotrafico-en-ee-uu\/#respond"]}]},{"@type":"WebPage","@id":"https:\/\/www.sonoraenequipo.com.mx\/marta-julia-lorenzana-se-declarara-culpable-de-narcotrafico-en-ee-uu\/","url":"https:\/\/www.sonoraenequipo.com.mx\/marta-julia-lorenzana-se-declarara-culpable-de-narcotrafico-en-ee-uu\/","name":"Sonora en Equipo. Marta Julia Lorenzana se declarar\u00e1 culpable de narcotr\u00e1fico en EE. UU. MUNDO","isPartOf":{"@id":"https:\/\/www.sonoraenequipo.com.mx\/#website"},"primaryImageOfPage":{"@id":"https:\/\/www.sonoraenequipo.com.mx\/marta-julia-lorenzana-se-declarara-culpable-de-narcotrafico-en-ee-uu\/#primaryimage"},"image":{"@id":"https:\/\/www.sonoraenequipo.com.mx\/marta-julia-lorenzana-se-declarara-culpable-de-narcotrafico-en-ee-uu\/#primaryimage"},"thumbnailUrl":"https:\/\/www.sonoraenequipo.com.mx\/storage\/2023\/02\/marta-julia-lorenzana2-min.jpg","datePublished":"2023-02-09T16:30:39+00:00","dateModified":"2023-02-10T03:32:21+00:00","description":"ESTADOS UNIDOS. \u2014 Hasta su captura a pedido de Estados Unidos, el 30 de abril de 2021, Marta Julia Lorenzana Cord\u00f3n (de 46 a\u00f1os) no hab\u00eda sido vinculada En Sonora en Equipo publicamos toda la informaci\u00f3n de Sonora, M\u00e9xico y el Mundo de manera oportuna y busca que la libertad de expresi\u00f3n sea real. Visita nuestro medio informativo publicado desde Hermosillo, Sonora. %","breadcrumb":{"@id":"https:\/\/www.sonoraenequipo.com.mx\/marta-julia-lorenzana-se-declarara-culpable-de-narcotrafico-en-ee-uu\/#breadcrumb"},"inLanguage":"es","potentialAction":[{"@type":"ReadAction","target":["https:\/\/www.sonoraenequipo.com.mx\/marta-julia-lorenzana-se-declarara-culpable-de-narcotrafico-en-ee-uu\/"]}]},{"@type":"ImageObject","inLanguage":"es","@id":"https:\/\/www.sonoraenequipo.com.mx\/marta-julia-lorenzana-se-declarara-culpable-de-narcotrafico-en-ee-uu\/#primaryimage","url":"https:\/\/www.sonoraenequipo.com.mx\/storage\/2023\/02\/marta-julia-lorenzana2-min.jpg","contentUrl":"https:\/\/www.sonoraenequipo.com.mx\/storage\/2023\/02\/marta-julia-lorenzana2-min.jpg","width":900,"height":508},{"@type":"BreadcrumbList","@id":"https:\/\/www.sonoraenequipo.com.mx\/marta-julia-lorenzana-se-declarara-culpable-de-narcotrafico-en-ee-uu\/#breadcrumb","itemListElement":[{"@type":"ListItem","position":1,"name":"Portada","item":"https:\/\/www.sonoraenequipo.com.mx\/"},{"@type":"ListItem","position":2,"name":"Marta Julia Lorenzana se declarar\u00e1 culpable de narcotr\u00e1fico en EE. UU."}]},{"@type":"WebSite","@id":"https:\/\/www.sonoraenequipo.com.mx\/#website","url":"https:\/\/www.sonoraenequipo.com.mx\/","name":"Sonora en Equipo.","description":"Diario en l\u00ednea con Noticias desde Hermosillo, Sonora","publisher":{"@id":"https:\/\/www.sonoraenequipo.com.mx\/#organization"},"potentialAction":[{"@type":"SearchAction","target":{"@type":"EntryPoint","urlTemplate":"https:\/\/www.sonoraenequipo.com.mx\/?s={search_term_string}"},"query-input":{"@type":"PropertyValueSpecification","valueRequired":true,"valueName":"search_term_string"}}],"inLanguage":"es"},{"@type":"Organization","@id":"https:\/\/www.sonoraenequipo.com.mx\/#organization","name":"Sonoraenequipo.com.mx","url":"https:\/\/www.sonoraenequipo.com.mx\/","logo":{"@type":"ImageObject","inLanguage":"es","@id":"https:\/\/www.sonoraenequipo.com.mx\/#\/schema\/logo\/image\/","url":"https:\/\/www.sonoraenequipo.com.mx\/storage\/2019\/01\/sonoraenequipo_opt.png","contentUrl":"https:\/\/www.sonoraenequipo.com.mx\/storage\/2019\/01\/sonoraenequipo_opt.png","width":375,"height":125,"caption":"Sonoraenequipo.com.mx"},"image":{"@id":"https:\/\/www.sonoraenequipo.com.mx\/#\/schema\/logo\/image\/"},"sameAs":["https:\/\/www.facebook.com\/SonoraEE\/","https:\/\/x.com\/sonoraenequipo","https:\/\/www.youtube.com\/channel\/UC338nW-lPEYmJQs4ZABQ1SQ"]},{"@type":"Person","@id":"https:\/\/www.sonoraenequipo.com.mx\/#\/schema\/person\/50102df0fb23a8fa9e8effad8fa81386","name":"enequipo","image":{"@type":"ImageObject","inLanguage":"es","@id":"https:\/\/www.sonoraenequipo.com.mx\/#\/schema\/person\/image\/","url":"https:\/\/secure.gravatar.com\/avatar\/049821681b589dabc0bc20695993ccebb09f5b5d4d790cd9251b97faac7c652b?s=96&d=blank&r=g","contentUrl":"https:\/\/secure.gravatar.com\/avatar\/049821681b589dabc0bc20695993ccebb09f5b5d4d790cd9251b97faac7c652b?s=96&d=blank&r=g","caption":"enequipo"},"sameAs":["https:\/\/www.facebook.com\/SonoraEE"]}]}},"jetpack_featured_media_url":"https:\/\/www.sonoraenequipo.com.mx\/storage\/2023\/02\/marta-julia-lorenzana2-min.jpg","_links":{"self":[{"href":"https:\/\/www.sonoraenequipo.com.mx\/api\/wp\/v2\/posts\/158696","targetHints":{"allow":["GET"]}}],"collection":[{"href":"https:\/\/www.sonoraenequipo.com.mx\/api\/wp\/v2\/posts"}],"about":[{"href":"https:\/\/www.sonoraenequipo.com.mx\/api\/wp\/v2\/types\/post"}],"author":[{"embeddable":true,"href":"https:\/\/www.sonoraenequipo.com.mx\/api\/wp\/v2\/users\/1"}],"replies":[{"embeddable":true,"href":"https:\/\/www.sonoraenequipo.com.mx\/api\/wp\/v2\/comments?post=158696"}],"version-history":[{"count":1,"href":"https:\/\/www.sonoraenequipo.com.mx\/api\/wp\/v2\/posts\/158696\/revisions"}],"predecessor-version":[{"id":158698,"href":"https:\/\/www.sonoraenequipo.com.mx\/api\/wp\/v2\/posts\/158696\/revisions\/158698"}],"wp:featuredmedia":[{"embeddable":true,"href":"https:\/\/www.sonoraenequipo.com.mx\/api\/wp\/v2\/media\/158697"}],"wp:attachment":[{"href":"https:\/\/www.sonoraenequipo.com.mx\/api\/wp\/v2\/media?parent=158696"}],"wp:term":[{"taxonomy":"category","embeddable":true,"href":"https:\/\/www.sonoraenequipo.com.mx\/api\/wp\/v2\/categories?post=158696"},{"taxonomy":"post_tag","embeddable":true,"href":"https:\/\/www.sonoraenequipo.com.mx\/api\/wp\/v2\/tags?post=158696"}],"curies":[{"name":"wp","href":"https:\/\/api.w.org\/{rel}","templated":true}]}}