{"id":158699,"date":"2023-02-09T07:26:38","date_gmt":"2023-02-09T14:26:38","guid":{"rendered":"https:\/\/www.sonoraenequipo.com.mx\/?p=158699"},"modified":"2023-02-09T20:45:18","modified_gmt":"2023-02-10T03:45:18","slug":"mujer-acusada-de-sabotear-el-metro-exige-la-reparacion-del-dano-psicosocial-y-economico","status":"publish","type":"post","link":"https:\/\/www.sonoraenequipo.com.mx\/mujer-acusada-de-sabotear-el-metro-exige-la-reparacion-del-dano-psicosocial-y-economico\/","title":{"rendered":"Mujer acusada de sabotear el metro exige la reparaci\u00f3n del da\u00f1o psicosocial y econ\u00f3mico."},"content":{"rendered":"<p><strong>CDMX. M\u00c9XICO.<\/strong> \u2014 Viviana Salgado, la mujer que estuvo presa acusada del delito de ataques a las v\u00edas de comunicaci\u00f3n por supuestamente arrojar las aspas de una lavadora a las v\u00edas del Metro el pasado 12 de enero, exigi\u00f3 una disculpa p\u00fablica por parte de autoridades del Gobierno de la Ciudad de M\u00e9xico, luego de haber sido absuelta.<\/p>\n<p>&nbsp;<\/p>\n<p> <\/p>\n<p>&nbsp;<\/p>\n<p>Adem\u00e1s de la reparaci\u00f3n del da\u00f1o psicosocial y econ\u00f3mico. La mujer argument\u00f3 que fue exhibida por la Fiscal\u00eda General de Justicia de la Ciudad de M\u00e9xico (FGJCDMX) como saboteadora del Metro, por lo que enfrenta secuelas familiares, econ\u00f3micas, sociales y de salud.<\/p>\n<p>&nbsp;<\/p>\n<p>Enfrentar a las instituciones en desventaja y con las falsas acusaciones que me hicieron, me dej\u00f3 un estr\u00e9s postraum\u00e1tico. Y a su vez, eso deriv\u00f3 en una complicaci\u00f3n de mi estado de salud por hipertensi\u00f3n arterial, la cual posiblemente ya es un padecimiento cr\u00f3nico<\/p>\n<p>&nbsp;<\/p>\n<p>La afectada pidi\u00f3 a la Comisi\u00f3n de Derechos Humanos capitalina investigar un presunto abuso por parte de las autoridades, sobre todo por su \u201ccalidad de mujer vulnerable, al carecer de recursos y de conocimiento para establecer una debida defensa\u201d.<\/p>\n<p>&nbsp;<\/p>\n<p>Asegur\u00f3 que haber sido absuelta por un juez es muestra clara del abuso de autoridad y la falta de pruebas en su contra.<\/p>\n<p>&nbsp;<\/p>\n<p>Acus\u00f3 a la Fiscal\u00eda de la CDMX de presentar elementos falsos en su contra para dejarla en prisi\u00f3n preventiva, violando el debido proceso, luego de que el Gobierno de la Ciudad acusara \u201cactos premeditados\u201d en relaci\u00f3n al choque de trenes en la l\u00ednea 3 que dej\u00f3 un muerto y al menos 20 heridos el pasado 7 de enero.<\/p>\n<p>&nbsp;<\/p>\n<p>Dijo tener miedo al haber sido exhibida como delincuente, por lo que ya no usar\u00e1 el Metro.<\/p>\n<p>&nbsp;<\/p>\n<p>Al Metro ya no nos vamos a subir, tenemos miedo, nos dejaron como delincuentes, a mi familia y a m\u00ed, como los peores. Ahora resulta que soy la delincuente n\u00famero uno. Y todo por ser pobre, por eso me mandaron a la c\u00e1rcel. Se ensa\u00f1aron conmigo, fui su experimento por todos los problemas que tiene el Metro<\/p>\n<p>&nbsp;<\/p>\n<p>El asesor jur\u00eddico de la v\u00edctima, Te\u00f3filo Ben\u00edtez Granados, indic\u00f3 que hubo abuso excesivo de funciones por parte de las autoridades, desde la fiscal Ernestina Godoy, hasta los ministerios p\u00fablicos que armaron la carpeta de investigaci\u00f3n.<\/p>\n<p>&nbsp;<\/p>\n<p>Una vez m\u00e1s la Fiscal\u00eda de Ernestina Godoy criminaliz\u00f3 la pobreza y, a pesar de la inexistencia de pruebas, motiv\u00f3 a que un juez de Control la vinculara a proceso sin sustento. Lo anterior es equiparable al sistema inquisidor, en el que primero se deten\u00eda a la persona y posteriormente se investigaba si era culpable.<\/p>\n<p>&nbsp;<\/p>\n<p>Tambi\u00e9n lament\u00f3 las declaraciones del director general del Metro, Guillermo Calder\u00f3n, al acusarla de saboteadora y delincuente, de se\u00f1alarla como bandida.<\/p>\n<p>&nbsp;<\/p>\n<p>Viviana Salgado fue absuelta por un juez de control de la Ciudad de M\u00e9xico el pasado 27 de enero de 2023.<\/p>\n<p>&nbsp;<\/p>\n<p>&nbsp;<\/p>\n<p>PUBLICADO EL 09\/FEBRERO\/2023\/Con informaci\u00f3n de N+)<\/p>\n","protected":false},"excerpt":{"rendered":"<p>CDMX. M\u00c9XICO. \u2014 Viviana Salgado, la mujer que estuvo presa acusada del delito de ataques&#8230;<\/p>\n","protected":false},"author":1,"featured_media":158700,"comment_status":"open","ping_status":"open","sticky":false,"template":"","format":"standard","meta":{"_monsterinsights_skip_tracking":false,"_monsterinsights_sitenote_active":false,"_monsterinsights_sitenote_note":"","_monsterinsights_sitenote_category":0,"footnotes":""},"categories":[5],"tags":[],"class_list":["post"],"yoast_head":" \n<title>Sonora en Equipo. Mujer acusada de sabotear el metro exige la reparaci\u00f3n del da\u00f1o psicosocial y econ\u00f3mico. Rep\u00fablica<\/title>\n<meta name=\"description\" content=\"CDMX. M\u00c9XICO. \u2014 Viviana Salgado, la mujer que estuvo presa acusada del delito de ataques a las v\u00edas de comunicaci\u00f3n por supuestamente arrojar las aspas de En Sonora en Equipo publicamos toda la informaci\u00f3n de Sonora, M\u00e9xico y el Mundo de manera oportuna y busca que la libertad de expresi\u00f3n sea real. Visita nuestro medio informativo publicado desde Hermosillo, Sonora. %\" \/>\n<meta name=\"robots\" content=\"index, follow, max-snippet:-1, max-image-preview:large, max-video-preview:-1\" \/>\n<link rel=\"canonical\" href=\"https:\/\/www.sonoraenequipo.com.mx\/mujer-acusada-de-sabotear-el-metro-exige-la-reparacion-del-dano-psicosocial-y-economico\/\" \/>\n<meta property=\"og:locale\" content=\"es_ES\" \/>\n<meta property=\"og:type\" content=\"article\" \/>\n<meta property=\"og:title\" content=\"Sonora en Equipo. Mujer acusada de sabotear el metro exige la reparaci\u00f3n del da\u00f1o psicosocial y econ\u00f3mico. Rep\u00fablica\" \/>\n<meta property=\"og:description\" content=\"CDMX. M\u00c9XICO. \u2014 Viviana Salgado, la mujer que estuvo presa acusada del delito de ataques a las v\u00edas de comunicaci\u00f3n por supuestamente arrojar las aspas de En Sonora en Equipo publicamos toda la informaci\u00f3n de Sonora, M\u00e9xico y el Mundo de manera oportuna y busca que la libertad de expresi\u00f3n sea real. Visita nuestro medio informativo publicado desde Hermosillo, Sonora. %\" \/>\n<meta property=\"og:url\" content=\"https:\/\/www.sonoraenequipo.com.mx\/mujer-acusada-de-sabotear-el-metro-exige-la-reparacion-del-dano-psicosocial-y-economico\/\" \/>\n<meta property=\"og:site_name\" content=\"Sonora en Equipo.\" \/>\n<meta property=\"article:publisher\" content=\"https:\/\/www.facebook.com\/SonoraEE\/\" \/>\n<meta property=\"article:author\" content=\"https:\/\/www.facebook.com\/SonoraEE\" \/>\n<meta property=\"article:published_time\" content=\"2023-02-09T14:26:38+00:00\" \/>\n<meta property=\"article:modified_time\" content=\"2023-02-10T03:45:18+00:00\" \/>\n<meta property=\"og:image\" content=\"https:\/\/www.sonoraenequipo.com.mx\/storage\/2023\/02\/metro-acusada-sabotear-metro2-min.jpg\" \/>\n\t<meta property=\"og:image:width\" content=\"900\" \/>\n\t<meta property=\"og:image:height\" content=\"506\" \/>\n\t<meta property=\"og:image:type\" content=\"image\/jpeg\" \/>\n<meta name=\"author\" content=\"enequipo\" \/>\n<meta name=\"twitter:card\" content=\"summary_large_image\" \/>\n<meta name=\"twitter:creator\" content=\"@sonoraenequipo\" \/>\n<meta name=\"twitter:site\" content=\"@sonoraenequipo\" \/>\n<meta name=\"twitter:label1\" content=\"Escrito por\" \/>\n\t<meta name=\"twitter:data1\" content=\"enequipo\" \/>\n\t<meta name=\"twitter:label2\" content=\"Tiempo de lectura\" \/>\n\t<meta name=\"twitter:data2\" content=\"3 minutos\" \/>\n<script type=\"application\/ld+json\" class=\"yoast-schema-graph\">{\"@context\":\"https:\/\/schema.org\",\"@graph\":[{\"@type\":\"Article\",\"@id\":\"https:\/\/www.sonoraenequipo.com.mx\/mujer-acusada-de-sabotear-el-metro-exige-la-reparacion-del-dano-psicosocial-y-economico\/#article\",\"isPartOf\":{\"@id\":\"https:\/\/www.sonoraenequipo.com.mx\/mujer-acusada-de-sabotear-el-metro-exige-la-reparacion-del-dano-psicosocial-y-economico\/\"},\"author\":{\"name\":\"enequipo\",\"@id\":\"https:\/\/www.sonoraenequipo.com.mx\/#\/schema\/person\/50102df0fb23a8fa9e8effad8fa81386\"},\"headline\":\"Mujer acusada de sabotear el metro exige la reparaci\u00f3n del da\u00f1o psicosocial y econ\u00f3mico.\",\"datePublished\":\"2023-02-09T14:26:38+00:00\",\"dateModified\":\"2023-02-10T03:45:18+00:00\",\"mainEntityOfPage\":{\"@id\":\"https:\/\/www.sonoraenequipo.com.mx\/mujer-acusada-de-sabotear-el-metro-exige-la-reparacion-del-dano-psicosocial-y-economico\/\"},\"wordCount\":542,\"commentCount\":0,\"publisher\":{\"@id\":\"https:\/\/www.sonoraenequipo.com.mx\/#organization\"},\"image\":{\"@id\":\"https:\/\/www.sonoraenequipo.com.mx\/mujer-acusada-de-sabotear-el-metro-exige-la-reparacion-del-dano-psicosocial-y-economico\/#primaryimage\"},\"thumbnailUrl\":\"https:\/\/www.sonoraenequipo.com.mx\/storage\/2023\/02\/metro-acusada-sabotear-metro2-min.jpg\",\"articleSection\":[\"Rep\u00fablica\"],\"inLanguage\":\"es\",\"potentialAction\":[{\"@type\":\"CommentAction\",\"name\":\"Comment\",\"target\":[\"https:\/\/www.sonoraenequipo.com.mx\/mujer-acusada-de-sabotear-el-metro-exige-la-reparacion-del-dano-psicosocial-y-economico\/#respond\"]}]},{\"@type\":\"WebPage\",\"@id\":\"https:\/\/www.sonoraenequipo.com.mx\/mujer-acusada-de-sabotear-el-metro-exige-la-reparacion-del-dano-psicosocial-y-economico\/\",\"url\":\"https:\/\/www.sonoraenequipo.com.mx\/mujer-acusada-de-sabotear-el-metro-exige-la-reparacion-del-dano-psicosocial-y-economico\/\",\"name\":\"Sonora en Equipo. Mujer acusada de sabotear el metro exige la reparaci\u00f3n del da\u00f1o psicosocial y econ\u00f3mico. Rep\u00fablica\",\"isPartOf\":{\"@id\":\"https:\/\/www.sonoraenequipo.com.mx\/#website\"},\"primaryImageOfPage\":{\"@id\":\"https:\/\/www.sonoraenequipo.com.mx\/mujer-acusada-de-sabotear-el-metro-exige-la-reparacion-del-dano-psicosocial-y-economico\/#primaryimage\"},\"image\":{\"@id\":\"https:\/\/www.sonoraenequipo.com.mx\/mujer-acusada-de-sabotear-el-metro-exige-la-reparacion-del-dano-psicosocial-y-economico\/#primaryimage\"},\"thumbnailUrl\":\"https:\/\/www.sonoraenequipo.com.mx\/storage\/2023\/02\/metro-acusada-sabotear-metro2-min.jpg\",\"datePublished\":\"2023-02-09T14:26:38+00:00\",\"dateModified\":\"2023-02-10T03:45:18+00:00\",\"description\":\"CDMX. M\u00c9XICO. \u2014 Viviana Salgado, la mujer que estuvo presa acusada del delito de ataques a las v\u00edas de comunicaci\u00f3n por supuestamente arrojar las aspas de En Sonora en Equipo publicamos toda la informaci\u00f3n de Sonora, M\u00e9xico y el Mundo de manera oportuna y busca que la libertad de expresi\u00f3n sea real. Visita nuestro medio informativo publicado desde Hermosillo, Sonora. %\",\"breadcrumb\":{\"@id\":\"https:\/\/www.sonoraenequipo.com.mx\/mujer-acusada-de-sabotear-el-metro-exige-la-reparacion-del-dano-psicosocial-y-economico\/#breadcrumb\"},\"inLanguage\":\"es\",\"potentialAction\":[{\"@type\":\"ReadAction\",\"target\":[\"https:\/\/www.sonoraenequipo.com.mx\/mujer-acusada-de-sabotear-el-metro-exige-la-reparacion-del-dano-psicosocial-y-economico\/\"]}]},{\"@type\":\"ImageObject\",\"inLanguage\":\"es\",\"@id\":\"https:\/\/www.sonoraenequipo.com.mx\/mujer-acusada-de-sabotear-el-metro-exige-la-reparacion-del-dano-psicosocial-y-economico\/#primaryimage\",\"url\":\"https:\/\/www.sonoraenequipo.com.mx\/storage\/2023\/02\/metro-acusada-sabotear-metro2-min.jpg\",\"contentUrl\":\"https:\/\/www.sonoraenequipo.com.mx\/storage\/2023\/02\/metro-acusada-sabotear-metro2-min.jpg\",\"width\":900,\"height\":506},{\"@type\":\"BreadcrumbList\",\"@id\":\"https:\/\/www.sonoraenequipo.com.mx\/mujer-acusada-de-sabotear-el-metro-exige-la-reparacion-del-dano-psicosocial-y-economico\/#breadcrumb\",\"itemListElement\":[{\"@type\":\"ListItem\",\"position\":1,\"name\":\"Portada\",\"item\":\"https:\/\/www.sonoraenequipo.com.mx\/\"},{\"@type\":\"ListItem\",\"position\":2,\"name\":\"Mujer acusada de sabotear el metro exige la reparaci\u00f3n del da\u00f1o psicosocial y econ\u00f3mico.\"}]},{\"@type\":\"WebSite\",\"@id\":\"https:\/\/www.sonoraenequipo.com.mx\/#website\",\"url\":\"https:\/\/www.sonoraenequipo.com.mx\/\",\"name\":\"Sonora en Equipo.\",\"description\":\"Diario en l\u00ednea con Noticias desde Hermosillo, Sonora\",\"publisher\":{\"@id\":\"https:\/\/www.sonoraenequipo.com.mx\/#organization\"},\"potentialAction\":[{\"@type\":\"SearchAction\",\"target\":{\"@type\":\"EntryPoint\",\"urlTemplate\":\"https:\/\/www.sonoraenequipo.com.mx\/?s={search_term_string}\"},\"query-input\":{\"@type\":\"PropertyValueSpecification\",\"valueRequired\":true,\"valueName\":\"search_term_string\"}}],\"inLanguage\":\"es\"},{\"@type\":\"Organization\",\"@id\":\"https:\/\/www.sonoraenequipo.com.mx\/#organization\",\"name\":\"Sonoraenequipo.com.mx\",\"url\":\"https:\/\/www.sonoraenequipo.com.mx\/\",\"logo\":{\"@type\":\"ImageObject\",\"inLanguage\":\"es\",\"@id\":\"https:\/\/www.sonoraenequipo.com.mx\/#\/schema\/logo\/image\/\",\"url\":\"https:\/\/www.sonoraenequipo.com.mx\/storage\/2019\/01\/sonoraenequipo_opt.png\",\"contentUrl\":\"https:\/\/www.sonoraenequipo.com.mx\/storage\/2019\/01\/sonoraenequipo_opt.png\",\"width\":375,\"height\":125,\"caption\":\"Sonoraenequipo.com.mx\"},\"image\":{\"@id\":\"https:\/\/www.sonoraenequipo.com.mx\/#\/schema\/logo\/image\/\"},\"sameAs\":[\"https:\/\/www.facebook.com\/SonoraEE\/\",\"https:\/\/x.com\/sonoraenequipo\",\"https:\/\/www.youtube.com\/channel\/UC338nW-lPEYmJQs4ZABQ1SQ\"]},{\"@type\":\"Person\",\"@id\":\"https:\/\/www.sonoraenequipo.com.mx\/#\/schema\/person\/50102df0fb23a8fa9e8effad8fa81386\",\"name\":\"enequipo\",\"image\":{\"@type\":\"ImageObject\",\"inLanguage\":\"es\",\"@id\":\"https:\/\/www.sonoraenequipo.com.mx\/#\/schema\/person\/image\/\",\"url\":\"https:\/\/secure.gravatar.com\/avatar\/049821681b589dabc0bc20695993ccebb09f5b5d4d790cd9251b97faac7c652b?s=96&d=blank&r=g\",\"contentUrl\":\"https:\/\/secure.gravatar.com\/avatar\/049821681b589dabc0bc20695993ccebb09f5b5d4d790cd9251b97faac7c652b?s=96&d=blank&r=g\",\"caption\":\"enequipo\"},\"sameAs\":[\"https:\/\/www.facebook.com\/SonoraEE\"]}]}<\/script>\n ","yoast_head_json":{"title":"Sonora en Equipo. Mujer acusada de sabotear el metro exige la reparaci\u00f3n del da\u00f1o psicosocial y econ\u00f3mico. Rep\u00fablica","description":"CDMX. M\u00c9XICO. \u2014 Viviana Salgado, la mujer que estuvo presa acusada del delito de ataques a las v\u00edas de comunicaci\u00f3n por supuestamente arrojar las aspas de En Sonora en Equipo publicamos toda la informaci\u00f3n de Sonora, M\u00e9xico y el Mundo de manera oportuna y busca que la libertad de expresi\u00f3n sea real. Visita nuestro medio informativo publicado desde Hermosillo, Sonora. %","robots":{"index":"index","follow":"follow","max-snippet":"max-snippet:-1","max-image-preview":"max-image-preview:large","max-video-preview":"max-video-preview:-1"},"canonical":"https:\/\/www.sonoraenequipo.com.mx\/mujer-acusada-de-sabotear-el-metro-exige-la-reparacion-del-dano-psicosocial-y-economico\/","og_locale":"es_ES","og_type":"article","og_title":"Sonora en Equipo. Mujer acusada de sabotear el metro exige la reparaci\u00f3n del da\u00f1o psicosocial y econ\u00f3mico. Rep\u00fablica","og_description":"CDMX. M\u00c9XICO. \u2014 Viviana Salgado, la mujer que estuvo presa acusada del delito de ataques a las v\u00edas de comunicaci\u00f3n por supuestamente arrojar las aspas de En Sonora en Equipo publicamos toda la informaci\u00f3n de Sonora, M\u00e9xico y el Mundo de manera oportuna y busca que la libertad de expresi\u00f3n sea real. Visita nuestro medio informativo publicado desde Hermosillo, Sonora. %","og_url":"https:\/\/www.sonoraenequipo.com.mx\/mujer-acusada-de-sabotear-el-metro-exige-la-reparacion-del-dano-psicosocial-y-economico\/","og_site_name":"Sonora en Equipo.","article_publisher":"https:\/\/www.facebook.com\/SonoraEE\/","article_author":"https:\/\/www.facebook.com\/SonoraEE","article_published_time":"2023-02-09T14:26:38+00:00","article_modified_time":"2023-02-10T03:45:18+00:00","og_image":[{"width":900,"height":506,"url":"https:\/\/www.sonoraenequipo.com.mx\/storage\/2023\/02\/metro-acusada-sabotear-metro2-min.jpg","type":"image\/jpeg"}],"author":"enequipo","twitter_card":"summary_large_image","twitter_creator":"@sonoraenequipo","twitter_site":"@sonoraenequipo","twitter_misc":{"Escrito por":"enequipo","Tiempo de lectura":"3 minutos"},"schema":{"@context":"https:\/\/schema.org","@graph":[{"@type":"Article","@id":"https:\/\/www.sonoraenequipo.com.mx\/mujer-acusada-de-sabotear-el-metro-exige-la-reparacion-del-dano-psicosocial-y-economico\/#article","isPartOf":{"@id":"https:\/\/www.sonoraenequipo.com.mx\/mujer-acusada-de-sabotear-el-metro-exige-la-reparacion-del-dano-psicosocial-y-economico\/"},"author":{"name":"enequipo","@id":"https:\/\/www.sonoraenequipo.com.mx\/#\/schema\/person\/50102df0fb23a8fa9e8effad8fa81386"},"headline":"Mujer acusada de sabotear el metro exige la reparaci\u00f3n del da\u00f1o psicosocial y econ\u00f3mico.","datePublished":"2023-02-09T14:26:38+00:00","dateModified":"2023-02-10T03:45:18+00:00","mainEntityOfPage":{"@id":"https:\/\/www.sonoraenequipo.com.mx\/mujer-acusada-de-sabotear-el-metro-exige-la-reparacion-del-dano-psicosocial-y-economico\/"},"wordCount":542,"commentCount":0,"publisher":{"@id":"https:\/\/www.sonoraenequipo.com.mx\/#organization"},"image":{"@id":"https:\/\/www.sonoraenequipo.com.mx\/mujer-acusada-de-sabotear-el-metro-exige-la-reparacion-del-dano-psicosocial-y-economico\/#primaryimage"},"thumbnailUrl":"https:\/\/www.sonoraenequipo.com.mx\/storage\/2023\/02\/metro-acusada-sabotear-metro2-min.jpg","articleSection":["Rep\u00fablica"],"inLanguage":"es","potentialAction":[{"@type":"CommentAction","name":"Comment","target":["https:\/\/www.sonoraenequipo.com.mx\/mujer-acusada-de-sabotear-el-metro-exige-la-reparacion-del-dano-psicosocial-y-economico\/#respond"]}]},{"@type":"WebPage","@id":"https:\/\/www.sonoraenequipo.com.mx\/mujer-acusada-de-sabotear-el-metro-exige-la-reparacion-del-dano-psicosocial-y-economico\/","url":"https:\/\/www.sonoraenequipo.com.mx\/mujer-acusada-de-sabotear-el-metro-exige-la-reparacion-del-dano-psicosocial-y-economico\/","name":"Sonora en Equipo. Mujer acusada de sabotear el metro exige la reparaci\u00f3n del da\u00f1o psicosocial y econ\u00f3mico. Rep\u00fablica","isPartOf":{"@id":"https:\/\/www.sonoraenequipo.com.mx\/#website"},"primaryImageOfPage":{"@id":"https:\/\/www.sonoraenequipo.com.mx\/mujer-acusada-de-sabotear-el-metro-exige-la-reparacion-del-dano-psicosocial-y-economico\/#primaryimage"},"image":{"@id":"https:\/\/www.sonoraenequipo.com.mx\/mujer-acusada-de-sabotear-el-metro-exige-la-reparacion-del-dano-psicosocial-y-economico\/#primaryimage"},"thumbnailUrl":"https:\/\/www.sonoraenequipo.com.mx\/storage\/2023\/02\/metro-acusada-sabotear-metro2-min.jpg","datePublished":"2023-02-09T14:26:38+00:00","dateModified":"2023-02-10T03:45:18+00:00","description":"CDMX. M\u00c9XICO. \u2014 Viviana Salgado, la mujer que estuvo presa acusada del delito de ataques a las v\u00edas de comunicaci\u00f3n por supuestamente arrojar las aspas de En Sonora en Equipo publicamos toda la informaci\u00f3n de Sonora, M\u00e9xico y el Mundo de manera oportuna y busca que la libertad de expresi\u00f3n sea real. Visita nuestro medio informativo publicado desde Hermosillo, Sonora. %","breadcrumb":{"@id":"https:\/\/www.sonoraenequipo.com.mx\/mujer-acusada-de-sabotear-el-metro-exige-la-reparacion-del-dano-psicosocial-y-economico\/#breadcrumb"},"inLanguage":"es","potentialAction":[{"@type":"ReadAction","target":["https:\/\/www.sonoraenequipo.com.mx\/mujer-acusada-de-sabotear-el-metro-exige-la-reparacion-del-dano-psicosocial-y-economico\/"]}]},{"@type":"ImageObject","inLanguage":"es","@id":"https:\/\/www.sonoraenequipo.com.mx\/mujer-acusada-de-sabotear-el-metro-exige-la-reparacion-del-dano-psicosocial-y-economico\/#primaryimage","url":"https:\/\/www.sonoraenequipo.com.mx\/storage\/2023\/02\/metro-acusada-sabotear-metro2-min.jpg","contentUrl":"https:\/\/www.sonoraenequipo.com.mx\/storage\/2023\/02\/metro-acusada-sabotear-metro2-min.jpg","width":900,"height":506},{"@type":"BreadcrumbList","@id":"https:\/\/www.sonoraenequipo.com.mx\/mujer-acusada-de-sabotear-el-metro-exige-la-reparacion-del-dano-psicosocial-y-economico\/#breadcrumb","itemListElement":[{"@type":"ListItem","position":1,"name":"Portada","item":"https:\/\/www.sonoraenequipo.com.mx\/"},{"@type":"ListItem","position":2,"name":"Mujer acusada de sabotear el metro exige la reparaci\u00f3n del da\u00f1o psicosocial y econ\u00f3mico."}]},{"@type":"WebSite","@id":"https:\/\/www.sonoraenequipo.com.mx\/#website","url":"https:\/\/www.sonoraenequipo.com.mx\/","name":"Sonora en Equipo.","description":"Diario en l\u00ednea con Noticias desde Hermosillo, Sonora","publisher":{"@id":"https:\/\/www.sonoraenequipo.com.mx\/#organization"},"potentialAction":[{"@type":"SearchAction","target":{"@type":"EntryPoint","urlTemplate":"https:\/\/www.sonoraenequipo.com.mx\/?s={search_term_string}"},"query-input":{"@type":"PropertyValueSpecification","valueRequired":true,"valueName":"search_term_string"}}],"inLanguage":"es"},{"@type":"Organization","@id":"https:\/\/www.sonoraenequipo.com.mx\/#organization","name":"Sonoraenequipo.com.mx","url":"https:\/\/www.sonoraenequipo.com.mx\/","logo":{"@type":"ImageObject","inLanguage":"es","@id":"https:\/\/www.sonoraenequipo.com.mx\/#\/schema\/logo\/image\/","url":"https:\/\/www.sonoraenequipo.com.mx\/storage\/2019\/01\/sonoraenequipo_opt.png","contentUrl":"https:\/\/www.sonoraenequipo.com.mx\/storage\/2019\/01\/sonoraenequipo_opt.png","width":375,"height":125,"caption":"Sonoraenequipo.com.mx"},"image":{"@id":"https:\/\/www.sonoraenequipo.com.mx\/#\/schema\/logo\/image\/"},"sameAs":["https:\/\/www.facebook.com\/SonoraEE\/","https:\/\/x.com\/sonoraenequipo","https:\/\/www.youtube.com\/channel\/UC338nW-lPEYmJQs4ZABQ1SQ"]},{"@type":"Person","@id":"https:\/\/www.sonoraenequipo.com.mx\/#\/schema\/person\/50102df0fb23a8fa9e8effad8fa81386","name":"enequipo","image":{"@type":"ImageObject","inLanguage":"es","@id":"https:\/\/www.sonoraenequipo.com.mx\/#\/schema\/person\/image\/","url":"https:\/\/secure.gravatar.com\/avatar\/049821681b589dabc0bc20695993ccebb09f5b5d4d790cd9251b97faac7c652b?s=96&d=blank&r=g","contentUrl":"https:\/\/secure.gravatar.com\/avatar\/049821681b589dabc0bc20695993ccebb09f5b5d4d790cd9251b97faac7c652b?s=96&d=blank&r=g","caption":"enequipo"},"sameAs":["https:\/\/www.facebook.com\/SonoraEE"]}]}},"jetpack_featured_media_url":"https:\/\/www.sonoraenequipo.com.mx\/storage\/2023\/02\/metro-acusada-sabotear-metro2-min.jpg","_links":{"self":[{"href":"https:\/\/www.sonoraenequipo.com.mx\/api\/wp\/v2\/posts\/158699","targetHints":{"allow":["GET"]}}],"collection":[{"href":"https:\/\/www.sonoraenequipo.com.mx\/api\/wp\/v2\/posts"}],"about":[{"href":"https:\/\/www.sonoraenequipo.com.mx\/api\/wp\/v2\/types\/post"}],"author":[{"embeddable":true,"href":"https:\/\/www.sonoraenequipo.com.mx\/api\/wp\/v2\/users\/1"}],"replies":[{"embeddable":true,"href":"https:\/\/www.sonoraenequipo.com.mx\/api\/wp\/v2\/comments?post=158699"}],"version-history":[{"count":1,"href":"https:\/\/www.sonoraenequipo.com.mx\/api\/wp\/v2\/posts\/158699\/revisions"}],"predecessor-version":[{"id":158701,"href":"https:\/\/www.sonoraenequipo.com.mx\/api\/wp\/v2\/posts\/158699\/revisions\/158701"}],"wp:featuredmedia":[{"embeddable":true,"href":"https:\/\/www.sonoraenequipo.com.mx\/api\/wp\/v2\/media\/158700"}],"wp:attachment":[{"href":"https:\/\/www.sonoraenequipo.com.mx\/api\/wp\/v2\/media?parent=158699"}],"wp:term":[{"taxonomy":"category","embeddable":true,"href":"https:\/\/www.sonoraenequipo.com.mx\/api\/wp\/v2\/categories?post=158699"},{"taxonomy":"post_tag","embeddable":true,"href":"https:\/\/www.sonoraenequipo.com.mx\/api\/wp\/v2\/tags?post=158699"}],"curies":[{"name":"wp","href":"https:\/\/api.w.org\/{rel}","templated":true}]}}