{"id":158932,"date":"2023-02-13T12:06:57","date_gmt":"2023-02-13T19:06:57","guid":{"rendered":"https:\/\/www.sonoraenequipo.com.mx\/?p=158932"},"modified":"2023-02-13T12:06:57","modified_gmt":"2023-02-13T19:06:57","slug":"definen-en-estatales-codeson-a-los-ajedrecistas-que-iran-a-fase-regional","status":"publish","type":"post","link":"https:\/\/www.sonoraenequipo.com.mx\/definen-en-estatales-codeson-a-los-ajedrecistas-que-iran-a-fase-regional\/","title":{"rendered":"Definen en Estatales Codeson a los ajedrecistas que ir\u00e1n a fase regional"},"content":{"rendered":"<p>&nbsp;<\/p>\n<p>&nbsp;<\/p>\n<p><strong>HERMOSILLO, SONORA,MX.<\/strong><strong>\u2500\u2500<\/strong> Quedaron definidos los 12 ajedrecistas que representar\u00e1n a Sonora en la etapa Regional, despu\u00e9s concluir este domingo los Estatales Codeson 2023, convocados por el Gobierno de Sonora, en donde participaron 94 elementos de once municipios.<\/p>\n<p>&nbsp;<\/p>\n<p>&nbsp;<\/p>\n<p>&nbsp;<\/p>\n<p>Tomando en cuenta que el primero y segundo lugar de cada una de las tres categor\u00edas (en ambas ramas) ficharon su avance a la siguiente fase eliminatoria \u2013a celebrase en Sinaloa el 25 y 26 de marzo- Hermosillo acumul\u00f3 siete boletos, sigui\u00e9ndole San Luis R\u00edo Colorado con dos, mientras que Guaymas, Suaqui Grande y Nogales consiguieron uno.<\/p>\n<p>&nbsp;<\/p>\n<p>&nbsp;<\/p>\n<p>&nbsp;<\/p>\n<p>En la categor\u00eda 2011 y menores, Hermosillo hizo el 1-2, tanto en la varonil como en la femenil; en mujeres con Mar\u00eda Abigail Villaescusa Espinoza (4.5 puntos) y Kenya Marlene Meraz Trujillo (4), mientras que en hombres Mateo Ruiz Gast\u00e9lum y \u00d3liver Arm\u00edn \u00c1lvarez Ochoa empataron en el primer lugar (al sumar 4 unidades y media).<\/p>\n<p>&nbsp;<\/p>\n<p>&nbsp;<\/p>\n<p>&nbsp;<\/p>\n<p>A su vez, en la 2009-10 varonil, el ganador de siete medallas (dos oros y siete bronces) en los Nacionales Conade 2022, el nogalense Ra\u00fal Mois\u00e9s C\u00e1rdenas Armenta, se coron\u00f3 de manera invicta con 5 puntos, seguido del hermosillense Jes\u00fas Alejandro Plascencia Moreno (4).<\/p>\n<p>&nbsp;<\/p>\n<p>&nbsp;<\/p>\n<p>&nbsp;<\/p>\n<p>El primer lugar de la rama femenil, de esa misma categor\u00eda, lo compartieron Yaiza Belizia V\u00e1zquez Moroyoqui, de Suaqui Grande, y Harley Judith Leyva Laguna, de Hermosillo, pues ambas terminaron con 4.5 unidades.<\/p>\n<p>&nbsp;<\/p>\n<p>&nbsp;<\/p>\n<p>&nbsp;<\/p>\n<p>Otra campeona invicta fue la hermosillense F\u00e1tima Medina Cinco, quien en la categor\u00eda 2007-08 femenil, gan\u00f3 todas sus partidas para sumar 5 unidades, en tanto que la guaymense Laura Ximena Soto Guzm\u00e1n, termin\u00f3 segunda al contabilizar 4 puntos.<\/p>\n<p>&nbsp;<\/p>\n<p>Dentro de la 2007-08 varonil, el campeonato y subcampeonato qued\u00f3 en manos de ajedrecistas de San Luis R\u00edo Colorado, ya que los hermanos Espinoza V\u00e1zquez, \u00c9dgar Omar e Ian Paolo, igualaron en el liderato con 4.5 puntos, al ganar cada uno cuatro partidas y empatar una, en las cinco rondas de acciones.<\/p>\n<p><strong><em><u>Fecha de publicaci\u00f3n s\u00e1bado 11 de febrero de 2023 con informaci\u00f3n de boletines<\/u><\/em><\/strong><\/p>\n<p>&nbsp;<\/p>\n<p>&nbsp;<\/p>\n","protected":false},"excerpt":{"rendered":"<p>&nbsp; &nbsp; HERMOSILLO, SONORA,MX.\u2500\u2500 Quedaron definidos los 12 ajedrecistas que representar\u00e1n a Sonora en la&#8230;<\/p>\n","protected":false},"author":1,"featured_media":61784,"comment_status":"open","ping_status":"open","sticky":false,"template":"","format":"standard","meta":{"_monsterinsights_skip_tracking":false,"_monsterinsights_sitenote_active":false,"_monsterinsights_sitenote_note":"","_monsterinsights_sitenote_category":0,"footnotes":""},"categories":[10],"tags":[5633,1875,6882],"class_list":["post"],"yoast_head":" \n<title>Sonora en Equipo. Definen en Estatales Codeson a los ajedrecistas que ir\u00e1n a fase regional Deportes<\/title>\n<meta name=\"description\" content=\"&nbsp; &nbsp; HERMOSILLO, SONORA,MX.\u2500\u2500 Quedaron definidos los 12 ajedrecistas que representar\u00e1n a Sonora en la etapa Regional, despu\u00e9s concluir este En Sonora en Equipo publicamos toda la informaci\u00f3n de Sonora, M\u00e9xico y el Mundo de manera oportuna y busca que la libertad de expresi\u00f3n sea real. Visita nuestro medio informativo publicado desde Hermosillo, Sonora. %\" \/>\n<meta name=\"robots\" content=\"index, follow, max-snippet:-1, max-image-preview:large, max-video-preview:-1\" \/>\n<link rel=\"canonical\" href=\"https:\/\/www.sonoraenequipo.com.mx\/definen-en-estatales-codeson-a-los-ajedrecistas-que-iran-a-fase-regional\/\" \/>\n<meta property=\"og:locale\" content=\"es_ES\" \/>\n<meta property=\"og:type\" content=\"article\" \/>\n<meta property=\"og:title\" content=\"Sonora en Equipo. Definen en Estatales Codeson a los ajedrecistas que ir\u00e1n a fase regional Deportes\" \/>\n<meta property=\"og:description\" content=\"&nbsp; &nbsp; HERMOSILLO, SONORA,MX.\u2500\u2500 Quedaron definidos los 12 ajedrecistas que representar\u00e1n a Sonora en la etapa Regional, despu\u00e9s concluir este En Sonora en Equipo publicamos toda la informaci\u00f3n de Sonora, M\u00e9xico y el Mundo de manera oportuna y busca que la libertad de expresi\u00f3n sea real. Visita nuestro medio informativo publicado desde Hermosillo, Sonora. %\" \/>\n<meta property=\"og:url\" content=\"https:\/\/www.sonoraenequipo.com.mx\/definen-en-estatales-codeson-a-los-ajedrecistas-que-iran-a-fase-regional\/\" \/>\n<meta property=\"og:site_name\" content=\"Sonora en Equipo.\" \/>\n<meta property=\"article:publisher\" content=\"https:\/\/www.facebook.com\/SonoraEE\/\" \/>\n<meta property=\"article:author\" content=\"https:\/\/www.facebook.com\/SonoraEE\" \/>\n<meta property=\"article:published_time\" content=\"2023-02-13T19:06:57+00:00\" \/>\n<meta property=\"og:image\" content=\"https:\/\/www.sonoraenequipo.com.mx\/storage\/2019\/06\/torneodeajedrez_opt.jpg\" \/>\n\t<meta property=\"og:image:width\" content=\"507\" \/>\n\t<meta property=\"og:image:height\" content=\"400\" \/>\n\t<meta property=\"og:image:type\" content=\"image\/jpeg\" \/>\n<meta name=\"author\" content=\"enequipo\" \/>\n<meta name=\"twitter:card\" content=\"summary_large_image\" \/>\n<meta name=\"twitter:creator\" content=\"@sonoraenequipo\" \/>\n<meta name=\"twitter:site\" content=\"@sonoraenequipo\" \/>\n<meta name=\"twitter:label1\" content=\"Escrito por\" \/>\n\t<meta name=\"twitter:data1\" content=\"enequipo\" \/>\n\t<meta name=\"twitter:label2\" content=\"Tiempo de lectura\" \/>\n\t<meta name=\"twitter:data2\" content=\"2 minutos\" \/>\n<script type=\"application\/ld+json\" class=\"yoast-schema-graph\">{\"@context\":\"https:\/\/schema.org\",\"@graph\":[{\"@type\":\"Article\",\"@id\":\"https:\/\/www.sonoraenequipo.com.mx\/definen-en-estatales-codeson-a-los-ajedrecistas-que-iran-a-fase-regional\/#article\",\"isPartOf\":{\"@id\":\"https:\/\/www.sonoraenequipo.com.mx\/definen-en-estatales-codeson-a-los-ajedrecistas-que-iran-a-fase-regional\/\"},\"author\":{\"name\":\"enequipo\",\"@id\":\"https:\/\/www.sonoraenequipo.com.mx\/#\/schema\/person\/50102df0fb23a8fa9e8effad8fa81386\"},\"headline\":\"Definen en Estatales Codeson a los ajedrecistas que ir\u00e1n a fase regional\",\"datePublished\":\"2023-02-13T19:06:57+00:00\",\"mainEntityOfPage\":{\"@id\":\"https:\/\/www.sonoraenequipo.com.mx\/definen-en-estatales-codeson-a-los-ajedrecistas-que-iran-a-fase-regional\/\"},\"wordCount\":369,\"commentCount\":0,\"publisher\":{\"@id\":\"https:\/\/www.sonoraenequipo.com.mx\/#organization\"},\"image\":{\"@id\":\"https:\/\/www.sonoraenequipo.com.mx\/definen-en-estatales-codeson-a-los-ajedrecistas-que-iran-a-fase-regional\/#primaryimage\"},\"thumbnailUrl\":\"https:\/\/www.sonoraenequipo.com.mx\/storage\/2019\/06\/torneodeajedrez_opt.jpg\",\"keywords\":[\"ajedrez\",\"Codeson\",\"estatales\"],\"articleSection\":[\"Deportes\"],\"inLanguage\":\"es\",\"potentialAction\":[{\"@type\":\"CommentAction\",\"name\":\"Comment\",\"target\":[\"https:\/\/www.sonoraenequipo.com.mx\/definen-en-estatales-codeson-a-los-ajedrecistas-que-iran-a-fase-regional\/#respond\"]}]},{\"@type\":\"WebPage\",\"@id\":\"https:\/\/www.sonoraenequipo.com.mx\/definen-en-estatales-codeson-a-los-ajedrecistas-que-iran-a-fase-regional\/\",\"url\":\"https:\/\/www.sonoraenequipo.com.mx\/definen-en-estatales-codeson-a-los-ajedrecistas-que-iran-a-fase-regional\/\",\"name\":\"Sonora en Equipo. Definen en Estatales Codeson a los ajedrecistas que ir\u00e1n a fase regional Deportes\",\"isPartOf\":{\"@id\":\"https:\/\/www.sonoraenequipo.com.mx\/#website\"},\"primaryImageOfPage\":{\"@id\":\"https:\/\/www.sonoraenequipo.com.mx\/definen-en-estatales-codeson-a-los-ajedrecistas-que-iran-a-fase-regional\/#primaryimage\"},\"image\":{\"@id\":\"https:\/\/www.sonoraenequipo.com.mx\/definen-en-estatales-codeson-a-los-ajedrecistas-que-iran-a-fase-regional\/#primaryimage\"},\"thumbnailUrl\":\"https:\/\/www.sonoraenequipo.com.mx\/storage\/2019\/06\/torneodeajedrez_opt.jpg\",\"datePublished\":\"2023-02-13T19:06:57+00:00\",\"description\":\"&nbsp; &nbsp; HERMOSILLO, SONORA,MX.\u2500\u2500 Quedaron definidos los 12 ajedrecistas que representar\u00e1n a Sonora en la etapa Regional, despu\u00e9s concluir este En Sonora en Equipo publicamos toda la informaci\u00f3n de Sonora, M\u00e9xico y el Mundo de manera oportuna y busca que la libertad de expresi\u00f3n sea real. Visita nuestro medio informativo publicado desde Hermosillo, Sonora. %\",\"breadcrumb\":{\"@id\":\"https:\/\/www.sonoraenequipo.com.mx\/definen-en-estatales-codeson-a-los-ajedrecistas-que-iran-a-fase-regional\/#breadcrumb\"},\"inLanguage\":\"es\",\"potentialAction\":[{\"@type\":\"ReadAction\",\"target\":[\"https:\/\/www.sonoraenequipo.com.mx\/definen-en-estatales-codeson-a-los-ajedrecistas-que-iran-a-fase-regional\/\"]}]},{\"@type\":\"ImageObject\",\"inLanguage\":\"es\",\"@id\":\"https:\/\/www.sonoraenequipo.com.mx\/definen-en-estatales-codeson-a-los-ajedrecistas-que-iran-a-fase-regional\/#primaryimage\",\"url\":\"https:\/\/www.sonoraenequipo.com.mx\/storage\/2019\/06\/torneodeajedrez_opt.jpg\",\"contentUrl\":\"https:\/\/www.sonoraenequipo.com.mx\/storage\/2019\/06\/torneodeajedrez_opt.jpg\",\"width\":507,\"height\":400},{\"@type\":\"BreadcrumbList\",\"@id\":\"https:\/\/www.sonoraenequipo.com.mx\/definen-en-estatales-codeson-a-los-ajedrecistas-que-iran-a-fase-regional\/#breadcrumb\",\"itemListElement\":[{\"@type\":\"ListItem\",\"position\":1,\"name\":\"Portada\",\"item\":\"https:\/\/www.sonoraenequipo.com.mx\/\"},{\"@type\":\"ListItem\",\"position\":2,\"name\":\"Definen en Estatales Codeson a los ajedrecistas que ir\u00e1n a fase regional\"}]},{\"@type\":\"WebSite\",\"@id\":\"https:\/\/www.sonoraenequipo.com.mx\/#website\",\"url\":\"https:\/\/www.sonoraenequipo.com.mx\/\",\"name\":\"Sonora en Equipo.\",\"description\":\"Diario en l\u00ednea con Noticias desde Hermosillo, Sonora\",\"publisher\":{\"@id\":\"https:\/\/www.sonoraenequipo.com.mx\/#organization\"},\"potentialAction\":[{\"@type\":\"SearchAction\",\"target\":{\"@type\":\"EntryPoint\",\"urlTemplate\":\"https:\/\/www.sonoraenequipo.com.mx\/?s={search_term_string}\"},\"query-input\":{\"@type\":\"PropertyValueSpecification\",\"valueRequired\":true,\"valueName\":\"search_term_string\"}}],\"inLanguage\":\"es\"},{\"@type\":\"Organization\",\"@id\":\"https:\/\/www.sonoraenequipo.com.mx\/#organization\",\"name\":\"Sonoraenequipo.com.mx\",\"url\":\"https:\/\/www.sonoraenequipo.com.mx\/\",\"logo\":{\"@type\":\"ImageObject\",\"inLanguage\":\"es\",\"@id\":\"https:\/\/www.sonoraenequipo.com.mx\/#\/schema\/logo\/image\/\",\"url\":\"https:\/\/www.sonoraenequipo.com.mx\/storage\/2019\/01\/sonoraenequipo_opt.png\",\"contentUrl\":\"https:\/\/www.sonoraenequipo.com.mx\/storage\/2019\/01\/sonoraenequipo_opt.png\",\"width\":375,\"height\":125,\"caption\":\"Sonoraenequipo.com.mx\"},\"image\":{\"@id\":\"https:\/\/www.sonoraenequipo.com.mx\/#\/schema\/logo\/image\/\"},\"sameAs\":[\"https:\/\/www.facebook.com\/SonoraEE\/\",\"https:\/\/x.com\/sonoraenequipo\",\"https:\/\/www.youtube.com\/channel\/UC338nW-lPEYmJQs4ZABQ1SQ\"]},{\"@type\":\"Person\",\"@id\":\"https:\/\/www.sonoraenequipo.com.mx\/#\/schema\/person\/50102df0fb23a8fa9e8effad8fa81386\",\"name\":\"enequipo\",\"image\":{\"@type\":\"ImageObject\",\"inLanguage\":\"es\",\"@id\":\"https:\/\/www.sonoraenequipo.com.mx\/#\/schema\/person\/image\/\",\"url\":\"https:\/\/secure.gravatar.com\/avatar\/049821681b589dabc0bc20695993ccebb09f5b5d4d790cd9251b97faac7c652b?s=96&d=blank&r=g\",\"contentUrl\":\"https:\/\/secure.gravatar.com\/avatar\/049821681b589dabc0bc20695993ccebb09f5b5d4d790cd9251b97faac7c652b?s=96&d=blank&r=g\",\"caption\":\"enequipo\"},\"sameAs\":[\"https:\/\/www.facebook.com\/SonoraEE\"]}]}<\/script>\n ","yoast_head_json":{"title":"Sonora en Equipo. Definen en Estatales Codeson a los ajedrecistas que ir\u00e1n a fase regional Deportes","description":"&nbsp; &nbsp; HERMOSILLO, SONORA,MX.\u2500\u2500 Quedaron definidos los 12 ajedrecistas que representar\u00e1n a Sonora en la etapa Regional, despu\u00e9s concluir este En Sonora en Equipo publicamos toda la informaci\u00f3n de Sonora, M\u00e9xico y el Mundo de manera oportuna y busca que la libertad de expresi\u00f3n sea real. Visita nuestro medio informativo publicado desde Hermosillo, Sonora. %","robots":{"index":"index","follow":"follow","max-snippet":"max-snippet:-1","max-image-preview":"max-image-preview:large","max-video-preview":"max-video-preview:-1"},"canonical":"https:\/\/www.sonoraenequipo.com.mx\/definen-en-estatales-codeson-a-los-ajedrecistas-que-iran-a-fase-regional\/","og_locale":"es_ES","og_type":"article","og_title":"Sonora en Equipo. Definen en Estatales Codeson a los ajedrecistas que ir\u00e1n a fase regional Deportes","og_description":"&nbsp; &nbsp; HERMOSILLO, SONORA,MX.\u2500\u2500 Quedaron definidos los 12 ajedrecistas que representar\u00e1n a Sonora en la etapa Regional, despu\u00e9s concluir este En Sonora en Equipo publicamos toda la informaci\u00f3n de Sonora, M\u00e9xico y el Mundo de manera oportuna y busca que la libertad de expresi\u00f3n sea real. Visita nuestro medio informativo publicado desde Hermosillo, Sonora. %","og_url":"https:\/\/www.sonoraenequipo.com.mx\/definen-en-estatales-codeson-a-los-ajedrecistas-que-iran-a-fase-regional\/","og_site_name":"Sonora en Equipo.","article_publisher":"https:\/\/www.facebook.com\/SonoraEE\/","article_author":"https:\/\/www.facebook.com\/SonoraEE","article_published_time":"2023-02-13T19:06:57+00:00","og_image":[{"width":507,"height":400,"url":"https:\/\/www.sonoraenequipo.com.mx\/storage\/2019\/06\/torneodeajedrez_opt.jpg","type":"image\/jpeg"}],"author":"enequipo","twitter_card":"summary_large_image","twitter_creator":"@sonoraenequipo","twitter_site":"@sonoraenequipo","twitter_misc":{"Escrito por":"enequipo","Tiempo de lectura":"2 minutos"},"schema":{"@context":"https:\/\/schema.org","@graph":[{"@type":"Article","@id":"https:\/\/www.sonoraenequipo.com.mx\/definen-en-estatales-codeson-a-los-ajedrecistas-que-iran-a-fase-regional\/#article","isPartOf":{"@id":"https:\/\/www.sonoraenequipo.com.mx\/definen-en-estatales-codeson-a-los-ajedrecistas-que-iran-a-fase-regional\/"},"author":{"name":"enequipo","@id":"https:\/\/www.sonoraenequipo.com.mx\/#\/schema\/person\/50102df0fb23a8fa9e8effad8fa81386"},"headline":"Definen en Estatales Codeson a los ajedrecistas que ir\u00e1n a fase regional","datePublished":"2023-02-13T19:06:57+00:00","mainEntityOfPage":{"@id":"https:\/\/www.sonoraenequipo.com.mx\/definen-en-estatales-codeson-a-los-ajedrecistas-que-iran-a-fase-regional\/"},"wordCount":369,"commentCount":0,"publisher":{"@id":"https:\/\/www.sonoraenequipo.com.mx\/#organization"},"image":{"@id":"https:\/\/www.sonoraenequipo.com.mx\/definen-en-estatales-codeson-a-los-ajedrecistas-que-iran-a-fase-regional\/#primaryimage"},"thumbnailUrl":"https:\/\/www.sonoraenequipo.com.mx\/storage\/2019\/06\/torneodeajedrez_opt.jpg","keywords":["ajedrez","Codeson","estatales"],"articleSection":["Deportes"],"inLanguage":"es","potentialAction":[{"@type":"CommentAction","name":"Comment","target":["https:\/\/www.sonoraenequipo.com.mx\/definen-en-estatales-codeson-a-los-ajedrecistas-que-iran-a-fase-regional\/#respond"]}]},{"@type":"WebPage","@id":"https:\/\/www.sonoraenequipo.com.mx\/definen-en-estatales-codeson-a-los-ajedrecistas-que-iran-a-fase-regional\/","url":"https:\/\/www.sonoraenequipo.com.mx\/definen-en-estatales-codeson-a-los-ajedrecistas-que-iran-a-fase-regional\/","name":"Sonora en Equipo. Definen en Estatales Codeson a los ajedrecistas que ir\u00e1n a fase regional Deportes","isPartOf":{"@id":"https:\/\/www.sonoraenequipo.com.mx\/#website"},"primaryImageOfPage":{"@id":"https:\/\/www.sonoraenequipo.com.mx\/definen-en-estatales-codeson-a-los-ajedrecistas-que-iran-a-fase-regional\/#primaryimage"},"image":{"@id":"https:\/\/www.sonoraenequipo.com.mx\/definen-en-estatales-codeson-a-los-ajedrecistas-que-iran-a-fase-regional\/#primaryimage"},"thumbnailUrl":"https:\/\/www.sonoraenequipo.com.mx\/storage\/2019\/06\/torneodeajedrez_opt.jpg","datePublished":"2023-02-13T19:06:57+00:00","description":"&nbsp; &nbsp; HERMOSILLO, SONORA,MX.\u2500\u2500 Quedaron definidos los 12 ajedrecistas que representar\u00e1n a Sonora en la etapa Regional, despu\u00e9s concluir este En Sonora en Equipo publicamos toda la informaci\u00f3n de Sonora, M\u00e9xico y el Mundo de manera oportuna y busca que la libertad de expresi\u00f3n sea real. Visita nuestro medio informativo publicado desde Hermosillo, Sonora. %","breadcrumb":{"@id":"https:\/\/www.sonoraenequipo.com.mx\/definen-en-estatales-codeson-a-los-ajedrecistas-que-iran-a-fase-regional\/#breadcrumb"},"inLanguage":"es","potentialAction":[{"@type":"ReadAction","target":["https:\/\/www.sonoraenequipo.com.mx\/definen-en-estatales-codeson-a-los-ajedrecistas-que-iran-a-fase-regional\/"]}]},{"@type":"ImageObject","inLanguage":"es","@id":"https:\/\/www.sonoraenequipo.com.mx\/definen-en-estatales-codeson-a-los-ajedrecistas-que-iran-a-fase-regional\/#primaryimage","url":"https:\/\/www.sonoraenequipo.com.mx\/storage\/2019\/06\/torneodeajedrez_opt.jpg","contentUrl":"https:\/\/www.sonoraenequipo.com.mx\/storage\/2019\/06\/torneodeajedrez_opt.jpg","width":507,"height":400},{"@type":"BreadcrumbList","@id":"https:\/\/www.sonoraenequipo.com.mx\/definen-en-estatales-codeson-a-los-ajedrecistas-que-iran-a-fase-regional\/#breadcrumb","itemListElement":[{"@type":"ListItem","position":1,"name":"Portada","item":"https:\/\/www.sonoraenequipo.com.mx\/"},{"@type":"ListItem","position":2,"name":"Definen en Estatales Codeson a los ajedrecistas que ir\u00e1n a fase regional"}]},{"@type":"WebSite","@id":"https:\/\/www.sonoraenequipo.com.mx\/#website","url":"https:\/\/www.sonoraenequipo.com.mx\/","name":"Sonora en Equipo.","description":"Diario en l\u00ednea con Noticias desde Hermosillo, Sonora","publisher":{"@id":"https:\/\/www.sonoraenequipo.com.mx\/#organization"},"potentialAction":[{"@type":"SearchAction","target":{"@type":"EntryPoint","urlTemplate":"https:\/\/www.sonoraenequipo.com.mx\/?s={search_term_string}"},"query-input":{"@type":"PropertyValueSpecification","valueRequired":true,"valueName":"search_term_string"}}],"inLanguage":"es"},{"@type":"Organization","@id":"https:\/\/www.sonoraenequipo.com.mx\/#organization","name":"Sonoraenequipo.com.mx","url":"https:\/\/www.sonoraenequipo.com.mx\/","logo":{"@type":"ImageObject","inLanguage":"es","@id":"https:\/\/www.sonoraenequipo.com.mx\/#\/schema\/logo\/image\/","url":"https:\/\/www.sonoraenequipo.com.mx\/storage\/2019\/01\/sonoraenequipo_opt.png","contentUrl":"https:\/\/www.sonoraenequipo.com.mx\/storage\/2019\/01\/sonoraenequipo_opt.png","width":375,"height":125,"caption":"Sonoraenequipo.com.mx"},"image":{"@id":"https:\/\/www.sonoraenequipo.com.mx\/#\/schema\/logo\/image\/"},"sameAs":["https:\/\/www.facebook.com\/SonoraEE\/","https:\/\/x.com\/sonoraenequipo","https:\/\/www.youtube.com\/channel\/UC338nW-lPEYmJQs4ZABQ1SQ"]},{"@type":"Person","@id":"https:\/\/www.sonoraenequipo.com.mx\/#\/schema\/person\/50102df0fb23a8fa9e8effad8fa81386","name":"enequipo","image":{"@type":"ImageObject","inLanguage":"es","@id":"https:\/\/www.sonoraenequipo.com.mx\/#\/schema\/person\/image\/","url":"https:\/\/secure.gravatar.com\/avatar\/049821681b589dabc0bc20695993ccebb09f5b5d4d790cd9251b97faac7c652b?s=96&d=blank&r=g","contentUrl":"https:\/\/secure.gravatar.com\/avatar\/049821681b589dabc0bc20695993ccebb09f5b5d4d790cd9251b97faac7c652b?s=96&d=blank&r=g","caption":"enequipo"},"sameAs":["https:\/\/www.facebook.com\/SonoraEE"]}]}},"jetpack_featured_media_url":"https:\/\/www.sonoraenequipo.com.mx\/storage\/2019\/06\/torneodeajedrez_opt.jpg","_links":{"self":[{"href":"https:\/\/www.sonoraenequipo.com.mx\/api\/wp\/v2\/posts\/158932","targetHints":{"allow":["GET"]}}],"collection":[{"href":"https:\/\/www.sonoraenequipo.com.mx\/api\/wp\/v2\/posts"}],"about":[{"href":"https:\/\/www.sonoraenequipo.com.mx\/api\/wp\/v2\/types\/post"}],"author":[{"embeddable":true,"href":"https:\/\/www.sonoraenequipo.com.mx\/api\/wp\/v2\/users\/1"}],"replies":[{"embeddable":true,"href":"https:\/\/www.sonoraenequipo.com.mx\/api\/wp\/v2\/comments?post=158932"}],"version-history":[{"count":1,"href":"https:\/\/www.sonoraenequipo.com.mx\/api\/wp\/v2\/posts\/158932\/revisions"}],"predecessor-version":[{"id":158933,"href":"https:\/\/www.sonoraenequipo.com.mx\/api\/wp\/v2\/posts\/158932\/revisions\/158933"}],"wp:featuredmedia":[{"embeddable":true,"href":"https:\/\/www.sonoraenequipo.com.mx\/api\/wp\/v2\/media\/61784"}],"wp:attachment":[{"href":"https:\/\/www.sonoraenequipo.com.mx\/api\/wp\/v2\/media?parent=158932"}],"wp:term":[{"taxonomy":"category","embeddable":true,"href":"https:\/\/www.sonoraenequipo.com.mx\/api\/wp\/v2\/categories?post=158932"},{"taxonomy":"post_tag","embeddable":true,"href":"https:\/\/www.sonoraenequipo.com.mx\/api\/wp\/v2\/tags?post=158932"}],"curies":[{"name":"wp","href":"https:\/\/api.w.org\/{rel}","templated":true}]}}