{"id":159152,"date":"2023-02-16T12:02:02","date_gmt":"2023-02-16T19:02:02","guid":{"rendered":"https:\/\/www.sonoraenequipo.com.mx\/?p=159152"},"modified":"2023-02-16T12:02:02","modified_gmt":"2023-02-16T19:02:02","slug":"desabasto-de-farmacos-en-mexico-continua-agravandose","status":"publish","type":"post","link":"https:\/\/www.sonoraenequipo.com.mx\/desabasto-de-farmacos-en-mexico-continua-agravandose\/","title":{"rendered":"Desabasto de f\u00e1rmacos en M\u00e9xico contin\u00faa agrav\u00e1ndose"},"content":{"rendered":"<p>\u25ba Seg\u00fan el colectivo Cero Desabasto En 2019 El IMSS no surti\u00f3 completamente 5\u2019040.111 recetas, en 2020 fueron 15\u2019857.785, para 2021 la cifra aument\u00f3 a 22\u2019062.617 y hasta agosto de 2022 no se surtieron completamente 9\u2019958.100 recetas.<\/p>\n<p>Este no es un tema nuevo para quienes est\u00e1n en el \u00e1rea de la salud; sin embargo, es un problema que se ha acrecentado en los \u00faltimos a\u00f1os, por lo que es oportuno dudar de las afirmaciones que hizo el gobierno acerca de que en 2023 y 2024 esta crisis se resolver\u00e1. En ese sentido, cabe destacar que Enrique Mart\u00ednez, director general del Instituto Farmac\u00e9utico M\u00e9xico (INEFAM) report\u00f3 que \u00abel retraso en la compra de los f\u00e1rmacos que se usar\u00e1n en 2023 y una mala log\u00edstica de distribuci\u00f3n provocar\u00e1n que el pr\u00f3ximo a\u00f1o contin\u00fae el abasto irregular de insumos m\u00e9dicos en los hospitales p\u00fablicos del pa\u00eds\u00bb.<\/p>\n<p>&nbsp;<\/p>\n<p>Se estima que para los siguientes a\u00f1os los f\u00e1rmacos que presentar\u00e1n mayor escasez en el sector p\u00fablico son: complejo B, metoclopramida, amoxicilina, temozolomida y lopinavir con disminuciones que van de 73,7% a 99,9%.<\/p>\n<p>&nbsp;<\/p>\n<p>Desde 2019 diversas organizaciones de la sociedad civil, as\u00ed como familiares de ni\u00f1os con c\u00e1ncer, entre otros sectores, denunciaron el desabasto de f\u00e1rmacos en los sistemas de salud p\u00fablica, en particular de los quimioterap\u00e9uticos. Ante esto se realizaron protestas y bloqueos con el fin de que el gobierno garantizara los f\u00e1rmacos, sin obtener \u00e9xito.<\/p>\n<p>&nbsp;<\/p>\n<p>Se estima que en 2022 el porcentaje promedio de consumo negado (falta de f\u00e1rmaco), en f\u00e1rmacos para tratamiento de c\u00e1ncer fue de 21,97%, lo que equivale a 283 millones de pesos.[3]<\/p>\n<p>&nbsp;<\/p>\n<p>Seg\u00fan datos del colectivo Cero Desabasto, la falta de f\u00e1rmacos ha ido en aumento en estos a\u00f1os: en 2019 el Instituto Mexicano del Seguro Social (IMSS) no surti\u00f3 completamente 5\u2019040.111 recetas, en 2020 fueron 15\u2019857.785, para 2021 la cifra aument\u00f3 a 22\u2019062.617 y hasta agosto de 2022 no se surtieron completamente 9\u2019958.100 recetas.[4]<\/p>\n<p>&nbsp;<\/p>\n<p>El desabasto tambi\u00e9n ha afectado al sector privado, actualmente los f\u00e1rmacos que faltan son, en particular, benzodiacepinas y antipsic\u00f3ticos.<\/p>\n<p>&nbsp;<\/p>\n<p>El consumo de benzodiacepinas durante los a\u00f1os de pandemia se increment\u00f3 de manera importante, relacionado a trastorno de ansiedad, trastorno por estr\u00e9s postraum\u00e1tico e insomnio, entre otros, por lo que la cantidad de pacientes que requieren el f\u00e1rmaco faltante es alta.<\/p>\n<p>&nbsp;<\/p>\n<p>Adem\u00e1s de la falta de estos f\u00e1rmacos, COFEPRIS emiti\u00f3 una alerta sanitaria para la vigilancia de clonazepam, ya que en actualmente se ha utilizado para un reto viral llamado \u00abel que se duerma al \u00faltimo gana\u00bb, que se basa en consumir el f\u00e1rmaco y luchar contra sus efectos, evitando quedar dormido. Bajo ese contexto ya se han documentado intoxicaciones importantes en j\u00f3venes que realizaban el reto en diversos estados, como Nuevo Le\u00f3n, Guanajuato y Veracruz.<\/p>\n<p>&nbsp;<\/p>\n<p>La ausencia de f\u00e1rmacos ha favorecido la falsificaci\u00f3n de varios, por ejemplo: testosterona, clonazepam, heparina s\u00f3dica, hioscina\/metamizol s\u00f3dico y metamizol s\u00f3dico, entre otros.<\/p>\n<p>&nbsp;<\/p>\n<p>Otra situaci\u00f3n a la que nos enfrentamos es la falta de f\u00e1rmacos gen\u00e9ricos, los cuales desempe\u00f1aron un papel importante durante la pandemia para amortiguar el desabasto en el sector p\u00fablico, permitiendo a los pacientes el acceso a tratamientos econ\u00f3micos.<\/p>\n<p>&nbsp;<\/p>\n<p>A pesar de que este tema se maneja principalmente por cuestiones pol\u00edticas, econ\u00f3micas y comerciales, los m\u00e9dicos somos quienes nos enfrentamos directamente ante el problema, ya que estamos cara a cara con los pacientes y nos enfrentamos al reto de los ajustes del tratamiento, a los s\u00edndromes de abstinencia y a los diversos efectos adversos presentados por los pacientes sin f\u00e1rmacos.<\/p>\n<p>&nbsp;<\/p>\n<p>\u00bfTe ha afectado el desabasto de f\u00e1rmacos en tu pr\u00e1ctica? Cu\u00e9ntame tu experiencia en los comentarios<\/p>\n<p>&nbsp;<\/p>\n<p>La Dra. Jesica Naanous Rayek es especialista en medicina interna, egresada como m\u00e9dica cirujana de la Universidad An\u00e1huac M\u00e9xico Norte y actualmente forma parte del grupo m\u00e9dico del Centro M\u00e9dico ABC en la Ciudad de M\u00e9xico, M\u00e9xico. Es apasionada por la ense\u00f1anza y poder transmitir sus conocimientos, lo que ha logrado con ayuda de su Instagram. La puedes seguir tambi\u00e9n en Facebook y TikTok.<\/p>\n<p><strong><em><u>Fecha de publicaci\u00f3n jueves\u00a0 16 de febrero de 2023 tomado de Medscape<\/u><\/em><\/strong><\/p>\n","protected":false},"excerpt":{"rendered":"<p>\u25ba Seg\u00fan el colectivo Cero Desabasto En 2019 El IMSS no surti\u00f3 completamente 5\u2019040.111 recetas,&#8230;<\/p>\n","protected":false},"author":1,"featured_media":159153,"comment_status":"open","ping_status":"open","sticky":false,"template":"","format":"standard","meta":{"_monsterinsights_skip_tracking":false,"_monsterinsights_sitenote_active":false,"_monsterinsights_sitenote_note":"","_monsterinsights_sitenote_category":0,"footnotes":""},"categories":[6493],"tags":[],"class_list":["post"],"yoast_head":" \n<title>Sonora en Equipo. Desabasto de f\u00e1rmacos en M\u00e9xico contin\u00faa agrav\u00e1ndose PALABRAS Y N\u00daMEROS<\/title>\n<meta name=\"description\" content=\"\u25ba Seg\u00fan el colectivo Cero Desabasto En 2019 El IMSS no surti\u00f3 completamente 5\u2019040.111 recetas, en 2020 fueron 15\u2019857.785, para 2021 la cifra aument\u00f3 a En Sonora en Equipo publicamos toda la informaci\u00f3n de Sonora, M\u00e9xico y el Mundo de manera oportuna y busca que la libertad de expresi\u00f3n sea real. Visita nuestro medio informativo publicado desde Hermosillo, Sonora. %\" \/>\n<meta name=\"robots\" content=\"index, follow, max-snippet:-1, max-image-preview:large, max-video-preview:-1\" \/>\n<link rel=\"canonical\" href=\"https:\/\/www.sonoraenequipo.com.mx\/desabasto-de-farmacos-en-mexico-continua-agravandose\/\" \/>\n<meta property=\"og:locale\" content=\"es_ES\" \/>\n<meta property=\"og:type\" content=\"article\" \/>\n<meta property=\"og:title\" content=\"Sonora en Equipo. Desabasto de f\u00e1rmacos en M\u00e9xico contin\u00faa agrav\u00e1ndose PALABRAS Y N\u00daMEROS\" \/>\n<meta property=\"og:description\" content=\"\u25ba Seg\u00fan el colectivo Cero Desabasto En 2019 El IMSS no surti\u00f3 completamente 5\u2019040.111 recetas, en 2020 fueron 15\u2019857.785, para 2021 la cifra aument\u00f3 a En Sonora en Equipo publicamos toda la informaci\u00f3n de Sonora, M\u00e9xico y el Mundo de manera oportuna y busca que la libertad de expresi\u00f3n sea real. Visita nuestro medio informativo publicado desde Hermosillo, Sonora. %\" \/>\n<meta property=\"og:url\" content=\"https:\/\/www.sonoraenequipo.com.mx\/desabasto-de-farmacos-en-mexico-continua-agravandose\/\" \/>\n<meta property=\"og:site_name\" content=\"Sonora en Equipo.\" \/>\n<meta property=\"article:publisher\" content=\"https:\/\/www.facebook.com\/SonoraEE\/\" \/>\n<meta property=\"article:author\" content=\"https:\/\/www.facebook.com\/SonoraEE\" \/>\n<meta property=\"article:published_time\" content=\"2023-02-16T19:02:02+00:00\" \/>\n<meta property=\"og:image\" content=\"https:\/\/www.sonoraenequipo.com.mx\/storage\/2023\/02\/desabasto-farmacos.jpg\" \/>\n\t<meta property=\"og:image:width\" content=\"600\" \/>\n\t<meta property=\"og:image:height\" content=\"400\" \/>\n\t<meta property=\"og:image:type\" content=\"image\/jpeg\" \/>\n<meta name=\"author\" content=\"enequipo\" \/>\n<meta name=\"twitter:card\" content=\"summary_large_image\" \/>\n<meta name=\"twitter:creator\" content=\"@sonoraenequipo\" \/>\n<meta name=\"twitter:site\" content=\"@sonoraenequipo\" \/>\n<meta name=\"twitter:label1\" content=\"Escrito por\" \/>\n\t<meta name=\"twitter:data1\" content=\"enequipo\" \/>\n\t<meta name=\"twitter:label2\" content=\"Tiempo de lectura\" \/>\n\t<meta name=\"twitter:data2\" content=\"4 minutos\" \/>\n<script type=\"application\/ld+json\" class=\"yoast-schema-graph\">{\"@context\":\"https:\/\/schema.org\",\"@graph\":[{\"@type\":\"Article\",\"@id\":\"https:\/\/www.sonoraenequipo.com.mx\/desabasto-de-farmacos-en-mexico-continua-agravandose\/#article\",\"isPartOf\":{\"@id\":\"https:\/\/www.sonoraenequipo.com.mx\/desabasto-de-farmacos-en-mexico-continua-agravandose\/\"},\"author\":{\"name\":\"enequipo\",\"@id\":\"https:\/\/www.sonoraenequipo.com.mx\/#\/schema\/person\/50102df0fb23a8fa9e8effad8fa81386\"},\"headline\":\"Desabasto de f\u00e1rmacos en M\u00e9xico contin\u00faa agrav\u00e1ndose\",\"datePublished\":\"2023-02-16T19:02:02+00:00\",\"mainEntityOfPage\":{\"@id\":\"https:\/\/www.sonoraenequipo.com.mx\/desabasto-de-farmacos-en-mexico-continua-agravandose\/\"},\"wordCount\":734,\"commentCount\":0,\"publisher\":{\"@id\":\"https:\/\/www.sonoraenequipo.com.mx\/#organization\"},\"image\":{\"@id\":\"https:\/\/www.sonoraenequipo.com.mx\/desabasto-de-farmacos-en-mexico-continua-agravandose\/#primaryimage\"},\"thumbnailUrl\":\"https:\/\/www.sonoraenequipo.com.mx\/storage\/2023\/02\/desabasto-farmacos.jpg\",\"articleSection\":[\"PALABRAS Y N\u00daMEROS\"],\"inLanguage\":\"es\",\"potentialAction\":[{\"@type\":\"CommentAction\",\"name\":\"Comment\",\"target\":[\"https:\/\/www.sonoraenequipo.com.mx\/desabasto-de-farmacos-en-mexico-continua-agravandose\/#respond\"]}]},{\"@type\":\"WebPage\",\"@id\":\"https:\/\/www.sonoraenequipo.com.mx\/desabasto-de-farmacos-en-mexico-continua-agravandose\/\",\"url\":\"https:\/\/www.sonoraenequipo.com.mx\/desabasto-de-farmacos-en-mexico-continua-agravandose\/\",\"name\":\"Sonora en Equipo. Desabasto de f\u00e1rmacos en M\u00e9xico contin\u00faa agrav\u00e1ndose PALABRAS Y N\u00daMEROS\",\"isPartOf\":{\"@id\":\"https:\/\/www.sonoraenequipo.com.mx\/#website\"},\"primaryImageOfPage\":{\"@id\":\"https:\/\/www.sonoraenequipo.com.mx\/desabasto-de-farmacos-en-mexico-continua-agravandose\/#primaryimage\"},\"image\":{\"@id\":\"https:\/\/www.sonoraenequipo.com.mx\/desabasto-de-farmacos-en-mexico-continua-agravandose\/#primaryimage\"},\"thumbnailUrl\":\"https:\/\/www.sonoraenequipo.com.mx\/storage\/2023\/02\/desabasto-farmacos.jpg\",\"datePublished\":\"2023-02-16T19:02:02+00:00\",\"description\":\"\u25ba Seg\u00fan el colectivo Cero Desabasto En 2019 El IMSS no surti\u00f3 completamente 5\u2019040.111 recetas, en 2020 fueron 15\u2019857.785, para 2021 la cifra aument\u00f3 a En Sonora en Equipo publicamos toda la informaci\u00f3n de Sonora, M\u00e9xico y el Mundo de manera oportuna y busca que la libertad de expresi\u00f3n sea real. Visita nuestro medio informativo publicado desde Hermosillo, Sonora. %\",\"breadcrumb\":{\"@id\":\"https:\/\/www.sonoraenequipo.com.mx\/desabasto-de-farmacos-en-mexico-continua-agravandose\/#breadcrumb\"},\"inLanguage\":\"es\",\"potentialAction\":[{\"@type\":\"ReadAction\",\"target\":[\"https:\/\/www.sonoraenequipo.com.mx\/desabasto-de-farmacos-en-mexico-continua-agravandose\/\"]}]},{\"@type\":\"ImageObject\",\"inLanguage\":\"es\",\"@id\":\"https:\/\/www.sonoraenequipo.com.mx\/desabasto-de-farmacos-en-mexico-continua-agravandose\/#primaryimage\",\"url\":\"https:\/\/www.sonoraenequipo.com.mx\/storage\/2023\/02\/desabasto-farmacos.jpg\",\"contentUrl\":\"https:\/\/www.sonoraenequipo.com.mx\/storage\/2023\/02\/desabasto-farmacos.jpg\",\"width\":600,\"height\":400,\"caption\":\"Imagen ilustrativa\"},{\"@type\":\"BreadcrumbList\",\"@id\":\"https:\/\/www.sonoraenequipo.com.mx\/desabasto-de-farmacos-en-mexico-continua-agravandose\/#breadcrumb\",\"itemListElement\":[{\"@type\":\"ListItem\",\"position\":1,\"name\":\"Portada\",\"item\":\"https:\/\/www.sonoraenequipo.com.mx\/\"},{\"@type\":\"ListItem\",\"position\":2,\"name\":\"Desabasto de f\u00e1rmacos en M\u00e9xico contin\u00faa agrav\u00e1ndose\"}]},{\"@type\":\"WebSite\",\"@id\":\"https:\/\/www.sonoraenequipo.com.mx\/#website\",\"url\":\"https:\/\/www.sonoraenequipo.com.mx\/\",\"name\":\"Sonora en Equipo.\",\"description\":\"Diario en l\u00ednea con Noticias desde Hermosillo, Sonora\",\"publisher\":{\"@id\":\"https:\/\/www.sonoraenequipo.com.mx\/#organization\"},\"potentialAction\":[{\"@type\":\"SearchAction\",\"target\":{\"@type\":\"EntryPoint\",\"urlTemplate\":\"https:\/\/www.sonoraenequipo.com.mx\/?s={search_term_string}\"},\"query-input\":{\"@type\":\"PropertyValueSpecification\",\"valueRequired\":true,\"valueName\":\"search_term_string\"}}],\"inLanguage\":\"es\"},{\"@type\":\"Organization\",\"@id\":\"https:\/\/www.sonoraenequipo.com.mx\/#organization\",\"name\":\"Sonoraenequipo.com.mx\",\"url\":\"https:\/\/www.sonoraenequipo.com.mx\/\",\"logo\":{\"@type\":\"ImageObject\",\"inLanguage\":\"es\",\"@id\":\"https:\/\/www.sonoraenequipo.com.mx\/#\/schema\/logo\/image\/\",\"url\":\"https:\/\/www.sonoraenequipo.com.mx\/storage\/2019\/01\/sonoraenequipo_opt.png\",\"contentUrl\":\"https:\/\/www.sonoraenequipo.com.mx\/storage\/2019\/01\/sonoraenequipo_opt.png\",\"width\":375,\"height\":125,\"caption\":\"Sonoraenequipo.com.mx\"},\"image\":{\"@id\":\"https:\/\/www.sonoraenequipo.com.mx\/#\/schema\/logo\/image\/\"},\"sameAs\":[\"https:\/\/www.facebook.com\/SonoraEE\/\",\"https:\/\/x.com\/sonoraenequipo\",\"https:\/\/www.youtube.com\/channel\/UC338nW-lPEYmJQs4ZABQ1SQ\"]},{\"@type\":\"Person\",\"@id\":\"https:\/\/www.sonoraenequipo.com.mx\/#\/schema\/person\/50102df0fb23a8fa9e8effad8fa81386\",\"name\":\"enequipo\",\"image\":{\"@type\":\"ImageObject\",\"inLanguage\":\"es\",\"@id\":\"https:\/\/www.sonoraenequipo.com.mx\/#\/schema\/person\/image\/\",\"url\":\"https:\/\/secure.gravatar.com\/avatar\/049821681b589dabc0bc20695993ccebb09f5b5d4d790cd9251b97faac7c652b?s=96&d=blank&r=g\",\"contentUrl\":\"https:\/\/secure.gravatar.com\/avatar\/049821681b589dabc0bc20695993ccebb09f5b5d4d790cd9251b97faac7c652b?s=96&d=blank&r=g\",\"caption\":\"enequipo\"},\"sameAs\":[\"https:\/\/www.facebook.com\/SonoraEE\"]}]}<\/script>\n ","yoast_head_json":{"title":"Sonora en Equipo. Desabasto de f\u00e1rmacos en M\u00e9xico contin\u00faa agrav\u00e1ndose PALABRAS Y N\u00daMEROS","description":"\u25ba Seg\u00fan el colectivo Cero Desabasto En 2019 El IMSS no surti\u00f3 completamente 5\u2019040.111 recetas, en 2020 fueron 15\u2019857.785, para 2021 la cifra aument\u00f3 a En Sonora en Equipo publicamos toda la informaci\u00f3n de Sonora, M\u00e9xico y el Mundo de manera oportuna y busca que la libertad de expresi\u00f3n sea real. Visita nuestro medio informativo publicado desde Hermosillo, Sonora. %","robots":{"index":"index","follow":"follow","max-snippet":"max-snippet:-1","max-image-preview":"max-image-preview:large","max-video-preview":"max-video-preview:-1"},"canonical":"https:\/\/www.sonoraenequipo.com.mx\/desabasto-de-farmacos-en-mexico-continua-agravandose\/","og_locale":"es_ES","og_type":"article","og_title":"Sonora en Equipo. Desabasto de f\u00e1rmacos en M\u00e9xico contin\u00faa agrav\u00e1ndose PALABRAS Y N\u00daMEROS","og_description":"\u25ba Seg\u00fan el colectivo Cero Desabasto En 2019 El IMSS no surti\u00f3 completamente 5\u2019040.111 recetas, en 2020 fueron 15\u2019857.785, para 2021 la cifra aument\u00f3 a En Sonora en Equipo publicamos toda la informaci\u00f3n de Sonora, M\u00e9xico y el Mundo de manera oportuna y busca que la libertad de expresi\u00f3n sea real. Visita nuestro medio informativo publicado desde Hermosillo, Sonora. %","og_url":"https:\/\/www.sonoraenequipo.com.mx\/desabasto-de-farmacos-en-mexico-continua-agravandose\/","og_site_name":"Sonora en Equipo.","article_publisher":"https:\/\/www.facebook.com\/SonoraEE\/","article_author":"https:\/\/www.facebook.com\/SonoraEE","article_published_time":"2023-02-16T19:02:02+00:00","og_image":[{"width":600,"height":400,"url":"https:\/\/www.sonoraenequipo.com.mx\/storage\/2023\/02\/desabasto-farmacos.jpg","type":"image\/jpeg"}],"author":"enequipo","twitter_card":"summary_large_image","twitter_creator":"@sonoraenequipo","twitter_site":"@sonoraenequipo","twitter_misc":{"Escrito por":"enequipo","Tiempo de lectura":"4 minutos"},"schema":{"@context":"https:\/\/schema.org","@graph":[{"@type":"Article","@id":"https:\/\/www.sonoraenequipo.com.mx\/desabasto-de-farmacos-en-mexico-continua-agravandose\/#article","isPartOf":{"@id":"https:\/\/www.sonoraenequipo.com.mx\/desabasto-de-farmacos-en-mexico-continua-agravandose\/"},"author":{"name":"enequipo","@id":"https:\/\/www.sonoraenequipo.com.mx\/#\/schema\/person\/50102df0fb23a8fa9e8effad8fa81386"},"headline":"Desabasto de f\u00e1rmacos en M\u00e9xico contin\u00faa agrav\u00e1ndose","datePublished":"2023-02-16T19:02:02+00:00","mainEntityOfPage":{"@id":"https:\/\/www.sonoraenequipo.com.mx\/desabasto-de-farmacos-en-mexico-continua-agravandose\/"},"wordCount":734,"commentCount":0,"publisher":{"@id":"https:\/\/www.sonoraenequipo.com.mx\/#organization"},"image":{"@id":"https:\/\/www.sonoraenequipo.com.mx\/desabasto-de-farmacos-en-mexico-continua-agravandose\/#primaryimage"},"thumbnailUrl":"https:\/\/www.sonoraenequipo.com.mx\/storage\/2023\/02\/desabasto-farmacos.jpg","articleSection":["PALABRAS Y N\u00daMEROS"],"inLanguage":"es","potentialAction":[{"@type":"CommentAction","name":"Comment","target":["https:\/\/www.sonoraenequipo.com.mx\/desabasto-de-farmacos-en-mexico-continua-agravandose\/#respond"]}]},{"@type":"WebPage","@id":"https:\/\/www.sonoraenequipo.com.mx\/desabasto-de-farmacos-en-mexico-continua-agravandose\/","url":"https:\/\/www.sonoraenequipo.com.mx\/desabasto-de-farmacos-en-mexico-continua-agravandose\/","name":"Sonora en Equipo. Desabasto de f\u00e1rmacos en M\u00e9xico contin\u00faa agrav\u00e1ndose PALABRAS Y N\u00daMEROS","isPartOf":{"@id":"https:\/\/www.sonoraenequipo.com.mx\/#website"},"primaryImageOfPage":{"@id":"https:\/\/www.sonoraenequipo.com.mx\/desabasto-de-farmacos-en-mexico-continua-agravandose\/#primaryimage"},"image":{"@id":"https:\/\/www.sonoraenequipo.com.mx\/desabasto-de-farmacos-en-mexico-continua-agravandose\/#primaryimage"},"thumbnailUrl":"https:\/\/www.sonoraenequipo.com.mx\/storage\/2023\/02\/desabasto-farmacos.jpg","datePublished":"2023-02-16T19:02:02+00:00","description":"\u25ba Seg\u00fan el colectivo Cero Desabasto En 2019 El IMSS no surti\u00f3 completamente 5\u2019040.111 recetas, en 2020 fueron 15\u2019857.785, para 2021 la cifra aument\u00f3 a En Sonora en Equipo publicamos toda la informaci\u00f3n de Sonora, M\u00e9xico y el Mundo de manera oportuna y busca que la libertad de expresi\u00f3n sea real. Visita nuestro medio informativo publicado desde Hermosillo, Sonora. %","breadcrumb":{"@id":"https:\/\/www.sonoraenequipo.com.mx\/desabasto-de-farmacos-en-mexico-continua-agravandose\/#breadcrumb"},"inLanguage":"es","potentialAction":[{"@type":"ReadAction","target":["https:\/\/www.sonoraenequipo.com.mx\/desabasto-de-farmacos-en-mexico-continua-agravandose\/"]}]},{"@type":"ImageObject","inLanguage":"es","@id":"https:\/\/www.sonoraenequipo.com.mx\/desabasto-de-farmacos-en-mexico-continua-agravandose\/#primaryimage","url":"https:\/\/www.sonoraenequipo.com.mx\/storage\/2023\/02\/desabasto-farmacos.jpg","contentUrl":"https:\/\/www.sonoraenequipo.com.mx\/storage\/2023\/02\/desabasto-farmacos.jpg","width":600,"height":400,"caption":"Imagen ilustrativa"},{"@type":"BreadcrumbList","@id":"https:\/\/www.sonoraenequipo.com.mx\/desabasto-de-farmacos-en-mexico-continua-agravandose\/#breadcrumb","itemListElement":[{"@type":"ListItem","position":1,"name":"Portada","item":"https:\/\/www.sonoraenequipo.com.mx\/"},{"@type":"ListItem","position":2,"name":"Desabasto de f\u00e1rmacos en M\u00e9xico contin\u00faa agrav\u00e1ndose"}]},{"@type":"WebSite","@id":"https:\/\/www.sonoraenequipo.com.mx\/#website","url":"https:\/\/www.sonoraenequipo.com.mx\/","name":"Sonora en Equipo.","description":"Diario en l\u00ednea con Noticias desde Hermosillo, Sonora","publisher":{"@id":"https:\/\/www.sonoraenequipo.com.mx\/#organization"},"potentialAction":[{"@type":"SearchAction","target":{"@type":"EntryPoint","urlTemplate":"https:\/\/www.sonoraenequipo.com.mx\/?s={search_term_string}"},"query-input":{"@type":"PropertyValueSpecification","valueRequired":true,"valueName":"search_term_string"}}],"inLanguage":"es"},{"@type":"Organization","@id":"https:\/\/www.sonoraenequipo.com.mx\/#organization","name":"Sonoraenequipo.com.mx","url":"https:\/\/www.sonoraenequipo.com.mx\/","logo":{"@type":"ImageObject","inLanguage":"es","@id":"https:\/\/www.sonoraenequipo.com.mx\/#\/schema\/logo\/image\/","url":"https:\/\/www.sonoraenequipo.com.mx\/storage\/2019\/01\/sonoraenequipo_opt.png","contentUrl":"https:\/\/www.sonoraenequipo.com.mx\/storage\/2019\/01\/sonoraenequipo_opt.png","width":375,"height":125,"caption":"Sonoraenequipo.com.mx"},"image":{"@id":"https:\/\/www.sonoraenequipo.com.mx\/#\/schema\/logo\/image\/"},"sameAs":["https:\/\/www.facebook.com\/SonoraEE\/","https:\/\/x.com\/sonoraenequipo","https:\/\/www.youtube.com\/channel\/UC338nW-lPEYmJQs4ZABQ1SQ"]},{"@type":"Person","@id":"https:\/\/www.sonoraenequipo.com.mx\/#\/schema\/person\/50102df0fb23a8fa9e8effad8fa81386","name":"enequipo","image":{"@type":"ImageObject","inLanguage":"es","@id":"https:\/\/www.sonoraenequipo.com.mx\/#\/schema\/person\/image\/","url":"https:\/\/secure.gravatar.com\/avatar\/049821681b589dabc0bc20695993ccebb09f5b5d4d790cd9251b97faac7c652b?s=96&d=blank&r=g","contentUrl":"https:\/\/secure.gravatar.com\/avatar\/049821681b589dabc0bc20695993ccebb09f5b5d4d790cd9251b97faac7c652b?s=96&d=blank&r=g","caption":"enequipo"},"sameAs":["https:\/\/www.facebook.com\/SonoraEE"]}]}},"jetpack_featured_media_url":"https:\/\/www.sonoraenequipo.com.mx\/storage\/2023\/02\/desabasto-farmacos.jpg","_links":{"self":[{"href":"https:\/\/www.sonoraenequipo.com.mx\/api\/wp\/v2\/posts\/159152","targetHints":{"allow":["GET"]}}],"collection":[{"href":"https:\/\/www.sonoraenequipo.com.mx\/api\/wp\/v2\/posts"}],"about":[{"href":"https:\/\/www.sonoraenequipo.com.mx\/api\/wp\/v2\/types\/post"}],"author":[{"embeddable":true,"href":"https:\/\/www.sonoraenequipo.com.mx\/api\/wp\/v2\/users\/1"}],"replies":[{"embeddable":true,"href":"https:\/\/www.sonoraenequipo.com.mx\/api\/wp\/v2\/comments?post=159152"}],"version-history":[{"count":1,"href":"https:\/\/www.sonoraenequipo.com.mx\/api\/wp\/v2\/posts\/159152\/revisions"}],"predecessor-version":[{"id":159154,"href":"https:\/\/www.sonoraenequipo.com.mx\/api\/wp\/v2\/posts\/159152\/revisions\/159154"}],"wp:featuredmedia":[{"embeddable":true,"href":"https:\/\/www.sonoraenequipo.com.mx\/api\/wp\/v2\/media\/159153"}],"wp:attachment":[{"href":"https:\/\/www.sonoraenequipo.com.mx\/api\/wp\/v2\/media?parent=159152"}],"wp:term":[{"taxonomy":"category","embeddable":true,"href":"https:\/\/www.sonoraenequipo.com.mx\/api\/wp\/v2\/categories?post=159152"},{"taxonomy":"post_tag","embeddable":true,"href":"https:\/\/www.sonoraenequipo.com.mx\/api\/wp\/v2\/tags?post=159152"}],"curies":[{"name":"wp","href":"https:\/\/api.w.org\/{rel}","templated":true}]}}