{"id":159158,"date":"2023-02-16T12:35:01","date_gmt":"2023-02-16T19:35:01","guid":{"rendered":"https:\/\/www.sonoraenequipo.com.mx\/?p=159158"},"modified":"2023-02-16T12:35:01","modified_gmt":"2023-02-16T19:35:01","slug":"realiza-cricp-audiencias-publicas-a-aspirantes-al-cargo-de-oic-del-isaf","status":"publish","type":"post","link":"https:\/\/www.sonoraenequipo.com.mx\/realiza-cricp-audiencias-publicas-a-aspirantes-al-cargo-de-oic-del-isaf\/","title":{"rendered":"Realiza CRICP audiencias p\u00fablicas a aspirantes al cargo de OIC del ISAF"},"content":{"rendered":"<p><strong>HERMOSILLO, SONORA,MX.<\/strong><strong>\u2500\u2500<\/strong> Para desahogar las audiencias p\u00fablicas de entrevistas a las y los aspirantes a ocupar el cargo de titular del \u00d3rgano de Control Interno del Instituto Superior de Auditoria y Fiscalizaci\u00f3n, ISAF, se reunieron ayer las diputadas y los diputados que integran la Comisi\u00f3n de R\u00e9gimen Interno y Concertaci\u00f3n Pol\u00edtica.<\/p>\n<p>&nbsp;<\/p>\n<p>&nbsp;<\/p>\n<p>&nbsp;<\/p>\n<p>El diputado Ferm\u00edn Trujillo Fuentes, presidente de la citada Comisi\u00f3n, record\u00f3 que el primero febrero de 2022, el Gobernador present\u00f3 la iniciativa con proyecto de Ley de reforma a la Constituci\u00f3n Pol\u00edtica del Estado Libre y Soberano de Sonora, en materia de \u00d3rganos Internos de Control de los Organismos Constitucionalmente Aut\u00f3nomos.<\/p>\n<p>&nbsp;<\/p>\n<p>&nbsp;<\/p>\n<p>&nbsp;<\/p>\n<p>Relat\u00f3 que se aprob\u00f3 por el Pleno la iniciativa de Ley y se envi\u00f3 a los municipios para su aprobaci\u00f3n, siendo el 20 de abril del mismo a\u00f1o, se public\u00f3 en el Bolet\u00edn Oficial, la Ley que reforma la Constituci\u00f3n local, en materia de OIC de los Organismos Constitucionalmente Aut\u00f3nomos.<\/p>\n<p>&nbsp;<\/p>\n<p>&nbsp;<\/p>\n<p>&nbsp;<\/p>\n<p>Con fecha siete de junio de 2022, se\u00f1al\u00f3, se aprob\u00f3 la convocatoria para integrar los \u00d3rganos Internos de Control de los Organismos Constitucionalmente Aut\u00f3nomos, para lo que se establecieron los d\u00edas 27 y 28 de junio de 2022, entrevistas a 25 ciudadanos para seleccionar a los titulares de los OIC de los Organismos Constitucionalmente Aut\u00f3nomos del Estado.<\/p>\n<p>&nbsp;<\/p>\n<p>&nbsp;<\/p>\n<p>&nbsp;<\/p>\n<p>El Pleno del Congreso del Estado, dijo, nombr\u00f3 mediante acuerdo n\u00famero 116, a los titulares de los OIC de los Organismos Constitucionalmente Aut\u00f3nomos y el 17 de noviembre de 2022, se destituy\u00f3 al ciudadano Omar Alejandro Tiburcio Cruz, como titular del \u00f3rgano de control interno del ISAF.<\/p>\n<p>&nbsp;<\/p>\n<p>&nbsp;<\/p>\n<p>&nbsp;<\/p>\n<p>El diputado Trujillo Fuentes mencion\u00f3 que el primero de diciembre de 2022, el Pleno del Congreso del Estado nombr\u00f3 al ciudadano Jos\u00e9 Luis Romero El\u00edas, como encargado de despacho hasta entonces se nombre al titular del \u00d3rgano Interno de Control del ISAF.<\/p>\n<p>&nbsp;<\/p>\n<p>&nbsp;<\/p>\n<p>&nbsp;<\/p>\n<p>\u201cEl d\u00eda ocho de diciembre de 2022, se aprob\u00f3 la convocatoria p\u00fablica para desempe\u00f1ar el cargo de titular del OIC del ISAF; para que los d\u00edas del 16 de enero al 03 de febrero del presente a\u00f1o, se recibieran los documentos de los aspirantes a OIC del ISAF; el d\u00eda ocho de febrero de 2023, se public\u00f3 el listado de quienes aspiran a desempe\u00f1ar el encargo y el 10 de febrero de este mismo a\u00f1o, se public\u00f3 calendario de comparecencias de este d\u00eda\u201d, detall\u00f3.<\/p>\n<p>&nbsp;<\/p>\n<p>&nbsp;<\/p>\n<p>&nbsp;<\/p>\n<p>Durante la jornada de entrevistas que inici\u00f3 a las 9:00 horas y finaliz\u00f3 a las 12:00 horas, participaron los ciudadanos Gast\u00f3n G\u00f3mez Le\u00f3n, Carlos Ernesto L\u00f3pez Hoyos, Martha Aurora Mart\u00ednez Fuente, Rams\u00e9s Leyva L\u00f3pez, Arnoldo Barcel\u00f3 Sainz, V\u00edctor Manuel Delgado Moreno, Francisco Javier Z\u00e1rate Soto.<\/p>\n<p>&nbsp;<\/p>\n<p>&nbsp;<\/p>\n<p>&nbsp;<\/p>\n<p>Tambi\u00e9n Vannia Dom\u00ednguez Borb\u00f3n, Ruth Chomina L\u00f3pez, Refugio Palafox Castro, Servando Liz\u00e1rraga Alvarado, Juan Pablo Walls Esparza, Luis Arturo Padilla Valdivia, Juan Pablo Olmos Mac\u00edas y Alberto Ignacio Valenzuela Tiznado.<\/p>\n<p>&nbsp;<\/p>\n<p>&nbsp;<\/p>\n<p>&nbsp;<\/p>\n<p>Durante las entrevistas las diputadas Alejandra L\u00f3pez Noriega, Rosa Elena Trujillo Llanes, Sagrario Monta\u00f1o Palomares, Claudia Zulema Bours Corral, Ernestina Castro Valenzuela y el diputado Ricardo Lugo Moreno, cuestionaron a los ciudadanos por su inter\u00e9s de participar en la titularidad del cargo de OIC del ISAF; su experiencia profesional; laboral; planes y programas de trabajo de ser favorecidos a dicho puesto.<\/p>\n<p>&nbsp;<\/p>\n<p>&nbsp;<\/p>\n<p>&nbsp;<\/p>\n<p>Adem\u00e1s, respecto al conocimiento que tienen sobre la responsabilidad que aspiran obtener en el OIC del ISAF; las medidas preventivas que se deben de tomar respecto a la autonom\u00eda del OIC y el propio ISAF; las acciones preventivas para trabajar bajo el estado de derecho, entre otras.<\/p>\n<p>&nbsp;<\/p>\n<p>&nbsp;<\/p>\n<p>&nbsp;<\/p>\n<p>Los ciudadanos coincidieron que por su preparaci\u00f3n y experiencia profesional podr\u00e1n implementar estrategias que permitan trabajar de manera coordinada mediante acciones preventivas; establecer programas de capacitaci\u00f3n constante que permitan la mejora continua; trabajar con estricto apego a las normas en la materia e impulsar los criterios de transparencia, rendici\u00f3n de cuentas y, sobre todo, darle la confianza a la ciudadan\u00eda de que el uso de los recursos p\u00fablicos se realiza de la manera correcta.<\/p>\n<p><strong><em><u>Fecha de publicaci\u00f3n jueves\u00a0 16 de febrero de 2023 con informaci\u00f3n de boletines<\/u><\/em><\/strong><\/p>\n<p>&nbsp;<\/p>\n","protected":false},"excerpt":{"rendered":"<p>HERMOSILLO, SONORA,MX.\u2500\u2500 Para desahogar las audiencias p\u00fablicas de entrevistas a las y los aspirantes a&#8230;<\/p>\n","protected":false},"author":1,"featured_media":159159,"comment_status":"open","ping_status":"open","sticky":false,"template":"","format":"standard","meta":{"_monsterinsights_skip_tracking":false,"_monsterinsights_sitenote_active":false,"_monsterinsights_sitenote_note":"","_monsterinsights_sitenote_category":0,"footnotes":""},"categories":[3281],"tags":[8191],"class_list":["post"],"yoast_head":" \n<title>Sonora en Equipo. Realiza CRICP audiencias p\u00fablicas a aspirantes al cargo de OIC del ISAF Congreso<\/title>\n<meta name=\"description\" content=\"HERMOSILLO, SONORA,MX.\u2500\u2500 Para desahogar las audiencias p\u00fablicas de entrevistas a las y los aspirantes a ocupar el cargo de titular del \u00d3rgano de Control En Sonora en Equipo publicamos toda la informaci\u00f3n de Sonora, M\u00e9xico y el Mundo de manera oportuna y busca que la libertad de expresi\u00f3n sea real. Visita nuestro medio informativo publicado desde Hermosillo, Sonora. %\" \/>\n<meta name=\"robots\" content=\"index, follow, max-snippet:-1, max-image-preview:large, max-video-preview:-1\" \/>\n<link rel=\"canonical\" href=\"https:\/\/www.sonoraenequipo.com.mx\/realiza-cricp-audiencias-publicas-a-aspirantes-al-cargo-de-oic-del-isaf\/\" \/>\n<meta property=\"og:locale\" content=\"es_ES\" \/>\n<meta property=\"og:type\" content=\"article\" \/>\n<meta property=\"og:title\" content=\"Sonora en Equipo. Realiza CRICP audiencias p\u00fablicas a aspirantes al cargo de OIC del ISAF Congreso\" \/>\n<meta property=\"og:description\" content=\"HERMOSILLO, SONORA,MX.\u2500\u2500 Para desahogar las audiencias p\u00fablicas de entrevistas a las y los aspirantes a ocupar el cargo de titular del \u00d3rgano de Control En Sonora en Equipo publicamos toda la informaci\u00f3n de Sonora, M\u00e9xico y el Mundo de manera oportuna y busca que la libertad de expresi\u00f3n sea real. Visita nuestro medio informativo publicado desde Hermosillo, Sonora. %\" \/>\n<meta property=\"og:url\" content=\"https:\/\/www.sonoraenequipo.com.mx\/realiza-cricp-audiencias-publicas-a-aspirantes-al-cargo-de-oic-del-isaf\/\" \/>\n<meta property=\"og:site_name\" content=\"Sonora en Equipo.\" \/>\n<meta property=\"article:publisher\" content=\"https:\/\/www.facebook.com\/SonoraEE\/\" \/>\n<meta property=\"article:author\" content=\"https:\/\/www.facebook.com\/SonoraEE\" \/>\n<meta property=\"article:published_time\" content=\"2023-02-16T19:35:01+00:00\" \/>\n<meta property=\"og:image\" content=\"https:\/\/www.sonoraenequipo.com.mx\/storage\/2023\/02\/cricp.jpg\" \/>\n\t<meta property=\"og:image:width\" content=\"600\" \/>\n\t<meta property=\"og:image:height\" content=\"400\" \/>\n\t<meta property=\"og:image:type\" content=\"image\/jpeg\" \/>\n<meta name=\"author\" content=\"enequipo\" \/>\n<meta name=\"twitter:card\" content=\"summary_large_image\" \/>\n<meta name=\"twitter:creator\" content=\"@sonoraenequipo\" \/>\n<meta name=\"twitter:site\" content=\"@sonoraenequipo\" \/>\n<meta name=\"twitter:label1\" content=\"Escrito por\" \/>\n\t<meta name=\"twitter:data1\" content=\"enequipo\" \/>\n\t<meta name=\"twitter:label2\" content=\"Tiempo de lectura\" \/>\n\t<meta name=\"twitter:data2\" content=\"4 minutos\" \/>\n<script type=\"application\/ld+json\" class=\"yoast-schema-graph\">{\"@context\":\"https:\/\/schema.org\",\"@graph\":[{\"@type\":\"Article\",\"@id\":\"https:\/\/www.sonoraenequipo.com.mx\/realiza-cricp-audiencias-publicas-a-aspirantes-al-cargo-de-oic-del-isaf\/#article\",\"isPartOf\":{\"@id\":\"https:\/\/www.sonoraenequipo.com.mx\/realiza-cricp-audiencias-publicas-a-aspirantes-al-cargo-de-oic-del-isaf\/\"},\"author\":{\"name\":\"enequipo\",\"@id\":\"https:\/\/www.sonoraenequipo.com.mx\/#\/schema\/person\/50102df0fb23a8fa9e8effad8fa81386\"},\"headline\":\"Realiza CRICP audiencias p\u00fablicas a aspirantes al cargo de OIC del ISAF\",\"datePublished\":\"2023-02-16T19:35:01+00:00\",\"mainEntityOfPage\":{\"@id\":\"https:\/\/www.sonoraenequipo.com.mx\/realiza-cricp-audiencias-publicas-a-aspirantes-al-cargo-de-oic-del-isaf\/\"},\"wordCount\":740,\"commentCount\":0,\"publisher\":{\"@id\":\"https:\/\/www.sonoraenequipo.com.mx\/#organization\"},\"image\":{\"@id\":\"https:\/\/www.sonoraenequipo.com.mx\/realiza-cricp-audiencias-publicas-a-aspirantes-al-cargo-de-oic-del-isaf\/#primaryimage\"},\"thumbnailUrl\":\"https:\/\/www.sonoraenequipo.com.mx\/storage\/2023\/02\/cricp.jpg\",\"keywords\":[\"cricp. isaf\"],\"articleSection\":[\"Congreso\"],\"inLanguage\":\"es\",\"potentialAction\":[{\"@type\":\"CommentAction\",\"name\":\"Comment\",\"target\":[\"https:\/\/www.sonoraenequipo.com.mx\/realiza-cricp-audiencias-publicas-a-aspirantes-al-cargo-de-oic-del-isaf\/#respond\"]}]},{\"@type\":\"WebPage\",\"@id\":\"https:\/\/www.sonoraenequipo.com.mx\/realiza-cricp-audiencias-publicas-a-aspirantes-al-cargo-de-oic-del-isaf\/\",\"url\":\"https:\/\/www.sonoraenequipo.com.mx\/realiza-cricp-audiencias-publicas-a-aspirantes-al-cargo-de-oic-del-isaf\/\",\"name\":\"Sonora en Equipo. Realiza CRICP audiencias p\u00fablicas a aspirantes al cargo de OIC del ISAF Congreso\",\"isPartOf\":{\"@id\":\"https:\/\/www.sonoraenequipo.com.mx\/#website\"},\"primaryImageOfPage\":{\"@id\":\"https:\/\/www.sonoraenequipo.com.mx\/realiza-cricp-audiencias-publicas-a-aspirantes-al-cargo-de-oic-del-isaf\/#primaryimage\"},\"image\":{\"@id\":\"https:\/\/www.sonoraenequipo.com.mx\/realiza-cricp-audiencias-publicas-a-aspirantes-al-cargo-de-oic-del-isaf\/#primaryimage\"},\"thumbnailUrl\":\"https:\/\/www.sonoraenequipo.com.mx\/storage\/2023\/02\/cricp.jpg\",\"datePublished\":\"2023-02-16T19:35:01+00:00\",\"description\":\"HERMOSILLO, SONORA,MX.\u2500\u2500 Para desahogar las audiencias p\u00fablicas de entrevistas a las y los aspirantes a ocupar el cargo de titular del \u00d3rgano de Control En Sonora en Equipo publicamos toda la informaci\u00f3n de Sonora, M\u00e9xico y el Mundo de manera oportuna y busca que la libertad de expresi\u00f3n sea real. Visita nuestro medio informativo publicado desde Hermosillo, Sonora. %\",\"breadcrumb\":{\"@id\":\"https:\/\/www.sonoraenequipo.com.mx\/realiza-cricp-audiencias-publicas-a-aspirantes-al-cargo-de-oic-del-isaf\/#breadcrumb\"},\"inLanguage\":\"es\",\"potentialAction\":[{\"@type\":\"ReadAction\",\"target\":[\"https:\/\/www.sonoraenequipo.com.mx\/realiza-cricp-audiencias-publicas-a-aspirantes-al-cargo-de-oic-del-isaf\/\"]}]},{\"@type\":\"ImageObject\",\"inLanguage\":\"es\",\"@id\":\"https:\/\/www.sonoraenequipo.com.mx\/realiza-cricp-audiencias-publicas-a-aspirantes-al-cargo-de-oic-del-isaf\/#primaryimage\",\"url\":\"https:\/\/www.sonoraenequipo.com.mx\/storage\/2023\/02\/cricp.jpg\",\"contentUrl\":\"https:\/\/www.sonoraenequipo.com.mx\/storage\/2023\/02\/cricp.jpg\",\"width\":600,\"height\":400},{\"@type\":\"BreadcrumbList\",\"@id\":\"https:\/\/www.sonoraenequipo.com.mx\/realiza-cricp-audiencias-publicas-a-aspirantes-al-cargo-de-oic-del-isaf\/#breadcrumb\",\"itemListElement\":[{\"@type\":\"ListItem\",\"position\":1,\"name\":\"Portada\",\"item\":\"https:\/\/www.sonoraenequipo.com.mx\/\"},{\"@type\":\"ListItem\",\"position\":2,\"name\":\"Realiza CRICP audiencias p\u00fablicas a aspirantes al cargo de OIC del ISAF\"}]},{\"@type\":\"WebSite\",\"@id\":\"https:\/\/www.sonoraenequipo.com.mx\/#website\",\"url\":\"https:\/\/www.sonoraenequipo.com.mx\/\",\"name\":\"Sonora en Equipo.\",\"description\":\"Diario en l\u00ednea con Noticias desde Hermosillo, Sonora\",\"publisher\":{\"@id\":\"https:\/\/www.sonoraenequipo.com.mx\/#organization\"},\"potentialAction\":[{\"@type\":\"SearchAction\",\"target\":{\"@type\":\"EntryPoint\",\"urlTemplate\":\"https:\/\/www.sonoraenequipo.com.mx\/?s={search_term_string}\"},\"query-input\":{\"@type\":\"PropertyValueSpecification\",\"valueRequired\":true,\"valueName\":\"search_term_string\"}}],\"inLanguage\":\"es\"},{\"@type\":\"Organization\",\"@id\":\"https:\/\/www.sonoraenequipo.com.mx\/#organization\",\"name\":\"Sonoraenequipo.com.mx\",\"url\":\"https:\/\/www.sonoraenequipo.com.mx\/\",\"logo\":{\"@type\":\"ImageObject\",\"inLanguage\":\"es\",\"@id\":\"https:\/\/www.sonoraenequipo.com.mx\/#\/schema\/logo\/image\/\",\"url\":\"https:\/\/www.sonoraenequipo.com.mx\/storage\/2019\/01\/sonoraenequipo_opt.png\",\"contentUrl\":\"https:\/\/www.sonoraenequipo.com.mx\/storage\/2019\/01\/sonoraenequipo_opt.png\",\"width\":375,\"height\":125,\"caption\":\"Sonoraenequipo.com.mx\"},\"image\":{\"@id\":\"https:\/\/www.sonoraenequipo.com.mx\/#\/schema\/logo\/image\/\"},\"sameAs\":[\"https:\/\/www.facebook.com\/SonoraEE\/\",\"https:\/\/x.com\/sonoraenequipo\",\"https:\/\/www.youtube.com\/channel\/UC338nW-lPEYmJQs4ZABQ1SQ\"]},{\"@type\":\"Person\",\"@id\":\"https:\/\/www.sonoraenequipo.com.mx\/#\/schema\/person\/50102df0fb23a8fa9e8effad8fa81386\",\"name\":\"enequipo\",\"image\":{\"@type\":\"ImageObject\",\"inLanguage\":\"es\",\"@id\":\"https:\/\/www.sonoraenequipo.com.mx\/#\/schema\/person\/image\/\",\"url\":\"https:\/\/secure.gravatar.com\/avatar\/049821681b589dabc0bc20695993ccebb09f5b5d4d790cd9251b97faac7c652b?s=96&d=blank&r=g\",\"contentUrl\":\"https:\/\/secure.gravatar.com\/avatar\/049821681b589dabc0bc20695993ccebb09f5b5d4d790cd9251b97faac7c652b?s=96&d=blank&r=g\",\"caption\":\"enequipo\"},\"sameAs\":[\"https:\/\/www.facebook.com\/SonoraEE\"]}]}<\/script>\n ","yoast_head_json":{"title":"Sonora en Equipo. Realiza CRICP audiencias p\u00fablicas a aspirantes al cargo de OIC del ISAF Congreso","description":"HERMOSILLO, SONORA,MX.\u2500\u2500 Para desahogar las audiencias p\u00fablicas de entrevistas a las y los aspirantes a ocupar el cargo de titular del \u00d3rgano de Control En Sonora en Equipo publicamos toda la informaci\u00f3n de Sonora, M\u00e9xico y el Mundo de manera oportuna y busca que la libertad de expresi\u00f3n sea real. Visita nuestro medio informativo publicado desde Hermosillo, Sonora. %","robots":{"index":"index","follow":"follow","max-snippet":"max-snippet:-1","max-image-preview":"max-image-preview:large","max-video-preview":"max-video-preview:-1"},"canonical":"https:\/\/www.sonoraenequipo.com.mx\/realiza-cricp-audiencias-publicas-a-aspirantes-al-cargo-de-oic-del-isaf\/","og_locale":"es_ES","og_type":"article","og_title":"Sonora en Equipo. Realiza CRICP audiencias p\u00fablicas a aspirantes al cargo de OIC del ISAF Congreso","og_description":"HERMOSILLO, SONORA,MX.\u2500\u2500 Para desahogar las audiencias p\u00fablicas de entrevistas a las y los aspirantes a ocupar el cargo de titular del \u00d3rgano de Control En Sonora en Equipo publicamos toda la informaci\u00f3n de Sonora, M\u00e9xico y el Mundo de manera oportuna y busca que la libertad de expresi\u00f3n sea real. Visita nuestro medio informativo publicado desde Hermosillo, Sonora. %","og_url":"https:\/\/www.sonoraenequipo.com.mx\/realiza-cricp-audiencias-publicas-a-aspirantes-al-cargo-de-oic-del-isaf\/","og_site_name":"Sonora en Equipo.","article_publisher":"https:\/\/www.facebook.com\/SonoraEE\/","article_author":"https:\/\/www.facebook.com\/SonoraEE","article_published_time":"2023-02-16T19:35:01+00:00","og_image":[{"width":600,"height":400,"url":"https:\/\/www.sonoraenequipo.com.mx\/storage\/2023\/02\/cricp.jpg","type":"image\/jpeg"}],"author":"enequipo","twitter_card":"summary_large_image","twitter_creator":"@sonoraenequipo","twitter_site":"@sonoraenequipo","twitter_misc":{"Escrito por":"enequipo","Tiempo de lectura":"4 minutos"},"schema":{"@context":"https:\/\/schema.org","@graph":[{"@type":"Article","@id":"https:\/\/www.sonoraenequipo.com.mx\/realiza-cricp-audiencias-publicas-a-aspirantes-al-cargo-de-oic-del-isaf\/#article","isPartOf":{"@id":"https:\/\/www.sonoraenequipo.com.mx\/realiza-cricp-audiencias-publicas-a-aspirantes-al-cargo-de-oic-del-isaf\/"},"author":{"name":"enequipo","@id":"https:\/\/www.sonoraenequipo.com.mx\/#\/schema\/person\/50102df0fb23a8fa9e8effad8fa81386"},"headline":"Realiza CRICP audiencias p\u00fablicas a aspirantes al cargo de OIC del ISAF","datePublished":"2023-02-16T19:35:01+00:00","mainEntityOfPage":{"@id":"https:\/\/www.sonoraenequipo.com.mx\/realiza-cricp-audiencias-publicas-a-aspirantes-al-cargo-de-oic-del-isaf\/"},"wordCount":740,"commentCount":0,"publisher":{"@id":"https:\/\/www.sonoraenequipo.com.mx\/#organization"},"image":{"@id":"https:\/\/www.sonoraenequipo.com.mx\/realiza-cricp-audiencias-publicas-a-aspirantes-al-cargo-de-oic-del-isaf\/#primaryimage"},"thumbnailUrl":"https:\/\/www.sonoraenequipo.com.mx\/storage\/2023\/02\/cricp.jpg","keywords":["cricp. isaf"],"articleSection":["Congreso"],"inLanguage":"es","potentialAction":[{"@type":"CommentAction","name":"Comment","target":["https:\/\/www.sonoraenequipo.com.mx\/realiza-cricp-audiencias-publicas-a-aspirantes-al-cargo-de-oic-del-isaf\/#respond"]}]},{"@type":"WebPage","@id":"https:\/\/www.sonoraenequipo.com.mx\/realiza-cricp-audiencias-publicas-a-aspirantes-al-cargo-de-oic-del-isaf\/","url":"https:\/\/www.sonoraenequipo.com.mx\/realiza-cricp-audiencias-publicas-a-aspirantes-al-cargo-de-oic-del-isaf\/","name":"Sonora en Equipo. Realiza CRICP audiencias p\u00fablicas a aspirantes al cargo de OIC del ISAF Congreso","isPartOf":{"@id":"https:\/\/www.sonoraenequipo.com.mx\/#website"},"primaryImageOfPage":{"@id":"https:\/\/www.sonoraenequipo.com.mx\/realiza-cricp-audiencias-publicas-a-aspirantes-al-cargo-de-oic-del-isaf\/#primaryimage"},"image":{"@id":"https:\/\/www.sonoraenequipo.com.mx\/realiza-cricp-audiencias-publicas-a-aspirantes-al-cargo-de-oic-del-isaf\/#primaryimage"},"thumbnailUrl":"https:\/\/www.sonoraenequipo.com.mx\/storage\/2023\/02\/cricp.jpg","datePublished":"2023-02-16T19:35:01+00:00","description":"HERMOSILLO, SONORA,MX.\u2500\u2500 Para desahogar las audiencias p\u00fablicas de entrevistas a las y los aspirantes a ocupar el cargo de titular del \u00d3rgano de Control En Sonora en Equipo publicamos toda la informaci\u00f3n de Sonora, M\u00e9xico y el Mundo de manera oportuna y busca que la libertad de expresi\u00f3n sea real. Visita nuestro medio informativo publicado desde Hermosillo, Sonora. %","breadcrumb":{"@id":"https:\/\/www.sonoraenequipo.com.mx\/realiza-cricp-audiencias-publicas-a-aspirantes-al-cargo-de-oic-del-isaf\/#breadcrumb"},"inLanguage":"es","potentialAction":[{"@type":"ReadAction","target":["https:\/\/www.sonoraenequipo.com.mx\/realiza-cricp-audiencias-publicas-a-aspirantes-al-cargo-de-oic-del-isaf\/"]}]},{"@type":"ImageObject","inLanguage":"es","@id":"https:\/\/www.sonoraenequipo.com.mx\/realiza-cricp-audiencias-publicas-a-aspirantes-al-cargo-de-oic-del-isaf\/#primaryimage","url":"https:\/\/www.sonoraenequipo.com.mx\/storage\/2023\/02\/cricp.jpg","contentUrl":"https:\/\/www.sonoraenequipo.com.mx\/storage\/2023\/02\/cricp.jpg","width":600,"height":400},{"@type":"BreadcrumbList","@id":"https:\/\/www.sonoraenequipo.com.mx\/realiza-cricp-audiencias-publicas-a-aspirantes-al-cargo-de-oic-del-isaf\/#breadcrumb","itemListElement":[{"@type":"ListItem","position":1,"name":"Portada","item":"https:\/\/www.sonoraenequipo.com.mx\/"},{"@type":"ListItem","position":2,"name":"Realiza CRICP audiencias p\u00fablicas a aspirantes al cargo de OIC del ISAF"}]},{"@type":"WebSite","@id":"https:\/\/www.sonoraenequipo.com.mx\/#website","url":"https:\/\/www.sonoraenequipo.com.mx\/","name":"Sonora en Equipo.","description":"Diario en l\u00ednea con Noticias desde Hermosillo, Sonora","publisher":{"@id":"https:\/\/www.sonoraenequipo.com.mx\/#organization"},"potentialAction":[{"@type":"SearchAction","target":{"@type":"EntryPoint","urlTemplate":"https:\/\/www.sonoraenequipo.com.mx\/?s={search_term_string}"},"query-input":{"@type":"PropertyValueSpecification","valueRequired":true,"valueName":"search_term_string"}}],"inLanguage":"es"},{"@type":"Organization","@id":"https:\/\/www.sonoraenequipo.com.mx\/#organization","name":"Sonoraenequipo.com.mx","url":"https:\/\/www.sonoraenequipo.com.mx\/","logo":{"@type":"ImageObject","inLanguage":"es","@id":"https:\/\/www.sonoraenequipo.com.mx\/#\/schema\/logo\/image\/","url":"https:\/\/www.sonoraenequipo.com.mx\/storage\/2019\/01\/sonoraenequipo_opt.png","contentUrl":"https:\/\/www.sonoraenequipo.com.mx\/storage\/2019\/01\/sonoraenequipo_opt.png","width":375,"height":125,"caption":"Sonoraenequipo.com.mx"},"image":{"@id":"https:\/\/www.sonoraenequipo.com.mx\/#\/schema\/logo\/image\/"},"sameAs":["https:\/\/www.facebook.com\/SonoraEE\/","https:\/\/x.com\/sonoraenequipo","https:\/\/www.youtube.com\/channel\/UC338nW-lPEYmJQs4ZABQ1SQ"]},{"@type":"Person","@id":"https:\/\/www.sonoraenequipo.com.mx\/#\/schema\/person\/50102df0fb23a8fa9e8effad8fa81386","name":"enequipo","image":{"@type":"ImageObject","inLanguage":"es","@id":"https:\/\/www.sonoraenequipo.com.mx\/#\/schema\/person\/image\/","url":"https:\/\/secure.gravatar.com\/avatar\/049821681b589dabc0bc20695993ccebb09f5b5d4d790cd9251b97faac7c652b?s=96&d=blank&r=g","contentUrl":"https:\/\/secure.gravatar.com\/avatar\/049821681b589dabc0bc20695993ccebb09f5b5d4d790cd9251b97faac7c652b?s=96&d=blank&r=g","caption":"enequipo"},"sameAs":["https:\/\/www.facebook.com\/SonoraEE"]}]}},"jetpack_featured_media_url":"https:\/\/www.sonoraenequipo.com.mx\/storage\/2023\/02\/cricp.jpg","_links":{"self":[{"href":"https:\/\/www.sonoraenequipo.com.mx\/api\/wp\/v2\/posts\/159158","targetHints":{"allow":["GET"]}}],"collection":[{"href":"https:\/\/www.sonoraenequipo.com.mx\/api\/wp\/v2\/posts"}],"about":[{"href":"https:\/\/www.sonoraenequipo.com.mx\/api\/wp\/v2\/types\/post"}],"author":[{"embeddable":true,"href":"https:\/\/www.sonoraenequipo.com.mx\/api\/wp\/v2\/users\/1"}],"replies":[{"embeddable":true,"href":"https:\/\/www.sonoraenequipo.com.mx\/api\/wp\/v2\/comments?post=159158"}],"version-history":[{"count":1,"href":"https:\/\/www.sonoraenequipo.com.mx\/api\/wp\/v2\/posts\/159158\/revisions"}],"predecessor-version":[{"id":159160,"href":"https:\/\/www.sonoraenequipo.com.mx\/api\/wp\/v2\/posts\/159158\/revisions\/159160"}],"wp:featuredmedia":[{"embeddable":true,"href":"https:\/\/www.sonoraenequipo.com.mx\/api\/wp\/v2\/media\/159159"}],"wp:attachment":[{"href":"https:\/\/www.sonoraenequipo.com.mx\/api\/wp\/v2\/media?parent=159158"}],"wp:term":[{"taxonomy":"category","embeddable":true,"href":"https:\/\/www.sonoraenequipo.com.mx\/api\/wp\/v2\/categories?post=159158"},{"taxonomy":"post_tag","embeddable":true,"href":"https:\/\/www.sonoraenequipo.com.mx\/api\/wp\/v2\/tags?post=159158"}],"curies":[{"name":"wp","href":"https:\/\/api.w.org\/{rel}","templated":true}]}}