{"id":159205,"date":"2023-02-16T11:20:32","date_gmt":"2023-02-16T18:20:32","guid":{"rendered":"https:\/\/www.sonoraenequipo.com.mx\/?p=159205"},"modified":"2023-02-16T20:01:01","modified_gmt":"2023-02-17T03:01:01","slug":"amlo-analiza-denunciar-al-abogado-de-garcia-luna-por-dano-moral","status":"publish","type":"post","link":"https:\/\/www.sonoraenequipo.com.mx\/amlo-analiza-denunciar-al-abogado-de-garcia-luna-por-dano-moral\/","title":{"rendered":"AMLO analiza denunciar al abogado de Garc\u00eda Luna por da\u00f1o moral"},"content":{"rendered":"<p><strong>CIUDAD DE M\u00c9XICO. MX. \u2014<\/strong> El presidente Andr\u00e9s Manuel L\u00f3pez Obrador (AMLO) anunci\u00f3 que est\u00e1 analizando presentar una denuncia por da\u00f1o moral contra C\u00e9sar de Castro, abogado del exsecretario de Seguridad P\u00fablica, Genaro Garc\u00eda Luna, por sugerir que recibi\u00f3 sobornos del narcotr\u00e1fico en su campa\u00f1a pol\u00edtica de 2006.<\/p>\n<p>&nbsp;<\/p>\n<p> <\/p>\n<p>&nbsp;<\/p>\n<p><strong><em>\u201cEstoy haciendo una consulta, porque estoy viendo si es posible que yo presente una denuncia por da\u00f1o moral en contra del abogado de Garc\u00eda Luna y de quienes resulten responsables, en Estados Unidos\u201d,<\/em><\/strong> dijo en su conferencia ma\u00f1anera.<\/p>\n<p>&nbsp;<\/p>\n<p>&nbsp;<\/p>\n<p>El mandatario especific\u00f3 que est\u00e1 consultando si puede presentar la denuncia pues no se trata de \u201cAndr\u00e9s Manuel\u201d sino del presidente de M\u00e9xico y <em><strong>\u201cesto tiene que quedar muy claro\u201d.<\/strong><\/em><\/p>\n<p>&nbsp;<\/p>\n<p>&nbsp;<\/p>\n<p><strong><em>\u00abHoy le di instrucciones al secretario de Relaciones Exteriores (Marcelo Ebrard), que haga el an\u00e1lisis, que consulte a abogados, para ver c\u00f3mo procedemos\u00bb,<\/em><\/strong> a\u00f1adi\u00f3.<\/p>\n<p>&nbsp;<\/p>\n<p>&nbsp;<\/p>\n<p>Coment\u00f3 que como no tiene dinero para pagar a un abogado buscar\u00e1 a uno de los que cobran un porcentaje una vez que termine el juicio y el resto del dinero lo va a entregar a familiares de v\u00edctimas de la guerra que desat\u00f3 el expresidente Felipe Calder\u00f3n, de quien Garc\u00eda Luna fue secretario de Seguridad.<\/p>\n<p>&nbsp;<\/p>\n<p>&nbsp;<\/p>\n<p><strong><em>\u201cLo vamos a ver, hasta cu\u00e1nto se puede y si es viable legalmente. Tambi\u00e9n lo estoy viendo, si lo hago como Andr\u00e9s Manuel o como presidente\u201d<\/em><\/strong>, refiri\u00f3.<\/p>\n<p>&nbsp;<\/p>\n<p>&nbsp;<\/p>\n<p>L\u00f3pez Obrador dijo que lo \u00fanico que tiene en la cabeza es que no acepta que se ponga en duda su honestidad, porque es lo que m\u00e1s estima en la vida.<\/p>\n<p>&nbsp;<\/p>\n<p>&nbsp;<\/p>\n<p>Dijo que adem\u00e1s de que no acepta eso, est\u00e1 de por medio que es el presidente de M\u00e9xico y no se puede gobernar a un pa\u00eds sin autoridad moral.<\/p>\n<p>&nbsp;<\/p>\n<p><em><strong>\u201cNo puede ser presidente de M\u00e9xico quien se convierta en reh\u00e9n de gobiernos extranjeros o de abogados o de personajes del extranjero\u201d,<\/strong> <\/em>apunt\u00f3.<\/p>\n<p>&nbsp;<\/p>\n<p>Durante la jornada del 14 de febrero, en el juicio que se sigue a Garc\u00eda Luna en Nueva York por narcotr\u00e1fico, C\u00e9sar de Castro intent\u00f3 ligar al presidente L\u00f3pez Obrador a la red de sobornos que los narcotraficantes habr\u00edan dado a funcionarios mexicanos.<\/p>\n<p>&nbsp;<\/p>\n<p>&nbsp;<\/p>\n<p>De Castro cuestion\u00f3 insistentemente al narcotraficante Jes\u00fas El Rey Zambada, testigo en el juicio, sobre el supuesto pago, por parte del C\u00e1rtel de Sinaloa, de siete millones de d\u00f3lares para la campa\u00f1a del ahora presidente L\u00f3pez Obrador en 2006.<\/p>\n<p>&nbsp;<\/p>\n<p>&nbsp;<\/p>\n<p>Los alegatos del juicio a Garc\u00eda Luna, quien lider\u00f3 la \u00abguerra contra el narcotr\u00e1fico\u00bb en M\u00e9xico, concluyeron este mi\u00e9rcoles, por lo que ahora solo falta la deliberaci\u00f3n del jurado.<\/p>\n<p>&nbsp;<\/p>\n<p>&nbsp;<\/p>\n<p>El exsecretario afronta cuatro cargos de narcotr\u00e1fico y connivencia con los narcos y un quinto de mentir en su solicitud de naturalizaci\u00f3n en Estados Unidos.<\/p>\n<p>&nbsp;<\/p>\n<p>&nbsp;<\/p>\n<p>PUBLICADO EL 16\/FEBRERO\/2023\/Con informaci\u00f3n de EFE)<\/p>\n","protected":false},"excerpt":{"rendered":"<p>CIUDAD DE M\u00c9XICO. MX. \u2014 El presidente Andr\u00e9s Manuel L\u00f3pez Obrador (AMLO) anunci\u00f3 que est\u00e1&#8230;<\/p>\n","protected":false},"author":1,"featured_media":159189,"comment_status":"open","ping_status":"open","sticky":false,"template":"","format":"standard","meta":{"_monsterinsights_skip_tracking":false,"_monsterinsights_sitenote_active":false,"_monsterinsights_sitenote_note":"","_monsterinsights_sitenote_category":0,"footnotes":""},"categories":[5],"tags":[],"class_list":["post"],"yoast_head":" \n<title>Sonora en Equipo. AMLO analiza denunciar al abogado de Garc\u00eda Luna por da\u00f1o moral Rep\u00fablica<\/title>\n<meta name=\"description\" content=\"CIUDAD DE M\u00c9XICO. MX. \u2014 El presidente Andr\u00e9s Manuel L\u00f3pez Obrador (AMLO) anunci\u00f3 que est\u00e1 analizando presentar una denuncia por da\u00f1o moral contra C\u00e9sar de En Sonora en Equipo publicamos toda la informaci\u00f3n de Sonora, M\u00e9xico y el Mundo de manera oportuna y busca que la libertad de expresi\u00f3n sea real. Visita nuestro medio informativo publicado desde Hermosillo, Sonora. %\" \/>\n<meta name=\"robots\" content=\"index, follow, max-snippet:-1, max-image-preview:large, max-video-preview:-1\" \/>\n<link rel=\"canonical\" href=\"https:\/\/www.sonoraenequipo.com.mx\/amlo-analiza-denunciar-al-abogado-de-garcia-luna-por-dano-moral\/\" \/>\n<meta property=\"og:locale\" content=\"es_ES\" \/>\n<meta property=\"og:type\" content=\"article\" \/>\n<meta property=\"og:title\" content=\"Sonora en Equipo. AMLO analiza denunciar al abogado de Garc\u00eda Luna por da\u00f1o moral Rep\u00fablica\" \/>\n<meta property=\"og:description\" content=\"CIUDAD DE M\u00c9XICO. MX. \u2014 El presidente Andr\u00e9s Manuel L\u00f3pez Obrador (AMLO) anunci\u00f3 que est\u00e1 analizando presentar una denuncia por da\u00f1o moral contra C\u00e9sar de En Sonora en Equipo publicamos toda la informaci\u00f3n de Sonora, M\u00e9xico y el Mundo de manera oportuna y busca que la libertad de expresi\u00f3n sea real. Visita nuestro medio informativo publicado desde Hermosillo, Sonora. %\" \/>\n<meta property=\"og:url\" content=\"https:\/\/www.sonoraenequipo.com.mx\/amlo-analiza-denunciar-al-abogado-de-garcia-luna-por-dano-moral\/\" \/>\n<meta property=\"og:site_name\" content=\"Sonora en Equipo.\" \/>\n<meta property=\"article:publisher\" content=\"https:\/\/www.facebook.com\/SonoraEE\/\" \/>\n<meta property=\"article:author\" content=\"https:\/\/www.facebook.com\/SonoraEE\" \/>\n<meta property=\"article:published_time\" content=\"2023-02-16T18:20:32+00:00\" \/>\n<meta property=\"article:modified_time\" content=\"2023-02-17T03:01:01+00:00\" \/>\n<meta property=\"og:image\" content=\"https:\/\/www.sonoraenequipo.com.mx\/storage\/2023\/02\/cartel-de-garcia-luna-min.jpg\" \/>\n\t<meta property=\"og:image:width\" content=\"1503\" \/>\n\t<meta property=\"og:image:height\" content=\"1000\" \/>\n\t<meta property=\"og:image:type\" content=\"image\/jpeg\" \/>\n<meta name=\"author\" content=\"enequipo\" \/>\n<meta name=\"twitter:card\" content=\"summary_large_image\" \/>\n<meta name=\"twitter:creator\" content=\"@sonoraenequipo\" \/>\n<meta name=\"twitter:site\" content=\"@sonoraenequipo\" \/>\n<meta name=\"twitter:label1\" content=\"Escrito por\" \/>\n\t<meta name=\"twitter:data1\" content=\"enequipo\" \/>\n\t<meta name=\"twitter:label2\" content=\"Tiempo de lectura\" \/>\n\t<meta name=\"twitter:data2\" content=\"3 minutos\" \/>\n<script type=\"application\/ld+json\" class=\"yoast-schema-graph\">{\"@context\":\"https:\/\/schema.org\",\"@graph\":[{\"@type\":\"Article\",\"@id\":\"https:\/\/www.sonoraenequipo.com.mx\/amlo-analiza-denunciar-al-abogado-de-garcia-luna-por-dano-moral\/#article\",\"isPartOf\":{\"@id\":\"https:\/\/www.sonoraenequipo.com.mx\/amlo-analiza-denunciar-al-abogado-de-garcia-luna-por-dano-moral\/\"},\"author\":{\"name\":\"enequipo\",\"@id\":\"https:\/\/www.sonoraenequipo.com.mx\/#\/schema\/person\/50102df0fb23a8fa9e8effad8fa81386\"},\"headline\":\"AMLO analiza denunciar al abogado de Garc\u00eda Luna por da\u00f1o moral\",\"datePublished\":\"2023-02-16T18:20:32+00:00\",\"dateModified\":\"2023-02-17T03:01:01+00:00\",\"mainEntityOfPage\":{\"@id\":\"https:\/\/www.sonoraenequipo.com.mx\/amlo-analiza-denunciar-al-abogado-de-garcia-luna-por-dano-moral\/\"},\"wordCount\":531,\"commentCount\":0,\"publisher\":{\"@id\":\"https:\/\/www.sonoraenequipo.com.mx\/#organization\"},\"image\":{\"@id\":\"https:\/\/www.sonoraenequipo.com.mx\/amlo-analiza-denunciar-al-abogado-de-garcia-luna-por-dano-moral\/#primaryimage\"},\"thumbnailUrl\":\"https:\/\/www.sonoraenequipo.com.mx\/storage\/2023\/02\/cartel-de-garcia-luna-min.jpg\",\"articleSection\":[\"Rep\u00fablica\"],\"inLanguage\":\"es\",\"potentialAction\":[{\"@type\":\"CommentAction\",\"name\":\"Comment\",\"target\":[\"https:\/\/www.sonoraenequipo.com.mx\/amlo-analiza-denunciar-al-abogado-de-garcia-luna-por-dano-moral\/#respond\"]}]},{\"@type\":\"WebPage\",\"@id\":\"https:\/\/www.sonoraenequipo.com.mx\/amlo-analiza-denunciar-al-abogado-de-garcia-luna-por-dano-moral\/\",\"url\":\"https:\/\/www.sonoraenequipo.com.mx\/amlo-analiza-denunciar-al-abogado-de-garcia-luna-por-dano-moral\/\",\"name\":\"Sonora en Equipo. AMLO analiza denunciar al abogado de Garc\u00eda Luna por da\u00f1o moral Rep\u00fablica\",\"isPartOf\":{\"@id\":\"https:\/\/www.sonoraenequipo.com.mx\/#website\"},\"primaryImageOfPage\":{\"@id\":\"https:\/\/www.sonoraenequipo.com.mx\/amlo-analiza-denunciar-al-abogado-de-garcia-luna-por-dano-moral\/#primaryimage\"},\"image\":{\"@id\":\"https:\/\/www.sonoraenequipo.com.mx\/amlo-analiza-denunciar-al-abogado-de-garcia-luna-por-dano-moral\/#primaryimage\"},\"thumbnailUrl\":\"https:\/\/www.sonoraenequipo.com.mx\/storage\/2023\/02\/cartel-de-garcia-luna-min.jpg\",\"datePublished\":\"2023-02-16T18:20:32+00:00\",\"dateModified\":\"2023-02-17T03:01:01+00:00\",\"description\":\"CIUDAD DE M\u00c9XICO. MX. \u2014 El presidente Andr\u00e9s Manuel L\u00f3pez Obrador (AMLO) anunci\u00f3 que est\u00e1 analizando presentar una denuncia por da\u00f1o moral contra C\u00e9sar de En Sonora en Equipo publicamos toda la informaci\u00f3n de Sonora, M\u00e9xico y el Mundo de manera oportuna y busca que la libertad de expresi\u00f3n sea real. Visita nuestro medio informativo publicado desde Hermosillo, Sonora. %\",\"breadcrumb\":{\"@id\":\"https:\/\/www.sonoraenequipo.com.mx\/amlo-analiza-denunciar-al-abogado-de-garcia-luna-por-dano-moral\/#breadcrumb\"},\"inLanguage\":\"es\",\"potentialAction\":[{\"@type\":\"ReadAction\",\"target\":[\"https:\/\/www.sonoraenequipo.com.mx\/amlo-analiza-denunciar-al-abogado-de-garcia-luna-por-dano-moral\/\"]}]},{\"@type\":\"ImageObject\",\"inLanguage\":\"es\",\"@id\":\"https:\/\/www.sonoraenequipo.com.mx\/amlo-analiza-denunciar-al-abogado-de-garcia-luna-por-dano-moral\/#primaryimage\",\"url\":\"https:\/\/www.sonoraenequipo.com.mx\/storage\/2023\/02\/cartel-de-garcia-luna-min.jpg\",\"contentUrl\":\"https:\/\/www.sonoraenequipo.com.mx\/storage\/2023\/02\/cartel-de-garcia-luna-min.jpg\",\"width\":1503,\"height\":1000},{\"@type\":\"BreadcrumbList\",\"@id\":\"https:\/\/www.sonoraenequipo.com.mx\/amlo-analiza-denunciar-al-abogado-de-garcia-luna-por-dano-moral\/#breadcrumb\",\"itemListElement\":[{\"@type\":\"ListItem\",\"position\":1,\"name\":\"Portada\",\"item\":\"https:\/\/www.sonoraenequipo.com.mx\/\"},{\"@type\":\"ListItem\",\"position\":2,\"name\":\"AMLO analiza denunciar al abogado de Garc\u00eda Luna por da\u00f1o moral\"}]},{\"@type\":\"WebSite\",\"@id\":\"https:\/\/www.sonoraenequipo.com.mx\/#website\",\"url\":\"https:\/\/www.sonoraenequipo.com.mx\/\",\"name\":\"Sonora en Equipo.\",\"description\":\"Diario en l\u00ednea con Noticias desde Hermosillo, Sonora\",\"publisher\":{\"@id\":\"https:\/\/www.sonoraenequipo.com.mx\/#organization\"},\"potentialAction\":[{\"@type\":\"SearchAction\",\"target\":{\"@type\":\"EntryPoint\",\"urlTemplate\":\"https:\/\/www.sonoraenequipo.com.mx\/?s={search_term_string}\"},\"query-input\":{\"@type\":\"PropertyValueSpecification\",\"valueRequired\":true,\"valueName\":\"search_term_string\"}}],\"inLanguage\":\"es\"},{\"@type\":\"Organization\",\"@id\":\"https:\/\/www.sonoraenequipo.com.mx\/#organization\",\"name\":\"Sonoraenequipo.com.mx\",\"url\":\"https:\/\/www.sonoraenequipo.com.mx\/\",\"logo\":{\"@type\":\"ImageObject\",\"inLanguage\":\"es\",\"@id\":\"https:\/\/www.sonoraenequipo.com.mx\/#\/schema\/logo\/image\/\",\"url\":\"https:\/\/www.sonoraenequipo.com.mx\/storage\/2019\/01\/sonoraenequipo_opt.png\",\"contentUrl\":\"https:\/\/www.sonoraenequipo.com.mx\/storage\/2019\/01\/sonoraenequipo_opt.png\",\"width\":375,\"height\":125,\"caption\":\"Sonoraenequipo.com.mx\"},\"image\":{\"@id\":\"https:\/\/www.sonoraenequipo.com.mx\/#\/schema\/logo\/image\/\"},\"sameAs\":[\"https:\/\/www.facebook.com\/SonoraEE\/\",\"https:\/\/x.com\/sonoraenequipo\",\"https:\/\/www.youtube.com\/channel\/UC338nW-lPEYmJQs4ZABQ1SQ\"]},{\"@type\":\"Person\",\"@id\":\"https:\/\/www.sonoraenequipo.com.mx\/#\/schema\/person\/50102df0fb23a8fa9e8effad8fa81386\",\"name\":\"enequipo\",\"image\":{\"@type\":\"ImageObject\",\"inLanguage\":\"es\",\"@id\":\"https:\/\/www.sonoraenequipo.com.mx\/#\/schema\/person\/image\/\",\"url\":\"https:\/\/secure.gravatar.com\/avatar\/049821681b589dabc0bc20695993ccebb09f5b5d4d790cd9251b97faac7c652b?s=96&d=blank&r=g\",\"contentUrl\":\"https:\/\/secure.gravatar.com\/avatar\/049821681b589dabc0bc20695993ccebb09f5b5d4d790cd9251b97faac7c652b?s=96&d=blank&r=g\",\"caption\":\"enequipo\"},\"sameAs\":[\"https:\/\/www.facebook.com\/SonoraEE\"]}]}<\/script>\n ","yoast_head_json":{"title":"Sonora en Equipo. AMLO analiza denunciar al abogado de Garc\u00eda Luna por da\u00f1o moral Rep\u00fablica","description":"CIUDAD DE M\u00c9XICO. MX. \u2014 El presidente Andr\u00e9s Manuel L\u00f3pez Obrador (AMLO) anunci\u00f3 que est\u00e1 analizando presentar una denuncia por da\u00f1o moral contra C\u00e9sar de En Sonora en Equipo publicamos toda la informaci\u00f3n de Sonora, M\u00e9xico y el Mundo de manera oportuna y busca que la libertad de expresi\u00f3n sea real. Visita nuestro medio informativo publicado desde Hermosillo, Sonora. %","robots":{"index":"index","follow":"follow","max-snippet":"max-snippet:-1","max-image-preview":"max-image-preview:large","max-video-preview":"max-video-preview:-1"},"canonical":"https:\/\/www.sonoraenequipo.com.mx\/amlo-analiza-denunciar-al-abogado-de-garcia-luna-por-dano-moral\/","og_locale":"es_ES","og_type":"article","og_title":"Sonora en Equipo. AMLO analiza denunciar al abogado de Garc\u00eda Luna por da\u00f1o moral Rep\u00fablica","og_description":"CIUDAD DE M\u00c9XICO. MX. \u2014 El presidente Andr\u00e9s Manuel L\u00f3pez Obrador (AMLO) anunci\u00f3 que est\u00e1 analizando presentar una denuncia por da\u00f1o moral contra C\u00e9sar de En Sonora en Equipo publicamos toda la informaci\u00f3n de Sonora, M\u00e9xico y el Mundo de manera oportuna y busca que la libertad de expresi\u00f3n sea real. Visita nuestro medio informativo publicado desde Hermosillo, Sonora. %","og_url":"https:\/\/www.sonoraenequipo.com.mx\/amlo-analiza-denunciar-al-abogado-de-garcia-luna-por-dano-moral\/","og_site_name":"Sonora en Equipo.","article_publisher":"https:\/\/www.facebook.com\/SonoraEE\/","article_author":"https:\/\/www.facebook.com\/SonoraEE","article_published_time":"2023-02-16T18:20:32+00:00","article_modified_time":"2023-02-17T03:01:01+00:00","og_image":[{"width":1503,"height":1000,"url":"https:\/\/www.sonoraenequipo.com.mx\/storage\/2023\/02\/cartel-de-garcia-luna-min.jpg","type":"image\/jpeg"}],"author":"enequipo","twitter_card":"summary_large_image","twitter_creator":"@sonoraenequipo","twitter_site":"@sonoraenequipo","twitter_misc":{"Escrito por":"enequipo","Tiempo de lectura":"3 minutos"},"schema":{"@context":"https:\/\/schema.org","@graph":[{"@type":"Article","@id":"https:\/\/www.sonoraenequipo.com.mx\/amlo-analiza-denunciar-al-abogado-de-garcia-luna-por-dano-moral\/#article","isPartOf":{"@id":"https:\/\/www.sonoraenequipo.com.mx\/amlo-analiza-denunciar-al-abogado-de-garcia-luna-por-dano-moral\/"},"author":{"name":"enequipo","@id":"https:\/\/www.sonoraenequipo.com.mx\/#\/schema\/person\/50102df0fb23a8fa9e8effad8fa81386"},"headline":"AMLO analiza denunciar al abogado de Garc\u00eda Luna por da\u00f1o moral","datePublished":"2023-02-16T18:20:32+00:00","dateModified":"2023-02-17T03:01:01+00:00","mainEntityOfPage":{"@id":"https:\/\/www.sonoraenequipo.com.mx\/amlo-analiza-denunciar-al-abogado-de-garcia-luna-por-dano-moral\/"},"wordCount":531,"commentCount":0,"publisher":{"@id":"https:\/\/www.sonoraenequipo.com.mx\/#organization"},"image":{"@id":"https:\/\/www.sonoraenequipo.com.mx\/amlo-analiza-denunciar-al-abogado-de-garcia-luna-por-dano-moral\/#primaryimage"},"thumbnailUrl":"https:\/\/www.sonoraenequipo.com.mx\/storage\/2023\/02\/cartel-de-garcia-luna-min.jpg","articleSection":["Rep\u00fablica"],"inLanguage":"es","potentialAction":[{"@type":"CommentAction","name":"Comment","target":["https:\/\/www.sonoraenequipo.com.mx\/amlo-analiza-denunciar-al-abogado-de-garcia-luna-por-dano-moral\/#respond"]}]},{"@type":"WebPage","@id":"https:\/\/www.sonoraenequipo.com.mx\/amlo-analiza-denunciar-al-abogado-de-garcia-luna-por-dano-moral\/","url":"https:\/\/www.sonoraenequipo.com.mx\/amlo-analiza-denunciar-al-abogado-de-garcia-luna-por-dano-moral\/","name":"Sonora en Equipo. AMLO analiza denunciar al abogado de Garc\u00eda Luna por da\u00f1o moral Rep\u00fablica","isPartOf":{"@id":"https:\/\/www.sonoraenequipo.com.mx\/#website"},"primaryImageOfPage":{"@id":"https:\/\/www.sonoraenequipo.com.mx\/amlo-analiza-denunciar-al-abogado-de-garcia-luna-por-dano-moral\/#primaryimage"},"image":{"@id":"https:\/\/www.sonoraenequipo.com.mx\/amlo-analiza-denunciar-al-abogado-de-garcia-luna-por-dano-moral\/#primaryimage"},"thumbnailUrl":"https:\/\/www.sonoraenequipo.com.mx\/storage\/2023\/02\/cartel-de-garcia-luna-min.jpg","datePublished":"2023-02-16T18:20:32+00:00","dateModified":"2023-02-17T03:01:01+00:00","description":"CIUDAD DE M\u00c9XICO. MX. \u2014 El presidente Andr\u00e9s Manuel L\u00f3pez Obrador (AMLO) anunci\u00f3 que est\u00e1 analizando presentar una denuncia por da\u00f1o moral contra C\u00e9sar de En Sonora en Equipo publicamos toda la informaci\u00f3n de Sonora, M\u00e9xico y el Mundo de manera oportuna y busca que la libertad de expresi\u00f3n sea real. Visita nuestro medio informativo publicado desde Hermosillo, Sonora. %","breadcrumb":{"@id":"https:\/\/www.sonoraenequipo.com.mx\/amlo-analiza-denunciar-al-abogado-de-garcia-luna-por-dano-moral\/#breadcrumb"},"inLanguage":"es","potentialAction":[{"@type":"ReadAction","target":["https:\/\/www.sonoraenequipo.com.mx\/amlo-analiza-denunciar-al-abogado-de-garcia-luna-por-dano-moral\/"]}]},{"@type":"ImageObject","inLanguage":"es","@id":"https:\/\/www.sonoraenequipo.com.mx\/amlo-analiza-denunciar-al-abogado-de-garcia-luna-por-dano-moral\/#primaryimage","url":"https:\/\/www.sonoraenequipo.com.mx\/storage\/2023\/02\/cartel-de-garcia-luna-min.jpg","contentUrl":"https:\/\/www.sonoraenequipo.com.mx\/storage\/2023\/02\/cartel-de-garcia-luna-min.jpg","width":1503,"height":1000},{"@type":"BreadcrumbList","@id":"https:\/\/www.sonoraenequipo.com.mx\/amlo-analiza-denunciar-al-abogado-de-garcia-luna-por-dano-moral\/#breadcrumb","itemListElement":[{"@type":"ListItem","position":1,"name":"Portada","item":"https:\/\/www.sonoraenequipo.com.mx\/"},{"@type":"ListItem","position":2,"name":"AMLO analiza denunciar al abogado de Garc\u00eda Luna por da\u00f1o moral"}]},{"@type":"WebSite","@id":"https:\/\/www.sonoraenequipo.com.mx\/#website","url":"https:\/\/www.sonoraenequipo.com.mx\/","name":"Sonora en Equipo.","description":"Diario en l\u00ednea con Noticias desde Hermosillo, Sonora","publisher":{"@id":"https:\/\/www.sonoraenequipo.com.mx\/#organization"},"potentialAction":[{"@type":"SearchAction","target":{"@type":"EntryPoint","urlTemplate":"https:\/\/www.sonoraenequipo.com.mx\/?s={search_term_string}"},"query-input":{"@type":"PropertyValueSpecification","valueRequired":true,"valueName":"search_term_string"}}],"inLanguage":"es"},{"@type":"Organization","@id":"https:\/\/www.sonoraenequipo.com.mx\/#organization","name":"Sonoraenequipo.com.mx","url":"https:\/\/www.sonoraenequipo.com.mx\/","logo":{"@type":"ImageObject","inLanguage":"es","@id":"https:\/\/www.sonoraenequipo.com.mx\/#\/schema\/logo\/image\/","url":"https:\/\/www.sonoraenequipo.com.mx\/storage\/2019\/01\/sonoraenequipo_opt.png","contentUrl":"https:\/\/www.sonoraenequipo.com.mx\/storage\/2019\/01\/sonoraenequipo_opt.png","width":375,"height":125,"caption":"Sonoraenequipo.com.mx"},"image":{"@id":"https:\/\/www.sonoraenequipo.com.mx\/#\/schema\/logo\/image\/"},"sameAs":["https:\/\/www.facebook.com\/SonoraEE\/","https:\/\/x.com\/sonoraenequipo","https:\/\/www.youtube.com\/channel\/UC338nW-lPEYmJQs4ZABQ1SQ"]},{"@type":"Person","@id":"https:\/\/www.sonoraenequipo.com.mx\/#\/schema\/person\/50102df0fb23a8fa9e8effad8fa81386","name":"enequipo","image":{"@type":"ImageObject","inLanguage":"es","@id":"https:\/\/www.sonoraenequipo.com.mx\/#\/schema\/person\/image\/","url":"https:\/\/secure.gravatar.com\/avatar\/049821681b589dabc0bc20695993ccebb09f5b5d4d790cd9251b97faac7c652b?s=96&d=blank&r=g","contentUrl":"https:\/\/secure.gravatar.com\/avatar\/049821681b589dabc0bc20695993ccebb09f5b5d4d790cd9251b97faac7c652b?s=96&d=blank&r=g","caption":"enequipo"},"sameAs":["https:\/\/www.facebook.com\/SonoraEE"]}]}},"jetpack_featured_media_url":"https:\/\/www.sonoraenequipo.com.mx\/storage\/2023\/02\/cartel-de-garcia-luna-min.jpg","_links":{"self":[{"href":"https:\/\/www.sonoraenequipo.com.mx\/api\/wp\/v2\/posts\/159205","targetHints":{"allow":["GET"]}}],"collection":[{"href":"https:\/\/www.sonoraenequipo.com.mx\/api\/wp\/v2\/posts"}],"about":[{"href":"https:\/\/www.sonoraenequipo.com.mx\/api\/wp\/v2\/types\/post"}],"author":[{"embeddable":true,"href":"https:\/\/www.sonoraenequipo.com.mx\/api\/wp\/v2\/users\/1"}],"replies":[{"embeddable":true,"href":"https:\/\/www.sonoraenequipo.com.mx\/api\/wp\/v2\/comments?post=159205"}],"version-history":[{"count":2,"href":"https:\/\/www.sonoraenequipo.com.mx\/api\/wp\/v2\/posts\/159205\/revisions"}],"predecessor-version":[{"id":159207,"href":"https:\/\/www.sonoraenequipo.com.mx\/api\/wp\/v2\/posts\/159205\/revisions\/159207"}],"wp:featuredmedia":[{"embeddable":true,"href":"https:\/\/www.sonoraenequipo.com.mx\/api\/wp\/v2\/media\/159189"}],"wp:attachment":[{"href":"https:\/\/www.sonoraenequipo.com.mx\/api\/wp\/v2\/media?parent=159205"}],"wp:term":[{"taxonomy":"category","embeddable":true,"href":"https:\/\/www.sonoraenequipo.com.mx\/api\/wp\/v2\/categories?post=159205"},{"taxonomy":"post_tag","embeddable":true,"href":"https:\/\/www.sonoraenequipo.com.mx\/api\/wp\/v2\/tags?post=159205"}],"curies":[{"name":"wp","href":"https:\/\/api.w.org\/{rel}","templated":true}]}}