{"id":159348,"date":"2023-02-19T20:35:34","date_gmt":"2023-02-20T03:35:34","guid":{"rendered":"https:\/\/www.sonoraenequipo.com.mx\/?p=159348"},"modified":"2023-02-19T20:35:34","modified_gmt":"2023-02-20T03:35:34","slug":"plan-de-justicia-yaqui-iniciativa-de-justicia-historica-mas-importante-del-pais-alfonso-durazo","status":"publish","type":"post","link":"https:\/\/www.sonoraenequipo.com.mx\/plan-de-justicia-yaqui-iniciativa-de-justicia-historica-mas-importante-del-pais-alfonso-durazo\/","title":{"rendered":"Plan de Justicia Yaqui,\u00a0 iniciativa de justicia hist\u00f3rica m\u00e1s importante del pa\u00eds: Alfonso Durazo"},"content":{"rendered":"<p>&nbsp;<\/p>\n<p>&nbsp;<\/p>\n<p>&nbsp;<\/p>\n<p>&nbsp;<\/p>\n<p>&nbsp;<\/p>\n<p>&nbsp;<\/p>\n<p>&nbsp;<\/p>\n<p><strong>\u00a0<\/strong><\/p>\n<p><strong>LOMA DE GUAM\u00daCHIL, MUNICIPIO DE CAJEME, SONORA.<\/strong><strong>\u2500\u2500<\/strong> El Plan de Justicia Yaqui es el proyecto de reivindicaci\u00f3n hist\u00f3rica m\u00e1s trascendente que han recibido los pueblos de esta etnia, donde se ha privilegiado el di\u00e1logo y la inclusi\u00f3n de sus integrantes, asegur\u00f3 el gobernador Alfonso Durazo Monta\u00f1o.<\/p>\n<p>&nbsp;<\/p>\n<p>&nbsp;<\/p>\n<p>&nbsp;<\/p>\n<p>En el marco del \u00faltimo d\u00eda de la gira por Sonora del presidente Andr\u00e9s Manuel L\u00f3pez Obrador, el mandatario estatal destac\u00f3 las obras que se est\u00e1n haciendo en favor de la etnia en el rubro de abastecimiento de agua, educaci\u00f3n y salud.<\/p>\n<p>&nbsp;<\/p>\n<p>&nbsp;<\/p>\n<p>&nbsp;<\/p>\n<p>\u201cDonde antes hab\u00eda cerraz\u00f3n, hoy tenemos di\u00e1logo&#8230; Donde hab\u00eda abandono, hoy tenemos atenci\u00f3n\u00a0 integral. No hay ahora \u00e1mbito de la vida comunitaria de la etnia que no haya sido impactado favorablemente por una acci\u00f3n del presidente L\u00f3pez Obrador: tierras, agua, educaci\u00f3n, salud, cultura, son hoy coordenadas para el rescate de su dignidad y grandeza\u201d, indic\u00f3.<\/p>\n<p>&nbsp;<\/p>\n<p>&nbsp;<\/p>\n<p>&nbsp;<\/p>\n<p>En presencia de integrantes del gabinete federal y autoridades tradicionales se dieron a conocer los avances de la construcci\u00f3n de los 241 kil\u00f3metros del Acueducto Yaqui, con una inversi\u00f3n total de dos mil 263 millones de pesos para beneficio de 34 mil habitantes de 50 comunidades, y que tendr\u00e1 capacidad de suminsitrar 200 litros por segundo de agua potable.<\/p>\n<p>&nbsp;<\/p>\n<p>&nbsp;<\/p>\n<p>&nbsp;<\/p>\n<p>Se inform\u00f3, entre otros temas, sobre sobre los avances en el hospital IMSS &#8211; Bienestar, la Universidad del Pueblo Yaqui y el comedor escolar que beneficiar\u00e1 a 465 ni\u00f1as y ni\u00f1os ind\u00edgenas. Al respecto, se anunci\u00f3 la inversi\u00f3n de 82 millones de pesos para cinco instalaciones de este tipo, con lo cual se cubrir\u00e1 en su totalidad la demanda alimentaria de la ni\u00f1ez yaqui.<\/p>\n<p>&nbsp;<\/p>\n<p>&nbsp;<\/p>\n<p>&nbsp;<\/p>\n<p>El presidente Andr\u00e9s Manuel L\u00f3pez Obrador mencion\u00f3 que regresar\u00e1 a Sonora en tres meses para darle seguimiento a los programas que se est\u00e1n desarrollando, en especial aquellos que brindan atenci\u00f3n a los grupos originarios.<\/p>\n<p><strong><em><u>Fecha de publicaci\u00f3n domingo 19 \u00a0de febrero de 2023 con informaci\u00f3n de boletines<\/u><\/em><\/strong><\/p>\n<p>&nbsp;<\/p>\n","protected":false},"excerpt":{"rendered":"<p>&nbsp; &nbsp; &nbsp; &nbsp; &nbsp; &nbsp; &nbsp; \u00a0 LOMA DE GUAM\u00daCHIL, MUNICIPIO DE CAJEME, SONORA.\u2500\u2500&#8230;<\/p>\n","protected":false},"author":1,"featured_media":159349,"comment_status":"open","ping_status":"open","sticky":false,"template":"","format":"standard","meta":{"_monsterinsights_skip_tracking":false,"_monsterinsights_sitenote_active":false,"_monsterinsights_sitenote_note":"","_monsterinsights_sitenote_category":0,"footnotes":""},"categories":[22],"tags":[397,6249,7206],"class_list":["post"],"yoast_head":" \n<title>Sonora en Equipo. Plan de Justicia Yaqui,\u00a0 iniciativa de justicia hist\u00f3rica m\u00e1s importante del pa\u00eds: Alfonso Durazo Sonora<\/title>\n<meta name=\"description\" content=\"&nbsp; &nbsp; &nbsp; &nbsp; &nbsp; &nbsp; &nbsp; \u00a0 LOMA DE GUAM\u00daCHIL, MUNICIPIO DE CAJEME, SONORA.\u2500\u2500 El Plan de Justicia Yaqui es el proyecto de En Sonora en Equipo publicamos toda la informaci\u00f3n de Sonora, M\u00e9xico y el Mundo de manera oportuna y busca que la libertad de expresi\u00f3n sea real. Visita nuestro medio informativo publicado desde Hermosillo, Sonora. %\" \/>\n<meta name=\"robots\" content=\"index, follow, max-snippet:-1, max-image-preview:large, max-video-preview:-1\" \/>\n<link rel=\"canonical\" href=\"https:\/\/www.sonoraenequipo.com.mx\/plan-de-justicia-yaqui-iniciativa-de-justicia-historica-mas-importante-del-pais-alfonso-durazo\/\" \/>\n<meta property=\"og:locale\" content=\"es_ES\" \/>\n<meta property=\"og:type\" content=\"article\" \/>\n<meta property=\"og:title\" content=\"Sonora en Equipo. Plan de Justicia Yaqui,\u00a0 iniciativa de justicia hist\u00f3rica m\u00e1s importante del pa\u00eds: Alfonso Durazo Sonora\" \/>\n<meta property=\"og:description\" content=\"&nbsp; &nbsp; &nbsp; &nbsp; &nbsp; &nbsp; &nbsp; \u00a0 LOMA DE GUAM\u00daCHIL, MUNICIPIO DE CAJEME, SONORA.\u2500\u2500 El Plan de Justicia Yaqui es el proyecto de En Sonora en Equipo publicamos toda la informaci\u00f3n de Sonora, M\u00e9xico y el Mundo de manera oportuna y busca que la libertad de expresi\u00f3n sea real. Visita nuestro medio informativo publicado desde Hermosillo, Sonora. %\" \/>\n<meta property=\"og:url\" content=\"https:\/\/www.sonoraenequipo.com.mx\/plan-de-justicia-yaqui-iniciativa-de-justicia-historica-mas-importante-del-pais-alfonso-durazo\/\" \/>\n<meta property=\"og:site_name\" content=\"Sonora en Equipo.\" \/>\n<meta property=\"article:publisher\" content=\"https:\/\/www.facebook.com\/SonoraEE\/\" \/>\n<meta property=\"article:author\" content=\"https:\/\/www.facebook.com\/SonoraEE\" \/>\n<meta property=\"article:published_time\" content=\"2023-02-20T03:35:34+00:00\" \/>\n<meta property=\"og:image\" content=\"https:\/\/www.sonoraenequipo.com.mx\/storage\/2023\/02\/plan-yaqui.jpg\" \/>\n\t<meta property=\"og:image:width\" content=\"600\" \/>\n\t<meta property=\"og:image:height\" content=\"400\" \/>\n\t<meta property=\"og:image:type\" content=\"image\/jpeg\" \/>\n<meta name=\"author\" content=\"enequipo\" \/>\n<meta name=\"twitter:card\" content=\"summary_large_image\" \/>\n<meta name=\"twitter:creator\" content=\"@sonoraenequipo\" \/>\n<meta name=\"twitter:site\" content=\"@sonoraenequipo\" \/>\n<meta name=\"twitter:label1\" content=\"Escrito por\" \/>\n\t<meta name=\"twitter:data1\" content=\"enequipo\" \/>\n\t<meta name=\"twitter:label2\" content=\"Tiempo de lectura\" \/>\n\t<meta name=\"twitter:data2\" content=\"2 minutos\" \/>\n<script type=\"application\/ld+json\" class=\"yoast-schema-graph\">{\"@context\":\"https:\/\/schema.org\",\"@graph\":[{\"@type\":\"Article\",\"@id\":\"https:\/\/www.sonoraenequipo.com.mx\/plan-de-justicia-yaqui-iniciativa-de-justicia-historica-mas-importante-del-pais-alfonso-durazo\/#article\",\"isPartOf\":{\"@id\":\"https:\/\/www.sonoraenequipo.com.mx\/plan-de-justicia-yaqui-iniciativa-de-justicia-historica-mas-importante-del-pais-alfonso-durazo\/\"},\"author\":{\"name\":\"enequipo\",\"@id\":\"https:\/\/www.sonoraenequipo.com.mx\/#\/schema\/person\/50102df0fb23a8fa9e8effad8fa81386\"},\"headline\":\"Plan de Justicia Yaqui,\u00a0 iniciativa de justicia hist\u00f3rica m\u00e1s importante del pa\u00eds: Alfonso Durazo\",\"datePublished\":\"2023-02-20T03:35:34+00:00\",\"mainEntityOfPage\":{\"@id\":\"https:\/\/www.sonoraenequipo.com.mx\/plan-de-justicia-yaqui-iniciativa-de-justicia-historica-mas-importante-del-pais-alfonso-durazo\/\"},\"wordCount\":378,\"commentCount\":0,\"publisher\":{\"@id\":\"https:\/\/www.sonoraenequipo.com.mx\/#organization\"},\"image\":{\"@id\":\"https:\/\/www.sonoraenequipo.com.mx\/plan-de-justicia-yaqui-iniciativa-de-justicia-historica-mas-importante-del-pais-alfonso-durazo\/#primaryimage\"},\"thumbnailUrl\":\"https:\/\/www.sonoraenequipo.com.mx\/storage\/2023\/02\/plan-yaqui.jpg\",\"keywords\":[\"Justicia\",\"PLAN\",\"yaqui\"],\"articleSection\":[\"Sonora\"],\"inLanguage\":\"es\",\"potentialAction\":[{\"@type\":\"CommentAction\",\"name\":\"Comment\",\"target\":[\"https:\/\/www.sonoraenequipo.com.mx\/plan-de-justicia-yaqui-iniciativa-de-justicia-historica-mas-importante-del-pais-alfonso-durazo\/#respond\"]}]},{\"@type\":\"WebPage\",\"@id\":\"https:\/\/www.sonoraenequipo.com.mx\/plan-de-justicia-yaqui-iniciativa-de-justicia-historica-mas-importante-del-pais-alfonso-durazo\/\",\"url\":\"https:\/\/www.sonoraenequipo.com.mx\/plan-de-justicia-yaqui-iniciativa-de-justicia-historica-mas-importante-del-pais-alfonso-durazo\/\",\"name\":\"Sonora en Equipo. Plan de Justicia Yaqui,\u00a0 iniciativa de justicia hist\u00f3rica m\u00e1s importante del pa\u00eds: Alfonso Durazo Sonora\",\"isPartOf\":{\"@id\":\"https:\/\/www.sonoraenequipo.com.mx\/#website\"},\"primaryImageOfPage\":{\"@id\":\"https:\/\/www.sonoraenequipo.com.mx\/plan-de-justicia-yaqui-iniciativa-de-justicia-historica-mas-importante-del-pais-alfonso-durazo\/#primaryimage\"},\"image\":{\"@id\":\"https:\/\/www.sonoraenequipo.com.mx\/plan-de-justicia-yaqui-iniciativa-de-justicia-historica-mas-importante-del-pais-alfonso-durazo\/#primaryimage\"},\"thumbnailUrl\":\"https:\/\/www.sonoraenequipo.com.mx\/storage\/2023\/02\/plan-yaqui.jpg\",\"datePublished\":\"2023-02-20T03:35:34+00:00\",\"description\":\"&nbsp; &nbsp; &nbsp; &nbsp; &nbsp; &nbsp; &nbsp; \u00a0 LOMA DE GUAM\u00daCHIL, MUNICIPIO DE CAJEME, SONORA.\u2500\u2500 El Plan de Justicia Yaqui es el proyecto de En Sonora en Equipo publicamos toda la informaci\u00f3n de Sonora, M\u00e9xico y el Mundo de manera oportuna y busca que la libertad de expresi\u00f3n sea real. Visita nuestro medio informativo publicado desde Hermosillo, Sonora. %\",\"breadcrumb\":{\"@id\":\"https:\/\/www.sonoraenequipo.com.mx\/plan-de-justicia-yaqui-iniciativa-de-justicia-historica-mas-importante-del-pais-alfonso-durazo\/#breadcrumb\"},\"inLanguage\":\"es\",\"potentialAction\":[{\"@type\":\"ReadAction\",\"target\":[\"https:\/\/www.sonoraenequipo.com.mx\/plan-de-justicia-yaqui-iniciativa-de-justicia-historica-mas-importante-del-pais-alfonso-durazo\/\"]}]},{\"@type\":\"ImageObject\",\"inLanguage\":\"es\",\"@id\":\"https:\/\/www.sonoraenequipo.com.mx\/plan-de-justicia-yaqui-iniciativa-de-justicia-historica-mas-importante-del-pais-alfonso-durazo\/#primaryimage\",\"url\":\"https:\/\/www.sonoraenequipo.com.mx\/storage\/2023\/02\/plan-yaqui.jpg\",\"contentUrl\":\"https:\/\/www.sonoraenequipo.com.mx\/storage\/2023\/02\/plan-yaqui.jpg\",\"width\":600,\"height\":400},{\"@type\":\"BreadcrumbList\",\"@id\":\"https:\/\/www.sonoraenequipo.com.mx\/plan-de-justicia-yaqui-iniciativa-de-justicia-historica-mas-importante-del-pais-alfonso-durazo\/#breadcrumb\",\"itemListElement\":[{\"@type\":\"ListItem\",\"position\":1,\"name\":\"Portada\",\"item\":\"https:\/\/www.sonoraenequipo.com.mx\/\"},{\"@type\":\"ListItem\",\"position\":2,\"name\":\"Plan de Justicia Yaqui,\u00a0 iniciativa de justicia hist\u00f3rica m\u00e1s importante del pa\u00eds: Alfonso Durazo\"}]},{\"@type\":\"WebSite\",\"@id\":\"https:\/\/www.sonoraenequipo.com.mx\/#website\",\"url\":\"https:\/\/www.sonoraenequipo.com.mx\/\",\"name\":\"Sonora en Equipo.\",\"description\":\"Diario en l\u00ednea con Noticias desde Hermosillo, Sonora\",\"publisher\":{\"@id\":\"https:\/\/www.sonoraenequipo.com.mx\/#organization\"},\"potentialAction\":[{\"@type\":\"SearchAction\",\"target\":{\"@type\":\"EntryPoint\",\"urlTemplate\":\"https:\/\/www.sonoraenequipo.com.mx\/?s={search_term_string}\"},\"query-input\":{\"@type\":\"PropertyValueSpecification\",\"valueRequired\":true,\"valueName\":\"search_term_string\"}}],\"inLanguage\":\"es\"},{\"@type\":\"Organization\",\"@id\":\"https:\/\/www.sonoraenequipo.com.mx\/#organization\",\"name\":\"Sonoraenequipo.com.mx\",\"url\":\"https:\/\/www.sonoraenequipo.com.mx\/\",\"logo\":{\"@type\":\"ImageObject\",\"inLanguage\":\"es\",\"@id\":\"https:\/\/www.sonoraenequipo.com.mx\/#\/schema\/logo\/image\/\",\"url\":\"https:\/\/www.sonoraenequipo.com.mx\/storage\/2019\/01\/sonoraenequipo_opt.png\",\"contentUrl\":\"https:\/\/www.sonoraenequipo.com.mx\/storage\/2019\/01\/sonoraenequipo_opt.png\",\"width\":375,\"height\":125,\"caption\":\"Sonoraenequipo.com.mx\"},\"image\":{\"@id\":\"https:\/\/www.sonoraenequipo.com.mx\/#\/schema\/logo\/image\/\"},\"sameAs\":[\"https:\/\/www.facebook.com\/SonoraEE\/\",\"https:\/\/x.com\/sonoraenequipo\",\"https:\/\/www.youtube.com\/channel\/UC338nW-lPEYmJQs4ZABQ1SQ\"]},{\"@type\":\"Person\",\"@id\":\"https:\/\/www.sonoraenequipo.com.mx\/#\/schema\/person\/50102df0fb23a8fa9e8effad8fa81386\",\"name\":\"enequipo\",\"image\":{\"@type\":\"ImageObject\",\"inLanguage\":\"es\",\"@id\":\"https:\/\/www.sonoraenequipo.com.mx\/#\/schema\/person\/image\/\",\"url\":\"https:\/\/secure.gravatar.com\/avatar\/049821681b589dabc0bc20695993ccebb09f5b5d4d790cd9251b97faac7c652b?s=96&d=blank&r=g\",\"contentUrl\":\"https:\/\/secure.gravatar.com\/avatar\/049821681b589dabc0bc20695993ccebb09f5b5d4d790cd9251b97faac7c652b?s=96&d=blank&r=g\",\"caption\":\"enequipo\"},\"sameAs\":[\"https:\/\/www.facebook.com\/SonoraEE\"]}]}<\/script>\n ","yoast_head_json":{"title":"Sonora en Equipo. Plan de Justicia Yaqui,\u00a0 iniciativa de justicia hist\u00f3rica m\u00e1s importante del pa\u00eds: Alfonso Durazo Sonora","description":"&nbsp; &nbsp; &nbsp; &nbsp; &nbsp; &nbsp; &nbsp; \u00a0 LOMA DE GUAM\u00daCHIL, MUNICIPIO DE CAJEME, SONORA.\u2500\u2500 El Plan de Justicia Yaqui es el proyecto de En Sonora en Equipo publicamos toda la informaci\u00f3n de Sonora, M\u00e9xico y el Mundo de manera oportuna y busca que la libertad de expresi\u00f3n sea real. Visita nuestro medio informativo publicado desde Hermosillo, Sonora. %","robots":{"index":"index","follow":"follow","max-snippet":"max-snippet:-1","max-image-preview":"max-image-preview:large","max-video-preview":"max-video-preview:-1"},"canonical":"https:\/\/www.sonoraenequipo.com.mx\/plan-de-justicia-yaqui-iniciativa-de-justicia-historica-mas-importante-del-pais-alfonso-durazo\/","og_locale":"es_ES","og_type":"article","og_title":"Sonora en Equipo. Plan de Justicia Yaqui,\u00a0 iniciativa de justicia hist\u00f3rica m\u00e1s importante del pa\u00eds: Alfonso Durazo Sonora","og_description":"&nbsp; &nbsp; &nbsp; &nbsp; &nbsp; &nbsp; &nbsp; \u00a0 LOMA DE GUAM\u00daCHIL, MUNICIPIO DE CAJEME, SONORA.\u2500\u2500 El Plan de Justicia Yaqui es el proyecto de En Sonora en Equipo publicamos toda la informaci\u00f3n de Sonora, M\u00e9xico y el Mundo de manera oportuna y busca que la libertad de expresi\u00f3n sea real. Visita nuestro medio informativo publicado desde Hermosillo, Sonora. %","og_url":"https:\/\/www.sonoraenequipo.com.mx\/plan-de-justicia-yaqui-iniciativa-de-justicia-historica-mas-importante-del-pais-alfonso-durazo\/","og_site_name":"Sonora en Equipo.","article_publisher":"https:\/\/www.facebook.com\/SonoraEE\/","article_author":"https:\/\/www.facebook.com\/SonoraEE","article_published_time":"2023-02-20T03:35:34+00:00","og_image":[{"width":600,"height":400,"url":"https:\/\/www.sonoraenequipo.com.mx\/storage\/2023\/02\/plan-yaqui.jpg","type":"image\/jpeg"}],"author":"enequipo","twitter_card":"summary_large_image","twitter_creator":"@sonoraenequipo","twitter_site":"@sonoraenequipo","twitter_misc":{"Escrito por":"enequipo","Tiempo de lectura":"2 minutos"},"schema":{"@context":"https:\/\/schema.org","@graph":[{"@type":"Article","@id":"https:\/\/www.sonoraenequipo.com.mx\/plan-de-justicia-yaqui-iniciativa-de-justicia-historica-mas-importante-del-pais-alfonso-durazo\/#article","isPartOf":{"@id":"https:\/\/www.sonoraenequipo.com.mx\/plan-de-justicia-yaqui-iniciativa-de-justicia-historica-mas-importante-del-pais-alfonso-durazo\/"},"author":{"name":"enequipo","@id":"https:\/\/www.sonoraenequipo.com.mx\/#\/schema\/person\/50102df0fb23a8fa9e8effad8fa81386"},"headline":"Plan de Justicia Yaqui,\u00a0 iniciativa de justicia hist\u00f3rica m\u00e1s importante del pa\u00eds: Alfonso Durazo","datePublished":"2023-02-20T03:35:34+00:00","mainEntityOfPage":{"@id":"https:\/\/www.sonoraenequipo.com.mx\/plan-de-justicia-yaqui-iniciativa-de-justicia-historica-mas-importante-del-pais-alfonso-durazo\/"},"wordCount":378,"commentCount":0,"publisher":{"@id":"https:\/\/www.sonoraenequipo.com.mx\/#organization"},"image":{"@id":"https:\/\/www.sonoraenequipo.com.mx\/plan-de-justicia-yaqui-iniciativa-de-justicia-historica-mas-importante-del-pais-alfonso-durazo\/#primaryimage"},"thumbnailUrl":"https:\/\/www.sonoraenequipo.com.mx\/storage\/2023\/02\/plan-yaqui.jpg","keywords":["Justicia","PLAN","yaqui"],"articleSection":["Sonora"],"inLanguage":"es","potentialAction":[{"@type":"CommentAction","name":"Comment","target":["https:\/\/www.sonoraenequipo.com.mx\/plan-de-justicia-yaqui-iniciativa-de-justicia-historica-mas-importante-del-pais-alfonso-durazo\/#respond"]}]},{"@type":"WebPage","@id":"https:\/\/www.sonoraenequipo.com.mx\/plan-de-justicia-yaqui-iniciativa-de-justicia-historica-mas-importante-del-pais-alfonso-durazo\/","url":"https:\/\/www.sonoraenequipo.com.mx\/plan-de-justicia-yaqui-iniciativa-de-justicia-historica-mas-importante-del-pais-alfonso-durazo\/","name":"Sonora en Equipo. Plan de Justicia Yaqui,\u00a0 iniciativa de justicia hist\u00f3rica m\u00e1s importante del pa\u00eds: Alfonso Durazo Sonora","isPartOf":{"@id":"https:\/\/www.sonoraenequipo.com.mx\/#website"},"primaryImageOfPage":{"@id":"https:\/\/www.sonoraenequipo.com.mx\/plan-de-justicia-yaqui-iniciativa-de-justicia-historica-mas-importante-del-pais-alfonso-durazo\/#primaryimage"},"image":{"@id":"https:\/\/www.sonoraenequipo.com.mx\/plan-de-justicia-yaqui-iniciativa-de-justicia-historica-mas-importante-del-pais-alfonso-durazo\/#primaryimage"},"thumbnailUrl":"https:\/\/www.sonoraenequipo.com.mx\/storage\/2023\/02\/plan-yaqui.jpg","datePublished":"2023-02-20T03:35:34+00:00","description":"&nbsp; &nbsp; &nbsp; &nbsp; &nbsp; &nbsp; &nbsp; \u00a0 LOMA DE GUAM\u00daCHIL, MUNICIPIO DE CAJEME, SONORA.\u2500\u2500 El Plan de Justicia Yaqui es el proyecto de En Sonora en Equipo publicamos toda la informaci\u00f3n de Sonora, M\u00e9xico y el Mundo de manera oportuna y busca que la libertad de expresi\u00f3n sea real. Visita nuestro medio informativo publicado desde Hermosillo, Sonora. %","breadcrumb":{"@id":"https:\/\/www.sonoraenequipo.com.mx\/plan-de-justicia-yaqui-iniciativa-de-justicia-historica-mas-importante-del-pais-alfonso-durazo\/#breadcrumb"},"inLanguage":"es","potentialAction":[{"@type":"ReadAction","target":["https:\/\/www.sonoraenequipo.com.mx\/plan-de-justicia-yaqui-iniciativa-de-justicia-historica-mas-importante-del-pais-alfonso-durazo\/"]}]},{"@type":"ImageObject","inLanguage":"es","@id":"https:\/\/www.sonoraenequipo.com.mx\/plan-de-justicia-yaqui-iniciativa-de-justicia-historica-mas-importante-del-pais-alfonso-durazo\/#primaryimage","url":"https:\/\/www.sonoraenequipo.com.mx\/storage\/2023\/02\/plan-yaqui.jpg","contentUrl":"https:\/\/www.sonoraenequipo.com.mx\/storage\/2023\/02\/plan-yaqui.jpg","width":600,"height":400},{"@type":"BreadcrumbList","@id":"https:\/\/www.sonoraenequipo.com.mx\/plan-de-justicia-yaqui-iniciativa-de-justicia-historica-mas-importante-del-pais-alfonso-durazo\/#breadcrumb","itemListElement":[{"@type":"ListItem","position":1,"name":"Portada","item":"https:\/\/www.sonoraenequipo.com.mx\/"},{"@type":"ListItem","position":2,"name":"Plan de Justicia Yaqui,\u00a0 iniciativa de justicia hist\u00f3rica m\u00e1s importante del pa\u00eds: Alfonso Durazo"}]},{"@type":"WebSite","@id":"https:\/\/www.sonoraenequipo.com.mx\/#website","url":"https:\/\/www.sonoraenequipo.com.mx\/","name":"Sonora en Equipo.","description":"Diario en l\u00ednea con Noticias desde Hermosillo, Sonora","publisher":{"@id":"https:\/\/www.sonoraenequipo.com.mx\/#organization"},"potentialAction":[{"@type":"SearchAction","target":{"@type":"EntryPoint","urlTemplate":"https:\/\/www.sonoraenequipo.com.mx\/?s={search_term_string}"},"query-input":{"@type":"PropertyValueSpecification","valueRequired":true,"valueName":"search_term_string"}}],"inLanguage":"es"},{"@type":"Organization","@id":"https:\/\/www.sonoraenequipo.com.mx\/#organization","name":"Sonoraenequipo.com.mx","url":"https:\/\/www.sonoraenequipo.com.mx\/","logo":{"@type":"ImageObject","inLanguage":"es","@id":"https:\/\/www.sonoraenequipo.com.mx\/#\/schema\/logo\/image\/","url":"https:\/\/www.sonoraenequipo.com.mx\/storage\/2019\/01\/sonoraenequipo_opt.png","contentUrl":"https:\/\/www.sonoraenequipo.com.mx\/storage\/2019\/01\/sonoraenequipo_opt.png","width":375,"height":125,"caption":"Sonoraenequipo.com.mx"},"image":{"@id":"https:\/\/www.sonoraenequipo.com.mx\/#\/schema\/logo\/image\/"},"sameAs":["https:\/\/www.facebook.com\/SonoraEE\/","https:\/\/x.com\/sonoraenequipo","https:\/\/www.youtube.com\/channel\/UC338nW-lPEYmJQs4ZABQ1SQ"]},{"@type":"Person","@id":"https:\/\/www.sonoraenequipo.com.mx\/#\/schema\/person\/50102df0fb23a8fa9e8effad8fa81386","name":"enequipo","image":{"@type":"ImageObject","inLanguage":"es","@id":"https:\/\/www.sonoraenequipo.com.mx\/#\/schema\/person\/image\/","url":"https:\/\/secure.gravatar.com\/avatar\/049821681b589dabc0bc20695993ccebb09f5b5d4d790cd9251b97faac7c652b?s=96&d=blank&r=g","contentUrl":"https:\/\/secure.gravatar.com\/avatar\/049821681b589dabc0bc20695993ccebb09f5b5d4d790cd9251b97faac7c652b?s=96&d=blank&r=g","caption":"enequipo"},"sameAs":["https:\/\/www.facebook.com\/SonoraEE"]}]}},"jetpack_featured_media_url":"https:\/\/www.sonoraenequipo.com.mx\/storage\/2023\/02\/plan-yaqui.jpg","_links":{"self":[{"href":"https:\/\/www.sonoraenequipo.com.mx\/api\/wp\/v2\/posts\/159348","targetHints":{"allow":["GET"]}}],"collection":[{"href":"https:\/\/www.sonoraenequipo.com.mx\/api\/wp\/v2\/posts"}],"about":[{"href":"https:\/\/www.sonoraenequipo.com.mx\/api\/wp\/v2\/types\/post"}],"author":[{"embeddable":true,"href":"https:\/\/www.sonoraenequipo.com.mx\/api\/wp\/v2\/users\/1"}],"replies":[{"embeddable":true,"href":"https:\/\/www.sonoraenequipo.com.mx\/api\/wp\/v2\/comments?post=159348"}],"version-history":[{"count":1,"href":"https:\/\/www.sonoraenequipo.com.mx\/api\/wp\/v2\/posts\/159348\/revisions"}],"predecessor-version":[{"id":159350,"href":"https:\/\/www.sonoraenequipo.com.mx\/api\/wp\/v2\/posts\/159348\/revisions\/159350"}],"wp:featuredmedia":[{"embeddable":true,"href":"https:\/\/www.sonoraenequipo.com.mx\/api\/wp\/v2\/media\/159349"}],"wp:attachment":[{"href":"https:\/\/www.sonoraenequipo.com.mx\/api\/wp\/v2\/media?parent=159348"}],"wp:term":[{"taxonomy":"category","embeddable":true,"href":"https:\/\/www.sonoraenequipo.com.mx\/api\/wp\/v2\/categories?post=159348"},{"taxonomy":"post_tag","embeddable":true,"href":"https:\/\/www.sonoraenequipo.com.mx\/api\/wp\/v2\/tags?post=159348"}],"curies":[{"name":"wp","href":"https:\/\/api.w.org\/{rel}","templated":true}]}}