{"id":159351,"date":"2023-02-19T20:54:14","date_gmt":"2023-02-20T03:54:14","guid":{"rendered":"https:\/\/www.sonoraenequipo.com.mx\/?p=159351"},"modified":"2023-02-19T20:54:14","modified_gmt":"2023-02-20T03:54:14","slug":"blinken-visita-turquia-tras-devastacion-por-terremoto","status":"publish","type":"post","link":"https:\/\/www.sonoraenequipo.com.mx\/blinken-visita-turquia-tras-devastacion-por-terremoto\/","title":{"rendered":"Blinken visita Turqu\u00eda tras devastaci\u00f3n por terremoto"},"content":{"rendered":"<p>Blinken visita Turqu\u00eda tras devastaci\u00f3n por terremoto<\/p>\n<p>\u25baEn su primer viaje a Turqu\u00eda desde que asumi\u00f3 el cargo, se espera que el jefe de la diplomacia estadounidense se re\u00fana con el presidente, Tayyip Erdogan. EEUU prometi\u00f3 otros 100 millones de d\u00f3lares en ayuda tras el sismo.<\/p>\n<p>&nbsp;<\/p>\n<p>El secretario de Estado de EEUU, Antony Blinken, visita Turqu\u00eda el domingo para observar de primera mano las devastadoras consecuencias del terremoto de magnitud 7,8 que ha dejado m\u00e1s de 46.000 muertos y a millones sin hogar en Turqu\u00eda y la vecina Siria, a las que Washington enviar\u00e1 otros 100 millones de d\u00f3lares en ayuda humanitaria.<\/p>\n<p>&nbsp;<\/p>\n<p>Durante un recorrido en helic\u00f3ptero junto a su contraparte turco Mevlut Cavusoglu, el jefe de la diplomacia estadounidense anunci\u00f3 que su gobierno comprometi\u00f3 asistencia financiera adicional, lo que eleva a 185 millones de d\u00f3lares el monto total de la asistencia tras el sismo.<\/p>\n<p>&nbsp;<\/p>\n<p>\u201cEste ser\u00e1 un esfuerzo a largo plazo\u201d, declar\u00f3 Blinken en la Base A\u00e9rea de Incirlik, una instalaci\u00f3n conjunta de Estados Unidos y Turqu\u00eda que ha coordinado la distribuci\u00f3n de ayuda para desastres.<\/p>\n<p>&nbsp;<\/p>\n<p>\u201cLa b\u00fasqueda y rescate, desafortunadamente, est\u00e1 llegando a su fin. La recuperaci\u00f3n est\u00e1 en marcha y luego habr\u00e1 una operaci\u00f3n de reconstrucci\u00f3n masiva\u201d, a\u00f1adi\u00f3.<\/p>\n<p>&nbsp;<\/p>\n<p>Mientras est\u00e9 en Turqu\u00eda, se espera que Blinken se re\u00fana tambi\u00e9n con el presidente de Turqu\u00eda, Tayyip Erdogan.<\/p>\n<p><strong><em><u>Fecha de publicaci\u00f3n domingo 19 \u00a0de febrero de 2023 VOA<\/u><\/em><\/strong><\/p>\n","protected":false},"excerpt":{"rendered":"<p>Blinken visita Turqu\u00eda tras devastaci\u00f3n por terremoto \u25baEn su primer viaje a Turqu\u00eda desde que&#8230;<\/p>\n","protected":false},"author":1,"featured_media":159352,"comment_status":"open","ping_status":"open","sticky":false,"template":"","format":"standard","meta":{"_monsterinsights_skip_tracking":false,"_monsterinsights_sitenote_active":false,"_monsterinsights_sitenote_note":"","_monsterinsights_sitenote_category":0,"footnotes":""},"categories":[3],"tags":[8215,38],"class_list":["post"],"yoast_head":" \n<title>Sonora en Equipo. Blinken visita Turqu\u00eda tras devastaci\u00f3n por terremoto MUNDO<\/title>\n<meta name=\"description\" content=\"Blinken visita Turqu\u00eda tras devastaci\u00f3n por terremoto \u25baEn su primer viaje a Turqu\u00eda desde que asumi\u00f3 el cargo, se espera que el jefe de la diplomacia En Sonora en Equipo publicamos toda la informaci\u00f3n de Sonora, M\u00e9xico y el Mundo de manera oportuna y busca que la libertad de expresi\u00f3n sea real. Visita nuestro medio informativo publicado desde Hermosillo, Sonora. %\" \/>\n<meta name=\"robots\" content=\"index, follow, max-snippet:-1, max-image-preview:large, max-video-preview:-1\" \/>\n<link rel=\"canonical\" href=\"https:\/\/www.sonoraenequipo.com.mx\/blinken-visita-turquia-tras-devastacion-por-terremoto\/\" \/>\n<meta property=\"og:locale\" content=\"es_ES\" \/>\n<meta property=\"og:type\" content=\"article\" \/>\n<meta property=\"og:title\" content=\"Sonora en Equipo. Blinken visita Turqu\u00eda tras devastaci\u00f3n por terremoto MUNDO\" \/>\n<meta property=\"og:description\" content=\"Blinken visita Turqu\u00eda tras devastaci\u00f3n por terremoto \u25baEn su primer viaje a Turqu\u00eda desde que asumi\u00f3 el cargo, se espera que el jefe de la diplomacia En Sonora en Equipo publicamos toda la informaci\u00f3n de Sonora, M\u00e9xico y el Mundo de manera oportuna y busca que la libertad de expresi\u00f3n sea real. Visita nuestro medio informativo publicado desde Hermosillo, Sonora. %\" \/>\n<meta property=\"og:url\" content=\"https:\/\/www.sonoraenequipo.com.mx\/blinken-visita-turquia-tras-devastacion-por-terremoto\/\" \/>\n<meta property=\"og:site_name\" content=\"Sonora en Equipo.\" \/>\n<meta property=\"article:publisher\" content=\"https:\/\/www.facebook.com\/SonoraEE\/\" \/>\n<meta property=\"article:author\" content=\"https:\/\/www.facebook.com\/SonoraEE\" \/>\n<meta property=\"article:published_time\" content=\"2023-02-20T03:54:14+00:00\" \/>\n<meta property=\"og:image\" content=\"https:\/\/www.sonoraenequipo.com.mx\/storage\/2023\/02\/blinken-turquia.jpg\" \/>\n\t<meta property=\"og:image:width\" content=\"600\" \/>\n\t<meta property=\"og:image:height\" content=\"400\" \/>\n\t<meta property=\"og:image:type\" content=\"image\/jpeg\" \/>\n<meta name=\"author\" content=\"enequipo\" \/>\n<meta name=\"twitter:card\" content=\"summary_large_image\" \/>\n<meta name=\"twitter:creator\" content=\"@sonoraenequipo\" \/>\n<meta name=\"twitter:site\" content=\"@sonoraenequipo\" \/>\n<meta name=\"twitter:label1\" content=\"Escrito por\" \/>\n\t<meta name=\"twitter:data1\" content=\"enequipo\" \/>\n\t<meta name=\"twitter:label2\" content=\"Tiempo de lectura\" \/>\n\t<meta name=\"twitter:data2\" content=\"1 minuto\" \/>\n<script type=\"application\/ld+json\" class=\"yoast-schema-graph\">{\"@context\":\"https:\/\/schema.org\",\"@graph\":[{\"@type\":\"Article\",\"@id\":\"https:\/\/www.sonoraenequipo.com.mx\/blinken-visita-turquia-tras-devastacion-por-terremoto\/#article\",\"isPartOf\":{\"@id\":\"https:\/\/www.sonoraenequipo.com.mx\/blinken-visita-turquia-tras-devastacion-por-terremoto\/\"},\"author\":{\"name\":\"enequipo\",\"@id\":\"https:\/\/www.sonoraenequipo.com.mx\/#\/schema\/person\/50102df0fb23a8fa9e8effad8fa81386\"},\"headline\":\"Blinken visita Turqu\u00eda tras devastaci\u00f3n por terremoto\",\"datePublished\":\"2023-02-20T03:54:14+00:00\",\"mainEntityOfPage\":{\"@id\":\"https:\/\/www.sonoraenequipo.com.mx\/blinken-visita-turquia-tras-devastacion-por-terremoto\/\"},\"wordCount\":261,\"commentCount\":0,\"publisher\":{\"@id\":\"https:\/\/www.sonoraenequipo.com.mx\/#organization\"},\"image\":{\"@id\":\"https:\/\/www.sonoraenequipo.com.mx\/blinken-visita-turquia-tras-devastacion-por-terremoto\/#primaryimage\"},\"thumbnailUrl\":\"https:\/\/www.sonoraenequipo.com.mx\/storage\/2023\/02\/blinken-turquia.jpg\",\"keywords\":[\"sismo turqu\u00eda\",\"terremoto\"],\"articleSection\":[\"MUNDO\"],\"inLanguage\":\"es\",\"potentialAction\":[{\"@type\":\"CommentAction\",\"name\":\"Comment\",\"target\":[\"https:\/\/www.sonoraenequipo.com.mx\/blinken-visita-turquia-tras-devastacion-por-terremoto\/#respond\"]}]},{\"@type\":\"WebPage\",\"@id\":\"https:\/\/www.sonoraenequipo.com.mx\/blinken-visita-turquia-tras-devastacion-por-terremoto\/\",\"url\":\"https:\/\/www.sonoraenequipo.com.mx\/blinken-visita-turquia-tras-devastacion-por-terremoto\/\",\"name\":\"Sonora en Equipo. Blinken visita Turqu\u00eda tras devastaci\u00f3n por terremoto MUNDO\",\"isPartOf\":{\"@id\":\"https:\/\/www.sonoraenequipo.com.mx\/#website\"},\"primaryImageOfPage\":{\"@id\":\"https:\/\/www.sonoraenequipo.com.mx\/blinken-visita-turquia-tras-devastacion-por-terremoto\/#primaryimage\"},\"image\":{\"@id\":\"https:\/\/www.sonoraenequipo.com.mx\/blinken-visita-turquia-tras-devastacion-por-terremoto\/#primaryimage\"},\"thumbnailUrl\":\"https:\/\/www.sonoraenequipo.com.mx\/storage\/2023\/02\/blinken-turquia.jpg\",\"datePublished\":\"2023-02-20T03:54:14+00:00\",\"description\":\"Blinken visita Turqu\u00eda tras devastaci\u00f3n por terremoto \u25baEn su primer viaje a Turqu\u00eda desde que asumi\u00f3 el cargo, se espera que el jefe de la diplomacia En Sonora en Equipo publicamos toda la informaci\u00f3n de Sonora, M\u00e9xico y el Mundo de manera oportuna y busca que la libertad de expresi\u00f3n sea real. Visita nuestro medio informativo publicado desde Hermosillo, Sonora. %\",\"breadcrumb\":{\"@id\":\"https:\/\/www.sonoraenequipo.com.mx\/blinken-visita-turquia-tras-devastacion-por-terremoto\/#breadcrumb\"},\"inLanguage\":\"es\",\"potentialAction\":[{\"@type\":\"ReadAction\",\"target\":[\"https:\/\/www.sonoraenequipo.com.mx\/blinken-visita-turquia-tras-devastacion-por-terremoto\/\"]}]},{\"@type\":\"ImageObject\",\"inLanguage\":\"es\",\"@id\":\"https:\/\/www.sonoraenequipo.com.mx\/blinken-visita-turquia-tras-devastacion-por-terremoto\/#primaryimage\",\"url\":\"https:\/\/www.sonoraenequipo.com.mx\/storage\/2023\/02\/blinken-turquia.jpg\",\"contentUrl\":\"https:\/\/www.sonoraenequipo.com.mx\/storage\/2023\/02\/blinken-turquia.jpg\",\"width\":600,\"height\":400,\"caption\":\"Imagen Reuters\"},{\"@type\":\"BreadcrumbList\",\"@id\":\"https:\/\/www.sonoraenequipo.com.mx\/blinken-visita-turquia-tras-devastacion-por-terremoto\/#breadcrumb\",\"itemListElement\":[{\"@type\":\"ListItem\",\"position\":1,\"name\":\"Portada\",\"item\":\"https:\/\/www.sonoraenequipo.com.mx\/\"},{\"@type\":\"ListItem\",\"position\":2,\"name\":\"Blinken visita Turqu\u00eda tras devastaci\u00f3n por terremoto\"}]},{\"@type\":\"WebSite\",\"@id\":\"https:\/\/www.sonoraenequipo.com.mx\/#website\",\"url\":\"https:\/\/www.sonoraenequipo.com.mx\/\",\"name\":\"Sonora en Equipo.\",\"description\":\"Diario en l\u00ednea con Noticias desde Hermosillo, Sonora\",\"publisher\":{\"@id\":\"https:\/\/www.sonoraenequipo.com.mx\/#organization\"},\"potentialAction\":[{\"@type\":\"SearchAction\",\"target\":{\"@type\":\"EntryPoint\",\"urlTemplate\":\"https:\/\/www.sonoraenequipo.com.mx\/?s={search_term_string}\"},\"query-input\":{\"@type\":\"PropertyValueSpecification\",\"valueRequired\":true,\"valueName\":\"search_term_string\"}}],\"inLanguage\":\"es\"},{\"@type\":\"Organization\",\"@id\":\"https:\/\/www.sonoraenequipo.com.mx\/#organization\",\"name\":\"Sonoraenequipo.com.mx\",\"url\":\"https:\/\/www.sonoraenequipo.com.mx\/\",\"logo\":{\"@type\":\"ImageObject\",\"inLanguage\":\"es\",\"@id\":\"https:\/\/www.sonoraenequipo.com.mx\/#\/schema\/logo\/image\/\",\"url\":\"https:\/\/www.sonoraenequipo.com.mx\/storage\/2019\/01\/sonoraenequipo_opt.png\",\"contentUrl\":\"https:\/\/www.sonoraenequipo.com.mx\/storage\/2019\/01\/sonoraenequipo_opt.png\",\"width\":375,\"height\":125,\"caption\":\"Sonoraenequipo.com.mx\"},\"image\":{\"@id\":\"https:\/\/www.sonoraenequipo.com.mx\/#\/schema\/logo\/image\/\"},\"sameAs\":[\"https:\/\/www.facebook.com\/SonoraEE\/\",\"https:\/\/x.com\/sonoraenequipo\",\"https:\/\/www.youtube.com\/channel\/UC338nW-lPEYmJQs4ZABQ1SQ\"]},{\"@type\":\"Person\",\"@id\":\"https:\/\/www.sonoraenequipo.com.mx\/#\/schema\/person\/50102df0fb23a8fa9e8effad8fa81386\",\"name\":\"enequipo\",\"image\":{\"@type\":\"ImageObject\",\"inLanguage\":\"es\",\"@id\":\"https:\/\/www.sonoraenequipo.com.mx\/#\/schema\/person\/image\/\",\"url\":\"https:\/\/secure.gravatar.com\/avatar\/049821681b589dabc0bc20695993ccebb09f5b5d4d790cd9251b97faac7c652b?s=96&d=blank&r=g\",\"contentUrl\":\"https:\/\/secure.gravatar.com\/avatar\/049821681b589dabc0bc20695993ccebb09f5b5d4d790cd9251b97faac7c652b?s=96&d=blank&r=g\",\"caption\":\"enequipo\"},\"sameAs\":[\"https:\/\/www.facebook.com\/SonoraEE\"]}]}<\/script>\n ","yoast_head_json":{"title":"Sonora en Equipo. Blinken visita Turqu\u00eda tras devastaci\u00f3n por terremoto MUNDO","description":"Blinken visita Turqu\u00eda tras devastaci\u00f3n por terremoto \u25baEn su primer viaje a Turqu\u00eda desde que asumi\u00f3 el cargo, se espera que el jefe de la diplomacia En Sonora en Equipo publicamos toda la informaci\u00f3n de Sonora, M\u00e9xico y el Mundo de manera oportuna y busca que la libertad de expresi\u00f3n sea real. Visita nuestro medio informativo publicado desde Hermosillo, Sonora. %","robots":{"index":"index","follow":"follow","max-snippet":"max-snippet:-1","max-image-preview":"max-image-preview:large","max-video-preview":"max-video-preview:-1"},"canonical":"https:\/\/www.sonoraenequipo.com.mx\/blinken-visita-turquia-tras-devastacion-por-terremoto\/","og_locale":"es_ES","og_type":"article","og_title":"Sonora en Equipo. Blinken visita Turqu\u00eda tras devastaci\u00f3n por terremoto MUNDO","og_description":"Blinken visita Turqu\u00eda tras devastaci\u00f3n por terremoto \u25baEn su primer viaje a Turqu\u00eda desde que asumi\u00f3 el cargo, se espera que el jefe de la diplomacia En Sonora en Equipo publicamos toda la informaci\u00f3n de Sonora, M\u00e9xico y el Mundo de manera oportuna y busca que la libertad de expresi\u00f3n sea real. Visita nuestro medio informativo publicado desde Hermosillo, Sonora. %","og_url":"https:\/\/www.sonoraenequipo.com.mx\/blinken-visita-turquia-tras-devastacion-por-terremoto\/","og_site_name":"Sonora en Equipo.","article_publisher":"https:\/\/www.facebook.com\/SonoraEE\/","article_author":"https:\/\/www.facebook.com\/SonoraEE","article_published_time":"2023-02-20T03:54:14+00:00","og_image":[{"width":600,"height":400,"url":"https:\/\/www.sonoraenequipo.com.mx\/storage\/2023\/02\/blinken-turquia.jpg","type":"image\/jpeg"}],"author":"enequipo","twitter_card":"summary_large_image","twitter_creator":"@sonoraenequipo","twitter_site":"@sonoraenequipo","twitter_misc":{"Escrito por":"enequipo","Tiempo de lectura":"1 minuto"},"schema":{"@context":"https:\/\/schema.org","@graph":[{"@type":"Article","@id":"https:\/\/www.sonoraenequipo.com.mx\/blinken-visita-turquia-tras-devastacion-por-terremoto\/#article","isPartOf":{"@id":"https:\/\/www.sonoraenequipo.com.mx\/blinken-visita-turquia-tras-devastacion-por-terremoto\/"},"author":{"name":"enequipo","@id":"https:\/\/www.sonoraenequipo.com.mx\/#\/schema\/person\/50102df0fb23a8fa9e8effad8fa81386"},"headline":"Blinken visita Turqu\u00eda tras devastaci\u00f3n por terremoto","datePublished":"2023-02-20T03:54:14+00:00","mainEntityOfPage":{"@id":"https:\/\/www.sonoraenequipo.com.mx\/blinken-visita-turquia-tras-devastacion-por-terremoto\/"},"wordCount":261,"commentCount":0,"publisher":{"@id":"https:\/\/www.sonoraenequipo.com.mx\/#organization"},"image":{"@id":"https:\/\/www.sonoraenequipo.com.mx\/blinken-visita-turquia-tras-devastacion-por-terremoto\/#primaryimage"},"thumbnailUrl":"https:\/\/www.sonoraenequipo.com.mx\/storage\/2023\/02\/blinken-turquia.jpg","keywords":["sismo turqu\u00eda","terremoto"],"articleSection":["MUNDO"],"inLanguage":"es","potentialAction":[{"@type":"CommentAction","name":"Comment","target":["https:\/\/www.sonoraenequipo.com.mx\/blinken-visita-turquia-tras-devastacion-por-terremoto\/#respond"]}]},{"@type":"WebPage","@id":"https:\/\/www.sonoraenequipo.com.mx\/blinken-visita-turquia-tras-devastacion-por-terremoto\/","url":"https:\/\/www.sonoraenequipo.com.mx\/blinken-visita-turquia-tras-devastacion-por-terremoto\/","name":"Sonora en Equipo. Blinken visita Turqu\u00eda tras devastaci\u00f3n por terremoto MUNDO","isPartOf":{"@id":"https:\/\/www.sonoraenequipo.com.mx\/#website"},"primaryImageOfPage":{"@id":"https:\/\/www.sonoraenequipo.com.mx\/blinken-visita-turquia-tras-devastacion-por-terremoto\/#primaryimage"},"image":{"@id":"https:\/\/www.sonoraenequipo.com.mx\/blinken-visita-turquia-tras-devastacion-por-terremoto\/#primaryimage"},"thumbnailUrl":"https:\/\/www.sonoraenequipo.com.mx\/storage\/2023\/02\/blinken-turquia.jpg","datePublished":"2023-02-20T03:54:14+00:00","description":"Blinken visita Turqu\u00eda tras devastaci\u00f3n por terremoto \u25baEn su primer viaje a Turqu\u00eda desde que asumi\u00f3 el cargo, se espera que el jefe de la diplomacia En Sonora en Equipo publicamos toda la informaci\u00f3n de Sonora, M\u00e9xico y el Mundo de manera oportuna y busca que la libertad de expresi\u00f3n sea real. Visita nuestro medio informativo publicado desde Hermosillo, Sonora. %","breadcrumb":{"@id":"https:\/\/www.sonoraenequipo.com.mx\/blinken-visita-turquia-tras-devastacion-por-terremoto\/#breadcrumb"},"inLanguage":"es","potentialAction":[{"@type":"ReadAction","target":["https:\/\/www.sonoraenequipo.com.mx\/blinken-visita-turquia-tras-devastacion-por-terremoto\/"]}]},{"@type":"ImageObject","inLanguage":"es","@id":"https:\/\/www.sonoraenequipo.com.mx\/blinken-visita-turquia-tras-devastacion-por-terremoto\/#primaryimage","url":"https:\/\/www.sonoraenequipo.com.mx\/storage\/2023\/02\/blinken-turquia.jpg","contentUrl":"https:\/\/www.sonoraenequipo.com.mx\/storage\/2023\/02\/blinken-turquia.jpg","width":600,"height":400,"caption":"Imagen Reuters"},{"@type":"BreadcrumbList","@id":"https:\/\/www.sonoraenequipo.com.mx\/blinken-visita-turquia-tras-devastacion-por-terremoto\/#breadcrumb","itemListElement":[{"@type":"ListItem","position":1,"name":"Portada","item":"https:\/\/www.sonoraenequipo.com.mx\/"},{"@type":"ListItem","position":2,"name":"Blinken visita Turqu\u00eda tras devastaci\u00f3n por terremoto"}]},{"@type":"WebSite","@id":"https:\/\/www.sonoraenequipo.com.mx\/#website","url":"https:\/\/www.sonoraenequipo.com.mx\/","name":"Sonora en Equipo.","description":"Diario en l\u00ednea con Noticias desde Hermosillo, Sonora","publisher":{"@id":"https:\/\/www.sonoraenequipo.com.mx\/#organization"},"potentialAction":[{"@type":"SearchAction","target":{"@type":"EntryPoint","urlTemplate":"https:\/\/www.sonoraenequipo.com.mx\/?s={search_term_string}"},"query-input":{"@type":"PropertyValueSpecification","valueRequired":true,"valueName":"search_term_string"}}],"inLanguage":"es"},{"@type":"Organization","@id":"https:\/\/www.sonoraenequipo.com.mx\/#organization","name":"Sonoraenequipo.com.mx","url":"https:\/\/www.sonoraenequipo.com.mx\/","logo":{"@type":"ImageObject","inLanguage":"es","@id":"https:\/\/www.sonoraenequipo.com.mx\/#\/schema\/logo\/image\/","url":"https:\/\/www.sonoraenequipo.com.mx\/storage\/2019\/01\/sonoraenequipo_opt.png","contentUrl":"https:\/\/www.sonoraenequipo.com.mx\/storage\/2019\/01\/sonoraenequipo_opt.png","width":375,"height":125,"caption":"Sonoraenequipo.com.mx"},"image":{"@id":"https:\/\/www.sonoraenequipo.com.mx\/#\/schema\/logo\/image\/"},"sameAs":["https:\/\/www.facebook.com\/SonoraEE\/","https:\/\/x.com\/sonoraenequipo","https:\/\/www.youtube.com\/channel\/UC338nW-lPEYmJQs4ZABQ1SQ"]},{"@type":"Person","@id":"https:\/\/www.sonoraenequipo.com.mx\/#\/schema\/person\/50102df0fb23a8fa9e8effad8fa81386","name":"enequipo","image":{"@type":"ImageObject","inLanguage":"es","@id":"https:\/\/www.sonoraenequipo.com.mx\/#\/schema\/person\/image\/","url":"https:\/\/secure.gravatar.com\/avatar\/049821681b589dabc0bc20695993ccebb09f5b5d4d790cd9251b97faac7c652b?s=96&d=blank&r=g","contentUrl":"https:\/\/secure.gravatar.com\/avatar\/049821681b589dabc0bc20695993ccebb09f5b5d4d790cd9251b97faac7c652b?s=96&d=blank&r=g","caption":"enequipo"},"sameAs":["https:\/\/www.facebook.com\/SonoraEE"]}]}},"jetpack_featured_media_url":"https:\/\/www.sonoraenequipo.com.mx\/storage\/2023\/02\/blinken-turquia.jpg","_links":{"self":[{"href":"https:\/\/www.sonoraenequipo.com.mx\/api\/wp\/v2\/posts\/159351","targetHints":{"allow":["GET"]}}],"collection":[{"href":"https:\/\/www.sonoraenequipo.com.mx\/api\/wp\/v2\/posts"}],"about":[{"href":"https:\/\/www.sonoraenequipo.com.mx\/api\/wp\/v2\/types\/post"}],"author":[{"embeddable":true,"href":"https:\/\/www.sonoraenequipo.com.mx\/api\/wp\/v2\/users\/1"}],"replies":[{"embeddable":true,"href":"https:\/\/www.sonoraenequipo.com.mx\/api\/wp\/v2\/comments?post=159351"}],"version-history":[{"count":1,"href":"https:\/\/www.sonoraenequipo.com.mx\/api\/wp\/v2\/posts\/159351\/revisions"}],"predecessor-version":[{"id":159353,"href":"https:\/\/www.sonoraenequipo.com.mx\/api\/wp\/v2\/posts\/159351\/revisions\/159353"}],"wp:featuredmedia":[{"embeddable":true,"href":"https:\/\/www.sonoraenequipo.com.mx\/api\/wp\/v2\/media\/159352"}],"wp:attachment":[{"href":"https:\/\/www.sonoraenequipo.com.mx\/api\/wp\/v2\/media?parent=159351"}],"wp:term":[{"taxonomy":"category","embeddable":true,"href":"https:\/\/www.sonoraenequipo.com.mx\/api\/wp\/v2\/categories?post=159351"},{"taxonomy":"post_tag","embeddable":true,"href":"https:\/\/www.sonoraenequipo.com.mx\/api\/wp\/v2\/tags?post=159351"}],"curies":[{"name":"wp","href":"https:\/\/api.w.org\/{rel}","templated":true}]}}