{"id":159359,"date":"2023-02-20T11:36:01","date_gmt":"2023-02-20T18:36:01","guid":{"rendered":"https:\/\/www.sonoraenequipo.com.mx\/?p=159359"},"modified":"2023-02-20T11:36:01","modified_gmt":"2023-02-20T18:36:01","slug":"escasa-participacion-registro-eleccion-extraordinaria-de-un-senador-en-tamaulipas","status":"publish","type":"post","link":"https:\/\/www.sonoraenequipo.com.mx\/escasa-participacion-registro-eleccion-extraordinaria-de-un-senador-en-tamaulipas\/","title":{"rendered":"Escasa participaci\u00f3n registr\u00f3 elecci\u00f3n extraordinaria de un senador en Tamaulipas"},"content":{"rendered":"<p>Este domingo 19 de febrero, Tamaulipas celebr\u00f3 elecci\u00f3n extraordinaria para escoger a un senador, esca\u00f1o \u00a0que qued\u00f3 vac\u00edo tras la muerte de Faustino L\u00f3pez.<\/p>\n<p>Antes de su fallecimiento, Faustino L\u00f3pez Vargas ejerc\u00eda desde enero del 2022 en la C\u00e1mara Alta por Movimiento Regeneraci\u00f3n Nacional (Morena) como legislador en suplencia del ahora Gobernador de Tamaulipas, Am\u00e9rico Villarreal. De acuerdo con el portal del Senado, la gran cercan\u00eda que el tamaulipeco sostuvo con el presidente Andr\u00e9s Manuel L\u00f3pez Obrador (AMLO) influy\u00f3 para convertirse en uno de los fundadores del Morena, aunque tambi\u00e9n destac\u00f3 durante la creaci\u00f3n del Partido de la Revoluci\u00f3n Democr\u00e1tica (PRD).<\/p>\n<p>De acuerdo al Programa de resultados electorales preliminares (PREP). Con el cien por ciento de las actas capturadas, el triunfo corresponder\u00eda a Jos\u00e9 Ram\u00f3n G\u00f3mez Leal candidato de la alianza PT Morena con 421 mil 091 votos, seguido de Imelda Margarita San miguel S\u00e1nchez, con 130mil 459 de la alianza PRI,PAN,PRD.<\/p>\n<p>Muy atr\u00e1s el candidato del PVEM Manuel Mu\u00f1oz Cano con 23 mil 256 votos, de acuerdo al PREP hubo 590 mil 396 votos totales, que representa una participaci\u00f3n cercana al 22 por ciento.<\/p>\n<p>Los resultados oficiales ser\u00e1n dados a conocer este 22 de febrero inform\u00f3 el INE.<\/p>\n<p><strong><em><u>Fecha de publicaci\u00f3n\u00a0 lunes 20 de febrero de 2023<\/u><\/em><\/strong><\/p>\n","protected":false},"excerpt":{"rendered":"<p>Este domingo 19 de febrero, Tamaulipas celebr\u00f3 elecci\u00f3n extraordinaria para escoger a un senador, esca\u00f1o&#8230;<\/p>\n","protected":false},"author":1,"featured_media":159360,"comment_status":"open","ping_status":"open","sticky":false,"template":"","format":"standard","meta":{"_monsterinsights_skip_tracking":false,"_monsterinsights_sitenote_active":false,"_monsterinsights_sitenote_note":"","_monsterinsights_sitenote_category":0,"footnotes":""},"categories":[6493,5],"tags":[6322,2398],"class_list":["post"],"yoast_head":" \n<title>Sonora en Equipo. Escasa participaci\u00f3n registr\u00f3 elecci\u00f3n extraordinaria de un senador en Tamaulipas Rep\u00fablica<\/title>\n<meta name=\"description\" content=\"Este domingo 19 de febrero, Tamaulipas celebr\u00f3 elecci\u00f3n extraordinaria para escoger a un senador, esca\u00f1o \u00a0que qued\u00f3 vac\u00edo tras la muerte de Faustino En Sonora en Equipo publicamos toda la informaci\u00f3n de Sonora, M\u00e9xico y el Mundo de manera oportuna y busca que la libertad de expresi\u00f3n sea real. Visita nuestro medio informativo publicado desde Hermosillo, Sonora. %\" \/>\n<meta name=\"robots\" content=\"index, follow, max-snippet:-1, max-image-preview:large, max-video-preview:-1\" \/>\n<link rel=\"canonical\" href=\"https:\/\/www.sonoraenequipo.com.mx\/escasa-participacion-registro-eleccion-extraordinaria-de-un-senador-en-tamaulipas\/\" \/>\n<meta property=\"og:locale\" content=\"es_ES\" \/>\n<meta property=\"og:type\" content=\"article\" \/>\n<meta property=\"og:title\" content=\"Sonora en Equipo. Escasa participaci\u00f3n registr\u00f3 elecci\u00f3n extraordinaria de un senador en Tamaulipas Rep\u00fablica\" \/>\n<meta property=\"og:description\" content=\"Este domingo 19 de febrero, Tamaulipas celebr\u00f3 elecci\u00f3n extraordinaria para escoger a un senador, esca\u00f1o \u00a0que qued\u00f3 vac\u00edo tras la muerte de Faustino En Sonora en Equipo publicamos toda la informaci\u00f3n de Sonora, M\u00e9xico y el Mundo de manera oportuna y busca que la libertad de expresi\u00f3n sea real. Visita nuestro medio informativo publicado desde Hermosillo, Sonora. %\" \/>\n<meta property=\"og:url\" content=\"https:\/\/www.sonoraenequipo.com.mx\/escasa-participacion-registro-eleccion-extraordinaria-de-un-senador-en-tamaulipas\/\" \/>\n<meta property=\"og:site_name\" content=\"Sonora en Equipo.\" \/>\n<meta property=\"article:publisher\" content=\"https:\/\/www.facebook.com\/SonoraEE\/\" \/>\n<meta property=\"article:author\" content=\"https:\/\/www.facebook.com\/SonoraEE\" \/>\n<meta property=\"article:published_time\" content=\"2023-02-20T18:36:01+00:00\" \/>\n<meta property=\"og:image\" content=\"https:\/\/www.sonoraenequipo.com.mx\/storage\/2023\/02\/eleccion-tam.jpg\" \/>\n\t<meta property=\"og:image:width\" content=\"600\" \/>\n\t<meta property=\"og:image:height\" content=\"402\" \/>\n\t<meta property=\"og:image:type\" content=\"image\/jpeg\" \/>\n<meta name=\"author\" content=\"enequipo\" \/>\n<meta name=\"twitter:card\" content=\"summary_large_image\" \/>\n<meta name=\"twitter:creator\" content=\"@sonoraenequipo\" \/>\n<meta name=\"twitter:site\" content=\"@sonoraenequipo\" \/>\n<meta name=\"twitter:label1\" content=\"Escrito por\" \/>\n\t<meta name=\"twitter:data1\" content=\"enequipo\" \/>\n\t<meta name=\"twitter:label2\" content=\"Tiempo de lectura\" \/>\n\t<meta name=\"twitter:data2\" content=\"1 minuto\" \/>\n<script type=\"application\/ld+json\" class=\"yoast-schema-graph\">{\"@context\":\"https:\/\/schema.org\",\"@graph\":[{\"@type\":\"Article\",\"@id\":\"https:\/\/www.sonoraenequipo.com.mx\/escasa-participacion-registro-eleccion-extraordinaria-de-un-senador-en-tamaulipas\/#article\",\"isPartOf\":{\"@id\":\"https:\/\/www.sonoraenequipo.com.mx\/escasa-participacion-registro-eleccion-extraordinaria-de-un-senador-en-tamaulipas\/\"},\"author\":{\"name\":\"enequipo\",\"@id\":\"https:\/\/www.sonoraenequipo.com.mx\/#\/schema\/person\/50102df0fb23a8fa9e8effad8fa81386\"},\"headline\":\"Escasa participaci\u00f3n registr\u00f3 elecci\u00f3n extraordinaria de un senador en Tamaulipas\",\"datePublished\":\"2023-02-20T18:36:01+00:00\",\"mainEntityOfPage\":{\"@id\":\"https:\/\/www.sonoraenequipo.com.mx\/escasa-participacion-registro-eleccion-extraordinaria-de-un-senador-en-tamaulipas\/\"},\"wordCount\":234,\"commentCount\":0,\"publisher\":{\"@id\":\"https:\/\/www.sonoraenequipo.com.mx\/#organization\"},\"image\":{\"@id\":\"https:\/\/www.sonoraenequipo.com.mx\/escasa-participacion-registro-eleccion-extraordinaria-de-un-senador-en-tamaulipas\/#primaryimage\"},\"thumbnailUrl\":\"https:\/\/www.sonoraenequipo.com.mx\/storage\/2023\/02\/eleccion-tam.jpg\",\"keywords\":[\"eleccion extraordinaria senador\",\"Tamaulipas\"],\"articleSection\":[\"PALABRAS Y N\u00daMEROS\",\"Rep\u00fablica\"],\"inLanguage\":\"es\",\"potentialAction\":[{\"@type\":\"CommentAction\",\"name\":\"Comment\",\"target\":[\"https:\/\/www.sonoraenequipo.com.mx\/escasa-participacion-registro-eleccion-extraordinaria-de-un-senador-en-tamaulipas\/#respond\"]}]},{\"@type\":\"WebPage\",\"@id\":\"https:\/\/www.sonoraenequipo.com.mx\/escasa-participacion-registro-eleccion-extraordinaria-de-un-senador-en-tamaulipas\/\",\"url\":\"https:\/\/www.sonoraenequipo.com.mx\/escasa-participacion-registro-eleccion-extraordinaria-de-un-senador-en-tamaulipas\/\",\"name\":\"Sonora en Equipo. Escasa participaci\u00f3n registr\u00f3 elecci\u00f3n extraordinaria de un senador en Tamaulipas Rep\u00fablica\",\"isPartOf\":{\"@id\":\"https:\/\/www.sonoraenequipo.com.mx\/#website\"},\"primaryImageOfPage\":{\"@id\":\"https:\/\/www.sonoraenequipo.com.mx\/escasa-participacion-registro-eleccion-extraordinaria-de-un-senador-en-tamaulipas\/#primaryimage\"},\"image\":{\"@id\":\"https:\/\/www.sonoraenequipo.com.mx\/escasa-participacion-registro-eleccion-extraordinaria-de-un-senador-en-tamaulipas\/#primaryimage\"},\"thumbnailUrl\":\"https:\/\/www.sonoraenequipo.com.mx\/storage\/2023\/02\/eleccion-tam.jpg\",\"datePublished\":\"2023-02-20T18:36:01+00:00\",\"description\":\"Este domingo 19 de febrero, Tamaulipas celebr\u00f3 elecci\u00f3n extraordinaria para escoger a un senador, esca\u00f1o \u00a0que qued\u00f3 vac\u00edo tras la muerte de Faustino En Sonora en Equipo publicamos toda la informaci\u00f3n de Sonora, M\u00e9xico y el Mundo de manera oportuna y busca que la libertad de expresi\u00f3n sea real. Visita nuestro medio informativo publicado desde Hermosillo, Sonora. %\",\"breadcrumb\":{\"@id\":\"https:\/\/www.sonoraenequipo.com.mx\/escasa-participacion-registro-eleccion-extraordinaria-de-un-senador-en-tamaulipas\/#breadcrumb\"},\"inLanguage\":\"es\",\"potentialAction\":[{\"@type\":\"ReadAction\",\"target\":[\"https:\/\/www.sonoraenequipo.com.mx\/escasa-participacion-registro-eleccion-extraordinaria-de-un-senador-en-tamaulipas\/\"]}]},{\"@type\":\"ImageObject\",\"inLanguage\":\"es\",\"@id\":\"https:\/\/www.sonoraenequipo.com.mx\/escasa-participacion-registro-eleccion-extraordinaria-de-un-senador-en-tamaulipas\/#primaryimage\",\"url\":\"https:\/\/www.sonoraenequipo.com.mx\/storage\/2023\/02\/eleccion-tam.jpg\",\"contentUrl\":\"https:\/\/www.sonoraenequipo.com.mx\/storage\/2023\/02\/eleccion-tam.jpg\",\"width\":600,\"height\":402,\"caption\":\"Imagen Zeta\"},{\"@type\":\"BreadcrumbList\",\"@id\":\"https:\/\/www.sonoraenequipo.com.mx\/escasa-participacion-registro-eleccion-extraordinaria-de-un-senador-en-tamaulipas\/#breadcrumb\",\"itemListElement\":[{\"@type\":\"ListItem\",\"position\":1,\"name\":\"Portada\",\"item\":\"https:\/\/www.sonoraenequipo.com.mx\/\"},{\"@type\":\"ListItem\",\"position\":2,\"name\":\"Escasa participaci\u00f3n registr\u00f3 elecci\u00f3n extraordinaria de un senador en Tamaulipas\"}]},{\"@type\":\"WebSite\",\"@id\":\"https:\/\/www.sonoraenequipo.com.mx\/#website\",\"url\":\"https:\/\/www.sonoraenequipo.com.mx\/\",\"name\":\"Sonora en Equipo.\",\"description\":\"Diario en l\u00ednea con Noticias desde Hermosillo, Sonora\",\"publisher\":{\"@id\":\"https:\/\/www.sonoraenequipo.com.mx\/#organization\"},\"potentialAction\":[{\"@type\":\"SearchAction\",\"target\":{\"@type\":\"EntryPoint\",\"urlTemplate\":\"https:\/\/www.sonoraenequipo.com.mx\/?s={search_term_string}\"},\"query-input\":{\"@type\":\"PropertyValueSpecification\",\"valueRequired\":true,\"valueName\":\"search_term_string\"}}],\"inLanguage\":\"es\"},{\"@type\":\"Organization\",\"@id\":\"https:\/\/www.sonoraenequipo.com.mx\/#organization\",\"name\":\"Sonoraenequipo.com.mx\",\"url\":\"https:\/\/www.sonoraenequipo.com.mx\/\",\"logo\":{\"@type\":\"ImageObject\",\"inLanguage\":\"es\",\"@id\":\"https:\/\/www.sonoraenequipo.com.mx\/#\/schema\/logo\/image\/\",\"url\":\"https:\/\/www.sonoraenequipo.com.mx\/storage\/2019\/01\/sonoraenequipo_opt.png\",\"contentUrl\":\"https:\/\/www.sonoraenequipo.com.mx\/storage\/2019\/01\/sonoraenequipo_opt.png\",\"width\":375,\"height\":125,\"caption\":\"Sonoraenequipo.com.mx\"},\"image\":{\"@id\":\"https:\/\/www.sonoraenequipo.com.mx\/#\/schema\/logo\/image\/\"},\"sameAs\":[\"https:\/\/www.facebook.com\/SonoraEE\/\",\"https:\/\/x.com\/sonoraenequipo\",\"https:\/\/www.youtube.com\/channel\/UC338nW-lPEYmJQs4ZABQ1SQ\"]},{\"@type\":\"Person\",\"@id\":\"https:\/\/www.sonoraenequipo.com.mx\/#\/schema\/person\/50102df0fb23a8fa9e8effad8fa81386\",\"name\":\"enequipo\",\"image\":{\"@type\":\"ImageObject\",\"inLanguage\":\"es\",\"@id\":\"https:\/\/www.sonoraenequipo.com.mx\/#\/schema\/person\/image\/\",\"url\":\"https:\/\/secure.gravatar.com\/avatar\/049821681b589dabc0bc20695993ccebb09f5b5d4d790cd9251b97faac7c652b?s=96&d=blank&r=g\",\"contentUrl\":\"https:\/\/secure.gravatar.com\/avatar\/049821681b589dabc0bc20695993ccebb09f5b5d4d790cd9251b97faac7c652b?s=96&d=blank&r=g\",\"caption\":\"enequipo\"},\"sameAs\":[\"https:\/\/www.facebook.com\/SonoraEE\"]}]}<\/script>\n ","yoast_head_json":{"title":"Sonora en Equipo. Escasa participaci\u00f3n registr\u00f3 elecci\u00f3n extraordinaria de un senador en Tamaulipas Rep\u00fablica","description":"Este domingo 19 de febrero, Tamaulipas celebr\u00f3 elecci\u00f3n extraordinaria para escoger a un senador, esca\u00f1o \u00a0que qued\u00f3 vac\u00edo tras la muerte de Faustino En Sonora en Equipo publicamos toda la informaci\u00f3n de Sonora, M\u00e9xico y el Mundo de manera oportuna y busca que la libertad de expresi\u00f3n sea real. Visita nuestro medio informativo publicado desde Hermosillo, Sonora. %","robots":{"index":"index","follow":"follow","max-snippet":"max-snippet:-1","max-image-preview":"max-image-preview:large","max-video-preview":"max-video-preview:-1"},"canonical":"https:\/\/www.sonoraenequipo.com.mx\/escasa-participacion-registro-eleccion-extraordinaria-de-un-senador-en-tamaulipas\/","og_locale":"es_ES","og_type":"article","og_title":"Sonora en Equipo. Escasa participaci\u00f3n registr\u00f3 elecci\u00f3n extraordinaria de un senador en Tamaulipas Rep\u00fablica","og_description":"Este domingo 19 de febrero, Tamaulipas celebr\u00f3 elecci\u00f3n extraordinaria para escoger a un senador, esca\u00f1o \u00a0que qued\u00f3 vac\u00edo tras la muerte de Faustino En Sonora en Equipo publicamos toda la informaci\u00f3n de Sonora, M\u00e9xico y el Mundo de manera oportuna y busca que la libertad de expresi\u00f3n sea real. Visita nuestro medio informativo publicado desde Hermosillo, Sonora. %","og_url":"https:\/\/www.sonoraenequipo.com.mx\/escasa-participacion-registro-eleccion-extraordinaria-de-un-senador-en-tamaulipas\/","og_site_name":"Sonora en Equipo.","article_publisher":"https:\/\/www.facebook.com\/SonoraEE\/","article_author":"https:\/\/www.facebook.com\/SonoraEE","article_published_time":"2023-02-20T18:36:01+00:00","og_image":[{"width":600,"height":402,"url":"https:\/\/www.sonoraenequipo.com.mx\/storage\/2023\/02\/eleccion-tam.jpg","type":"image\/jpeg"}],"author":"enequipo","twitter_card":"summary_large_image","twitter_creator":"@sonoraenequipo","twitter_site":"@sonoraenequipo","twitter_misc":{"Escrito por":"enequipo","Tiempo de lectura":"1 minuto"},"schema":{"@context":"https:\/\/schema.org","@graph":[{"@type":"Article","@id":"https:\/\/www.sonoraenequipo.com.mx\/escasa-participacion-registro-eleccion-extraordinaria-de-un-senador-en-tamaulipas\/#article","isPartOf":{"@id":"https:\/\/www.sonoraenequipo.com.mx\/escasa-participacion-registro-eleccion-extraordinaria-de-un-senador-en-tamaulipas\/"},"author":{"name":"enequipo","@id":"https:\/\/www.sonoraenequipo.com.mx\/#\/schema\/person\/50102df0fb23a8fa9e8effad8fa81386"},"headline":"Escasa participaci\u00f3n registr\u00f3 elecci\u00f3n extraordinaria de un senador en Tamaulipas","datePublished":"2023-02-20T18:36:01+00:00","mainEntityOfPage":{"@id":"https:\/\/www.sonoraenequipo.com.mx\/escasa-participacion-registro-eleccion-extraordinaria-de-un-senador-en-tamaulipas\/"},"wordCount":234,"commentCount":0,"publisher":{"@id":"https:\/\/www.sonoraenequipo.com.mx\/#organization"},"image":{"@id":"https:\/\/www.sonoraenequipo.com.mx\/escasa-participacion-registro-eleccion-extraordinaria-de-un-senador-en-tamaulipas\/#primaryimage"},"thumbnailUrl":"https:\/\/www.sonoraenequipo.com.mx\/storage\/2023\/02\/eleccion-tam.jpg","keywords":["eleccion extraordinaria senador","Tamaulipas"],"articleSection":["PALABRAS Y N\u00daMEROS","Rep\u00fablica"],"inLanguage":"es","potentialAction":[{"@type":"CommentAction","name":"Comment","target":["https:\/\/www.sonoraenequipo.com.mx\/escasa-participacion-registro-eleccion-extraordinaria-de-un-senador-en-tamaulipas\/#respond"]}]},{"@type":"WebPage","@id":"https:\/\/www.sonoraenequipo.com.mx\/escasa-participacion-registro-eleccion-extraordinaria-de-un-senador-en-tamaulipas\/","url":"https:\/\/www.sonoraenequipo.com.mx\/escasa-participacion-registro-eleccion-extraordinaria-de-un-senador-en-tamaulipas\/","name":"Sonora en Equipo. Escasa participaci\u00f3n registr\u00f3 elecci\u00f3n extraordinaria de un senador en Tamaulipas Rep\u00fablica","isPartOf":{"@id":"https:\/\/www.sonoraenequipo.com.mx\/#website"},"primaryImageOfPage":{"@id":"https:\/\/www.sonoraenequipo.com.mx\/escasa-participacion-registro-eleccion-extraordinaria-de-un-senador-en-tamaulipas\/#primaryimage"},"image":{"@id":"https:\/\/www.sonoraenequipo.com.mx\/escasa-participacion-registro-eleccion-extraordinaria-de-un-senador-en-tamaulipas\/#primaryimage"},"thumbnailUrl":"https:\/\/www.sonoraenequipo.com.mx\/storage\/2023\/02\/eleccion-tam.jpg","datePublished":"2023-02-20T18:36:01+00:00","description":"Este domingo 19 de febrero, Tamaulipas celebr\u00f3 elecci\u00f3n extraordinaria para escoger a un senador, esca\u00f1o \u00a0que qued\u00f3 vac\u00edo tras la muerte de Faustino En Sonora en Equipo publicamos toda la informaci\u00f3n de Sonora, M\u00e9xico y el Mundo de manera oportuna y busca que la libertad de expresi\u00f3n sea real. Visita nuestro medio informativo publicado desde Hermosillo, Sonora. %","breadcrumb":{"@id":"https:\/\/www.sonoraenequipo.com.mx\/escasa-participacion-registro-eleccion-extraordinaria-de-un-senador-en-tamaulipas\/#breadcrumb"},"inLanguage":"es","potentialAction":[{"@type":"ReadAction","target":["https:\/\/www.sonoraenequipo.com.mx\/escasa-participacion-registro-eleccion-extraordinaria-de-un-senador-en-tamaulipas\/"]}]},{"@type":"ImageObject","inLanguage":"es","@id":"https:\/\/www.sonoraenequipo.com.mx\/escasa-participacion-registro-eleccion-extraordinaria-de-un-senador-en-tamaulipas\/#primaryimage","url":"https:\/\/www.sonoraenequipo.com.mx\/storage\/2023\/02\/eleccion-tam.jpg","contentUrl":"https:\/\/www.sonoraenequipo.com.mx\/storage\/2023\/02\/eleccion-tam.jpg","width":600,"height":402,"caption":"Imagen Zeta"},{"@type":"BreadcrumbList","@id":"https:\/\/www.sonoraenequipo.com.mx\/escasa-participacion-registro-eleccion-extraordinaria-de-un-senador-en-tamaulipas\/#breadcrumb","itemListElement":[{"@type":"ListItem","position":1,"name":"Portada","item":"https:\/\/www.sonoraenequipo.com.mx\/"},{"@type":"ListItem","position":2,"name":"Escasa participaci\u00f3n registr\u00f3 elecci\u00f3n extraordinaria de un senador en Tamaulipas"}]},{"@type":"WebSite","@id":"https:\/\/www.sonoraenequipo.com.mx\/#website","url":"https:\/\/www.sonoraenequipo.com.mx\/","name":"Sonora en Equipo.","description":"Diario en l\u00ednea con Noticias desde Hermosillo, Sonora","publisher":{"@id":"https:\/\/www.sonoraenequipo.com.mx\/#organization"},"potentialAction":[{"@type":"SearchAction","target":{"@type":"EntryPoint","urlTemplate":"https:\/\/www.sonoraenequipo.com.mx\/?s={search_term_string}"},"query-input":{"@type":"PropertyValueSpecification","valueRequired":true,"valueName":"search_term_string"}}],"inLanguage":"es"},{"@type":"Organization","@id":"https:\/\/www.sonoraenequipo.com.mx\/#organization","name":"Sonoraenequipo.com.mx","url":"https:\/\/www.sonoraenequipo.com.mx\/","logo":{"@type":"ImageObject","inLanguage":"es","@id":"https:\/\/www.sonoraenequipo.com.mx\/#\/schema\/logo\/image\/","url":"https:\/\/www.sonoraenequipo.com.mx\/storage\/2019\/01\/sonoraenequipo_opt.png","contentUrl":"https:\/\/www.sonoraenequipo.com.mx\/storage\/2019\/01\/sonoraenequipo_opt.png","width":375,"height":125,"caption":"Sonoraenequipo.com.mx"},"image":{"@id":"https:\/\/www.sonoraenequipo.com.mx\/#\/schema\/logo\/image\/"},"sameAs":["https:\/\/www.facebook.com\/SonoraEE\/","https:\/\/x.com\/sonoraenequipo","https:\/\/www.youtube.com\/channel\/UC338nW-lPEYmJQs4ZABQ1SQ"]},{"@type":"Person","@id":"https:\/\/www.sonoraenequipo.com.mx\/#\/schema\/person\/50102df0fb23a8fa9e8effad8fa81386","name":"enequipo","image":{"@type":"ImageObject","inLanguage":"es","@id":"https:\/\/www.sonoraenequipo.com.mx\/#\/schema\/person\/image\/","url":"https:\/\/secure.gravatar.com\/avatar\/049821681b589dabc0bc20695993ccebb09f5b5d4d790cd9251b97faac7c652b?s=96&d=blank&r=g","contentUrl":"https:\/\/secure.gravatar.com\/avatar\/049821681b589dabc0bc20695993ccebb09f5b5d4d790cd9251b97faac7c652b?s=96&d=blank&r=g","caption":"enequipo"},"sameAs":["https:\/\/www.facebook.com\/SonoraEE"]}]}},"jetpack_featured_media_url":"https:\/\/www.sonoraenequipo.com.mx\/storage\/2023\/02\/eleccion-tam.jpg","_links":{"self":[{"href":"https:\/\/www.sonoraenequipo.com.mx\/api\/wp\/v2\/posts\/159359","targetHints":{"allow":["GET"]}}],"collection":[{"href":"https:\/\/www.sonoraenequipo.com.mx\/api\/wp\/v2\/posts"}],"about":[{"href":"https:\/\/www.sonoraenequipo.com.mx\/api\/wp\/v2\/types\/post"}],"author":[{"embeddable":true,"href":"https:\/\/www.sonoraenequipo.com.mx\/api\/wp\/v2\/users\/1"}],"replies":[{"embeddable":true,"href":"https:\/\/www.sonoraenequipo.com.mx\/api\/wp\/v2\/comments?post=159359"}],"version-history":[{"count":1,"href":"https:\/\/www.sonoraenequipo.com.mx\/api\/wp\/v2\/posts\/159359\/revisions"}],"predecessor-version":[{"id":159361,"href":"https:\/\/www.sonoraenequipo.com.mx\/api\/wp\/v2\/posts\/159359\/revisions\/159361"}],"wp:featuredmedia":[{"embeddable":true,"href":"https:\/\/www.sonoraenequipo.com.mx\/api\/wp\/v2\/media\/159360"}],"wp:attachment":[{"href":"https:\/\/www.sonoraenequipo.com.mx\/api\/wp\/v2\/media?parent=159359"}],"wp:term":[{"taxonomy":"category","embeddable":true,"href":"https:\/\/www.sonoraenequipo.com.mx\/api\/wp\/v2\/categories?post=159359"},{"taxonomy":"post_tag","embeddable":true,"href":"https:\/\/www.sonoraenequipo.com.mx\/api\/wp\/v2\/tags?post=159359"}],"curies":[{"name":"wp","href":"https:\/\/api.w.org\/{rel}","templated":true}]}}