{"id":159365,"date":"2023-02-20T12:15:54","date_gmt":"2023-02-20T19:15:54","guid":{"rendered":"https:\/\/www.sonoraenequipo.com.mx\/?p=159365"},"modified":"2023-02-20T12:15:54","modified_gmt":"2023-02-20T19:15:54","slug":"fuerzas-del-orden-abaten-a-cuatro-sujetos-armados-en-slrc","status":"publish","type":"post","link":"https:\/\/www.sonoraenequipo.com.mx\/fuerzas-del-orden-abaten-a-cuatro-sujetos-armados-en-slrc\/","title":{"rendered":"Fuerzas del orden abaten a cuatro sujetos armados en SLRC"},"content":{"rendered":"<p>&nbsp;<\/p>\n<p>\u25ba En el operativo derivado del asesinato de un polic\u00eda municipal se detuvo a 10 personas entre ellos un menor de edad. Decomisan armas y equipo t\u00e1ctico.<\/p>\n<p>&nbsp;<\/p>\n<p>&nbsp;<\/p>\n<p>&nbsp;<\/p>\n<p>&nbsp;<\/p>\n<p>&nbsp;<\/p>\n<p>&nbsp;<\/p>\n<p><strong>SAN LUIS R\u00cdO COLORADO, SONORA,MX.<\/strong><strong>\u2500\u2500 <\/strong>Derivado de una agresi\u00f3n directa con arma de fuego contra un elemento de la Polic\u00eda Municipal de San Luis R\u00edo Colorado, la noche de este s\u00e1bado 18 de febrero de 2023, autoridades federales y municipales abatieron a cuatro agresores y detuvieron a diez m\u00e1s, entre ellos, un menor de edad.<\/p>\n<p>&nbsp;<\/p>\n<p>&nbsp;<\/p>\n<p>&nbsp;<\/p>\n<p>Inmediatamente despu\u00e9s del ataque donde perdi\u00f3 la vida el oficial Silvio Dom\u00ednguez Villapudua, se inici\u00f3 una acci\u00f3n coordinada por parte de los diferentes \u00f3rdenes de gobierno, dando con una casa de seguridad en callej\u00f3n Francisco E. Kino, entre calles 21 y 22.<\/p>\n<p>&nbsp;<\/p>\n<p>&nbsp;<\/p>\n<p>&nbsp;<\/p>\n<p>En el sitio se detuvo a ocho masculinos, quienes fueron asegurados con siete armas cortas, cargadores y cartuchos \u00fatiles.<\/p>\n<p>&nbsp;<\/p>\n<p>&nbsp;<\/p>\n<p>&nbsp;<\/p>\n<p>En un segundo punto, ubicado en las calles Francisco Fierro y Nicaragua, en la colonia Ganadera, se dio un enfrentamiento.<\/p>\n<p>&nbsp;<\/p>\n<p>&nbsp;<\/p>\n<p>&nbsp;<\/p>\n<p>En este punto, elementos operativos coordinados por parte de la Mesa de Seguridad, abatieron a cuatro civiles armados con rifles de asalto, quienes atacaron a las fuerzas del orden, logrando adem\u00e1s la detenci\u00f3n de dos m\u00e1s.<\/p>\n<p>&nbsp;<\/p>\n<p>&nbsp;<\/p>\n<p>&nbsp;<\/p>\n<p>En estas acciones se recuper\u00f3 un veh\u00edculo tipo pick-up Toyota, mismo que presuntamente fue usado en el ataque contra el elemento municipal, as\u00ed como cartuchos, cascos, chalecos t\u00e1cticos y dem\u00e1s equipo militar.<\/p>\n<p>&nbsp;<\/p>\n<p>&nbsp;<\/p>\n<p>&nbsp;<\/p>\n<p>Todo fue puesto a disposici\u00f3n de la Agencia del Ministerio P\u00fablico Federal, que continuar\u00e1 con las investigaciones.<\/p>\n<p>&nbsp;<\/p>\n<p><strong><em><u>Fecha de publicaci\u00f3n\u00a0 lunes 20 de febrero de 2023con informaci\u00f3n de boletines<\/u><\/em><\/strong><\/p>\n<p>&nbsp;<\/p>\n","protected":false},"excerpt":{"rendered":"<p>&nbsp; \u25ba En el operativo derivado del asesinato de un polic\u00eda municipal se detuvo a&#8230;<\/p>\n","protected":false},"author":1,"featured_media":159366,"comment_status":"open","ping_status":"open","sticky":false,"template":"","format":"standard","meta":{"_monsterinsights_skip_tracking":false,"_monsterinsights_sitenote_active":false,"_monsterinsights_sitenote_note":"","_monsterinsights_sitenote_category":0,"footnotes":""},"categories":[3144],"tags":[],"class_list":["post"],"yoast_head":" \n<title>Sonora en Equipo. Fuerzas del orden abaten a cuatro sujetos armados en SLRC Polic\u00edaca<\/title>\n<meta name=\"description\" content=\"&nbsp; \u25ba En el operativo derivado del asesinato de un polic\u00eda municipal se detuvo a 10 personas entre ellos un menor de edad. Decomisan armas y equipo En Sonora en Equipo publicamos toda la informaci\u00f3n de Sonora, M\u00e9xico y el Mundo de manera oportuna y busca que la libertad de expresi\u00f3n sea real. Visita nuestro medio informativo publicado desde Hermosillo, Sonora. %\" \/>\n<meta name=\"robots\" content=\"index, follow, max-snippet:-1, max-image-preview:large, max-video-preview:-1\" \/>\n<link rel=\"canonical\" href=\"https:\/\/www.sonoraenequipo.com.mx\/fuerzas-del-orden-abaten-a-cuatro-sujetos-armados-en-slrc\/\" \/>\n<meta property=\"og:locale\" content=\"es_ES\" \/>\n<meta property=\"og:type\" content=\"article\" \/>\n<meta property=\"og:title\" content=\"Sonora en Equipo. Fuerzas del orden abaten a cuatro sujetos armados en SLRC Polic\u00edaca\" \/>\n<meta property=\"og:description\" content=\"&nbsp; \u25ba En el operativo derivado del asesinato de un polic\u00eda municipal se detuvo a 10 personas entre ellos un menor de edad. Decomisan armas y equipo En Sonora en Equipo publicamos toda la informaci\u00f3n de Sonora, M\u00e9xico y el Mundo de manera oportuna y busca que la libertad de expresi\u00f3n sea real. Visita nuestro medio informativo publicado desde Hermosillo, Sonora. %\" \/>\n<meta property=\"og:url\" content=\"https:\/\/www.sonoraenequipo.com.mx\/fuerzas-del-orden-abaten-a-cuatro-sujetos-armados-en-slrc\/\" \/>\n<meta property=\"og:site_name\" content=\"Sonora en Equipo.\" \/>\n<meta property=\"article:publisher\" content=\"https:\/\/www.facebook.com\/SonoraEE\/\" \/>\n<meta property=\"article:author\" content=\"https:\/\/www.facebook.com\/SonoraEE\" \/>\n<meta property=\"article:published_time\" content=\"2023-02-20T19:15:54+00:00\" \/>\n<meta property=\"og:image\" content=\"https:\/\/www.sonoraenequipo.com.mx\/storage\/2023\/02\/pickup.jpg\" \/>\n\t<meta property=\"og:image:width\" content=\"600\" \/>\n\t<meta property=\"og:image:height\" content=\"400\" \/>\n\t<meta property=\"og:image:type\" content=\"image\/jpeg\" \/>\n<meta name=\"author\" content=\"enequipo\" \/>\n<meta name=\"twitter:card\" content=\"summary_large_image\" \/>\n<meta name=\"twitter:creator\" content=\"@sonoraenequipo\" \/>\n<meta name=\"twitter:site\" content=\"@sonoraenequipo\" \/>\n<meta name=\"twitter:label1\" content=\"Escrito por\" \/>\n\t<meta name=\"twitter:data1\" content=\"enequipo\" \/>\n\t<meta name=\"twitter:label2\" content=\"Tiempo de lectura\" \/>\n\t<meta name=\"twitter:data2\" content=\"2 minutos\" \/>\n<script type=\"application\/ld+json\" class=\"yoast-schema-graph\">{\"@context\":\"https:\/\/schema.org\",\"@graph\":[{\"@type\":\"Article\",\"@id\":\"https:\/\/www.sonoraenequipo.com.mx\/fuerzas-del-orden-abaten-a-cuatro-sujetos-armados-en-slrc\/#article\",\"isPartOf\":{\"@id\":\"https:\/\/www.sonoraenequipo.com.mx\/fuerzas-del-orden-abaten-a-cuatro-sujetos-armados-en-slrc\/\"},\"author\":{\"name\":\"enequipo\",\"@id\":\"https:\/\/www.sonoraenequipo.com.mx\/#\/schema\/person\/50102df0fb23a8fa9e8effad8fa81386\"},\"headline\":\"Fuerzas del orden abaten a cuatro sujetos armados en SLRC\",\"datePublished\":\"2023-02-20T19:15:54+00:00\",\"mainEntityOfPage\":{\"@id\":\"https:\/\/www.sonoraenequipo.com.mx\/fuerzas-del-orden-abaten-a-cuatro-sujetos-armados-en-slrc\/\"},\"wordCount\":313,\"commentCount\":0,\"publisher\":{\"@id\":\"https:\/\/www.sonoraenequipo.com.mx\/#organization\"},\"image\":{\"@id\":\"https:\/\/www.sonoraenequipo.com.mx\/fuerzas-del-orden-abaten-a-cuatro-sujetos-armados-en-slrc\/#primaryimage\"},\"thumbnailUrl\":\"https:\/\/www.sonoraenequipo.com.mx\/storage\/2023\/02\/pickup.jpg\",\"articleSection\":[\"Polic\u00edaca\"],\"inLanguage\":\"es\",\"potentialAction\":[{\"@type\":\"CommentAction\",\"name\":\"Comment\",\"target\":[\"https:\/\/www.sonoraenequipo.com.mx\/fuerzas-del-orden-abaten-a-cuatro-sujetos-armados-en-slrc\/#respond\"]}]},{\"@type\":\"WebPage\",\"@id\":\"https:\/\/www.sonoraenequipo.com.mx\/fuerzas-del-orden-abaten-a-cuatro-sujetos-armados-en-slrc\/\",\"url\":\"https:\/\/www.sonoraenequipo.com.mx\/fuerzas-del-orden-abaten-a-cuatro-sujetos-armados-en-slrc\/\",\"name\":\"Sonora en Equipo. Fuerzas del orden abaten a cuatro sujetos armados en SLRC Polic\u00edaca\",\"isPartOf\":{\"@id\":\"https:\/\/www.sonoraenequipo.com.mx\/#website\"},\"primaryImageOfPage\":{\"@id\":\"https:\/\/www.sonoraenequipo.com.mx\/fuerzas-del-orden-abaten-a-cuatro-sujetos-armados-en-slrc\/#primaryimage\"},\"image\":{\"@id\":\"https:\/\/www.sonoraenequipo.com.mx\/fuerzas-del-orden-abaten-a-cuatro-sujetos-armados-en-slrc\/#primaryimage\"},\"thumbnailUrl\":\"https:\/\/www.sonoraenequipo.com.mx\/storage\/2023\/02\/pickup.jpg\",\"datePublished\":\"2023-02-20T19:15:54+00:00\",\"description\":\"&nbsp; \u25ba En el operativo derivado del asesinato de un polic\u00eda municipal se detuvo a 10 personas entre ellos un menor de edad. Decomisan armas y equipo En Sonora en Equipo publicamos toda la informaci\u00f3n de Sonora, M\u00e9xico y el Mundo de manera oportuna y busca que la libertad de expresi\u00f3n sea real. Visita nuestro medio informativo publicado desde Hermosillo, Sonora. %\",\"breadcrumb\":{\"@id\":\"https:\/\/www.sonoraenequipo.com.mx\/fuerzas-del-orden-abaten-a-cuatro-sujetos-armados-en-slrc\/#breadcrumb\"},\"inLanguage\":\"es\",\"potentialAction\":[{\"@type\":\"ReadAction\",\"target\":[\"https:\/\/www.sonoraenequipo.com.mx\/fuerzas-del-orden-abaten-a-cuatro-sujetos-armados-en-slrc\/\"]}]},{\"@type\":\"ImageObject\",\"inLanguage\":\"es\",\"@id\":\"https:\/\/www.sonoraenequipo.com.mx\/fuerzas-del-orden-abaten-a-cuatro-sujetos-armados-en-slrc\/#primaryimage\",\"url\":\"https:\/\/www.sonoraenequipo.com.mx\/storage\/2023\/02\/pickup.jpg\",\"contentUrl\":\"https:\/\/www.sonoraenequipo.com.mx\/storage\/2023\/02\/pickup.jpg\",\"width\":600,\"height\":400,\"caption\":\"Imagen Tribuna de San Luis\"},{\"@type\":\"BreadcrumbList\",\"@id\":\"https:\/\/www.sonoraenequipo.com.mx\/fuerzas-del-orden-abaten-a-cuatro-sujetos-armados-en-slrc\/#breadcrumb\",\"itemListElement\":[{\"@type\":\"ListItem\",\"position\":1,\"name\":\"Portada\",\"item\":\"https:\/\/www.sonoraenequipo.com.mx\/\"},{\"@type\":\"ListItem\",\"position\":2,\"name\":\"Fuerzas del orden abaten a cuatro sujetos armados en SLRC\"}]},{\"@type\":\"WebSite\",\"@id\":\"https:\/\/www.sonoraenequipo.com.mx\/#website\",\"url\":\"https:\/\/www.sonoraenequipo.com.mx\/\",\"name\":\"Sonora en Equipo.\",\"description\":\"Diario en l\u00ednea con Noticias desde Hermosillo, Sonora\",\"publisher\":{\"@id\":\"https:\/\/www.sonoraenequipo.com.mx\/#organization\"},\"potentialAction\":[{\"@type\":\"SearchAction\",\"target\":{\"@type\":\"EntryPoint\",\"urlTemplate\":\"https:\/\/www.sonoraenequipo.com.mx\/?s={search_term_string}\"},\"query-input\":{\"@type\":\"PropertyValueSpecification\",\"valueRequired\":true,\"valueName\":\"search_term_string\"}}],\"inLanguage\":\"es\"},{\"@type\":\"Organization\",\"@id\":\"https:\/\/www.sonoraenequipo.com.mx\/#organization\",\"name\":\"Sonoraenequipo.com.mx\",\"url\":\"https:\/\/www.sonoraenequipo.com.mx\/\",\"logo\":{\"@type\":\"ImageObject\",\"inLanguage\":\"es\",\"@id\":\"https:\/\/www.sonoraenequipo.com.mx\/#\/schema\/logo\/image\/\",\"url\":\"https:\/\/www.sonoraenequipo.com.mx\/storage\/2019\/01\/sonoraenequipo_opt.png\",\"contentUrl\":\"https:\/\/www.sonoraenequipo.com.mx\/storage\/2019\/01\/sonoraenequipo_opt.png\",\"width\":375,\"height\":125,\"caption\":\"Sonoraenequipo.com.mx\"},\"image\":{\"@id\":\"https:\/\/www.sonoraenequipo.com.mx\/#\/schema\/logo\/image\/\"},\"sameAs\":[\"https:\/\/www.facebook.com\/SonoraEE\/\",\"https:\/\/x.com\/sonoraenequipo\",\"https:\/\/www.youtube.com\/channel\/UC338nW-lPEYmJQs4ZABQ1SQ\"]},{\"@type\":\"Person\",\"@id\":\"https:\/\/www.sonoraenequipo.com.mx\/#\/schema\/person\/50102df0fb23a8fa9e8effad8fa81386\",\"name\":\"enequipo\",\"image\":{\"@type\":\"ImageObject\",\"inLanguage\":\"es\",\"@id\":\"https:\/\/www.sonoraenequipo.com.mx\/#\/schema\/person\/image\/\",\"url\":\"https:\/\/secure.gravatar.com\/avatar\/049821681b589dabc0bc20695993ccebb09f5b5d4d790cd9251b97faac7c652b?s=96&d=blank&r=g\",\"contentUrl\":\"https:\/\/secure.gravatar.com\/avatar\/049821681b589dabc0bc20695993ccebb09f5b5d4d790cd9251b97faac7c652b?s=96&d=blank&r=g\",\"caption\":\"enequipo\"},\"sameAs\":[\"https:\/\/www.facebook.com\/SonoraEE\"]}]}<\/script>\n ","yoast_head_json":{"title":"Sonora en Equipo. Fuerzas del orden abaten a cuatro sujetos armados en SLRC Polic\u00edaca","description":"&nbsp; \u25ba En el operativo derivado del asesinato de un polic\u00eda municipal se detuvo a 10 personas entre ellos un menor de edad. Decomisan armas y equipo En Sonora en Equipo publicamos toda la informaci\u00f3n de Sonora, M\u00e9xico y el Mundo de manera oportuna y busca que la libertad de expresi\u00f3n sea real. Visita nuestro medio informativo publicado desde Hermosillo, Sonora. %","robots":{"index":"index","follow":"follow","max-snippet":"max-snippet:-1","max-image-preview":"max-image-preview:large","max-video-preview":"max-video-preview:-1"},"canonical":"https:\/\/www.sonoraenequipo.com.mx\/fuerzas-del-orden-abaten-a-cuatro-sujetos-armados-en-slrc\/","og_locale":"es_ES","og_type":"article","og_title":"Sonora en Equipo. Fuerzas del orden abaten a cuatro sujetos armados en SLRC Polic\u00edaca","og_description":"&nbsp; \u25ba En el operativo derivado del asesinato de un polic\u00eda municipal se detuvo a 10 personas entre ellos un menor de edad. Decomisan armas y equipo En Sonora en Equipo publicamos toda la informaci\u00f3n de Sonora, M\u00e9xico y el Mundo de manera oportuna y busca que la libertad de expresi\u00f3n sea real. Visita nuestro medio informativo publicado desde Hermosillo, Sonora. %","og_url":"https:\/\/www.sonoraenequipo.com.mx\/fuerzas-del-orden-abaten-a-cuatro-sujetos-armados-en-slrc\/","og_site_name":"Sonora en Equipo.","article_publisher":"https:\/\/www.facebook.com\/SonoraEE\/","article_author":"https:\/\/www.facebook.com\/SonoraEE","article_published_time":"2023-02-20T19:15:54+00:00","og_image":[{"width":600,"height":400,"url":"https:\/\/www.sonoraenequipo.com.mx\/storage\/2023\/02\/pickup.jpg","type":"image\/jpeg"}],"author":"enequipo","twitter_card":"summary_large_image","twitter_creator":"@sonoraenequipo","twitter_site":"@sonoraenequipo","twitter_misc":{"Escrito por":"enequipo","Tiempo de lectura":"2 minutos"},"schema":{"@context":"https:\/\/schema.org","@graph":[{"@type":"Article","@id":"https:\/\/www.sonoraenequipo.com.mx\/fuerzas-del-orden-abaten-a-cuatro-sujetos-armados-en-slrc\/#article","isPartOf":{"@id":"https:\/\/www.sonoraenequipo.com.mx\/fuerzas-del-orden-abaten-a-cuatro-sujetos-armados-en-slrc\/"},"author":{"name":"enequipo","@id":"https:\/\/www.sonoraenequipo.com.mx\/#\/schema\/person\/50102df0fb23a8fa9e8effad8fa81386"},"headline":"Fuerzas del orden abaten a cuatro sujetos armados en SLRC","datePublished":"2023-02-20T19:15:54+00:00","mainEntityOfPage":{"@id":"https:\/\/www.sonoraenequipo.com.mx\/fuerzas-del-orden-abaten-a-cuatro-sujetos-armados-en-slrc\/"},"wordCount":313,"commentCount":0,"publisher":{"@id":"https:\/\/www.sonoraenequipo.com.mx\/#organization"},"image":{"@id":"https:\/\/www.sonoraenequipo.com.mx\/fuerzas-del-orden-abaten-a-cuatro-sujetos-armados-en-slrc\/#primaryimage"},"thumbnailUrl":"https:\/\/www.sonoraenequipo.com.mx\/storage\/2023\/02\/pickup.jpg","articleSection":["Polic\u00edaca"],"inLanguage":"es","potentialAction":[{"@type":"CommentAction","name":"Comment","target":["https:\/\/www.sonoraenequipo.com.mx\/fuerzas-del-orden-abaten-a-cuatro-sujetos-armados-en-slrc\/#respond"]}]},{"@type":"WebPage","@id":"https:\/\/www.sonoraenequipo.com.mx\/fuerzas-del-orden-abaten-a-cuatro-sujetos-armados-en-slrc\/","url":"https:\/\/www.sonoraenequipo.com.mx\/fuerzas-del-orden-abaten-a-cuatro-sujetos-armados-en-slrc\/","name":"Sonora en Equipo. Fuerzas del orden abaten a cuatro sujetos armados en SLRC Polic\u00edaca","isPartOf":{"@id":"https:\/\/www.sonoraenequipo.com.mx\/#website"},"primaryImageOfPage":{"@id":"https:\/\/www.sonoraenequipo.com.mx\/fuerzas-del-orden-abaten-a-cuatro-sujetos-armados-en-slrc\/#primaryimage"},"image":{"@id":"https:\/\/www.sonoraenequipo.com.mx\/fuerzas-del-orden-abaten-a-cuatro-sujetos-armados-en-slrc\/#primaryimage"},"thumbnailUrl":"https:\/\/www.sonoraenequipo.com.mx\/storage\/2023\/02\/pickup.jpg","datePublished":"2023-02-20T19:15:54+00:00","description":"&nbsp; \u25ba En el operativo derivado del asesinato de un polic\u00eda municipal se detuvo a 10 personas entre ellos un menor de edad. Decomisan armas y equipo En Sonora en Equipo publicamos toda la informaci\u00f3n de Sonora, M\u00e9xico y el Mundo de manera oportuna y busca que la libertad de expresi\u00f3n sea real. Visita nuestro medio informativo publicado desde Hermosillo, Sonora. %","breadcrumb":{"@id":"https:\/\/www.sonoraenequipo.com.mx\/fuerzas-del-orden-abaten-a-cuatro-sujetos-armados-en-slrc\/#breadcrumb"},"inLanguage":"es","potentialAction":[{"@type":"ReadAction","target":["https:\/\/www.sonoraenequipo.com.mx\/fuerzas-del-orden-abaten-a-cuatro-sujetos-armados-en-slrc\/"]}]},{"@type":"ImageObject","inLanguage":"es","@id":"https:\/\/www.sonoraenequipo.com.mx\/fuerzas-del-orden-abaten-a-cuatro-sujetos-armados-en-slrc\/#primaryimage","url":"https:\/\/www.sonoraenequipo.com.mx\/storage\/2023\/02\/pickup.jpg","contentUrl":"https:\/\/www.sonoraenequipo.com.mx\/storage\/2023\/02\/pickup.jpg","width":600,"height":400,"caption":"Imagen Tribuna de San Luis"},{"@type":"BreadcrumbList","@id":"https:\/\/www.sonoraenequipo.com.mx\/fuerzas-del-orden-abaten-a-cuatro-sujetos-armados-en-slrc\/#breadcrumb","itemListElement":[{"@type":"ListItem","position":1,"name":"Portada","item":"https:\/\/www.sonoraenequipo.com.mx\/"},{"@type":"ListItem","position":2,"name":"Fuerzas del orden abaten a cuatro sujetos armados en SLRC"}]},{"@type":"WebSite","@id":"https:\/\/www.sonoraenequipo.com.mx\/#website","url":"https:\/\/www.sonoraenequipo.com.mx\/","name":"Sonora en Equipo.","description":"Diario en l\u00ednea con Noticias desde Hermosillo, Sonora","publisher":{"@id":"https:\/\/www.sonoraenequipo.com.mx\/#organization"},"potentialAction":[{"@type":"SearchAction","target":{"@type":"EntryPoint","urlTemplate":"https:\/\/www.sonoraenequipo.com.mx\/?s={search_term_string}"},"query-input":{"@type":"PropertyValueSpecification","valueRequired":true,"valueName":"search_term_string"}}],"inLanguage":"es"},{"@type":"Organization","@id":"https:\/\/www.sonoraenequipo.com.mx\/#organization","name":"Sonoraenequipo.com.mx","url":"https:\/\/www.sonoraenequipo.com.mx\/","logo":{"@type":"ImageObject","inLanguage":"es","@id":"https:\/\/www.sonoraenequipo.com.mx\/#\/schema\/logo\/image\/","url":"https:\/\/www.sonoraenequipo.com.mx\/storage\/2019\/01\/sonoraenequipo_opt.png","contentUrl":"https:\/\/www.sonoraenequipo.com.mx\/storage\/2019\/01\/sonoraenequipo_opt.png","width":375,"height":125,"caption":"Sonoraenequipo.com.mx"},"image":{"@id":"https:\/\/www.sonoraenequipo.com.mx\/#\/schema\/logo\/image\/"},"sameAs":["https:\/\/www.facebook.com\/SonoraEE\/","https:\/\/x.com\/sonoraenequipo","https:\/\/www.youtube.com\/channel\/UC338nW-lPEYmJQs4ZABQ1SQ"]},{"@type":"Person","@id":"https:\/\/www.sonoraenequipo.com.mx\/#\/schema\/person\/50102df0fb23a8fa9e8effad8fa81386","name":"enequipo","image":{"@type":"ImageObject","inLanguage":"es","@id":"https:\/\/www.sonoraenequipo.com.mx\/#\/schema\/person\/image\/","url":"https:\/\/secure.gravatar.com\/avatar\/049821681b589dabc0bc20695993ccebb09f5b5d4d790cd9251b97faac7c652b?s=96&d=blank&r=g","contentUrl":"https:\/\/secure.gravatar.com\/avatar\/049821681b589dabc0bc20695993ccebb09f5b5d4d790cd9251b97faac7c652b?s=96&d=blank&r=g","caption":"enequipo"},"sameAs":["https:\/\/www.facebook.com\/SonoraEE"]}]}},"jetpack_featured_media_url":"https:\/\/www.sonoraenequipo.com.mx\/storage\/2023\/02\/pickup.jpg","_links":{"self":[{"href":"https:\/\/www.sonoraenequipo.com.mx\/api\/wp\/v2\/posts\/159365","targetHints":{"allow":["GET"]}}],"collection":[{"href":"https:\/\/www.sonoraenequipo.com.mx\/api\/wp\/v2\/posts"}],"about":[{"href":"https:\/\/www.sonoraenequipo.com.mx\/api\/wp\/v2\/types\/post"}],"author":[{"embeddable":true,"href":"https:\/\/www.sonoraenequipo.com.mx\/api\/wp\/v2\/users\/1"}],"replies":[{"embeddable":true,"href":"https:\/\/www.sonoraenequipo.com.mx\/api\/wp\/v2\/comments?post=159365"}],"version-history":[{"count":1,"href":"https:\/\/www.sonoraenequipo.com.mx\/api\/wp\/v2\/posts\/159365\/revisions"}],"predecessor-version":[{"id":159367,"href":"https:\/\/www.sonoraenequipo.com.mx\/api\/wp\/v2\/posts\/159365\/revisions\/159367"}],"wp:featuredmedia":[{"embeddable":true,"href":"https:\/\/www.sonoraenequipo.com.mx\/api\/wp\/v2\/media\/159366"}],"wp:attachment":[{"href":"https:\/\/www.sonoraenequipo.com.mx\/api\/wp\/v2\/media?parent=159365"}],"wp:term":[{"taxonomy":"category","embeddable":true,"href":"https:\/\/www.sonoraenequipo.com.mx\/api\/wp\/v2\/categories?post=159365"},{"taxonomy":"post_tag","embeddable":true,"href":"https:\/\/www.sonoraenequipo.com.mx\/api\/wp\/v2\/tags?post=159365"}],"curies":[{"name":"wp","href":"https:\/\/api.w.org\/{rel}","templated":true}]}}