{"id":159397,"date":"2023-02-19T15:00:48","date_gmt":"2023-02-19T22:00:48","guid":{"rendered":"https:\/\/www.sonoraenequipo.com.mx\/?p=159397"},"modified":"2023-02-20T18:08:01","modified_gmt":"2023-02-21T01:08:01","slug":"presidente-destaca-labor-del-ejercito-mexicano-en-construccion-de-paz-y-bienestar-del-pueblo-conmemora-110-aniversario","status":"publish","type":"post","link":"https:\/\/www.sonoraenequipo.com.mx\/presidente-destaca-labor-del-ejercito-mexicano-en-construccion-de-paz-y-bienestar-del-pueblo-conmemora-110-aniversario\/","title":{"rendered":"Presidente destaca labor del Ej\u00e9rcito Mexicano en construcci\u00f3n de paz y bienestar del pueblo; conmemora 110 aniversario"},"content":{"rendered":"<p><strong>CIUDAD DE M\u00c9XICO. MX. \u2014<\/strong> El presidente Andr\u00e9s Manuel L\u00f3pez Obrador afirm\u00f3 que las Fuerzas Armadas constituyen un pilar fundamental del Estado al participar en acciones de pacificaci\u00f3n y bienestar de la poblaci\u00f3n.<\/p>\n<p>&nbsp;<\/p>\n<p> <\/p>\n<p>&nbsp;<\/p>\n<p>&nbsp;<\/p>\n<p>En la conmemoraci\u00f3n del 110 aniversario del Ej\u00e9rcito Mexicano detall\u00f3 que esta instituci\u00f3n lidera cinco misiones: defensa de la integridad, independencia y soberan\u00eda de la naci\u00f3n; garant\u00eda de la seguridad interior; auxilio a la poblaci\u00f3n civil con programas de alfabetizaci\u00f3n y atenci\u00f3n m\u00e9dica, entre otros; obras sociales para el progreso del pa\u00eds y apoyo a la sociedad ante desastres naturales mediante el Plan DN-III.<\/p>\n<p>&nbsp;<\/p>\n<p>En la Base A\u00e9rea Militar No. 1 en Zumpango, Estado de M\u00e9xico, el mandatario record\u00f3 que, a trav\u00e9s de la creaci\u00f3n de la Guardia Nacional, el Gobierno de la Cuarta Transformaci\u00f3n, fortalece el trabajo en materia de seguridad al unir esfuerzos con las secretar\u00edas de la Defensa Nacional y de Marina.<\/p>\n<p>&nbsp;<\/p>\n<p><em>\u201cHoy la Guardia Nacional, que depende de la Secretar\u00eda de la Defensa, cuenta con 128 mil elementos debidamente capacitados, organizados y disciplinados para cumplir con la misi\u00f3n de proteger, frente a la delincuencia y otros males, al pueblo de M\u00e9xico\u201d,<\/em> refiri\u00f3.<\/p>\n<p>&nbsp;<\/p>\n<p>Por ello, rechaz\u00f3 que la intervenci\u00f3n de las Fuerzas Armadas en el \u00e1mbito de la seguridad p\u00fablica sea autoritarismo o militarizaci\u00f3n.<\/p>\n<p>&nbsp;<\/p>\n<p><em><strong>\u201cPor el contrario, ha quedado demostrado que la sociedad se siente m\u00e1s segura y protegida con el cumplimiento de esta misi\u00f3n por parte del Ej\u00e9rcito; es decir, la gente percibe que el soldado es pueblo uniformado, proviene del M\u00e9xico profundo y mantiene \u2014como la mayor\u00eda de los mexicanos\u2014 una gran reserva de valores culturales, morales y espirituales\u201d<\/strong><\/em>, asever\u00f3.<\/p>\n<p>&nbsp;<\/p>\n<p>&nbsp;<\/p>\n<p>Mencion\u00f3 que actualmente se registra el nivel m\u00e1s bajo del \u00edndice de letalidad en enfrentamientos con la delincuencia organizada desde hace 15 a\u00f1os, lo que demuestra la actuaci\u00f3n basada en el respeto a los derechos humanos.<\/p>\n<p>&nbsp;<\/p>\n<p>&nbsp;<\/p>\n<p>El presidente resalt\u00f3 que el Ej\u00e9rcito colabora en obras estrat\u00e9gicas como la construcci\u00f3n del Tren Maya, acueductos, aeropuertos, puentes, viaductos, libramientos, sucursales del Banco del Bienestar y la modernizaci\u00f3n de aduanas en la frontera norte, las cuales promueven el desarrollo de M\u00e9xico.<\/p>\n<p>&nbsp;<\/p>\n<p>Agradeci\u00f3 la lealtad de la Secretar\u00eda de la Defensa Nacional, encabezada por el general Luis Cresencio Sandoval Gonz\u00e1lez, a las causas del pueblo y de la naci\u00f3n.<\/p>\n<p>&nbsp;<\/p>\n<p>&nbsp;<\/p>\n<p>El jefe del Ejecutivo hizo entrega de ascensos de la Promoci\u00f3n Extraordinaria de Sargentos 1\/os de Arma, condecoraciones de servicios distinguidos militares y de desempe\u00f1o en el adiestramiento, as\u00ed como del m\u00e9rito en campa\u00f1a contra el narcotr\u00e1fico de primera, segunda y tercera clase por su profesionalismo y entrega en las operaciones en territorio nacional.<\/p>\n<p>&nbsp;<\/p>\n<p>&nbsp;<\/p>\n<p>Reconoci\u00f3 al personal y binomios can\u00f3filos que colaboraron en las acciones de b\u00fasqueda y rescate de personas afectadas en Turqu\u00eda tras el terremoto de 7.8 el pasado 6 de febrero.<\/p>\n<p>&nbsp;<\/p>\n<p>Durante el acto protocolario devel\u00f3 la placa alusiva a la inauguraci\u00f3n de las instalaciones de la Brigada de Fusileros Paracaidistas como parte del Bicentenario del Heroico Colegio Militar.<\/p>\n<p>&nbsp;<\/p>\n<p>&nbsp;<\/p>\n<p>Acompa\u00f1aron al presidente L\u00f3pez Obrador, la doctora Beatriz Guti\u00e9rrez M\u00fcller; la jefa de gobierno de la Ciudad de M\u00e9xico, Claudia Sheinbaum Pardo; el gobernador del Estado de M\u00e9xico, Alfredo del Mazo Maza; los presidentes de la Mesa Directiva del Senado de la Rep\u00fablica, Alejandro Armenta Mier, y de la C\u00e1mara de Diputados, Santiago Creel Miranda; el presidente de la Segunda Sala de la Suprema Corte de Justicia de la Naci\u00f3n, Alberto P\u00e9rez Day\u00e1n; las secretarias de Seguridad y Protecci\u00f3n Ciudadana, Rosa Icela Rodr\u00edguez Vel\u00e1zquez y de Educaci\u00f3n P\u00fablica, Leticia Ram\u00edrez Amaya; los secretarios de la Defensa Nacional, Luis Cresencio Sandoval Gonz\u00e1lez; de Marina, Jos\u00e9 Rafael Ojeda Dur\u00e1n; de Gobernaci\u00f3n, Ad\u00e1n Augusto L\u00f3pez Hern\u00e1ndez; de Relaciones Exteriores, Marcelo Ebrard Casaubon; de Infraestructura, Comunicaciones y Transportes, Jorge Nu\u00f1o Lara y el subsecretario de Egresos de la Secretar\u00eda de Hacienda y Cr\u00e9dito P\u00fablico, Juan Pablo de Botton Falc\u00f3n.<\/p>\n<p>&nbsp;<\/p>\n<p>Asistieron el comandante del Ej\u00e9rcito Mexicano, Celestino \u00c1vila Astudillo; los subsecretarios de la Secretar\u00eda de la Defensa Nacional, Agust\u00edn Radilla Suastegui, y de Marina, Jos\u00e9 Luis Arellano Ruiz; el director del Heroico Colegio Militar, Fidel Mondrag\u00f3n Rivero y la presidenta municipal de Tec\u00e1mac, Mariela Guti\u00e9rrez Escalante.<\/p>\n<p>&nbsp;<\/p>\n<p>&nbsp;<\/p>\n<p>Adem\u00e1s, el oficial mayor de la Secretar\u00eda de la Defensa Nacional, Gabriel Garc\u00eda Rinc\u00f3n; el oficial mayor de Marina, C\u00e9sar Carlos Preciado Vel\u00e1zquez; el inspector y contralor general del Ej\u00e9rcito y Fuerza A\u00e9rea, Carlos Arturo Pancardo Escudero; el inspector y contralor general de Marina, Jos\u00e9 Tom\u00e1s Jorge Tress Zilly; el jefe del Estado Mayor General de la Armada, Juan Jos\u00e9 Padilla Olmos; el jefe del Estado Mayor Conjunto de la Defensa Nacional, Ricardo Trevilla Trejo; el comandante de la Fuerza A\u00e9rea Mexicana, Jos\u00e9 Gerardo Vega Rivera; el comandante de la Guardia Nacional, David C\u00f3rdova Campos y el comandante de la Brigada de Fusileros Paracaidistas, Jos\u00e9 Antonio Mendoza Radall.<\/p>\n<p><iframe loading=\"lazy\" title=\"D\u00eda del Ej\u00e9rcito Mexicano, desde Zumpango, Estado de M\u00e9xico\" width=\"640\" height=\"360\" src=\"https:\/\/www.youtube.com\/embed\/7n0kP1RpqtA?start=2804&#038;feature=oembed\" frameborder=\"0\" allow=\"accelerometer; autoplay; clipboard-write; encrypted-media; gyroscope; picture-in-picture; web-share\" referrerpolicy=\"strict-origin-when-cross-origin\" allowfullscreen><\/iframe><\/p>\n<p>&nbsp;<\/p>\n<p>PUBLICADO EL 19\/FEBRERO\/2023\/)<\/p>\n","protected":false},"excerpt":{"rendered":"<p>CIUDAD DE M\u00c9XICO. MX. \u2014 El presidente Andr\u00e9s Manuel L\u00f3pez Obrador afirm\u00f3 que las Fuerzas&#8230;<\/p>\n","protected":false},"author":1,"featured_media":159399,"comment_status":"open","ping_status":"open","sticky":false,"template":"","format":"standard","meta":{"_monsterinsights_skip_tracking":false,"_monsterinsights_sitenote_active":false,"_monsterinsights_sitenote_note":"","_monsterinsights_sitenote_category":0,"footnotes":""},"categories":[5],"tags":[],"class_list":["post"],"yoast_head":" \n<title>Sonora en Equipo. Presidente destaca labor del Ej\u00e9rcito Mexicano en construcci\u00f3n de paz y bienestar del pueblo; conmemora 110 aniversario Rep\u00fablica<\/title>\n<meta name=\"description\" content=\"CIUDAD DE M\u00c9XICO. MX. \u2014 El presidente Andr\u00e9s Manuel L\u00f3pez Obrador afirm\u00f3 que las Fuerzas Armadas constituyen un pilar fundamental del Estado al participar En Sonora en Equipo publicamos toda la informaci\u00f3n de Sonora, M\u00e9xico y el Mundo de manera oportuna y busca que la libertad de expresi\u00f3n sea real. Visita nuestro medio informativo publicado desde Hermosillo, Sonora. %\" \/>\n<meta name=\"robots\" content=\"index, follow, max-snippet:-1, max-image-preview:large, max-video-preview:-1\" \/>\n<link rel=\"canonical\" href=\"https:\/\/www.sonoraenequipo.com.mx\/presidente-destaca-labor-del-ejercito-mexicano-en-construccion-de-paz-y-bienestar-del-pueblo-conmemora-110-aniversario\/\" \/>\n<meta property=\"og:locale\" content=\"es_ES\" \/>\n<meta property=\"og:type\" content=\"article\" \/>\n<meta property=\"og:title\" content=\"Sonora en Equipo. Presidente destaca labor del Ej\u00e9rcito Mexicano en construcci\u00f3n de paz y bienestar del pueblo; conmemora 110 aniversario Rep\u00fablica\" \/>\n<meta property=\"og:description\" content=\"CIUDAD DE M\u00c9XICO. MX. \u2014 El presidente Andr\u00e9s Manuel L\u00f3pez Obrador afirm\u00f3 que las Fuerzas Armadas constituyen un pilar fundamental del Estado al participar En Sonora en Equipo publicamos toda la informaci\u00f3n de Sonora, M\u00e9xico y el Mundo de manera oportuna y busca que la libertad de expresi\u00f3n sea real. Visita nuestro medio informativo publicado desde Hermosillo, Sonora. %\" \/>\n<meta property=\"og:url\" content=\"https:\/\/www.sonoraenequipo.com.mx\/presidente-destaca-labor-del-ejercito-mexicano-en-construccion-de-paz-y-bienestar-del-pueblo-conmemora-110-aniversario\/\" \/>\n<meta property=\"og:site_name\" content=\"Sonora en Equipo.\" \/>\n<meta property=\"article:publisher\" content=\"https:\/\/www.facebook.com\/SonoraEE\/\" \/>\n<meta property=\"article:author\" content=\"https:\/\/www.facebook.com\/SonoraEE\" \/>\n<meta property=\"article:published_time\" content=\"2023-02-19T22:00:48+00:00\" \/>\n<meta property=\"article:modified_time\" content=\"2023-02-21T01:08:01+00:00\" \/>\n<meta property=\"og:image\" content=\"https:\/\/www.sonoraenequipo.com.mx\/storage\/2023\/02\/110-aniversario-ejercito-mexicano-6-min.jpg\" \/>\n\t<meta property=\"og:image:width\" content=\"1500\" \/>\n\t<meta property=\"og:image:height\" content=\"1000\" \/>\n\t<meta property=\"og:image:type\" content=\"image\/jpeg\" \/>\n<meta name=\"author\" content=\"enequipo\" \/>\n<meta name=\"twitter:card\" content=\"summary_large_image\" \/>\n<meta name=\"twitter:creator\" content=\"@sonoraenequipo\" \/>\n<meta name=\"twitter:site\" content=\"@sonoraenequipo\" \/>\n<meta name=\"twitter:label1\" content=\"Escrito por\" \/>\n\t<meta name=\"twitter:data1\" content=\"enequipo\" \/>\n\t<meta name=\"twitter:label2\" content=\"Tiempo de lectura\" \/>\n\t<meta name=\"twitter:data2\" content=\"5 minutos\" \/>\n<script type=\"application\/ld+json\" class=\"yoast-schema-graph\">{\"@context\":\"https:\/\/schema.org\",\"@graph\":[{\"@type\":\"Article\",\"@id\":\"https:\/\/www.sonoraenequipo.com.mx\/presidente-destaca-labor-del-ejercito-mexicano-en-construccion-de-paz-y-bienestar-del-pueblo-conmemora-110-aniversario\/#article\",\"isPartOf\":{\"@id\":\"https:\/\/www.sonoraenequipo.com.mx\/presidente-destaca-labor-del-ejercito-mexicano-en-construccion-de-paz-y-bienestar-del-pueblo-conmemora-110-aniversario\/\"},\"author\":{\"name\":\"enequipo\",\"@id\":\"https:\/\/www.sonoraenequipo.com.mx\/#\/schema\/person\/50102df0fb23a8fa9e8effad8fa81386\"},\"headline\":\"Presidente destaca labor del Ej\u00e9rcito Mexicano en construcci\u00f3n de paz y bienestar del pueblo; conmemora 110 aniversario\",\"datePublished\":\"2023-02-19T22:00:48+00:00\",\"dateModified\":\"2023-02-21T01:08:01+00:00\",\"mainEntityOfPage\":{\"@id\":\"https:\/\/www.sonoraenequipo.com.mx\/presidente-destaca-labor-del-ejercito-mexicano-en-construccion-de-paz-y-bienestar-del-pueblo-conmemora-110-aniversario\/\"},\"wordCount\":931,\"commentCount\":0,\"publisher\":{\"@id\":\"https:\/\/www.sonoraenequipo.com.mx\/#organization\"},\"image\":{\"@id\":\"https:\/\/www.sonoraenequipo.com.mx\/presidente-destaca-labor-del-ejercito-mexicano-en-construccion-de-paz-y-bienestar-del-pueblo-conmemora-110-aniversario\/#primaryimage\"},\"thumbnailUrl\":\"https:\/\/www.sonoraenequipo.com.mx\/storage\/2023\/02\/110-aniversario-ejercito-mexicano-6-min.jpg\",\"articleSection\":[\"Rep\u00fablica\"],\"inLanguage\":\"es\",\"potentialAction\":[{\"@type\":\"CommentAction\",\"name\":\"Comment\",\"target\":[\"https:\/\/www.sonoraenequipo.com.mx\/presidente-destaca-labor-del-ejercito-mexicano-en-construccion-de-paz-y-bienestar-del-pueblo-conmemora-110-aniversario\/#respond\"]}]},{\"@type\":\"WebPage\",\"@id\":\"https:\/\/www.sonoraenequipo.com.mx\/presidente-destaca-labor-del-ejercito-mexicano-en-construccion-de-paz-y-bienestar-del-pueblo-conmemora-110-aniversario\/\",\"url\":\"https:\/\/www.sonoraenequipo.com.mx\/presidente-destaca-labor-del-ejercito-mexicano-en-construccion-de-paz-y-bienestar-del-pueblo-conmemora-110-aniversario\/\",\"name\":\"Sonora en Equipo. Presidente destaca labor del Ej\u00e9rcito Mexicano en construcci\u00f3n de paz y bienestar del pueblo; conmemora 110 aniversario Rep\u00fablica\",\"isPartOf\":{\"@id\":\"https:\/\/www.sonoraenequipo.com.mx\/#website\"},\"primaryImageOfPage\":{\"@id\":\"https:\/\/www.sonoraenequipo.com.mx\/presidente-destaca-labor-del-ejercito-mexicano-en-construccion-de-paz-y-bienestar-del-pueblo-conmemora-110-aniversario\/#primaryimage\"},\"image\":{\"@id\":\"https:\/\/www.sonoraenequipo.com.mx\/presidente-destaca-labor-del-ejercito-mexicano-en-construccion-de-paz-y-bienestar-del-pueblo-conmemora-110-aniversario\/#primaryimage\"},\"thumbnailUrl\":\"https:\/\/www.sonoraenequipo.com.mx\/storage\/2023\/02\/110-aniversario-ejercito-mexicano-6-min.jpg\",\"datePublished\":\"2023-02-19T22:00:48+00:00\",\"dateModified\":\"2023-02-21T01:08:01+00:00\",\"description\":\"CIUDAD DE M\u00c9XICO. MX. \u2014 El presidente Andr\u00e9s Manuel L\u00f3pez Obrador afirm\u00f3 que las Fuerzas Armadas constituyen un pilar fundamental del Estado al participar En Sonora en Equipo publicamos toda la informaci\u00f3n de Sonora, M\u00e9xico y el Mundo de manera oportuna y busca que la libertad de expresi\u00f3n sea real. Visita nuestro medio informativo publicado desde Hermosillo, Sonora. %\",\"breadcrumb\":{\"@id\":\"https:\/\/www.sonoraenequipo.com.mx\/presidente-destaca-labor-del-ejercito-mexicano-en-construccion-de-paz-y-bienestar-del-pueblo-conmemora-110-aniversario\/#breadcrumb\"},\"inLanguage\":\"es\",\"potentialAction\":[{\"@type\":\"ReadAction\",\"target\":[\"https:\/\/www.sonoraenequipo.com.mx\/presidente-destaca-labor-del-ejercito-mexicano-en-construccion-de-paz-y-bienestar-del-pueblo-conmemora-110-aniversario\/\"]}]},{\"@type\":\"ImageObject\",\"inLanguage\":\"es\",\"@id\":\"https:\/\/www.sonoraenequipo.com.mx\/presidente-destaca-labor-del-ejercito-mexicano-en-construccion-de-paz-y-bienestar-del-pueblo-conmemora-110-aniversario\/#primaryimage\",\"url\":\"https:\/\/www.sonoraenequipo.com.mx\/storage\/2023\/02\/110-aniversario-ejercito-mexicano-6-min.jpg\",\"contentUrl\":\"https:\/\/www.sonoraenequipo.com.mx\/storage\/2023\/02\/110-aniversario-ejercito-mexicano-6-min.jpg\",\"width\":1500,\"height\":1000},{\"@type\":\"BreadcrumbList\",\"@id\":\"https:\/\/www.sonoraenequipo.com.mx\/presidente-destaca-labor-del-ejercito-mexicano-en-construccion-de-paz-y-bienestar-del-pueblo-conmemora-110-aniversario\/#breadcrumb\",\"itemListElement\":[{\"@type\":\"ListItem\",\"position\":1,\"name\":\"Portada\",\"item\":\"https:\/\/www.sonoraenequipo.com.mx\/\"},{\"@type\":\"ListItem\",\"position\":2,\"name\":\"Presidente destaca labor del Ej\u00e9rcito Mexicano en construcci\u00f3n de paz y bienestar del pueblo; conmemora 110 aniversario\"}]},{\"@type\":\"WebSite\",\"@id\":\"https:\/\/www.sonoraenequipo.com.mx\/#website\",\"url\":\"https:\/\/www.sonoraenequipo.com.mx\/\",\"name\":\"Sonora en Equipo.\",\"description\":\"Diario en l\u00ednea con Noticias desde Hermosillo, Sonora\",\"publisher\":{\"@id\":\"https:\/\/www.sonoraenequipo.com.mx\/#organization\"},\"potentialAction\":[{\"@type\":\"SearchAction\",\"target\":{\"@type\":\"EntryPoint\",\"urlTemplate\":\"https:\/\/www.sonoraenequipo.com.mx\/?s={search_term_string}\"},\"query-input\":{\"@type\":\"PropertyValueSpecification\",\"valueRequired\":true,\"valueName\":\"search_term_string\"}}],\"inLanguage\":\"es\"},{\"@type\":\"Organization\",\"@id\":\"https:\/\/www.sonoraenequipo.com.mx\/#organization\",\"name\":\"Sonoraenequipo.com.mx\",\"url\":\"https:\/\/www.sonoraenequipo.com.mx\/\",\"logo\":{\"@type\":\"ImageObject\",\"inLanguage\":\"es\",\"@id\":\"https:\/\/www.sonoraenequipo.com.mx\/#\/schema\/logo\/image\/\",\"url\":\"https:\/\/www.sonoraenequipo.com.mx\/storage\/2019\/01\/sonoraenequipo_opt.png\",\"contentUrl\":\"https:\/\/www.sonoraenequipo.com.mx\/storage\/2019\/01\/sonoraenequipo_opt.png\",\"width\":375,\"height\":125,\"caption\":\"Sonoraenequipo.com.mx\"},\"image\":{\"@id\":\"https:\/\/www.sonoraenequipo.com.mx\/#\/schema\/logo\/image\/\"},\"sameAs\":[\"https:\/\/www.facebook.com\/SonoraEE\/\",\"https:\/\/x.com\/sonoraenequipo\",\"https:\/\/www.youtube.com\/channel\/UC338nW-lPEYmJQs4ZABQ1SQ\"]},{\"@type\":\"Person\",\"@id\":\"https:\/\/www.sonoraenequipo.com.mx\/#\/schema\/person\/50102df0fb23a8fa9e8effad8fa81386\",\"name\":\"enequipo\",\"image\":{\"@type\":\"ImageObject\",\"inLanguage\":\"es\",\"@id\":\"https:\/\/www.sonoraenequipo.com.mx\/#\/schema\/person\/image\/\",\"url\":\"https:\/\/secure.gravatar.com\/avatar\/049821681b589dabc0bc20695993ccebb09f5b5d4d790cd9251b97faac7c652b?s=96&d=blank&r=g\",\"contentUrl\":\"https:\/\/secure.gravatar.com\/avatar\/049821681b589dabc0bc20695993ccebb09f5b5d4d790cd9251b97faac7c652b?s=96&d=blank&r=g\",\"caption\":\"enequipo\"},\"sameAs\":[\"https:\/\/www.facebook.com\/SonoraEE\"]}]}<\/script>\n ","yoast_head_json":{"title":"Sonora en Equipo. Presidente destaca labor del Ej\u00e9rcito Mexicano en construcci\u00f3n de paz y bienestar del pueblo; conmemora 110 aniversario Rep\u00fablica","description":"CIUDAD DE M\u00c9XICO. MX. \u2014 El presidente Andr\u00e9s Manuel L\u00f3pez Obrador afirm\u00f3 que las Fuerzas Armadas constituyen un pilar fundamental del Estado al participar En Sonora en Equipo publicamos toda la informaci\u00f3n de Sonora, M\u00e9xico y el Mundo de manera oportuna y busca que la libertad de expresi\u00f3n sea real. Visita nuestro medio informativo publicado desde Hermosillo, Sonora. %","robots":{"index":"index","follow":"follow","max-snippet":"max-snippet:-1","max-image-preview":"max-image-preview:large","max-video-preview":"max-video-preview:-1"},"canonical":"https:\/\/www.sonoraenequipo.com.mx\/presidente-destaca-labor-del-ejercito-mexicano-en-construccion-de-paz-y-bienestar-del-pueblo-conmemora-110-aniversario\/","og_locale":"es_ES","og_type":"article","og_title":"Sonora en Equipo. Presidente destaca labor del Ej\u00e9rcito Mexicano en construcci\u00f3n de paz y bienestar del pueblo; conmemora 110 aniversario Rep\u00fablica","og_description":"CIUDAD DE M\u00c9XICO. MX. \u2014 El presidente Andr\u00e9s Manuel L\u00f3pez Obrador afirm\u00f3 que las Fuerzas Armadas constituyen un pilar fundamental del Estado al participar En Sonora en Equipo publicamos toda la informaci\u00f3n de Sonora, M\u00e9xico y el Mundo de manera oportuna y busca que la libertad de expresi\u00f3n sea real. Visita nuestro medio informativo publicado desde Hermosillo, Sonora. %","og_url":"https:\/\/www.sonoraenequipo.com.mx\/presidente-destaca-labor-del-ejercito-mexicano-en-construccion-de-paz-y-bienestar-del-pueblo-conmemora-110-aniversario\/","og_site_name":"Sonora en Equipo.","article_publisher":"https:\/\/www.facebook.com\/SonoraEE\/","article_author":"https:\/\/www.facebook.com\/SonoraEE","article_published_time":"2023-02-19T22:00:48+00:00","article_modified_time":"2023-02-21T01:08:01+00:00","og_image":[{"width":1500,"height":1000,"url":"https:\/\/www.sonoraenequipo.com.mx\/storage\/2023\/02\/110-aniversario-ejercito-mexicano-6-min.jpg","type":"image\/jpeg"}],"author":"enequipo","twitter_card":"summary_large_image","twitter_creator":"@sonoraenequipo","twitter_site":"@sonoraenequipo","twitter_misc":{"Escrito por":"enequipo","Tiempo de lectura":"5 minutos"},"schema":{"@context":"https:\/\/schema.org","@graph":[{"@type":"Article","@id":"https:\/\/www.sonoraenequipo.com.mx\/presidente-destaca-labor-del-ejercito-mexicano-en-construccion-de-paz-y-bienestar-del-pueblo-conmemora-110-aniversario\/#article","isPartOf":{"@id":"https:\/\/www.sonoraenequipo.com.mx\/presidente-destaca-labor-del-ejercito-mexicano-en-construccion-de-paz-y-bienestar-del-pueblo-conmemora-110-aniversario\/"},"author":{"name":"enequipo","@id":"https:\/\/www.sonoraenequipo.com.mx\/#\/schema\/person\/50102df0fb23a8fa9e8effad8fa81386"},"headline":"Presidente destaca labor del Ej\u00e9rcito Mexicano en construcci\u00f3n de paz y bienestar del pueblo; conmemora 110 aniversario","datePublished":"2023-02-19T22:00:48+00:00","dateModified":"2023-02-21T01:08:01+00:00","mainEntityOfPage":{"@id":"https:\/\/www.sonoraenequipo.com.mx\/presidente-destaca-labor-del-ejercito-mexicano-en-construccion-de-paz-y-bienestar-del-pueblo-conmemora-110-aniversario\/"},"wordCount":931,"commentCount":0,"publisher":{"@id":"https:\/\/www.sonoraenequipo.com.mx\/#organization"},"image":{"@id":"https:\/\/www.sonoraenequipo.com.mx\/presidente-destaca-labor-del-ejercito-mexicano-en-construccion-de-paz-y-bienestar-del-pueblo-conmemora-110-aniversario\/#primaryimage"},"thumbnailUrl":"https:\/\/www.sonoraenequipo.com.mx\/storage\/2023\/02\/110-aniversario-ejercito-mexicano-6-min.jpg","articleSection":["Rep\u00fablica"],"inLanguage":"es","potentialAction":[{"@type":"CommentAction","name":"Comment","target":["https:\/\/www.sonoraenequipo.com.mx\/presidente-destaca-labor-del-ejercito-mexicano-en-construccion-de-paz-y-bienestar-del-pueblo-conmemora-110-aniversario\/#respond"]}]},{"@type":"WebPage","@id":"https:\/\/www.sonoraenequipo.com.mx\/presidente-destaca-labor-del-ejercito-mexicano-en-construccion-de-paz-y-bienestar-del-pueblo-conmemora-110-aniversario\/","url":"https:\/\/www.sonoraenequipo.com.mx\/presidente-destaca-labor-del-ejercito-mexicano-en-construccion-de-paz-y-bienestar-del-pueblo-conmemora-110-aniversario\/","name":"Sonora en Equipo. Presidente destaca labor del Ej\u00e9rcito Mexicano en construcci\u00f3n de paz y bienestar del pueblo; conmemora 110 aniversario Rep\u00fablica","isPartOf":{"@id":"https:\/\/www.sonoraenequipo.com.mx\/#website"},"primaryImageOfPage":{"@id":"https:\/\/www.sonoraenequipo.com.mx\/presidente-destaca-labor-del-ejercito-mexicano-en-construccion-de-paz-y-bienestar-del-pueblo-conmemora-110-aniversario\/#primaryimage"},"image":{"@id":"https:\/\/www.sonoraenequipo.com.mx\/presidente-destaca-labor-del-ejercito-mexicano-en-construccion-de-paz-y-bienestar-del-pueblo-conmemora-110-aniversario\/#primaryimage"},"thumbnailUrl":"https:\/\/www.sonoraenequipo.com.mx\/storage\/2023\/02\/110-aniversario-ejercito-mexicano-6-min.jpg","datePublished":"2023-02-19T22:00:48+00:00","dateModified":"2023-02-21T01:08:01+00:00","description":"CIUDAD DE M\u00c9XICO. MX. \u2014 El presidente Andr\u00e9s Manuel L\u00f3pez Obrador afirm\u00f3 que las Fuerzas Armadas constituyen un pilar fundamental del Estado al participar En Sonora en Equipo publicamos toda la informaci\u00f3n de Sonora, M\u00e9xico y el Mundo de manera oportuna y busca que la libertad de expresi\u00f3n sea real. Visita nuestro medio informativo publicado desde Hermosillo, Sonora. %","breadcrumb":{"@id":"https:\/\/www.sonoraenequipo.com.mx\/presidente-destaca-labor-del-ejercito-mexicano-en-construccion-de-paz-y-bienestar-del-pueblo-conmemora-110-aniversario\/#breadcrumb"},"inLanguage":"es","potentialAction":[{"@type":"ReadAction","target":["https:\/\/www.sonoraenequipo.com.mx\/presidente-destaca-labor-del-ejercito-mexicano-en-construccion-de-paz-y-bienestar-del-pueblo-conmemora-110-aniversario\/"]}]},{"@type":"ImageObject","inLanguage":"es","@id":"https:\/\/www.sonoraenequipo.com.mx\/presidente-destaca-labor-del-ejercito-mexicano-en-construccion-de-paz-y-bienestar-del-pueblo-conmemora-110-aniversario\/#primaryimage","url":"https:\/\/www.sonoraenequipo.com.mx\/storage\/2023\/02\/110-aniversario-ejercito-mexicano-6-min.jpg","contentUrl":"https:\/\/www.sonoraenequipo.com.mx\/storage\/2023\/02\/110-aniversario-ejercito-mexicano-6-min.jpg","width":1500,"height":1000},{"@type":"BreadcrumbList","@id":"https:\/\/www.sonoraenequipo.com.mx\/presidente-destaca-labor-del-ejercito-mexicano-en-construccion-de-paz-y-bienestar-del-pueblo-conmemora-110-aniversario\/#breadcrumb","itemListElement":[{"@type":"ListItem","position":1,"name":"Portada","item":"https:\/\/www.sonoraenequipo.com.mx\/"},{"@type":"ListItem","position":2,"name":"Presidente destaca labor del Ej\u00e9rcito Mexicano en construcci\u00f3n de paz y bienestar del pueblo; conmemora 110 aniversario"}]},{"@type":"WebSite","@id":"https:\/\/www.sonoraenequipo.com.mx\/#website","url":"https:\/\/www.sonoraenequipo.com.mx\/","name":"Sonora en Equipo.","description":"Diario en l\u00ednea con Noticias desde Hermosillo, Sonora","publisher":{"@id":"https:\/\/www.sonoraenequipo.com.mx\/#organization"},"potentialAction":[{"@type":"SearchAction","target":{"@type":"EntryPoint","urlTemplate":"https:\/\/www.sonoraenequipo.com.mx\/?s={search_term_string}"},"query-input":{"@type":"PropertyValueSpecification","valueRequired":true,"valueName":"search_term_string"}}],"inLanguage":"es"},{"@type":"Organization","@id":"https:\/\/www.sonoraenequipo.com.mx\/#organization","name":"Sonoraenequipo.com.mx","url":"https:\/\/www.sonoraenequipo.com.mx\/","logo":{"@type":"ImageObject","inLanguage":"es","@id":"https:\/\/www.sonoraenequipo.com.mx\/#\/schema\/logo\/image\/","url":"https:\/\/www.sonoraenequipo.com.mx\/storage\/2019\/01\/sonoraenequipo_opt.png","contentUrl":"https:\/\/www.sonoraenequipo.com.mx\/storage\/2019\/01\/sonoraenequipo_opt.png","width":375,"height":125,"caption":"Sonoraenequipo.com.mx"},"image":{"@id":"https:\/\/www.sonoraenequipo.com.mx\/#\/schema\/logo\/image\/"},"sameAs":["https:\/\/www.facebook.com\/SonoraEE\/","https:\/\/x.com\/sonoraenequipo","https:\/\/www.youtube.com\/channel\/UC338nW-lPEYmJQs4ZABQ1SQ"]},{"@type":"Person","@id":"https:\/\/www.sonoraenequipo.com.mx\/#\/schema\/person\/50102df0fb23a8fa9e8effad8fa81386","name":"enequipo","image":{"@type":"ImageObject","inLanguage":"es","@id":"https:\/\/www.sonoraenequipo.com.mx\/#\/schema\/person\/image\/","url":"https:\/\/secure.gravatar.com\/avatar\/049821681b589dabc0bc20695993ccebb09f5b5d4d790cd9251b97faac7c652b?s=96&d=blank&r=g","contentUrl":"https:\/\/secure.gravatar.com\/avatar\/049821681b589dabc0bc20695993ccebb09f5b5d4d790cd9251b97faac7c652b?s=96&d=blank&r=g","caption":"enequipo"},"sameAs":["https:\/\/www.facebook.com\/SonoraEE"]}]}},"jetpack_featured_media_url":"https:\/\/www.sonoraenequipo.com.mx\/storage\/2023\/02\/110-aniversario-ejercito-mexicano-6-min.jpg","_links":{"self":[{"href":"https:\/\/www.sonoraenequipo.com.mx\/api\/wp\/v2\/posts\/159397","targetHints":{"allow":["GET"]}}],"collection":[{"href":"https:\/\/www.sonoraenequipo.com.mx\/api\/wp\/v2\/posts"}],"about":[{"href":"https:\/\/www.sonoraenequipo.com.mx\/api\/wp\/v2\/types\/post"}],"author":[{"embeddable":true,"href":"https:\/\/www.sonoraenequipo.com.mx\/api\/wp\/v2\/users\/1"}],"replies":[{"embeddable":true,"href":"https:\/\/www.sonoraenequipo.com.mx\/api\/wp\/v2\/comments?post=159397"}],"version-history":[{"count":1,"href":"https:\/\/www.sonoraenequipo.com.mx\/api\/wp\/v2\/posts\/159397\/revisions"}],"predecessor-version":[{"id":159400,"href":"https:\/\/www.sonoraenequipo.com.mx\/api\/wp\/v2\/posts\/159397\/revisions\/159400"}],"wp:featuredmedia":[{"embeddable":true,"href":"https:\/\/www.sonoraenequipo.com.mx\/api\/wp\/v2\/media\/159399"}],"wp:attachment":[{"href":"https:\/\/www.sonoraenequipo.com.mx\/api\/wp\/v2\/media?parent=159397"}],"wp:term":[{"taxonomy":"category","embeddable":true,"href":"https:\/\/www.sonoraenequipo.com.mx\/api\/wp\/v2\/categories?post=159397"},{"taxonomy":"post_tag","embeddable":true,"href":"https:\/\/www.sonoraenequipo.com.mx\/api\/wp\/v2\/tags?post=159397"}],"curies":[{"name":"wp","href":"https:\/\/api.w.org\/{rel}","templated":true}]}}