{"id":159988,"date":"2023-03-01T12:27:21","date_gmt":"2023-03-01T19:27:21","guid":{"rendered":"https:\/\/www.sonoraenequipo.com.mx\/?p=159988"},"modified":"2023-03-01T12:27:21","modified_gmt":"2023-03-01T19:27:21","slug":"supervisa-gobernador-alfonso-durazo-irehabilitacion-de-la-avenida-serdan-en-guaymas","status":"publish","type":"post","link":"https:\/\/www.sonoraenequipo.com.mx\/supervisa-gobernador-alfonso-durazo-irehabilitacion-de-la-avenida-serdan-en-guaymas\/","title":{"rendered":"Supervisa gobernador Alfonso Durazo irehabilitaci\u00f3n de la avenida Serd\u00e1n en Guaymas"},"content":{"rendered":"<p>&nbsp;<\/p>\n<p><strong>GUAYMAS, SONORA,MX.<\/strong><strong>\u2500\u2500 <\/strong>El gobernador Alfonso Durazo Monta\u00f1o llev\u00f3 a cabo ayer una supervisi\u00f3n al inicio de obras de rehabilitaci\u00f3n de la avenida Aquiles Serd\u00e1n, en la ciudad de Guaymas, proyecto que forma parte de la rehabilitaci\u00f3n integral del puerto y la ciudad.<\/p>\n<p>&nbsp;<\/p>\n<p>&nbsp;<\/p>\n<p>&nbsp;<\/p>\n<p>El mandatario explic\u00f3 que estas acciones de infraestructura cuentan con una inversi\u00f3n de 119.6 millones de pesos y forman parte del proyecto estrat\u00e9gico de conectividad para hacer de Guaymas un punto log\u00edstico de excepci\u00f3n que se consolidar\u00e1 como una puerta para el suroeste de Estados Unidos y el noroeste de M\u00e9xico hacia la cuenca del Pac\u00edfico y los pa\u00edses de Asia.<\/p>\n<p>&nbsp;<\/p>\n<p>&nbsp;<\/p>\n<p>&nbsp;<\/p>\n<p>Esta obra, adem\u00e1s de contribuir al mejoramiento urbano, se\u00f1al\u00f3, generar\u00e1 cerca de mil 200 empleos directos e indirectos y solucionar\u00e1 el problema hist\u00f3rico de aguas residuales que padece la ciudad en beneficio de las y los guaymenses.<\/p>\n<p>&nbsp;<\/p>\n<p>&nbsp;<\/p>\n<p>&nbsp;<\/p>\n<p>\u00abDesde campa\u00f1a dijimos que convertir\u00edamos al puerto de Guaymas en la plataforma para el relanzamiento econ\u00f3mico de Sonora y la \u00fanica manera de lograrlo es trabajando en la modernizaci\u00f3n del puerto\u00bb, dijo.<\/p>\n<p><strong><em><u>Fecha de publicaci\u00f3n mi\u00e9rcoles 1\u00a0 de marzo de 2023 con informaci\u00f3n de boletines<\/u><\/em><\/strong><\/p>\n<p>&nbsp;<\/p>\n","protected":false},"excerpt":{"rendered":"<p>&nbsp; GUAYMAS, SONORA,MX.\u2500\u2500 El gobernador Alfonso Durazo Monta\u00f1o llev\u00f3 a cabo ayer una supervisi\u00f3n al&#8230;<\/p>\n","protected":false},"author":1,"featured_media":159989,"comment_status":"open","ping_status":"open","sticky":false,"template":"","format":"standard","meta":{"_monsterinsights_skip_tracking":false,"_monsterinsights_sitenote_active":false,"_monsterinsights_sitenote_note":"","_monsterinsights_sitenote_category":0,"footnotes":""},"categories":[22],"tags":[8263,621,4844,8264],"class_list":["post"],"yoast_head":" \n<title>Sonora en Equipo. Supervisa gobernador Alfonso Durazo irehabilitaci\u00f3n de la avenida Serd\u00e1n en Guaymas Sonora<\/title>\n<meta name=\"description\" content=\"&nbsp; GUAYMAS, SONORA,MX.\u2500\u2500 El gobernador Alfonso Durazo Monta\u00f1o llev\u00f3 a cabo ayer una supervisi\u00f3n al inicio de obras de rehabilitaci\u00f3n de la avenida En Sonora en Equipo publicamos toda la informaci\u00f3n de Sonora, M\u00e9xico y el Mundo de manera oportuna y busca que la libertad de expresi\u00f3n sea real. Visita nuestro medio informativo publicado desde Hermosillo, Sonora. %\" \/>\n<meta name=\"robots\" content=\"index, follow, max-snippet:-1, max-image-preview:large, max-video-preview:-1\" \/>\n<link rel=\"canonical\" href=\"https:\/\/www.sonoraenequipo.com.mx\/supervisa-gobernador-alfonso-durazo-irehabilitacion-de-la-avenida-serdan-en-guaymas\/\" \/>\n<meta property=\"og:locale\" content=\"es_ES\" \/>\n<meta property=\"og:type\" content=\"article\" \/>\n<meta property=\"og:title\" content=\"Sonora en Equipo. Supervisa gobernador Alfonso Durazo irehabilitaci\u00f3n de la avenida Serd\u00e1n en Guaymas Sonora\" \/>\n<meta property=\"og:description\" content=\"&nbsp; GUAYMAS, SONORA,MX.\u2500\u2500 El gobernador Alfonso Durazo Monta\u00f1o llev\u00f3 a cabo ayer una supervisi\u00f3n al inicio de obras de rehabilitaci\u00f3n de la avenida En Sonora en Equipo publicamos toda la informaci\u00f3n de Sonora, M\u00e9xico y el Mundo de manera oportuna y busca que la libertad de expresi\u00f3n sea real. Visita nuestro medio informativo publicado desde Hermosillo, Sonora. %\" \/>\n<meta property=\"og:url\" content=\"https:\/\/www.sonoraenequipo.com.mx\/supervisa-gobernador-alfonso-durazo-irehabilitacion-de-la-avenida-serdan-en-guaymas\/\" \/>\n<meta property=\"og:site_name\" content=\"Sonora en Equipo.\" \/>\n<meta property=\"article:publisher\" content=\"https:\/\/www.facebook.com\/SonoraEE\/\" \/>\n<meta property=\"article:author\" content=\"https:\/\/www.facebook.com\/SonoraEE\" \/>\n<meta property=\"article:published_time\" content=\"2023-03-01T19:27:21+00:00\" \/>\n<meta property=\"og:image\" content=\"https:\/\/www.sonoraenequipo.com.mx\/storage\/2023\/03\/guaymas.jpg\" \/>\n\t<meta property=\"og:image:width\" content=\"600\" \/>\n\t<meta property=\"og:image:height\" content=\"399\" \/>\n\t<meta property=\"og:image:type\" content=\"image\/jpeg\" \/>\n<meta name=\"author\" content=\"enequipo\" \/>\n<meta name=\"twitter:card\" content=\"summary_large_image\" \/>\n<meta name=\"twitter:creator\" content=\"@sonoraenequipo\" \/>\n<meta name=\"twitter:site\" content=\"@sonoraenequipo\" \/>\n<meta name=\"twitter:label1\" content=\"Escrito por\" \/>\n\t<meta name=\"twitter:data1\" content=\"enequipo\" \/>\n\t<meta name=\"twitter:label2\" content=\"Tiempo de lectura\" \/>\n\t<meta name=\"twitter:data2\" content=\"1 minuto\" \/>\n<script type=\"application\/ld+json\" class=\"yoast-schema-graph\">{\"@context\":\"https:\/\/schema.org\",\"@graph\":[{\"@type\":\"Article\",\"@id\":\"https:\/\/www.sonoraenequipo.com.mx\/supervisa-gobernador-alfonso-durazo-irehabilitacion-de-la-avenida-serdan-en-guaymas\/#article\",\"isPartOf\":{\"@id\":\"https:\/\/www.sonoraenequipo.com.mx\/supervisa-gobernador-alfonso-durazo-irehabilitacion-de-la-avenida-serdan-en-guaymas\/\"},\"author\":{\"name\":\"enequipo\",\"@id\":\"https:\/\/www.sonoraenequipo.com.mx\/#\/schema\/person\/50102df0fb23a8fa9e8effad8fa81386\"},\"headline\":\"Supervisa gobernador Alfonso Durazo irehabilitaci\u00f3n de la avenida Serd\u00e1n en Guaymas\",\"datePublished\":\"2023-03-01T19:27:21+00:00\",\"mainEntityOfPage\":{\"@id\":\"https:\/\/www.sonoraenequipo.com.mx\/supervisa-gobernador-alfonso-durazo-irehabilitacion-de-la-avenida-serdan-en-guaymas\/\"},\"wordCount\":228,\"commentCount\":0,\"publisher\":{\"@id\":\"https:\/\/www.sonoraenequipo.com.mx\/#organization\"},\"image\":{\"@id\":\"https:\/\/www.sonoraenequipo.com.mx\/supervisa-gobernador-alfonso-durazo-irehabilitacion-de-la-avenida-serdan-en-guaymas\/#primaryimage\"},\"thumbnailUrl\":\"https:\/\/www.sonoraenequipo.com.mx\/storage\/2023\/03\/guaymas.jpg\",\"keywords\":[\"cae\",\"Guaymas\",\"rehabilitaci\u00f3n\",\"serdan\"],\"articleSection\":[\"Sonora\"],\"inLanguage\":\"es\",\"potentialAction\":[{\"@type\":\"CommentAction\",\"name\":\"Comment\",\"target\":[\"https:\/\/www.sonoraenequipo.com.mx\/supervisa-gobernador-alfonso-durazo-irehabilitacion-de-la-avenida-serdan-en-guaymas\/#respond\"]}]},{\"@type\":\"WebPage\",\"@id\":\"https:\/\/www.sonoraenequipo.com.mx\/supervisa-gobernador-alfonso-durazo-irehabilitacion-de-la-avenida-serdan-en-guaymas\/\",\"url\":\"https:\/\/www.sonoraenequipo.com.mx\/supervisa-gobernador-alfonso-durazo-irehabilitacion-de-la-avenida-serdan-en-guaymas\/\",\"name\":\"Sonora en Equipo. Supervisa gobernador Alfonso Durazo irehabilitaci\u00f3n de la avenida Serd\u00e1n en Guaymas Sonora\",\"isPartOf\":{\"@id\":\"https:\/\/www.sonoraenequipo.com.mx\/#website\"},\"primaryImageOfPage\":{\"@id\":\"https:\/\/www.sonoraenequipo.com.mx\/supervisa-gobernador-alfonso-durazo-irehabilitacion-de-la-avenida-serdan-en-guaymas\/#primaryimage\"},\"image\":{\"@id\":\"https:\/\/www.sonoraenequipo.com.mx\/supervisa-gobernador-alfonso-durazo-irehabilitacion-de-la-avenida-serdan-en-guaymas\/#primaryimage\"},\"thumbnailUrl\":\"https:\/\/www.sonoraenequipo.com.mx\/storage\/2023\/03\/guaymas.jpg\",\"datePublished\":\"2023-03-01T19:27:21+00:00\",\"description\":\"&nbsp; GUAYMAS, SONORA,MX.\u2500\u2500 El gobernador Alfonso Durazo Monta\u00f1o llev\u00f3 a cabo ayer una supervisi\u00f3n al inicio de obras de rehabilitaci\u00f3n de la avenida En Sonora en Equipo publicamos toda la informaci\u00f3n de Sonora, M\u00e9xico y el Mundo de manera oportuna y busca que la libertad de expresi\u00f3n sea real. Visita nuestro medio informativo publicado desde Hermosillo, Sonora. %\",\"breadcrumb\":{\"@id\":\"https:\/\/www.sonoraenequipo.com.mx\/supervisa-gobernador-alfonso-durazo-irehabilitacion-de-la-avenida-serdan-en-guaymas\/#breadcrumb\"},\"inLanguage\":\"es\",\"potentialAction\":[{\"@type\":\"ReadAction\",\"target\":[\"https:\/\/www.sonoraenequipo.com.mx\/supervisa-gobernador-alfonso-durazo-irehabilitacion-de-la-avenida-serdan-en-guaymas\/\"]}]},{\"@type\":\"ImageObject\",\"inLanguage\":\"es\",\"@id\":\"https:\/\/www.sonoraenequipo.com.mx\/supervisa-gobernador-alfonso-durazo-irehabilitacion-de-la-avenida-serdan-en-guaymas\/#primaryimage\",\"url\":\"https:\/\/www.sonoraenequipo.com.mx\/storage\/2023\/03\/guaymas.jpg\",\"contentUrl\":\"https:\/\/www.sonoraenequipo.com.mx\/storage\/2023\/03\/guaymas.jpg\",\"width\":600,\"height\":399},{\"@type\":\"BreadcrumbList\",\"@id\":\"https:\/\/www.sonoraenequipo.com.mx\/supervisa-gobernador-alfonso-durazo-irehabilitacion-de-la-avenida-serdan-en-guaymas\/#breadcrumb\",\"itemListElement\":[{\"@type\":\"ListItem\",\"position\":1,\"name\":\"Portada\",\"item\":\"https:\/\/www.sonoraenequipo.com.mx\/\"},{\"@type\":\"ListItem\",\"position\":2,\"name\":\"Supervisa gobernador Alfonso Durazo irehabilitaci\u00f3n de la avenida Serd\u00e1n en Guaymas\"}]},{\"@type\":\"WebSite\",\"@id\":\"https:\/\/www.sonoraenequipo.com.mx\/#website\",\"url\":\"https:\/\/www.sonoraenequipo.com.mx\/\",\"name\":\"Sonora en Equipo.\",\"description\":\"Diario en l\u00ednea con Noticias desde Hermosillo, Sonora\",\"publisher\":{\"@id\":\"https:\/\/www.sonoraenequipo.com.mx\/#organization\"},\"potentialAction\":[{\"@type\":\"SearchAction\",\"target\":{\"@type\":\"EntryPoint\",\"urlTemplate\":\"https:\/\/www.sonoraenequipo.com.mx\/?s={search_term_string}\"},\"query-input\":{\"@type\":\"PropertyValueSpecification\",\"valueRequired\":true,\"valueName\":\"search_term_string\"}}],\"inLanguage\":\"es\"},{\"@type\":\"Organization\",\"@id\":\"https:\/\/www.sonoraenequipo.com.mx\/#organization\",\"name\":\"Sonoraenequipo.com.mx\",\"url\":\"https:\/\/www.sonoraenequipo.com.mx\/\",\"logo\":{\"@type\":\"ImageObject\",\"inLanguage\":\"es\",\"@id\":\"https:\/\/www.sonoraenequipo.com.mx\/#\/schema\/logo\/image\/\",\"url\":\"https:\/\/www.sonoraenequipo.com.mx\/storage\/2019\/01\/sonoraenequipo_opt.png\",\"contentUrl\":\"https:\/\/www.sonoraenequipo.com.mx\/storage\/2019\/01\/sonoraenequipo_opt.png\",\"width\":375,\"height\":125,\"caption\":\"Sonoraenequipo.com.mx\"},\"image\":{\"@id\":\"https:\/\/www.sonoraenequipo.com.mx\/#\/schema\/logo\/image\/\"},\"sameAs\":[\"https:\/\/www.facebook.com\/SonoraEE\/\",\"https:\/\/x.com\/sonoraenequipo\",\"https:\/\/www.youtube.com\/channel\/UC338nW-lPEYmJQs4ZABQ1SQ\"]},{\"@type\":\"Person\",\"@id\":\"https:\/\/www.sonoraenequipo.com.mx\/#\/schema\/person\/50102df0fb23a8fa9e8effad8fa81386\",\"name\":\"enequipo\",\"image\":{\"@type\":\"ImageObject\",\"inLanguage\":\"es\",\"@id\":\"https:\/\/www.sonoraenequipo.com.mx\/#\/schema\/person\/image\/\",\"url\":\"https:\/\/secure.gravatar.com\/avatar\/049821681b589dabc0bc20695993ccebb09f5b5d4d790cd9251b97faac7c652b?s=96&d=blank&r=g\",\"contentUrl\":\"https:\/\/secure.gravatar.com\/avatar\/049821681b589dabc0bc20695993ccebb09f5b5d4d790cd9251b97faac7c652b?s=96&d=blank&r=g\",\"caption\":\"enequipo\"},\"sameAs\":[\"https:\/\/www.facebook.com\/SonoraEE\"]}]}<\/script>\n ","yoast_head_json":{"title":"Sonora en Equipo. Supervisa gobernador Alfonso Durazo irehabilitaci\u00f3n de la avenida Serd\u00e1n en Guaymas Sonora","description":"&nbsp; GUAYMAS, SONORA,MX.\u2500\u2500 El gobernador Alfonso Durazo Monta\u00f1o llev\u00f3 a cabo ayer una supervisi\u00f3n al inicio de obras de rehabilitaci\u00f3n de la avenida En Sonora en Equipo publicamos toda la informaci\u00f3n de Sonora, M\u00e9xico y el Mundo de manera oportuna y busca que la libertad de expresi\u00f3n sea real. Visita nuestro medio informativo publicado desde Hermosillo, Sonora. %","robots":{"index":"index","follow":"follow","max-snippet":"max-snippet:-1","max-image-preview":"max-image-preview:large","max-video-preview":"max-video-preview:-1"},"canonical":"https:\/\/www.sonoraenequipo.com.mx\/supervisa-gobernador-alfonso-durazo-irehabilitacion-de-la-avenida-serdan-en-guaymas\/","og_locale":"es_ES","og_type":"article","og_title":"Sonora en Equipo. Supervisa gobernador Alfonso Durazo irehabilitaci\u00f3n de la avenida Serd\u00e1n en Guaymas Sonora","og_description":"&nbsp; GUAYMAS, SONORA,MX.\u2500\u2500 El gobernador Alfonso Durazo Monta\u00f1o llev\u00f3 a cabo ayer una supervisi\u00f3n al inicio de obras de rehabilitaci\u00f3n de la avenida En Sonora en Equipo publicamos toda la informaci\u00f3n de Sonora, M\u00e9xico y el Mundo de manera oportuna y busca que la libertad de expresi\u00f3n sea real. Visita nuestro medio informativo publicado desde Hermosillo, Sonora. %","og_url":"https:\/\/www.sonoraenequipo.com.mx\/supervisa-gobernador-alfonso-durazo-irehabilitacion-de-la-avenida-serdan-en-guaymas\/","og_site_name":"Sonora en Equipo.","article_publisher":"https:\/\/www.facebook.com\/SonoraEE\/","article_author":"https:\/\/www.facebook.com\/SonoraEE","article_published_time":"2023-03-01T19:27:21+00:00","og_image":[{"width":600,"height":399,"url":"https:\/\/www.sonoraenequipo.com.mx\/storage\/2023\/03\/guaymas.jpg","type":"image\/jpeg"}],"author":"enequipo","twitter_card":"summary_large_image","twitter_creator":"@sonoraenequipo","twitter_site":"@sonoraenequipo","twitter_misc":{"Escrito por":"enequipo","Tiempo de lectura":"1 minuto"},"schema":{"@context":"https:\/\/schema.org","@graph":[{"@type":"Article","@id":"https:\/\/www.sonoraenequipo.com.mx\/supervisa-gobernador-alfonso-durazo-irehabilitacion-de-la-avenida-serdan-en-guaymas\/#article","isPartOf":{"@id":"https:\/\/www.sonoraenequipo.com.mx\/supervisa-gobernador-alfonso-durazo-irehabilitacion-de-la-avenida-serdan-en-guaymas\/"},"author":{"name":"enequipo","@id":"https:\/\/www.sonoraenequipo.com.mx\/#\/schema\/person\/50102df0fb23a8fa9e8effad8fa81386"},"headline":"Supervisa gobernador Alfonso Durazo irehabilitaci\u00f3n de la avenida Serd\u00e1n en Guaymas","datePublished":"2023-03-01T19:27:21+00:00","mainEntityOfPage":{"@id":"https:\/\/www.sonoraenequipo.com.mx\/supervisa-gobernador-alfonso-durazo-irehabilitacion-de-la-avenida-serdan-en-guaymas\/"},"wordCount":228,"commentCount":0,"publisher":{"@id":"https:\/\/www.sonoraenequipo.com.mx\/#organization"},"image":{"@id":"https:\/\/www.sonoraenequipo.com.mx\/supervisa-gobernador-alfonso-durazo-irehabilitacion-de-la-avenida-serdan-en-guaymas\/#primaryimage"},"thumbnailUrl":"https:\/\/www.sonoraenequipo.com.mx\/storage\/2023\/03\/guaymas.jpg","keywords":["cae","Guaymas","rehabilitaci\u00f3n","serdan"],"articleSection":["Sonora"],"inLanguage":"es","potentialAction":[{"@type":"CommentAction","name":"Comment","target":["https:\/\/www.sonoraenequipo.com.mx\/supervisa-gobernador-alfonso-durazo-irehabilitacion-de-la-avenida-serdan-en-guaymas\/#respond"]}]},{"@type":"WebPage","@id":"https:\/\/www.sonoraenequipo.com.mx\/supervisa-gobernador-alfonso-durazo-irehabilitacion-de-la-avenida-serdan-en-guaymas\/","url":"https:\/\/www.sonoraenequipo.com.mx\/supervisa-gobernador-alfonso-durazo-irehabilitacion-de-la-avenida-serdan-en-guaymas\/","name":"Sonora en Equipo. Supervisa gobernador Alfonso Durazo irehabilitaci\u00f3n de la avenida Serd\u00e1n en Guaymas Sonora","isPartOf":{"@id":"https:\/\/www.sonoraenequipo.com.mx\/#website"},"primaryImageOfPage":{"@id":"https:\/\/www.sonoraenequipo.com.mx\/supervisa-gobernador-alfonso-durazo-irehabilitacion-de-la-avenida-serdan-en-guaymas\/#primaryimage"},"image":{"@id":"https:\/\/www.sonoraenequipo.com.mx\/supervisa-gobernador-alfonso-durazo-irehabilitacion-de-la-avenida-serdan-en-guaymas\/#primaryimage"},"thumbnailUrl":"https:\/\/www.sonoraenequipo.com.mx\/storage\/2023\/03\/guaymas.jpg","datePublished":"2023-03-01T19:27:21+00:00","description":"&nbsp; GUAYMAS, SONORA,MX.\u2500\u2500 El gobernador Alfonso Durazo Monta\u00f1o llev\u00f3 a cabo ayer una supervisi\u00f3n al inicio de obras de rehabilitaci\u00f3n de la avenida En Sonora en Equipo publicamos toda la informaci\u00f3n de Sonora, M\u00e9xico y el Mundo de manera oportuna y busca que la libertad de expresi\u00f3n sea real. Visita nuestro medio informativo publicado desde Hermosillo, Sonora. %","breadcrumb":{"@id":"https:\/\/www.sonoraenequipo.com.mx\/supervisa-gobernador-alfonso-durazo-irehabilitacion-de-la-avenida-serdan-en-guaymas\/#breadcrumb"},"inLanguage":"es","potentialAction":[{"@type":"ReadAction","target":["https:\/\/www.sonoraenequipo.com.mx\/supervisa-gobernador-alfonso-durazo-irehabilitacion-de-la-avenida-serdan-en-guaymas\/"]}]},{"@type":"ImageObject","inLanguage":"es","@id":"https:\/\/www.sonoraenequipo.com.mx\/supervisa-gobernador-alfonso-durazo-irehabilitacion-de-la-avenida-serdan-en-guaymas\/#primaryimage","url":"https:\/\/www.sonoraenequipo.com.mx\/storage\/2023\/03\/guaymas.jpg","contentUrl":"https:\/\/www.sonoraenequipo.com.mx\/storage\/2023\/03\/guaymas.jpg","width":600,"height":399},{"@type":"BreadcrumbList","@id":"https:\/\/www.sonoraenequipo.com.mx\/supervisa-gobernador-alfonso-durazo-irehabilitacion-de-la-avenida-serdan-en-guaymas\/#breadcrumb","itemListElement":[{"@type":"ListItem","position":1,"name":"Portada","item":"https:\/\/www.sonoraenequipo.com.mx\/"},{"@type":"ListItem","position":2,"name":"Supervisa gobernador Alfonso Durazo irehabilitaci\u00f3n de la avenida Serd\u00e1n en Guaymas"}]},{"@type":"WebSite","@id":"https:\/\/www.sonoraenequipo.com.mx\/#website","url":"https:\/\/www.sonoraenequipo.com.mx\/","name":"Sonora en Equipo.","description":"Diario en l\u00ednea con Noticias desde Hermosillo, Sonora","publisher":{"@id":"https:\/\/www.sonoraenequipo.com.mx\/#organization"},"potentialAction":[{"@type":"SearchAction","target":{"@type":"EntryPoint","urlTemplate":"https:\/\/www.sonoraenequipo.com.mx\/?s={search_term_string}"},"query-input":{"@type":"PropertyValueSpecification","valueRequired":true,"valueName":"search_term_string"}}],"inLanguage":"es"},{"@type":"Organization","@id":"https:\/\/www.sonoraenequipo.com.mx\/#organization","name":"Sonoraenequipo.com.mx","url":"https:\/\/www.sonoraenequipo.com.mx\/","logo":{"@type":"ImageObject","inLanguage":"es","@id":"https:\/\/www.sonoraenequipo.com.mx\/#\/schema\/logo\/image\/","url":"https:\/\/www.sonoraenequipo.com.mx\/storage\/2019\/01\/sonoraenequipo_opt.png","contentUrl":"https:\/\/www.sonoraenequipo.com.mx\/storage\/2019\/01\/sonoraenequipo_opt.png","width":375,"height":125,"caption":"Sonoraenequipo.com.mx"},"image":{"@id":"https:\/\/www.sonoraenequipo.com.mx\/#\/schema\/logo\/image\/"},"sameAs":["https:\/\/www.facebook.com\/SonoraEE\/","https:\/\/x.com\/sonoraenequipo","https:\/\/www.youtube.com\/channel\/UC338nW-lPEYmJQs4ZABQ1SQ"]},{"@type":"Person","@id":"https:\/\/www.sonoraenequipo.com.mx\/#\/schema\/person\/50102df0fb23a8fa9e8effad8fa81386","name":"enequipo","image":{"@type":"ImageObject","inLanguage":"es","@id":"https:\/\/www.sonoraenequipo.com.mx\/#\/schema\/person\/image\/","url":"https:\/\/secure.gravatar.com\/avatar\/049821681b589dabc0bc20695993ccebb09f5b5d4d790cd9251b97faac7c652b?s=96&d=blank&r=g","contentUrl":"https:\/\/secure.gravatar.com\/avatar\/049821681b589dabc0bc20695993ccebb09f5b5d4d790cd9251b97faac7c652b?s=96&d=blank&r=g","caption":"enequipo"},"sameAs":["https:\/\/www.facebook.com\/SonoraEE"]}]}},"jetpack_featured_media_url":"https:\/\/www.sonoraenequipo.com.mx\/storage\/2023\/03\/guaymas.jpg","_links":{"self":[{"href":"https:\/\/www.sonoraenequipo.com.mx\/api\/wp\/v2\/posts\/159988","targetHints":{"allow":["GET"]}}],"collection":[{"href":"https:\/\/www.sonoraenequipo.com.mx\/api\/wp\/v2\/posts"}],"about":[{"href":"https:\/\/www.sonoraenequipo.com.mx\/api\/wp\/v2\/types\/post"}],"author":[{"embeddable":true,"href":"https:\/\/www.sonoraenequipo.com.mx\/api\/wp\/v2\/users\/1"}],"replies":[{"embeddable":true,"href":"https:\/\/www.sonoraenequipo.com.mx\/api\/wp\/v2\/comments?post=159988"}],"version-history":[{"count":1,"href":"https:\/\/www.sonoraenequipo.com.mx\/api\/wp\/v2\/posts\/159988\/revisions"}],"predecessor-version":[{"id":159990,"href":"https:\/\/www.sonoraenequipo.com.mx\/api\/wp\/v2\/posts\/159988\/revisions\/159990"}],"wp:featuredmedia":[{"embeddable":true,"href":"https:\/\/www.sonoraenequipo.com.mx\/api\/wp\/v2\/media\/159989"}],"wp:attachment":[{"href":"https:\/\/www.sonoraenequipo.com.mx\/api\/wp\/v2\/media?parent=159988"}],"wp:term":[{"taxonomy":"category","embeddable":true,"href":"https:\/\/www.sonoraenequipo.com.mx\/api\/wp\/v2\/categories?post=159988"},{"taxonomy":"post_tag","embeddable":true,"href":"https:\/\/www.sonoraenequipo.com.mx\/api\/wp\/v2\/tags?post=159988"}],"curies":[{"name":"wp","href":"https:\/\/api.w.org\/{rel}","templated":true}]}}