{"id":159991,"date":"2023-03-01T12:37:45","date_gmt":"2023-03-01T19:37:45","guid":{"rendered":"https:\/\/www.sonoraenequipo.com.mx\/?p=159991"},"modified":"2023-03-01T12:37:45","modified_gmt":"2023-03-01T19:37:45","slug":"recibe-congreso-del-estado-primer-informe-de-labores-de-la-cedh","status":"publish","type":"post","link":"https:\/\/www.sonoraenequipo.com.mx\/recibe-congreso-del-estado-primer-informe-de-labores-de-la-cedh\/","title":{"rendered":"Recibe Congreso del Estado primer informe de labores de la CEDH"},"content":{"rendered":"<p><strong>HERMOSILLO, SONORA,MX.<\/strong><strong>\u2500\u2500<\/strong> El presidente de la Comisi\u00f3n Estatal de Derechos Humanos (CEDH), Luis Fernando Renter\u00eda Barrag\u00e1n, compareci\u00f3 ante la Comisi\u00f3n de Justicia y Derechos Humanos para rendir su primer informe de trabajo correspondiente al a\u00f1o 2022, en el que destac\u00f3 las acciones realizadas en materia de reorganizaci\u00f3n, protecci\u00f3n y promoci\u00f3n de derechos.<\/p>\n<p>&nbsp;<\/p>\n<p>La diputada Diana Karina Barreras Samaniego, presidenta de la citada Comisi\u00f3n, destac\u00f3 que la comparecencia del funcionario se realiza en cumplimiento de los art\u00edculos 16, fracci\u00f3n V, y 20 de la Ley que crea la Comisi\u00f3n Estatal de Derechos Humanos.<\/p>\n<p>&nbsp;<\/p>\n<p>Durante el a\u00f1o 2022 se brind\u00f3 atenci\u00f3n a m\u00e1s 6 mil personas que pertenecen a grupos de atenci\u00f3n prioritaria como mujeres, personas privadas de la libertad, colectivos de b\u00fasqueda, defensoras de derechos humanos, personas de la diversidad sexual, entre otros.<\/p>\n<p>&nbsp;<\/p>\n<p>Renter\u00eda Barrag\u00e1n mencion\u00f3 que la CEDH de Sonora tiene ahora con un Plan de Desarrollo Institucional, la estrategia de largo plazo que guiar\u00e1 el rumbo de este organismo con perspectiva de derechos humanos y rendici\u00f3n de cuentas.<\/p>\n<p>&nbsp;<\/p>\n<p>\u201cEsta nueva administraci\u00f3n ha establecido como ejes rectores de su gesti\u00f3n la promoci\u00f3n de los derechos y la protecci\u00f3n de las personas, y en el aspecto administrativo una gesti\u00f3n eficiente de los recursos de la instituci\u00f3n\u201d, puntualiz\u00f3.<\/p>\n<p>&nbsp;<\/p>\n<p>Nery Ruiz Arvizu, Consejero Presidente del Instituto Estatal Electoral y de Participaci\u00f3n Ciudadana, IEE Sonora y Tirso Amante Jerez, director General de Radio Sonora; as\u00ed como, integrantes de colectivos y defensores de los derechos humanos en la entidad.<\/p>\n<p>&nbsp;<\/p>\n<p><strong><em><u>Fecha de publicaci\u00f3n mi\u00e9rcoles 1\u00a0 de marzo de 2023 con informaci\u00f3n de boletines<\/u><\/em><\/strong><\/p>\n<p>&nbsp;<\/p>\n","protected":false},"excerpt":{"rendered":"<p>HERMOSILLO, SONORA,MX.\u2500\u2500 El presidente de la Comisi\u00f3n Estatal de Derechos Humanos (CEDH), Luis Fernando Renter\u00eda&#8230;<\/p>\n","protected":false},"author":1,"featured_media":138389,"comment_status":"open","ping_status":"open","sticky":false,"template":"","format":"standard","meta":{"_monsterinsights_skip_tracking":false,"_monsterinsights_sitenote_active":false,"_monsterinsights_sitenote_note":"","_monsterinsights_sitenote_category":0,"footnotes":""},"categories":[3281],"tags":[4158,1248],"class_list":["post"],"yoast_head":" \n<title>Sonora en Equipo. Recibe Congreso del Estado primer informe de labores de la CEDH Congreso<\/title>\n<meta name=\"description\" content=\"HERMOSILLO, SONORA,MX.\u2500\u2500 El presidente de la Comisi\u00f3n Estatal de Derechos Humanos (CEDH), Luis Fernando Renter\u00eda Barrag\u00e1n, compareci\u00f3 ante la Comisi\u00f3n de En Sonora en Equipo publicamos toda la informaci\u00f3n de Sonora, M\u00e9xico y el Mundo de manera oportuna y busca que la libertad de expresi\u00f3n sea real. Visita nuestro medio informativo publicado desde Hermosillo, Sonora. %\" \/>\n<meta name=\"robots\" content=\"index, follow, max-snippet:-1, max-image-preview:large, max-video-preview:-1\" \/>\n<link rel=\"canonical\" href=\"https:\/\/www.sonoraenequipo.com.mx\/recibe-congreso-del-estado-primer-informe-de-labores-de-la-cedh\/\" \/>\n<meta property=\"og:locale\" content=\"es_ES\" \/>\n<meta property=\"og:type\" content=\"article\" \/>\n<meta property=\"og:title\" content=\"Sonora en Equipo. Recibe Congreso del Estado primer informe de labores de la CEDH Congreso\" \/>\n<meta property=\"og:description\" content=\"HERMOSILLO, SONORA,MX.\u2500\u2500 El presidente de la Comisi\u00f3n Estatal de Derechos Humanos (CEDH), Luis Fernando Renter\u00eda Barrag\u00e1n, compareci\u00f3 ante la Comisi\u00f3n de En Sonora en Equipo publicamos toda la informaci\u00f3n de Sonora, M\u00e9xico y el Mundo de manera oportuna y busca que la libertad de expresi\u00f3n sea real. Visita nuestro medio informativo publicado desde Hermosillo, Sonora. %\" \/>\n<meta property=\"og:url\" content=\"https:\/\/www.sonoraenequipo.com.mx\/recibe-congreso-del-estado-primer-informe-de-labores-de-la-cedh\/\" \/>\n<meta property=\"og:site_name\" content=\"Sonora en Equipo.\" \/>\n<meta property=\"article:publisher\" content=\"https:\/\/www.facebook.com\/SonoraEE\/\" \/>\n<meta property=\"article:author\" content=\"https:\/\/www.facebook.com\/SonoraEE\" \/>\n<meta property=\"article:published_time\" content=\"2023-03-01T19:37:45+00:00\" \/>\n<meta property=\"og:image\" content=\"https:\/\/www.sonoraenequipo.com.mx\/storage\/2022\/05\/congreso-edificio.jpg\" \/>\n\t<meta property=\"og:image:width\" content=\"700\" \/>\n\t<meta property=\"og:image:height\" content=\"400\" \/>\n\t<meta property=\"og:image:type\" content=\"image\/jpeg\" \/>\n<meta name=\"author\" content=\"enequipo\" \/>\n<meta name=\"twitter:card\" content=\"summary_large_image\" \/>\n<meta name=\"twitter:creator\" content=\"@sonoraenequipo\" \/>\n<meta name=\"twitter:site\" content=\"@sonoraenequipo\" \/>\n<meta name=\"twitter:label1\" content=\"Escrito por\" \/>\n\t<meta name=\"twitter:data1\" content=\"enequipo\" \/>\n\t<meta name=\"twitter:label2\" content=\"Tiempo de lectura\" \/>\n\t<meta name=\"twitter:data2\" content=\"1 minuto\" \/>\n<script type=\"application\/ld+json\" class=\"yoast-schema-graph\">{\"@context\":\"https:\/\/schema.org\",\"@graph\":[{\"@type\":\"Article\",\"@id\":\"https:\/\/www.sonoraenequipo.com.mx\/recibe-congreso-del-estado-primer-informe-de-labores-de-la-cedh\/#article\",\"isPartOf\":{\"@id\":\"https:\/\/www.sonoraenequipo.com.mx\/recibe-congreso-del-estado-primer-informe-de-labores-de-la-cedh\/\"},\"author\":{\"name\":\"enequipo\",\"@id\":\"https:\/\/www.sonoraenequipo.com.mx\/#\/schema\/person\/50102df0fb23a8fa9e8effad8fa81386\"},\"headline\":\"Recibe Congreso del Estado primer informe de labores de la CEDH\",\"datePublished\":\"2023-03-01T19:37:45+00:00\",\"mainEntityOfPage\":{\"@id\":\"https:\/\/www.sonoraenequipo.com.mx\/recibe-congreso-del-estado-primer-informe-de-labores-de-la-cedh\/\"},\"wordCount\":299,\"commentCount\":0,\"publisher\":{\"@id\":\"https:\/\/www.sonoraenequipo.com.mx\/#organization\"},\"image\":{\"@id\":\"https:\/\/www.sonoraenequipo.com.mx\/recibe-congreso-del-estado-primer-informe-de-labores-de-la-cedh\/#primaryimage\"},\"thumbnailUrl\":\"https:\/\/www.sonoraenequipo.com.mx\/storage\/2022\/05\/congreso-edificio.jpg\",\"keywords\":[\"CEDH\",\"CONGRESO\"],\"articleSection\":[\"Congreso\"],\"inLanguage\":\"es\",\"potentialAction\":[{\"@type\":\"CommentAction\",\"name\":\"Comment\",\"target\":[\"https:\/\/www.sonoraenequipo.com.mx\/recibe-congreso-del-estado-primer-informe-de-labores-de-la-cedh\/#respond\"]}]},{\"@type\":\"WebPage\",\"@id\":\"https:\/\/www.sonoraenequipo.com.mx\/recibe-congreso-del-estado-primer-informe-de-labores-de-la-cedh\/\",\"url\":\"https:\/\/www.sonoraenequipo.com.mx\/recibe-congreso-del-estado-primer-informe-de-labores-de-la-cedh\/\",\"name\":\"Sonora en Equipo. Recibe Congreso del Estado primer informe de labores de la CEDH Congreso\",\"isPartOf\":{\"@id\":\"https:\/\/www.sonoraenequipo.com.mx\/#website\"},\"primaryImageOfPage\":{\"@id\":\"https:\/\/www.sonoraenequipo.com.mx\/recibe-congreso-del-estado-primer-informe-de-labores-de-la-cedh\/#primaryimage\"},\"image\":{\"@id\":\"https:\/\/www.sonoraenequipo.com.mx\/recibe-congreso-del-estado-primer-informe-de-labores-de-la-cedh\/#primaryimage\"},\"thumbnailUrl\":\"https:\/\/www.sonoraenequipo.com.mx\/storage\/2022\/05\/congreso-edificio.jpg\",\"datePublished\":\"2023-03-01T19:37:45+00:00\",\"description\":\"HERMOSILLO, SONORA,MX.\u2500\u2500 El presidente de la Comisi\u00f3n Estatal de Derechos Humanos (CEDH), Luis Fernando Renter\u00eda Barrag\u00e1n, compareci\u00f3 ante la Comisi\u00f3n de En Sonora en Equipo publicamos toda la informaci\u00f3n de Sonora, M\u00e9xico y el Mundo de manera oportuna y busca que la libertad de expresi\u00f3n sea real. Visita nuestro medio informativo publicado desde Hermosillo, Sonora. %\",\"breadcrumb\":{\"@id\":\"https:\/\/www.sonoraenequipo.com.mx\/recibe-congreso-del-estado-primer-informe-de-labores-de-la-cedh\/#breadcrumb\"},\"inLanguage\":\"es\",\"potentialAction\":[{\"@type\":\"ReadAction\",\"target\":[\"https:\/\/www.sonoraenequipo.com.mx\/recibe-congreso-del-estado-primer-informe-de-labores-de-la-cedh\/\"]}]},{\"@type\":\"ImageObject\",\"inLanguage\":\"es\",\"@id\":\"https:\/\/www.sonoraenequipo.com.mx\/recibe-congreso-del-estado-primer-informe-de-labores-de-la-cedh\/#primaryimage\",\"url\":\"https:\/\/www.sonoraenequipo.com.mx\/storage\/2022\/05\/congreso-edificio.jpg\",\"contentUrl\":\"https:\/\/www.sonoraenequipo.com.mx\/storage\/2022\/05\/congreso-edificio.jpg\",\"width\":700,\"height\":400},{\"@type\":\"BreadcrumbList\",\"@id\":\"https:\/\/www.sonoraenequipo.com.mx\/recibe-congreso-del-estado-primer-informe-de-labores-de-la-cedh\/#breadcrumb\",\"itemListElement\":[{\"@type\":\"ListItem\",\"position\":1,\"name\":\"Portada\",\"item\":\"https:\/\/www.sonoraenequipo.com.mx\/\"},{\"@type\":\"ListItem\",\"position\":2,\"name\":\"Recibe Congreso del Estado primer informe de labores de la CEDH\"}]},{\"@type\":\"WebSite\",\"@id\":\"https:\/\/www.sonoraenequipo.com.mx\/#website\",\"url\":\"https:\/\/www.sonoraenequipo.com.mx\/\",\"name\":\"Sonora en Equipo.\",\"description\":\"Diario en l\u00ednea con Noticias desde Hermosillo, Sonora\",\"publisher\":{\"@id\":\"https:\/\/www.sonoraenequipo.com.mx\/#organization\"},\"potentialAction\":[{\"@type\":\"SearchAction\",\"target\":{\"@type\":\"EntryPoint\",\"urlTemplate\":\"https:\/\/www.sonoraenequipo.com.mx\/?s={search_term_string}\"},\"query-input\":{\"@type\":\"PropertyValueSpecification\",\"valueRequired\":true,\"valueName\":\"search_term_string\"}}],\"inLanguage\":\"es\"},{\"@type\":\"Organization\",\"@id\":\"https:\/\/www.sonoraenequipo.com.mx\/#organization\",\"name\":\"Sonoraenequipo.com.mx\",\"url\":\"https:\/\/www.sonoraenequipo.com.mx\/\",\"logo\":{\"@type\":\"ImageObject\",\"inLanguage\":\"es\",\"@id\":\"https:\/\/www.sonoraenequipo.com.mx\/#\/schema\/logo\/image\/\",\"url\":\"https:\/\/www.sonoraenequipo.com.mx\/storage\/2019\/01\/sonoraenequipo_opt.png\",\"contentUrl\":\"https:\/\/www.sonoraenequipo.com.mx\/storage\/2019\/01\/sonoraenequipo_opt.png\",\"width\":375,\"height\":125,\"caption\":\"Sonoraenequipo.com.mx\"},\"image\":{\"@id\":\"https:\/\/www.sonoraenequipo.com.mx\/#\/schema\/logo\/image\/\"},\"sameAs\":[\"https:\/\/www.facebook.com\/SonoraEE\/\",\"https:\/\/x.com\/sonoraenequipo\",\"https:\/\/www.youtube.com\/channel\/UC338nW-lPEYmJQs4ZABQ1SQ\"]},{\"@type\":\"Person\",\"@id\":\"https:\/\/www.sonoraenequipo.com.mx\/#\/schema\/person\/50102df0fb23a8fa9e8effad8fa81386\",\"name\":\"enequipo\",\"image\":{\"@type\":\"ImageObject\",\"inLanguage\":\"es\",\"@id\":\"https:\/\/www.sonoraenequipo.com.mx\/#\/schema\/person\/image\/\",\"url\":\"https:\/\/secure.gravatar.com\/avatar\/049821681b589dabc0bc20695993ccebb09f5b5d4d790cd9251b97faac7c652b?s=96&d=blank&r=g\",\"contentUrl\":\"https:\/\/secure.gravatar.com\/avatar\/049821681b589dabc0bc20695993ccebb09f5b5d4d790cd9251b97faac7c652b?s=96&d=blank&r=g\",\"caption\":\"enequipo\"},\"sameAs\":[\"https:\/\/www.facebook.com\/SonoraEE\"]}]}<\/script>\n ","yoast_head_json":{"title":"Sonora en Equipo. Recibe Congreso del Estado primer informe de labores de la CEDH Congreso","description":"HERMOSILLO, SONORA,MX.\u2500\u2500 El presidente de la Comisi\u00f3n Estatal de Derechos Humanos (CEDH), Luis Fernando Renter\u00eda Barrag\u00e1n, compareci\u00f3 ante la Comisi\u00f3n de En Sonora en Equipo publicamos toda la informaci\u00f3n de Sonora, M\u00e9xico y el Mundo de manera oportuna y busca que la libertad de expresi\u00f3n sea real. Visita nuestro medio informativo publicado desde Hermosillo, Sonora. %","robots":{"index":"index","follow":"follow","max-snippet":"max-snippet:-1","max-image-preview":"max-image-preview:large","max-video-preview":"max-video-preview:-1"},"canonical":"https:\/\/www.sonoraenequipo.com.mx\/recibe-congreso-del-estado-primer-informe-de-labores-de-la-cedh\/","og_locale":"es_ES","og_type":"article","og_title":"Sonora en Equipo. Recibe Congreso del Estado primer informe de labores de la CEDH Congreso","og_description":"HERMOSILLO, SONORA,MX.\u2500\u2500 El presidente de la Comisi\u00f3n Estatal de Derechos Humanos (CEDH), Luis Fernando Renter\u00eda Barrag\u00e1n, compareci\u00f3 ante la Comisi\u00f3n de En Sonora en Equipo publicamos toda la informaci\u00f3n de Sonora, M\u00e9xico y el Mundo de manera oportuna y busca que la libertad de expresi\u00f3n sea real. Visita nuestro medio informativo publicado desde Hermosillo, Sonora. %","og_url":"https:\/\/www.sonoraenequipo.com.mx\/recibe-congreso-del-estado-primer-informe-de-labores-de-la-cedh\/","og_site_name":"Sonora en Equipo.","article_publisher":"https:\/\/www.facebook.com\/SonoraEE\/","article_author":"https:\/\/www.facebook.com\/SonoraEE","article_published_time":"2023-03-01T19:37:45+00:00","og_image":[{"width":700,"height":400,"url":"https:\/\/www.sonoraenequipo.com.mx\/storage\/2022\/05\/congreso-edificio.jpg","type":"image\/jpeg"}],"author":"enequipo","twitter_card":"summary_large_image","twitter_creator":"@sonoraenequipo","twitter_site":"@sonoraenequipo","twitter_misc":{"Escrito por":"enequipo","Tiempo de lectura":"1 minuto"},"schema":{"@context":"https:\/\/schema.org","@graph":[{"@type":"Article","@id":"https:\/\/www.sonoraenequipo.com.mx\/recibe-congreso-del-estado-primer-informe-de-labores-de-la-cedh\/#article","isPartOf":{"@id":"https:\/\/www.sonoraenequipo.com.mx\/recibe-congreso-del-estado-primer-informe-de-labores-de-la-cedh\/"},"author":{"name":"enequipo","@id":"https:\/\/www.sonoraenequipo.com.mx\/#\/schema\/person\/50102df0fb23a8fa9e8effad8fa81386"},"headline":"Recibe Congreso del Estado primer informe de labores de la CEDH","datePublished":"2023-03-01T19:37:45+00:00","mainEntityOfPage":{"@id":"https:\/\/www.sonoraenequipo.com.mx\/recibe-congreso-del-estado-primer-informe-de-labores-de-la-cedh\/"},"wordCount":299,"commentCount":0,"publisher":{"@id":"https:\/\/www.sonoraenequipo.com.mx\/#organization"},"image":{"@id":"https:\/\/www.sonoraenequipo.com.mx\/recibe-congreso-del-estado-primer-informe-de-labores-de-la-cedh\/#primaryimage"},"thumbnailUrl":"https:\/\/www.sonoraenequipo.com.mx\/storage\/2022\/05\/congreso-edificio.jpg","keywords":["CEDH","CONGRESO"],"articleSection":["Congreso"],"inLanguage":"es","potentialAction":[{"@type":"CommentAction","name":"Comment","target":["https:\/\/www.sonoraenequipo.com.mx\/recibe-congreso-del-estado-primer-informe-de-labores-de-la-cedh\/#respond"]}]},{"@type":"WebPage","@id":"https:\/\/www.sonoraenequipo.com.mx\/recibe-congreso-del-estado-primer-informe-de-labores-de-la-cedh\/","url":"https:\/\/www.sonoraenequipo.com.mx\/recibe-congreso-del-estado-primer-informe-de-labores-de-la-cedh\/","name":"Sonora en Equipo. Recibe Congreso del Estado primer informe de labores de la CEDH Congreso","isPartOf":{"@id":"https:\/\/www.sonoraenequipo.com.mx\/#website"},"primaryImageOfPage":{"@id":"https:\/\/www.sonoraenequipo.com.mx\/recibe-congreso-del-estado-primer-informe-de-labores-de-la-cedh\/#primaryimage"},"image":{"@id":"https:\/\/www.sonoraenequipo.com.mx\/recibe-congreso-del-estado-primer-informe-de-labores-de-la-cedh\/#primaryimage"},"thumbnailUrl":"https:\/\/www.sonoraenequipo.com.mx\/storage\/2022\/05\/congreso-edificio.jpg","datePublished":"2023-03-01T19:37:45+00:00","description":"HERMOSILLO, SONORA,MX.\u2500\u2500 El presidente de la Comisi\u00f3n Estatal de Derechos Humanos (CEDH), Luis Fernando Renter\u00eda Barrag\u00e1n, compareci\u00f3 ante la Comisi\u00f3n de En Sonora en Equipo publicamos toda la informaci\u00f3n de Sonora, M\u00e9xico y el Mundo de manera oportuna y busca que la libertad de expresi\u00f3n sea real. Visita nuestro medio informativo publicado desde Hermosillo, Sonora. %","breadcrumb":{"@id":"https:\/\/www.sonoraenequipo.com.mx\/recibe-congreso-del-estado-primer-informe-de-labores-de-la-cedh\/#breadcrumb"},"inLanguage":"es","potentialAction":[{"@type":"ReadAction","target":["https:\/\/www.sonoraenequipo.com.mx\/recibe-congreso-del-estado-primer-informe-de-labores-de-la-cedh\/"]}]},{"@type":"ImageObject","inLanguage":"es","@id":"https:\/\/www.sonoraenequipo.com.mx\/recibe-congreso-del-estado-primer-informe-de-labores-de-la-cedh\/#primaryimage","url":"https:\/\/www.sonoraenequipo.com.mx\/storage\/2022\/05\/congreso-edificio.jpg","contentUrl":"https:\/\/www.sonoraenequipo.com.mx\/storage\/2022\/05\/congreso-edificio.jpg","width":700,"height":400},{"@type":"BreadcrumbList","@id":"https:\/\/www.sonoraenequipo.com.mx\/recibe-congreso-del-estado-primer-informe-de-labores-de-la-cedh\/#breadcrumb","itemListElement":[{"@type":"ListItem","position":1,"name":"Portada","item":"https:\/\/www.sonoraenequipo.com.mx\/"},{"@type":"ListItem","position":2,"name":"Recibe Congreso del Estado primer informe de labores de la CEDH"}]},{"@type":"WebSite","@id":"https:\/\/www.sonoraenequipo.com.mx\/#website","url":"https:\/\/www.sonoraenequipo.com.mx\/","name":"Sonora en Equipo.","description":"Diario en l\u00ednea con Noticias desde Hermosillo, Sonora","publisher":{"@id":"https:\/\/www.sonoraenequipo.com.mx\/#organization"},"potentialAction":[{"@type":"SearchAction","target":{"@type":"EntryPoint","urlTemplate":"https:\/\/www.sonoraenequipo.com.mx\/?s={search_term_string}"},"query-input":{"@type":"PropertyValueSpecification","valueRequired":true,"valueName":"search_term_string"}}],"inLanguage":"es"},{"@type":"Organization","@id":"https:\/\/www.sonoraenequipo.com.mx\/#organization","name":"Sonoraenequipo.com.mx","url":"https:\/\/www.sonoraenequipo.com.mx\/","logo":{"@type":"ImageObject","inLanguage":"es","@id":"https:\/\/www.sonoraenequipo.com.mx\/#\/schema\/logo\/image\/","url":"https:\/\/www.sonoraenequipo.com.mx\/storage\/2019\/01\/sonoraenequipo_opt.png","contentUrl":"https:\/\/www.sonoraenequipo.com.mx\/storage\/2019\/01\/sonoraenequipo_opt.png","width":375,"height":125,"caption":"Sonoraenequipo.com.mx"},"image":{"@id":"https:\/\/www.sonoraenequipo.com.mx\/#\/schema\/logo\/image\/"},"sameAs":["https:\/\/www.facebook.com\/SonoraEE\/","https:\/\/x.com\/sonoraenequipo","https:\/\/www.youtube.com\/channel\/UC338nW-lPEYmJQs4ZABQ1SQ"]},{"@type":"Person","@id":"https:\/\/www.sonoraenequipo.com.mx\/#\/schema\/person\/50102df0fb23a8fa9e8effad8fa81386","name":"enequipo","image":{"@type":"ImageObject","inLanguage":"es","@id":"https:\/\/www.sonoraenequipo.com.mx\/#\/schema\/person\/image\/","url":"https:\/\/secure.gravatar.com\/avatar\/049821681b589dabc0bc20695993ccebb09f5b5d4d790cd9251b97faac7c652b?s=96&d=blank&r=g","contentUrl":"https:\/\/secure.gravatar.com\/avatar\/049821681b589dabc0bc20695993ccebb09f5b5d4d790cd9251b97faac7c652b?s=96&d=blank&r=g","caption":"enequipo"},"sameAs":["https:\/\/www.facebook.com\/SonoraEE"]}]}},"jetpack_featured_media_url":"https:\/\/www.sonoraenequipo.com.mx\/storage\/2022\/05\/congreso-edificio.jpg","_links":{"self":[{"href":"https:\/\/www.sonoraenequipo.com.mx\/api\/wp\/v2\/posts\/159991","targetHints":{"allow":["GET"]}}],"collection":[{"href":"https:\/\/www.sonoraenequipo.com.mx\/api\/wp\/v2\/posts"}],"about":[{"href":"https:\/\/www.sonoraenequipo.com.mx\/api\/wp\/v2\/types\/post"}],"author":[{"embeddable":true,"href":"https:\/\/www.sonoraenequipo.com.mx\/api\/wp\/v2\/users\/1"}],"replies":[{"embeddable":true,"href":"https:\/\/www.sonoraenequipo.com.mx\/api\/wp\/v2\/comments?post=159991"}],"version-history":[{"count":1,"href":"https:\/\/www.sonoraenequipo.com.mx\/api\/wp\/v2\/posts\/159991\/revisions"}],"predecessor-version":[{"id":159992,"href":"https:\/\/www.sonoraenequipo.com.mx\/api\/wp\/v2\/posts\/159991\/revisions\/159992"}],"wp:featuredmedia":[{"embeddable":true,"href":"https:\/\/www.sonoraenequipo.com.mx\/api\/wp\/v2\/media\/138389"}],"wp:attachment":[{"href":"https:\/\/www.sonoraenequipo.com.mx\/api\/wp\/v2\/media?parent=159991"}],"wp:term":[{"taxonomy":"category","embeddable":true,"href":"https:\/\/www.sonoraenequipo.com.mx\/api\/wp\/v2\/categories?post=159991"},{"taxonomy":"post_tag","embeddable":true,"href":"https:\/\/www.sonoraenequipo.com.mx\/api\/wp\/v2\/tags?post=159991"}],"curies":[{"name":"wp","href":"https:\/\/api.w.org\/{rel}","templated":true}]}}