{"id":160126,"date":"2023-03-03T15:39:08","date_gmt":"2023-03-03T22:39:08","guid":{"rendered":"https:\/\/www.sonoraenequipo.com.mx\/?p=160126"},"modified":"2023-03-03T15:39:08","modified_gmt":"2023-03-03T22:39:08","slug":"implementaran-en-sonora-operativo-durante-spring-break","status":"publish","type":"post","link":"https:\/\/www.sonoraenequipo.com.mx\/implementaran-en-sonora-operativo-durante-spring-break\/","title":{"rendered":"Implementar\u00e1n en Sonora operativo durante \u201cSpring Break\u201d"},"content":{"rendered":"<p>\u25baSe trabajar\u00e1 en el resguardo de la integridad de vacacionistas durante este periodo; se esperan hasta 14 mil extranjeros en las principales playas del estado<\/p>\n<p><strong>PUERTO PE\u00d1ASCO, SONORA,MX.<\/strong><strong>\u2500\u2500 <\/strong>Protecci\u00f3n Civil Sonora se coordinar\u00e1 con autoridades de los tres \u00f3rdenes de gobierno, para resguardar la integridad de vacacionistas y turistas durante el \u201cSpring Break\u201d del 4 al 25 de marzo del presente a\u00f1o.<\/p>\n<p>&nbsp;<\/p>\n<p>&nbsp;<\/p>\n<p>&nbsp;<\/p>\n<p>Ra\u00fal Camarena, titular de la Zona Norte de Protecci\u00f3n Civil Sonora, particip\u00f3 en la reuni\u00f3n especial para definir el operativo especial que se desarrollar\u00e1 durante este periodo vacacional, en las principales playas del estado.<\/p>\n<p>&nbsp;<\/p>\n<p>&nbsp;<\/p>\n<p>&nbsp;<\/p>\n<p>A partir de este fin de semana y los pr\u00f3ximos d\u00edas, se espera la visita de 14 mil turistas entre nacionales y extranjeros, principalmente a Puerto Pe\u00f1asco y San Carlos, en Guaymas.<\/p>\n<p>&nbsp;<\/p>\n<p>&nbsp;<\/p>\n<p>&nbsp;<\/p>\n<p>Ra\u00fal Camarena, qui\u00e9n adem\u00e1s fue uno de los representantes del Gobierno de Sonora en esta reuni\u00f3n, llam\u00f3 a las c\u00e1maras empresariales locales y representantes de desarrollos tur\u00edsticos a realizar programas especiales en caso de realizar eventos magnos o de instalar escenarios musicales.<\/p>\n<p>&nbsp;<\/p>\n<p>&nbsp;<\/p>\n<p>&nbsp;<\/p>\n<p>Adem\u00e1s, estuvieron presentes autoridades del municipio de Puerto Pe\u00f1asco, Cruz Roja, Secretar\u00eda de Marina (Semar), Secretar\u00eda de la Defensa Nacional (Sedena), Guardia Nacional, Secretar\u00eda de Seguridad P\u00fablica de Sonora (SSP), Secretar\u00eda de Turismo, entre otros.<\/p>\n<p>&nbsp;<\/p>\n<p>&nbsp;<\/p>\n<p>&nbsp;<\/p>\n<p>Destac\u00f3 que se llevar\u00e1n a cabo operativos de vigilancia en centros nocturnos, antros y bares de la ciudad, esto con el fin de identificar riesgos en los establecimientos.<\/p>\n<p><strong><em><u>Fecha de publicaci\u00f3n viernes 3\u00a0 de marzo de 2023 con informaci\u00f3n de boletines<\/u><\/em><\/strong><\/p>\n","protected":false},"excerpt":{"rendered":"<p>\u25baSe trabajar\u00e1 en el resguardo de la integridad de vacacionistas durante este periodo; se esperan&#8230;<\/p>\n","protected":false},"author":1,"featured_media":160127,"comment_status":"open","ping_status":"open","sticky":false,"template":"","format":"standard","meta":{"_monsterinsights_skip_tracking":false,"_monsterinsights_sitenote_active":false,"_monsterinsights_sitenote_note":"","_monsterinsights_sitenote_category":0,"footnotes":""},"categories":[22],"tags":[170,15,8292],"class_list":["post"],"yoast_head":" \n<title>Sonora en Equipo. Implementar\u00e1n en Sonora operativo durante \u201cSpring Break\u201d Sonora<\/title>\n<meta name=\"description\" content=\"\u25baSe trabajar\u00e1 en el resguardo de la integridad de vacacionistas durante este periodo; se esperan hasta 14 mil extranjeros en las principales playas del En Sonora en Equipo publicamos toda la informaci\u00f3n de Sonora, M\u00e9xico y el Mundo de manera oportuna y busca que la libertad de expresi\u00f3n sea real. Visita nuestro medio informativo publicado desde Hermosillo, Sonora. %\" \/>\n<meta name=\"robots\" content=\"index, follow, max-snippet:-1, max-image-preview:large, max-video-preview:-1\" \/>\n<link rel=\"canonical\" href=\"https:\/\/www.sonoraenequipo.com.mx\/implementaran-en-sonora-operativo-durante-spring-break\/\" \/>\n<meta property=\"og:locale\" content=\"es_ES\" \/>\n<meta property=\"og:type\" content=\"article\" \/>\n<meta property=\"og:title\" content=\"Sonora en Equipo. Implementar\u00e1n en Sonora operativo durante \u201cSpring Break\u201d Sonora\" \/>\n<meta property=\"og:description\" content=\"\u25baSe trabajar\u00e1 en el resguardo de la integridad de vacacionistas durante este periodo; se esperan hasta 14 mil extranjeros en las principales playas del En Sonora en Equipo publicamos toda la informaci\u00f3n de Sonora, M\u00e9xico y el Mundo de manera oportuna y busca que la libertad de expresi\u00f3n sea real. Visita nuestro medio informativo publicado desde Hermosillo, Sonora. %\" \/>\n<meta property=\"og:url\" content=\"https:\/\/www.sonoraenequipo.com.mx\/implementaran-en-sonora-operativo-durante-spring-break\/\" \/>\n<meta property=\"og:site_name\" content=\"Sonora en Equipo.\" \/>\n<meta property=\"article:publisher\" content=\"https:\/\/www.facebook.com\/SonoraEE\/\" \/>\n<meta property=\"article:author\" content=\"https:\/\/www.facebook.com\/SonoraEE\" \/>\n<meta property=\"article:published_time\" content=\"2023-03-03T22:39:08+00:00\" \/>\n<meta property=\"og:image\" content=\"https:\/\/www.sonoraenequipo.com.mx\/storage\/2023\/03\/spring.jpg\" \/>\n\t<meta property=\"og:image:width\" content=\"600\" \/>\n\t<meta property=\"og:image:height\" content=\"400\" \/>\n\t<meta property=\"og:image:type\" content=\"image\/jpeg\" \/>\n<meta name=\"author\" content=\"enequipo\" \/>\n<meta name=\"twitter:card\" content=\"summary_large_image\" \/>\n<meta name=\"twitter:creator\" content=\"@sonoraenequipo\" \/>\n<meta name=\"twitter:site\" content=\"@sonoraenequipo\" \/>\n<meta name=\"twitter:label1\" content=\"Escrito por\" \/>\n\t<meta name=\"twitter:data1\" content=\"enequipo\" \/>\n\t<meta name=\"twitter:label2\" content=\"Tiempo de lectura\" \/>\n\t<meta name=\"twitter:data2\" content=\"1 minuto\" \/>\n<script type=\"application\/ld+json\" class=\"yoast-schema-graph\">{\"@context\":\"https:\/\/schema.org\",\"@graph\":[{\"@type\":\"Article\",\"@id\":\"https:\/\/www.sonoraenequipo.com.mx\/implementaran-en-sonora-operativo-durante-spring-break\/#article\",\"isPartOf\":{\"@id\":\"https:\/\/www.sonoraenequipo.com.mx\/implementaran-en-sonora-operativo-durante-spring-break\/\"},\"author\":{\"name\":\"enequipo\",\"@id\":\"https:\/\/www.sonoraenequipo.com.mx\/#\/schema\/person\/50102df0fb23a8fa9e8effad8fa81386\"},\"headline\":\"Implementar\u00e1n en Sonora operativo durante \u201cSpring Break\u201d\",\"datePublished\":\"2023-03-03T22:39:08+00:00\",\"mainEntityOfPage\":{\"@id\":\"https:\/\/www.sonoraenequipo.com.mx\/implementaran-en-sonora-operativo-durante-spring-break\/\"},\"wordCount\":289,\"commentCount\":0,\"publisher\":{\"@id\":\"https:\/\/www.sonoraenequipo.com.mx\/#organization\"},\"image\":{\"@id\":\"https:\/\/www.sonoraenequipo.com.mx\/implementaran-en-sonora-operativo-durante-spring-break\/#primaryimage\"},\"thumbnailUrl\":\"https:\/\/www.sonoraenequipo.com.mx\/storage\/2023\/03\/spring.jpg\",\"keywords\":[\"Seguridad\",\"Sonora\",\"spring break\"],\"articleSection\":[\"Sonora\"],\"inLanguage\":\"es\",\"potentialAction\":[{\"@type\":\"CommentAction\",\"name\":\"Comment\",\"target\":[\"https:\/\/www.sonoraenequipo.com.mx\/implementaran-en-sonora-operativo-durante-spring-break\/#respond\"]}]},{\"@type\":\"WebPage\",\"@id\":\"https:\/\/www.sonoraenequipo.com.mx\/implementaran-en-sonora-operativo-durante-spring-break\/\",\"url\":\"https:\/\/www.sonoraenequipo.com.mx\/implementaran-en-sonora-operativo-durante-spring-break\/\",\"name\":\"Sonora en Equipo. Implementar\u00e1n en Sonora operativo durante \u201cSpring Break\u201d Sonora\",\"isPartOf\":{\"@id\":\"https:\/\/www.sonoraenequipo.com.mx\/#website\"},\"primaryImageOfPage\":{\"@id\":\"https:\/\/www.sonoraenequipo.com.mx\/implementaran-en-sonora-operativo-durante-spring-break\/#primaryimage\"},\"image\":{\"@id\":\"https:\/\/www.sonoraenequipo.com.mx\/implementaran-en-sonora-operativo-durante-spring-break\/#primaryimage\"},\"thumbnailUrl\":\"https:\/\/www.sonoraenequipo.com.mx\/storage\/2023\/03\/spring.jpg\",\"datePublished\":\"2023-03-03T22:39:08+00:00\",\"description\":\"\u25baSe trabajar\u00e1 en el resguardo de la integridad de vacacionistas durante este periodo; se esperan hasta 14 mil extranjeros en las principales playas del En Sonora en Equipo publicamos toda la informaci\u00f3n de Sonora, M\u00e9xico y el Mundo de manera oportuna y busca que la libertad de expresi\u00f3n sea real. Visita nuestro medio informativo publicado desde Hermosillo, Sonora. %\",\"breadcrumb\":{\"@id\":\"https:\/\/www.sonoraenequipo.com.mx\/implementaran-en-sonora-operativo-durante-spring-break\/#breadcrumb\"},\"inLanguage\":\"es\",\"potentialAction\":[{\"@type\":\"ReadAction\",\"target\":[\"https:\/\/www.sonoraenequipo.com.mx\/implementaran-en-sonora-operativo-durante-spring-break\/\"]}]},{\"@type\":\"ImageObject\",\"inLanguage\":\"es\",\"@id\":\"https:\/\/www.sonoraenequipo.com.mx\/implementaran-en-sonora-operativo-durante-spring-break\/#primaryimage\",\"url\":\"https:\/\/www.sonoraenequipo.com.mx\/storage\/2023\/03\/spring.jpg\",\"contentUrl\":\"https:\/\/www.sonoraenequipo.com.mx\/storage\/2023\/03\/spring.jpg\",\"width\":600,\"height\":400},{\"@type\":\"BreadcrumbList\",\"@id\":\"https:\/\/www.sonoraenequipo.com.mx\/implementaran-en-sonora-operativo-durante-spring-break\/#breadcrumb\",\"itemListElement\":[{\"@type\":\"ListItem\",\"position\":1,\"name\":\"Portada\",\"item\":\"https:\/\/www.sonoraenequipo.com.mx\/\"},{\"@type\":\"ListItem\",\"position\":2,\"name\":\"Implementar\u00e1n en Sonora operativo durante \u201cSpring Break\u201d\"}]},{\"@type\":\"WebSite\",\"@id\":\"https:\/\/www.sonoraenequipo.com.mx\/#website\",\"url\":\"https:\/\/www.sonoraenequipo.com.mx\/\",\"name\":\"Sonora en Equipo.\",\"description\":\"Diario en l\u00ednea con Noticias desde Hermosillo, Sonora\",\"publisher\":{\"@id\":\"https:\/\/www.sonoraenequipo.com.mx\/#organization\"},\"potentialAction\":[{\"@type\":\"SearchAction\",\"target\":{\"@type\":\"EntryPoint\",\"urlTemplate\":\"https:\/\/www.sonoraenequipo.com.mx\/?s={search_term_string}\"},\"query-input\":{\"@type\":\"PropertyValueSpecification\",\"valueRequired\":true,\"valueName\":\"search_term_string\"}}],\"inLanguage\":\"es\"},{\"@type\":\"Organization\",\"@id\":\"https:\/\/www.sonoraenequipo.com.mx\/#organization\",\"name\":\"Sonoraenequipo.com.mx\",\"url\":\"https:\/\/www.sonoraenequipo.com.mx\/\",\"logo\":{\"@type\":\"ImageObject\",\"inLanguage\":\"es\",\"@id\":\"https:\/\/www.sonoraenequipo.com.mx\/#\/schema\/logo\/image\/\",\"url\":\"https:\/\/www.sonoraenequipo.com.mx\/storage\/2019\/01\/sonoraenequipo_opt.png\",\"contentUrl\":\"https:\/\/www.sonoraenequipo.com.mx\/storage\/2019\/01\/sonoraenequipo_opt.png\",\"width\":375,\"height\":125,\"caption\":\"Sonoraenequipo.com.mx\"},\"image\":{\"@id\":\"https:\/\/www.sonoraenequipo.com.mx\/#\/schema\/logo\/image\/\"},\"sameAs\":[\"https:\/\/www.facebook.com\/SonoraEE\/\",\"https:\/\/x.com\/sonoraenequipo\",\"https:\/\/www.youtube.com\/channel\/UC338nW-lPEYmJQs4ZABQ1SQ\"]},{\"@type\":\"Person\",\"@id\":\"https:\/\/www.sonoraenequipo.com.mx\/#\/schema\/person\/50102df0fb23a8fa9e8effad8fa81386\",\"name\":\"enequipo\",\"image\":{\"@type\":\"ImageObject\",\"inLanguage\":\"es\",\"@id\":\"https:\/\/www.sonoraenequipo.com.mx\/#\/schema\/person\/image\/\",\"url\":\"https:\/\/secure.gravatar.com\/avatar\/049821681b589dabc0bc20695993ccebb09f5b5d4d790cd9251b97faac7c652b?s=96&d=blank&r=g\",\"contentUrl\":\"https:\/\/secure.gravatar.com\/avatar\/049821681b589dabc0bc20695993ccebb09f5b5d4d790cd9251b97faac7c652b?s=96&d=blank&r=g\",\"caption\":\"enequipo\"},\"sameAs\":[\"https:\/\/www.facebook.com\/SonoraEE\"]}]}<\/script>\n ","yoast_head_json":{"title":"Sonora en Equipo. Implementar\u00e1n en Sonora operativo durante \u201cSpring Break\u201d Sonora","description":"\u25baSe trabajar\u00e1 en el resguardo de la integridad de vacacionistas durante este periodo; se esperan hasta 14 mil extranjeros en las principales playas del En Sonora en Equipo publicamos toda la informaci\u00f3n de Sonora, M\u00e9xico y el Mundo de manera oportuna y busca que la libertad de expresi\u00f3n sea real. Visita nuestro medio informativo publicado desde Hermosillo, Sonora. %","robots":{"index":"index","follow":"follow","max-snippet":"max-snippet:-1","max-image-preview":"max-image-preview:large","max-video-preview":"max-video-preview:-1"},"canonical":"https:\/\/www.sonoraenequipo.com.mx\/implementaran-en-sonora-operativo-durante-spring-break\/","og_locale":"es_ES","og_type":"article","og_title":"Sonora en Equipo. Implementar\u00e1n en Sonora operativo durante \u201cSpring Break\u201d Sonora","og_description":"\u25baSe trabajar\u00e1 en el resguardo de la integridad de vacacionistas durante este periodo; se esperan hasta 14 mil extranjeros en las principales playas del En Sonora en Equipo publicamos toda la informaci\u00f3n de Sonora, M\u00e9xico y el Mundo de manera oportuna y busca que la libertad de expresi\u00f3n sea real. Visita nuestro medio informativo publicado desde Hermosillo, Sonora. %","og_url":"https:\/\/www.sonoraenequipo.com.mx\/implementaran-en-sonora-operativo-durante-spring-break\/","og_site_name":"Sonora en Equipo.","article_publisher":"https:\/\/www.facebook.com\/SonoraEE\/","article_author":"https:\/\/www.facebook.com\/SonoraEE","article_published_time":"2023-03-03T22:39:08+00:00","og_image":[{"width":600,"height":400,"url":"https:\/\/www.sonoraenequipo.com.mx\/storage\/2023\/03\/spring.jpg","type":"image\/jpeg"}],"author":"enequipo","twitter_card":"summary_large_image","twitter_creator":"@sonoraenequipo","twitter_site":"@sonoraenequipo","twitter_misc":{"Escrito por":"enequipo","Tiempo de lectura":"1 minuto"},"schema":{"@context":"https:\/\/schema.org","@graph":[{"@type":"Article","@id":"https:\/\/www.sonoraenequipo.com.mx\/implementaran-en-sonora-operativo-durante-spring-break\/#article","isPartOf":{"@id":"https:\/\/www.sonoraenequipo.com.mx\/implementaran-en-sonora-operativo-durante-spring-break\/"},"author":{"name":"enequipo","@id":"https:\/\/www.sonoraenequipo.com.mx\/#\/schema\/person\/50102df0fb23a8fa9e8effad8fa81386"},"headline":"Implementar\u00e1n en Sonora operativo durante \u201cSpring Break\u201d","datePublished":"2023-03-03T22:39:08+00:00","mainEntityOfPage":{"@id":"https:\/\/www.sonoraenequipo.com.mx\/implementaran-en-sonora-operativo-durante-spring-break\/"},"wordCount":289,"commentCount":0,"publisher":{"@id":"https:\/\/www.sonoraenequipo.com.mx\/#organization"},"image":{"@id":"https:\/\/www.sonoraenequipo.com.mx\/implementaran-en-sonora-operativo-durante-spring-break\/#primaryimage"},"thumbnailUrl":"https:\/\/www.sonoraenequipo.com.mx\/storage\/2023\/03\/spring.jpg","keywords":["Seguridad","Sonora","spring break"],"articleSection":["Sonora"],"inLanguage":"es","potentialAction":[{"@type":"CommentAction","name":"Comment","target":["https:\/\/www.sonoraenequipo.com.mx\/implementaran-en-sonora-operativo-durante-spring-break\/#respond"]}]},{"@type":"WebPage","@id":"https:\/\/www.sonoraenequipo.com.mx\/implementaran-en-sonora-operativo-durante-spring-break\/","url":"https:\/\/www.sonoraenequipo.com.mx\/implementaran-en-sonora-operativo-durante-spring-break\/","name":"Sonora en Equipo. Implementar\u00e1n en Sonora operativo durante \u201cSpring Break\u201d Sonora","isPartOf":{"@id":"https:\/\/www.sonoraenequipo.com.mx\/#website"},"primaryImageOfPage":{"@id":"https:\/\/www.sonoraenequipo.com.mx\/implementaran-en-sonora-operativo-durante-spring-break\/#primaryimage"},"image":{"@id":"https:\/\/www.sonoraenequipo.com.mx\/implementaran-en-sonora-operativo-durante-spring-break\/#primaryimage"},"thumbnailUrl":"https:\/\/www.sonoraenequipo.com.mx\/storage\/2023\/03\/spring.jpg","datePublished":"2023-03-03T22:39:08+00:00","description":"\u25baSe trabajar\u00e1 en el resguardo de la integridad de vacacionistas durante este periodo; se esperan hasta 14 mil extranjeros en las principales playas del En Sonora en Equipo publicamos toda la informaci\u00f3n de Sonora, M\u00e9xico y el Mundo de manera oportuna y busca que la libertad de expresi\u00f3n sea real. Visita nuestro medio informativo publicado desde Hermosillo, Sonora. %","breadcrumb":{"@id":"https:\/\/www.sonoraenequipo.com.mx\/implementaran-en-sonora-operativo-durante-spring-break\/#breadcrumb"},"inLanguage":"es","potentialAction":[{"@type":"ReadAction","target":["https:\/\/www.sonoraenequipo.com.mx\/implementaran-en-sonora-operativo-durante-spring-break\/"]}]},{"@type":"ImageObject","inLanguage":"es","@id":"https:\/\/www.sonoraenequipo.com.mx\/implementaran-en-sonora-operativo-durante-spring-break\/#primaryimage","url":"https:\/\/www.sonoraenequipo.com.mx\/storage\/2023\/03\/spring.jpg","contentUrl":"https:\/\/www.sonoraenequipo.com.mx\/storage\/2023\/03\/spring.jpg","width":600,"height":400},{"@type":"BreadcrumbList","@id":"https:\/\/www.sonoraenequipo.com.mx\/implementaran-en-sonora-operativo-durante-spring-break\/#breadcrumb","itemListElement":[{"@type":"ListItem","position":1,"name":"Portada","item":"https:\/\/www.sonoraenequipo.com.mx\/"},{"@type":"ListItem","position":2,"name":"Implementar\u00e1n en Sonora operativo durante \u201cSpring Break\u201d"}]},{"@type":"WebSite","@id":"https:\/\/www.sonoraenequipo.com.mx\/#website","url":"https:\/\/www.sonoraenequipo.com.mx\/","name":"Sonora en Equipo.","description":"Diario en l\u00ednea con Noticias desde Hermosillo, Sonora","publisher":{"@id":"https:\/\/www.sonoraenequipo.com.mx\/#organization"},"potentialAction":[{"@type":"SearchAction","target":{"@type":"EntryPoint","urlTemplate":"https:\/\/www.sonoraenequipo.com.mx\/?s={search_term_string}"},"query-input":{"@type":"PropertyValueSpecification","valueRequired":true,"valueName":"search_term_string"}}],"inLanguage":"es"},{"@type":"Organization","@id":"https:\/\/www.sonoraenequipo.com.mx\/#organization","name":"Sonoraenequipo.com.mx","url":"https:\/\/www.sonoraenequipo.com.mx\/","logo":{"@type":"ImageObject","inLanguage":"es","@id":"https:\/\/www.sonoraenequipo.com.mx\/#\/schema\/logo\/image\/","url":"https:\/\/www.sonoraenequipo.com.mx\/storage\/2019\/01\/sonoraenequipo_opt.png","contentUrl":"https:\/\/www.sonoraenequipo.com.mx\/storage\/2019\/01\/sonoraenequipo_opt.png","width":375,"height":125,"caption":"Sonoraenequipo.com.mx"},"image":{"@id":"https:\/\/www.sonoraenequipo.com.mx\/#\/schema\/logo\/image\/"},"sameAs":["https:\/\/www.facebook.com\/SonoraEE\/","https:\/\/x.com\/sonoraenequipo","https:\/\/www.youtube.com\/channel\/UC338nW-lPEYmJQs4ZABQ1SQ"]},{"@type":"Person","@id":"https:\/\/www.sonoraenequipo.com.mx\/#\/schema\/person\/50102df0fb23a8fa9e8effad8fa81386","name":"enequipo","image":{"@type":"ImageObject","inLanguage":"es","@id":"https:\/\/www.sonoraenequipo.com.mx\/#\/schema\/person\/image\/","url":"https:\/\/secure.gravatar.com\/avatar\/049821681b589dabc0bc20695993ccebb09f5b5d4d790cd9251b97faac7c652b?s=96&d=blank&r=g","contentUrl":"https:\/\/secure.gravatar.com\/avatar\/049821681b589dabc0bc20695993ccebb09f5b5d4d790cd9251b97faac7c652b?s=96&d=blank&r=g","caption":"enequipo"},"sameAs":["https:\/\/www.facebook.com\/SonoraEE"]}]}},"jetpack_featured_media_url":"https:\/\/www.sonoraenequipo.com.mx\/storage\/2023\/03\/spring.jpg","_links":{"self":[{"href":"https:\/\/www.sonoraenequipo.com.mx\/api\/wp\/v2\/posts\/160126","targetHints":{"allow":["GET"]}}],"collection":[{"href":"https:\/\/www.sonoraenequipo.com.mx\/api\/wp\/v2\/posts"}],"about":[{"href":"https:\/\/www.sonoraenequipo.com.mx\/api\/wp\/v2\/types\/post"}],"author":[{"embeddable":true,"href":"https:\/\/www.sonoraenequipo.com.mx\/api\/wp\/v2\/users\/1"}],"replies":[{"embeddable":true,"href":"https:\/\/www.sonoraenequipo.com.mx\/api\/wp\/v2\/comments?post=160126"}],"version-history":[{"count":1,"href":"https:\/\/www.sonoraenequipo.com.mx\/api\/wp\/v2\/posts\/160126\/revisions"}],"predecessor-version":[{"id":160128,"href":"https:\/\/www.sonoraenequipo.com.mx\/api\/wp\/v2\/posts\/160126\/revisions\/160128"}],"wp:featuredmedia":[{"embeddable":true,"href":"https:\/\/www.sonoraenequipo.com.mx\/api\/wp\/v2\/media\/160127"}],"wp:attachment":[{"href":"https:\/\/www.sonoraenequipo.com.mx\/api\/wp\/v2\/media?parent=160126"}],"wp:term":[{"taxonomy":"category","embeddable":true,"href":"https:\/\/www.sonoraenequipo.com.mx\/api\/wp\/v2\/categories?post=160126"},{"taxonomy":"post_tag","embeddable":true,"href":"https:\/\/www.sonoraenequipo.com.mx\/api\/wp\/v2\/tags?post=160126"}],"curies":[{"name":"wp","href":"https:\/\/api.w.org\/{rel}","templated":true}]}}