{"id":160241,"date":"2023-03-07T12:40:49","date_gmt":"2023-03-07T19:40:49","guid":{"rendered":"https:\/\/www.sonoraenequipo.com.mx\/?p=160241"},"modified":"2023-03-07T12:40:49","modified_gmt":"2023-03-07T19:40:49","slug":"movimiento-ciudadano-declina-contender-en-elecciones-del-edomex-y-coahuila","status":"publish","type":"post","link":"https:\/\/www.sonoraenequipo.com.mx\/movimiento-ciudadano-declina-contender-en-elecciones-del-edomex-y-coahuila\/","title":{"rendered":"Movimiento Ciudadano declina contender en elecciones del Edomex y Coahuila"},"content":{"rendered":"<p>\u25baEl partido naranja, reacio a una alianza con los partidos de oposici\u00f3n, acusa un pacto entre Morena y el PRI para repartirse las dos gubernaturas en juego<\/p>\n<p>CIUDAD DE M\u00c9XICO.\u2500\u2500\u00a0 El partido Movimiento Ciudadano (MC) ha anunciado que no presentar\u00e1 candidatos en las elecciones que tendr\u00e1n lugar el 4 de junio de este a\u00f1o en Estado de M\u00e9xico (Edomex) y Coahuila, en las que se renovar\u00e1n las gubernaturas, ambas controladas ininterrumpidamente por el PRI desde hace casi un siglo. El partido naranja ha denunciado un pacto entre el PRI y Morena, que por primera vez ha reunido fuerza suficiente para disputar al tricolor el poder, principalmente en el Estado de M\u00e9xico, con la exsecretaria de Educaci\u00f3n Delfina G\u00f3mez como candidata. Casi todas las encuestas posicionan a G\u00f3mez, una profesora de escuela p\u00fablica, como favorita a la gubernatura sobre su rival priista, Alejandra del Moral, que fue funcionaria en la Administraci\u00f3n del mandatario saliente del Estado de M\u00e9xico, Alfredo del Mazo. MC ha acusado que el PRI y Morena han acordado un intercambio: Morena se dejar\u00eda perder en Coahuila a cambio de que el PRI le deje ganar en el Estado de M\u00e9xico. Tras el anuncio de MC, la dirigencia del tricolor ha dicho que ese partido \u201cno tuvo el valor de ser opositor\u201d al Gobierno de Andr\u00e9s Manuel L\u00f3pez Obrador, lo calific\u00f3 de cobarde y tibio y lo acus\u00f3 de favorecer a Morena. El partido del presidente, por su parte, no ha emitido posicionamientos.<\/p>\n<p>&nbsp;<\/p>\n<p>En Coahuila, el partido oficialista no logr\u00f3 formar una alianza con sus socios pol\u00edticos, el Partido Verde y el Partido del Trabajo (PT). La decisi\u00f3n de Morena de designar como abanderado al senador Armando Guadiana caus\u00f3 una sacudida interna que provoc\u00f3 que el otro aspirante fuerte, Ricardo Mej\u00eda, ex subsecretario de Seguridad federal, se apuntara al proceso electoral como candidato del PT. El Verde, por su parte, registr\u00f3 una alianza con un partido local. En contraste, el PRI s\u00ed form\u00f3 una s\u00f3lida alianza con el PAN y PRD y postul\u00f3 a Manolo Jim\u00e9nez, exsecretario de Desarrollo Social del gobernador saliente, el priista Miguel Riquelme.<\/p>\n<p>Esa pulverizaci\u00f3n del voto de izquierda en Coahuila, a decir de MC, es parte del acuerdo entre el PRI y Morena. \u201cEl pacto es evidente: en Coahuila los partidos del presidente \u2014el Verde, PT y Morena\u2014 van separados para que gane el PRI. Y en el Estado de M\u00e9xico vamos a ver a toda la maquinaria priista trabajando en favor de Morena\u201d, ha informado el partido naranja en un posicionamiento. \u201cSe pusieron de acuerdo a cambio de impunidad y para seguir viviendo del poder\u201d, ha a\u00f1adido.<\/p>\n<p>&nbsp;<\/p>\n<p>MC ha dicho que la f\u00f3rmula del supuesto pacto ya tuvo lugar en las pasadas elecciones de Campeche, Hidalgo, Oaxaca, Sonora y Sinaloa, Estados que eran gobernados por el PRI y donde las estructuras electorales del tricolor, encabezadas por los mandatarios, se habr\u00edan cruzado de brazos para dejar el camino libre a Morena, que se hizo con el poder Ejecutivo en todas esas entidades. El senador Juan Zepeda, que se perfilaba como candidato de MC en el Estado de M\u00e9xico, ha explicado que su dirigencia nacional decidi\u00f3 que el partido se hiciera a un lado para demostrar la existencia del pacto entre el PRI y Morena.<\/p>\n<p>&nbsp;<\/p>\n<p>\u201cHemos llegado a la conclusi\u00f3n de que en esta elecci\u00f3n no debemos de participar, para no ser comparsa y ser copart\u00edcipes de una farsa que seguramente ya est\u00e1 acordada y que luego nos van a acusar a nosotros de su resultado. Lo sensato en estos momentos estrat\u00e9gicos de la vida nacional y la mejor contribuci\u00f3n de MC y la m\u00eda es que demos un paso lateral y no participemos en el actual proceso electoral. Que demuestren que realmente est\u00e1n compitiendo; nosotros nos estaremos preparando para la batalla de los 2024\u2033, ha afirmado Zepeda, que fue alcalde del municipio de Nezahualc\u00f3yotl, en el oriente superpoblado del Estado de M\u00e9xico.<\/p>\n<p>&nbsp;<\/p>\n<p>El dirigente del PRI, Alejandro Moreno, Alito, ha criticado la decisi\u00f3n de MC y su rechazo a unirse a la alianza Va por M\u00e9xico, que el tricolor ha formado con el PAN y el PRD. \u201cDe nueva cuenta MC demuestra que no est\u00e1 a la altura de las crisis que vive el pa\u00eds. Cobardemente dicen hacerse a un lado, pero lo que realmente hacen es repetir el discurso que les dictan desde Morena. Una vez m\u00e1s, no tuvo el valor de ser opositor\u201d, public\u00f3 Alito Moreno en Twitter. \u201cM\u00e9xico no necesita tibiezas como las de MC. Hoy la ciudadan\u00eda y los partidos nos hemos definido en un bloque opositor, que avanza unido para defender el pa\u00eds de la destrucci\u00f3n que traen los gobiernos de Morena. \u00a1MC no pudo con el reto de enfrentarse al poder!\u201d, ha a\u00f1adido.<\/p>\n<p><strong><em><u>Fecha de publicaci\u00f3n martes 7\u00a0 de marzo de 2023 Tomado de El Pa\u00eds<\/u><\/em><\/strong><\/p>\n","protected":false},"excerpt":{"rendered":"<p>\u25baEl partido naranja, reacio a una alianza con los partidos de oposici\u00f3n, acusa un pacto&#8230;<\/p>\n","protected":false},"author":1,"featured_media":160242,"comment_status":"open","ping_status":"open","sticky":false,"template":"","format":"standard","meta":{"_monsterinsights_skip_tracking":false,"_monsterinsights_sitenote_active":false,"_monsterinsights_sitenote_note":"","_monsterinsights_sitenote_category":0,"footnotes":""},"categories":[5],"tags":[7284],"class_list":["post"],"yoast_head":" \n<title>Sonora en Equipo. Movimiento Ciudadano declina contender en elecciones del Edomex y Coahuila Rep\u00fablica<\/title>\n<meta name=\"description\" content=\"\u25baEl partido naranja, reacio a una alianza con los partidos de oposici\u00f3n, acusa un pacto entre Morena y el PRI para repartirse las dos gubernaturas en En Sonora en Equipo publicamos toda la informaci\u00f3n de Sonora, M\u00e9xico y el Mundo de manera oportuna y busca que la libertad de expresi\u00f3n sea real. Visita nuestro medio informativo publicado desde Hermosillo, Sonora. %\" \/>\n<meta name=\"robots\" content=\"index, follow, max-snippet:-1, max-image-preview:large, max-video-preview:-1\" \/>\n<link rel=\"canonical\" href=\"https:\/\/www.sonoraenequipo.com.mx\/movimiento-ciudadano-declina-contender-en-elecciones-del-edomex-y-coahuila\/\" \/>\n<meta property=\"og:locale\" content=\"es_ES\" \/>\n<meta property=\"og:type\" content=\"article\" \/>\n<meta property=\"og:title\" content=\"Sonora en Equipo. Movimiento Ciudadano declina contender en elecciones del Edomex y Coahuila Rep\u00fablica\" \/>\n<meta property=\"og:description\" content=\"\u25baEl partido naranja, reacio a una alianza con los partidos de oposici\u00f3n, acusa un pacto entre Morena y el PRI para repartirse las dos gubernaturas en En Sonora en Equipo publicamos toda la informaci\u00f3n de Sonora, M\u00e9xico y el Mundo de manera oportuna y busca que la libertad de expresi\u00f3n sea real. Visita nuestro medio informativo publicado desde Hermosillo, Sonora. %\" \/>\n<meta property=\"og:url\" content=\"https:\/\/www.sonoraenequipo.com.mx\/movimiento-ciudadano-declina-contender-en-elecciones-del-edomex-y-coahuila\/\" \/>\n<meta property=\"og:site_name\" content=\"Sonora en Equipo.\" \/>\n<meta property=\"article:publisher\" content=\"https:\/\/www.facebook.com\/SonoraEE\/\" \/>\n<meta property=\"article:author\" content=\"https:\/\/www.facebook.com\/SonoraEE\" \/>\n<meta property=\"article:published_time\" content=\"2023-03-07T19:40:49+00:00\" \/>\n<meta property=\"og:image\" content=\"https:\/\/www.sonoraenequipo.com.mx\/storage\/2023\/03\/mc.jpg\" \/>\n\t<meta property=\"og:image:width\" content=\"600\" \/>\n\t<meta property=\"og:image:height\" content=\"400\" \/>\n\t<meta property=\"og:image:type\" content=\"image\/jpeg\" \/>\n<meta name=\"author\" content=\"enequipo\" \/>\n<meta name=\"twitter:card\" content=\"summary_large_image\" \/>\n<meta name=\"twitter:creator\" content=\"@sonoraenequipo\" \/>\n<meta name=\"twitter:site\" content=\"@sonoraenequipo\" \/>\n<meta name=\"twitter:label1\" content=\"Escrito por\" \/>\n\t<meta name=\"twitter:data1\" content=\"enequipo\" \/>\n\t<meta name=\"twitter:label2\" content=\"Tiempo de lectura\" \/>\n\t<meta name=\"twitter:data2\" content=\"4 minutos\" \/>\n<script type=\"application\/ld+json\" class=\"yoast-schema-graph\">{\"@context\":\"https:\/\/schema.org\",\"@graph\":[{\"@type\":\"Article\",\"@id\":\"https:\/\/www.sonoraenequipo.com.mx\/movimiento-ciudadano-declina-contender-en-elecciones-del-edomex-y-coahuila\/#article\",\"isPartOf\":{\"@id\":\"https:\/\/www.sonoraenequipo.com.mx\/movimiento-ciudadano-declina-contender-en-elecciones-del-edomex-y-coahuila\/\"},\"author\":{\"name\":\"enequipo\",\"@id\":\"https:\/\/www.sonoraenequipo.com.mx\/#\/schema\/person\/50102df0fb23a8fa9e8effad8fa81386\"},\"headline\":\"Movimiento Ciudadano declina contender en elecciones del Edomex y Coahuila\",\"datePublished\":\"2023-03-07T19:40:49+00:00\",\"mainEntityOfPage\":{\"@id\":\"https:\/\/www.sonoraenequipo.com.mx\/movimiento-ciudadano-declina-contender-en-elecciones-del-edomex-y-coahuila\/\"},\"wordCount\":856,\"commentCount\":0,\"publisher\":{\"@id\":\"https:\/\/www.sonoraenequipo.com.mx\/#organization\"},\"image\":{\"@id\":\"https:\/\/www.sonoraenequipo.com.mx\/movimiento-ciudadano-declina-contender-en-elecciones-del-edomex-y-coahuila\/#primaryimage\"},\"thumbnailUrl\":\"https:\/\/www.sonoraenequipo.com.mx\/storage\/2023\/03\/mc.jpg\",\"keywords\":[\"elecciones 2023\"],\"articleSection\":[\"Rep\u00fablica\"],\"inLanguage\":\"es\",\"potentialAction\":[{\"@type\":\"CommentAction\",\"name\":\"Comment\",\"target\":[\"https:\/\/www.sonoraenequipo.com.mx\/movimiento-ciudadano-declina-contender-en-elecciones-del-edomex-y-coahuila\/#respond\"]}]},{\"@type\":\"WebPage\",\"@id\":\"https:\/\/www.sonoraenequipo.com.mx\/movimiento-ciudadano-declina-contender-en-elecciones-del-edomex-y-coahuila\/\",\"url\":\"https:\/\/www.sonoraenequipo.com.mx\/movimiento-ciudadano-declina-contender-en-elecciones-del-edomex-y-coahuila\/\",\"name\":\"Sonora en Equipo. Movimiento Ciudadano declina contender en elecciones del Edomex y Coahuila Rep\u00fablica\",\"isPartOf\":{\"@id\":\"https:\/\/www.sonoraenequipo.com.mx\/#website\"},\"primaryImageOfPage\":{\"@id\":\"https:\/\/www.sonoraenequipo.com.mx\/movimiento-ciudadano-declina-contender-en-elecciones-del-edomex-y-coahuila\/#primaryimage\"},\"image\":{\"@id\":\"https:\/\/www.sonoraenequipo.com.mx\/movimiento-ciudadano-declina-contender-en-elecciones-del-edomex-y-coahuila\/#primaryimage\"},\"thumbnailUrl\":\"https:\/\/www.sonoraenequipo.com.mx\/storage\/2023\/03\/mc.jpg\",\"datePublished\":\"2023-03-07T19:40:49+00:00\",\"description\":\"\u25baEl partido naranja, reacio a una alianza con los partidos de oposici\u00f3n, acusa un pacto entre Morena y el PRI para repartirse las dos gubernaturas en En Sonora en Equipo publicamos toda la informaci\u00f3n de Sonora, M\u00e9xico y el Mundo de manera oportuna y busca que la libertad de expresi\u00f3n sea real. Visita nuestro medio informativo publicado desde Hermosillo, Sonora. %\",\"breadcrumb\":{\"@id\":\"https:\/\/www.sonoraenequipo.com.mx\/movimiento-ciudadano-declina-contender-en-elecciones-del-edomex-y-coahuila\/#breadcrumb\"},\"inLanguage\":\"es\",\"potentialAction\":[{\"@type\":\"ReadAction\",\"target\":[\"https:\/\/www.sonoraenequipo.com.mx\/movimiento-ciudadano-declina-contender-en-elecciones-del-edomex-y-coahuila\/\"]}]},{\"@type\":\"ImageObject\",\"inLanguage\":\"es\",\"@id\":\"https:\/\/www.sonoraenequipo.com.mx\/movimiento-ciudadano-declina-contender-en-elecciones-del-edomex-y-coahuila\/#primaryimage\",\"url\":\"https:\/\/www.sonoraenequipo.com.mx\/storage\/2023\/03\/mc.jpg\",\"contentUrl\":\"https:\/\/www.sonoraenequipo.com.mx\/storage\/2023\/03\/mc.jpg\",\"width\":600,\"height\":400},{\"@type\":\"BreadcrumbList\",\"@id\":\"https:\/\/www.sonoraenequipo.com.mx\/movimiento-ciudadano-declina-contender-en-elecciones-del-edomex-y-coahuila\/#breadcrumb\",\"itemListElement\":[{\"@type\":\"ListItem\",\"position\":1,\"name\":\"Portada\",\"item\":\"https:\/\/www.sonoraenequipo.com.mx\/\"},{\"@type\":\"ListItem\",\"position\":2,\"name\":\"Movimiento Ciudadano declina contender en elecciones del Edomex y Coahuila\"}]},{\"@type\":\"WebSite\",\"@id\":\"https:\/\/www.sonoraenequipo.com.mx\/#website\",\"url\":\"https:\/\/www.sonoraenequipo.com.mx\/\",\"name\":\"Sonora en Equipo.\",\"description\":\"Diario en l\u00ednea con Noticias desde Hermosillo, Sonora\",\"publisher\":{\"@id\":\"https:\/\/www.sonoraenequipo.com.mx\/#organization\"},\"potentialAction\":[{\"@type\":\"SearchAction\",\"target\":{\"@type\":\"EntryPoint\",\"urlTemplate\":\"https:\/\/www.sonoraenequipo.com.mx\/?s={search_term_string}\"},\"query-input\":{\"@type\":\"PropertyValueSpecification\",\"valueRequired\":true,\"valueName\":\"search_term_string\"}}],\"inLanguage\":\"es\"},{\"@type\":\"Organization\",\"@id\":\"https:\/\/www.sonoraenequipo.com.mx\/#organization\",\"name\":\"Sonoraenequipo.com.mx\",\"url\":\"https:\/\/www.sonoraenequipo.com.mx\/\",\"logo\":{\"@type\":\"ImageObject\",\"inLanguage\":\"es\",\"@id\":\"https:\/\/www.sonoraenequipo.com.mx\/#\/schema\/logo\/image\/\",\"url\":\"https:\/\/www.sonoraenequipo.com.mx\/storage\/2019\/01\/sonoraenequipo_opt.png\",\"contentUrl\":\"https:\/\/www.sonoraenequipo.com.mx\/storage\/2019\/01\/sonoraenequipo_opt.png\",\"width\":375,\"height\":125,\"caption\":\"Sonoraenequipo.com.mx\"},\"image\":{\"@id\":\"https:\/\/www.sonoraenequipo.com.mx\/#\/schema\/logo\/image\/\"},\"sameAs\":[\"https:\/\/www.facebook.com\/SonoraEE\/\",\"https:\/\/x.com\/sonoraenequipo\",\"https:\/\/www.youtube.com\/channel\/UC338nW-lPEYmJQs4ZABQ1SQ\"]},{\"@type\":\"Person\",\"@id\":\"https:\/\/www.sonoraenequipo.com.mx\/#\/schema\/person\/50102df0fb23a8fa9e8effad8fa81386\",\"name\":\"enequipo\",\"image\":{\"@type\":\"ImageObject\",\"inLanguage\":\"es\",\"@id\":\"https:\/\/www.sonoraenequipo.com.mx\/#\/schema\/person\/image\/\",\"url\":\"https:\/\/secure.gravatar.com\/avatar\/049821681b589dabc0bc20695993ccebb09f5b5d4d790cd9251b97faac7c652b?s=96&d=blank&r=g\",\"contentUrl\":\"https:\/\/secure.gravatar.com\/avatar\/049821681b589dabc0bc20695993ccebb09f5b5d4d790cd9251b97faac7c652b?s=96&d=blank&r=g\",\"caption\":\"enequipo\"},\"sameAs\":[\"https:\/\/www.facebook.com\/SonoraEE\"]}]}<\/script>\n ","yoast_head_json":{"title":"Sonora en Equipo. Movimiento Ciudadano declina contender en elecciones del Edomex y Coahuila Rep\u00fablica","description":"\u25baEl partido naranja, reacio a una alianza con los partidos de oposici\u00f3n, acusa un pacto entre Morena y el PRI para repartirse las dos gubernaturas en En Sonora en Equipo publicamos toda la informaci\u00f3n de Sonora, M\u00e9xico y el Mundo de manera oportuna y busca que la libertad de expresi\u00f3n sea real. Visita nuestro medio informativo publicado desde Hermosillo, Sonora. %","robots":{"index":"index","follow":"follow","max-snippet":"max-snippet:-1","max-image-preview":"max-image-preview:large","max-video-preview":"max-video-preview:-1"},"canonical":"https:\/\/www.sonoraenequipo.com.mx\/movimiento-ciudadano-declina-contender-en-elecciones-del-edomex-y-coahuila\/","og_locale":"es_ES","og_type":"article","og_title":"Sonora en Equipo. Movimiento Ciudadano declina contender en elecciones del Edomex y Coahuila Rep\u00fablica","og_description":"\u25baEl partido naranja, reacio a una alianza con los partidos de oposici\u00f3n, acusa un pacto entre Morena y el PRI para repartirse las dos gubernaturas en En Sonora en Equipo publicamos toda la informaci\u00f3n de Sonora, M\u00e9xico y el Mundo de manera oportuna y busca que la libertad de expresi\u00f3n sea real. Visita nuestro medio informativo publicado desde Hermosillo, Sonora. %","og_url":"https:\/\/www.sonoraenequipo.com.mx\/movimiento-ciudadano-declina-contender-en-elecciones-del-edomex-y-coahuila\/","og_site_name":"Sonora en Equipo.","article_publisher":"https:\/\/www.facebook.com\/SonoraEE\/","article_author":"https:\/\/www.facebook.com\/SonoraEE","article_published_time":"2023-03-07T19:40:49+00:00","og_image":[{"width":600,"height":400,"url":"https:\/\/www.sonoraenequipo.com.mx\/storage\/2023\/03\/mc.jpg","type":"image\/jpeg"}],"author":"enequipo","twitter_card":"summary_large_image","twitter_creator":"@sonoraenequipo","twitter_site":"@sonoraenequipo","twitter_misc":{"Escrito por":"enequipo","Tiempo de lectura":"4 minutos"},"schema":{"@context":"https:\/\/schema.org","@graph":[{"@type":"Article","@id":"https:\/\/www.sonoraenequipo.com.mx\/movimiento-ciudadano-declina-contender-en-elecciones-del-edomex-y-coahuila\/#article","isPartOf":{"@id":"https:\/\/www.sonoraenequipo.com.mx\/movimiento-ciudadano-declina-contender-en-elecciones-del-edomex-y-coahuila\/"},"author":{"name":"enequipo","@id":"https:\/\/www.sonoraenequipo.com.mx\/#\/schema\/person\/50102df0fb23a8fa9e8effad8fa81386"},"headline":"Movimiento Ciudadano declina contender en elecciones del Edomex y Coahuila","datePublished":"2023-03-07T19:40:49+00:00","mainEntityOfPage":{"@id":"https:\/\/www.sonoraenequipo.com.mx\/movimiento-ciudadano-declina-contender-en-elecciones-del-edomex-y-coahuila\/"},"wordCount":856,"commentCount":0,"publisher":{"@id":"https:\/\/www.sonoraenequipo.com.mx\/#organization"},"image":{"@id":"https:\/\/www.sonoraenequipo.com.mx\/movimiento-ciudadano-declina-contender-en-elecciones-del-edomex-y-coahuila\/#primaryimage"},"thumbnailUrl":"https:\/\/www.sonoraenequipo.com.mx\/storage\/2023\/03\/mc.jpg","keywords":["elecciones 2023"],"articleSection":["Rep\u00fablica"],"inLanguage":"es","potentialAction":[{"@type":"CommentAction","name":"Comment","target":["https:\/\/www.sonoraenequipo.com.mx\/movimiento-ciudadano-declina-contender-en-elecciones-del-edomex-y-coahuila\/#respond"]}]},{"@type":"WebPage","@id":"https:\/\/www.sonoraenequipo.com.mx\/movimiento-ciudadano-declina-contender-en-elecciones-del-edomex-y-coahuila\/","url":"https:\/\/www.sonoraenequipo.com.mx\/movimiento-ciudadano-declina-contender-en-elecciones-del-edomex-y-coahuila\/","name":"Sonora en Equipo. Movimiento Ciudadano declina contender en elecciones del Edomex y Coahuila Rep\u00fablica","isPartOf":{"@id":"https:\/\/www.sonoraenequipo.com.mx\/#website"},"primaryImageOfPage":{"@id":"https:\/\/www.sonoraenequipo.com.mx\/movimiento-ciudadano-declina-contender-en-elecciones-del-edomex-y-coahuila\/#primaryimage"},"image":{"@id":"https:\/\/www.sonoraenequipo.com.mx\/movimiento-ciudadano-declina-contender-en-elecciones-del-edomex-y-coahuila\/#primaryimage"},"thumbnailUrl":"https:\/\/www.sonoraenequipo.com.mx\/storage\/2023\/03\/mc.jpg","datePublished":"2023-03-07T19:40:49+00:00","description":"\u25baEl partido naranja, reacio a una alianza con los partidos de oposici\u00f3n, acusa un pacto entre Morena y el PRI para repartirse las dos gubernaturas en En Sonora en Equipo publicamos toda la informaci\u00f3n de Sonora, M\u00e9xico y el Mundo de manera oportuna y busca que la libertad de expresi\u00f3n sea real. Visita nuestro medio informativo publicado desde Hermosillo, Sonora. %","breadcrumb":{"@id":"https:\/\/www.sonoraenequipo.com.mx\/movimiento-ciudadano-declina-contender-en-elecciones-del-edomex-y-coahuila\/#breadcrumb"},"inLanguage":"es","potentialAction":[{"@type":"ReadAction","target":["https:\/\/www.sonoraenequipo.com.mx\/movimiento-ciudadano-declina-contender-en-elecciones-del-edomex-y-coahuila\/"]}]},{"@type":"ImageObject","inLanguage":"es","@id":"https:\/\/www.sonoraenequipo.com.mx\/movimiento-ciudadano-declina-contender-en-elecciones-del-edomex-y-coahuila\/#primaryimage","url":"https:\/\/www.sonoraenequipo.com.mx\/storage\/2023\/03\/mc.jpg","contentUrl":"https:\/\/www.sonoraenequipo.com.mx\/storage\/2023\/03\/mc.jpg","width":600,"height":400},{"@type":"BreadcrumbList","@id":"https:\/\/www.sonoraenequipo.com.mx\/movimiento-ciudadano-declina-contender-en-elecciones-del-edomex-y-coahuila\/#breadcrumb","itemListElement":[{"@type":"ListItem","position":1,"name":"Portada","item":"https:\/\/www.sonoraenequipo.com.mx\/"},{"@type":"ListItem","position":2,"name":"Movimiento Ciudadano declina contender en elecciones del Edomex y Coahuila"}]},{"@type":"WebSite","@id":"https:\/\/www.sonoraenequipo.com.mx\/#website","url":"https:\/\/www.sonoraenequipo.com.mx\/","name":"Sonora en Equipo.","description":"Diario en l\u00ednea con Noticias desde Hermosillo, Sonora","publisher":{"@id":"https:\/\/www.sonoraenequipo.com.mx\/#organization"},"potentialAction":[{"@type":"SearchAction","target":{"@type":"EntryPoint","urlTemplate":"https:\/\/www.sonoraenequipo.com.mx\/?s={search_term_string}"},"query-input":{"@type":"PropertyValueSpecification","valueRequired":true,"valueName":"search_term_string"}}],"inLanguage":"es"},{"@type":"Organization","@id":"https:\/\/www.sonoraenequipo.com.mx\/#organization","name":"Sonoraenequipo.com.mx","url":"https:\/\/www.sonoraenequipo.com.mx\/","logo":{"@type":"ImageObject","inLanguage":"es","@id":"https:\/\/www.sonoraenequipo.com.mx\/#\/schema\/logo\/image\/","url":"https:\/\/www.sonoraenequipo.com.mx\/storage\/2019\/01\/sonoraenequipo_opt.png","contentUrl":"https:\/\/www.sonoraenequipo.com.mx\/storage\/2019\/01\/sonoraenequipo_opt.png","width":375,"height":125,"caption":"Sonoraenequipo.com.mx"},"image":{"@id":"https:\/\/www.sonoraenequipo.com.mx\/#\/schema\/logo\/image\/"},"sameAs":["https:\/\/www.facebook.com\/SonoraEE\/","https:\/\/x.com\/sonoraenequipo","https:\/\/www.youtube.com\/channel\/UC338nW-lPEYmJQs4ZABQ1SQ"]},{"@type":"Person","@id":"https:\/\/www.sonoraenequipo.com.mx\/#\/schema\/person\/50102df0fb23a8fa9e8effad8fa81386","name":"enequipo","image":{"@type":"ImageObject","inLanguage":"es","@id":"https:\/\/www.sonoraenequipo.com.mx\/#\/schema\/person\/image\/","url":"https:\/\/secure.gravatar.com\/avatar\/049821681b589dabc0bc20695993ccebb09f5b5d4d790cd9251b97faac7c652b?s=96&d=blank&r=g","contentUrl":"https:\/\/secure.gravatar.com\/avatar\/049821681b589dabc0bc20695993ccebb09f5b5d4d790cd9251b97faac7c652b?s=96&d=blank&r=g","caption":"enequipo"},"sameAs":["https:\/\/www.facebook.com\/SonoraEE"]}]}},"jetpack_featured_media_url":"https:\/\/www.sonoraenequipo.com.mx\/storage\/2023\/03\/mc.jpg","_links":{"self":[{"href":"https:\/\/www.sonoraenequipo.com.mx\/api\/wp\/v2\/posts\/160241","targetHints":{"allow":["GET"]}}],"collection":[{"href":"https:\/\/www.sonoraenequipo.com.mx\/api\/wp\/v2\/posts"}],"about":[{"href":"https:\/\/www.sonoraenequipo.com.mx\/api\/wp\/v2\/types\/post"}],"author":[{"embeddable":true,"href":"https:\/\/www.sonoraenequipo.com.mx\/api\/wp\/v2\/users\/1"}],"replies":[{"embeddable":true,"href":"https:\/\/www.sonoraenequipo.com.mx\/api\/wp\/v2\/comments?post=160241"}],"version-history":[{"count":1,"href":"https:\/\/www.sonoraenequipo.com.mx\/api\/wp\/v2\/posts\/160241\/revisions"}],"predecessor-version":[{"id":160243,"href":"https:\/\/www.sonoraenequipo.com.mx\/api\/wp\/v2\/posts\/160241\/revisions\/160243"}],"wp:featuredmedia":[{"embeddable":true,"href":"https:\/\/www.sonoraenequipo.com.mx\/api\/wp\/v2\/media\/160242"}],"wp:attachment":[{"href":"https:\/\/www.sonoraenequipo.com.mx\/api\/wp\/v2\/media?parent=160241"}],"wp:term":[{"taxonomy":"category","embeddable":true,"href":"https:\/\/www.sonoraenequipo.com.mx\/api\/wp\/v2\/categories?post=160241"},{"taxonomy":"post_tag","embeddable":true,"href":"https:\/\/www.sonoraenequipo.com.mx\/api\/wp\/v2\/tags?post=160241"}],"curies":[{"name":"wp","href":"https:\/\/api.w.org\/{rel}","templated":true}]}}