{"id":160304,"date":"2023-03-07T10:12:06","date_gmt":"2023-03-07T17:12:06","guid":{"rendered":"https:\/\/www.sonoraenequipo.com.mx\/?p=160304"},"modified":"2023-03-07T21:52:39","modified_gmt":"2023-03-08T04:52:39","slug":"hallan-a-los-4-estadounidenses-secuestrados-2-muertos-y-un-herido","status":"publish","type":"post","link":"https:\/\/www.sonoraenequipo.com.mx\/hallan-a-los-4-estadounidenses-secuestrados-2-muertos-y-un-herido\/","title":{"rendered":"Hallan a los 4 estadounidenses secuestrados; 2 muertos y un herido"},"content":{"rendered":"<p><strong>CIUDAD DE M\u00c9XICO. MX. \u2014<\/strong> El presidente Andr\u00e9s Manuel L\u00f3pez Obrador recibi\u00f3 una llamada telef\u00f3nica del gobernador Am\u00e9rico Villarreal Anaya, quien le inform\u00f3 sobre la situaci\u00f3n.<\/p>\n<p>&nbsp;<\/p>\n<p> <\/p>\n<p>&nbsp;<\/p>\n<p>Al recibir reportes del posible paradero de las cuatro personas de origen estadounidense, personal de la Fiscal\u00eda General de Justicia del Estado se traslad\u00f3 al sitio, en donde se confirm\u00f3 la muerte de dos de ellos, mientras que uno presentaba lesiones y otro m\u00e1s estaba sin heridas.<\/p>\n<p>&nbsp;<\/p>\n<p>&nbsp;<\/p>\n<p>Hasta el momento se desconoce el lugar en donde fueron ubicados, ni los nombres de los ciudadanos americanos.<\/p>\n<p>&nbsp;<\/p>\n<p>&nbsp;<\/p>\n<p>Por su parte, el presidente adelant\u00f3 que la informaci\u00f3n se extender\u00e1 en las pr\u00f3ximas horas.<\/p>\n<p>&nbsp;<\/p>\n<p>&nbsp;<\/p>\n<p><img loading=\"lazy\" decoding=\"async\" class=\" size-large x-left\" src=\"https:\/\/www.sonoraenequipo.com.mx\/storage\/2023\/03\/norteamericanos-encontrados-en-matamoros-min-575x480.jpg\" alt=\"\" width=\"575\" height=\"480\" \/>Autoridades Federales y Estatales iniciaron una serie de operativos en la ciudad fronteriza de Matamoros en busca de los cuatro norteamericanos que fueron reportados como secuestrados por parte de las autoridades de Estados Unidos.<\/p>\n<p>&nbsp;<\/p>\n<p>&nbsp;<\/p>\n<p>La poblaci\u00f3n a trav\u00e9s de las redes sociales ha venido reportando la presencia de elementos de la Sedena, Marina, Fiscal\u00eda y Guardia Estatal quienes realizaron diversos recorridos en busca de estas personas que fueron secuestradas aparentemente el pasado 3 de marzo.<\/p>\n<p>&nbsp;<\/p>\n<p>&nbsp;<\/p>\n<p>En convoy de m\u00e1s de 20 unidades de las diferentes corporaciones, se observan recorriendo las principales avenidas de aquella ciudad, adem\u00e1s de llegar a ciertos lugares en donde catearon casas y algunas parcelas.<\/p>\n<p>&nbsp;<\/p>\n<p>La cadena ABC News identific\u00f3 a los estadounidenses que desaparecieron el pasado viernes 3 de marzo en Matamoros, Tamaulipas.<\/p>\n<p>&nbsp;<\/p>\n<p>Se trata de Latavia \u00abTay\u00bb McGee, Shaeed Woodard, Zindell Brown y Eric James Williams.<\/p>\n<p>&nbsp;<\/p>\n<p>Barbara Burgess, de 54 a\u00f1os y madre de Latavia, dijo que su hija viaj\u00f3 a Matamoros acompa\u00f1ada de su primo Shaeed para someterse a un \u00abprocedimiento m\u00e9dico cosm\u00e9tico\u00bb. Los otros dos secuestrados, dijo Burgess, son amigos de su hija.<\/p>\n<p>&nbsp;<\/p>\n<p>Una licencia perteneciente a Williams, quien conduc\u00eda la furgoneta, fue encontrada en la escena, dijeron fuentes cercanas a la investigaci\u00f3n.<\/p>\n<p>&nbsp;<\/p>\n<p>Burgess asegur\u00f3 a ABC que ella le pidi\u00f3 a su hija que no viajara a M\u00e9xico. \u00abMam\u00e1, estar\u00e9 bien\u00bb, le respondi\u00f3 Latavia, antes de partir.<\/p>\n<p>&nbsp;<\/p>\n<p>La mujer confirm\u00f3 al FBI que Williams era la persona con la que su hija y su sobrino viajaron a M\u00e9xico.<\/p>\n<p>&nbsp;<\/p>\n<p>Burgess dijo tambi\u00e9n que su hija se comunic\u00f3 el viernes con ella y le coment\u00f3 que estaba a unos 15 minutos del consultorio del doctor. Sin embargo, cuando la madre intent\u00f3 comunicarse con ella m\u00e1s tarde, no pudo localizarla.<\/p>\n<p>&nbsp;<\/p>\n<p>\u00abSu tel\u00e9fono me mandaba directo a buz\u00f3n\u00bb, dijo a ABC News.<\/p>\n<p>&nbsp;<\/p>\n<p><iframe loading=\"lazy\" title=\"An\u00e1lisis de ma\u00edz transg\u00e9nico permitir\u00e1 conocer impacto en la salud. Conferencia presidente AMLO\" width=\"640\" height=\"360\" src=\"https:\/\/www.youtube.com\/embed\/LMms4zloAvc?start=1394&#038;feature=oembed\" frameborder=\"0\" allow=\"accelerometer; autoplay; clipboard-write; encrypted-media; gyroscope; picture-in-picture; web-share\" referrerpolicy=\"strict-origin-when-cross-origin\" allowfullscreen><\/iframe><\/p>\n<p>PUBLICADO EL 07 DE MARZO 2023 Con informaci\u00f3n de ABC News y Conferencia presidencial)<\/p>\n","protected":false},"excerpt":{"rendered":"<p>CIUDAD DE M\u00c9XICO. MX. \u2014 El presidente Andr\u00e9s Manuel L\u00f3pez Obrador recibi\u00f3 una llamada telef\u00f3nica&#8230;<\/p>\n","protected":false},"author":1,"featured_media":160305,"comment_status":"open","ping_status":"open","sticky":false,"template":"","format":"standard","meta":{"_monsterinsights_skip_tracking":false,"_monsterinsights_sitenote_active":false,"_monsterinsights_sitenote_note":"","_monsterinsights_sitenote_category":0,"footnotes":""},"categories":[5],"tags":[],"class_list":["post"],"yoast_head":" \n<title>Sonora en Equipo. Hallan a los 4 estadounidenses secuestrados; 2 muertos y un herido Rep\u00fablica<\/title>\n<meta name=\"description\" content=\"CIUDAD DE M\u00c9XICO. MX. \u2014 El presidente Andr\u00e9s Manuel L\u00f3pez Obrador recibi\u00f3 una llamada telef\u00f3nica del gobernador Am\u00e9rico Villarreal Anaya, quien le inform\u00f3 En Sonora en Equipo publicamos toda la informaci\u00f3n de Sonora, M\u00e9xico y el Mundo de manera oportuna y busca que la libertad de expresi\u00f3n sea real. Visita nuestro medio informativo publicado desde Hermosillo, Sonora. %\" \/>\n<meta name=\"robots\" content=\"index, follow, max-snippet:-1, max-image-preview:large, max-video-preview:-1\" \/>\n<link rel=\"canonical\" href=\"https:\/\/www.sonoraenequipo.com.mx\/hallan-a-los-4-estadounidenses-secuestrados-2-muertos-y-un-herido\/\" \/>\n<meta property=\"og:locale\" content=\"es_ES\" \/>\n<meta property=\"og:type\" content=\"article\" \/>\n<meta property=\"og:title\" content=\"Sonora en Equipo. Hallan a los 4 estadounidenses secuestrados; 2 muertos y un herido Rep\u00fablica\" \/>\n<meta property=\"og:description\" content=\"CIUDAD DE M\u00c9XICO. MX. \u2014 El presidente Andr\u00e9s Manuel L\u00f3pez Obrador recibi\u00f3 una llamada telef\u00f3nica del gobernador Am\u00e9rico Villarreal Anaya, quien le inform\u00f3 En Sonora en Equipo publicamos toda la informaci\u00f3n de Sonora, M\u00e9xico y el Mundo de manera oportuna y busca que la libertad de expresi\u00f3n sea real. Visita nuestro medio informativo publicado desde Hermosillo, Sonora. %\" \/>\n<meta property=\"og:url\" content=\"https:\/\/www.sonoraenequipo.com.mx\/hallan-a-los-4-estadounidenses-secuestrados-2-muertos-y-un-herido\/\" \/>\n<meta property=\"og:site_name\" content=\"Sonora en Equipo.\" \/>\n<meta property=\"article:publisher\" content=\"https:\/\/www.facebook.com\/SonoraEE\/\" \/>\n<meta property=\"article:author\" content=\"https:\/\/www.facebook.com\/SonoraEE\" \/>\n<meta property=\"article:published_time\" content=\"2023-03-07T17:12:06+00:00\" \/>\n<meta property=\"article:modified_time\" content=\"2023-03-08T04:52:39+00:00\" \/>\n<meta property=\"og:image\" content=\"https:\/\/www.sonoraenequipo.com.mx\/storage\/2023\/03\/estadounidenses-muertos-en-tamaulipas-min.jpg\" \/>\n\t<meta property=\"og:image:width\" content=\"730\" \/>\n\t<meta property=\"og:image:height\" content=\"500\" \/>\n\t<meta property=\"og:image:type\" content=\"image\/jpeg\" \/>\n<meta name=\"author\" content=\"enequipo\" \/>\n<meta name=\"twitter:card\" content=\"summary_large_image\" \/>\n<meta name=\"twitter:creator\" content=\"@sonoraenequipo\" \/>\n<meta name=\"twitter:site\" content=\"@sonoraenequipo\" \/>\n<meta name=\"twitter:label1\" content=\"Escrito por\" \/>\n\t<meta name=\"twitter:data1\" content=\"enequipo\" \/>\n\t<meta name=\"twitter:label2\" content=\"Tiempo de lectura\" \/>\n\t<meta name=\"twitter:data2\" content=\"2 minutos\" \/>\n<script type=\"application\/ld+json\" class=\"yoast-schema-graph\">{\"@context\":\"https:\/\/schema.org\",\"@graph\":[{\"@type\":\"Article\",\"@id\":\"https:\/\/www.sonoraenequipo.com.mx\/hallan-a-los-4-estadounidenses-secuestrados-2-muertos-y-un-herido\/#article\",\"isPartOf\":{\"@id\":\"https:\/\/www.sonoraenequipo.com.mx\/hallan-a-los-4-estadounidenses-secuestrados-2-muertos-y-un-herido\/\"},\"author\":{\"name\":\"enequipo\",\"@id\":\"https:\/\/www.sonoraenequipo.com.mx\/#\/schema\/person\/50102df0fb23a8fa9e8effad8fa81386\"},\"headline\":\"Hallan a los 4 estadounidenses secuestrados; 2 muertos y un herido\",\"datePublished\":\"2023-03-07T17:12:06+00:00\",\"dateModified\":\"2023-03-08T04:52:39+00:00\",\"mainEntityOfPage\":{\"@id\":\"https:\/\/www.sonoraenequipo.com.mx\/hallan-a-los-4-estadounidenses-secuestrados-2-muertos-y-un-herido\/\"},\"wordCount\":477,\"commentCount\":0,\"publisher\":{\"@id\":\"https:\/\/www.sonoraenequipo.com.mx\/#organization\"},\"image\":{\"@id\":\"https:\/\/www.sonoraenequipo.com.mx\/hallan-a-los-4-estadounidenses-secuestrados-2-muertos-y-un-herido\/#primaryimage\"},\"thumbnailUrl\":\"https:\/\/www.sonoraenequipo.com.mx\/storage\/2023\/03\/estadounidenses-muertos-en-tamaulipas-min.jpg\",\"articleSection\":[\"Rep\u00fablica\"],\"inLanguage\":\"es\",\"potentialAction\":[{\"@type\":\"CommentAction\",\"name\":\"Comment\",\"target\":[\"https:\/\/www.sonoraenequipo.com.mx\/hallan-a-los-4-estadounidenses-secuestrados-2-muertos-y-un-herido\/#respond\"]}]},{\"@type\":\"WebPage\",\"@id\":\"https:\/\/www.sonoraenequipo.com.mx\/hallan-a-los-4-estadounidenses-secuestrados-2-muertos-y-un-herido\/\",\"url\":\"https:\/\/www.sonoraenequipo.com.mx\/hallan-a-los-4-estadounidenses-secuestrados-2-muertos-y-un-herido\/\",\"name\":\"Sonora en Equipo. Hallan a los 4 estadounidenses secuestrados; 2 muertos y un herido Rep\u00fablica\",\"isPartOf\":{\"@id\":\"https:\/\/www.sonoraenequipo.com.mx\/#website\"},\"primaryImageOfPage\":{\"@id\":\"https:\/\/www.sonoraenequipo.com.mx\/hallan-a-los-4-estadounidenses-secuestrados-2-muertos-y-un-herido\/#primaryimage\"},\"image\":{\"@id\":\"https:\/\/www.sonoraenequipo.com.mx\/hallan-a-los-4-estadounidenses-secuestrados-2-muertos-y-un-herido\/#primaryimage\"},\"thumbnailUrl\":\"https:\/\/www.sonoraenequipo.com.mx\/storage\/2023\/03\/estadounidenses-muertos-en-tamaulipas-min.jpg\",\"datePublished\":\"2023-03-07T17:12:06+00:00\",\"dateModified\":\"2023-03-08T04:52:39+00:00\",\"description\":\"CIUDAD DE M\u00c9XICO. MX. \u2014 El presidente Andr\u00e9s Manuel L\u00f3pez Obrador recibi\u00f3 una llamada telef\u00f3nica del gobernador Am\u00e9rico Villarreal Anaya, quien le inform\u00f3 En Sonora en Equipo publicamos toda la informaci\u00f3n de Sonora, M\u00e9xico y el Mundo de manera oportuna y busca que la libertad de expresi\u00f3n sea real. Visita nuestro medio informativo publicado desde Hermosillo, Sonora. %\",\"breadcrumb\":{\"@id\":\"https:\/\/www.sonoraenequipo.com.mx\/hallan-a-los-4-estadounidenses-secuestrados-2-muertos-y-un-herido\/#breadcrumb\"},\"inLanguage\":\"es\",\"potentialAction\":[{\"@type\":\"ReadAction\",\"target\":[\"https:\/\/www.sonoraenequipo.com.mx\/hallan-a-los-4-estadounidenses-secuestrados-2-muertos-y-un-herido\/\"]}]},{\"@type\":\"ImageObject\",\"inLanguage\":\"es\",\"@id\":\"https:\/\/www.sonoraenequipo.com.mx\/hallan-a-los-4-estadounidenses-secuestrados-2-muertos-y-un-herido\/#primaryimage\",\"url\":\"https:\/\/www.sonoraenequipo.com.mx\/storage\/2023\/03\/estadounidenses-muertos-en-tamaulipas-min.jpg\",\"contentUrl\":\"https:\/\/www.sonoraenequipo.com.mx\/storage\/2023\/03\/estadounidenses-muertos-en-tamaulipas-min.jpg\",\"width\":730,\"height\":500},{\"@type\":\"BreadcrumbList\",\"@id\":\"https:\/\/www.sonoraenequipo.com.mx\/hallan-a-los-4-estadounidenses-secuestrados-2-muertos-y-un-herido\/#breadcrumb\",\"itemListElement\":[{\"@type\":\"ListItem\",\"position\":1,\"name\":\"Portada\",\"item\":\"https:\/\/www.sonoraenequipo.com.mx\/\"},{\"@type\":\"ListItem\",\"position\":2,\"name\":\"Hallan a los 4 estadounidenses secuestrados; 2 muertos y un herido\"}]},{\"@type\":\"WebSite\",\"@id\":\"https:\/\/www.sonoraenequipo.com.mx\/#website\",\"url\":\"https:\/\/www.sonoraenequipo.com.mx\/\",\"name\":\"Sonora en Equipo.\",\"description\":\"Diario en l\u00ednea con Noticias desde Hermosillo, Sonora\",\"publisher\":{\"@id\":\"https:\/\/www.sonoraenequipo.com.mx\/#organization\"},\"potentialAction\":[{\"@type\":\"SearchAction\",\"target\":{\"@type\":\"EntryPoint\",\"urlTemplate\":\"https:\/\/www.sonoraenequipo.com.mx\/?s={search_term_string}\"},\"query-input\":{\"@type\":\"PropertyValueSpecification\",\"valueRequired\":true,\"valueName\":\"search_term_string\"}}],\"inLanguage\":\"es\"},{\"@type\":\"Organization\",\"@id\":\"https:\/\/www.sonoraenequipo.com.mx\/#organization\",\"name\":\"Sonoraenequipo.com.mx\",\"url\":\"https:\/\/www.sonoraenequipo.com.mx\/\",\"logo\":{\"@type\":\"ImageObject\",\"inLanguage\":\"es\",\"@id\":\"https:\/\/www.sonoraenequipo.com.mx\/#\/schema\/logo\/image\/\",\"url\":\"https:\/\/www.sonoraenequipo.com.mx\/storage\/2019\/01\/sonoraenequipo_opt.png\",\"contentUrl\":\"https:\/\/www.sonoraenequipo.com.mx\/storage\/2019\/01\/sonoraenequipo_opt.png\",\"width\":375,\"height\":125,\"caption\":\"Sonoraenequipo.com.mx\"},\"image\":{\"@id\":\"https:\/\/www.sonoraenequipo.com.mx\/#\/schema\/logo\/image\/\"},\"sameAs\":[\"https:\/\/www.facebook.com\/SonoraEE\/\",\"https:\/\/x.com\/sonoraenequipo\",\"https:\/\/www.youtube.com\/channel\/UC338nW-lPEYmJQs4ZABQ1SQ\"]},{\"@type\":\"Person\",\"@id\":\"https:\/\/www.sonoraenequipo.com.mx\/#\/schema\/person\/50102df0fb23a8fa9e8effad8fa81386\",\"name\":\"enequipo\",\"image\":{\"@type\":\"ImageObject\",\"inLanguage\":\"es\",\"@id\":\"https:\/\/www.sonoraenequipo.com.mx\/#\/schema\/person\/image\/\",\"url\":\"https:\/\/secure.gravatar.com\/avatar\/049821681b589dabc0bc20695993ccebb09f5b5d4d790cd9251b97faac7c652b?s=96&d=blank&r=g\",\"contentUrl\":\"https:\/\/secure.gravatar.com\/avatar\/049821681b589dabc0bc20695993ccebb09f5b5d4d790cd9251b97faac7c652b?s=96&d=blank&r=g\",\"caption\":\"enequipo\"},\"sameAs\":[\"https:\/\/www.facebook.com\/SonoraEE\"]}]}<\/script>\n ","yoast_head_json":{"title":"Sonora en Equipo. Hallan a los 4 estadounidenses secuestrados; 2 muertos y un herido Rep\u00fablica","description":"CIUDAD DE M\u00c9XICO. MX. \u2014 El presidente Andr\u00e9s Manuel L\u00f3pez Obrador recibi\u00f3 una llamada telef\u00f3nica del gobernador Am\u00e9rico Villarreal Anaya, quien le inform\u00f3 En Sonora en Equipo publicamos toda la informaci\u00f3n de Sonora, M\u00e9xico y el Mundo de manera oportuna y busca que la libertad de expresi\u00f3n sea real. Visita nuestro medio informativo publicado desde Hermosillo, Sonora. %","robots":{"index":"index","follow":"follow","max-snippet":"max-snippet:-1","max-image-preview":"max-image-preview:large","max-video-preview":"max-video-preview:-1"},"canonical":"https:\/\/www.sonoraenequipo.com.mx\/hallan-a-los-4-estadounidenses-secuestrados-2-muertos-y-un-herido\/","og_locale":"es_ES","og_type":"article","og_title":"Sonora en Equipo. Hallan a los 4 estadounidenses secuestrados; 2 muertos y un herido Rep\u00fablica","og_description":"CIUDAD DE M\u00c9XICO. MX. \u2014 El presidente Andr\u00e9s Manuel L\u00f3pez Obrador recibi\u00f3 una llamada telef\u00f3nica del gobernador Am\u00e9rico Villarreal Anaya, quien le inform\u00f3 En Sonora en Equipo publicamos toda la informaci\u00f3n de Sonora, M\u00e9xico y el Mundo de manera oportuna y busca que la libertad de expresi\u00f3n sea real. Visita nuestro medio informativo publicado desde Hermosillo, Sonora. %","og_url":"https:\/\/www.sonoraenequipo.com.mx\/hallan-a-los-4-estadounidenses-secuestrados-2-muertos-y-un-herido\/","og_site_name":"Sonora en Equipo.","article_publisher":"https:\/\/www.facebook.com\/SonoraEE\/","article_author":"https:\/\/www.facebook.com\/SonoraEE","article_published_time":"2023-03-07T17:12:06+00:00","article_modified_time":"2023-03-08T04:52:39+00:00","og_image":[{"width":730,"height":500,"url":"https:\/\/www.sonoraenequipo.com.mx\/storage\/2023\/03\/estadounidenses-muertos-en-tamaulipas-min.jpg","type":"image\/jpeg"}],"author":"enequipo","twitter_card":"summary_large_image","twitter_creator":"@sonoraenequipo","twitter_site":"@sonoraenequipo","twitter_misc":{"Escrito por":"enequipo","Tiempo de lectura":"2 minutos"},"schema":{"@context":"https:\/\/schema.org","@graph":[{"@type":"Article","@id":"https:\/\/www.sonoraenequipo.com.mx\/hallan-a-los-4-estadounidenses-secuestrados-2-muertos-y-un-herido\/#article","isPartOf":{"@id":"https:\/\/www.sonoraenequipo.com.mx\/hallan-a-los-4-estadounidenses-secuestrados-2-muertos-y-un-herido\/"},"author":{"name":"enequipo","@id":"https:\/\/www.sonoraenequipo.com.mx\/#\/schema\/person\/50102df0fb23a8fa9e8effad8fa81386"},"headline":"Hallan a los 4 estadounidenses secuestrados; 2 muertos y un herido","datePublished":"2023-03-07T17:12:06+00:00","dateModified":"2023-03-08T04:52:39+00:00","mainEntityOfPage":{"@id":"https:\/\/www.sonoraenequipo.com.mx\/hallan-a-los-4-estadounidenses-secuestrados-2-muertos-y-un-herido\/"},"wordCount":477,"commentCount":0,"publisher":{"@id":"https:\/\/www.sonoraenequipo.com.mx\/#organization"},"image":{"@id":"https:\/\/www.sonoraenequipo.com.mx\/hallan-a-los-4-estadounidenses-secuestrados-2-muertos-y-un-herido\/#primaryimage"},"thumbnailUrl":"https:\/\/www.sonoraenequipo.com.mx\/storage\/2023\/03\/estadounidenses-muertos-en-tamaulipas-min.jpg","articleSection":["Rep\u00fablica"],"inLanguage":"es","potentialAction":[{"@type":"CommentAction","name":"Comment","target":["https:\/\/www.sonoraenequipo.com.mx\/hallan-a-los-4-estadounidenses-secuestrados-2-muertos-y-un-herido\/#respond"]}]},{"@type":"WebPage","@id":"https:\/\/www.sonoraenequipo.com.mx\/hallan-a-los-4-estadounidenses-secuestrados-2-muertos-y-un-herido\/","url":"https:\/\/www.sonoraenequipo.com.mx\/hallan-a-los-4-estadounidenses-secuestrados-2-muertos-y-un-herido\/","name":"Sonora en Equipo. Hallan a los 4 estadounidenses secuestrados; 2 muertos y un herido Rep\u00fablica","isPartOf":{"@id":"https:\/\/www.sonoraenequipo.com.mx\/#website"},"primaryImageOfPage":{"@id":"https:\/\/www.sonoraenequipo.com.mx\/hallan-a-los-4-estadounidenses-secuestrados-2-muertos-y-un-herido\/#primaryimage"},"image":{"@id":"https:\/\/www.sonoraenequipo.com.mx\/hallan-a-los-4-estadounidenses-secuestrados-2-muertos-y-un-herido\/#primaryimage"},"thumbnailUrl":"https:\/\/www.sonoraenequipo.com.mx\/storage\/2023\/03\/estadounidenses-muertos-en-tamaulipas-min.jpg","datePublished":"2023-03-07T17:12:06+00:00","dateModified":"2023-03-08T04:52:39+00:00","description":"CIUDAD DE M\u00c9XICO. MX. \u2014 El presidente Andr\u00e9s Manuel L\u00f3pez Obrador recibi\u00f3 una llamada telef\u00f3nica del gobernador Am\u00e9rico Villarreal Anaya, quien le inform\u00f3 En Sonora en Equipo publicamos toda la informaci\u00f3n de Sonora, M\u00e9xico y el Mundo de manera oportuna y busca que la libertad de expresi\u00f3n sea real. Visita nuestro medio informativo publicado desde Hermosillo, Sonora. %","breadcrumb":{"@id":"https:\/\/www.sonoraenequipo.com.mx\/hallan-a-los-4-estadounidenses-secuestrados-2-muertos-y-un-herido\/#breadcrumb"},"inLanguage":"es","potentialAction":[{"@type":"ReadAction","target":["https:\/\/www.sonoraenequipo.com.mx\/hallan-a-los-4-estadounidenses-secuestrados-2-muertos-y-un-herido\/"]}]},{"@type":"ImageObject","inLanguage":"es","@id":"https:\/\/www.sonoraenequipo.com.mx\/hallan-a-los-4-estadounidenses-secuestrados-2-muertos-y-un-herido\/#primaryimage","url":"https:\/\/www.sonoraenequipo.com.mx\/storage\/2023\/03\/estadounidenses-muertos-en-tamaulipas-min.jpg","contentUrl":"https:\/\/www.sonoraenequipo.com.mx\/storage\/2023\/03\/estadounidenses-muertos-en-tamaulipas-min.jpg","width":730,"height":500},{"@type":"BreadcrumbList","@id":"https:\/\/www.sonoraenequipo.com.mx\/hallan-a-los-4-estadounidenses-secuestrados-2-muertos-y-un-herido\/#breadcrumb","itemListElement":[{"@type":"ListItem","position":1,"name":"Portada","item":"https:\/\/www.sonoraenequipo.com.mx\/"},{"@type":"ListItem","position":2,"name":"Hallan a los 4 estadounidenses secuestrados; 2 muertos y un herido"}]},{"@type":"WebSite","@id":"https:\/\/www.sonoraenequipo.com.mx\/#website","url":"https:\/\/www.sonoraenequipo.com.mx\/","name":"Sonora en Equipo.","description":"Diario en l\u00ednea con Noticias desde Hermosillo, Sonora","publisher":{"@id":"https:\/\/www.sonoraenequipo.com.mx\/#organization"},"potentialAction":[{"@type":"SearchAction","target":{"@type":"EntryPoint","urlTemplate":"https:\/\/www.sonoraenequipo.com.mx\/?s={search_term_string}"},"query-input":{"@type":"PropertyValueSpecification","valueRequired":true,"valueName":"search_term_string"}}],"inLanguage":"es"},{"@type":"Organization","@id":"https:\/\/www.sonoraenequipo.com.mx\/#organization","name":"Sonoraenequipo.com.mx","url":"https:\/\/www.sonoraenequipo.com.mx\/","logo":{"@type":"ImageObject","inLanguage":"es","@id":"https:\/\/www.sonoraenequipo.com.mx\/#\/schema\/logo\/image\/","url":"https:\/\/www.sonoraenequipo.com.mx\/storage\/2019\/01\/sonoraenequipo_opt.png","contentUrl":"https:\/\/www.sonoraenequipo.com.mx\/storage\/2019\/01\/sonoraenequipo_opt.png","width":375,"height":125,"caption":"Sonoraenequipo.com.mx"},"image":{"@id":"https:\/\/www.sonoraenequipo.com.mx\/#\/schema\/logo\/image\/"},"sameAs":["https:\/\/www.facebook.com\/SonoraEE\/","https:\/\/x.com\/sonoraenequipo","https:\/\/www.youtube.com\/channel\/UC338nW-lPEYmJQs4ZABQ1SQ"]},{"@type":"Person","@id":"https:\/\/www.sonoraenequipo.com.mx\/#\/schema\/person\/50102df0fb23a8fa9e8effad8fa81386","name":"enequipo","image":{"@type":"ImageObject","inLanguage":"es","@id":"https:\/\/www.sonoraenequipo.com.mx\/#\/schema\/person\/image\/","url":"https:\/\/secure.gravatar.com\/avatar\/049821681b589dabc0bc20695993ccebb09f5b5d4d790cd9251b97faac7c652b?s=96&d=blank&r=g","contentUrl":"https:\/\/secure.gravatar.com\/avatar\/049821681b589dabc0bc20695993ccebb09f5b5d4d790cd9251b97faac7c652b?s=96&d=blank&r=g","caption":"enequipo"},"sameAs":["https:\/\/www.facebook.com\/SonoraEE"]}]}},"jetpack_featured_media_url":"https:\/\/www.sonoraenequipo.com.mx\/storage\/2023\/03\/estadounidenses-muertos-en-tamaulipas-min.jpg","_links":{"self":[{"href":"https:\/\/www.sonoraenequipo.com.mx\/api\/wp\/v2\/posts\/160304","targetHints":{"allow":["GET"]}}],"collection":[{"href":"https:\/\/www.sonoraenequipo.com.mx\/api\/wp\/v2\/posts"}],"about":[{"href":"https:\/\/www.sonoraenequipo.com.mx\/api\/wp\/v2\/types\/post"}],"author":[{"embeddable":true,"href":"https:\/\/www.sonoraenequipo.com.mx\/api\/wp\/v2\/users\/1"}],"replies":[{"embeddable":true,"href":"https:\/\/www.sonoraenequipo.com.mx\/api\/wp\/v2\/comments?post=160304"}],"version-history":[{"count":1,"href":"https:\/\/www.sonoraenequipo.com.mx\/api\/wp\/v2\/posts\/160304\/revisions"}],"predecessor-version":[{"id":160308,"href":"https:\/\/www.sonoraenequipo.com.mx\/api\/wp\/v2\/posts\/160304\/revisions\/160308"}],"wp:featuredmedia":[{"embeddable":true,"href":"https:\/\/www.sonoraenequipo.com.mx\/api\/wp\/v2\/media\/160305"}],"wp:attachment":[{"href":"https:\/\/www.sonoraenequipo.com.mx\/api\/wp\/v2\/media?parent=160304"}],"wp:term":[{"taxonomy":"category","embeddable":true,"href":"https:\/\/www.sonoraenequipo.com.mx\/api\/wp\/v2\/categories?post=160304"},{"taxonomy":"post_tag","embeddable":true,"href":"https:\/\/www.sonoraenequipo.com.mx\/api\/wp\/v2\/tags?post=160304"}],"curies":[{"name":"wp","href":"https:\/\/api.w.org\/{rel}","templated":true}]}}