{"id":160354,"date":"2023-03-08T13:18:47","date_gmt":"2023-03-08T20:18:47","guid":{"rendered":"https:\/\/www.sonoraenequipo.com.mx\/?p=160354"},"modified":"2023-03-08T13:18:47","modified_gmt":"2023-03-08T20:18:47","slug":"presento-inegi-indicador-actividad-industrial-por-entidad","status":"publish","type":"post","link":"https:\/\/www.sonoraenequipo.com.mx\/presento-inegi-indicador-actividad-industrial-por-entidad\/","title":{"rendered":"\u00a0\u00a0 Present\u00f3 Inegi\u00a0 indicador actividad industrial por entidad"},"content":{"rendered":"<p><strong>CIUDAD DE MEXICO.<\/strong><strong>\u2500\u2500<\/strong> El Indicador Mensual de la Actividad Industrial por Entidad Federativa (IMAIEF) ampl\u00eda la oferta de informaci\u00f3n estad\u00edstica de corto plazo a nivel estatal y da seguimiento al comportamiento de las actividades econ\u00f3micas del sector secundario en los estados.<\/p>\n<p>&nbsp;<\/p>\n<p>En noviembre de 2022 y con cifras ajustadas estacionalmente, las entidades que mostraron los crecimientos mensuales m\u00e1s pronunciados en su actividad industrial, en t\u00e9rminos reales, fueron:<\/p>\n<p>&nbsp;<\/p>\n<p>A tasa anual y con series desestacionalizadas, en el mes de referencia, las entidades que presentaron los ascensos m\u00e1s significativos en su producci\u00f3n industrial, en t\u00e9rminos reales, fueron: Quintana Roo, Oaxaca, Baja California Sur, Hidalgo y Chiapas.<\/p>\n<p>&nbsp;<\/p>\n<p>Con datos originales y a tasa anual, en el sector Miner\u00eda destacaron los incrementos reportados en Hidalgo, Morelos, Tabasco y Baja California Sur.<\/p>\n<p>&nbsp;<\/p>\n<p>En Generaci\u00f3n, transmisi\u00f3n y distribuci\u00f3n de energ\u00eda el\u00e9ctrica, suministro de agua y de gas por ductos al consumidor final, sobresalieron los aumentos en Chiapas, San Luis Potos\u00ed, M\u00e9xico, Campeche y Quintana Roo.<\/p>\n<p>&nbsp;<\/p>\n<p>En Construcci\u00f3n, las alzas m\u00e1s relevantes ocurrieron en Quintana Roo, Oaxaca, Hidalgo, Baja California Sur y Campeche. En Industrias manufactureras, los crecimientos m\u00e1s altos se registraron en Chiapas, Puebla, Quintana Roo, Hidalgo y San Luis Potos\u00ed.<\/p>\n<p>En el caso de Sonora registr\u00f3 0.9% en el citado mes, a tasa anual fue de 116.9 %<\/p>\n<p>&nbsp;<\/p>\n<p><strong><em><u>Fecha de publicaci\u00f3n mi\u00e9rcoles 8\u00a0 de marzo de 2023 con informaci\u00f3n de boletines<\/u><\/em><\/strong><\/p>\n","protected":false},"excerpt":{"rendered":"<p>CIUDAD DE MEXICO.\u2500\u2500 El Indicador Mensual de la Actividad Industrial por Entidad Federativa (IMAIEF) ampl\u00eda&#8230;<\/p>\n","protected":false},"author":1,"featured_media":129999,"comment_status":"open","ping_status":"open","sticky":false,"template":"","format":"standard","meta":{"_monsterinsights_skip_tracking":false,"_monsterinsights_sitenote_active":false,"_monsterinsights_sitenote_note":"","_monsterinsights_sitenote_category":0,"footnotes":""},"categories":[6493],"tags":[8311],"class_list":["post"],"yoast_head":" \n<title>Sonora en Equipo. \u00a0\u00a0 Present\u00f3 Inegi\u00a0 indicador actividad industrial por entidad PALABRAS Y N\u00daMEROS<\/title>\n<meta name=\"description\" content=\"CIUDAD DE MEXICO.\u2500\u2500 El Indicador Mensual de la Actividad Industrial por Entidad Federativa (IMAIEF) ampl\u00eda la oferta de informaci\u00f3n estad\u00edstica de corto En Sonora en Equipo publicamos toda la informaci\u00f3n de Sonora, M\u00e9xico y el Mundo de manera oportuna y busca que la libertad de expresi\u00f3n sea real. Visita nuestro medio informativo publicado desde Hermosillo, Sonora. %\" \/>\n<meta name=\"robots\" content=\"index, follow, max-snippet:-1, max-image-preview:large, max-video-preview:-1\" \/>\n<link rel=\"canonical\" href=\"https:\/\/www.sonoraenequipo.com.mx\/presento-inegi-indicador-actividad-industrial-por-entidad\/\" \/>\n<meta property=\"og:locale\" content=\"es_ES\" \/>\n<meta property=\"og:type\" content=\"article\" \/>\n<meta property=\"og:title\" content=\"Sonora en Equipo. \u00a0\u00a0 Present\u00f3 Inegi\u00a0 indicador actividad industrial por entidad PALABRAS Y N\u00daMEROS\" \/>\n<meta property=\"og:description\" content=\"CIUDAD DE MEXICO.\u2500\u2500 El Indicador Mensual de la Actividad Industrial por Entidad Federativa (IMAIEF) ampl\u00eda la oferta de informaci\u00f3n estad\u00edstica de corto En Sonora en Equipo publicamos toda la informaci\u00f3n de Sonora, M\u00e9xico y el Mundo de manera oportuna y busca que la libertad de expresi\u00f3n sea real. Visita nuestro medio informativo publicado desde Hermosillo, Sonora. %\" \/>\n<meta property=\"og:url\" content=\"https:\/\/www.sonoraenequipo.com.mx\/presento-inegi-indicador-actividad-industrial-por-entidad\/\" \/>\n<meta property=\"og:site_name\" content=\"Sonora en Equipo.\" \/>\n<meta property=\"article:publisher\" content=\"https:\/\/www.facebook.com\/SonoraEE\/\" \/>\n<meta property=\"article:author\" content=\"https:\/\/www.facebook.com\/SonoraEE\" \/>\n<meta property=\"article:published_time\" content=\"2023-03-08T20:18:47+00:00\" \/>\n<meta property=\"og:image\" content=\"https:\/\/www.sonoraenequipo.com.mx\/storage\/2021\/12\/actividades-eco.jpg\" \/>\n\t<meta property=\"og:image:width\" content=\"700\" \/>\n\t<meta property=\"og:image:height\" content=\"404\" \/>\n\t<meta property=\"og:image:type\" content=\"image\/jpeg\" \/>\n<meta name=\"author\" content=\"enequipo\" \/>\n<meta name=\"twitter:card\" content=\"summary_large_image\" \/>\n<meta name=\"twitter:creator\" content=\"@sonoraenequipo\" \/>\n<meta name=\"twitter:site\" content=\"@sonoraenequipo\" \/>\n<meta name=\"twitter:label1\" content=\"Escrito por\" \/>\n\t<meta name=\"twitter:data1\" content=\"enequipo\" \/>\n\t<meta name=\"twitter:label2\" content=\"Tiempo de lectura\" \/>\n\t<meta name=\"twitter:data2\" content=\"1 minuto\" \/>\n<script type=\"application\/ld+json\" class=\"yoast-schema-graph\">{\"@context\":\"https:\/\/schema.org\",\"@graph\":[{\"@type\":\"Article\",\"@id\":\"https:\/\/www.sonoraenequipo.com.mx\/presento-inegi-indicador-actividad-industrial-por-entidad\/#article\",\"isPartOf\":{\"@id\":\"https:\/\/www.sonoraenequipo.com.mx\/presento-inegi-indicador-actividad-industrial-por-entidad\/\"},\"author\":{\"name\":\"enequipo\",\"@id\":\"https:\/\/www.sonoraenequipo.com.mx\/#\/schema\/person\/50102df0fb23a8fa9e8effad8fa81386\"},\"headline\":\"\u00a0\u00a0 Present\u00f3 Inegi\u00a0 indicador actividad industrial por entidad\",\"datePublished\":\"2023-03-08T20:18:47+00:00\",\"mainEntityOfPage\":{\"@id\":\"https:\/\/www.sonoraenequipo.com.mx\/presento-inegi-indicador-actividad-industrial-por-entidad\/\"},\"wordCount\":255,\"commentCount\":0,\"publisher\":{\"@id\":\"https:\/\/www.sonoraenequipo.com.mx\/#organization\"},\"image\":{\"@id\":\"https:\/\/www.sonoraenequipo.com.mx\/presento-inegi-indicador-actividad-industrial-por-entidad\/#primaryimage\"},\"thumbnailUrl\":\"https:\/\/www.sonoraenequipo.com.mx\/storage\/2021\/12\/actividades-eco.jpg\",\"keywords\":[\"actividad industrial\"],\"articleSection\":[\"PALABRAS Y N\u00daMEROS\"],\"inLanguage\":\"es\",\"potentialAction\":[{\"@type\":\"CommentAction\",\"name\":\"Comment\",\"target\":[\"https:\/\/www.sonoraenequipo.com.mx\/presento-inegi-indicador-actividad-industrial-por-entidad\/#respond\"]}]},{\"@type\":\"WebPage\",\"@id\":\"https:\/\/www.sonoraenequipo.com.mx\/presento-inegi-indicador-actividad-industrial-por-entidad\/\",\"url\":\"https:\/\/www.sonoraenequipo.com.mx\/presento-inegi-indicador-actividad-industrial-por-entidad\/\",\"name\":\"Sonora en Equipo. \u00a0\u00a0 Present\u00f3 Inegi\u00a0 indicador actividad industrial por entidad PALABRAS Y N\u00daMEROS\",\"isPartOf\":{\"@id\":\"https:\/\/www.sonoraenequipo.com.mx\/#website\"},\"primaryImageOfPage\":{\"@id\":\"https:\/\/www.sonoraenequipo.com.mx\/presento-inegi-indicador-actividad-industrial-por-entidad\/#primaryimage\"},\"image\":{\"@id\":\"https:\/\/www.sonoraenequipo.com.mx\/presento-inegi-indicador-actividad-industrial-por-entidad\/#primaryimage\"},\"thumbnailUrl\":\"https:\/\/www.sonoraenequipo.com.mx\/storage\/2021\/12\/actividades-eco.jpg\",\"datePublished\":\"2023-03-08T20:18:47+00:00\",\"description\":\"CIUDAD DE MEXICO.\u2500\u2500 El Indicador Mensual de la Actividad Industrial por Entidad Federativa (IMAIEF) ampl\u00eda la oferta de informaci\u00f3n estad\u00edstica de corto En Sonora en Equipo publicamos toda la informaci\u00f3n de Sonora, M\u00e9xico y el Mundo de manera oportuna y busca que la libertad de expresi\u00f3n sea real. Visita nuestro medio informativo publicado desde Hermosillo, Sonora. %\",\"breadcrumb\":{\"@id\":\"https:\/\/www.sonoraenequipo.com.mx\/presento-inegi-indicador-actividad-industrial-por-entidad\/#breadcrumb\"},\"inLanguage\":\"es\",\"potentialAction\":[{\"@type\":\"ReadAction\",\"target\":[\"https:\/\/www.sonoraenequipo.com.mx\/presento-inegi-indicador-actividad-industrial-por-entidad\/\"]}]},{\"@type\":\"ImageObject\",\"inLanguage\":\"es\",\"@id\":\"https:\/\/www.sonoraenequipo.com.mx\/presento-inegi-indicador-actividad-industrial-por-entidad\/#primaryimage\",\"url\":\"https:\/\/www.sonoraenequipo.com.mx\/storage\/2021\/12\/actividades-eco.jpg\",\"contentUrl\":\"https:\/\/www.sonoraenequipo.com.mx\/storage\/2021\/12\/actividades-eco.jpg\",\"width\":700,\"height\":404,\"caption\":\"Actividades econ\u00f3micas cr\u00e9dito: TV Azteca\"},{\"@type\":\"BreadcrumbList\",\"@id\":\"https:\/\/www.sonoraenequipo.com.mx\/presento-inegi-indicador-actividad-industrial-por-entidad\/#breadcrumb\",\"itemListElement\":[{\"@type\":\"ListItem\",\"position\":1,\"name\":\"Portada\",\"item\":\"https:\/\/www.sonoraenequipo.com.mx\/\"},{\"@type\":\"ListItem\",\"position\":2,\"name\":\"\u00a0\u00a0 Present\u00f3 Inegi\u00a0 indicador actividad industrial por entidad\"}]},{\"@type\":\"WebSite\",\"@id\":\"https:\/\/www.sonoraenequipo.com.mx\/#website\",\"url\":\"https:\/\/www.sonoraenequipo.com.mx\/\",\"name\":\"Sonora en Equipo.\",\"description\":\"Diario en l\u00ednea con Noticias desde Hermosillo, Sonora\",\"publisher\":{\"@id\":\"https:\/\/www.sonoraenequipo.com.mx\/#organization\"},\"potentialAction\":[{\"@type\":\"SearchAction\",\"target\":{\"@type\":\"EntryPoint\",\"urlTemplate\":\"https:\/\/www.sonoraenequipo.com.mx\/?s={search_term_string}\"},\"query-input\":{\"@type\":\"PropertyValueSpecification\",\"valueRequired\":true,\"valueName\":\"search_term_string\"}}],\"inLanguage\":\"es\"},{\"@type\":\"Organization\",\"@id\":\"https:\/\/www.sonoraenequipo.com.mx\/#organization\",\"name\":\"Sonoraenequipo.com.mx\",\"url\":\"https:\/\/www.sonoraenequipo.com.mx\/\",\"logo\":{\"@type\":\"ImageObject\",\"inLanguage\":\"es\",\"@id\":\"https:\/\/www.sonoraenequipo.com.mx\/#\/schema\/logo\/image\/\",\"url\":\"https:\/\/www.sonoraenequipo.com.mx\/storage\/2019\/01\/sonoraenequipo_opt.png\",\"contentUrl\":\"https:\/\/www.sonoraenequipo.com.mx\/storage\/2019\/01\/sonoraenequipo_opt.png\",\"width\":375,\"height\":125,\"caption\":\"Sonoraenequipo.com.mx\"},\"image\":{\"@id\":\"https:\/\/www.sonoraenequipo.com.mx\/#\/schema\/logo\/image\/\"},\"sameAs\":[\"https:\/\/www.facebook.com\/SonoraEE\/\",\"https:\/\/x.com\/sonoraenequipo\",\"https:\/\/www.youtube.com\/channel\/UC338nW-lPEYmJQs4ZABQ1SQ\"]},{\"@type\":\"Person\",\"@id\":\"https:\/\/www.sonoraenequipo.com.mx\/#\/schema\/person\/50102df0fb23a8fa9e8effad8fa81386\",\"name\":\"enequipo\",\"image\":{\"@type\":\"ImageObject\",\"inLanguage\":\"es\",\"@id\":\"https:\/\/www.sonoraenequipo.com.mx\/#\/schema\/person\/image\/\",\"url\":\"https:\/\/secure.gravatar.com\/avatar\/049821681b589dabc0bc20695993ccebb09f5b5d4d790cd9251b97faac7c652b?s=96&d=blank&r=g\",\"contentUrl\":\"https:\/\/secure.gravatar.com\/avatar\/049821681b589dabc0bc20695993ccebb09f5b5d4d790cd9251b97faac7c652b?s=96&d=blank&r=g\",\"caption\":\"enequipo\"},\"sameAs\":[\"https:\/\/www.facebook.com\/SonoraEE\"]}]}<\/script>\n ","yoast_head_json":{"title":"Sonora en Equipo. \u00a0\u00a0 Present\u00f3 Inegi\u00a0 indicador actividad industrial por entidad PALABRAS Y N\u00daMEROS","description":"CIUDAD DE MEXICO.\u2500\u2500 El Indicador Mensual de la Actividad Industrial por Entidad Federativa (IMAIEF) ampl\u00eda la oferta de informaci\u00f3n estad\u00edstica de corto En Sonora en Equipo publicamos toda la informaci\u00f3n de Sonora, M\u00e9xico y el Mundo de manera oportuna y busca que la libertad de expresi\u00f3n sea real. Visita nuestro medio informativo publicado desde Hermosillo, Sonora. %","robots":{"index":"index","follow":"follow","max-snippet":"max-snippet:-1","max-image-preview":"max-image-preview:large","max-video-preview":"max-video-preview:-1"},"canonical":"https:\/\/www.sonoraenequipo.com.mx\/presento-inegi-indicador-actividad-industrial-por-entidad\/","og_locale":"es_ES","og_type":"article","og_title":"Sonora en Equipo. \u00a0\u00a0 Present\u00f3 Inegi\u00a0 indicador actividad industrial por entidad PALABRAS Y N\u00daMEROS","og_description":"CIUDAD DE MEXICO.\u2500\u2500 El Indicador Mensual de la Actividad Industrial por Entidad Federativa (IMAIEF) ampl\u00eda la oferta de informaci\u00f3n estad\u00edstica de corto En Sonora en Equipo publicamos toda la informaci\u00f3n de Sonora, M\u00e9xico y el Mundo de manera oportuna y busca que la libertad de expresi\u00f3n sea real. Visita nuestro medio informativo publicado desde Hermosillo, Sonora. %","og_url":"https:\/\/www.sonoraenequipo.com.mx\/presento-inegi-indicador-actividad-industrial-por-entidad\/","og_site_name":"Sonora en Equipo.","article_publisher":"https:\/\/www.facebook.com\/SonoraEE\/","article_author":"https:\/\/www.facebook.com\/SonoraEE","article_published_time":"2023-03-08T20:18:47+00:00","og_image":[{"width":700,"height":404,"url":"https:\/\/www.sonoraenequipo.com.mx\/storage\/2021\/12\/actividades-eco.jpg","type":"image\/jpeg"}],"author":"enequipo","twitter_card":"summary_large_image","twitter_creator":"@sonoraenequipo","twitter_site":"@sonoraenequipo","twitter_misc":{"Escrito por":"enequipo","Tiempo de lectura":"1 minuto"},"schema":{"@context":"https:\/\/schema.org","@graph":[{"@type":"Article","@id":"https:\/\/www.sonoraenequipo.com.mx\/presento-inegi-indicador-actividad-industrial-por-entidad\/#article","isPartOf":{"@id":"https:\/\/www.sonoraenequipo.com.mx\/presento-inegi-indicador-actividad-industrial-por-entidad\/"},"author":{"name":"enequipo","@id":"https:\/\/www.sonoraenequipo.com.mx\/#\/schema\/person\/50102df0fb23a8fa9e8effad8fa81386"},"headline":"\u00a0\u00a0 Present\u00f3 Inegi\u00a0 indicador actividad industrial por entidad","datePublished":"2023-03-08T20:18:47+00:00","mainEntityOfPage":{"@id":"https:\/\/www.sonoraenequipo.com.mx\/presento-inegi-indicador-actividad-industrial-por-entidad\/"},"wordCount":255,"commentCount":0,"publisher":{"@id":"https:\/\/www.sonoraenequipo.com.mx\/#organization"},"image":{"@id":"https:\/\/www.sonoraenequipo.com.mx\/presento-inegi-indicador-actividad-industrial-por-entidad\/#primaryimage"},"thumbnailUrl":"https:\/\/www.sonoraenequipo.com.mx\/storage\/2021\/12\/actividades-eco.jpg","keywords":["actividad industrial"],"articleSection":["PALABRAS Y N\u00daMEROS"],"inLanguage":"es","potentialAction":[{"@type":"CommentAction","name":"Comment","target":["https:\/\/www.sonoraenequipo.com.mx\/presento-inegi-indicador-actividad-industrial-por-entidad\/#respond"]}]},{"@type":"WebPage","@id":"https:\/\/www.sonoraenequipo.com.mx\/presento-inegi-indicador-actividad-industrial-por-entidad\/","url":"https:\/\/www.sonoraenequipo.com.mx\/presento-inegi-indicador-actividad-industrial-por-entidad\/","name":"Sonora en Equipo. \u00a0\u00a0 Present\u00f3 Inegi\u00a0 indicador actividad industrial por entidad PALABRAS Y N\u00daMEROS","isPartOf":{"@id":"https:\/\/www.sonoraenequipo.com.mx\/#website"},"primaryImageOfPage":{"@id":"https:\/\/www.sonoraenequipo.com.mx\/presento-inegi-indicador-actividad-industrial-por-entidad\/#primaryimage"},"image":{"@id":"https:\/\/www.sonoraenequipo.com.mx\/presento-inegi-indicador-actividad-industrial-por-entidad\/#primaryimage"},"thumbnailUrl":"https:\/\/www.sonoraenequipo.com.mx\/storage\/2021\/12\/actividades-eco.jpg","datePublished":"2023-03-08T20:18:47+00:00","description":"CIUDAD DE MEXICO.\u2500\u2500 El Indicador Mensual de la Actividad Industrial por Entidad Federativa (IMAIEF) ampl\u00eda la oferta de informaci\u00f3n estad\u00edstica de corto En Sonora en Equipo publicamos toda la informaci\u00f3n de Sonora, M\u00e9xico y el Mundo de manera oportuna y busca que la libertad de expresi\u00f3n sea real. Visita nuestro medio informativo publicado desde Hermosillo, Sonora. %","breadcrumb":{"@id":"https:\/\/www.sonoraenequipo.com.mx\/presento-inegi-indicador-actividad-industrial-por-entidad\/#breadcrumb"},"inLanguage":"es","potentialAction":[{"@type":"ReadAction","target":["https:\/\/www.sonoraenequipo.com.mx\/presento-inegi-indicador-actividad-industrial-por-entidad\/"]}]},{"@type":"ImageObject","inLanguage":"es","@id":"https:\/\/www.sonoraenequipo.com.mx\/presento-inegi-indicador-actividad-industrial-por-entidad\/#primaryimage","url":"https:\/\/www.sonoraenequipo.com.mx\/storage\/2021\/12\/actividades-eco.jpg","contentUrl":"https:\/\/www.sonoraenequipo.com.mx\/storage\/2021\/12\/actividades-eco.jpg","width":700,"height":404,"caption":"Actividades econ\u00f3micas cr\u00e9dito: TV Azteca"},{"@type":"BreadcrumbList","@id":"https:\/\/www.sonoraenequipo.com.mx\/presento-inegi-indicador-actividad-industrial-por-entidad\/#breadcrumb","itemListElement":[{"@type":"ListItem","position":1,"name":"Portada","item":"https:\/\/www.sonoraenequipo.com.mx\/"},{"@type":"ListItem","position":2,"name":"\u00a0\u00a0 Present\u00f3 Inegi\u00a0 indicador actividad industrial por entidad"}]},{"@type":"WebSite","@id":"https:\/\/www.sonoraenequipo.com.mx\/#website","url":"https:\/\/www.sonoraenequipo.com.mx\/","name":"Sonora en Equipo.","description":"Diario en l\u00ednea con Noticias desde Hermosillo, Sonora","publisher":{"@id":"https:\/\/www.sonoraenequipo.com.mx\/#organization"},"potentialAction":[{"@type":"SearchAction","target":{"@type":"EntryPoint","urlTemplate":"https:\/\/www.sonoraenequipo.com.mx\/?s={search_term_string}"},"query-input":{"@type":"PropertyValueSpecification","valueRequired":true,"valueName":"search_term_string"}}],"inLanguage":"es"},{"@type":"Organization","@id":"https:\/\/www.sonoraenequipo.com.mx\/#organization","name":"Sonoraenequipo.com.mx","url":"https:\/\/www.sonoraenequipo.com.mx\/","logo":{"@type":"ImageObject","inLanguage":"es","@id":"https:\/\/www.sonoraenequipo.com.mx\/#\/schema\/logo\/image\/","url":"https:\/\/www.sonoraenequipo.com.mx\/storage\/2019\/01\/sonoraenequipo_opt.png","contentUrl":"https:\/\/www.sonoraenequipo.com.mx\/storage\/2019\/01\/sonoraenequipo_opt.png","width":375,"height":125,"caption":"Sonoraenequipo.com.mx"},"image":{"@id":"https:\/\/www.sonoraenequipo.com.mx\/#\/schema\/logo\/image\/"},"sameAs":["https:\/\/www.facebook.com\/SonoraEE\/","https:\/\/x.com\/sonoraenequipo","https:\/\/www.youtube.com\/channel\/UC338nW-lPEYmJQs4ZABQ1SQ"]},{"@type":"Person","@id":"https:\/\/www.sonoraenequipo.com.mx\/#\/schema\/person\/50102df0fb23a8fa9e8effad8fa81386","name":"enequipo","image":{"@type":"ImageObject","inLanguage":"es","@id":"https:\/\/www.sonoraenequipo.com.mx\/#\/schema\/person\/image\/","url":"https:\/\/secure.gravatar.com\/avatar\/049821681b589dabc0bc20695993ccebb09f5b5d4d790cd9251b97faac7c652b?s=96&d=blank&r=g","contentUrl":"https:\/\/secure.gravatar.com\/avatar\/049821681b589dabc0bc20695993ccebb09f5b5d4d790cd9251b97faac7c652b?s=96&d=blank&r=g","caption":"enequipo"},"sameAs":["https:\/\/www.facebook.com\/SonoraEE"]}]}},"jetpack_featured_media_url":"https:\/\/www.sonoraenequipo.com.mx\/storage\/2021\/12\/actividades-eco.jpg","_links":{"self":[{"href":"https:\/\/www.sonoraenequipo.com.mx\/api\/wp\/v2\/posts\/160354","targetHints":{"allow":["GET"]}}],"collection":[{"href":"https:\/\/www.sonoraenequipo.com.mx\/api\/wp\/v2\/posts"}],"about":[{"href":"https:\/\/www.sonoraenequipo.com.mx\/api\/wp\/v2\/types\/post"}],"author":[{"embeddable":true,"href":"https:\/\/www.sonoraenequipo.com.mx\/api\/wp\/v2\/users\/1"}],"replies":[{"embeddable":true,"href":"https:\/\/www.sonoraenequipo.com.mx\/api\/wp\/v2\/comments?post=160354"}],"version-history":[{"count":2,"href":"https:\/\/www.sonoraenequipo.com.mx\/api\/wp\/v2\/posts\/160354\/revisions"}],"predecessor-version":[{"id":160357,"href":"https:\/\/www.sonoraenequipo.com.mx\/api\/wp\/v2\/posts\/160354\/revisions\/160357"}],"wp:featuredmedia":[{"embeddable":true,"href":"https:\/\/www.sonoraenequipo.com.mx\/api\/wp\/v2\/media\/129999"}],"wp:attachment":[{"href":"https:\/\/www.sonoraenequipo.com.mx\/api\/wp\/v2\/media?parent=160354"}],"wp:term":[{"taxonomy":"category","embeddable":true,"href":"https:\/\/www.sonoraenequipo.com.mx\/api\/wp\/v2\/categories?post=160354"},{"taxonomy":"post_tag","embeddable":true,"href":"https:\/\/www.sonoraenequipo.com.mx\/api\/wp\/v2\/tags?post=160354"}],"curies":[{"name":"wp","href":"https:\/\/api.w.org\/{rel}","templated":true}]}}