{"id":160740,"date":"2023-03-13T14:11:24","date_gmt":"2023-03-13T21:11:24","guid":{"rendered":"https:\/\/www.sonoraenequipo.com.mx\/?p=160740"},"modified":"2023-03-13T14:11:24","modified_gmt":"2023-03-13T21:11:24","slug":"registra-transito-de-hermosillo-36-accidentes-viales-del-6-al-12-de-marzo","status":"publish","type":"post","link":"https:\/\/www.sonoraenequipo.com.mx\/registra-transito-de-hermosillo-36-accidentes-viales-del-6-al-12-de-marzo\/","title":{"rendered":"Registra Tr\u00e1nsito de Hermosillo 36 accidentes viales \u00a0del 6 al 12 de marzo"},"content":{"rendered":"<ul>\n<li>Resultaron 22 personas\u00a0 lesionadas<\/li>\n<\/ul>\n<p><strong>HERMOSILLO, SONORA,MX.<\/strong><strong>\u2500\u2500<\/strong> El Departamento de Tr\u00e1nsito Municipal atendi\u00f3 36 reportes de accidentes viales, en los cuales 22 personas resultaron lesionadas.<\/p>\n<p>&nbsp;<\/p>\n<p>El director del departamento de Tr\u00e1nsito Municipal,\u00a0 Sergio V\u00e1ldez L\u00f3pez reiter\u00f3 el llamado de conducir a la defensiva, con precauci\u00f3n y respetando los se\u00f1alamientos viales.<\/p>\n<p>&nbsp;<\/p>\n<p>Indic\u00f3 que en el periodo de 06 al 12 de marzo se presentaron 25 choques, tres atropellamientos,\u00a0 un volcamiento, una ca\u00edda de pasajero, una salida se camino, entre otros.<\/p>\n<p>&nbsp;<\/p>\n<p>V\u00e1ldez L\u00f3pez mencion\u00f3 que las causas que originaron los percances fueron por alcance, invadir carril, no respetar el sem\u00e1foro, conducir en exceso de velocidad, entre otros.<\/p>\n<p>&nbsp;<\/p>\n<p>En esa semana se\u00f1al\u00f3 que 39 conductores quedaron a disposici\u00f3n del Juzgado C\u00edvico por manejar en estado de ebriedad y 65 fueron detectados en el Dispositivo de Evaluaci\u00f3n y Control de Tr\u00e1nsito (DECT).<\/p>\n<p>&nbsp;<\/p>\n<p>Dijo que se realizaron 708 amonestaciones por conducir en exceso de velocidad,\u00a0 842 por no respetar el sem\u00e1foro y 735 por estacionarse en zona prohibida.<\/p>\n<p><strong><em><u>Fecha de publicaci\u00f3n lunes 13\u00a0 de marzo de 2023 con informaci\u00f3n de boletines<\/u><\/em><\/strong><\/p>\n","protected":false},"excerpt":{"rendered":"<p>Resultaron 22 personas\u00a0 lesionadas HERMOSILLO, SONORA,MX.\u2500\u2500 El Departamento de Tr\u00e1nsito Municipal atendi\u00f3 36 reportes de&#8230;<\/p>\n","protected":false},"author":1,"featured_media":118298,"comment_status":"open","ping_status":"open","sticky":false,"template":"","format":"standard","meta":{"_monsterinsights_skip_tracking":false,"_monsterinsights_sitenote_active":false,"_monsterinsights_sitenote_note":"","_monsterinsights_sitenote_category":0,"footnotes":""},"categories":[3144],"tags":[],"class_list":["post"],"yoast_head":" \n<title>Sonora en Equipo. Registra Tr\u00e1nsito de Hermosillo 36 accidentes viales \u00a0del 6 al 12 de marzo Polic\u00edaca<\/title>\n<meta name=\"description\" content=\"Resultaron 22 personas\u00a0 lesionadas HERMOSILLO, SONORA,MX.\u2500\u2500 El Departamento de Tr\u00e1nsito Municipal atendi\u00f3 36 reportes de accidentes viales, en los cuales En Sonora en Equipo publicamos toda la informaci\u00f3n de Sonora, M\u00e9xico y el Mundo de manera oportuna y busca que la libertad de expresi\u00f3n sea real. Visita nuestro medio informativo publicado desde Hermosillo, Sonora. %\" \/>\n<meta name=\"robots\" content=\"index, follow, max-snippet:-1, max-image-preview:large, max-video-preview:-1\" \/>\n<link rel=\"canonical\" href=\"https:\/\/www.sonoraenequipo.com.mx\/registra-transito-de-hermosillo-36-accidentes-viales-del-6-al-12-de-marzo\/\" \/>\n<meta property=\"og:locale\" content=\"es_ES\" \/>\n<meta property=\"og:type\" content=\"article\" \/>\n<meta property=\"og:title\" content=\"Sonora en Equipo. Registra Tr\u00e1nsito de Hermosillo 36 accidentes viales \u00a0del 6 al 12 de marzo Polic\u00edaca\" \/>\n<meta property=\"og:description\" content=\"Resultaron 22 personas\u00a0 lesionadas HERMOSILLO, SONORA,MX.\u2500\u2500 El Departamento de Tr\u00e1nsito Municipal atendi\u00f3 36 reportes de accidentes viales, en los cuales En Sonora en Equipo publicamos toda la informaci\u00f3n de Sonora, M\u00e9xico y el Mundo de manera oportuna y busca que la libertad de expresi\u00f3n sea real. Visita nuestro medio informativo publicado desde Hermosillo, Sonora. %\" \/>\n<meta property=\"og:url\" content=\"https:\/\/www.sonoraenequipo.com.mx\/registra-transito-de-hermosillo-36-accidentes-viales-del-6-al-12-de-marzo\/\" \/>\n<meta property=\"og:site_name\" content=\"Sonora en Equipo.\" \/>\n<meta property=\"article:publisher\" content=\"https:\/\/www.facebook.com\/SonoraEE\/\" \/>\n<meta property=\"article:author\" content=\"https:\/\/www.facebook.com\/SonoraEE\" \/>\n<meta property=\"article:published_time\" content=\"2023-03-13T21:11:24+00:00\" \/>\n<meta property=\"og:image\" content=\"https:\/\/www.sonoraenequipo.com.mx\/storage\/2021\/07\/choque-hmo.jpg\" \/>\n\t<meta property=\"og:image:width\" content=\"700\" \/>\n\t<meta property=\"og:image:height\" content=\"400\" \/>\n\t<meta property=\"og:image:type\" content=\"image\/jpeg\" \/>\n<meta name=\"author\" content=\"enequipo\" \/>\n<meta name=\"twitter:card\" content=\"summary_large_image\" \/>\n<meta name=\"twitter:creator\" content=\"@sonoraenequipo\" \/>\n<meta name=\"twitter:site\" content=\"@sonoraenequipo\" \/>\n<meta name=\"twitter:label1\" content=\"Escrito por\" \/>\n\t<meta name=\"twitter:data1\" content=\"enequipo\" \/>\n\t<meta name=\"twitter:label2\" content=\"Tiempo de lectura\" \/>\n\t<meta name=\"twitter:data2\" content=\"1 minuto\" \/>\n<script type=\"application\/ld+json\" class=\"yoast-schema-graph\">{\"@context\":\"https:\/\/schema.org\",\"@graph\":[{\"@type\":\"Article\",\"@id\":\"https:\/\/www.sonoraenequipo.com.mx\/registra-transito-de-hermosillo-36-accidentes-viales-del-6-al-12-de-marzo\/#article\",\"isPartOf\":{\"@id\":\"https:\/\/www.sonoraenequipo.com.mx\/registra-transito-de-hermosillo-36-accidentes-viales-del-6-al-12-de-marzo\/\"},\"author\":{\"name\":\"enequipo\",\"@id\":\"https:\/\/www.sonoraenequipo.com.mx\/#\/schema\/person\/50102df0fb23a8fa9e8effad8fa81386\"},\"headline\":\"Registra Tr\u00e1nsito de Hermosillo 36 accidentes viales \u00a0del 6 al 12 de marzo\",\"datePublished\":\"2023-03-13T21:11:24+00:00\",\"mainEntityOfPage\":{\"@id\":\"https:\/\/www.sonoraenequipo.com.mx\/registra-transito-de-hermosillo-36-accidentes-viales-del-6-al-12-de-marzo\/\"},\"wordCount\":197,\"commentCount\":0,\"publisher\":{\"@id\":\"https:\/\/www.sonoraenequipo.com.mx\/#organization\"},\"image\":{\"@id\":\"https:\/\/www.sonoraenequipo.com.mx\/registra-transito-de-hermosillo-36-accidentes-viales-del-6-al-12-de-marzo\/#primaryimage\"},\"thumbnailUrl\":\"https:\/\/www.sonoraenequipo.com.mx\/storage\/2021\/07\/choque-hmo.jpg\",\"articleSection\":[\"Polic\u00edaca\"],\"inLanguage\":\"es\",\"potentialAction\":[{\"@type\":\"CommentAction\",\"name\":\"Comment\",\"target\":[\"https:\/\/www.sonoraenequipo.com.mx\/registra-transito-de-hermosillo-36-accidentes-viales-del-6-al-12-de-marzo\/#respond\"]}]},{\"@type\":\"WebPage\",\"@id\":\"https:\/\/www.sonoraenequipo.com.mx\/registra-transito-de-hermosillo-36-accidentes-viales-del-6-al-12-de-marzo\/\",\"url\":\"https:\/\/www.sonoraenequipo.com.mx\/registra-transito-de-hermosillo-36-accidentes-viales-del-6-al-12-de-marzo\/\",\"name\":\"Sonora en Equipo. Registra Tr\u00e1nsito de Hermosillo 36 accidentes viales \u00a0del 6 al 12 de marzo Polic\u00edaca\",\"isPartOf\":{\"@id\":\"https:\/\/www.sonoraenequipo.com.mx\/#website\"},\"primaryImageOfPage\":{\"@id\":\"https:\/\/www.sonoraenequipo.com.mx\/registra-transito-de-hermosillo-36-accidentes-viales-del-6-al-12-de-marzo\/#primaryimage\"},\"image\":{\"@id\":\"https:\/\/www.sonoraenequipo.com.mx\/registra-transito-de-hermosillo-36-accidentes-viales-del-6-al-12-de-marzo\/#primaryimage\"},\"thumbnailUrl\":\"https:\/\/www.sonoraenequipo.com.mx\/storage\/2021\/07\/choque-hmo.jpg\",\"datePublished\":\"2023-03-13T21:11:24+00:00\",\"description\":\"Resultaron 22 personas\u00a0 lesionadas HERMOSILLO, SONORA,MX.\u2500\u2500 El Departamento de Tr\u00e1nsito Municipal atendi\u00f3 36 reportes de accidentes viales, en los cuales En Sonora en Equipo publicamos toda la informaci\u00f3n de Sonora, M\u00e9xico y el Mundo de manera oportuna y busca que la libertad de expresi\u00f3n sea real. Visita nuestro medio informativo publicado desde Hermosillo, Sonora. %\",\"breadcrumb\":{\"@id\":\"https:\/\/www.sonoraenequipo.com.mx\/registra-transito-de-hermosillo-36-accidentes-viales-del-6-al-12-de-marzo\/#breadcrumb\"},\"inLanguage\":\"es\",\"potentialAction\":[{\"@type\":\"ReadAction\",\"target\":[\"https:\/\/www.sonoraenequipo.com.mx\/registra-transito-de-hermosillo-36-accidentes-viales-del-6-al-12-de-marzo\/\"]}]},{\"@type\":\"ImageObject\",\"inLanguage\":\"es\",\"@id\":\"https:\/\/www.sonoraenequipo.com.mx\/registra-transito-de-hermosillo-36-accidentes-viales-del-6-al-12-de-marzo\/#primaryimage\",\"url\":\"https:\/\/www.sonoraenequipo.com.mx\/storage\/2021\/07\/choque-hmo.jpg\",\"contentUrl\":\"https:\/\/www.sonoraenequipo.com.mx\/storage\/2021\/07\/choque-hmo.jpg\",\"width\":700,\"height\":400,\"caption\":\"imagen Expreso, para ilustrar\"},{\"@type\":\"BreadcrumbList\",\"@id\":\"https:\/\/www.sonoraenequipo.com.mx\/registra-transito-de-hermosillo-36-accidentes-viales-del-6-al-12-de-marzo\/#breadcrumb\",\"itemListElement\":[{\"@type\":\"ListItem\",\"position\":1,\"name\":\"Portada\",\"item\":\"https:\/\/www.sonoraenequipo.com.mx\/\"},{\"@type\":\"ListItem\",\"position\":2,\"name\":\"Registra Tr\u00e1nsito de Hermosillo 36 accidentes viales \u00a0del 6 al 12 de marzo\"}]},{\"@type\":\"WebSite\",\"@id\":\"https:\/\/www.sonoraenequipo.com.mx\/#website\",\"url\":\"https:\/\/www.sonoraenequipo.com.mx\/\",\"name\":\"Sonora en Equipo.\",\"description\":\"Diario en l\u00ednea con Noticias desde Hermosillo, Sonora\",\"publisher\":{\"@id\":\"https:\/\/www.sonoraenequipo.com.mx\/#organization\"},\"potentialAction\":[{\"@type\":\"SearchAction\",\"target\":{\"@type\":\"EntryPoint\",\"urlTemplate\":\"https:\/\/www.sonoraenequipo.com.mx\/?s={search_term_string}\"},\"query-input\":{\"@type\":\"PropertyValueSpecification\",\"valueRequired\":true,\"valueName\":\"search_term_string\"}}],\"inLanguage\":\"es\"},{\"@type\":\"Organization\",\"@id\":\"https:\/\/www.sonoraenequipo.com.mx\/#organization\",\"name\":\"Sonoraenequipo.com.mx\",\"url\":\"https:\/\/www.sonoraenequipo.com.mx\/\",\"logo\":{\"@type\":\"ImageObject\",\"inLanguage\":\"es\",\"@id\":\"https:\/\/www.sonoraenequipo.com.mx\/#\/schema\/logo\/image\/\",\"url\":\"https:\/\/www.sonoraenequipo.com.mx\/storage\/2019\/01\/sonoraenequipo_opt.png\",\"contentUrl\":\"https:\/\/www.sonoraenequipo.com.mx\/storage\/2019\/01\/sonoraenequipo_opt.png\",\"width\":375,\"height\":125,\"caption\":\"Sonoraenequipo.com.mx\"},\"image\":{\"@id\":\"https:\/\/www.sonoraenequipo.com.mx\/#\/schema\/logo\/image\/\"},\"sameAs\":[\"https:\/\/www.facebook.com\/SonoraEE\/\",\"https:\/\/x.com\/sonoraenequipo\",\"https:\/\/www.youtube.com\/channel\/UC338nW-lPEYmJQs4ZABQ1SQ\"]},{\"@type\":\"Person\",\"@id\":\"https:\/\/www.sonoraenequipo.com.mx\/#\/schema\/person\/50102df0fb23a8fa9e8effad8fa81386\",\"name\":\"enequipo\",\"image\":{\"@type\":\"ImageObject\",\"inLanguage\":\"es\",\"@id\":\"https:\/\/www.sonoraenequipo.com.mx\/#\/schema\/person\/image\/\",\"url\":\"https:\/\/secure.gravatar.com\/avatar\/049821681b589dabc0bc20695993ccebb09f5b5d4d790cd9251b97faac7c652b?s=96&d=blank&r=g\",\"contentUrl\":\"https:\/\/secure.gravatar.com\/avatar\/049821681b589dabc0bc20695993ccebb09f5b5d4d790cd9251b97faac7c652b?s=96&d=blank&r=g\",\"caption\":\"enequipo\"},\"sameAs\":[\"https:\/\/www.facebook.com\/SonoraEE\"]}]}<\/script>\n ","yoast_head_json":{"title":"Sonora en Equipo. Registra Tr\u00e1nsito de Hermosillo 36 accidentes viales \u00a0del 6 al 12 de marzo Polic\u00edaca","description":"Resultaron 22 personas\u00a0 lesionadas HERMOSILLO, SONORA,MX.\u2500\u2500 El Departamento de Tr\u00e1nsito Municipal atendi\u00f3 36 reportes de accidentes viales, en los cuales En Sonora en Equipo publicamos toda la informaci\u00f3n de Sonora, M\u00e9xico y el Mundo de manera oportuna y busca que la libertad de expresi\u00f3n sea real. Visita nuestro medio informativo publicado desde Hermosillo, Sonora. %","robots":{"index":"index","follow":"follow","max-snippet":"max-snippet:-1","max-image-preview":"max-image-preview:large","max-video-preview":"max-video-preview:-1"},"canonical":"https:\/\/www.sonoraenequipo.com.mx\/registra-transito-de-hermosillo-36-accidentes-viales-del-6-al-12-de-marzo\/","og_locale":"es_ES","og_type":"article","og_title":"Sonora en Equipo. Registra Tr\u00e1nsito de Hermosillo 36 accidentes viales \u00a0del 6 al 12 de marzo Polic\u00edaca","og_description":"Resultaron 22 personas\u00a0 lesionadas HERMOSILLO, SONORA,MX.\u2500\u2500 El Departamento de Tr\u00e1nsito Municipal atendi\u00f3 36 reportes de accidentes viales, en los cuales En Sonora en Equipo publicamos toda la informaci\u00f3n de Sonora, M\u00e9xico y el Mundo de manera oportuna y busca que la libertad de expresi\u00f3n sea real. Visita nuestro medio informativo publicado desde Hermosillo, Sonora. %","og_url":"https:\/\/www.sonoraenequipo.com.mx\/registra-transito-de-hermosillo-36-accidentes-viales-del-6-al-12-de-marzo\/","og_site_name":"Sonora en Equipo.","article_publisher":"https:\/\/www.facebook.com\/SonoraEE\/","article_author":"https:\/\/www.facebook.com\/SonoraEE","article_published_time":"2023-03-13T21:11:24+00:00","og_image":[{"width":700,"height":400,"url":"https:\/\/www.sonoraenequipo.com.mx\/storage\/2021\/07\/choque-hmo.jpg","type":"image\/jpeg"}],"author":"enequipo","twitter_card":"summary_large_image","twitter_creator":"@sonoraenequipo","twitter_site":"@sonoraenequipo","twitter_misc":{"Escrito por":"enequipo","Tiempo de lectura":"1 minuto"},"schema":{"@context":"https:\/\/schema.org","@graph":[{"@type":"Article","@id":"https:\/\/www.sonoraenequipo.com.mx\/registra-transito-de-hermosillo-36-accidentes-viales-del-6-al-12-de-marzo\/#article","isPartOf":{"@id":"https:\/\/www.sonoraenequipo.com.mx\/registra-transito-de-hermosillo-36-accidentes-viales-del-6-al-12-de-marzo\/"},"author":{"name":"enequipo","@id":"https:\/\/www.sonoraenequipo.com.mx\/#\/schema\/person\/50102df0fb23a8fa9e8effad8fa81386"},"headline":"Registra Tr\u00e1nsito de Hermosillo 36 accidentes viales \u00a0del 6 al 12 de marzo","datePublished":"2023-03-13T21:11:24+00:00","mainEntityOfPage":{"@id":"https:\/\/www.sonoraenequipo.com.mx\/registra-transito-de-hermosillo-36-accidentes-viales-del-6-al-12-de-marzo\/"},"wordCount":197,"commentCount":0,"publisher":{"@id":"https:\/\/www.sonoraenequipo.com.mx\/#organization"},"image":{"@id":"https:\/\/www.sonoraenequipo.com.mx\/registra-transito-de-hermosillo-36-accidentes-viales-del-6-al-12-de-marzo\/#primaryimage"},"thumbnailUrl":"https:\/\/www.sonoraenequipo.com.mx\/storage\/2021\/07\/choque-hmo.jpg","articleSection":["Polic\u00edaca"],"inLanguage":"es","potentialAction":[{"@type":"CommentAction","name":"Comment","target":["https:\/\/www.sonoraenequipo.com.mx\/registra-transito-de-hermosillo-36-accidentes-viales-del-6-al-12-de-marzo\/#respond"]}]},{"@type":"WebPage","@id":"https:\/\/www.sonoraenequipo.com.mx\/registra-transito-de-hermosillo-36-accidentes-viales-del-6-al-12-de-marzo\/","url":"https:\/\/www.sonoraenequipo.com.mx\/registra-transito-de-hermosillo-36-accidentes-viales-del-6-al-12-de-marzo\/","name":"Sonora en Equipo. Registra Tr\u00e1nsito de Hermosillo 36 accidentes viales \u00a0del 6 al 12 de marzo Polic\u00edaca","isPartOf":{"@id":"https:\/\/www.sonoraenequipo.com.mx\/#website"},"primaryImageOfPage":{"@id":"https:\/\/www.sonoraenequipo.com.mx\/registra-transito-de-hermosillo-36-accidentes-viales-del-6-al-12-de-marzo\/#primaryimage"},"image":{"@id":"https:\/\/www.sonoraenequipo.com.mx\/registra-transito-de-hermosillo-36-accidentes-viales-del-6-al-12-de-marzo\/#primaryimage"},"thumbnailUrl":"https:\/\/www.sonoraenequipo.com.mx\/storage\/2021\/07\/choque-hmo.jpg","datePublished":"2023-03-13T21:11:24+00:00","description":"Resultaron 22 personas\u00a0 lesionadas HERMOSILLO, SONORA,MX.\u2500\u2500 El Departamento de Tr\u00e1nsito Municipal atendi\u00f3 36 reportes de accidentes viales, en los cuales En Sonora en Equipo publicamos toda la informaci\u00f3n de Sonora, M\u00e9xico y el Mundo de manera oportuna y busca que la libertad de expresi\u00f3n sea real. Visita nuestro medio informativo publicado desde Hermosillo, Sonora. %","breadcrumb":{"@id":"https:\/\/www.sonoraenequipo.com.mx\/registra-transito-de-hermosillo-36-accidentes-viales-del-6-al-12-de-marzo\/#breadcrumb"},"inLanguage":"es","potentialAction":[{"@type":"ReadAction","target":["https:\/\/www.sonoraenequipo.com.mx\/registra-transito-de-hermosillo-36-accidentes-viales-del-6-al-12-de-marzo\/"]}]},{"@type":"ImageObject","inLanguage":"es","@id":"https:\/\/www.sonoraenequipo.com.mx\/registra-transito-de-hermosillo-36-accidentes-viales-del-6-al-12-de-marzo\/#primaryimage","url":"https:\/\/www.sonoraenequipo.com.mx\/storage\/2021\/07\/choque-hmo.jpg","contentUrl":"https:\/\/www.sonoraenequipo.com.mx\/storage\/2021\/07\/choque-hmo.jpg","width":700,"height":400,"caption":"imagen Expreso, para ilustrar"},{"@type":"BreadcrumbList","@id":"https:\/\/www.sonoraenequipo.com.mx\/registra-transito-de-hermosillo-36-accidentes-viales-del-6-al-12-de-marzo\/#breadcrumb","itemListElement":[{"@type":"ListItem","position":1,"name":"Portada","item":"https:\/\/www.sonoraenequipo.com.mx\/"},{"@type":"ListItem","position":2,"name":"Registra Tr\u00e1nsito de Hermosillo 36 accidentes viales \u00a0del 6 al 12 de marzo"}]},{"@type":"WebSite","@id":"https:\/\/www.sonoraenequipo.com.mx\/#website","url":"https:\/\/www.sonoraenequipo.com.mx\/","name":"Sonora en Equipo.","description":"Diario en l\u00ednea con Noticias desde Hermosillo, Sonora","publisher":{"@id":"https:\/\/www.sonoraenequipo.com.mx\/#organization"},"potentialAction":[{"@type":"SearchAction","target":{"@type":"EntryPoint","urlTemplate":"https:\/\/www.sonoraenequipo.com.mx\/?s={search_term_string}"},"query-input":{"@type":"PropertyValueSpecification","valueRequired":true,"valueName":"search_term_string"}}],"inLanguage":"es"},{"@type":"Organization","@id":"https:\/\/www.sonoraenequipo.com.mx\/#organization","name":"Sonoraenequipo.com.mx","url":"https:\/\/www.sonoraenequipo.com.mx\/","logo":{"@type":"ImageObject","inLanguage":"es","@id":"https:\/\/www.sonoraenequipo.com.mx\/#\/schema\/logo\/image\/","url":"https:\/\/www.sonoraenequipo.com.mx\/storage\/2019\/01\/sonoraenequipo_opt.png","contentUrl":"https:\/\/www.sonoraenequipo.com.mx\/storage\/2019\/01\/sonoraenequipo_opt.png","width":375,"height":125,"caption":"Sonoraenequipo.com.mx"},"image":{"@id":"https:\/\/www.sonoraenequipo.com.mx\/#\/schema\/logo\/image\/"},"sameAs":["https:\/\/www.facebook.com\/SonoraEE\/","https:\/\/x.com\/sonoraenequipo","https:\/\/www.youtube.com\/channel\/UC338nW-lPEYmJQs4ZABQ1SQ"]},{"@type":"Person","@id":"https:\/\/www.sonoraenequipo.com.mx\/#\/schema\/person\/50102df0fb23a8fa9e8effad8fa81386","name":"enequipo","image":{"@type":"ImageObject","inLanguage":"es","@id":"https:\/\/www.sonoraenequipo.com.mx\/#\/schema\/person\/image\/","url":"https:\/\/secure.gravatar.com\/avatar\/049821681b589dabc0bc20695993ccebb09f5b5d4d790cd9251b97faac7c652b?s=96&d=blank&r=g","contentUrl":"https:\/\/secure.gravatar.com\/avatar\/049821681b589dabc0bc20695993ccebb09f5b5d4d790cd9251b97faac7c652b?s=96&d=blank&r=g","caption":"enequipo"},"sameAs":["https:\/\/www.facebook.com\/SonoraEE"]}]}},"jetpack_featured_media_url":"https:\/\/www.sonoraenequipo.com.mx\/storage\/2021\/07\/choque-hmo.jpg","_links":{"self":[{"href":"https:\/\/www.sonoraenequipo.com.mx\/api\/wp\/v2\/posts\/160740","targetHints":{"allow":["GET"]}}],"collection":[{"href":"https:\/\/www.sonoraenequipo.com.mx\/api\/wp\/v2\/posts"}],"about":[{"href":"https:\/\/www.sonoraenequipo.com.mx\/api\/wp\/v2\/types\/post"}],"author":[{"embeddable":true,"href":"https:\/\/www.sonoraenequipo.com.mx\/api\/wp\/v2\/users\/1"}],"replies":[{"embeddable":true,"href":"https:\/\/www.sonoraenequipo.com.mx\/api\/wp\/v2\/comments?post=160740"}],"version-history":[{"count":1,"href":"https:\/\/www.sonoraenequipo.com.mx\/api\/wp\/v2\/posts\/160740\/revisions"}],"predecessor-version":[{"id":160741,"href":"https:\/\/www.sonoraenequipo.com.mx\/api\/wp\/v2\/posts\/160740\/revisions\/160741"}],"wp:featuredmedia":[{"embeddable":true,"href":"https:\/\/www.sonoraenequipo.com.mx\/api\/wp\/v2\/media\/118298"}],"wp:attachment":[{"href":"https:\/\/www.sonoraenequipo.com.mx\/api\/wp\/v2\/media?parent=160740"}],"wp:term":[{"taxonomy":"category","embeddable":true,"href":"https:\/\/www.sonoraenequipo.com.mx\/api\/wp\/v2\/categories?post=160740"},{"taxonomy":"post_tag","embeddable":true,"href":"https:\/\/www.sonoraenequipo.com.mx\/api\/wp\/v2\/tags?post=160740"}],"curies":[{"name":"wp","href":"https:\/\/api.w.org\/{rel}","templated":true}]}}