{"id":160742,"date":"2023-03-13T14:32:24","date_gmt":"2023-03-13T21:32:24","guid":{"rendered":"https:\/\/www.sonoraenequipo.com.mx\/?p=160742"},"modified":"2023-03-13T14:33:13","modified_gmt":"2023-03-13T21:33:13","slug":"plan-sonora-pone-al-estado-a-la-vanguardia-mundial-en-la-lucha-contra-el-cambio-climatico-alfonso-durazo","status":"publish","type":"post","link":"https:\/\/www.sonoraenequipo.com.mx\/plan-sonora-pone-al-estado-a-la-vanguardia-mundial-en-la-lucha-contra-el-cambio-climatico-alfonso-durazo\/","title":{"rendered":"Plan Sonora pone al estado a la vanguardia mundial en la lucha contra el cambio clim\u00e1tico: Alfonso Durazo"},"content":{"rendered":"<p><strong>HERMOSILLO, SONORA,MX.<\/strong><strong>\u2500\u2500<\/strong> El Plan Sonora de Energ\u00eda Sostenible es una iniciativa que contribuye a luchar contra el cambio clim\u00e1tico, uno de los mayores desaf\u00edos pol\u00edticos contempor\u00e1neos, mediante medidas estelares que ayudar\u00e1n a descarbonizar la econom\u00eda a trav\u00e9s del aprovechamiento de energ\u00edas limpias, asever\u00f3 el gobernador Alfonso Durazo Monta\u00f1o.<\/p>\n<p>&nbsp;<\/p>\n<p>&nbsp;<\/p>\n<p>&nbsp;<\/p>\n<p>En el marco del foro Energ\u00edas Sostenibles: Prosperidad y Desarrollo, promovido por el diario espa\u00f1ol El Pa\u00eds, el mandatario estatal resalt\u00f3 la relevancia del Plan Sonora, ya que ha tenido eco en todo el mundo, despertando un inter\u00e9s natural por el proyecto que se desarrolla en la entidad en favor de las energ\u00edas sustentables.<\/p>\n<p>&nbsp;<\/p>\n<p>&nbsp;<\/p>\n<p>&nbsp;<\/p>\n<p>\u201cCon estas vertientes haremos una aportaci\u00f3n hist\u00f3rica a la lucha contra el cambio clim\u00e1tico. En la reuni\u00f3n que tuvimos con John Kerry se le plante\u00f3 el proyecto de nuestro pa\u00eds, y mencion\u00f3 en aquel momento que esta iniciativa pondr\u00eda a M\u00e9xico y al presidente L\u00f3pez Obrador a la vanguardia en la lucha contra el cambio clim\u00e1tico\u201d, indic\u00f3.<\/p>\n<p>&nbsp;<\/p>\n<p>&nbsp;<\/p>\n<p>&nbsp;<\/p>\n<p>El gobernador Durazo Monta\u00f1o expuso que el Plan Sonora contempla el aprovechamiento de energ\u00eda solar, explotaci\u00f3n del litio con el fin de fabricar bater\u00edas para autos el\u00e9ctricos, licuefacci\u00f3n de gas natural y modernizaci\u00f3n del puerto de Guaymas.<\/p>\n<p>&nbsp;<\/p>\n<p>&nbsp;<\/p>\n<p>&nbsp;<\/p>\n<p>Jan Mart\u00ednez Ahrens, director de El Pa\u00eds Am\u00e9rica, destac\u00f3 que el Plan Sonora es un proyecto que busca la reducci\u00f3n de emisiones y la inversi\u00f3n en energ\u00edas limpias para luchar, desde la inteligencia cient\u00edfica, en contra del cambio clim\u00e1tico, la mayor amenaza sobre la humanidad.<\/p>\n","protected":false},"excerpt":{"rendered":"<p>HERMOSILLO, SONORA,MX.\u2500\u2500 El Plan Sonora de Energ\u00eda Sostenible es una iniciativa que contribuye a luchar&#8230;<\/p>\n","protected":false},"author":1,"featured_media":160743,"comment_status":"open","ping_status":"open","sticky":false,"template":"","format":"standard","meta":{"_monsterinsights_skip_tracking":false,"_monsterinsights_sitenote_active":false,"_monsterinsights_sitenote_note":"","_monsterinsights_sitenote_category":0,"footnotes":""},"categories":[22],"tags":[6249,15],"class_list":["post"],"yoast_head":" \n<title>Sonora en Equipo. Plan Sonora pone al estado a la vanguardia mundial en la lucha contra el cambio clim\u00e1tico: Alfonso Durazo Sonora<\/title>\n<meta name=\"description\" content=\"HERMOSILLO, SONORA,MX.\u2500\u2500 El Plan Sonora de Energ\u00eda Sostenible es una iniciativa que contribuye a luchar contra el cambio clim\u00e1tico, uno de los mayores En Sonora en Equipo publicamos toda la informaci\u00f3n de Sonora, M\u00e9xico y el Mundo de manera oportuna y busca que la libertad de expresi\u00f3n sea real. Visita nuestro medio informativo publicado desde Hermosillo, Sonora. %\" \/>\n<meta name=\"robots\" content=\"index, follow, max-snippet:-1, max-image-preview:large, max-video-preview:-1\" \/>\n<link rel=\"canonical\" href=\"https:\/\/www.sonoraenequipo.com.mx\/plan-sonora-pone-al-estado-a-la-vanguardia-mundial-en-la-lucha-contra-el-cambio-climatico-alfonso-durazo\/\" \/>\n<meta property=\"og:locale\" content=\"es_ES\" \/>\n<meta property=\"og:type\" content=\"article\" \/>\n<meta property=\"og:title\" content=\"Sonora en Equipo. Plan Sonora pone al estado a la vanguardia mundial en la lucha contra el cambio clim\u00e1tico: Alfonso Durazo Sonora\" \/>\n<meta property=\"og:description\" content=\"HERMOSILLO, SONORA,MX.\u2500\u2500 El Plan Sonora de Energ\u00eda Sostenible es una iniciativa que contribuye a luchar contra el cambio clim\u00e1tico, uno de los mayores En Sonora en Equipo publicamos toda la informaci\u00f3n de Sonora, M\u00e9xico y el Mundo de manera oportuna y busca que la libertad de expresi\u00f3n sea real. Visita nuestro medio informativo publicado desde Hermosillo, Sonora. %\" \/>\n<meta property=\"og:url\" content=\"https:\/\/www.sonoraenequipo.com.mx\/plan-sonora-pone-al-estado-a-la-vanguardia-mundial-en-la-lucha-contra-el-cambio-climatico-alfonso-durazo\/\" \/>\n<meta property=\"og:site_name\" content=\"Sonora en Equipo.\" \/>\n<meta property=\"article:publisher\" content=\"https:\/\/www.facebook.com\/SonoraEE\/\" \/>\n<meta property=\"article:author\" content=\"https:\/\/www.facebook.com\/SonoraEE\" \/>\n<meta property=\"article:published_time\" content=\"2023-03-13T21:32:24+00:00\" \/>\n<meta property=\"article:modified_time\" content=\"2023-03-13T21:33:13+00:00\" \/>\n<meta property=\"og:image\" content=\"https:\/\/www.sonoraenequipo.com.mx\/storage\/2023\/03\/plan.jpg\" \/>\n\t<meta property=\"og:image:width\" content=\"600\" \/>\n\t<meta property=\"og:image:height\" content=\"401\" \/>\n\t<meta property=\"og:image:type\" content=\"image\/jpeg\" \/>\n<meta name=\"author\" content=\"enequipo\" \/>\n<meta name=\"twitter:card\" content=\"summary_large_image\" \/>\n<meta name=\"twitter:creator\" content=\"@sonoraenequipo\" \/>\n<meta name=\"twitter:site\" content=\"@sonoraenequipo\" \/>\n<meta name=\"twitter:label1\" content=\"Escrito por\" \/>\n\t<meta name=\"twitter:data1\" content=\"enequipo\" \/>\n\t<meta name=\"twitter:label2\" content=\"Tiempo de lectura\" \/>\n\t<meta name=\"twitter:data2\" content=\"1 minuto\" \/>\n<script type=\"application\/ld+json\" class=\"yoast-schema-graph\">{\"@context\":\"https:\/\/schema.org\",\"@graph\":[{\"@type\":\"Article\",\"@id\":\"https:\/\/www.sonoraenequipo.com.mx\/plan-sonora-pone-al-estado-a-la-vanguardia-mundial-en-la-lucha-contra-el-cambio-climatico-alfonso-durazo\/#article\",\"isPartOf\":{\"@id\":\"https:\/\/www.sonoraenequipo.com.mx\/plan-sonora-pone-al-estado-a-la-vanguardia-mundial-en-la-lucha-contra-el-cambio-climatico-alfonso-durazo\/\"},\"author\":{\"name\":\"enequipo\",\"@id\":\"https:\/\/www.sonoraenequipo.com.mx\/#\/schema\/person\/50102df0fb23a8fa9e8effad8fa81386\"},\"headline\":\"Plan Sonora pone al estado a la vanguardia mundial en la lucha contra el cambio clim\u00e1tico: Alfonso Durazo\",\"datePublished\":\"2023-03-13T21:32:24+00:00\",\"dateModified\":\"2023-03-13T21:33:13+00:00\",\"mainEntityOfPage\":{\"@id\":\"https:\/\/www.sonoraenequipo.com.mx\/plan-sonora-pone-al-estado-a-la-vanguardia-mundial-en-la-lucha-contra-el-cambio-climatico-alfonso-durazo\/\"},\"wordCount\":312,\"commentCount\":0,\"publisher\":{\"@id\":\"https:\/\/www.sonoraenequipo.com.mx\/#organization\"},\"image\":{\"@id\":\"https:\/\/www.sonoraenequipo.com.mx\/plan-sonora-pone-al-estado-a-la-vanguardia-mundial-en-la-lucha-contra-el-cambio-climatico-alfonso-durazo\/#primaryimage\"},\"thumbnailUrl\":\"https:\/\/www.sonoraenequipo.com.mx\/storage\/2023\/03\/plan.jpg\",\"keywords\":[\"PLAN\",\"Sonora\"],\"articleSection\":[\"Sonora\"],\"inLanguage\":\"es\",\"potentialAction\":[{\"@type\":\"CommentAction\",\"name\":\"Comment\",\"target\":[\"https:\/\/www.sonoraenequipo.com.mx\/plan-sonora-pone-al-estado-a-la-vanguardia-mundial-en-la-lucha-contra-el-cambio-climatico-alfonso-durazo\/#respond\"]}]},{\"@type\":\"WebPage\",\"@id\":\"https:\/\/www.sonoraenequipo.com.mx\/plan-sonora-pone-al-estado-a-la-vanguardia-mundial-en-la-lucha-contra-el-cambio-climatico-alfonso-durazo\/\",\"url\":\"https:\/\/www.sonoraenequipo.com.mx\/plan-sonora-pone-al-estado-a-la-vanguardia-mundial-en-la-lucha-contra-el-cambio-climatico-alfonso-durazo\/\",\"name\":\"Sonora en Equipo. Plan Sonora pone al estado a la vanguardia mundial en la lucha contra el cambio clim\u00e1tico: Alfonso Durazo Sonora\",\"isPartOf\":{\"@id\":\"https:\/\/www.sonoraenequipo.com.mx\/#website\"},\"primaryImageOfPage\":{\"@id\":\"https:\/\/www.sonoraenequipo.com.mx\/plan-sonora-pone-al-estado-a-la-vanguardia-mundial-en-la-lucha-contra-el-cambio-climatico-alfonso-durazo\/#primaryimage\"},\"image\":{\"@id\":\"https:\/\/www.sonoraenequipo.com.mx\/plan-sonora-pone-al-estado-a-la-vanguardia-mundial-en-la-lucha-contra-el-cambio-climatico-alfonso-durazo\/#primaryimage\"},\"thumbnailUrl\":\"https:\/\/www.sonoraenequipo.com.mx\/storage\/2023\/03\/plan.jpg\",\"datePublished\":\"2023-03-13T21:32:24+00:00\",\"dateModified\":\"2023-03-13T21:33:13+00:00\",\"description\":\"HERMOSILLO, SONORA,MX.\u2500\u2500 El Plan Sonora de Energ\u00eda Sostenible es una iniciativa que contribuye a luchar contra el cambio clim\u00e1tico, uno de los mayores En Sonora en Equipo publicamos toda la informaci\u00f3n de Sonora, M\u00e9xico y el Mundo de manera oportuna y busca que la libertad de expresi\u00f3n sea real. Visita nuestro medio informativo publicado desde Hermosillo, Sonora. %\",\"breadcrumb\":{\"@id\":\"https:\/\/www.sonoraenequipo.com.mx\/plan-sonora-pone-al-estado-a-la-vanguardia-mundial-en-la-lucha-contra-el-cambio-climatico-alfonso-durazo\/#breadcrumb\"},\"inLanguage\":\"es\",\"potentialAction\":[{\"@type\":\"ReadAction\",\"target\":[\"https:\/\/www.sonoraenequipo.com.mx\/plan-sonora-pone-al-estado-a-la-vanguardia-mundial-en-la-lucha-contra-el-cambio-climatico-alfonso-durazo\/\"]}]},{\"@type\":\"ImageObject\",\"inLanguage\":\"es\",\"@id\":\"https:\/\/www.sonoraenequipo.com.mx\/plan-sonora-pone-al-estado-a-la-vanguardia-mundial-en-la-lucha-contra-el-cambio-climatico-alfonso-durazo\/#primaryimage\",\"url\":\"https:\/\/www.sonoraenequipo.com.mx\/storage\/2023\/03\/plan.jpg\",\"contentUrl\":\"https:\/\/www.sonoraenequipo.com.mx\/storage\/2023\/03\/plan.jpg\",\"width\":600,\"height\":401},{\"@type\":\"BreadcrumbList\",\"@id\":\"https:\/\/www.sonoraenequipo.com.mx\/plan-sonora-pone-al-estado-a-la-vanguardia-mundial-en-la-lucha-contra-el-cambio-climatico-alfonso-durazo\/#breadcrumb\",\"itemListElement\":[{\"@type\":\"ListItem\",\"position\":1,\"name\":\"Portada\",\"item\":\"https:\/\/www.sonoraenequipo.com.mx\/\"},{\"@type\":\"ListItem\",\"position\":2,\"name\":\"Plan Sonora pone al estado a la vanguardia mundial en la lucha contra el cambio clim\u00e1tico: Alfonso Durazo\"}]},{\"@type\":\"WebSite\",\"@id\":\"https:\/\/www.sonoraenequipo.com.mx\/#website\",\"url\":\"https:\/\/www.sonoraenequipo.com.mx\/\",\"name\":\"Sonora en Equipo.\",\"description\":\"Diario en l\u00ednea con Noticias desde Hermosillo, Sonora\",\"publisher\":{\"@id\":\"https:\/\/www.sonoraenequipo.com.mx\/#organization\"},\"potentialAction\":[{\"@type\":\"SearchAction\",\"target\":{\"@type\":\"EntryPoint\",\"urlTemplate\":\"https:\/\/www.sonoraenequipo.com.mx\/?s={search_term_string}\"},\"query-input\":{\"@type\":\"PropertyValueSpecification\",\"valueRequired\":true,\"valueName\":\"search_term_string\"}}],\"inLanguage\":\"es\"},{\"@type\":\"Organization\",\"@id\":\"https:\/\/www.sonoraenequipo.com.mx\/#organization\",\"name\":\"Sonoraenequipo.com.mx\",\"url\":\"https:\/\/www.sonoraenequipo.com.mx\/\",\"logo\":{\"@type\":\"ImageObject\",\"inLanguage\":\"es\",\"@id\":\"https:\/\/www.sonoraenequipo.com.mx\/#\/schema\/logo\/image\/\",\"url\":\"https:\/\/www.sonoraenequipo.com.mx\/storage\/2019\/01\/sonoraenequipo_opt.png\",\"contentUrl\":\"https:\/\/www.sonoraenequipo.com.mx\/storage\/2019\/01\/sonoraenequipo_opt.png\",\"width\":375,\"height\":125,\"caption\":\"Sonoraenequipo.com.mx\"},\"image\":{\"@id\":\"https:\/\/www.sonoraenequipo.com.mx\/#\/schema\/logo\/image\/\"},\"sameAs\":[\"https:\/\/www.facebook.com\/SonoraEE\/\",\"https:\/\/x.com\/sonoraenequipo\",\"https:\/\/www.youtube.com\/channel\/UC338nW-lPEYmJQs4ZABQ1SQ\"]},{\"@type\":\"Person\",\"@id\":\"https:\/\/www.sonoraenequipo.com.mx\/#\/schema\/person\/50102df0fb23a8fa9e8effad8fa81386\",\"name\":\"enequipo\",\"image\":{\"@type\":\"ImageObject\",\"inLanguage\":\"es\",\"@id\":\"https:\/\/www.sonoraenequipo.com.mx\/#\/schema\/person\/image\/\",\"url\":\"https:\/\/secure.gravatar.com\/avatar\/049821681b589dabc0bc20695993ccebb09f5b5d4d790cd9251b97faac7c652b?s=96&d=blank&r=g\",\"contentUrl\":\"https:\/\/secure.gravatar.com\/avatar\/049821681b589dabc0bc20695993ccebb09f5b5d4d790cd9251b97faac7c652b?s=96&d=blank&r=g\",\"caption\":\"enequipo\"},\"sameAs\":[\"https:\/\/www.facebook.com\/SonoraEE\"]}]}<\/script>\n ","yoast_head_json":{"title":"Sonora en Equipo. Plan Sonora pone al estado a la vanguardia mundial en la lucha contra el cambio clim\u00e1tico: Alfonso Durazo Sonora","description":"HERMOSILLO, SONORA,MX.\u2500\u2500 El Plan Sonora de Energ\u00eda Sostenible es una iniciativa que contribuye a luchar contra el cambio clim\u00e1tico, uno de los mayores En Sonora en Equipo publicamos toda la informaci\u00f3n de Sonora, M\u00e9xico y el Mundo de manera oportuna y busca que la libertad de expresi\u00f3n sea real. Visita nuestro medio informativo publicado desde Hermosillo, Sonora. %","robots":{"index":"index","follow":"follow","max-snippet":"max-snippet:-1","max-image-preview":"max-image-preview:large","max-video-preview":"max-video-preview:-1"},"canonical":"https:\/\/www.sonoraenequipo.com.mx\/plan-sonora-pone-al-estado-a-la-vanguardia-mundial-en-la-lucha-contra-el-cambio-climatico-alfonso-durazo\/","og_locale":"es_ES","og_type":"article","og_title":"Sonora en Equipo. Plan Sonora pone al estado a la vanguardia mundial en la lucha contra el cambio clim\u00e1tico: Alfonso Durazo Sonora","og_description":"HERMOSILLO, SONORA,MX.\u2500\u2500 El Plan Sonora de Energ\u00eda Sostenible es una iniciativa que contribuye a luchar contra el cambio clim\u00e1tico, uno de los mayores En Sonora en Equipo publicamos toda la informaci\u00f3n de Sonora, M\u00e9xico y el Mundo de manera oportuna y busca que la libertad de expresi\u00f3n sea real. Visita nuestro medio informativo publicado desde Hermosillo, Sonora. %","og_url":"https:\/\/www.sonoraenequipo.com.mx\/plan-sonora-pone-al-estado-a-la-vanguardia-mundial-en-la-lucha-contra-el-cambio-climatico-alfonso-durazo\/","og_site_name":"Sonora en Equipo.","article_publisher":"https:\/\/www.facebook.com\/SonoraEE\/","article_author":"https:\/\/www.facebook.com\/SonoraEE","article_published_time":"2023-03-13T21:32:24+00:00","article_modified_time":"2023-03-13T21:33:13+00:00","og_image":[{"width":600,"height":401,"url":"https:\/\/www.sonoraenequipo.com.mx\/storage\/2023\/03\/plan.jpg","type":"image\/jpeg"}],"author":"enequipo","twitter_card":"summary_large_image","twitter_creator":"@sonoraenequipo","twitter_site":"@sonoraenequipo","twitter_misc":{"Escrito por":"enequipo","Tiempo de lectura":"1 minuto"},"schema":{"@context":"https:\/\/schema.org","@graph":[{"@type":"Article","@id":"https:\/\/www.sonoraenequipo.com.mx\/plan-sonora-pone-al-estado-a-la-vanguardia-mundial-en-la-lucha-contra-el-cambio-climatico-alfonso-durazo\/#article","isPartOf":{"@id":"https:\/\/www.sonoraenequipo.com.mx\/plan-sonora-pone-al-estado-a-la-vanguardia-mundial-en-la-lucha-contra-el-cambio-climatico-alfonso-durazo\/"},"author":{"name":"enequipo","@id":"https:\/\/www.sonoraenequipo.com.mx\/#\/schema\/person\/50102df0fb23a8fa9e8effad8fa81386"},"headline":"Plan Sonora pone al estado a la vanguardia mundial en la lucha contra el cambio clim\u00e1tico: Alfonso Durazo","datePublished":"2023-03-13T21:32:24+00:00","dateModified":"2023-03-13T21:33:13+00:00","mainEntityOfPage":{"@id":"https:\/\/www.sonoraenequipo.com.mx\/plan-sonora-pone-al-estado-a-la-vanguardia-mundial-en-la-lucha-contra-el-cambio-climatico-alfonso-durazo\/"},"wordCount":312,"commentCount":0,"publisher":{"@id":"https:\/\/www.sonoraenequipo.com.mx\/#organization"},"image":{"@id":"https:\/\/www.sonoraenequipo.com.mx\/plan-sonora-pone-al-estado-a-la-vanguardia-mundial-en-la-lucha-contra-el-cambio-climatico-alfonso-durazo\/#primaryimage"},"thumbnailUrl":"https:\/\/www.sonoraenequipo.com.mx\/storage\/2023\/03\/plan.jpg","keywords":["PLAN","Sonora"],"articleSection":["Sonora"],"inLanguage":"es","potentialAction":[{"@type":"CommentAction","name":"Comment","target":["https:\/\/www.sonoraenequipo.com.mx\/plan-sonora-pone-al-estado-a-la-vanguardia-mundial-en-la-lucha-contra-el-cambio-climatico-alfonso-durazo\/#respond"]}]},{"@type":"WebPage","@id":"https:\/\/www.sonoraenequipo.com.mx\/plan-sonora-pone-al-estado-a-la-vanguardia-mundial-en-la-lucha-contra-el-cambio-climatico-alfonso-durazo\/","url":"https:\/\/www.sonoraenequipo.com.mx\/plan-sonora-pone-al-estado-a-la-vanguardia-mundial-en-la-lucha-contra-el-cambio-climatico-alfonso-durazo\/","name":"Sonora en Equipo. Plan Sonora pone al estado a la vanguardia mundial en la lucha contra el cambio clim\u00e1tico: Alfonso Durazo Sonora","isPartOf":{"@id":"https:\/\/www.sonoraenequipo.com.mx\/#website"},"primaryImageOfPage":{"@id":"https:\/\/www.sonoraenequipo.com.mx\/plan-sonora-pone-al-estado-a-la-vanguardia-mundial-en-la-lucha-contra-el-cambio-climatico-alfonso-durazo\/#primaryimage"},"image":{"@id":"https:\/\/www.sonoraenequipo.com.mx\/plan-sonora-pone-al-estado-a-la-vanguardia-mundial-en-la-lucha-contra-el-cambio-climatico-alfonso-durazo\/#primaryimage"},"thumbnailUrl":"https:\/\/www.sonoraenequipo.com.mx\/storage\/2023\/03\/plan.jpg","datePublished":"2023-03-13T21:32:24+00:00","dateModified":"2023-03-13T21:33:13+00:00","description":"HERMOSILLO, SONORA,MX.\u2500\u2500 El Plan Sonora de Energ\u00eda Sostenible es una iniciativa que contribuye a luchar contra el cambio clim\u00e1tico, uno de los mayores En Sonora en Equipo publicamos toda la informaci\u00f3n de Sonora, M\u00e9xico y el Mundo de manera oportuna y busca que la libertad de expresi\u00f3n sea real. Visita nuestro medio informativo publicado desde Hermosillo, Sonora. %","breadcrumb":{"@id":"https:\/\/www.sonoraenequipo.com.mx\/plan-sonora-pone-al-estado-a-la-vanguardia-mundial-en-la-lucha-contra-el-cambio-climatico-alfonso-durazo\/#breadcrumb"},"inLanguage":"es","potentialAction":[{"@type":"ReadAction","target":["https:\/\/www.sonoraenequipo.com.mx\/plan-sonora-pone-al-estado-a-la-vanguardia-mundial-en-la-lucha-contra-el-cambio-climatico-alfonso-durazo\/"]}]},{"@type":"ImageObject","inLanguage":"es","@id":"https:\/\/www.sonoraenequipo.com.mx\/plan-sonora-pone-al-estado-a-la-vanguardia-mundial-en-la-lucha-contra-el-cambio-climatico-alfonso-durazo\/#primaryimage","url":"https:\/\/www.sonoraenequipo.com.mx\/storage\/2023\/03\/plan.jpg","contentUrl":"https:\/\/www.sonoraenequipo.com.mx\/storage\/2023\/03\/plan.jpg","width":600,"height":401},{"@type":"BreadcrumbList","@id":"https:\/\/www.sonoraenequipo.com.mx\/plan-sonora-pone-al-estado-a-la-vanguardia-mundial-en-la-lucha-contra-el-cambio-climatico-alfonso-durazo\/#breadcrumb","itemListElement":[{"@type":"ListItem","position":1,"name":"Portada","item":"https:\/\/www.sonoraenequipo.com.mx\/"},{"@type":"ListItem","position":2,"name":"Plan Sonora pone al estado a la vanguardia mundial en la lucha contra el cambio clim\u00e1tico: Alfonso Durazo"}]},{"@type":"WebSite","@id":"https:\/\/www.sonoraenequipo.com.mx\/#website","url":"https:\/\/www.sonoraenequipo.com.mx\/","name":"Sonora en Equipo.","description":"Diario en l\u00ednea con Noticias desde Hermosillo, Sonora","publisher":{"@id":"https:\/\/www.sonoraenequipo.com.mx\/#organization"},"potentialAction":[{"@type":"SearchAction","target":{"@type":"EntryPoint","urlTemplate":"https:\/\/www.sonoraenequipo.com.mx\/?s={search_term_string}"},"query-input":{"@type":"PropertyValueSpecification","valueRequired":true,"valueName":"search_term_string"}}],"inLanguage":"es"},{"@type":"Organization","@id":"https:\/\/www.sonoraenequipo.com.mx\/#organization","name":"Sonoraenequipo.com.mx","url":"https:\/\/www.sonoraenequipo.com.mx\/","logo":{"@type":"ImageObject","inLanguage":"es","@id":"https:\/\/www.sonoraenequipo.com.mx\/#\/schema\/logo\/image\/","url":"https:\/\/www.sonoraenequipo.com.mx\/storage\/2019\/01\/sonoraenequipo_opt.png","contentUrl":"https:\/\/www.sonoraenequipo.com.mx\/storage\/2019\/01\/sonoraenequipo_opt.png","width":375,"height":125,"caption":"Sonoraenequipo.com.mx"},"image":{"@id":"https:\/\/www.sonoraenequipo.com.mx\/#\/schema\/logo\/image\/"},"sameAs":["https:\/\/www.facebook.com\/SonoraEE\/","https:\/\/x.com\/sonoraenequipo","https:\/\/www.youtube.com\/channel\/UC338nW-lPEYmJQs4ZABQ1SQ"]},{"@type":"Person","@id":"https:\/\/www.sonoraenequipo.com.mx\/#\/schema\/person\/50102df0fb23a8fa9e8effad8fa81386","name":"enequipo","image":{"@type":"ImageObject","inLanguage":"es","@id":"https:\/\/www.sonoraenequipo.com.mx\/#\/schema\/person\/image\/","url":"https:\/\/secure.gravatar.com\/avatar\/049821681b589dabc0bc20695993ccebb09f5b5d4d790cd9251b97faac7c652b?s=96&d=blank&r=g","contentUrl":"https:\/\/secure.gravatar.com\/avatar\/049821681b589dabc0bc20695993ccebb09f5b5d4d790cd9251b97faac7c652b?s=96&d=blank&r=g","caption":"enequipo"},"sameAs":["https:\/\/www.facebook.com\/SonoraEE"]}]}},"jetpack_featured_media_url":"https:\/\/www.sonoraenequipo.com.mx\/storage\/2023\/03\/plan.jpg","_links":{"self":[{"href":"https:\/\/www.sonoraenequipo.com.mx\/api\/wp\/v2\/posts\/160742","targetHints":{"allow":["GET"]}}],"collection":[{"href":"https:\/\/www.sonoraenequipo.com.mx\/api\/wp\/v2\/posts"}],"about":[{"href":"https:\/\/www.sonoraenequipo.com.mx\/api\/wp\/v2\/types\/post"}],"author":[{"embeddable":true,"href":"https:\/\/www.sonoraenequipo.com.mx\/api\/wp\/v2\/users\/1"}],"replies":[{"embeddable":true,"href":"https:\/\/www.sonoraenequipo.com.mx\/api\/wp\/v2\/comments?post=160742"}],"version-history":[{"count":1,"href":"https:\/\/www.sonoraenequipo.com.mx\/api\/wp\/v2\/posts\/160742\/revisions"}],"predecessor-version":[{"id":160744,"href":"https:\/\/www.sonoraenequipo.com.mx\/api\/wp\/v2\/posts\/160742\/revisions\/160744"}],"wp:featuredmedia":[{"embeddable":true,"href":"https:\/\/www.sonoraenequipo.com.mx\/api\/wp\/v2\/media\/160743"}],"wp:attachment":[{"href":"https:\/\/www.sonoraenequipo.com.mx\/api\/wp\/v2\/media?parent=160742"}],"wp:term":[{"taxonomy":"category","embeddable":true,"href":"https:\/\/www.sonoraenequipo.com.mx\/api\/wp\/v2\/categories?post=160742"},{"taxonomy":"post_tag","embeddable":true,"href":"https:\/\/www.sonoraenequipo.com.mx\/api\/wp\/v2\/tags?post=160742"}],"curies":[{"name":"wp","href":"https:\/\/api.w.org\/{rel}","templated":true}]}}