{"id":160896,"date":"2023-03-15T07:00:42","date_gmt":"2023-03-15T14:00:42","guid":{"rendered":"https:\/\/www.sonoraenequipo.com.mx\/?p=160896"},"modified":"2023-03-15T14:04:45","modified_gmt":"2023-03-15T21:04:45","slug":"arranca-el-programa-uni-saludable","status":"publish","type":"post","link":"https:\/\/www.sonoraenequipo.com.mx\/arranca-el-programa-uni-saludable\/","title":{"rendered":"Arranca el Programa Uni-Saludable"},"content":{"rendered":"<p><strong>HERMOSILLO, SONORA. MX. \u2014<\/strong> Con dos rutinas de ejercicios y de relajaci\u00f3n inici\u00f3 oficialmente este martes el programa institucional Uni-Saludable con el que se promueve el autocuidado de la salud integral a trav\u00e9s de herramientas, espacios, y orientaci\u00f3n para que la comunidad universitaria adopte un estilo de vida \u00edntegro.<\/p>\n<p>&nbsp;<\/p>\n<p> <\/p>\n<p>&nbsp;<\/p>\n<p>As\u00ed lo consider\u00f3 la rectora Mar\u00eda Rita Plancarte Mart\u00ednez al participar en la apertura de este proyecto impulsado por la Direcci\u00f3n de Apoyo a programas Institucionales y realizar, junto a los alumnos, la primera de las rutinas de ejercicios dirigidos por Luis Gonz\u00e1lez y Dulce Mada, estudiantes de la Licenciatura en Cultura F\u00edsica y Deporte de la instituci\u00f3n.<\/p>\n<p>&nbsp;<\/p>\n<p><strong><em>\u201cEn la Universidad de Sonora consideramos al ser humano como centro de nuestra preocupaci\u00f3n y una parte muy importante es la de la salud<\/em><\/strong>\u201d, expres\u00f3 la rectora.<\/p>\n<p>&nbsp;<\/p>\n<h3>Un programa completo<\/h3>\n<p>&nbsp;<\/p>\n<p>Previo a la inauguraci\u00f3n, realizada en la Plaza del Estudiante, y donde tambi\u00e9n participaron los m\u00f3dulos informativos del programa de Salud Estudiantil, asociaciones civiles y dependencias gubernamentales, se llevaron a cabo dos eventos: la Carrera de Colores \u2013 con una gran participaci\u00f3n- y una charla-clase de cocina sobre nutrici\u00f3n basada en plantas.<\/p>\n<p>&nbsp;<\/p>\n<p>&nbsp;<\/p>\n<p>\u201cLa idea es que entre todos trabajemos para lograr esto, pues no concebimos la Universidad como partes est\u00e1ticas, como cuadros en donde cada quien hace los suyo, sino como este evento en donde todos convergemos y poder poner la parte que nos corresponde y en este caso, todo lo que tiene que ver con una universidad saludable va a coincidir\u201d, dijo Plancarte Mart\u00ednez.<\/p>\n<p>&nbsp;<\/p>\n<p>&nbsp;<\/p>\n<p>La rectora inform\u00f3 a los alumnos presentes que se cuenta con una p\u00e1gina institucional de Vida Saludable, en donde los alumnos pueden consultar algunos temas de inter\u00e9s que complementen la formaci\u00f3n integral de los futuros profesionistas que se forman en la Universidad.<\/p>\n<p>&nbsp;<\/p>\n<p>&nbsp;<\/p>\n<h3>Consulta la p\u00e1gina Vida Saludable<\/h3>\n<p>&nbsp;<\/p>\n<p>&nbsp;<\/p>\n<p>Por ello, invit\u00f3 a los j\u00f3venes a consultar la p\u00e1gina y a retroalimentarla con informaci\u00f3n que necesiten o que les interese que se incluya.<\/p>\n<p>&nbsp;<\/p>\n<p>&nbsp;<\/p>\n<p><em><strong>\u201cD\u00edganos qu\u00e9 m\u00e1s podemos hacer, que m\u00e1s necesitan de nosotros, ideas que la Universidad pueda trabajar con un equipo que tenga efectividad para ustedes que son nuestra raz\u00f3n de ser, nuestros universitarios y por eso es que somos b\u00fahos\u201d<\/strong><\/em>, asent\u00f3.<\/p>\n<p>&nbsp;<\/p>\n<p>&nbsp;<\/p>\n<p>Adem\u00e1s, reiter\u00f3 el compromiso de contribuir mediante este tipo de programas en el fortalecimiento de la preparaci\u00f3n de los universitarios que son la principal raz\u00f3n de ser de esta instituci\u00f3n.<\/p>\n<p>&nbsp;<\/p>\n<p>&nbsp;<\/p>\n<p>La P\u00e1gina vida saludable se puede consultar en el siguiente enlace:<\/p>\n<p>https:\/\/programasinstitucionales.unison.mx\/unisaludable\/<\/p>\n<p>&nbsp;<\/p>\n<p>&nbsp;<\/p>\n<p>PUBLICADO EL 15 DE MARZO 2023<\/p>\n","protected":false},"excerpt":{"rendered":"<p>HERMOSILLO, SONORA. MX. \u2014 Con dos rutinas de ejercicios y de relajaci\u00f3n inici\u00f3 oficialmente este&#8230;<\/p>\n","protected":false},"author":1,"featured_media":160899,"comment_status":"open","ping_status":"open","sticky":false,"template":"","format":"standard","meta":{"_monsterinsights_skip_tracking":false,"_monsterinsights_sitenote_active":false,"_monsterinsights_sitenote_note":"","_monsterinsights_sitenote_category":0,"footnotes":""},"categories":[22],"tags":[],"class_list":["post"],"yoast_head":" \n<title>Sonora en Equipo. Arranca el Programa Uni-Saludable Sonora<\/title>\n<meta name=\"description\" content=\"HERMOSILLO, SONORA. MX. \u2014 Con dos rutinas de ejercicios y de relajaci\u00f3n inici\u00f3 oficialmente este martes el programa institucional Uni-Saludable con el que En Sonora en Equipo publicamos toda la informaci\u00f3n de Sonora, M\u00e9xico y el Mundo de manera oportuna y busca que la libertad de expresi\u00f3n sea real. Visita nuestro medio informativo publicado desde Hermosillo, Sonora. %\" \/>\n<meta name=\"robots\" content=\"index, follow, max-snippet:-1, max-image-preview:large, max-video-preview:-1\" \/>\n<link rel=\"canonical\" href=\"https:\/\/www.sonoraenequipo.com.mx\/arranca-el-programa-uni-saludable\/\" \/>\n<meta property=\"og:locale\" content=\"es_ES\" \/>\n<meta property=\"og:type\" content=\"article\" \/>\n<meta property=\"og:title\" content=\"Sonora en Equipo. Arranca el Programa Uni-Saludable Sonora\" \/>\n<meta property=\"og:description\" content=\"HERMOSILLO, SONORA. MX. \u2014 Con dos rutinas de ejercicios y de relajaci\u00f3n inici\u00f3 oficialmente este martes el programa institucional Uni-Saludable con el que En Sonora en Equipo publicamos toda la informaci\u00f3n de Sonora, M\u00e9xico y el Mundo de manera oportuna y busca que la libertad de expresi\u00f3n sea real. Visita nuestro medio informativo publicado desde Hermosillo, Sonora. %\" \/>\n<meta property=\"og:url\" content=\"https:\/\/www.sonoraenequipo.com.mx\/arranca-el-programa-uni-saludable\/\" \/>\n<meta property=\"og:site_name\" content=\"Sonora en Equipo.\" \/>\n<meta property=\"article:publisher\" content=\"https:\/\/www.facebook.com\/SonoraEE\/\" \/>\n<meta property=\"article:author\" content=\"https:\/\/www.facebook.com\/SonoraEE\" \/>\n<meta property=\"article:published_time\" content=\"2023-03-15T14:00:42+00:00\" \/>\n<meta property=\"article:modified_time\" content=\"2023-03-15T21:04:45+00:00\" \/>\n<meta property=\"og:image\" content=\"https:\/\/www.sonoraenequipo.com.mx\/storage\/2023\/03\/unison-saludable-4-min.jpg\" \/>\n\t<meta property=\"og:image:width\" content=\"886\" \/>\n\t<meta property=\"og:image:height\" content=\"540\" \/>\n\t<meta property=\"og:image:type\" content=\"image\/jpeg\" \/>\n<meta name=\"author\" content=\"enequipo\" \/>\n<meta name=\"twitter:card\" content=\"summary_large_image\" \/>\n<meta name=\"twitter:creator\" content=\"@sonoraenequipo\" \/>\n<meta name=\"twitter:site\" content=\"@sonoraenequipo\" \/>\n<meta name=\"twitter:label1\" content=\"Escrito por\" \/>\n\t<meta name=\"twitter:data1\" content=\"enequipo\" \/>\n\t<meta name=\"twitter:label2\" content=\"Tiempo de lectura\" \/>\n\t<meta name=\"twitter:data2\" content=\"2 minutos\" \/>\n<script type=\"application\/ld+json\" class=\"yoast-schema-graph\">{\"@context\":\"https:\/\/schema.org\",\"@graph\":[{\"@type\":\"Article\",\"@id\":\"https:\/\/www.sonoraenequipo.com.mx\/arranca-el-programa-uni-saludable\/#article\",\"isPartOf\":{\"@id\":\"https:\/\/www.sonoraenequipo.com.mx\/arranca-el-programa-uni-saludable\/\"},\"author\":{\"name\":\"enequipo\",\"@id\":\"https:\/\/www.sonoraenequipo.com.mx\/#\/schema\/person\/50102df0fb23a8fa9e8effad8fa81386\"},\"headline\":\"Arranca el Programa Uni-Saludable\",\"datePublished\":\"2023-03-15T14:00:42+00:00\",\"dateModified\":\"2023-03-15T21:04:45+00:00\",\"mainEntityOfPage\":{\"@id\":\"https:\/\/www.sonoraenequipo.com.mx\/arranca-el-programa-uni-saludable\/\"},\"wordCount\":470,\"commentCount\":0,\"publisher\":{\"@id\":\"https:\/\/www.sonoraenequipo.com.mx\/#organization\"},\"image\":{\"@id\":\"https:\/\/www.sonoraenequipo.com.mx\/arranca-el-programa-uni-saludable\/#primaryimage\"},\"thumbnailUrl\":\"https:\/\/www.sonoraenequipo.com.mx\/storage\/2023\/03\/unison-saludable-4-min.jpg\",\"articleSection\":[\"Sonora\"],\"inLanguage\":\"es\",\"potentialAction\":[{\"@type\":\"CommentAction\",\"name\":\"Comment\",\"target\":[\"https:\/\/www.sonoraenequipo.com.mx\/arranca-el-programa-uni-saludable\/#respond\"]}]},{\"@type\":\"WebPage\",\"@id\":\"https:\/\/www.sonoraenequipo.com.mx\/arranca-el-programa-uni-saludable\/\",\"url\":\"https:\/\/www.sonoraenequipo.com.mx\/arranca-el-programa-uni-saludable\/\",\"name\":\"Sonora en Equipo. Arranca el Programa Uni-Saludable Sonora\",\"isPartOf\":{\"@id\":\"https:\/\/www.sonoraenequipo.com.mx\/#website\"},\"primaryImageOfPage\":{\"@id\":\"https:\/\/www.sonoraenequipo.com.mx\/arranca-el-programa-uni-saludable\/#primaryimage\"},\"image\":{\"@id\":\"https:\/\/www.sonoraenequipo.com.mx\/arranca-el-programa-uni-saludable\/#primaryimage\"},\"thumbnailUrl\":\"https:\/\/www.sonoraenequipo.com.mx\/storage\/2023\/03\/unison-saludable-4-min.jpg\",\"datePublished\":\"2023-03-15T14:00:42+00:00\",\"dateModified\":\"2023-03-15T21:04:45+00:00\",\"description\":\"HERMOSILLO, SONORA. MX. \u2014 Con dos rutinas de ejercicios y de relajaci\u00f3n inici\u00f3 oficialmente este martes el programa institucional Uni-Saludable con el que En Sonora en Equipo publicamos toda la informaci\u00f3n de Sonora, M\u00e9xico y el Mundo de manera oportuna y busca que la libertad de expresi\u00f3n sea real. Visita nuestro medio informativo publicado desde Hermosillo, Sonora. %\",\"breadcrumb\":{\"@id\":\"https:\/\/www.sonoraenequipo.com.mx\/arranca-el-programa-uni-saludable\/#breadcrumb\"},\"inLanguage\":\"es\",\"potentialAction\":[{\"@type\":\"ReadAction\",\"target\":[\"https:\/\/www.sonoraenequipo.com.mx\/arranca-el-programa-uni-saludable\/\"]}]},{\"@type\":\"ImageObject\",\"inLanguage\":\"es\",\"@id\":\"https:\/\/www.sonoraenequipo.com.mx\/arranca-el-programa-uni-saludable\/#primaryimage\",\"url\":\"https:\/\/www.sonoraenequipo.com.mx\/storage\/2023\/03\/unison-saludable-4-min.jpg\",\"contentUrl\":\"https:\/\/www.sonoraenequipo.com.mx\/storage\/2023\/03\/unison-saludable-4-min.jpg\",\"width\":886,\"height\":540},{\"@type\":\"BreadcrumbList\",\"@id\":\"https:\/\/www.sonoraenequipo.com.mx\/arranca-el-programa-uni-saludable\/#breadcrumb\",\"itemListElement\":[{\"@type\":\"ListItem\",\"position\":1,\"name\":\"Portada\",\"item\":\"https:\/\/www.sonoraenequipo.com.mx\/\"},{\"@type\":\"ListItem\",\"position\":2,\"name\":\"Arranca el Programa Uni-Saludable\"}]},{\"@type\":\"WebSite\",\"@id\":\"https:\/\/www.sonoraenequipo.com.mx\/#website\",\"url\":\"https:\/\/www.sonoraenequipo.com.mx\/\",\"name\":\"Sonora en Equipo.\",\"description\":\"Diario en l\u00ednea con Noticias desde Hermosillo, Sonora\",\"publisher\":{\"@id\":\"https:\/\/www.sonoraenequipo.com.mx\/#organization\"},\"potentialAction\":[{\"@type\":\"SearchAction\",\"target\":{\"@type\":\"EntryPoint\",\"urlTemplate\":\"https:\/\/www.sonoraenequipo.com.mx\/?s={search_term_string}\"},\"query-input\":{\"@type\":\"PropertyValueSpecification\",\"valueRequired\":true,\"valueName\":\"search_term_string\"}}],\"inLanguage\":\"es\"},{\"@type\":\"Organization\",\"@id\":\"https:\/\/www.sonoraenequipo.com.mx\/#organization\",\"name\":\"Sonoraenequipo.com.mx\",\"url\":\"https:\/\/www.sonoraenequipo.com.mx\/\",\"logo\":{\"@type\":\"ImageObject\",\"inLanguage\":\"es\",\"@id\":\"https:\/\/www.sonoraenequipo.com.mx\/#\/schema\/logo\/image\/\",\"url\":\"https:\/\/www.sonoraenequipo.com.mx\/storage\/2019\/01\/sonoraenequipo_opt.png\",\"contentUrl\":\"https:\/\/www.sonoraenequipo.com.mx\/storage\/2019\/01\/sonoraenequipo_opt.png\",\"width\":375,\"height\":125,\"caption\":\"Sonoraenequipo.com.mx\"},\"image\":{\"@id\":\"https:\/\/www.sonoraenequipo.com.mx\/#\/schema\/logo\/image\/\"},\"sameAs\":[\"https:\/\/www.facebook.com\/SonoraEE\/\",\"https:\/\/x.com\/sonoraenequipo\",\"https:\/\/www.youtube.com\/channel\/UC338nW-lPEYmJQs4ZABQ1SQ\"]},{\"@type\":\"Person\",\"@id\":\"https:\/\/www.sonoraenequipo.com.mx\/#\/schema\/person\/50102df0fb23a8fa9e8effad8fa81386\",\"name\":\"enequipo\",\"image\":{\"@type\":\"ImageObject\",\"inLanguage\":\"es\",\"@id\":\"https:\/\/www.sonoraenequipo.com.mx\/#\/schema\/person\/image\/\",\"url\":\"https:\/\/secure.gravatar.com\/avatar\/049821681b589dabc0bc20695993ccebb09f5b5d4d790cd9251b97faac7c652b?s=96&d=blank&r=g\",\"contentUrl\":\"https:\/\/secure.gravatar.com\/avatar\/049821681b589dabc0bc20695993ccebb09f5b5d4d790cd9251b97faac7c652b?s=96&d=blank&r=g\",\"caption\":\"enequipo\"},\"sameAs\":[\"https:\/\/www.facebook.com\/SonoraEE\"]}]}<\/script>\n ","yoast_head_json":{"title":"Sonora en Equipo. Arranca el Programa Uni-Saludable Sonora","description":"HERMOSILLO, SONORA. MX. \u2014 Con dos rutinas de ejercicios y de relajaci\u00f3n inici\u00f3 oficialmente este martes el programa institucional Uni-Saludable con el que En Sonora en Equipo publicamos toda la informaci\u00f3n de Sonora, M\u00e9xico y el Mundo de manera oportuna y busca que la libertad de expresi\u00f3n sea real. Visita nuestro medio informativo publicado desde Hermosillo, Sonora. %","robots":{"index":"index","follow":"follow","max-snippet":"max-snippet:-1","max-image-preview":"max-image-preview:large","max-video-preview":"max-video-preview:-1"},"canonical":"https:\/\/www.sonoraenequipo.com.mx\/arranca-el-programa-uni-saludable\/","og_locale":"es_ES","og_type":"article","og_title":"Sonora en Equipo. Arranca el Programa Uni-Saludable Sonora","og_description":"HERMOSILLO, SONORA. MX. \u2014 Con dos rutinas de ejercicios y de relajaci\u00f3n inici\u00f3 oficialmente este martes el programa institucional Uni-Saludable con el que En Sonora en Equipo publicamos toda la informaci\u00f3n de Sonora, M\u00e9xico y el Mundo de manera oportuna y busca que la libertad de expresi\u00f3n sea real. Visita nuestro medio informativo publicado desde Hermosillo, Sonora. %","og_url":"https:\/\/www.sonoraenequipo.com.mx\/arranca-el-programa-uni-saludable\/","og_site_name":"Sonora en Equipo.","article_publisher":"https:\/\/www.facebook.com\/SonoraEE\/","article_author":"https:\/\/www.facebook.com\/SonoraEE","article_published_time":"2023-03-15T14:00:42+00:00","article_modified_time":"2023-03-15T21:04:45+00:00","og_image":[{"width":886,"height":540,"url":"https:\/\/www.sonoraenequipo.com.mx\/storage\/2023\/03\/unison-saludable-4-min.jpg","type":"image\/jpeg"}],"author":"enequipo","twitter_card":"summary_large_image","twitter_creator":"@sonoraenequipo","twitter_site":"@sonoraenequipo","twitter_misc":{"Escrito por":"enequipo","Tiempo de lectura":"2 minutos"},"schema":{"@context":"https:\/\/schema.org","@graph":[{"@type":"Article","@id":"https:\/\/www.sonoraenequipo.com.mx\/arranca-el-programa-uni-saludable\/#article","isPartOf":{"@id":"https:\/\/www.sonoraenequipo.com.mx\/arranca-el-programa-uni-saludable\/"},"author":{"name":"enequipo","@id":"https:\/\/www.sonoraenequipo.com.mx\/#\/schema\/person\/50102df0fb23a8fa9e8effad8fa81386"},"headline":"Arranca el Programa Uni-Saludable","datePublished":"2023-03-15T14:00:42+00:00","dateModified":"2023-03-15T21:04:45+00:00","mainEntityOfPage":{"@id":"https:\/\/www.sonoraenequipo.com.mx\/arranca-el-programa-uni-saludable\/"},"wordCount":470,"commentCount":0,"publisher":{"@id":"https:\/\/www.sonoraenequipo.com.mx\/#organization"},"image":{"@id":"https:\/\/www.sonoraenequipo.com.mx\/arranca-el-programa-uni-saludable\/#primaryimage"},"thumbnailUrl":"https:\/\/www.sonoraenequipo.com.mx\/storage\/2023\/03\/unison-saludable-4-min.jpg","articleSection":["Sonora"],"inLanguage":"es","potentialAction":[{"@type":"CommentAction","name":"Comment","target":["https:\/\/www.sonoraenequipo.com.mx\/arranca-el-programa-uni-saludable\/#respond"]}]},{"@type":"WebPage","@id":"https:\/\/www.sonoraenequipo.com.mx\/arranca-el-programa-uni-saludable\/","url":"https:\/\/www.sonoraenequipo.com.mx\/arranca-el-programa-uni-saludable\/","name":"Sonora en Equipo. Arranca el Programa Uni-Saludable Sonora","isPartOf":{"@id":"https:\/\/www.sonoraenequipo.com.mx\/#website"},"primaryImageOfPage":{"@id":"https:\/\/www.sonoraenequipo.com.mx\/arranca-el-programa-uni-saludable\/#primaryimage"},"image":{"@id":"https:\/\/www.sonoraenequipo.com.mx\/arranca-el-programa-uni-saludable\/#primaryimage"},"thumbnailUrl":"https:\/\/www.sonoraenequipo.com.mx\/storage\/2023\/03\/unison-saludable-4-min.jpg","datePublished":"2023-03-15T14:00:42+00:00","dateModified":"2023-03-15T21:04:45+00:00","description":"HERMOSILLO, SONORA. MX. \u2014 Con dos rutinas de ejercicios y de relajaci\u00f3n inici\u00f3 oficialmente este martes el programa institucional Uni-Saludable con el que En Sonora en Equipo publicamos toda la informaci\u00f3n de Sonora, M\u00e9xico y el Mundo de manera oportuna y busca que la libertad de expresi\u00f3n sea real. Visita nuestro medio informativo publicado desde Hermosillo, Sonora. %","breadcrumb":{"@id":"https:\/\/www.sonoraenequipo.com.mx\/arranca-el-programa-uni-saludable\/#breadcrumb"},"inLanguage":"es","potentialAction":[{"@type":"ReadAction","target":["https:\/\/www.sonoraenequipo.com.mx\/arranca-el-programa-uni-saludable\/"]}]},{"@type":"ImageObject","inLanguage":"es","@id":"https:\/\/www.sonoraenequipo.com.mx\/arranca-el-programa-uni-saludable\/#primaryimage","url":"https:\/\/www.sonoraenequipo.com.mx\/storage\/2023\/03\/unison-saludable-4-min.jpg","contentUrl":"https:\/\/www.sonoraenequipo.com.mx\/storage\/2023\/03\/unison-saludable-4-min.jpg","width":886,"height":540},{"@type":"BreadcrumbList","@id":"https:\/\/www.sonoraenequipo.com.mx\/arranca-el-programa-uni-saludable\/#breadcrumb","itemListElement":[{"@type":"ListItem","position":1,"name":"Portada","item":"https:\/\/www.sonoraenequipo.com.mx\/"},{"@type":"ListItem","position":2,"name":"Arranca el Programa Uni-Saludable"}]},{"@type":"WebSite","@id":"https:\/\/www.sonoraenequipo.com.mx\/#website","url":"https:\/\/www.sonoraenequipo.com.mx\/","name":"Sonora en Equipo.","description":"Diario en l\u00ednea con Noticias desde Hermosillo, Sonora","publisher":{"@id":"https:\/\/www.sonoraenequipo.com.mx\/#organization"},"potentialAction":[{"@type":"SearchAction","target":{"@type":"EntryPoint","urlTemplate":"https:\/\/www.sonoraenequipo.com.mx\/?s={search_term_string}"},"query-input":{"@type":"PropertyValueSpecification","valueRequired":true,"valueName":"search_term_string"}}],"inLanguage":"es"},{"@type":"Organization","@id":"https:\/\/www.sonoraenequipo.com.mx\/#organization","name":"Sonoraenequipo.com.mx","url":"https:\/\/www.sonoraenequipo.com.mx\/","logo":{"@type":"ImageObject","inLanguage":"es","@id":"https:\/\/www.sonoraenequipo.com.mx\/#\/schema\/logo\/image\/","url":"https:\/\/www.sonoraenequipo.com.mx\/storage\/2019\/01\/sonoraenequipo_opt.png","contentUrl":"https:\/\/www.sonoraenequipo.com.mx\/storage\/2019\/01\/sonoraenequipo_opt.png","width":375,"height":125,"caption":"Sonoraenequipo.com.mx"},"image":{"@id":"https:\/\/www.sonoraenequipo.com.mx\/#\/schema\/logo\/image\/"},"sameAs":["https:\/\/www.facebook.com\/SonoraEE\/","https:\/\/x.com\/sonoraenequipo","https:\/\/www.youtube.com\/channel\/UC338nW-lPEYmJQs4ZABQ1SQ"]},{"@type":"Person","@id":"https:\/\/www.sonoraenequipo.com.mx\/#\/schema\/person\/50102df0fb23a8fa9e8effad8fa81386","name":"enequipo","image":{"@type":"ImageObject","inLanguage":"es","@id":"https:\/\/www.sonoraenequipo.com.mx\/#\/schema\/person\/image\/","url":"https:\/\/secure.gravatar.com\/avatar\/049821681b589dabc0bc20695993ccebb09f5b5d4d790cd9251b97faac7c652b?s=96&d=blank&r=g","contentUrl":"https:\/\/secure.gravatar.com\/avatar\/049821681b589dabc0bc20695993ccebb09f5b5d4d790cd9251b97faac7c652b?s=96&d=blank&r=g","caption":"enequipo"},"sameAs":["https:\/\/www.facebook.com\/SonoraEE"]}]}},"jetpack_featured_media_url":"https:\/\/www.sonoraenequipo.com.mx\/storage\/2023\/03\/unison-saludable-4-min.jpg","_links":{"self":[{"href":"https:\/\/www.sonoraenequipo.com.mx\/api\/wp\/v2\/posts\/160896","targetHints":{"allow":["GET"]}}],"collection":[{"href":"https:\/\/www.sonoraenequipo.com.mx\/api\/wp\/v2\/posts"}],"about":[{"href":"https:\/\/www.sonoraenequipo.com.mx\/api\/wp\/v2\/types\/post"}],"author":[{"embeddable":true,"href":"https:\/\/www.sonoraenequipo.com.mx\/api\/wp\/v2\/users\/1"}],"replies":[{"embeddable":true,"href":"https:\/\/www.sonoraenequipo.com.mx\/api\/wp\/v2\/comments?post=160896"}],"version-history":[{"count":1,"href":"https:\/\/www.sonoraenequipo.com.mx\/api\/wp\/v2\/posts\/160896\/revisions"}],"predecessor-version":[{"id":160900,"href":"https:\/\/www.sonoraenequipo.com.mx\/api\/wp\/v2\/posts\/160896\/revisions\/160900"}],"wp:featuredmedia":[{"embeddable":true,"href":"https:\/\/www.sonoraenequipo.com.mx\/api\/wp\/v2\/media\/160899"}],"wp:attachment":[{"href":"https:\/\/www.sonoraenequipo.com.mx\/api\/wp\/v2\/media?parent=160896"}],"wp:term":[{"taxonomy":"category","embeddable":true,"href":"https:\/\/www.sonoraenequipo.com.mx\/api\/wp\/v2\/categories?post=160896"},{"taxonomy":"post_tag","embeddable":true,"href":"https:\/\/www.sonoraenequipo.com.mx\/api\/wp\/v2\/tags?post=160896"}],"curies":[{"name":"wp","href":"https:\/\/api.w.org\/{rel}","templated":true}]}}