{"id":160947,"date":"2023-03-16T10:15:43","date_gmt":"2023-03-16T17:15:43","guid":{"rendered":"https:\/\/www.sonoraenequipo.com.mx\/?p=160947"},"modified":"2023-03-16T11:46:20","modified_gmt":"2023-03-16T18:46:20","slug":"amlo-en-favor-de-ya-no-producir-farmacos-con-fentanilo-alonso","status":"publish","type":"post","link":"https:\/\/www.sonoraenequipo.com.mx\/amlo-en-favor-de-ya-no-producir-farmacos-con-fentanilo-alonso\/","title":{"rendered":"AMLO, en favor de ya no producir f\u00e1rmacos con fentanilo"},"content":{"rendered":"<p><strong>CIUDAD DE M\u00c9XICO MX. \u2014<\/strong> El presidente Andr\u00e9s Manuel L\u00f3pez Obrador convoc\u00f3 a la comunidad cient\u00edfica y m\u00e9dica del pa\u00eds a analizar la viabilidad de sustituir el fentanilo en la elaboraci\u00f3n de analg\u00e9sicos que se suministran para mitigar el dolor en pacientes terminales. De confirmarse esta posibilidad se determinar\u00e1 la prohibici\u00f3n del uso del fentanilo en M\u00e9xico, sustancia que se utiliza para la elaboraci\u00f3n de drogas qu\u00edmicas que generan graves da\u00f1os a la salud, que se sumar\u00edan a las acciones contra su tr\u00e1fico ilegal.<\/p>\n<p>&nbsp;<\/p>\n<p> <\/p>\n<p>&nbsp;<\/p>\n<p>Celebr\u00f3 la iniciativa del presidente de Estados Unidos, Joe Biden, para prohibir la venta de armas de alto poder a civiles en ese pa\u00eds. Sin embargo, fustig\u00f3 el manique\u00edsmo de pol\u00edticos republicanos y dem\u00f3cratas que pretenden responsabilizar s\u00f3lo a M\u00e9xico del tr\u00e1fico de esta droga en ese pa\u00eds, de manera injustificada e hip\u00f3crita, posici\u00f3n que se asocia a la pretensi\u00f3n del uso del ej\u00e9rcito estadunidense en M\u00e9xico para combatir a las bandas que lo trafican: <em><strong>\u201ceso nunca jam\u00e1s lo vamos a permitir\u201d.<\/strong><\/em><\/p>\n<p>&nbsp;<\/p>\n<p>&nbsp;<\/p>\n<p>A pesar del reconocimiento a la iniciativa de Biden, critic\u00f3 la situaci\u00f3n que prevalece en cuanto al tr\u00e1fico ilegal de armas: <strong><em>\u201c\u00bfPor qu\u00e9 no controlan, sobre todo, la venta de armas de alto poder? \u00bfQu\u00e9 hacen con eso? El 80 por ciento de las armas que utilizan aqu\u00ed las organizaciones criminales, las de alto poder, vienen de Estados Unidos y no hay control, pueden comprar una ametralladora en un supermercado, en una armer\u00eda\u201d.<\/em><\/strong><\/p>\n<p>&nbsp;<\/p>\n<p>&nbsp;<\/p>\n<p>En la conferencia matutina subray\u00f3 que por solidaridad y visi\u00f3n humanitaria se intensificar\u00e1 la colaboraci\u00f3n con Estados Unidos para enfrentar el tr\u00e1fico de fentanilo, pero \u201cno vamos a ser sus empleados y nos van a venir a decir<strong><em>: \u2018Te vas a dedicar \u00fanicamente a esto\u2019. No, somos libres, soberanos, tenemos nuestra estrategia\u201d.<\/em> <\/strong>Y a\u00f1adi\u00f3: es necesaria la ayuda mutua, pero esto no implica el sometimiento de M\u00e9xico a sus estrategias.<\/p>\n<p>&nbsp;<\/p>\n<p>&nbsp;<\/p>\n<p><strong><em>\u201c\u00a1C\u00f3mo le vamos a dejar a la DEA el manejo de la seguridad en M\u00e9xico, si han demostrado que no pueden! \u00bfO ha habido buenos resultados en Estados Unidos en cuanto al combate a la droga?\u201d<\/em><\/strong><\/p>\n<p>&nbsp;<\/p>\n<p>&nbsp;<\/p>\n<p>Al dar detalles de su encuentro con representantes estadunidenses para reformar el Entendimiento Bicentenario en materia de seguridad con particular \u00e9nfasis en el fentanilo, declar\u00f3 que se reforzar\u00e1 la colaboraci\u00f3n bilateral.<\/p>\n<p>&nbsp;<\/p>\n<p>&nbsp;<\/p>\n<p>Adelant\u00f3 que si el an\u00e1lisis cient\u00edfico sobre la viabilidad de sustituir el fentanilo en la producci\u00f3n de analg\u00e9sicos es exitoso, se solicitar\u00e1 a Estados Unidos que replique esta prohibici\u00f3n en su territorio. M\u00e1s tarde, la directora del Consejo Nacional de Ciencia y Tecnolog\u00eda, Mar\u00eda Elena \u00c1lvarez-Buylla, anunci\u00f3 que ese organismo coordinar\u00e1 este proceso de revisi\u00f3n.<\/p>\n<p>&nbsp;<\/p>\n<p><iframe loading=\"lazy\" title=\"M\u00e9xico avanza a la autosuficiencia energ\u00e9tica; en 2024 se consolidar\u00e1. Conferencia presidente AMLO\" width=\"640\" height=\"360\" src=\"https:\/\/www.youtube.com\/embed\/Cqjp1LnPCfs?feature=oembed\" frameborder=\"0\" allow=\"accelerometer; autoplay; clipboard-write; encrypted-media; gyroscope; picture-in-picture; web-share\" referrerpolicy=\"strict-origin-when-cross-origin\" allowfullscreen><\/iframe><\/p>\n<p>&nbsp;<\/p>\n<p>Si bien en M\u00e9xico <strong><em>\u201ctenemos el control que no se ten\u00eda antes sobre el ingreso de fentanilo\u201d, al prohibir su uso \u201cya no habr\u00eda ninguna posibilidad de que pudiese importarse y lo sustituir\u00edamos por otros analg\u00e9sicos, a ver si es viable, con el compromiso de que todo lo que entre de manera ilegal va a seguir siendo combatido\u201d<\/em><\/strong>, expres\u00f3 L\u00f3pez Obrador.<\/p>\n<p>&nbsp;<\/p>\n<p>&nbsp;<\/p>\n<p>Ante las acusaciones de congresistas estadunidenses a M\u00e9xico de una insuficiente colaboraci\u00f3n, destac\u00f3 que se han dado acciones fundamentales: se traslad\u00f3 la administraci\u00f3n de los puertos a la Secretar\u00eda de Marina, lo que ha redundado en un incremento en el decomiso de sustancias precursoras de drogas qu\u00edmicas, porque anteriormente <strong><em>\u201clos puertos de Manzanillo y L\u00e1zaro C\u00e1rdenas pr\u00e1cticamente estaban tomados por la delincuencia\u201d.<\/em><\/strong><\/p>\n<p>&nbsp;<\/p>\n<p>&nbsp;<\/p>\n<p>La Secretar\u00eda de Marina y la Cofepris trabajaron para ordenar la importaci\u00f3n del fentanilo, que viene fundamentalmente de Asia. Antes, est\u00e1 probado, llegaba a supuestos laboratorios clandestinos, se les permit\u00eda la importaci\u00f3n y se usaba el fentanilo para el tr\u00e1fico, para introducirlo a Estados Unidos, laboratorios fantasmas que solicitaban el ingreso de esta sustancia. Asegur\u00f3 que \u00e9sta se introduce a Estados Unidos no s\u00f3lo v\u00eda M\u00e9xico, sino tambi\u00e9n por Canad\u00e1 e incluso de forma directa.<\/p>\n<p>&nbsp;<\/p>\n<p>&nbsp;<\/p>\n<p>PUBLICADO EL 16 DE MARZO 2023 \/Con informaci\u00f3n de Conferencia matutina\u00a0 \/ Alonso Urrutia y Emir Olivares de <a href=\"https:\/\/www.sinembargo.mx\/\"><strong>SIN EMBARGO<\/strong> <\/a>)<\/p>\n","protected":false},"excerpt":{"rendered":"<p>CIUDAD DE M\u00c9XICO MX. \u2014 El presidente Andr\u00e9s Manuel L\u00f3pez Obrador convoc\u00f3 a la comunidad&#8230;<\/p>\n","protected":false},"author":1,"featured_media":160942,"comment_status":"open","ping_status":"open","sticky":false,"template":"","format":"standard","meta":{"_monsterinsights_skip_tracking":false,"_monsterinsights_sitenote_active":false,"_monsterinsights_sitenote_note":"","_monsterinsights_sitenote_category":0,"footnotes":""},"categories":[5],"tags":[],"class_list":["post"],"yoast_head":" \n<title>Sonora en Equipo. AMLO, en favor de ya no producir f\u00e1rmacos con fentanilo Rep\u00fablica<\/title>\n<meta name=\"description\" content=\"CIUDAD DE M\u00c9XICO MX. \u2014 El presidente Andr\u00e9s Manuel L\u00f3pez Obrador convoc\u00f3 a la comunidad cient\u00edfica y m\u00e9dica del pa\u00eds a analizar la viabilidad de sustituir En Sonora en Equipo publicamos toda la informaci\u00f3n de Sonora, M\u00e9xico y el Mundo de manera oportuna y busca que la libertad de expresi\u00f3n sea real. Visita nuestro medio informativo publicado desde Hermosillo, Sonora. %\" \/>\n<meta name=\"robots\" content=\"index, follow, max-snippet:-1, max-image-preview:large, max-video-preview:-1\" \/>\n<link rel=\"canonical\" href=\"https:\/\/www.sonoraenequipo.com.mx\/amlo-en-favor-de-ya-no-producir-farmacos-con-fentanilo-alonso\/\" \/>\n<meta property=\"og:locale\" content=\"es_ES\" \/>\n<meta property=\"og:type\" content=\"article\" \/>\n<meta property=\"og:title\" content=\"Sonora en Equipo. AMLO, en favor de ya no producir f\u00e1rmacos con fentanilo Rep\u00fablica\" \/>\n<meta property=\"og:description\" content=\"CIUDAD DE M\u00c9XICO MX. \u2014 El presidente Andr\u00e9s Manuel L\u00f3pez Obrador convoc\u00f3 a la comunidad cient\u00edfica y m\u00e9dica del pa\u00eds a analizar la viabilidad de sustituir En Sonora en Equipo publicamos toda la informaci\u00f3n de Sonora, M\u00e9xico y el Mundo de manera oportuna y busca que la libertad de expresi\u00f3n sea real. Visita nuestro medio informativo publicado desde Hermosillo, Sonora. %\" \/>\n<meta property=\"og:url\" content=\"https:\/\/www.sonoraenequipo.com.mx\/amlo-en-favor-de-ya-no-producir-farmacos-con-fentanilo-alonso\/\" \/>\n<meta property=\"og:site_name\" content=\"Sonora en Equipo.\" \/>\n<meta property=\"article:publisher\" content=\"https:\/\/www.facebook.com\/SonoraEE\/\" \/>\n<meta property=\"article:author\" content=\"https:\/\/www.facebook.com\/SonoraEE\" \/>\n<meta property=\"article:published_time\" content=\"2023-03-16T17:15:43+00:00\" \/>\n<meta property=\"article:modified_time\" content=\"2023-03-16T18:46:20+00:00\" \/>\n<meta property=\"og:image\" content=\"https:\/\/www.sonoraenequipo.com.mx\/storage\/2023\/03\/amlo-conferencia-16-de-marzo-de-2023-min.jpg\" \/>\n\t<meta property=\"og:image:width\" content=\"900\" \/>\n\t<meta property=\"og:image:height\" content=\"474\" \/>\n\t<meta property=\"og:image:type\" content=\"image\/jpeg\" \/>\n<meta name=\"author\" content=\"enequipo\" \/>\n<meta name=\"twitter:card\" content=\"summary_large_image\" \/>\n<meta name=\"twitter:creator\" content=\"@sonoraenequipo\" \/>\n<meta name=\"twitter:site\" content=\"@sonoraenequipo\" \/>\n<meta name=\"twitter:label1\" content=\"Escrito por\" \/>\n\t<meta name=\"twitter:data1\" content=\"enequipo\" \/>\n\t<meta name=\"twitter:label2\" content=\"Tiempo de lectura\" \/>\n\t<meta name=\"twitter:data2\" content=\"4 minutos\" \/>\n<script type=\"application\/ld+json\" class=\"yoast-schema-graph\">{\"@context\":\"https:\/\/schema.org\",\"@graph\":[{\"@type\":\"Article\",\"@id\":\"https:\/\/www.sonoraenequipo.com.mx\/amlo-en-favor-de-ya-no-producir-farmacos-con-fentanilo-alonso\/#article\",\"isPartOf\":{\"@id\":\"https:\/\/www.sonoraenequipo.com.mx\/amlo-en-favor-de-ya-no-producir-farmacos-con-fentanilo-alonso\/\"},\"author\":{\"name\":\"enequipo\",\"@id\":\"https:\/\/www.sonoraenequipo.com.mx\/#\/schema\/person\/50102df0fb23a8fa9e8effad8fa81386\"},\"headline\":\"AMLO, en favor de ya no producir f\u00e1rmacos con fentanilo\",\"datePublished\":\"2023-03-16T17:15:43+00:00\",\"dateModified\":\"2023-03-16T18:46:20+00:00\",\"mainEntityOfPage\":{\"@id\":\"https:\/\/www.sonoraenequipo.com.mx\/amlo-en-favor-de-ya-no-producir-farmacos-con-fentanilo-alonso\/\"},\"wordCount\":756,\"commentCount\":0,\"publisher\":{\"@id\":\"https:\/\/www.sonoraenequipo.com.mx\/#organization\"},\"image\":{\"@id\":\"https:\/\/www.sonoraenequipo.com.mx\/amlo-en-favor-de-ya-no-producir-farmacos-con-fentanilo-alonso\/#primaryimage\"},\"thumbnailUrl\":\"https:\/\/www.sonoraenequipo.com.mx\/storage\/2023\/03\/amlo-conferencia-16-de-marzo-de-2023-min.jpg\",\"articleSection\":[\"Rep\u00fablica\"],\"inLanguage\":\"es\",\"potentialAction\":[{\"@type\":\"CommentAction\",\"name\":\"Comment\",\"target\":[\"https:\/\/www.sonoraenequipo.com.mx\/amlo-en-favor-de-ya-no-producir-farmacos-con-fentanilo-alonso\/#respond\"]}]},{\"@type\":\"WebPage\",\"@id\":\"https:\/\/www.sonoraenequipo.com.mx\/amlo-en-favor-de-ya-no-producir-farmacos-con-fentanilo-alonso\/\",\"url\":\"https:\/\/www.sonoraenequipo.com.mx\/amlo-en-favor-de-ya-no-producir-farmacos-con-fentanilo-alonso\/\",\"name\":\"Sonora en Equipo. AMLO, en favor de ya no producir f\u00e1rmacos con fentanilo Rep\u00fablica\",\"isPartOf\":{\"@id\":\"https:\/\/www.sonoraenequipo.com.mx\/#website\"},\"primaryImageOfPage\":{\"@id\":\"https:\/\/www.sonoraenequipo.com.mx\/amlo-en-favor-de-ya-no-producir-farmacos-con-fentanilo-alonso\/#primaryimage\"},\"image\":{\"@id\":\"https:\/\/www.sonoraenequipo.com.mx\/amlo-en-favor-de-ya-no-producir-farmacos-con-fentanilo-alonso\/#primaryimage\"},\"thumbnailUrl\":\"https:\/\/www.sonoraenequipo.com.mx\/storage\/2023\/03\/amlo-conferencia-16-de-marzo-de-2023-min.jpg\",\"datePublished\":\"2023-03-16T17:15:43+00:00\",\"dateModified\":\"2023-03-16T18:46:20+00:00\",\"description\":\"CIUDAD DE M\u00c9XICO MX. \u2014 El presidente Andr\u00e9s Manuel L\u00f3pez Obrador convoc\u00f3 a la comunidad cient\u00edfica y m\u00e9dica del pa\u00eds a analizar la viabilidad de sustituir En Sonora en Equipo publicamos toda la informaci\u00f3n de Sonora, M\u00e9xico y el Mundo de manera oportuna y busca que la libertad de expresi\u00f3n sea real. Visita nuestro medio informativo publicado desde Hermosillo, Sonora. %\",\"breadcrumb\":{\"@id\":\"https:\/\/www.sonoraenequipo.com.mx\/amlo-en-favor-de-ya-no-producir-farmacos-con-fentanilo-alonso\/#breadcrumb\"},\"inLanguage\":\"es\",\"potentialAction\":[{\"@type\":\"ReadAction\",\"target\":[\"https:\/\/www.sonoraenequipo.com.mx\/amlo-en-favor-de-ya-no-producir-farmacos-con-fentanilo-alonso\/\"]}]},{\"@type\":\"ImageObject\",\"inLanguage\":\"es\",\"@id\":\"https:\/\/www.sonoraenequipo.com.mx\/amlo-en-favor-de-ya-no-producir-farmacos-con-fentanilo-alonso\/#primaryimage\",\"url\":\"https:\/\/www.sonoraenequipo.com.mx\/storage\/2023\/03\/amlo-conferencia-16-de-marzo-de-2023-min.jpg\",\"contentUrl\":\"https:\/\/www.sonoraenequipo.com.mx\/storage\/2023\/03\/amlo-conferencia-16-de-marzo-de-2023-min.jpg\",\"width\":900,\"height\":474},{\"@type\":\"BreadcrumbList\",\"@id\":\"https:\/\/www.sonoraenequipo.com.mx\/amlo-en-favor-de-ya-no-producir-farmacos-con-fentanilo-alonso\/#breadcrumb\",\"itemListElement\":[{\"@type\":\"ListItem\",\"position\":1,\"name\":\"Portada\",\"item\":\"https:\/\/www.sonoraenequipo.com.mx\/\"},{\"@type\":\"ListItem\",\"position\":2,\"name\":\"AMLO, en favor de ya no producir f\u00e1rmacos con fentanilo\"}]},{\"@type\":\"WebSite\",\"@id\":\"https:\/\/www.sonoraenequipo.com.mx\/#website\",\"url\":\"https:\/\/www.sonoraenequipo.com.mx\/\",\"name\":\"Sonora en Equipo.\",\"description\":\"Diario en l\u00ednea con Noticias desde Hermosillo, Sonora\",\"publisher\":{\"@id\":\"https:\/\/www.sonoraenequipo.com.mx\/#organization\"},\"potentialAction\":[{\"@type\":\"SearchAction\",\"target\":{\"@type\":\"EntryPoint\",\"urlTemplate\":\"https:\/\/www.sonoraenequipo.com.mx\/?s={search_term_string}\"},\"query-input\":{\"@type\":\"PropertyValueSpecification\",\"valueRequired\":true,\"valueName\":\"search_term_string\"}}],\"inLanguage\":\"es\"},{\"@type\":\"Organization\",\"@id\":\"https:\/\/www.sonoraenequipo.com.mx\/#organization\",\"name\":\"Sonoraenequipo.com.mx\",\"url\":\"https:\/\/www.sonoraenequipo.com.mx\/\",\"logo\":{\"@type\":\"ImageObject\",\"inLanguage\":\"es\",\"@id\":\"https:\/\/www.sonoraenequipo.com.mx\/#\/schema\/logo\/image\/\",\"url\":\"https:\/\/www.sonoraenequipo.com.mx\/storage\/2019\/01\/sonoraenequipo_opt.png\",\"contentUrl\":\"https:\/\/www.sonoraenequipo.com.mx\/storage\/2019\/01\/sonoraenequipo_opt.png\",\"width\":375,\"height\":125,\"caption\":\"Sonoraenequipo.com.mx\"},\"image\":{\"@id\":\"https:\/\/www.sonoraenequipo.com.mx\/#\/schema\/logo\/image\/\"},\"sameAs\":[\"https:\/\/www.facebook.com\/SonoraEE\/\",\"https:\/\/x.com\/sonoraenequipo\",\"https:\/\/www.youtube.com\/channel\/UC338nW-lPEYmJQs4ZABQ1SQ\"]},{\"@type\":\"Person\",\"@id\":\"https:\/\/www.sonoraenequipo.com.mx\/#\/schema\/person\/50102df0fb23a8fa9e8effad8fa81386\",\"name\":\"enequipo\",\"image\":{\"@type\":\"ImageObject\",\"inLanguage\":\"es\",\"@id\":\"https:\/\/www.sonoraenequipo.com.mx\/#\/schema\/person\/image\/\",\"url\":\"https:\/\/secure.gravatar.com\/avatar\/049821681b589dabc0bc20695993ccebb09f5b5d4d790cd9251b97faac7c652b?s=96&d=blank&r=g\",\"contentUrl\":\"https:\/\/secure.gravatar.com\/avatar\/049821681b589dabc0bc20695993ccebb09f5b5d4d790cd9251b97faac7c652b?s=96&d=blank&r=g\",\"caption\":\"enequipo\"},\"sameAs\":[\"https:\/\/www.facebook.com\/SonoraEE\"]}]}<\/script>\n ","yoast_head_json":{"title":"Sonora en Equipo. AMLO, en favor de ya no producir f\u00e1rmacos con fentanilo Rep\u00fablica","description":"CIUDAD DE M\u00c9XICO MX. \u2014 El presidente Andr\u00e9s Manuel L\u00f3pez Obrador convoc\u00f3 a la comunidad cient\u00edfica y m\u00e9dica del pa\u00eds a analizar la viabilidad de sustituir En Sonora en Equipo publicamos toda la informaci\u00f3n de Sonora, M\u00e9xico y el Mundo de manera oportuna y busca que la libertad de expresi\u00f3n sea real. Visita nuestro medio informativo publicado desde Hermosillo, Sonora. %","robots":{"index":"index","follow":"follow","max-snippet":"max-snippet:-1","max-image-preview":"max-image-preview:large","max-video-preview":"max-video-preview:-1"},"canonical":"https:\/\/www.sonoraenequipo.com.mx\/amlo-en-favor-de-ya-no-producir-farmacos-con-fentanilo-alonso\/","og_locale":"es_ES","og_type":"article","og_title":"Sonora en Equipo. AMLO, en favor de ya no producir f\u00e1rmacos con fentanilo Rep\u00fablica","og_description":"CIUDAD DE M\u00c9XICO MX. \u2014 El presidente Andr\u00e9s Manuel L\u00f3pez Obrador convoc\u00f3 a la comunidad cient\u00edfica y m\u00e9dica del pa\u00eds a analizar la viabilidad de sustituir En Sonora en Equipo publicamos toda la informaci\u00f3n de Sonora, M\u00e9xico y el Mundo de manera oportuna y busca que la libertad de expresi\u00f3n sea real. Visita nuestro medio informativo publicado desde Hermosillo, Sonora. %","og_url":"https:\/\/www.sonoraenequipo.com.mx\/amlo-en-favor-de-ya-no-producir-farmacos-con-fentanilo-alonso\/","og_site_name":"Sonora en Equipo.","article_publisher":"https:\/\/www.facebook.com\/SonoraEE\/","article_author":"https:\/\/www.facebook.com\/SonoraEE","article_published_time":"2023-03-16T17:15:43+00:00","article_modified_time":"2023-03-16T18:46:20+00:00","og_image":[{"width":900,"height":474,"url":"https:\/\/www.sonoraenequipo.com.mx\/storage\/2023\/03\/amlo-conferencia-16-de-marzo-de-2023-min.jpg","type":"image\/jpeg"}],"author":"enequipo","twitter_card":"summary_large_image","twitter_creator":"@sonoraenequipo","twitter_site":"@sonoraenequipo","twitter_misc":{"Escrito por":"enequipo","Tiempo de lectura":"4 minutos"},"schema":{"@context":"https:\/\/schema.org","@graph":[{"@type":"Article","@id":"https:\/\/www.sonoraenequipo.com.mx\/amlo-en-favor-de-ya-no-producir-farmacos-con-fentanilo-alonso\/#article","isPartOf":{"@id":"https:\/\/www.sonoraenequipo.com.mx\/amlo-en-favor-de-ya-no-producir-farmacos-con-fentanilo-alonso\/"},"author":{"name":"enequipo","@id":"https:\/\/www.sonoraenequipo.com.mx\/#\/schema\/person\/50102df0fb23a8fa9e8effad8fa81386"},"headline":"AMLO, en favor de ya no producir f\u00e1rmacos con fentanilo","datePublished":"2023-03-16T17:15:43+00:00","dateModified":"2023-03-16T18:46:20+00:00","mainEntityOfPage":{"@id":"https:\/\/www.sonoraenequipo.com.mx\/amlo-en-favor-de-ya-no-producir-farmacos-con-fentanilo-alonso\/"},"wordCount":756,"commentCount":0,"publisher":{"@id":"https:\/\/www.sonoraenequipo.com.mx\/#organization"},"image":{"@id":"https:\/\/www.sonoraenequipo.com.mx\/amlo-en-favor-de-ya-no-producir-farmacos-con-fentanilo-alonso\/#primaryimage"},"thumbnailUrl":"https:\/\/www.sonoraenequipo.com.mx\/storage\/2023\/03\/amlo-conferencia-16-de-marzo-de-2023-min.jpg","articleSection":["Rep\u00fablica"],"inLanguage":"es","potentialAction":[{"@type":"CommentAction","name":"Comment","target":["https:\/\/www.sonoraenequipo.com.mx\/amlo-en-favor-de-ya-no-producir-farmacos-con-fentanilo-alonso\/#respond"]}]},{"@type":"WebPage","@id":"https:\/\/www.sonoraenequipo.com.mx\/amlo-en-favor-de-ya-no-producir-farmacos-con-fentanilo-alonso\/","url":"https:\/\/www.sonoraenequipo.com.mx\/amlo-en-favor-de-ya-no-producir-farmacos-con-fentanilo-alonso\/","name":"Sonora en Equipo. AMLO, en favor de ya no producir f\u00e1rmacos con fentanilo Rep\u00fablica","isPartOf":{"@id":"https:\/\/www.sonoraenequipo.com.mx\/#website"},"primaryImageOfPage":{"@id":"https:\/\/www.sonoraenequipo.com.mx\/amlo-en-favor-de-ya-no-producir-farmacos-con-fentanilo-alonso\/#primaryimage"},"image":{"@id":"https:\/\/www.sonoraenequipo.com.mx\/amlo-en-favor-de-ya-no-producir-farmacos-con-fentanilo-alonso\/#primaryimage"},"thumbnailUrl":"https:\/\/www.sonoraenequipo.com.mx\/storage\/2023\/03\/amlo-conferencia-16-de-marzo-de-2023-min.jpg","datePublished":"2023-03-16T17:15:43+00:00","dateModified":"2023-03-16T18:46:20+00:00","description":"CIUDAD DE M\u00c9XICO MX. \u2014 El presidente Andr\u00e9s Manuel L\u00f3pez Obrador convoc\u00f3 a la comunidad cient\u00edfica y m\u00e9dica del pa\u00eds a analizar la viabilidad de sustituir En Sonora en Equipo publicamos toda la informaci\u00f3n de Sonora, M\u00e9xico y el Mundo de manera oportuna y busca que la libertad de expresi\u00f3n sea real. Visita nuestro medio informativo publicado desde Hermosillo, Sonora. %","breadcrumb":{"@id":"https:\/\/www.sonoraenequipo.com.mx\/amlo-en-favor-de-ya-no-producir-farmacos-con-fentanilo-alonso\/#breadcrumb"},"inLanguage":"es","potentialAction":[{"@type":"ReadAction","target":["https:\/\/www.sonoraenequipo.com.mx\/amlo-en-favor-de-ya-no-producir-farmacos-con-fentanilo-alonso\/"]}]},{"@type":"ImageObject","inLanguage":"es","@id":"https:\/\/www.sonoraenequipo.com.mx\/amlo-en-favor-de-ya-no-producir-farmacos-con-fentanilo-alonso\/#primaryimage","url":"https:\/\/www.sonoraenequipo.com.mx\/storage\/2023\/03\/amlo-conferencia-16-de-marzo-de-2023-min.jpg","contentUrl":"https:\/\/www.sonoraenequipo.com.mx\/storage\/2023\/03\/amlo-conferencia-16-de-marzo-de-2023-min.jpg","width":900,"height":474},{"@type":"BreadcrumbList","@id":"https:\/\/www.sonoraenequipo.com.mx\/amlo-en-favor-de-ya-no-producir-farmacos-con-fentanilo-alonso\/#breadcrumb","itemListElement":[{"@type":"ListItem","position":1,"name":"Portada","item":"https:\/\/www.sonoraenequipo.com.mx\/"},{"@type":"ListItem","position":2,"name":"AMLO, en favor de ya no producir f\u00e1rmacos con fentanilo"}]},{"@type":"WebSite","@id":"https:\/\/www.sonoraenequipo.com.mx\/#website","url":"https:\/\/www.sonoraenequipo.com.mx\/","name":"Sonora en Equipo.","description":"Diario en l\u00ednea con Noticias desde Hermosillo, Sonora","publisher":{"@id":"https:\/\/www.sonoraenequipo.com.mx\/#organization"},"potentialAction":[{"@type":"SearchAction","target":{"@type":"EntryPoint","urlTemplate":"https:\/\/www.sonoraenequipo.com.mx\/?s={search_term_string}"},"query-input":{"@type":"PropertyValueSpecification","valueRequired":true,"valueName":"search_term_string"}}],"inLanguage":"es"},{"@type":"Organization","@id":"https:\/\/www.sonoraenequipo.com.mx\/#organization","name":"Sonoraenequipo.com.mx","url":"https:\/\/www.sonoraenequipo.com.mx\/","logo":{"@type":"ImageObject","inLanguage":"es","@id":"https:\/\/www.sonoraenequipo.com.mx\/#\/schema\/logo\/image\/","url":"https:\/\/www.sonoraenequipo.com.mx\/storage\/2019\/01\/sonoraenequipo_opt.png","contentUrl":"https:\/\/www.sonoraenequipo.com.mx\/storage\/2019\/01\/sonoraenequipo_opt.png","width":375,"height":125,"caption":"Sonoraenequipo.com.mx"},"image":{"@id":"https:\/\/www.sonoraenequipo.com.mx\/#\/schema\/logo\/image\/"},"sameAs":["https:\/\/www.facebook.com\/SonoraEE\/","https:\/\/x.com\/sonoraenequipo","https:\/\/www.youtube.com\/channel\/UC338nW-lPEYmJQs4ZABQ1SQ"]},{"@type":"Person","@id":"https:\/\/www.sonoraenequipo.com.mx\/#\/schema\/person\/50102df0fb23a8fa9e8effad8fa81386","name":"enequipo","image":{"@type":"ImageObject","inLanguage":"es","@id":"https:\/\/www.sonoraenequipo.com.mx\/#\/schema\/person\/image\/","url":"https:\/\/secure.gravatar.com\/avatar\/049821681b589dabc0bc20695993ccebb09f5b5d4d790cd9251b97faac7c652b?s=96&d=blank&r=g","contentUrl":"https:\/\/secure.gravatar.com\/avatar\/049821681b589dabc0bc20695993ccebb09f5b5d4d790cd9251b97faac7c652b?s=96&d=blank&r=g","caption":"enequipo"},"sameAs":["https:\/\/www.facebook.com\/SonoraEE"]}]}},"jetpack_featured_media_url":"https:\/\/www.sonoraenequipo.com.mx\/storage\/2023\/03\/amlo-conferencia-16-de-marzo-de-2023-min.jpg","_links":{"self":[{"href":"https:\/\/www.sonoraenequipo.com.mx\/api\/wp\/v2\/posts\/160947","targetHints":{"allow":["GET"]}}],"collection":[{"href":"https:\/\/www.sonoraenequipo.com.mx\/api\/wp\/v2\/posts"}],"about":[{"href":"https:\/\/www.sonoraenequipo.com.mx\/api\/wp\/v2\/types\/post"}],"author":[{"embeddable":true,"href":"https:\/\/www.sonoraenequipo.com.mx\/api\/wp\/v2\/users\/1"}],"replies":[{"embeddable":true,"href":"https:\/\/www.sonoraenequipo.com.mx\/api\/wp\/v2\/comments?post=160947"}],"version-history":[{"count":4,"href":"https:\/\/www.sonoraenequipo.com.mx\/api\/wp\/v2\/posts\/160947\/revisions"}],"predecessor-version":[{"id":160968,"href":"https:\/\/www.sonoraenequipo.com.mx\/api\/wp\/v2\/posts\/160947\/revisions\/160968"}],"wp:featuredmedia":[{"embeddable":true,"href":"https:\/\/www.sonoraenequipo.com.mx\/api\/wp\/v2\/media\/160942"}],"wp:attachment":[{"href":"https:\/\/www.sonoraenequipo.com.mx\/api\/wp\/v2\/media?parent=160947"}],"wp:term":[{"taxonomy":"category","embeddable":true,"href":"https:\/\/www.sonoraenequipo.com.mx\/api\/wp\/v2\/categories?post=160947"},{"taxonomy":"post_tag","embeddable":true,"href":"https:\/\/www.sonoraenequipo.com.mx\/api\/wp\/v2\/tags?post=160947"}],"curies":[{"name":"wp","href":"https:\/\/api.w.org\/{rel}","templated":true}]}}