{"id":160951,"date":"2023-03-16T10:41:14","date_gmt":"2023-03-16T17:41:14","guid":{"rendered":"https:\/\/www.sonoraenequipo.com.mx\/?p=160951"},"modified":"2023-03-16T10:41:14","modified_gmt":"2023-03-16T17:41:14","slug":"nasa-presenta-el-traje-que-llevaran-astronautas-a-la-luna-en-2025","status":"publish","type":"post","link":"https:\/\/www.sonoraenequipo.com.mx\/nasa-presenta-el-traje-que-llevaran-astronautas-a-la-luna-en-2025\/","title":{"rendered":"NASA presenta el traje que llevar\u00e1n astronautas a la luna en 2025"},"content":{"rendered":"<p><img loading=\"lazy\" decoding=\"async\" class=\"size-medium  x-left\" src=\"https:\/\/www.sonoraenequipo.com.mx\/storage\/2023\/03\/traje-artemis2-240x365.jpg\" alt=\"\" width=\"240\" height=\"365\" \/>El prototipo del traje espacial Artemis III, el AxEMU. Aunque este prototipo utiliza un material de cubierta gris oscuro, la versi\u00f3n final probablemente ser\u00e1 completamente blanca cuando sea usada por los astronautas de la NASA en la superficie de la Luna en 2025, para ayudar a mantener a los astronautas seguros y frescos mientras trabajan en el duro entorno del espacio. Credit: Axiom Space<\/p>\n<p>Cuando los astronautas regresen a la Luna por primera vez en m\u00e1s de 50 a\u00f1os como parte de la misi\u00f3n Artemis III de la NASA, usar\u00e1n el traje espacial de pr\u00f3xima generaci\u00f3n dise\u00f1ado por Axiom Space para caminar sobre la superficie lunar.<\/p>\n<p>&nbsp;<\/p>\n<p>\u00abEstamos continuando con el legado de la NASA al dise\u00f1ar un traje espacial avanzado que permitir\u00e1 a los astronautas operar de manera segura y efectiva en la Luna\u00bb, dijo Michael T. Suffredini, presidente y CEO de Axiom Space. \u00abEl traje espacial Artemis III de Axiom Space estar\u00e1 listo para enfrentar los complejos desaf\u00edos del polo sur lunar y ayudar a aumentar nuestra comprensi\u00f3n de la Luna para permitir una presencia a largo plazo all\u00ed\u00bb.<\/p>\n<p>&nbsp;<\/p>\n<p>El nuevo traje espacial Axiom Extravehicular Mobility Unit (AxEMU) que se revel\u00f3 hoy es un prototipo, con una flota completa de trajes espaciales de entrenamiento que se entregar\u00e1n a la NASA a finales de este verano. El traje espacial proporcionar\u00e1 a los astronautas capacidades avanzadas para la exploraci\u00f3n espacial al tiempo que proporcionar\u00e1 a la NASA sistemas humanos desarrollados comercialmente necesarios para acceder, vivir y trabajar en y alrededor de la Luna. El avanzado traje espacial garantiza que los astronautas est\u00e9n equipados con equipos robustos y de alto rendimiento y est\u00e1 dise\u00f1ado para acomodar a una amplia gama de miembros de la tripulaci\u00f3n.<\/p>\n<p>&nbsp;<\/p>\n<p>\u00abNuestro equipo de expertos est\u00e1 listo para proporcionar a la NASA el traje espacial de pr\u00f3xima generaci\u00f3n\u00bb, dijo Mark Greeley, gerente del programa Axiom Space, Extravehicular Activity (EVA). \u00abConsideramos cuidadosamente a\u00f1os de lecciones aprendidas por la NASA y utilizamos esa experiencia para construir un traje espacial para la Luna y para nuestros futuros clientes de Axiom Space\u00bb.<\/p>\n<p>&nbsp;<\/p>\n<p>Aprovechando el dise\u00f1o del traje espacial de la Unidad de Movilidad Extravehicular de Exploraci\u00f3n (xEMU) de la NASA, los trajes espaciales Axiom Space est\u00e1n dise\u00f1ados para proporcionar una mayor flexibilidad, una mayor protecci\u00f3n para soportar el entorno hostil y herramientas especializadas para satisfacer las necesidades de exploraci\u00f3n y ampliar las oportunidades cient\u00edficas. Utilizando tecnolog\u00edas innovadoras, el nuevo traje espacial permitir\u00e1 la exploraci\u00f3n de la superficie lunar m\u00e1s que nunca.<\/p>\n<p><strong><em><u>Fecha de publicaci\u00f3n jueves 16\u00a0 de marzo de 2023 con informaci\u00f3n e im\u00e1genes de \u00a0la NASA<\/u><\/em><\/strong><\/p>\n","protected":false},"excerpt":{"rendered":"<p>El prototipo del traje espacial Artemis III, el AxEMU. Aunque este prototipo utiliza un material&#8230;<\/p>\n","protected":false},"author":1,"featured_media":160952,"comment_status":"open","ping_status":"open","sticky":false,"template":"","format":"standard","meta":{"_monsterinsights_skip_tracking":false,"_monsterinsights_sitenote_active":false,"_monsterinsights_sitenote_note":"","_monsterinsights_sitenote_category":0,"footnotes":""},"categories":[2216],"tags":[],"class_list":["post"],"yoast_head":" \n<title>Sonora en Equipo. NASA presenta el traje que llevar\u00e1n astronautas a la luna en 2025 Ciencia y Tecnolog\u00eda<\/title>\n<meta name=\"description\" content=\"El prototipo del traje espacial Artemis III, el AxEMU. Aunque este prototipo utiliza un material de cubierta gris oscuro, la versi\u00f3n final probablemente En Sonora en Equipo publicamos toda la informaci\u00f3n de Sonora, M\u00e9xico y el Mundo de manera oportuna y busca que la libertad de expresi\u00f3n sea real. Visita nuestro medio informativo publicado desde Hermosillo, Sonora. %\" \/>\n<meta name=\"robots\" content=\"index, follow, max-snippet:-1, max-image-preview:large, max-video-preview:-1\" \/>\n<link rel=\"canonical\" href=\"https:\/\/www.sonoraenequipo.com.mx\/nasa-presenta-el-traje-que-llevaran-astronautas-a-la-luna-en-2025\/\" \/>\n<meta property=\"og:locale\" content=\"es_ES\" \/>\n<meta property=\"og:type\" content=\"article\" \/>\n<meta property=\"og:title\" content=\"Sonora en Equipo. NASA presenta el traje que llevar\u00e1n astronautas a la luna en 2025 Ciencia y Tecnolog\u00eda\" \/>\n<meta property=\"og:description\" content=\"El prototipo del traje espacial Artemis III, el AxEMU. Aunque este prototipo utiliza un material de cubierta gris oscuro, la versi\u00f3n final probablemente En Sonora en Equipo publicamos toda la informaci\u00f3n de Sonora, M\u00e9xico y el Mundo de manera oportuna y busca que la libertad de expresi\u00f3n sea real. Visita nuestro medio informativo publicado desde Hermosillo, Sonora. %\" \/>\n<meta property=\"og:url\" content=\"https:\/\/www.sonoraenequipo.com.mx\/nasa-presenta-el-traje-que-llevaran-astronautas-a-la-luna-en-2025\/\" \/>\n<meta property=\"og:site_name\" content=\"Sonora en Equipo.\" \/>\n<meta property=\"article:publisher\" content=\"https:\/\/www.facebook.com\/SonoraEE\/\" \/>\n<meta property=\"article:author\" content=\"https:\/\/www.facebook.com\/SonoraEE\" \/>\n<meta property=\"article:published_time\" content=\"2023-03-16T17:41:14+00:00\" \/>\n<meta property=\"og:image\" content=\"https:\/\/www.sonoraenequipo.com.mx\/storage\/2023\/03\/traje-artemis.jpg\" \/>\n\t<meta property=\"og:image:width\" content=\"600\" \/>\n\t<meta property=\"og:image:height\" content=\"414\" \/>\n\t<meta property=\"og:image:type\" content=\"image\/jpeg\" \/>\n<meta name=\"author\" content=\"enequipo\" \/>\n<meta name=\"twitter:card\" content=\"summary_large_image\" \/>\n<meta name=\"twitter:creator\" content=\"@sonoraenequipo\" \/>\n<meta name=\"twitter:site\" content=\"@sonoraenequipo\" \/>\n<meta name=\"twitter:label1\" content=\"Escrito por\" \/>\n\t<meta name=\"twitter:data1\" content=\"enequipo\" \/>\n\t<meta name=\"twitter:label2\" content=\"Tiempo de lectura\" \/>\n\t<meta name=\"twitter:data2\" content=\"2 minutos\" \/>\n<script type=\"application\/ld+json\" class=\"yoast-schema-graph\">{\"@context\":\"https:\/\/schema.org\",\"@graph\":[{\"@type\":\"Article\",\"@id\":\"https:\/\/www.sonoraenequipo.com.mx\/nasa-presenta-el-traje-que-llevaran-astronautas-a-la-luna-en-2025\/#article\",\"isPartOf\":{\"@id\":\"https:\/\/www.sonoraenequipo.com.mx\/nasa-presenta-el-traje-que-llevaran-astronautas-a-la-luna-en-2025\/\"},\"author\":{\"name\":\"enequipo\",\"@id\":\"https:\/\/www.sonoraenequipo.com.mx\/#\/schema\/person\/50102df0fb23a8fa9e8effad8fa81386\"},\"headline\":\"NASA presenta el traje que llevar\u00e1n astronautas a la luna en 2025\",\"datePublished\":\"2023-03-16T17:41:14+00:00\",\"mainEntityOfPage\":{\"@id\":\"https:\/\/www.sonoraenequipo.com.mx\/nasa-presenta-el-traje-que-llevaran-astronautas-a-la-luna-en-2025\/\"},\"wordCount\":469,\"commentCount\":0,\"publisher\":{\"@id\":\"https:\/\/www.sonoraenequipo.com.mx\/#organization\"},\"image\":{\"@id\":\"https:\/\/www.sonoraenequipo.com.mx\/nasa-presenta-el-traje-que-llevaran-astronautas-a-la-luna-en-2025\/#primaryimage\"},\"thumbnailUrl\":\"https:\/\/www.sonoraenequipo.com.mx\/storage\/2023\/03\/traje-artemis.jpg\",\"articleSection\":[\"Ciencia y Tecnolog\u00eda\"],\"inLanguage\":\"es\",\"potentialAction\":[{\"@type\":\"CommentAction\",\"name\":\"Comment\",\"target\":[\"https:\/\/www.sonoraenequipo.com.mx\/nasa-presenta-el-traje-que-llevaran-astronautas-a-la-luna-en-2025\/#respond\"]}]},{\"@type\":\"WebPage\",\"@id\":\"https:\/\/www.sonoraenequipo.com.mx\/nasa-presenta-el-traje-que-llevaran-astronautas-a-la-luna-en-2025\/\",\"url\":\"https:\/\/www.sonoraenequipo.com.mx\/nasa-presenta-el-traje-que-llevaran-astronautas-a-la-luna-en-2025\/\",\"name\":\"Sonora en Equipo. NASA presenta el traje que llevar\u00e1n astronautas a la luna en 2025 Ciencia y Tecnolog\u00eda\",\"isPartOf\":{\"@id\":\"https:\/\/www.sonoraenequipo.com.mx\/#website\"},\"primaryImageOfPage\":{\"@id\":\"https:\/\/www.sonoraenequipo.com.mx\/nasa-presenta-el-traje-que-llevaran-astronautas-a-la-luna-en-2025\/#primaryimage\"},\"image\":{\"@id\":\"https:\/\/www.sonoraenequipo.com.mx\/nasa-presenta-el-traje-que-llevaran-astronautas-a-la-luna-en-2025\/#primaryimage\"},\"thumbnailUrl\":\"https:\/\/www.sonoraenequipo.com.mx\/storage\/2023\/03\/traje-artemis.jpg\",\"datePublished\":\"2023-03-16T17:41:14+00:00\",\"description\":\"El prototipo del traje espacial Artemis III, el AxEMU. Aunque este prototipo utiliza un material de cubierta gris oscuro, la versi\u00f3n final probablemente En Sonora en Equipo publicamos toda la informaci\u00f3n de Sonora, M\u00e9xico y el Mundo de manera oportuna y busca que la libertad de expresi\u00f3n sea real. Visita nuestro medio informativo publicado desde Hermosillo, Sonora. %\",\"breadcrumb\":{\"@id\":\"https:\/\/www.sonoraenequipo.com.mx\/nasa-presenta-el-traje-que-llevaran-astronautas-a-la-luna-en-2025\/#breadcrumb\"},\"inLanguage\":\"es\",\"potentialAction\":[{\"@type\":\"ReadAction\",\"target\":[\"https:\/\/www.sonoraenequipo.com.mx\/nasa-presenta-el-traje-que-llevaran-astronautas-a-la-luna-en-2025\/\"]}]},{\"@type\":\"ImageObject\",\"inLanguage\":\"es\",\"@id\":\"https:\/\/www.sonoraenequipo.com.mx\/nasa-presenta-el-traje-que-llevaran-astronautas-a-la-luna-en-2025\/#primaryimage\",\"url\":\"https:\/\/www.sonoraenequipo.com.mx\/storage\/2023\/03\/traje-artemis.jpg\",\"contentUrl\":\"https:\/\/www.sonoraenequipo.com.mx\/storage\/2023\/03\/traje-artemis.jpg\",\"width\":600,\"height\":414},{\"@type\":\"BreadcrumbList\",\"@id\":\"https:\/\/www.sonoraenequipo.com.mx\/nasa-presenta-el-traje-que-llevaran-astronautas-a-la-luna-en-2025\/#breadcrumb\",\"itemListElement\":[{\"@type\":\"ListItem\",\"position\":1,\"name\":\"Portada\",\"item\":\"https:\/\/www.sonoraenequipo.com.mx\/\"},{\"@type\":\"ListItem\",\"position\":2,\"name\":\"NASA presenta el traje que llevar\u00e1n astronautas a la luna en 2025\"}]},{\"@type\":\"WebSite\",\"@id\":\"https:\/\/www.sonoraenequipo.com.mx\/#website\",\"url\":\"https:\/\/www.sonoraenequipo.com.mx\/\",\"name\":\"Sonora en Equipo.\",\"description\":\"Diario en l\u00ednea con Noticias desde Hermosillo, Sonora\",\"publisher\":{\"@id\":\"https:\/\/www.sonoraenequipo.com.mx\/#organization\"},\"potentialAction\":[{\"@type\":\"SearchAction\",\"target\":{\"@type\":\"EntryPoint\",\"urlTemplate\":\"https:\/\/www.sonoraenequipo.com.mx\/?s={search_term_string}\"},\"query-input\":{\"@type\":\"PropertyValueSpecification\",\"valueRequired\":true,\"valueName\":\"search_term_string\"}}],\"inLanguage\":\"es\"},{\"@type\":\"Organization\",\"@id\":\"https:\/\/www.sonoraenequipo.com.mx\/#organization\",\"name\":\"Sonoraenequipo.com.mx\",\"url\":\"https:\/\/www.sonoraenequipo.com.mx\/\",\"logo\":{\"@type\":\"ImageObject\",\"inLanguage\":\"es\",\"@id\":\"https:\/\/www.sonoraenequipo.com.mx\/#\/schema\/logo\/image\/\",\"url\":\"https:\/\/www.sonoraenequipo.com.mx\/storage\/2019\/01\/sonoraenequipo_opt.png\",\"contentUrl\":\"https:\/\/www.sonoraenequipo.com.mx\/storage\/2019\/01\/sonoraenequipo_opt.png\",\"width\":375,\"height\":125,\"caption\":\"Sonoraenequipo.com.mx\"},\"image\":{\"@id\":\"https:\/\/www.sonoraenequipo.com.mx\/#\/schema\/logo\/image\/\"},\"sameAs\":[\"https:\/\/www.facebook.com\/SonoraEE\/\",\"https:\/\/x.com\/sonoraenequipo\",\"https:\/\/www.youtube.com\/channel\/UC338nW-lPEYmJQs4ZABQ1SQ\"]},{\"@type\":\"Person\",\"@id\":\"https:\/\/www.sonoraenequipo.com.mx\/#\/schema\/person\/50102df0fb23a8fa9e8effad8fa81386\",\"name\":\"enequipo\",\"image\":{\"@type\":\"ImageObject\",\"inLanguage\":\"es\",\"@id\":\"https:\/\/www.sonoraenequipo.com.mx\/#\/schema\/person\/image\/\",\"url\":\"https:\/\/secure.gravatar.com\/avatar\/049821681b589dabc0bc20695993ccebb09f5b5d4d790cd9251b97faac7c652b?s=96&d=blank&r=g\",\"contentUrl\":\"https:\/\/secure.gravatar.com\/avatar\/049821681b589dabc0bc20695993ccebb09f5b5d4d790cd9251b97faac7c652b?s=96&d=blank&r=g\",\"caption\":\"enequipo\"},\"sameAs\":[\"https:\/\/www.facebook.com\/SonoraEE\"]}]}<\/script>\n ","yoast_head_json":{"title":"Sonora en Equipo. NASA presenta el traje que llevar\u00e1n astronautas a la luna en 2025 Ciencia y Tecnolog\u00eda","description":"El prototipo del traje espacial Artemis III, el AxEMU. Aunque este prototipo utiliza un material de cubierta gris oscuro, la versi\u00f3n final probablemente En Sonora en Equipo publicamos toda la informaci\u00f3n de Sonora, M\u00e9xico y el Mundo de manera oportuna y busca que la libertad de expresi\u00f3n sea real. Visita nuestro medio informativo publicado desde Hermosillo, Sonora. %","robots":{"index":"index","follow":"follow","max-snippet":"max-snippet:-1","max-image-preview":"max-image-preview:large","max-video-preview":"max-video-preview:-1"},"canonical":"https:\/\/www.sonoraenequipo.com.mx\/nasa-presenta-el-traje-que-llevaran-astronautas-a-la-luna-en-2025\/","og_locale":"es_ES","og_type":"article","og_title":"Sonora en Equipo. NASA presenta el traje que llevar\u00e1n astronautas a la luna en 2025 Ciencia y Tecnolog\u00eda","og_description":"El prototipo del traje espacial Artemis III, el AxEMU. Aunque este prototipo utiliza un material de cubierta gris oscuro, la versi\u00f3n final probablemente En Sonora en Equipo publicamos toda la informaci\u00f3n de Sonora, M\u00e9xico y el Mundo de manera oportuna y busca que la libertad de expresi\u00f3n sea real. Visita nuestro medio informativo publicado desde Hermosillo, Sonora. %","og_url":"https:\/\/www.sonoraenequipo.com.mx\/nasa-presenta-el-traje-que-llevaran-astronautas-a-la-luna-en-2025\/","og_site_name":"Sonora en Equipo.","article_publisher":"https:\/\/www.facebook.com\/SonoraEE\/","article_author":"https:\/\/www.facebook.com\/SonoraEE","article_published_time":"2023-03-16T17:41:14+00:00","og_image":[{"width":600,"height":414,"url":"https:\/\/www.sonoraenequipo.com.mx\/storage\/2023\/03\/traje-artemis.jpg","type":"image\/jpeg"}],"author":"enequipo","twitter_card":"summary_large_image","twitter_creator":"@sonoraenequipo","twitter_site":"@sonoraenequipo","twitter_misc":{"Escrito por":"enequipo","Tiempo de lectura":"2 minutos"},"schema":{"@context":"https:\/\/schema.org","@graph":[{"@type":"Article","@id":"https:\/\/www.sonoraenequipo.com.mx\/nasa-presenta-el-traje-que-llevaran-astronautas-a-la-luna-en-2025\/#article","isPartOf":{"@id":"https:\/\/www.sonoraenequipo.com.mx\/nasa-presenta-el-traje-que-llevaran-astronautas-a-la-luna-en-2025\/"},"author":{"name":"enequipo","@id":"https:\/\/www.sonoraenequipo.com.mx\/#\/schema\/person\/50102df0fb23a8fa9e8effad8fa81386"},"headline":"NASA presenta el traje que llevar\u00e1n astronautas a la luna en 2025","datePublished":"2023-03-16T17:41:14+00:00","mainEntityOfPage":{"@id":"https:\/\/www.sonoraenequipo.com.mx\/nasa-presenta-el-traje-que-llevaran-astronautas-a-la-luna-en-2025\/"},"wordCount":469,"commentCount":0,"publisher":{"@id":"https:\/\/www.sonoraenequipo.com.mx\/#organization"},"image":{"@id":"https:\/\/www.sonoraenequipo.com.mx\/nasa-presenta-el-traje-que-llevaran-astronautas-a-la-luna-en-2025\/#primaryimage"},"thumbnailUrl":"https:\/\/www.sonoraenequipo.com.mx\/storage\/2023\/03\/traje-artemis.jpg","articleSection":["Ciencia y Tecnolog\u00eda"],"inLanguage":"es","potentialAction":[{"@type":"CommentAction","name":"Comment","target":["https:\/\/www.sonoraenequipo.com.mx\/nasa-presenta-el-traje-que-llevaran-astronautas-a-la-luna-en-2025\/#respond"]}]},{"@type":"WebPage","@id":"https:\/\/www.sonoraenequipo.com.mx\/nasa-presenta-el-traje-que-llevaran-astronautas-a-la-luna-en-2025\/","url":"https:\/\/www.sonoraenequipo.com.mx\/nasa-presenta-el-traje-que-llevaran-astronautas-a-la-luna-en-2025\/","name":"Sonora en Equipo. NASA presenta el traje que llevar\u00e1n astronautas a la luna en 2025 Ciencia y Tecnolog\u00eda","isPartOf":{"@id":"https:\/\/www.sonoraenequipo.com.mx\/#website"},"primaryImageOfPage":{"@id":"https:\/\/www.sonoraenequipo.com.mx\/nasa-presenta-el-traje-que-llevaran-astronautas-a-la-luna-en-2025\/#primaryimage"},"image":{"@id":"https:\/\/www.sonoraenequipo.com.mx\/nasa-presenta-el-traje-que-llevaran-astronautas-a-la-luna-en-2025\/#primaryimage"},"thumbnailUrl":"https:\/\/www.sonoraenequipo.com.mx\/storage\/2023\/03\/traje-artemis.jpg","datePublished":"2023-03-16T17:41:14+00:00","description":"El prototipo del traje espacial Artemis III, el AxEMU. Aunque este prototipo utiliza un material de cubierta gris oscuro, la versi\u00f3n final probablemente En Sonora en Equipo publicamos toda la informaci\u00f3n de Sonora, M\u00e9xico y el Mundo de manera oportuna y busca que la libertad de expresi\u00f3n sea real. Visita nuestro medio informativo publicado desde Hermosillo, Sonora. %","breadcrumb":{"@id":"https:\/\/www.sonoraenequipo.com.mx\/nasa-presenta-el-traje-que-llevaran-astronautas-a-la-luna-en-2025\/#breadcrumb"},"inLanguage":"es","potentialAction":[{"@type":"ReadAction","target":["https:\/\/www.sonoraenequipo.com.mx\/nasa-presenta-el-traje-que-llevaran-astronautas-a-la-luna-en-2025\/"]}]},{"@type":"ImageObject","inLanguage":"es","@id":"https:\/\/www.sonoraenequipo.com.mx\/nasa-presenta-el-traje-que-llevaran-astronautas-a-la-luna-en-2025\/#primaryimage","url":"https:\/\/www.sonoraenequipo.com.mx\/storage\/2023\/03\/traje-artemis.jpg","contentUrl":"https:\/\/www.sonoraenequipo.com.mx\/storage\/2023\/03\/traje-artemis.jpg","width":600,"height":414},{"@type":"BreadcrumbList","@id":"https:\/\/www.sonoraenequipo.com.mx\/nasa-presenta-el-traje-que-llevaran-astronautas-a-la-luna-en-2025\/#breadcrumb","itemListElement":[{"@type":"ListItem","position":1,"name":"Portada","item":"https:\/\/www.sonoraenequipo.com.mx\/"},{"@type":"ListItem","position":2,"name":"NASA presenta el traje que llevar\u00e1n astronautas a la luna en 2025"}]},{"@type":"WebSite","@id":"https:\/\/www.sonoraenequipo.com.mx\/#website","url":"https:\/\/www.sonoraenequipo.com.mx\/","name":"Sonora en Equipo.","description":"Diario en l\u00ednea con Noticias desde Hermosillo, Sonora","publisher":{"@id":"https:\/\/www.sonoraenequipo.com.mx\/#organization"},"potentialAction":[{"@type":"SearchAction","target":{"@type":"EntryPoint","urlTemplate":"https:\/\/www.sonoraenequipo.com.mx\/?s={search_term_string}"},"query-input":{"@type":"PropertyValueSpecification","valueRequired":true,"valueName":"search_term_string"}}],"inLanguage":"es"},{"@type":"Organization","@id":"https:\/\/www.sonoraenequipo.com.mx\/#organization","name":"Sonoraenequipo.com.mx","url":"https:\/\/www.sonoraenequipo.com.mx\/","logo":{"@type":"ImageObject","inLanguage":"es","@id":"https:\/\/www.sonoraenequipo.com.mx\/#\/schema\/logo\/image\/","url":"https:\/\/www.sonoraenequipo.com.mx\/storage\/2019\/01\/sonoraenequipo_opt.png","contentUrl":"https:\/\/www.sonoraenequipo.com.mx\/storage\/2019\/01\/sonoraenequipo_opt.png","width":375,"height":125,"caption":"Sonoraenequipo.com.mx"},"image":{"@id":"https:\/\/www.sonoraenequipo.com.mx\/#\/schema\/logo\/image\/"},"sameAs":["https:\/\/www.facebook.com\/SonoraEE\/","https:\/\/x.com\/sonoraenequipo","https:\/\/www.youtube.com\/channel\/UC338nW-lPEYmJQs4ZABQ1SQ"]},{"@type":"Person","@id":"https:\/\/www.sonoraenequipo.com.mx\/#\/schema\/person\/50102df0fb23a8fa9e8effad8fa81386","name":"enequipo","image":{"@type":"ImageObject","inLanguage":"es","@id":"https:\/\/www.sonoraenequipo.com.mx\/#\/schema\/person\/image\/","url":"https:\/\/secure.gravatar.com\/avatar\/049821681b589dabc0bc20695993ccebb09f5b5d4d790cd9251b97faac7c652b?s=96&d=blank&r=g","contentUrl":"https:\/\/secure.gravatar.com\/avatar\/049821681b589dabc0bc20695993ccebb09f5b5d4d790cd9251b97faac7c652b?s=96&d=blank&r=g","caption":"enequipo"},"sameAs":["https:\/\/www.facebook.com\/SonoraEE"]}]}},"jetpack_featured_media_url":"https:\/\/www.sonoraenequipo.com.mx\/storage\/2023\/03\/traje-artemis.jpg","_links":{"self":[{"href":"https:\/\/www.sonoraenequipo.com.mx\/api\/wp\/v2\/posts\/160951","targetHints":{"allow":["GET"]}}],"collection":[{"href":"https:\/\/www.sonoraenequipo.com.mx\/api\/wp\/v2\/posts"}],"about":[{"href":"https:\/\/www.sonoraenequipo.com.mx\/api\/wp\/v2\/types\/post"}],"author":[{"embeddable":true,"href":"https:\/\/www.sonoraenequipo.com.mx\/api\/wp\/v2\/users\/1"}],"replies":[{"embeddable":true,"href":"https:\/\/www.sonoraenequipo.com.mx\/api\/wp\/v2\/comments?post=160951"}],"version-history":[{"count":1,"href":"https:\/\/www.sonoraenequipo.com.mx\/api\/wp\/v2\/posts\/160951\/revisions"}],"predecessor-version":[{"id":160954,"href":"https:\/\/www.sonoraenequipo.com.mx\/api\/wp\/v2\/posts\/160951\/revisions\/160954"}],"wp:featuredmedia":[{"embeddable":true,"href":"https:\/\/www.sonoraenequipo.com.mx\/api\/wp\/v2\/media\/160952"}],"wp:attachment":[{"href":"https:\/\/www.sonoraenequipo.com.mx\/api\/wp\/v2\/media?parent=160951"}],"wp:term":[{"taxonomy":"category","embeddable":true,"href":"https:\/\/www.sonoraenequipo.com.mx\/api\/wp\/v2\/categories?post=160951"},{"taxonomy":"post_tag","embeddable":true,"href":"https:\/\/www.sonoraenequipo.com.mx\/api\/wp\/v2\/tags?post=160951"}],"curies":[{"name":"wp","href":"https:\/\/api.w.org\/{rel}","templated":true}]}}