{"id":161092,"date":"2023-03-17T14:29:32","date_gmt":"2023-03-17T21:29:32","guid":{"rendered":"https:\/\/www.sonoraenequipo.com.mx\/?p=161092"},"modified":"2023-03-17T14:29:32","modified_gmt":"2023-03-17T21:29:32","slug":"capturan-en-slrc-a-mujer-involucrada-en-al-menos-7-homicidios-en-bc","status":"publish","type":"post","link":"https:\/\/www.sonoraenequipo.com.mx\/capturan-en-slrc-a-mujer-involucrada-en-al-menos-7-homicidios-en-bc\/","title":{"rendered":"Capturan en SLRC a mujer involucrada en al menos 7 homicidios en BC"},"content":{"rendered":"<p>\u25baAdem\u00e1s, figura por lo menos en siete carpetas de investigaci\u00f3n por delitos de homicidios en Baja California (BC).<\/p>\n<p><strong>SAN LUIS R\u00cdO COLORADO, SONORA,MX.<\/strong><strong>\u2500\u2500<\/strong> Dentro de la Coordinaci\u00f3n de Seguridad de la Regi\u00f3n del Mar de Cort\u00e9s, elementos de la UECS de las Fiscal\u00eda de Sonora y Baja California, con la participaci\u00f3n de la Polic\u00eda Municipal, aprehendieron a una mujer, requerida en Mexicali B C por figurar por el delito de homicidio calificado con ventaja en perjuicio de dos personas.<\/p>\n<p>&nbsp;<\/p>\n<p>Alicia Adela \u201cN.\u201d fue asegurada en San Luis R\u00edo Colorado SLRC), donde radicaba al tratar de evadir de la justicia, pero fue ubicadA en labores de investigaci\u00f3n entre los agentes de la Unidad Especializada en Combate al Secuestro (UECS).<\/p>\n<p>&nbsp;<\/p>\n<p>de la Fiscal\u00eda General de Justicia del Estado de Sonora (FGJE), cumplimentaron la orden de aprehensi\u00f3n en coordinaci\u00f3n de oficiales de Seguridad P\u00fablica Municipal.<\/p>\n<p>&nbsp;<\/p>\n<p>Autoridades de Baja California se\u00f1alaron que Alicia Adela \u201cN.\u201d sest\u00e1 relacionaba con, al menos, otras siete carpetas de investigaci\u00f3n por los mismos delitos de homicidio.<\/p>\n<p>&nbsp;<\/p>\n<p>Una vez asegurada, se puso a disposici\u00f3n de agentes asignados al Departamento de \u00d3rdenes de Aprehensi\u00f3n de la Agencia Ministerial la Fiscal\u00eda General del Estado de Baja California, quienes la trasladaron a Mexicali.<\/p>\n<p><strong><em><u>Fecha de publicaci\u00f3n viernes 17\u00a0 de marzo de 2023 con informaci\u00f3n de boletines<\/u><\/em><\/strong><\/p>\n","protected":false},"excerpt":{"rendered":"<p>\u25baAdem\u00e1s, figura por lo menos en siete carpetas de investigaci\u00f3n por delitos de homicidios en&#8230;<\/p>\n","protected":false},"author":1,"featured_media":161093,"comment_status":"open","ping_status":"open","sticky":false,"template":"","format":"standard","meta":{"_monsterinsights_skip_tracking":false,"_monsterinsights_sitenote_active":false,"_monsterinsights_sitenote_note":"","_monsterinsights_sitenote_category":0,"footnotes":""},"categories":[3144],"tags":[299,7406],"class_list":["post"],"yoast_head":" \n<title>Sonora en Equipo. Capturan en SLRC a mujer involucrada en al menos 7 homicidios en BC Polic\u00edaca<\/title>\n<meta name=\"description\" content=\"\u25baAdem\u00e1s, figura por lo menos en siete carpetas de investigaci\u00f3n por delitos de homicidios en Baja California (BC). SAN LUIS R\u00cdO COLORADO, SONORA,MX.\u2500\u2500 En Sonora en Equipo publicamos toda la informaci\u00f3n de Sonora, M\u00e9xico y el Mundo de manera oportuna y busca que la libertad de expresi\u00f3n sea real. Visita nuestro medio informativo publicado desde Hermosillo, Sonora. %\" \/>\n<meta name=\"robots\" content=\"index, follow, max-snippet:-1, max-image-preview:large, max-video-preview:-1\" \/>\n<link rel=\"canonical\" href=\"https:\/\/www.sonoraenequipo.com.mx\/capturan-en-slrc-a-mujer-involucrada-en-al-menos-7-homicidios-en-bc\/\" \/>\n<meta property=\"og:locale\" content=\"es_ES\" \/>\n<meta property=\"og:type\" content=\"article\" \/>\n<meta property=\"og:title\" content=\"Sonora en Equipo. Capturan en SLRC a mujer involucrada en al menos 7 homicidios en BC Polic\u00edaca\" \/>\n<meta property=\"og:description\" content=\"\u25baAdem\u00e1s, figura por lo menos en siete carpetas de investigaci\u00f3n por delitos de homicidios en Baja California (BC). SAN LUIS R\u00cdO COLORADO, SONORA,MX.\u2500\u2500 En Sonora en Equipo publicamos toda la informaci\u00f3n de Sonora, M\u00e9xico y el Mundo de manera oportuna y busca que la libertad de expresi\u00f3n sea real. Visita nuestro medio informativo publicado desde Hermosillo, Sonora. %\" \/>\n<meta property=\"og:url\" content=\"https:\/\/www.sonoraenequipo.com.mx\/capturan-en-slrc-a-mujer-involucrada-en-al-menos-7-homicidios-en-bc\/\" \/>\n<meta property=\"og:site_name\" content=\"Sonora en Equipo.\" \/>\n<meta property=\"article:publisher\" content=\"https:\/\/www.facebook.com\/SonoraEE\/\" \/>\n<meta property=\"article:author\" content=\"https:\/\/www.facebook.com\/SonoraEE\" \/>\n<meta property=\"article:published_time\" content=\"2023-03-17T21:29:32+00:00\" \/>\n<meta property=\"og:image\" content=\"https:\/\/www.sonoraenequipo.com.mx\/storage\/2023\/03\/Alicia-Adela.jpg\" \/>\n\t<meta property=\"og:image:width\" content=\"600\" \/>\n\t<meta property=\"og:image:height\" content=\"400\" \/>\n\t<meta property=\"og:image:type\" content=\"image\/jpeg\" \/>\n<meta name=\"author\" content=\"enequipo\" \/>\n<meta name=\"twitter:card\" content=\"summary_large_image\" \/>\n<meta name=\"twitter:creator\" content=\"@sonoraenequipo\" \/>\n<meta name=\"twitter:site\" content=\"@sonoraenequipo\" \/>\n<meta name=\"twitter:label1\" content=\"Escrito por\" \/>\n\t<meta name=\"twitter:data1\" content=\"enequipo\" \/>\n\t<meta name=\"twitter:label2\" content=\"Tiempo de lectura\" \/>\n\t<meta name=\"twitter:data2\" content=\"1 minuto\" \/>\n<script type=\"application\/ld+json\" class=\"yoast-schema-graph\">{\"@context\":\"https:\/\/schema.org\",\"@graph\":[{\"@type\":\"Article\",\"@id\":\"https:\/\/www.sonoraenequipo.com.mx\/capturan-en-slrc-a-mujer-involucrada-en-al-menos-7-homicidios-en-bc\/#article\",\"isPartOf\":{\"@id\":\"https:\/\/www.sonoraenequipo.com.mx\/capturan-en-slrc-a-mujer-involucrada-en-al-menos-7-homicidios-en-bc\/\"},\"author\":{\"name\":\"enequipo\",\"@id\":\"https:\/\/www.sonoraenequipo.com.mx\/#\/schema\/person\/50102df0fb23a8fa9e8effad8fa81386\"},\"headline\":\"Capturan en SLRC a mujer involucrada en al menos 7 homicidios en BC\",\"datePublished\":\"2023-03-17T21:29:32+00:00\",\"mainEntityOfPage\":{\"@id\":\"https:\/\/www.sonoraenequipo.com.mx\/capturan-en-slrc-a-mujer-involucrada-en-al-menos-7-homicidios-en-bc\/\"},\"wordCount\":250,\"commentCount\":0,\"publisher\":{\"@id\":\"https:\/\/www.sonoraenequipo.com.mx\/#organization\"},\"image\":{\"@id\":\"https:\/\/www.sonoraenequipo.com.mx\/capturan-en-slrc-a-mujer-involucrada-en-al-menos-7-homicidios-en-bc\/#primaryimage\"},\"thumbnailUrl\":\"https:\/\/www.sonoraenequipo.com.mx\/storage\/2023\/03\/Alicia-Adela.jpg\",\"keywords\":[\"inseguridad\",\"slrc\"],\"articleSection\":[\"Polic\u00edaca\"],\"inLanguage\":\"es\",\"potentialAction\":[{\"@type\":\"CommentAction\",\"name\":\"Comment\",\"target\":[\"https:\/\/www.sonoraenequipo.com.mx\/capturan-en-slrc-a-mujer-involucrada-en-al-menos-7-homicidios-en-bc\/#respond\"]}]},{\"@type\":\"WebPage\",\"@id\":\"https:\/\/www.sonoraenequipo.com.mx\/capturan-en-slrc-a-mujer-involucrada-en-al-menos-7-homicidios-en-bc\/\",\"url\":\"https:\/\/www.sonoraenequipo.com.mx\/capturan-en-slrc-a-mujer-involucrada-en-al-menos-7-homicidios-en-bc\/\",\"name\":\"Sonora en Equipo. Capturan en SLRC a mujer involucrada en al menos 7 homicidios en BC Polic\u00edaca\",\"isPartOf\":{\"@id\":\"https:\/\/www.sonoraenequipo.com.mx\/#website\"},\"primaryImageOfPage\":{\"@id\":\"https:\/\/www.sonoraenequipo.com.mx\/capturan-en-slrc-a-mujer-involucrada-en-al-menos-7-homicidios-en-bc\/#primaryimage\"},\"image\":{\"@id\":\"https:\/\/www.sonoraenequipo.com.mx\/capturan-en-slrc-a-mujer-involucrada-en-al-menos-7-homicidios-en-bc\/#primaryimage\"},\"thumbnailUrl\":\"https:\/\/www.sonoraenequipo.com.mx\/storage\/2023\/03\/Alicia-Adela.jpg\",\"datePublished\":\"2023-03-17T21:29:32+00:00\",\"description\":\"\u25baAdem\u00e1s, figura por lo menos en siete carpetas de investigaci\u00f3n por delitos de homicidios en Baja California (BC). SAN LUIS R\u00cdO COLORADO, SONORA,MX.\u2500\u2500 En Sonora en Equipo publicamos toda la informaci\u00f3n de Sonora, M\u00e9xico y el Mundo de manera oportuna y busca que la libertad de expresi\u00f3n sea real. Visita nuestro medio informativo publicado desde Hermosillo, Sonora. %\",\"breadcrumb\":{\"@id\":\"https:\/\/www.sonoraenequipo.com.mx\/capturan-en-slrc-a-mujer-involucrada-en-al-menos-7-homicidios-en-bc\/#breadcrumb\"},\"inLanguage\":\"es\",\"potentialAction\":[{\"@type\":\"ReadAction\",\"target\":[\"https:\/\/www.sonoraenequipo.com.mx\/capturan-en-slrc-a-mujer-involucrada-en-al-menos-7-homicidios-en-bc\/\"]}]},{\"@type\":\"ImageObject\",\"inLanguage\":\"es\",\"@id\":\"https:\/\/www.sonoraenequipo.com.mx\/capturan-en-slrc-a-mujer-involucrada-en-al-menos-7-homicidios-en-bc\/#primaryimage\",\"url\":\"https:\/\/www.sonoraenequipo.com.mx\/storage\/2023\/03\/Alicia-Adela.jpg\",\"contentUrl\":\"https:\/\/www.sonoraenequipo.com.mx\/storage\/2023\/03\/Alicia-Adela.jpg\",\"width\":600,\"height\":400},{\"@type\":\"BreadcrumbList\",\"@id\":\"https:\/\/www.sonoraenequipo.com.mx\/capturan-en-slrc-a-mujer-involucrada-en-al-menos-7-homicidios-en-bc\/#breadcrumb\",\"itemListElement\":[{\"@type\":\"ListItem\",\"position\":1,\"name\":\"Portada\",\"item\":\"https:\/\/www.sonoraenequipo.com.mx\/\"},{\"@type\":\"ListItem\",\"position\":2,\"name\":\"Capturan en SLRC a mujer involucrada en al menos 7 homicidios en BC\"}]},{\"@type\":\"WebSite\",\"@id\":\"https:\/\/www.sonoraenequipo.com.mx\/#website\",\"url\":\"https:\/\/www.sonoraenequipo.com.mx\/\",\"name\":\"Sonora en Equipo.\",\"description\":\"Diario en l\u00ednea con Noticias desde Hermosillo, Sonora\",\"publisher\":{\"@id\":\"https:\/\/www.sonoraenequipo.com.mx\/#organization\"},\"potentialAction\":[{\"@type\":\"SearchAction\",\"target\":{\"@type\":\"EntryPoint\",\"urlTemplate\":\"https:\/\/www.sonoraenequipo.com.mx\/?s={search_term_string}\"},\"query-input\":{\"@type\":\"PropertyValueSpecification\",\"valueRequired\":true,\"valueName\":\"search_term_string\"}}],\"inLanguage\":\"es\"},{\"@type\":\"Organization\",\"@id\":\"https:\/\/www.sonoraenequipo.com.mx\/#organization\",\"name\":\"Sonoraenequipo.com.mx\",\"url\":\"https:\/\/www.sonoraenequipo.com.mx\/\",\"logo\":{\"@type\":\"ImageObject\",\"inLanguage\":\"es\",\"@id\":\"https:\/\/www.sonoraenequipo.com.mx\/#\/schema\/logo\/image\/\",\"url\":\"https:\/\/www.sonoraenequipo.com.mx\/storage\/2019\/01\/sonoraenequipo_opt.png\",\"contentUrl\":\"https:\/\/www.sonoraenequipo.com.mx\/storage\/2019\/01\/sonoraenequipo_opt.png\",\"width\":375,\"height\":125,\"caption\":\"Sonoraenequipo.com.mx\"},\"image\":{\"@id\":\"https:\/\/www.sonoraenequipo.com.mx\/#\/schema\/logo\/image\/\"},\"sameAs\":[\"https:\/\/www.facebook.com\/SonoraEE\/\",\"https:\/\/x.com\/sonoraenequipo\",\"https:\/\/www.youtube.com\/channel\/UC338nW-lPEYmJQs4ZABQ1SQ\"]},{\"@type\":\"Person\",\"@id\":\"https:\/\/www.sonoraenequipo.com.mx\/#\/schema\/person\/50102df0fb23a8fa9e8effad8fa81386\",\"name\":\"enequipo\",\"image\":{\"@type\":\"ImageObject\",\"inLanguage\":\"es\",\"@id\":\"https:\/\/www.sonoraenequipo.com.mx\/#\/schema\/person\/image\/\",\"url\":\"https:\/\/secure.gravatar.com\/avatar\/049821681b589dabc0bc20695993ccebb09f5b5d4d790cd9251b97faac7c652b?s=96&d=blank&r=g\",\"contentUrl\":\"https:\/\/secure.gravatar.com\/avatar\/049821681b589dabc0bc20695993ccebb09f5b5d4d790cd9251b97faac7c652b?s=96&d=blank&r=g\",\"caption\":\"enequipo\"},\"sameAs\":[\"https:\/\/www.facebook.com\/SonoraEE\"]}]}<\/script>\n ","yoast_head_json":{"title":"Sonora en Equipo. Capturan en SLRC a mujer involucrada en al menos 7 homicidios en BC Polic\u00edaca","description":"\u25baAdem\u00e1s, figura por lo menos en siete carpetas de investigaci\u00f3n por delitos de homicidios en Baja California (BC). SAN LUIS R\u00cdO COLORADO, SONORA,MX.\u2500\u2500 En Sonora en Equipo publicamos toda la informaci\u00f3n de Sonora, M\u00e9xico y el Mundo de manera oportuna y busca que la libertad de expresi\u00f3n sea real. Visita nuestro medio informativo publicado desde Hermosillo, Sonora. %","robots":{"index":"index","follow":"follow","max-snippet":"max-snippet:-1","max-image-preview":"max-image-preview:large","max-video-preview":"max-video-preview:-1"},"canonical":"https:\/\/www.sonoraenequipo.com.mx\/capturan-en-slrc-a-mujer-involucrada-en-al-menos-7-homicidios-en-bc\/","og_locale":"es_ES","og_type":"article","og_title":"Sonora en Equipo. Capturan en SLRC a mujer involucrada en al menos 7 homicidios en BC Polic\u00edaca","og_description":"\u25baAdem\u00e1s, figura por lo menos en siete carpetas de investigaci\u00f3n por delitos de homicidios en Baja California (BC). SAN LUIS R\u00cdO COLORADO, SONORA,MX.\u2500\u2500 En Sonora en Equipo publicamos toda la informaci\u00f3n de Sonora, M\u00e9xico y el Mundo de manera oportuna y busca que la libertad de expresi\u00f3n sea real. Visita nuestro medio informativo publicado desde Hermosillo, Sonora. %","og_url":"https:\/\/www.sonoraenequipo.com.mx\/capturan-en-slrc-a-mujer-involucrada-en-al-menos-7-homicidios-en-bc\/","og_site_name":"Sonora en Equipo.","article_publisher":"https:\/\/www.facebook.com\/SonoraEE\/","article_author":"https:\/\/www.facebook.com\/SonoraEE","article_published_time":"2023-03-17T21:29:32+00:00","og_image":[{"width":600,"height":400,"url":"https:\/\/www.sonoraenequipo.com.mx\/storage\/2023\/03\/Alicia-Adela.jpg","type":"image\/jpeg"}],"author":"enequipo","twitter_card":"summary_large_image","twitter_creator":"@sonoraenequipo","twitter_site":"@sonoraenequipo","twitter_misc":{"Escrito por":"enequipo","Tiempo de lectura":"1 minuto"},"schema":{"@context":"https:\/\/schema.org","@graph":[{"@type":"Article","@id":"https:\/\/www.sonoraenequipo.com.mx\/capturan-en-slrc-a-mujer-involucrada-en-al-menos-7-homicidios-en-bc\/#article","isPartOf":{"@id":"https:\/\/www.sonoraenequipo.com.mx\/capturan-en-slrc-a-mujer-involucrada-en-al-menos-7-homicidios-en-bc\/"},"author":{"name":"enequipo","@id":"https:\/\/www.sonoraenequipo.com.mx\/#\/schema\/person\/50102df0fb23a8fa9e8effad8fa81386"},"headline":"Capturan en SLRC a mujer involucrada en al menos 7 homicidios en BC","datePublished":"2023-03-17T21:29:32+00:00","mainEntityOfPage":{"@id":"https:\/\/www.sonoraenequipo.com.mx\/capturan-en-slrc-a-mujer-involucrada-en-al-menos-7-homicidios-en-bc\/"},"wordCount":250,"commentCount":0,"publisher":{"@id":"https:\/\/www.sonoraenequipo.com.mx\/#organization"},"image":{"@id":"https:\/\/www.sonoraenequipo.com.mx\/capturan-en-slrc-a-mujer-involucrada-en-al-menos-7-homicidios-en-bc\/#primaryimage"},"thumbnailUrl":"https:\/\/www.sonoraenequipo.com.mx\/storage\/2023\/03\/Alicia-Adela.jpg","keywords":["inseguridad","slrc"],"articleSection":["Polic\u00edaca"],"inLanguage":"es","potentialAction":[{"@type":"CommentAction","name":"Comment","target":["https:\/\/www.sonoraenequipo.com.mx\/capturan-en-slrc-a-mujer-involucrada-en-al-menos-7-homicidios-en-bc\/#respond"]}]},{"@type":"WebPage","@id":"https:\/\/www.sonoraenequipo.com.mx\/capturan-en-slrc-a-mujer-involucrada-en-al-menos-7-homicidios-en-bc\/","url":"https:\/\/www.sonoraenequipo.com.mx\/capturan-en-slrc-a-mujer-involucrada-en-al-menos-7-homicidios-en-bc\/","name":"Sonora en Equipo. Capturan en SLRC a mujer involucrada en al menos 7 homicidios en BC Polic\u00edaca","isPartOf":{"@id":"https:\/\/www.sonoraenequipo.com.mx\/#website"},"primaryImageOfPage":{"@id":"https:\/\/www.sonoraenequipo.com.mx\/capturan-en-slrc-a-mujer-involucrada-en-al-menos-7-homicidios-en-bc\/#primaryimage"},"image":{"@id":"https:\/\/www.sonoraenequipo.com.mx\/capturan-en-slrc-a-mujer-involucrada-en-al-menos-7-homicidios-en-bc\/#primaryimage"},"thumbnailUrl":"https:\/\/www.sonoraenequipo.com.mx\/storage\/2023\/03\/Alicia-Adela.jpg","datePublished":"2023-03-17T21:29:32+00:00","description":"\u25baAdem\u00e1s, figura por lo menos en siete carpetas de investigaci\u00f3n por delitos de homicidios en Baja California (BC). SAN LUIS R\u00cdO COLORADO, SONORA,MX.\u2500\u2500 En Sonora en Equipo publicamos toda la informaci\u00f3n de Sonora, M\u00e9xico y el Mundo de manera oportuna y busca que la libertad de expresi\u00f3n sea real. Visita nuestro medio informativo publicado desde Hermosillo, Sonora. %","breadcrumb":{"@id":"https:\/\/www.sonoraenequipo.com.mx\/capturan-en-slrc-a-mujer-involucrada-en-al-menos-7-homicidios-en-bc\/#breadcrumb"},"inLanguage":"es","potentialAction":[{"@type":"ReadAction","target":["https:\/\/www.sonoraenequipo.com.mx\/capturan-en-slrc-a-mujer-involucrada-en-al-menos-7-homicidios-en-bc\/"]}]},{"@type":"ImageObject","inLanguage":"es","@id":"https:\/\/www.sonoraenequipo.com.mx\/capturan-en-slrc-a-mujer-involucrada-en-al-menos-7-homicidios-en-bc\/#primaryimage","url":"https:\/\/www.sonoraenequipo.com.mx\/storage\/2023\/03\/Alicia-Adela.jpg","contentUrl":"https:\/\/www.sonoraenequipo.com.mx\/storage\/2023\/03\/Alicia-Adela.jpg","width":600,"height":400},{"@type":"BreadcrumbList","@id":"https:\/\/www.sonoraenequipo.com.mx\/capturan-en-slrc-a-mujer-involucrada-en-al-menos-7-homicidios-en-bc\/#breadcrumb","itemListElement":[{"@type":"ListItem","position":1,"name":"Portada","item":"https:\/\/www.sonoraenequipo.com.mx\/"},{"@type":"ListItem","position":2,"name":"Capturan en SLRC a mujer involucrada en al menos 7 homicidios en BC"}]},{"@type":"WebSite","@id":"https:\/\/www.sonoraenequipo.com.mx\/#website","url":"https:\/\/www.sonoraenequipo.com.mx\/","name":"Sonora en Equipo.","description":"Diario en l\u00ednea con Noticias desde Hermosillo, Sonora","publisher":{"@id":"https:\/\/www.sonoraenequipo.com.mx\/#organization"},"potentialAction":[{"@type":"SearchAction","target":{"@type":"EntryPoint","urlTemplate":"https:\/\/www.sonoraenequipo.com.mx\/?s={search_term_string}"},"query-input":{"@type":"PropertyValueSpecification","valueRequired":true,"valueName":"search_term_string"}}],"inLanguage":"es"},{"@type":"Organization","@id":"https:\/\/www.sonoraenequipo.com.mx\/#organization","name":"Sonoraenequipo.com.mx","url":"https:\/\/www.sonoraenequipo.com.mx\/","logo":{"@type":"ImageObject","inLanguage":"es","@id":"https:\/\/www.sonoraenequipo.com.mx\/#\/schema\/logo\/image\/","url":"https:\/\/www.sonoraenequipo.com.mx\/storage\/2019\/01\/sonoraenequipo_opt.png","contentUrl":"https:\/\/www.sonoraenequipo.com.mx\/storage\/2019\/01\/sonoraenequipo_opt.png","width":375,"height":125,"caption":"Sonoraenequipo.com.mx"},"image":{"@id":"https:\/\/www.sonoraenequipo.com.mx\/#\/schema\/logo\/image\/"},"sameAs":["https:\/\/www.facebook.com\/SonoraEE\/","https:\/\/x.com\/sonoraenequipo","https:\/\/www.youtube.com\/channel\/UC338nW-lPEYmJQs4ZABQ1SQ"]},{"@type":"Person","@id":"https:\/\/www.sonoraenequipo.com.mx\/#\/schema\/person\/50102df0fb23a8fa9e8effad8fa81386","name":"enequipo","image":{"@type":"ImageObject","inLanguage":"es","@id":"https:\/\/www.sonoraenequipo.com.mx\/#\/schema\/person\/image\/","url":"https:\/\/secure.gravatar.com\/avatar\/049821681b589dabc0bc20695993ccebb09f5b5d4d790cd9251b97faac7c652b?s=96&d=blank&r=g","contentUrl":"https:\/\/secure.gravatar.com\/avatar\/049821681b589dabc0bc20695993ccebb09f5b5d4d790cd9251b97faac7c652b?s=96&d=blank&r=g","caption":"enequipo"},"sameAs":["https:\/\/www.facebook.com\/SonoraEE"]}]}},"jetpack_featured_media_url":"https:\/\/www.sonoraenequipo.com.mx\/storage\/2023\/03\/Alicia-Adela.jpg","_links":{"self":[{"href":"https:\/\/www.sonoraenequipo.com.mx\/api\/wp\/v2\/posts\/161092","targetHints":{"allow":["GET"]}}],"collection":[{"href":"https:\/\/www.sonoraenequipo.com.mx\/api\/wp\/v2\/posts"}],"about":[{"href":"https:\/\/www.sonoraenequipo.com.mx\/api\/wp\/v2\/types\/post"}],"author":[{"embeddable":true,"href":"https:\/\/www.sonoraenequipo.com.mx\/api\/wp\/v2\/users\/1"}],"replies":[{"embeddable":true,"href":"https:\/\/www.sonoraenequipo.com.mx\/api\/wp\/v2\/comments?post=161092"}],"version-history":[{"count":1,"href":"https:\/\/www.sonoraenequipo.com.mx\/api\/wp\/v2\/posts\/161092\/revisions"}],"predecessor-version":[{"id":161094,"href":"https:\/\/www.sonoraenequipo.com.mx\/api\/wp\/v2\/posts\/161092\/revisions\/161094"}],"wp:featuredmedia":[{"embeddable":true,"href":"https:\/\/www.sonoraenequipo.com.mx\/api\/wp\/v2\/media\/161093"}],"wp:attachment":[{"href":"https:\/\/www.sonoraenequipo.com.mx\/api\/wp\/v2\/media?parent=161092"}],"wp:term":[{"taxonomy":"category","embeddable":true,"href":"https:\/\/www.sonoraenequipo.com.mx\/api\/wp\/v2\/categories?post=161092"},{"taxonomy":"post_tag","embeddable":true,"href":"https:\/\/www.sonoraenequipo.com.mx\/api\/wp\/v2\/tags?post=161092"}],"curies":[{"name":"wp","href":"https:\/\/api.w.org\/{rel}","templated":true}]}}