{"id":161795,"date":"2023-03-27T12:18:38","date_gmt":"2023-03-27T19:18:38","guid":{"rendered":"https:\/\/www.sonoraenequipo.com.mx\/?p=161795"},"modified":"2023-03-27T12:18:38","modified_gmt":"2023-03-27T19:18:38","slug":"prepara-sonora-participacion-en-el-gran-simulacro-nacional-2023","status":"publish","type":"post","link":"https:\/\/www.sonoraenequipo.com.mx\/prepara-sonora-participacion-en-el-gran-simulacro-nacional-2023\/","title":{"rendered":"Prepara Sonora participaci\u00f3n en el Gran Simulacro Nacional 2023"},"content":{"rendered":"<p><strong>HERMOSILLO, SONORA,MX.<\/strong><strong>\u2500\u2500<\/strong> El pr\u00f3ximo mi\u00e9rcoles 19 de abril a las 10:00 de la ma\u00f1ana, se realizar\u00e1 el Primer Simulacro Nacional 2023, inform\u00f3 la Coordinaci\u00f3n Estatal de Protecci\u00f3n Civil (CEPC) en Sonora.<\/p>\n<p>&nbsp;<\/p>\n<p>La convocatoria es para instituciones p\u00fablicas y privadas, pero tambi\u00e9n para que las familias aprovechen ese d\u00eda y preparen su propio Plan Familiar de Protecci\u00f3n Civil, para ponerlo en pr\u00e1ctica en este simulacro nacional.<\/p>\n<p>&nbsp;<\/p>\n<p>&nbsp;<\/p>\n<p>&nbsp;<\/p>\n<p>El evento nacional, al que Sonora se integra, se organiza con el prop\u00f3sito de fomentar la cultura de la protecci\u00f3n civil entre la poblaci\u00f3n y contribuir al fortalecimiento de las capacidades de reacci\u00f3n de las unidades internas y brigadas, ante cualquier eventualidad de una emergencia o desastre.<\/p>\n<p>&nbsp;<\/p>\n<p>&nbsp;<\/p>\n<p>&nbsp;<\/p>\n<p>\u00abEn este simulacro est\u00e1 involucrada toda la poblaci\u00f3n en general; va dirigido a las autoridades p\u00fablicas, privadas, pero tambi\u00e9n a las familias. La idea es que participen con viviendas, inmuebles e instituciones en general. Los interesados pueden entrar a cualquier red social de la Coordinaci\u00f3n Nacional de Protecci\u00f3n Civil, ah\u00ed viene el link para generar el registro, que al final del simulacro le va a generar una constancia\u00bb, expuso el coordinador estatal, Juan D\u00edaz Alvarado.<\/p>\n<p>&nbsp;<\/p>\n<p>&nbsp;<\/p>\n<p>&nbsp;<\/p>\n<p>Todas las personas interesadas en participar pueden ingresar a la siguiente liga: preparados.gob.mx\/1ersimulacronacional2023\/<\/p>\n<p>&nbsp;<\/p>\n<p>&nbsp;<\/p>\n<p>&nbsp;<\/p>\n<p>Protecci\u00f3n Civil Sonora tomar\u00e1 en cuenta la participaci\u00f3n en ese simulacro nacional, ya que, para las personas interesadas, uno de los requisitos es contar con un Programa Interno de Protecci\u00f3n Civil. El a\u00f1o pasado, fueron m\u00e1s de mil inmuebles inscritos en el estado.<\/p>\n<p>&nbsp;<\/p>\n<p>&nbsp;<\/p>\n<p>&nbsp;<\/p>\n<p>Cada entidad participante en el Primer Simulacro Nacional 2023 puede elegir qu\u00e9 tipo de simulacro realizar\u00e1, ya sea de inundaci\u00f3n, incendio, sismo o cualquier otro.<\/p>\n<p>&nbsp;<\/p>\n<p>&nbsp;<\/p>\n<p>&nbsp;<\/p>\n<p>\u00abCada quien, dependiendo de su riesgo, solicitar\u00e1 qu\u00e9 tipo de simulacro quiere realizar\u00bb, explic\u00f3 el funcionario estatal.<\/p>\n<p>&nbsp;<\/p>\n<p>&nbsp;<\/p>\n<p>&nbsp;<\/p>\n<p>Para cualquier duda al respecto de este gran simulacro, los interesados se pueden comunicar con Juan Carlos Esp\u00edndola, subdirector de Enlace y Coordinaci\u00f3n con Estados y Municipios de la Coordinaci\u00f3n Nacional de Protecci\u00f3n Civil, en el tel\u00e9fono 55 39 07 55 17 o en el correo electr\u00f3nico juan.espindola@sspc.gob.mx.<\/p>\n<p>&nbsp;<\/p>\n<p>&nbsp;<\/p>\n<p>&nbsp;<\/p>\n<p>Tambi\u00e9n se pueden consultar las redes sociales de la Coordinaci\u00f3n Nacional de Protecci\u00f3n Civil en Facebook y Twitter.<\/p>\n","protected":false},"excerpt":{"rendered":"<p>HERMOSILLO, SONORA,MX.\u2500\u2500 El pr\u00f3ximo mi\u00e9rcoles 19 de abril a las 10:00 de la ma\u00f1ana, se&#8230;<\/p>\n","protected":false},"author":1,"featured_media":161796,"comment_status":"open","ping_status":"open","sticky":false,"template":"","format":"standard","meta":{"_monsterinsights_skip_tracking":false,"_monsterinsights_sitenote_active":false,"_monsterinsights_sitenote_note":"","_monsterinsights_sitenote_category":0,"footnotes":""},"categories":[22],"tags":[1812,6590,572,15],"class_list":["post"],"yoast_head":" \n<title>Sonora en Equipo. Prepara Sonora participaci\u00f3n en el Gran Simulacro Nacional 2023 Sonora<\/title>\n<meta name=\"description\" content=\"HERMOSILLO, SONORA,MX.\u2500\u2500 El pr\u00f3ximo mi\u00e9rcoles 19 de abril a las 10:00 de la ma\u00f1ana, se realizar\u00e1 el Primer Simulacro Nacional 2023, inform\u00f3 la En Sonora en Equipo publicamos toda la informaci\u00f3n de Sonora, M\u00e9xico y el Mundo de manera oportuna y busca que la libertad de expresi\u00f3n sea real. Visita nuestro medio informativo publicado desde Hermosillo, Sonora. %\" \/>\n<meta name=\"robots\" content=\"index, follow, max-snippet:-1, max-image-preview:large, max-video-preview:-1\" \/>\n<link rel=\"canonical\" href=\"https:\/\/www.sonoraenequipo.com.mx\/prepara-sonora-participacion-en-el-gran-simulacro-nacional-2023\/\" \/>\n<meta property=\"og:locale\" content=\"es_ES\" \/>\n<meta property=\"og:type\" content=\"article\" \/>\n<meta property=\"og:title\" content=\"Sonora en Equipo. Prepara Sonora participaci\u00f3n en el Gran Simulacro Nacional 2023 Sonora\" \/>\n<meta property=\"og:description\" content=\"HERMOSILLO, SONORA,MX.\u2500\u2500 El pr\u00f3ximo mi\u00e9rcoles 19 de abril a las 10:00 de la ma\u00f1ana, se realizar\u00e1 el Primer Simulacro Nacional 2023, inform\u00f3 la En Sonora en Equipo publicamos toda la informaci\u00f3n de Sonora, M\u00e9xico y el Mundo de manera oportuna y busca que la libertad de expresi\u00f3n sea real. Visita nuestro medio informativo publicado desde Hermosillo, Sonora. %\" \/>\n<meta property=\"og:url\" content=\"https:\/\/www.sonoraenequipo.com.mx\/prepara-sonora-participacion-en-el-gran-simulacro-nacional-2023\/\" \/>\n<meta property=\"og:site_name\" content=\"Sonora en Equipo.\" \/>\n<meta property=\"article:publisher\" content=\"https:\/\/www.facebook.com\/SonoraEE\/\" \/>\n<meta property=\"article:author\" content=\"https:\/\/www.facebook.com\/SonoraEE\" \/>\n<meta property=\"article:published_time\" content=\"2023-03-27T19:18:38+00:00\" \/>\n<meta property=\"og:image\" content=\"https:\/\/www.sonoraenequipo.com.mx\/storage\/2023\/03\/simulacro.jpg\" \/>\n\t<meta property=\"og:image:width\" content=\"600\" \/>\n\t<meta property=\"og:image:height\" content=\"400\" \/>\n\t<meta property=\"og:image:type\" content=\"image\/jpeg\" \/>\n<meta name=\"author\" content=\"enequipo\" \/>\n<meta name=\"twitter:card\" content=\"summary_large_image\" \/>\n<meta name=\"twitter:creator\" content=\"@sonoraenequipo\" \/>\n<meta name=\"twitter:site\" content=\"@sonoraenequipo\" \/>\n<meta name=\"twitter:label1\" content=\"Escrito por\" \/>\n\t<meta name=\"twitter:data1\" content=\"enequipo\" \/>\n\t<meta name=\"twitter:label2\" content=\"Tiempo de lectura\" \/>\n\t<meta name=\"twitter:data2\" content=\"2 minutos\" \/>\n<script type=\"application\/ld+json\" class=\"yoast-schema-graph\">{\"@context\":\"https:\/\/schema.org\",\"@graph\":[{\"@type\":\"Article\",\"@id\":\"https:\/\/www.sonoraenequipo.com.mx\/prepara-sonora-participacion-en-el-gran-simulacro-nacional-2023\/#article\",\"isPartOf\":{\"@id\":\"https:\/\/www.sonoraenequipo.com.mx\/prepara-sonora-participacion-en-el-gran-simulacro-nacional-2023\/\"},\"author\":{\"name\":\"enequipo\",\"@id\":\"https:\/\/www.sonoraenequipo.com.mx\/#\/schema\/person\/50102df0fb23a8fa9e8effad8fa81386\"},\"headline\":\"Prepara Sonora participaci\u00f3n en el Gran Simulacro Nacional 2023\",\"datePublished\":\"2023-03-27T19:18:38+00:00\",\"mainEntityOfPage\":{\"@id\":\"https:\/\/www.sonoraenequipo.com.mx\/prepara-sonora-participacion-en-el-gran-simulacro-nacional-2023\/\"},\"wordCount\":419,\"commentCount\":0,\"publisher\":{\"@id\":\"https:\/\/www.sonoraenequipo.com.mx\/#organization\"},\"image\":{\"@id\":\"https:\/\/www.sonoraenequipo.com.mx\/prepara-sonora-participacion-en-el-gran-simulacro-nacional-2023\/#primaryimage\"},\"thumbnailUrl\":\"https:\/\/www.sonoraenequipo.com.mx\/storage\/2023\/03\/simulacro.jpg\",\"keywords\":[\"Nacional\",\"simulacro\",\"SISMO\",\"Sonora\"],\"articleSection\":[\"Sonora\"],\"inLanguage\":\"es\",\"potentialAction\":[{\"@type\":\"CommentAction\",\"name\":\"Comment\",\"target\":[\"https:\/\/www.sonoraenequipo.com.mx\/prepara-sonora-participacion-en-el-gran-simulacro-nacional-2023\/#respond\"]}]},{\"@type\":\"WebPage\",\"@id\":\"https:\/\/www.sonoraenequipo.com.mx\/prepara-sonora-participacion-en-el-gran-simulacro-nacional-2023\/\",\"url\":\"https:\/\/www.sonoraenequipo.com.mx\/prepara-sonora-participacion-en-el-gran-simulacro-nacional-2023\/\",\"name\":\"Sonora en Equipo. Prepara Sonora participaci\u00f3n en el Gran Simulacro Nacional 2023 Sonora\",\"isPartOf\":{\"@id\":\"https:\/\/www.sonoraenequipo.com.mx\/#website\"},\"primaryImageOfPage\":{\"@id\":\"https:\/\/www.sonoraenequipo.com.mx\/prepara-sonora-participacion-en-el-gran-simulacro-nacional-2023\/#primaryimage\"},\"image\":{\"@id\":\"https:\/\/www.sonoraenequipo.com.mx\/prepara-sonora-participacion-en-el-gran-simulacro-nacional-2023\/#primaryimage\"},\"thumbnailUrl\":\"https:\/\/www.sonoraenequipo.com.mx\/storage\/2023\/03\/simulacro.jpg\",\"datePublished\":\"2023-03-27T19:18:38+00:00\",\"description\":\"HERMOSILLO, SONORA,MX.\u2500\u2500 El pr\u00f3ximo mi\u00e9rcoles 19 de abril a las 10:00 de la ma\u00f1ana, se realizar\u00e1 el Primer Simulacro Nacional 2023, inform\u00f3 la En Sonora en Equipo publicamos toda la informaci\u00f3n de Sonora, M\u00e9xico y el Mundo de manera oportuna y busca que la libertad de expresi\u00f3n sea real. Visita nuestro medio informativo publicado desde Hermosillo, Sonora. %\",\"breadcrumb\":{\"@id\":\"https:\/\/www.sonoraenequipo.com.mx\/prepara-sonora-participacion-en-el-gran-simulacro-nacional-2023\/#breadcrumb\"},\"inLanguage\":\"es\",\"potentialAction\":[{\"@type\":\"ReadAction\",\"target\":[\"https:\/\/www.sonoraenequipo.com.mx\/prepara-sonora-participacion-en-el-gran-simulacro-nacional-2023\/\"]}]},{\"@type\":\"ImageObject\",\"inLanguage\":\"es\",\"@id\":\"https:\/\/www.sonoraenequipo.com.mx\/prepara-sonora-participacion-en-el-gran-simulacro-nacional-2023\/#primaryimage\",\"url\":\"https:\/\/www.sonoraenequipo.com.mx\/storage\/2023\/03\/simulacro.jpg\",\"contentUrl\":\"https:\/\/www.sonoraenequipo.com.mx\/storage\/2023\/03\/simulacro.jpg\",\"width\":600,\"height\":400},{\"@type\":\"BreadcrumbList\",\"@id\":\"https:\/\/www.sonoraenequipo.com.mx\/prepara-sonora-participacion-en-el-gran-simulacro-nacional-2023\/#breadcrumb\",\"itemListElement\":[{\"@type\":\"ListItem\",\"position\":1,\"name\":\"Portada\",\"item\":\"https:\/\/www.sonoraenequipo.com.mx\/\"},{\"@type\":\"ListItem\",\"position\":2,\"name\":\"Prepara Sonora participaci\u00f3n en el Gran Simulacro Nacional 2023\"}]},{\"@type\":\"WebSite\",\"@id\":\"https:\/\/www.sonoraenequipo.com.mx\/#website\",\"url\":\"https:\/\/www.sonoraenequipo.com.mx\/\",\"name\":\"Sonora en Equipo.\",\"description\":\"Diario en l\u00ednea con Noticias desde Hermosillo, Sonora\",\"publisher\":{\"@id\":\"https:\/\/www.sonoraenequipo.com.mx\/#organization\"},\"potentialAction\":[{\"@type\":\"SearchAction\",\"target\":{\"@type\":\"EntryPoint\",\"urlTemplate\":\"https:\/\/www.sonoraenequipo.com.mx\/?s={search_term_string}\"},\"query-input\":{\"@type\":\"PropertyValueSpecification\",\"valueRequired\":true,\"valueName\":\"search_term_string\"}}],\"inLanguage\":\"es\"},{\"@type\":\"Organization\",\"@id\":\"https:\/\/www.sonoraenequipo.com.mx\/#organization\",\"name\":\"Sonoraenequipo.com.mx\",\"url\":\"https:\/\/www.sonoraenequipo.com.mx\/\",\"logo\":{\"@type\":\"ImageObject\",\"inLanguage\":\"es\",\"@id\":\"https:\/\/www.sonoraenequipo.com.mx\/#\/schema\/logo\/image\/\",\"url\":\"https:\/\/www.sonoraenequipo.com.mx\/storage\/2019\/01\/sonoraenequipo_opt.png\",\"contentUrl\":\"https:\/\/www.sonoraenequipo.com.mx\/storage\/2019\/01\/sonoraenequipo_opt.png\",\"width\":375,\"height\":125,\"caption\":\"Sonoraenequipo.com.mx\"},\"image\":{\"@id\":\"https:\/\/www.sonoraenequipo.com.mx\/#\/schema\/logo\/image\/\"},\"sameAs\":[\"https:\/\/www.facebook.com\/SonoraEE\/\",\"https:\/\/x.com\/sonoraenequipo\",\"https:\/\/www.youtube.com\/channel\/UC338nW-lPEYmJQs4ZABQ1SQ\"]},{\"@type\":\"Person\",\"@id\":\"https:\/\/www.sonoraenequipo.com.mx\/#\/schema\/person\/50102df0fb23a8fa9e8effad8fa81386\",\"name\":\"enequipo\",\"image\":{\"@type\":\"ImageObject\",\"inLanguage\":\"es\",\"@id\":\"https:\/\/www.sonoraenequipo.com.mx\/#\/schema\/person\/image\/\",\"url\":\"https:\/\/secure.gravatar.com\/avatar\/049821681b589dabc0bc20695993ccebb09f5b5d4d790cd9251b97faac7c652b?s=96&d=blank&r=g\",\"contentUrl\":\"https:\/\/secure.gravatar.com\/avatar\/049821681b589dabc0bc20695993ccebb09f5b5d4d790cd9251b97faac7c652b?s=96&d=blank&r=g\",\"caption\":\"enequipo\"},\"sameAs\":[\"https:\/\/www.facebook.com\/SonoraEE\"]}]}<\/script>\n ","yoast_head_json":{"title":"Sonora en Equipo. Prepara Sonora participaci\u00f3n en el Gran Simulacro Nacional 2023 Sonora","description":"HERMOSILLO, SONORA,MX.\u2500\u2500 El pr\u00f3ximo mi\u00e9rcoles 19 de abril a las 10:00 de la ma\u00f1ana, se realizar\u00e1 el Primer Simulacro Nacional 2023, inform\u00f3 la En Sonora en Equipo publicamos toda la informaci\u00f3n de Sonora, M\u00e9xico y el Mundo de manera oportuna y busca que la libertad de expresi\u00f3n sea real. Visita nuestro medio informativo publicado desde Hermosillo, Sonora. %","robots":{"index":"index","follow":"follow","max-snippet":"max-snippet:-1","max-image-preview":"max-image-preview:large","max-video-preview":"max-video-preview:-1"},"canonical":"https:\/\/www.sonoraenequipo.com.mx\/prepara-sonora-participacion-en-el-gran-simulacro-nacional-2023\/","og_locale":"es_ES","og_type":"article","og_title":"Sonora en Equipo. Prepara Sonora participaci\u00f3n en el Gran Simulacro Nacional 2023 Sonora","og_description":"HERMOSILLO, SONORA,MX.\u2500\u2500 El pr\u00f3ximo mi\u00e9rcoles 19 de abril a las 10:00 de la ma\u00f1ana, se realizar\u00e1 el Primer Simulacro Nacional 2023, inform\u00f3 la En Sonora en Equipo publicamos toda la informaci\u00f3n de Sonora, M\u00e9xico y el Mundo de manera oportuna y busca que la libertad de expresi\u00f3n sea real. Visita nuestro medio informativo publicado desde Hermosillo, Sonora. %","og_url":"https:\/\/www.sonoraenequipo.com.mx\/prepara-sonora-participacion-en-el-gran-simulacro-nacional-2023\/","og_site_name":"Sonora en Equipo.","article_publisher":"https:\/\/www.facebook.com\/SonoraEE\/","article_author":"https:\/\/www.facebook.com\/SonoraEE","article_published_time":"2023-03-27T19:18:38+00:00","og_image":[{"width":600,"height":400,"url":"https:\/\/www.sonoraenequipo.com.mx\/storage\/2023\/03\/simulacro.jpg","type":"image\/jpeg"}],"author":"enequipo","twitter_card":"summary_large_image","twitter_creator":"@sonoraenequipo","twitter_site":"@sonoraenequipo","twitter_misc":{"Escrito por":"enequipo","Tiempo de lectura":"2 minutos"},"schema":{"@context":"https:\/\/schema.org","@graph":[{"@type":"Article","@id":"https:\/\/www.sonoraenequipo.com.mx\/prepara-sonora-participacion-en-el-gran-simulacro-nacional-2023\/#article","isPartOf":{"@id":"https:\/\/www.sonoraenequipo.com.mx\/prepara-sonora-participacion-en-el-gran-simulacro-nacional-2023\/"},"author":{"name":"enequipo","@id":"https:\/\/www.sonoraenequipo.com.mx\/#\/schema\/person\/50102df0fb23a8fa9e8effad8fa81386"},"headline":"Prepara Sonora participaci\u00f3n en el Gran Simulacro Nacional 2023","datePublished":"2023-03-27T19:18:38+00:00","mainEntityOfPage":{"@id":"https:\/\/www.sonoraenequipo.com.mx\/prepara-sonora-participacion-en-el-gran-simulacro-nacional-2023\/"},"wordCount":419,"commentCount":0,"publisher":{"@id":"https:\/\/www.sonoraenequipo.com.mx\/#organization"},"image":{"@id":"https:\/\/www.sonoraenequipo.com.mx\/prepara-sonora-participacion-en-el-gran-simulacro-nacional-2023\/#primaryimage"},"thumbnailUrl":"https:\/\/www.sonoraenequipo.com.mx\/storage\/2023\/03\/simulacro.jpg","keywords":["Nacional","simulacro","SISMO","Sonora"],"articleSection":["Sonora"],"inLanguage":"es","potentialAction":[{"@type":"CommentAction","name":"Comment","target":["https:\/\/www.sonoraenequipo.com.mx\/prepara-sonora-participacion-en-el-gran-simulacro-nacional-2023\/#respond"]}]},{"@type":"WebPage","@id":"https:\/\/www.sonoraenequipo.com.mx\/prepara-sonora-participacion-en-el-gran-simulacro-nacional-2023\/","url":"https:\/\/www.sonoraenequipo.com.mx\/prepara-sonora-participacion-en-el-gran-simulacro-nacional-2023\/","name":"Sonora en Equipo. Prepara Sonora participaci\u00f3n en el Gran Simulacro Nacional 2023 Sonora","isPartOf":{"@id":"https:\/\/www.sonoraenequipo.com.mx\/#website"},"primaryImageOfPage":{"@id":"https:\/\/www.sonoraenequipo.com.mx\/prepara-sonora-participacion-en-el-gran-simulacro-nacional-2023\/#primaryimage"},"image":{"@id":"https:\/\/www.sonoraenequipo.com.mx\/prepara-sonora-participacion-en-el-gran-simulacro-nacional-2023\/#primaryimage"},"thumbnailUrl":"https:\/\/www.sonoraenequipo.com.mx\/storage\/2023\/03\/simulacro.jpg","datePublished":"2023-03-27T19:18:38+00:00","description":"HERMOSILLO, SONORA,MX.\u2500\u2500 El pr\u00f3ximo mi\u00e9rcoles 19 de abril a las 10:00 de la ma\u00f1ana, se realizar\u00e1 el Primer Simulacro Nacional 2023, inform\u00f3 la En Sonora en Equipo publicamos toda la informaci\u00f3n de Sonora, M\u00e9xico y el Mundo de manera oportuna y busca que la libertad de expresi\u00f3n sea real. Visita nuestro medio informativo publicado desde Hermosillo, Sonora. %","breadcrumb":{"@id":"https:\/\/www.sonoraenequipo.com.mx\/prepara-sonora-participacion-en-el-gran-simulacro-nacional-2023\/#breadcrumb"},"inLanguage":"es","potentialAction":[{"@type":"ReadAction","target":["https:\/\/www.sonoraenequipo.com.mx\/prepara-sonora-participacion-en-el-gran-simulacro-nacional-2023\/"]}]},{"@type":"ImageObject","inLanguage":"es","@id":"https:\/\/www.sonoraenequipo.com.mx\/prepara-sonora-participacion-en-el-gran-simulacro-nacional-2023\/#primaryimage","url":"https:\/\/www.sonoraenequipo.com.mx\/storage\/2023\/03\/simulacro.jpg","contentUrl":"https:\/\/www.sonoraenequipo.com.mx\/storage\/2023\/03\/simulacro.jpg","width":600,"height":400},{"@type":"BreadcrumbList","@id":"https:\/\/www.sonoraenequipo.com.mx\/prepara-sonora-participacion-en-el-gran-simulacro-nacional-2023\/#breadcrumb","itemListElement":[{"@type":"ListItem","position":1,"name":"Portada","item":"https:\/\/www.sonoraenequipo.com.mx\/"},{"@type":"ListItem","position":2,"name":"Prepara Sonora participaci\u00f3n en el Gran Simulacro Nacional 2023"}]},{"@type":"WebSite","@id":"https:\/\/www.sonoraenequipo.com.mx\/#website","url":"https:\/\/www.sonoraenequipo.com.mx\/","name":"Sonora en Equipo.","description":"Diario en l\u00ednea con Noticias desde Hermosillo, Sonora","publisher":{"@id":"https:\/\/www.sonoraenequipo.com.mx\/#organization"},"potentialAction":[{"@type":"SearchAction","target":{"@type":"EntryPoint","urlTemplate":"https:\/\/www.sonoraenequipo.com.mx\/?s={search_term_string}"},"query-input":{"@type":"PropertyValueSpecification","valueRequired":true,"valueName":"search_term_string"}}],"inLanguage":"es"},{"@type":"Organization","@id":"https:\/\/www.sonoraenequipo.com.mx\/#organization","name":"Sonoraenequipo.com.mx","url":"https:\/\/www.sonoraenequipo.com.mx\/","logo":{"@type":"ImageObject","inLanguage":"es","@id":"https:\/\/www.sonoraenequipo.com.mx\/#\/schema\/logo\/image\/","url":"https:\/\/www.sonoraenequipo.com.mx\/storage\/2019\/01\/sonoraenequipo_opt.png","contentUrl":"https:\/\/www.sonoraenequipo.com.mx\/storage\/2019\/01\/sonoraenequipo_opt.png","width":375,"height":125,"caption":"Sonoraenequipo.com.mx"},"image":{"@id":"https:\/\/www.sonoraenequipo.com.mx\/#\/schema\/logo\/image\/"},"sameAs":["https:\/\/www.facebook.com\/SonoraEE\/","https:\/\/x.com\/sonoraenequipo","https:\/\/www.youtube.com\/channel\/UC338nW-lPEYmJQs4ZABQ1SQ"]},{"@type":"Person","@id":"https:\/\/www.sonoraenequipo.com.mx\/#\/schema\/person\/50102df0fb23a8fa9e8effad8fa81386","name":"enequipo","image":{"@type":"ImageObject","inLanguage":"es","@id":"https:\/\/www.sonoraenequipo.com.mx\/#\/schema\/person\/image\/","url":"https:\/\/secure.gravatar.com\/avatar\/049821681b589dabc0bc20695993ccebb09f5b5d4d790cd9251b97faac7c652b?s=96&d=blank&r=g","contentUrl":"https:\/\/secure.gravatar.com\/avatar\/049821681b589dabc0bc20695993ccebb09f5b5d4d790cd9251b97faac7c652b?s=96&d=blank&r=g","caption":"enequipo"},"sameAs":["https:\/\/www.facebook.com\/SonoraEE"]}]}},"jetpack_featured_media_url":"https:\/\/www.sonoraenequipo.com.mx\/storage\/2023\/03\/simulacro.jpg","_links":{"self":[{"href":"https:\/\/www.sonoraenequipo.com.mx\/api\/wp\/v2\/posts\/161795","targetHints":{"allow":["GET"]}}],"collection":[{"href":"https:\/\/www.sonoraenequipo.com.mx\/api\/wp\/v2\/posts"}],"about":[{"href":"https:\/\/www.sonoraenequipo.com.mx\/api\/wp\/v2\/types\/post"}],"author":[{"embeddable":true,"href":"https:\/\/www.sonoraenequipo.com.mx\/api\/wp\/v2\/users\/1"}],"replies":[{"embeddable":true,"href":"https:\/\/www.sonoraenequipo.com.mx\/api\/wp\/v2\/comments?post=161795"}],"version-history":[{"count":1,"href":"https:\/\/www.sonoraenequipo.com.mx\/api\/wp\/v2\/posts\/161795\/revisions"}],"predecessor-version":[{"id":161797,"href":"https:\/\/www.sonoraenequipo.com.mx\/api\/wp\/v2\/posts\/161795\/revisions\/161797"}],"wp:featuredmedia":[{"embeddable":true,"href":"https:\/\/www.sonoraenequipo.com.mx\/api\/wp\/v2\/media\/161796"}],"wp:attachment":[{"href":"https:\/\/www.sonoraenequipo.com.mx\/api\/wp\/v2\/media?parent=161795"}],"wp:term":[{"taxonomy":"category","embeddable":true,"href":"https:\/\/www.sonoraenequipo.com.mx\/api\/wp\/v2\/categories?post=161795"},{"taxonomy":"post_tag","embeddable":true,"href":"https:\/\/www.sonoraenequipo.com.mx\/api\/wp\/v2\/tags?post=161795"}],"curies":[{"name":"wp","href":"https:\/\/api.w.org\/{rel}","templated":true}]}}